{"id":111364,"date":"2023-03-21T13:12:08","date_gmt":"2023-03-21T16:12:08","guid":{"rendered":"https:\/\/noticiasmercedinas.com\/site\/?p=111364"},"modified":"2023-03-21T13:12:08","modified_gmt":"2023-03-21T16:12:08","slug":"wado-de-pedro-no-veo-el-curro-de-que-te-maten-a-tus-viejos","status":"publish","type":"post","link":"https:\/\/noticiasmercedinas.com\/site\/2023\/03\/21\/wado-de-pedro-no-veo-el-curro-de-que-te-maten-a-tus-viejos\/","title":{"rendered":"Wado de Pedro: \u00abNo veo el curro de que te maten a tus viejos\u00bb"},"content":{"rendered":"<p><img loading=\"lazy\" decoding=\"async\" class=\"alignnone size-full wp-image-111365\" src=\"https:\/\/noticiasmercedinas.com\/site\/wp-content\/uploads\/2023\/03\/DSC_4467.jpg\" alt=\"\" width=\"640\" height=\"426\" srcset=\"https:\/\/noticiasmercedinas.com\/site\/wp-content\/uploads\/2023\/03\/DSC_4467.jpg 640w, https:\/\/noticiasmercedinas.com\/site\/wp-content\/uploads\/2023\/03\/DSC_4467-300x200.jpg 300w\" sizes=\"auto, (max-width: 640px) 100vw, 640px\" \/><\/p>\n<p>El ministro del Interior, Wado de Pedro, sali\u00f3 al cruce del ex presidente Mauricio Macri, quien durante una actividad p\u00fablica manifest\u00f3, una vez m\u00e1s, que iba a \u00abpelear contra el curro de los Derechos Humanos\u00bb. En ese sentido, el titular de Interior sostuvo: \u00ablos Derechos Humanos son la base de nuestra Democracia y un ejemplo en todo el mundo, la lucha de las Madres y Abuelas una gu\u00eda, la de mis compa\u00f1eros y compa\u00f1eras de HIJOS, un orgullo. Pero adem\u00e1s son un punto de partida\u00bb.<\/p>\n<p>\u00abNo veo el \u201ccurro\u201d de que te maten a tus viejos o los secuestren frente a tus ojos, que siendo un beb\u00e9 te entreguen a otra familia para que te cr\u00ede con una identidad falsa. No s\u00e9 cu\u00e1l ser\u00eda el \u201ccurro\u201d de que asesinen o desaparezcan a tus hijos. O el \u201ccurro\u201d de pasarte m\u00e1s de 40 a\u00f1os buscando a tus nietos\u00bb, reafirm\u00f3 de Pedro en un texto publicado en sus redes.<\/p>\n<p>A la vez, traz\u00f3 una comparaci\u00f3n para responderle al ex presidente: \u00ablo que es f\u00e1cil es darse cuenta de lo que s\u00ed es un curro: que la dictadura estatice la deuda de tu grupo empresario, robarle las cloacas a los vecinos, el contrabando, los peajes y los parques e\u00f3licos. O el mayor curro de los \u00faltimos a\u00f1os: una deuda impagable de la que no qued\u00f3 ni un d\u00f3lar\u00bb.<\/p>\n<p>Para cerrar, enfatiz\u00f3: \u00abes con m\u00e1s Derechos Humanos y con una agenda del siglo XXI que incorpore los derechos econ\u00f3micos, sociales y culturales es que podremos construir una Democracia m\u00e1s fuerte y plena que pueda saldar sus deudas pendientes con los argentinos y las argentinas\u00bb.<\/p>\n","protected":false},"excerpt":{"rendered":"<p>\u25a0\u00a0\u00abEl mayor es la deuda impagable de lo que no qued\u00f3 ni un d\u00f3lar\u00bb, sentenci\u00f3 el ministro del Interior. Sali\u00f3 al cruce de Mauricio Macri, que dijo que iba a \u00abpelear contra el curro de los Derechos Humanos\u00bb.<\/p>\n","protected":false},"author":16,"featured_media":111365,"comment_status":"closed","ping_status":"closed","sticky":false,"template":"","format":"standard","meta":{"footnotes":""},"categories":[16],"tags":[772,768,548,4963],"class_list":["post-111364","post","type-post","status-publish","format-standard","has-post-thumbnail","hentry","category-politica","tag-ddhh","tag-dictadura","tag-mauricio-macri","tag-wado-de-pedro"],"yoast_head":"<!-- This site is optimized with the Yoast SEO plugin v27.5 - https:\/\/yoast.com\/product\/yoast-seo-wordpress\/ -->\n<title>Wado de Pedro: &quot;No veo el curro de que te maten a tus viejos&quot;<\/title>\n<meta name=\"robots\" content=\"index, follow, max-snippet:-1, max-image-preview:large, max-video-preview:-1\" \/>\n<link rel=\"canonical\" href=\"https:\/\/noticiasmercedinas.com\/site\/2023\/03\/21\/wado-de-pedro-no-veo-el-curro-de-que-te-maten-a-tus-viejos\/\" \/>\n<meta property=\"og:locale\" content=\"es_ES\" \/>\n<meta property=\"og:type\" content=\"article\" \/>\n<meta property=\"og:title\" content=\"Wado de Pedro: &quot;No veo el curro de que te maten a tus viejos&quot;\" \/>\n<meta property=\"og:description\" content=\"\u25a0\u00a0&quot;El mayor es la deuda impagable de lo que no qued\u00f3 ni un d\u00f3lar&quot;, sentenci\u00f3 el ministro del Interior. Sali\u00f3 al cruce de Mauricio Macri, que dijo que iba a &quot;pelear contra el curro de los Derechos Humanos&quot;.\" \/>\n<meta property=\"og:url\" content=\"https:\/\/noticiasmercedinas.com\/site\/2023\/03\/21\/wado-de-pedro-no-veo-el-curro-de-que-te-maten-a-tus-viejos\/\" \/>\n<meta property=\"og:site_name\" content=\"NOTICIASMERCEDINAS.COM\" \/>\n<meta property=\"article:publisher\" content=\"https:\/\/www.facebook.com\/noticiasmercedinas\/\" \/>\n<meta property=\"article:published_time\" content=\"2023-03-21T16:12:08+00:00\" \/>\n<meta property=\"og:image\" content=\"https:\/\/noticiasmercedinas.com\/site\/wp-content\/uploads\/2023\/03\/DSC_4467.jpg\" \/>\n\t<meta property=\"og:image:width\" content=\"640\" \/>\n\t<meta property=\"og:image:height\" content=\"426\" \/>\n\t<meta property=\"og:image:type\" content=\"image\/jpeg\" \/>\n<meta name=\"author\" content=\"NOTICIASMERCEDINAS.COM\" \/>\n<meta name=\"twitter:card\" content=\"summary_large_image\" \/>\n<meta name=\"twitter:creator\" content=\"@notmercedinas\" \/>\n<meta name=\"twitter:site\" content=\"@notmercedinas\" \/>\n<meta name=\"twitter:label1\" content=\"Escrito por\" \/>\n\t<meta name=\"twitter:data1\" content=\"NOTICIASMERCEDINAS.COM\" \/>\n\t<meta name=\"twitter:label2\" content=\"Tiempo de lectura\" \/>\n\t<meta name=\"twitter:data2\" content=\"2 minutos\" \/>\n<script type=\"application\/ld+json\" class=\"yoast-schema-graph\">{\"@context\":\"https:\\\/\\\/schema.org\",\"@graph\":[{\"@type\":\"Article\",\"@id\":\"https:\\\/\\\/noticiasmercedinas.com\\\/site\\\/2023\\\/03\\\/21\\\/wado-de-pedro-no-veo-el-curro-de-que-te-maten-a-tus-viejos\\\/#article\",\"isPartOf\":{\"@id\":\"https:\\\/\\\/noticiasmercedinas.com\\\/site\\\/2023\\\/03\\\/21\\\/wado-de-pedro-no-veo-el-curro-de-que-te-maten-a-tus-viejos\\\/\"},\"author\":{\"name\":\"NOTICIASMERCEDINAS.COM\",\"@id\":\"https:\\\/\\\/noticiasmercedinas.com\\\/site\\\/#\\\/schema\\\/person\\\/84b59c099c28ff2e8b77d4ceec5d8063\"},\"headline\":\"Wado de Pedro: \u00abNo veo el curro de que te maten a tus viejos\u00bb\",\"datePublished\":\"2023-03-21T16:12:08+00:00\",\"mainEntityOfPage\":{\"@id\":\"https:\\\/\\\/noticiasmercedinas.com\\\/site\\\/2023\\\/03\\\/21\\\/wado-de-pedro-no-veo-el-curro-de-que-te-maten-a-tus-viejos\\\/\"},\"wordCount\":302,\"publisher\":{\"@id\":\"https:\\\/\\\/noticiasmercedinas.com\\\/site\\\/#organization\"},\"image\":{\"@id\":\"https:\\\/\\\/noticiasmercedinas.com\\\/site\\\/2023\\\/03\\\/21\\\/wado-de-pedro-no-veo-el-curro-de-que-te-maten-a-tus-viejos\\\/#primaryimage\"},\"thumbnailUrl\":\"https:\\\/\\\/noticiasmercedinas.com\\\/site\\\/wp-content\\\/uploads\\\/2023\\\/03\\\/DSC_4467.jpg\",\"keywords\":[\"DDHH\",\"dictadura\",\"mauricio macri\",\"wado de pedro\"],\"articleSection\":[\"Politica\"],\"inLanguage\":\"es\"},{\"@type\":\"WebPage\",\"@id\":\"https:\\\/\\\/noticiasmercedinas.com\\\/site\\\/2023\\\/03\\\/21\\\/wado-de-pedro-no-veo-el-curro-de-que-te-maten-a-tus-viejos\\\/\",\"url\":\"https:\\\/\\\/noticiasmercedinas.com\\\/site\\\/2023\\\/03\\\/21\\\/wado-de-pedro-no-veo-el-curro-de-que-te-maten-a-tus-viejos\\\/\",\"name\":\"Wado de Pedro: \\\"No veo el curro de que te maten a tus viejos\\\"\",\"isPartOf\":{\"@id\":\"https:\\\/\\\/noticiasmercedinas.com\\\/site\\\/#website\"},\"primaryImageOfPage\":{\"@id\":\"https:\\\/\\\/noticiasmercedinas.com\\\/site\\\/2023\\\/03\\\/21\\\/wado-de-pedro-no-veo-el-curro-de-que-te-maten-a-tus-viejos\\\/#primaryimage\"},\"image\":{\"@id\":\"https:\\\/\\\/noticiasmercedinas.com\\\/site\\\/2023\\\/03\\\/21\\\/wado-de-pedro-no-veo-el-curro-de-que-te-maten-a-tus-viejos\\\/#primaryimage\"},\"thumbnailUrl\":\"https:\\\/\\\/noticiasmercedinas.com\\\/site\\\/wp-content\\\/uploads\\\/2023\\\/03\\\/DSC_4467.jpg\",\"datePublished\":\"2023-03-21T16:12:08+00:00\",\"breadcrumb\":{\"@id\":\"https:\\\/\\\/noticiasmercedinas.com\\\/site\\\/2023\\\/03\\\/21\\\/wado-de-pedro-no-veo-el-curro-de-que-te-maten-a-tus-viejos\\\/#breadcrumb\"},\"inLanguage\":\"es\",\"potentialAction\":[{\"@type\":\"ReadAction\",\"target\":[\"https:\\\/\\\/noticiasmercedinas.com\\\/site\\\/2023\\\/03\\\/21\\\/wado-de-pedro-no-veo-el-curro-de-que-te-maten-a-tus-viejos\\\/\"]}]},{\"@type\":\"ImageObject\",\"inLanguage\":\"es\",\"@id\":\"https:\\\/\\\/noticiasmercedinas.com\\\/site\\\/2023\\\/03\\\/21\\\/wado-de-pedro-no-veo-el-curro-de-que-te-maten-a-tus-viejos\\\/#primaryimage\",\"url\":\"https:\\\/\\\/noticiasmercedinas.com\\\/site\\\/wp-content\\\/uploads\\\/2023\\\/03\\\/DSC_4467.jpg\",\"contentUrl\":\"https:\\\/\\\/noticiasmercedinas.com\\\/site\\\/wp-content\\\/uploads\\\/2023\\\/03\\\/DSC_4467.jpg\",\"width\":640,\"height\":426},{\"@type\":\"BreadcrumbList\",\"@id\":\"https:\\\/\\\/noticiasmercedinas.com\\\/site\\\/2023\\\/03\\\/21\\\/wado-de-pedro-no-veo-el-curro-de-que-te-maten-a-tus-viejos\\\/#breadcrumb\",\"itemListElement\":[{\"@type\":\"ListItem\",\"position\":1,\"name\":\"Portada\",\"item\":\"https:\\\/\\\/noticiasmercedinas.com\\\/site\\\/\"},{\"@type\":\"ListItem\",\"position\":2,\"name\":\"Wado de Pedro: \u00abNo veo el curro de que te maten a tus viejos\u00bb\"}]},{\"@type\":\"WebSite\",\"@id\":\"https:\\\/\\\/noticiasmercedinas.com\\\/site\\\/#website\",\"url\":\"https:\\\/\\\/noticiasmercedinas.com\\\/site\\\/\",\"name\":\"NOTICIASMERCEDINAS.COM\",\"description\":\"Mercedes, Buenos Aires, Argentina\",\"publisher\":{\"@id\":\"https:\\\/\\\/noticiasmercedinas.com\\\/site\\\/#organization\"},\"potentialAction\":[{\"@type\":\"SearchAction\",\"target\":{\"@type\":\"EntryPoint\",\"urlTemplate\":\"https:\\\/\\\/noticiasmercedinas.com\\\/site\\\/?s={search_term_string}\"},\"query-input\":{\"@type\":\"PropertyValueSpecification\",\"valueRequired\":true,\"valueName\":\"search_term_string\"}}],\"inLanguage\":\"es\"},{\"@type\":\"Organization\",\"@id\":\"https:\\\/\\\/noticiasmercedinas.com\\\/site\\\/#organization\",\"name\":\"NOTICIASMERCEDINAS.COM\",\"url\":\"https:\\\/\\\/noticiasmercedinas.com\\\/site\\\/\",\"logo\":{\"@type\":\"ImageObject\",\"inLanguage\":\"es\",\"@id\":\"https:\\\/\\\/noticiasmercedinas.com\\\/site\\\/#\\\/schema\\\/logo\\\/image\\\/\",\"url\":\"https:\\\/\\\/noticiasmercedinas.com\\\/site\\\/wp-content\\\/uploads\\\/2020\\\/06\\\/LOGO-512.jpg\",\"contentUrl\":\"https:\\\/\\\/noticiasmercedinas.com\\\/site\\\/wp-content\\\/uploads\\\/2020\\\/06\\\/LOGO-512.jpg\",\"width\":512,\"height\":512,\"caption\":\"NOTICIASMERCEDINAS.COM\"},\"image\":{\"@id\":\"https:\\\/\\\/noticiasmercedinas.com\\\/site\\\/#\\\/schema\\\/logo\\\/image\\\/\"},\"sameAs\":[\"https:\\\/\\\/www.facebook.com\\\/noticiasmercedinas\\\/\",\"https:\\\/\\\/x.com\\\/notmercedinas\",\"https:\\\/\\\/www.instagram.com\\\/noticiasmercedinas\\\/\"]},{\"@type\":\"Person\",\"@id\":\"https:\\\/\\\/noticiasmercedinas.com\\\/site\\\/#\\\/schema\\\/person\\\/84b59c099c28ff2e8b77d4ceec5d8063\",\"name\":\"NOTICIASMERCEDINAS.COM\",\"image\":{\"@type\":\"ImageObject\",\"inLanguage\":\"es\",\"@id\":\"https:\\\/\\\/secure.gravatar.com\\\/avatar\\\/4dfbf16b4d17945bfb6341b2d19043457132fcf478a5ee04f42e959fd8f5df0a?s=96&d=mm&r=g\",\"url\":\"https:\\\/\\\/secure.gravatar.com\\\/avatar\\\/4dfbf16b4d17945bfb6341b2d19043457132fcf478a5ee04f42e959fd8f5df0a?s=96&d=mm&r=g\",\"contentUrl\":\"https:\\\/\\\/secure.gravatar.com\\\/avatar\\\/4dfbf16b4d17945bfb6341b2d19043457132fcf478a5ee04f42e959fd8f5df0a?s=96&d=mm&r=g\",\"caption\":\"NOTICIASMERCEDINAS.COM\"},\"url\":\"https:\\\/\\\/noticiasmercedinas.com\\\/site\\\/author\\\/anonimo\\\/\"}]}<\/script>\n<!-- \/ Yoast SEO plugin. -->","yoast_head_json":{"title":"Wado de Pedro: \"No veo el curro de que te maten a tus viejos\"","robots":{"index":"index","follow":"follow","max-snippet":"max-snippet:-1","max-image-preview":"max-image-preview:large","max-video-preview":"max-video-preview:-1"},"canonical":"https:\/\/noticiasmercedinas.com\/site\/2023\/03\/21\/wado-de-pedro-no-veo-el-curro-de-que-te-maten-a-tus-viejos\/","og_locale":"es_ES","og_type":"article","og_title":"Wado de Pedro: \"No veo el curro de que te maten a tus viejos\"","og_description":"\u25a0\u00a0\"El mayor es la deuda impagable de lo que no qued\u00f3 ni un d\u00f3lar\", sentenci\u00f3 el ministro del Interior. Sali\u00f3 al cruce de Mauricio Macri, que dijo que iba a \"pelear contra el curro de los Derechos Humanos\".","og_url":"https:\/\/noticiasmercedinas.com\/site\/2023\/03\/21\/wado-de-pedro-no-veo-el-curro-de-que-te-maten-a-tus-viejos\/","og_site_name":"NOTICIASMERCEDINAS.COM","article_publisher":"https:\/\/www.facebook.com\/noticiasmercedinas\/","article_published_time":"2023-03-21T16:12:08+00:00","og_image":[{"width":640,"height":426,"url":"https:\/\/noticiasmercedinas.com\/site\/wp-content\/uploads\/2023\/03\/DSC_4467.jpg","type":"image\/jpeg"}],"author":"NOTICIASMERCEDINAS.COM","twitter_card":"summary_large_image","twitter_creator":"@notmercedinas","twitter_site":"@notmercedinas","twitter_misc":{"Escrito por":"NOTICIASMERCEDINAS.COM","Tiempo de lectura":"2 minutos"},"schema":{"@context":"https:\/\/schema.org","@graph":[{"@type":"Article","@id":"https:\/\/noticiasmercedinas.com\/site\/2023\/03\/21\/wado-de-pedro-no-veo-el-curro-de-que-te-maten-a-tus-viejos\/#article","isPartOf":{"@id":"https:\/\/noticiasmercedinas.com\/site\/2023\/03\/21\/wado-de-pedro-no-veo-el-curro-de-que-te-maten-a-tus-viejos\/"},"author":{"name":"NOTICIASMERCEDINAS.COM","@id":"https:\/\/noticiasmercedinas.com\/site\/#\/schema\/person\/84b59c099c28ff2e8b77d4ceec5d8063"},"headline":"Wado de Pedro: \u00abNo veo el curro de que te maten a tus viejos\u00bb","datePublished":"2023-03-21T16:12:08+00:00","mainEntityOfPage":{"@id":"https:\/\/noticiasmercedinas.com\/site\/2023\/03\/21\/wado-de-pedro-no-veo-el-curro-de-que-te-maten-a-tus-viejos\/"},"wordCount":302,"publisher":{"@id":"https:\/\/noticiasmercedinas.com\/site\/#organization"},"image":{"@id":"https:\/\/noticiasmercedinas.com\/site\/2023\/03\/21\/wado-de-pedro-no-veo-el-curro-de-que-te-maten-a-tus-viejos\/#primaryimage"},"thumbnailUrl":"https:\/\/noticiasmercedinas.com\/site\/wp-content\/uploads\/2023\/03\/DSC_4467.jpg","keywords":["DDHH","dictadura","mauricio macri","wado de pedro"],"articleSection":["Politica"],"inLanguage":"es"},{"@type":"WebPage","@id":"https:\/\/noticiasmercedinas.com\/site\/2023\/03\/21\/wado-de-pedro-no-veo-el-curro-de-que-te-maten-a-tus-viejos\/","url":"https:\/\/noticiasmercedinas.com\/site\/2023\/03\/21\/wado-de-pedro-no-veo-el-curro-de-que-te-maten-a-tus-viejos\/","name":"Wado de Pedro: \"No veo el curro de que te maten a tus viejos\"","isPartOf":{"@id":"https:\/\/noticiasmercedinas.com\/site\/#website"},"primaryImageOfPage":{"@id":"https:\/\/noticiasmercedinas.com\/site\/2023\/03\/21\/wado-de-pedro-no-veo-el-curro-de-que-te-maten-a-tus-viejos\/#primaryimage"},"image":{"@id":"https:\/\/noticiasmercedinas.com\/site\/2023\/03\/21\/wado-de-pedro-no-veo-el-curro-de-que-te-maten-a-tus-viejos\/#primaryimage"},"thumbnailUrl":"https:\/\/noticiasmercedinas.com\/site\/wp-content\/uploads\/2023\/03\/DSC_4467.jpg","datePublished":"2023-03-21T16:12:08+00:00","breadcrumb":{"@id":"https:\/\/noticiasmercedinas.com\/site\/2023\/03\/21\/wado-de-pedro-no-veo-el-curro-de-que-te-maten-a-tus-viejos\/#breadcrumb"},"inLanguage":"es","potentialAction":[{"@type":"ReadAction","target":["https:\/\/noticiasmercedinas.com\/site\/2023\/03\/21\/wado-de-pedro-no-veo-el-curro-de-que-te-maten-a-tus-viejos\/"]}]},{"@type":"ImageObject","inLanguage":"es","@id":"https:\/\/noticiasmercedinas.com\/site\/2023\/03\/21\/wado-de-pedro-no-veo-el-curro-de-que-te-maten-a-tus-viejos\/#primaryimage","url":"https:\/\/noticiasmercedinas.com\/site\/wp-content\/uploads\/2023\/03\/DSC_4467.jpg","contentUrl":"https:\/\/noticiasmercedinas.com\/site\/wp-content\/uploads\/2023\/03\/DSC_4467.jpg","width":640,"height":426},{"@type":"BreadcrumbList","@id":"https:\/\/noticiasmercedinas.com\/site\/2023\/03\/21\/wado-de-pedro-no-veo-el-curro-de-que-te-maten-a-tus-viejos\/#breadcrumb","itemListElement":[{"@type":"ListItem","position":1,"name":"Portada","item":"https:\/\/noticiasmercedinas.com\/site\/"},{"@type":"ListItem","position":2,"name":"Wado de Pedro: \u00abNo veo el curro de que te maten a tus viejos\u00bb"}]},{"@type":"WebSite","@id":"https:\/\/noticiasmercedinas.com\/site\/#website","url":"https:\/\/noticiasmercedinas.com\/site\/","name":"NOTICIASMERCEDINAS.COM","description":"Mercedes, Buenos Aires, Argentina","publisher":{"@id":"https:\/\/noticiasmercedinas.com\/site\/#organization"},"potentialAction":[{"@type":"SearchAction","target":{"@type":"EntryPoint","urlTemplate":"https:\/\/noticiasmercedinas.com\/site\/?s={search_term_string}"},"query-input":{"@type":"PropertyValueSpecification","valueRequired":true,"valueName":"search_term_string"}}],"inLanguage":"es"},{"@type":"Organization","@id":"https:\/\/noticiasmercedinas.com\/site\/#organization","name":"NOTICIASMERCEDINAS.COM","url":"https:\/\/noticiasmercedinas.com\/site\/","logo":{"@type":"ImageObject","inLanguage":"es","@id":"https:\/\/noticiasmercedinas.com\/site\/#\/schema\/logo\/image\/","url":"https:\/\/noticiasmercedinas.com\/site\/wp-content\/uploads\/2020\/06\/LOGO-512.jpg","contentUrl":"https:\/\/noticiasmercedinas.com\/site\/wp-content\/uploads\/2020\/06\/LOGO-512.jpg","width":512,"height":512,"caption":"NOTICIASMERCEDINAS.COM"},"image":{"@id":"https:\/\/noticiasmercedinas.com\/site\/#\/schema\/logo\/image\/"},"sameAs":["https:\/\/www.facebook.com\/noticiasmercedinas\/","https:\/\/x.com\/notmercedinas","https:\/\/www.instagram.com\/noticiasmercedinas\/"]},{"@type":"Person","@id":"https:\/\/noticiasmercedinas.com\/site\/#\/schema\/person\/84b59c099c28ff2e8b77d4ceec5d8063","name":"NOTICIASMERCEDINAS.COM","image":{"@type":"ImageObject","inLanguage":"es","@id":"https:\/\/secure.gravatar.com\/avatar\/4dfbf16b4d17945bfb6341b2d19043457132fcf478a5ee04f42e959fd8f5df0a?s=96&d=mm&r=g","url":"https:\/\/secure.gravatar.com\/avatar\/4dfbf16b4d17945bfb6341b2d19043457132fcf478a5ee04f42e959fd8f5df0a?s=96&d=mm&r=g","contentUrl":"https:\/\/secure.gravatar.com\/avatar\/4dfbf16b4d17945bfb6341b2d19043457132fcf478a5ee04f42e959fd8f5df0a?s=96&d=mm&r=g","caption":"NOTICIASMERCEDINAS.COM"},"url":"https:\/\/noticiasmercedinas.com\/site\/author\/anonimo\/"}]}},"amp_enabled":true,"_links":{"self":[{"href":"https:\/\/noticiasmercedinas.com\/site\/wp-json\/wp\/v2\/posts\/111364","targetHints":{"allow":["GET"]}}],"collection":[{"href":"https:\/\/noticiasmercedinas.com\/site\/wp-json\/wp\/v2\/posts"}],"about":[{"href":"https:\/\/noticiasmercedinas.com\/site\/wp-json\/wp\/v2\/types\/post"}],"author":[{"embeddable":true,"href":"https:\/\/noticiasmercedinas.com\/site\/wp-json\/wp\/v2\/users\/16"}],"replies":[{"embeddable":true,"href":"https:\/\/noticiasmercedinas.com\/site\/wp-json\/wp\/v2\/comments?post=111364"}],"version-history":[{"count":1,"href":"https:\/\/noticiasmercedinas.com\/site\/wp-json\/wp\/v2\/posts\/111364\/revisions"}],"predecessor-version":[{"id":111366,"href":"https:\/\/noticiasmercedinas.com\/site\/wp-json\/wp\/v2\/posts\/111364\/revisions\/111366"}],"wp:featuredmedia":[{"embeddable":true,"href":"https:\/\/noticiasmercedinas.com\/site\/wp-json\/wp\/v2\/media\/111365"}],"wp:attachment":[{"href":"https:\/\/noticiasmercedinas.com\/site\/wp-json\/wp\/v2\/media?parent=111364"}],"wp:term":[{"taxonomy":"category","embeddable":true,"href":"https:\/\/noticiasmercedinas.com\/site\/wp-json\/wp\/v2\/categories?post=111364"},{"taxonomy":"post_tag","embeddable":true,"href":"https:\/\/noticiasmercedinas.com\/site\/wp-json\/wp\/v2\/tags?post=111364"}],"curies":[{"name":"wp","href":"https:\/\/api.w.org\/{rel}","templated":true}]}}