{"id":111484,"date":"2023-03-23T08:59:19","date_gmt":"2023-03-23T11:59:19","guid":{"rendered":"https:\/\/noticiasmercedinas.com\/site\/?p=111484"},"modified":"2023-03-23T08:59:19","modified_gmt":"2023-03-23T11:59:19","slug":"la-importancia-de-la-alimentacion-y-la-nutricion-en-personas-adultas-mayores","status":"publish","type":"post","link":"https:\/\/noticiasmercedinas.com\/site\/2023\/03\/23\/la-importancia-de-la-alimentacion-y-la-nutricion-en-personas-adultas-mayores\/","title":{"rendered":"La importancia de la alimentaci\u00f3n y la nutrici\u00f3n en personas adultas mayores"},"content":{"rendered":"<p><img loading=\"lazy\" decoding=\"async\" class=\"alignnone size-large wp-image-111485\" src=\"https:\/\/noticiasmercedinas.com\/site\/wp-content\/uploads\/2023\/03\/nutricion-y-adultos-mayores_2-1-1024x684.jpg\" alt=\"\" width=\"640\" height=\"428\" \/><\/p>\n<p>A medida que las personas envejecen, el funcionamiento del cuerpo y la calidad de vida comienzan a verse comprometidas o deterioradas. Por este motivo, el Colegio de Nutricionistas de la Provincia de Buenos Aires busca visibilizar la importancia que implica la intervenci\u00f3n y evaluaci\u00f3n nutricional en las y los adultos mayores. Si bien esta etapa fisiol\u00f3gica no est\u00e1 claramente delimitada cuando comienza, la Organizaci\u00f3n Mundial de la Salud (OMS) estableci\u00f3 su inicio a partir de los 60 a\u00f1os y desde el punto de vista funcional se determin\u00f3 que la vejez comienza cuando se ha producido un 60% de los cambios fisiol\u00f3gicos atribuibles a la misma.<\/p>\n<p>La Sociedad Argentina de Gerontolog\u00eda y Geriatr\u00eda (SAGG), inform\u00f3 que la malnutrici\u00f3n en las personas mayores afecta el proceso de envejecimiento y advirti\u00f3 que su prevalencia se encuentra en aumento. La p\u00e9rdida de peso involuntaria est\u00e1 asociada a un aumento, entre otros, del riesgo de mortalidad y de p\u00e9rdida funcional y se relaciona con condiciones como: la ingesta diet\u00e9tica inadecuada, la p\u00e9rdida del apetito (anorexia), la atrofia muscular (sarcopenia) y los efectos inflamatorios de la enfermedad (caquexia), entre otros.<\/p>\n<p>Asimismo, seg\u00fan una de las gu\u00edas elaboradas por la Sociedad Espa\u00f1ola de Gerontolog\u00eda y Geriatr\u00eda (SEGG) la salud de las personas mayores debe medirse m\u00e1s por la funci\u00f3n que por la propia enfermedad en s\u00ed y remarcaron que la funci\u00f3n es un factor mucho m\u00e1s predictivo para determinar los efectos adversos de salud, la discapacidad, la institucionalizaci\u00f3n, la hospitalizaci\u00f3n, la expectativa y la calidad de vida, el consumo as\u00ed como de los apoyos que precisar\u00e1 cada persona; que la propia enfermedad, la pluripatolog\u00eda o la comorbilidad en s\u00ed mismas.<\/p>\n<p>En ese sentido, cuando se habla de personas adultas mayores, no se puede dejar de lado el t\u00e9rmino \u201cfragilidad\u201d, el cual se define como un s\u00edndrome m\u00e9dico de causas m\u00faltiples caracterizado por p\u00e9rdida de fuerza y resistencia, y disminuci\u00f3n de la funci\u00f3n fisiol\u00f3gica, que aumenta la vulnerabilidad individual para desarrollar dependencia o fallecer.<\/p>\n<p>De esta manera, la instituci\u00f3n espa\u00f1ola mencion\u00f3 a la actividad f\u00edsica y a la alimentaci\u00f3n saludable como dos estrategias de intervenci\u00f3n para prevenir o, cuando menos, reducir la fragilidad. As\u00ed, la inactividad es factor de riesgo de primer orden en el desarrollo de la fragilidad, mientras que la actividad f\u00edsica ha demostrado su eficacia en retrasar e incluso revertir la fragilidad y la discapacidad, adem\u00e1s de mejorar el estado psicoafectivo.<\/p>\n<p>Por otra parte, est\u00e1 fuera de cualquier duda la estrecha relaci\u00f3n que existe entre la salud-enfermedad y la alimentaci\u00f3n saludable. La alimentaci\u00f3n desequilibrada es un factor de riesgo de enfermedades cardiovasculares, diabetes mellitus tipo 2, obesidad, desnutrici\u00f3n e incluso de determinados tipos de c\u00e1ncer. A su vez, el prototipo de alimentaci\u00f3n equilibrada, variada y saludable es la dieta mediterr\u00e1nea, rica en cereales, frutas, verduras, hortalizas y legumbres, con un alto aporte de hidratos de carbono complejos.<\/p>\n<p>Sin embargo, \u201cen los \u00faltimos tiempos, este tipo de alimentaci\u00f3n fue reemplazada por una de tipo hipercal\u00f3rica e hipergrasa, sobre todo a expensas de grasas saturadas, alta en sodio y en hidratos de carbono simples (az\u00facares), con un gran protagonismo de productos ultraprocesados de baja calidad nutricional\u201d, observ\u00f3 la licenciada en Nutrici\u00f3n (MP 5259) Erika Noelia Skrypnik, matriculada en el Colegio de Nutricionistas bonaerense.<\/p>\n<p>Las personas mayores, especialmente las que padecen pluripatolog\u00eda y est\u00e1n polimedicadas, a menudo presentan problemas de salud que act\u00faan como factores de riesgo de desnutrici\u00f3n y, junto a la p\u00e9rdida de peso, constituyen a su vez factores de riesgo de fragilidad, que est\u00e1 asociada con una disminuci\u00f3n de la ingesta, tanto energ\u00e9tica como proteica, independientemente del \u00edndice de masa corporal.<\/p>\n<blockquote><p>Estar bien nutridos repercute directamente en la calidad de vida de los seres humanos.<\/p><\/blockquote>\n<p>\u201cComo nutricionistas es importante evaluar la ingesta y el estado nutricional del adulto mayor para as\u00ed poder realizar las intervenciones correspondientes, cubrir sus requerimientos energ\u00e9ticos ya sea desde la dieta o mediante soporte nutricional, suplementar vitaminas y minerales en caso de d\u00e9ficit\u201d, destac\u00f3 Skrypnik. Y agreg\u00f3: \u201cLa ingesta en esta poblaci\u00f3n se puede ver afectada por diferentes factores como son la p\u00e9rdida de piezas dentarias, problemas de masticaci\u00f3n y degluci\u00f3n, afectaci\u00f3n del sensorio, deterioro cognitivo, falta de apetito, dietas restrictivas, consumo de f\u00e1rmacos, capacidad de comer por s\u00ed solo y de cocinar, situaci\u00f3n socioecon\u00f3mica, y no dejar de lado la parte emocional de la persona, si atraviesa situaciones de depresi\u00f3n, si se encuentra sola o acompa\u00f1ada. Poder abordar a las y los adultos mayores de forma integral e interdisciplinaria ser\u00eda lo m\u00e1s apropiado\u201d.<\/p>\n<p>En caso de malnutrici\u00f3n, los suplementos orales deben ser considerados en pacientes de alto riesgo, en pacientes que, con la ingesta alimentaria, no alcanzan los requerimientos diarios recomendados, seg\u00fan indicaciones de la Sociedad Argentina de Gerontolog\u00eda y Geriatr\u00eda (SAGG).<\/p>\n<p>Por todo esto, el Colegio de Nutricionistas de la Provincia de Buenos Aires recomienda una adecuada y temprana intervenci\u00f3n nutricional en las y los adultos mayores a modo de prevenci\u00f3n y en pos de mejorar su calidad de vida, cubriendo requerimientos nutricionales de forma individual y trabajando interdisciplinariamente con otros profesionales de la salud.<\/p>\n","protected":false},"excerpt":{"rendered":"<p>\u25a0 Una adecuada alimentaci\u00f3n es necesaria para mantener el buen funcionamiento del cuerpo, prevenir enfermedades y sino, al menos, poder sobrellevarlas de una mejor manera. <\/p>\n","protected":false},"author":16,"featured_media":111485,"comment_status":"closed","ping_status":"closed","sticky":false,"template":"","format":"standard","meta":{"footnotes":""},"categories":[8992],"tags":[9417,4704,1847],"class_list":["post-111484","post","type-post","status-publish","format-standard","has-post-thumbnail","hentry","category-bienestar","tag-colegio-de-nutricionistas","tag-nutricion","tag-tercera-edad"],"yoast_head":"<!-- This site is optimized with the Yoast SEO plugin v27.5 - https:\/\/yoast.com\/product\/yoast-seo-wordpress\/ -->\n<title>La importancia de la alimentaci\u00f3n y la nutrici\u00f3n en personas adultas mayores<\/title>\n<meta name=\"robots\" content=\"index, follow, max-snippet:-1, max-image-preview:large, max-video-preview:-1\" \/>\n<link rel=\"canonical\" href=\"https:\/\/noticiasmercedinas.com\/site\/2023\/03\/23\/la-importancia-de-la-alimentacion-y-la-nutricion-en-personas-adultas-mayores\/\" \/>\n<meta property=\"og:locale\" content=\"es_ES\" \/>\n<meta property=\"og:type\" content=\"article\" \/>\n<meta property=\"og:title\" content=\"La importancia de la alimentaci\u00f3n y la nutrici\u00f3n en personas adultas mayores\" \/>\n<meta property=\"og:description\" content=\"\u25a0 Una adecuada alimentaci\u00f3n es necesaria para mantener el buen funcionamiento del cuerpo, prevenir enfermedades y sino, al menos, poder sobrellevarlas de una mejor manera.\" \/>\n<meta property=\"og:url\" content=\"https:\/\/noticiasmercedinas.com\/site\/2023\/03\/23\/la-importancia-de-la-alimentacion-y-la-nutricion-en-personas-adultas-mayores\/\" \/>\n<meta property=\"og:site_name\" content=\"NOTICIASMERCEDINAS.COM\" \/>\n<meta property=\"article:publisher\" content=\"https:\/\/www.facebook.com\/noticiasmercedinas\/\" \/>\n<meta property=\"article:published_time\" content=\"2023-03-23T11:59:19+00:00\" \/>\n<meta property=\"og:image\" content=\"https:\/\/noticiasmercedinas.com\/site\/wp-content\/uploads\/2023\/03\/nutricion-y-adultos-mayores_2-1-e1679572659820.jpg\" \/>\n\t<meta property=\"og:image:width\" content=\"640\" \/>\n\t<meta property=\"og:image:height\" content=\"427\" \/>\n\t<meta property=\"og:image:type\" content=\"image\/jpeg\" \/>\n<meta name=\"author\" content=\"NOTICIASMERCEDINAS.COM\" \/>\n<meta name=\"twitter:card\" content=\"summary_large_image\" \/>\n<meta name=\"twitter:creator\" content=\"@notmercedinas\" \/>\n<meta name=\"twitter:site\" content=\"@notmercedinas\" \/>\n<meta name=\"twitter:label1\" content=\"Escrito por\" \/>\n\t<meta name=\"twitter:data1\" content=\"NOTICIASMERCEDINAS.COM\" \/>\n\t<meta name=\"twitter:label2\" content=\"Tiempo de lectura\" \/>\n\t<meta name=\"twitter:data2\" content=\"5 minutos\" \/>\n<script type=\"application\/ld+json\" class=\"yoast-schema-graph\">{\"@context\":\"https:\\\/\\\/schema.org\",\"@graph\":[{\"@type\":\"Article\",\"@id\":\"https:\\\/\\\/noticiasmercedinas.com\\\/site\\\/2023\\\/03\\\/23\\\/la-importancia-de-la-alimentacion-y-la-nutricion-en-personas-adultas-mayores\\\/#article\",\"isPartOf\":{\"@id\":\"https:\\\/\\\/noticiasmercedinas.com\\\/site\\\/2023\\\/03\\\/23\\\/la-importancia-de-la-alimentacion-y-la-nutricion-en-personas-adultas-mayores\\\/\"},\"author\":{\"name\":\"NOTICIASMERCEDINAS.COM\",\"@id\":\"https:\\\/\\\/noticiasmercedinas.com\\\/site\\\/#\\\/schema\\\/person\\\/84b59c099c28ff2e8b77d4ceec5d8063\"},\"headline\":\"La importancia de la alimentaci\u00f3n y la nutrici\u00f3n en personas adultas mayores\",\"datePublished\":\"2023-03-23T11:59:19+00:00\",\"mainEntityOfPage\":{\"@id\":\"https:\\\/\\\/noticiasmercedinas.com\\\/site\\\/2023\\\/03\\\/23\\\/la-importancia-de-la-alimentacion-y-la-nutricion-en-personas-adultas-mayores\\\/\"},\"wordCount\":924,\"publisher\":{\"@id\":\"https:\\\/\\\/noticiasmercedinas.com\\\/site\\\/#organization\"},\"image\":{\"@id\":\"https:\\\/\\\/noticiasmercedinas.com\\\/site\\\/2023\\\/03\\\/23\\\/la-importancia-de-la-alimentacion-y-la-nutricion-en-personas-adultas-mayores\\\/#primaryimage\"},\"thumbnailUrl\":\"https:\\\/\\\/noticiasmercedinas.com\\\/site\\\/wp-content\\\/uploads\\\/2023\\\/03\\\/nutricion-y-adultos-mayores_2-1-e1679572659820.jpg\",\"keywords\":[\"colegio de Nutricionistas\",\"nutrici\u00f3n\",\"tercera edad\"],\"articleSection\":[\"Bienestar\"],\"inLanguage\":\"es\"},{\"@type\":\"WebPage\",\"@id\":\"https:\\\/\\\/noticiasmercedinas.com\\\/site\\\/2023\\\/03\\\/23\\\/la-importancia-de-la-alimentacion-y-la-nutricion-en-personas-adultas-mayores\\\/\",\"url\":\"https:\\\/\\\/noticiasmercedinas.com\\\/site\\\/2023\\\/03\\\/23\\\/la-importancia-de-la-alimentacion-y-la-nutricion-en-personas-adultas-mayores\\\/\",\"name\":\"La importancia de la alimentaci\u00f3n y la nutrici\u00f3n en personas adultas mayores\",\"isPartOf\":{\"@id\":\"https:\\\/\\\/noticiasmercedinas.com\\\/site\\\/#website\"},\"primaryImageOfPage\":{\"@id\":\"https:\\\/\\\/noticiasmercedinas.com\\\/site\\\/2023\\\/03\\\/23\\\/la-importancia-de-la-alimentacion-y-la-nutricion-en-personas-adultas-mayores\\\/#primaryimage\"},\"image\":{\"@id\":\"https:\\\/\\\/noticiasmercedinas.com\\\/site\\\/2023\\\/03\\\/23\\\/la-importancia-de-la-alimentacion-y-la-nutricion-en-personas-adultas-mayores\\\/#primaryimage\"},\"thumbnailUrl\":\"https:\\\/\\\/noticiasmercedinas.com\\\/site\\\/wp-content\\\/uploads\\\/2023\\\/03\\\/nutricion-y-adultos-mayores_2-1-e1679572659820.jpg\",\"datePublished\":\"2023-03-23T11:59:19+00:00\",\"breadcrumb\":{\"@id\":\"https:\\\/\\\/noticiasmercedinas.com\\\/site\\\/2023\\\/03\\\/23\\\/la-importancia-de-la-alimentacion-y-la-nutricion-en-personas-adultas-mayores\\\/#breadcrumb\"},\"inLanguage\":\"es\",\"potentialAction\":[{\"@type\":\"ReadAction\",\"target\":[\"https:\\\/\\\/noticiasmercedinas.com\\\/site\\\/2023\\\/03\\\/23\\\/la-importancia-de-la-alimentacion-y-la-nutricion-en-personas-adultas-mayores\\\/\"]}]},{\"@type\":\"ImageObject\",\"inLanguage\":\"es\",\"@id\":\"https:\\\/\\\/noticiasmercedinas.com\\\/site\\\/2023\\\/03\\\/23\\\/la-importancia-de-la-alimentacion-y-la-nutricion-en-personas-adultas-mayores\\\/#primaryimage\",\"url\":\"https:\\\/\\\/noticiasmercedinas.com\\\/site\\\/wp-content\\\/uploads\\\/2023\\\/03\\\/nutricion-y-adultos-mayores_2-1-e1679572659820.jpg\",\"contentUrl\":\"https:\\\/\\\/noticiasmercedinas.com\\\/site\\\/wp-content\\\/uploads\\\/2023\\\/03\\\/nutricion-y-adultos-mayores_2-1-e1679572659820.jpg\",\"width\":640,\"height\":427},{\"@type\":\"BreadcrumbList\",\"@id\":\"https:\\\/\\\/noticiasmercedinas.com\\\/site\\\/2023\\\/03\\\/23\\\/la-importancia-de-la-alimentacion-y-la-nutricion-en-personas-adultas-mayores\\\/#breadcrumb\",\"itemListElement\":[{\"@type\":\"ListItem\",\"position\":1,\"name\":\"Portada\",\"item\":\"https:\\\/\\\/noticiasmercedinas.com\\\/site\\\/\"},{\"@type\":\"ListItem\",\"position\":2,\"name\":\"La importancia de la alimentaci\u00f3n y la nutrici\u00f3n en personas adultas mayores\"}]},{\"@type\":\"WebSite\",\"@id\":\"https:\\\/\\\/noticiasmercedinas.com\\\/site\\\/#website\",\"url\":\"https:\\\/\\\/noticiasmercedinas.com\\\/site\\\/\",\"name\":\"NOTICIASMERCEDINAS.COM\",\"description\":\"Mercedes, Buenos Aires, Argentina\",\"publisher\":{\"@id\":\"https:\\\/\\\/noticiasmercedinas.com\\\/site\\\/#organization\"},\"potentialAction\":[{\"@type\":\"SearchAction\",\"target\":{\"@type\":\"EntryPoint\",\"urlTemplate\":\"https:\\\/\\\/noticiasmercedinas.com\\\/site\\\/?s={search_term_string}\"},\"query-input\":{\"@type\":\"PropertyValueSpecification\",\"valueRequired\":true,\"valueName\":\"search_term_string\"}}],\"inLanguage\":\"es\"},{\"@type\":\"Organization\",\"@id\":\"https:\\\/\\\/noticiasmercedinas.com\\\/site\\\/#organization\",\"name\":\"NOTICIASMERCEDINAS.COM\",\"url\":\"https:\\\/\\\/noticiasmercedinas.com\\\/site\\\/\",\"logo\":{\"@type\":\"ImageObject\",\"inLanguage\":\"es\",\"@id\":\"https:\\\/\\\/noticiasmercedinas.com\\\/site\\\/#\\\/schema\\\/logo\\\/image\\\/\",\"url\":\"https:\\\/\\\/noticiasmercedinas.com\\\/site\\\/wp-content\\\/uploads\\\/2020\\\/06\\\/LOGO-512.jpg\",\"contentUrl\":\"https:\\\/\\\/noticiasmercedinas.com\\\/site\\\/wp-content\\\/uploads\\\/2020\\\/06\\\/LOGO-512.jpg\",\"width\":512,\"height\":512,\"caption\":\"NOTICIASMERCEDINAS.COM\"},\"image\":{\"@id\":\"https:\\\/\\\/noticiasmercedinas.com\\\/site\\\/#\\\/schema\\\/logo\\\/image\\\/\"},\"sameAs\":[\"https:\\\/\\\/www.facebook.com\\\/noticiasmercedinas\\\/\",\"https:\\\/\\\/x.com\\\/notmercedinas\",\"https:\\\/\\\/www.instagram.com\\\/noticiasmercedinas\\\/\"]},{\"@type\":\"Person\",\"@id\":\"https:\\\/\\\/noticiasmercedinas.com\\\/site\\\/#\\\/schema\\\/person\\\/84b59c099c28ff2e8b77d4ceec5d8063\",\"name\":\"NOTICIASMERCEDINAS.COM\",\"image\":{\"@type\":\"ImageObject\",\"inLanguage\":\"es\",\"@id\":\"https:\\\/\\\/secure.gravatar.com\\\/avatar\\\/4dfbf16b4d17945bfb6341b2d19043457132fcf478a5ee04f42e959fd8f5df0a?s=96&d=mm&r=g\",\"url\":\"https:\\\/\\\/secure.gravatar.com\\\/avatar\\\/4dfbf16b4d17945bfb6341b2d19043457132fcf478a5ee04f42e959fd8f5df0a?s=96&d=mm&r=g\",\"contentUrl\":\"https:\\\/\\\/secure.gravatar.com\\\/avatar\\\/4dfbf16b4d17945bfb6341b2d19043457132fcf478a5ee04f42e959fd8f5df0a?s=96&d=mm&r=g\",\"caption\":\"NOTICIASMERCEDINAS.COM\"},\"url\":\"https:\\\/\\\/noticiasmercedinas.com\\\/site\\\/author\\\/anonimo\\\/\"}]}<\/script>\n<!-- \/ Yoast SEO plugin. -->","yoast_head_json":{"title":"La importancia de la alimentaci\u00f3n y la nutrici\u00f3n en personas adultas mayores","robots":{"index":"index","follow":"follow","max-snippet":"max-snippet:-1","max-image-preview":"max-image-preview:large","max-video-preview":"max-video-preview:-1"},"canonical":"https:\/\/noticiasmercedinas.com\/site\/2023\/03\/23\/la-importancia-de-la-alimentacion-y-la-nutricion-en-personas-adultas-mayores\/","og_locale":"es_ES","og_type":"article","og_title":"La importancia de la alimentaci\u00f3n y la nutrici\u00f3n en personas adultas mayores","og_description":"\u25a0 Una adecuada alimentaci\u00f3n es necesaria para mantener el buen funcionamiento del cuerpo, prevenir enfermedades y sino, al menos, poder sobrellevarlas de una mejor manera.","og_url":"https:\/\/noticiasmercedinas.com\/site\/2023\/03\/23\/la-importancia-de-la-alimentacion-y-la-nutricion-en-personas-adultas-mayores\/","og_site_name":"NOTICIASMERCEDINAS.COM","article_publisher":"https:\/\/www.facebook.com\/noticiasmercedinas\/","article_published_time":"2023-03-23T11:59:19+00:00","og_image":[{"width":640,"height":427,"url":"https:\/\/noticiasmercedinas.com\/site\/wp-content\/uploads\/2023\/03\/nutricion-y-adultos-mayores_2-1-e1679572659820.jpg","type":"image\/jpeg"}],"author":"NOTICIASMERCEDINAS.COM","twitter_card":"summary_large_image","twitter_creator":"@notmercedinas","twitter_site":"@notmercedinas","twitter_misc":{"Escrito por":"NOTICIASMERCEDINAS.COM","Tiempo de lectura":"5 minutos"},"schema":{"@context":"https:\/\/schema.org","@graph":[{"@type":"Article","@id":"https:\/\/noticiasmercedinas.com\/site\/2023\/03\/23\/la-importancia-de-la-alimentacion-y-la-nutricion-en-personas-adultas-mayores\/#article","isPartOf":{"@id":"https:\/\/noticiasmercedinas.com\/site\/2023\/03\/23\/la-importancia-de-la-alimentacion-y-la-nutricion-en-personas-adultas-mayores\/"},"author":{"name":"NOTICIASMERCEDINAS.COM","@id":"https:\/\/noticiasmercedinas.com\/site\/#\/schema\/person\/84b59c099c28ff2e8b77d4ceec5d8063"},"headline":"La importancia de la alimentaci\u00f3n y la nutrici\u00f3n en personas adultas mayores","datePublished":"2023-03-23T11:59:19+00:00","mainEntityOfPage":{"@id":"https:\/\/noticiasmercedinas.com\/site\/2023\/03\/23\/la-importancia-de-la-alimentacion-y-la-nutricion-en-personas-adultas-mayores\/"},"wordCount":924,"publisher":{"@id":"https:\/\/noticiasmercedinas.com\/site\/#organization"},"image":{"@id":"https:\/\/noticiasmercedinas.com\/site\/2023\/03\/23\/la-importancia-de-la-alimentacion-y-la-nutricion-en-personas-adultas-mayores\/#primaryimage"},"thumbnailUrl":"https:\/\/noticiasmercedinas.com\/site\/wp-content\/uploads\/2023\/03\/nutricion-y-adultos-mayores_2-1-e1679572659820.jpg","keywords":["colegio de Nutricionistas","nutrici\u00f3n","tercera edad"],"articleSection":["Bienestar"],"inLanguage":"es"},{"@type":"WebPage","@id":"https:\/\/noticiasmercedinas.com\/site\/2023\/03\/23\/la-importancia-de-la-alimentacion-y-la-nutricion-en-personas-adultas-mayores\/","url":"https:\/\/noticiasmercedinas.com\/site\/2023\/03\/23\/la-importancia-de-la-alimentacion-y-la-nutricion-en-personas-adultas-mayores\/","name":"La importancia de la alimentaci\u00f3n y la nutrici\u00f3n en personas adultas mayores","isPartOf":{"@id":"https:\/\/noticiasmercedinas.com\/site\/#website"},"primaryImageOfPage":{"@id":"https:\/\/noticiasmercedinas.com\/site\/2023\/03\/23\/la-importancia-de-la-alimentacion-y-la-nutricion-en-personas-adultas-mayores\/#primaryimage"},"image":{"@id":"https:\/\/noticiasmercedinas.com\/site\/2023\/03\/23\/la-importancia-de-la-alimentacion-y-la-nutricion-en-personas-adultas-mayores\/#primaryimage"},"thumbnailUrl":"https:\/\/noticiasmercedinas.com\/site\/wp-content\/uploads\/2023\/03\/nutricion-y-adultos-mayores_2-1-e1679572659820.jpg","datePublished":"2023-03-23T11:59:19+00:00","breadcrumb":{"@id":"https:\/\/noticiasmercedinas.com\/site\/2023\/03\/23\/la-importancia-de-la-alimentacion-y-la-nutricion-en-personas-adultas-mayores\/#breadcrumb"},"inLanguage":"es","potentialAction":[{"@type":"ReadAction","target":["https:\/\/noticiasmercedinas.com\/site\/2023\/03\/23\/la-importancia-de-la-alimentacion-y-la-nutricion-en-personas-adultas-mayores\/"]}]},{"@type":"ImageObject","inLanguage":"es","@id":"https:\/\/noticiasmercedinas.com\/site\/2023\/03\/23\/la-importancia-de-la-alimentacion-y-la-nutricion-en-personas-adultas-mayores\/#primaryimage","url":"https:\/\/noticiasmercedinas.com\/site\/wp-content\/uploads\/2023\/03\/nutricion-y-adultos-mayores_2-1-e1679572659820.jpg","contentUrl":"https:\/\/noticiasmercedinas.com\/site\/wp-content\/uploads\/2023\/03\/nutricion-y-adultos-mayores_2-1-e1679572659820.jpg","width":640,"height":427},{"@type":"BreadcrumbList","@id":"https:\/\/noticiasmercedinas.com\/site\/2023\/03\/23\/la-importancia-de-la-alimentacion-y-la-nutricion-en-personas-adultas-mayores\/#breadcrumb","itemListElement":[{"@type":"ListItem","position":1,"name":"Portada","item":"https:\/\/noticiasmercedinas.com\/site\/"},{"@type":"ListItem","position":2,"name":"La importancia de la alimentaci\u00f3n y la nutrici\u00f3n en personas adultas mayores"}]},{"@type":"WebSite","@id":"https:\/\/noticiasmercedinas.com\/site\/#website","url":"https:\/\/noticiasmercedinas.com\/site\/","name":"NOTICIASMERCEDINAS.COM","description":"Mercedes, Buenos Aires, Argentina","publisher":{"@id":"https:\/\/noticiasmercedinas.com\/site\/#organization"},"potentialAction":[{"@type":"SearchAction","target":{"@type":"EntryPoint","urlTemplate":"https:\/\/noticiasmercedinas.com\/site\/?s={search_term_string}"},"query-input":{"@type":"PropertyValueSpecification","valueRequired":true,"valueName":"search_term_string"}}],"inLanguage":"es"},{"@type":"Organization","@id":"https:\/\/noticiasmercedinas.com\/site\/#organization","name":"NOTICIASMERCEDINAS.COM","url":"https:\/\/noticiasmercedinas.com\/site\/","logo":{"@type":"ImageObject","inLanguage":"es","@id":"https:\/\/noticiasmercedinas.com\/site\/#\/schema\/logo\/image\/","url":"https:\/\/noticiasmercedinas.com\/site\/wp-content\/uploads\/2020\/06\/LOGO-512.jpg","contentUrl":"https:\/\/noticiasmercedinas.com\/site\/wp-content\/uploads\/2020\/06\/LOGO-512.jpg","width":512,"height":512,"caption":"NOTICIASMERCEDINAS.COM"},"image":{"@id":"https:\/\/noticiasmercedinas.com\/site\/#\/schema\/logo\/image\/"},"sameAs":["https:\/\/www.facebook.com\/noticiasmercedinas\/","https:\/\/x.com\/notmercedinas","https:\/\/www.instagram.com\/noticiasmercedinas\/"]},{"@type":"Person","@id":"https:\/\/noticiasmercedinas.com\/site\/#\/schema\/person\/84b59c099c28ff2e8b77d4ceec5d8063","name":"NOTICIASMERCEDINAS.COM","image":{"@type":"ImageObject","inLanguage":"es","@id":"https:\/\/secure.gravatar.com\/avatar\/4dfbf16b4d17945bfb6341b2d19043457132fcf478a5ee04f42e959fd8f5df0a?s=96&d=mm&r=g","url":"https:\/\/secure.gravatar.com\/avatar\/4dfbf16b4d17945bfb6341b2d19043457132fcf478a5ee04f42e959fd8f5df0a?s=96&d=mm&r=g","contentUrl":"https:\/\/secure.gravatar.com\/avatar\/4dfbf16b4d17945bfb6341b2d19043457132fcf478a5ee04f42e959fd8f5df0a?s=96&d=mm&r=g","caption":"NOTICIASMERCEDINAS.COM"},"url":"https:\/\/noticiasmercedinas.com\/site\/author\/anonimo\/"}]}},"amp_enabled":true,"_links":{"self":[{"href":"https:\/\/noticiasmercedinas.com\/site\/wp-json\/wp\/v2\/posts\/111484","targetHints":{"allow":["GET"]}}],"collection":[{"href":"https:\/\/noticiasmercedinas.com\/site\/wp-json\/wp\/v2\/posts"}],"about":[{"href":"https:\/\/noticiasmercedinas.com\/site\/wp-json\/wp\/v2\/types\/post"}],"author":[{"embeddable":true,"href":"https:\/\/noticiasmercedinas.com\/site\/wp-json\/wp\/v2\/users\/16"}],"replies":[{"embeddable":true,"href":"https:\/\/noticiasmercedinas.com\/site\/wp-json\/wp\/v2\/comments?post=111484"}],"version-history":[{"count":1,"href":"https:\/\/noticiasmercedinas.com\/site\/wp-json\/wp\/v2\/posts\/111484\/revisions"}],"predecessor-version":[{"id":111486,"href":"https:\/\/noticiasmercedinas.com\/site\/wp-json\/wp\/v2\/posts\/111484\/revisions\/111486"}],"wp:featuredmedia":[{"embeddable":true,"href":"https:\/\/noticiasmercedinas.com\/site\/wp-json\/wp\/v2\/media\/111485"}],"wp:attachment":[{"href":"https:\/\/noticiasmercedinas.com\/site\/wp-json\/wp\/v2\/media?parent=111484"}],"wp:term":[{"taxonomy":"category","embeddable":true,"href":"https:\/\/noticiasmercedinas.com\/site\/wp-json\/wp\/v2\/categories?post=111484"},{"taxonomy":"post_tag","embeddable":true,"href":"https:\/\/noticiasmercedinas.com\/site\/wp-json\/wp\/v2\/tags?post=111484"}],"curies":[{"name":"wp","href":"https:\/\/api.w.org\/{rel}","templated":true}]}}