{"id":111751,"date":"2023-03-28T07:36:56","date_gmt":"2023-03-28T10:36:56","guid":{"rendered":"https:\/\/noticiasmercedinas.com\/site\/?p=111751"},"modified":"2023-03-28T07:36:56","modified_gmt":"2023-03-28T10:36:56","slug":"castraciones-y-vacunacion-animal-con-cronograma-en-los-barrios","status":"publish","type":"post","link":"https:\/\/noticiasmercedinas.com\/site\/2023\/03\/28\/castraciones-y-vacunacion-animal-con-cronograma-en-los-barrios\/","title":{"rendered":"Castraciones y vacunaci\u00f3n animal con cronograma en los barrios"},"content":{"rendered":"<p><img loading=\"lazy\" decoding=\"async\" class=\"alignnone size-full wp-image-69444\" src=\"https:\/\/noticiasmercedinas.com\/site\/wp-content\/uploads\/2021\/06\/img_perro.jpg\" alt=\"\" width=\"1008\" height=\"674\" srcset=\"https:\/\/noticiasmercedinas.com\/site\/wp-content\/uploads\/2021\/06\/img_perro.jpg 1008w, https:\/\/noticiasmercedinas.com\/site\/wp-content\/uploads\/2021\/06\/img_perro-300x201.jpg 300w, https:\/\/noticiasmercedinas.com\/site\/wp-content\/uploads\/2021\/06\/img_perro-768x514.jpg 768w, https:\/\/noticiasmercedinas.com\/site\/wp-content\/uploads\/2021\/06\/img_perro-537x360.jpg 537w, https:\/\/noticiasmercedinas.com\/site\/wp-content\/uploads\/2021\/06\/img_perro-640x428.jpg 640w, https:\/\/noticiasmercedinas.com\/site\/wp-content\/uploads\/2021\/06\/img_perro-681x455.jpg 681w\" sizes=\"auto, (max-width: 1008px) 100vw, 1008px\" \/><\/p>\n<p>Avanzan las acciones de vacunaci\u00f3n y castraci\u00f3n en la ciudad. Esta pol\u00edtica p\u00fablica implementada por el Municipio de Mercedes y llevada adelante por el \u00e1rea de Zoonosis y Veterinaria comunal, contin\u00faa con un cronograma completo por los barrios de la ciudad.<\/p>\n<p>En esta oportunidad, este servicio gratuito se llevar\u00e1 adelante desde el 27 hasta el 31 en el barrio G\u00fcemes (38 y 45 plaza) y luego se trasladar\u00e1 del 3 de abril hasta el 5 del mismo mes a la localidad Gowland (511 entre 504 y 506). El horario de atenci\u00f3n es de 08:00 a 12:00 y es por orden de llegada.<\/p>\n<p>Los requisitos son 12 horas de ayuno para las castraciones, los perros deben tener collar y correa y los gatos deben ser trasladados en gatera transportadora o bolso, llevar manta de abrigo para cubrir a los animales luego de la operaci\u00f3n y DNI que acredite domicilio en Mercedes.<\/p>\n<p>\u201cLo importante es que est\u00e9n llegando temprano, porque por el momento no estamos dando turnos, sino que es por orden de llegada\u201d, apuntaron. \u201cEl animal debe llegar con 8 horas de ayuno de alimentos, y por la ma\u00f1ana, 3 horas antes de concurrir, se le debe retirar el agua para concurrir en ayuna l\u00edquida tambi\u00e9n. Esto es sumamente importante puntualmente para evitar inconvenientes con la anestesia\u201d se\u00f1alaron desde Zoonosis.<\/p>\n<p>Adem\u00e1s, desde el CAPS Facundo Quiroga, donde funciona el Centro de Zoonosis, en calle 75 entre 12 y 14, se contin\u00faan realizando castraciones con turno los d\u00edas mi\u00e9rcoles y jueves. Los interesados deben solicitar un n\u00famero llamando al (2324) 350038.<\/p>\n","protected":false},"excerpt":{"rendered":"<p>Avanzan las acciones de vacunaci\u00f3n y castraci\u00f3n en la ciudad. Esta pol\u00edtica p\u00fablica implementada por el Municipio de Mercedes y llevada adelante por el \u00e1rea de Zoonosis y Veterinaria comunal, contin\u00faa con un cronograma completo por los barrios de la ciudad. En esta oportunidad, este servicio gratuito se llevar\u00e1 adelante desde el 27 hasta el [&hellip;]<\/p>\n","protected":false},"author":16,"featured_media":69444,"comment_status":"closed","ping_status":"closed","sticky":false,"template":"","format":"standard","meta":{"footnotes":""},"categories":[8992],"tags":[9219,365,1200,3203],"class_list":["post-111751","post","type-post","status-publish","format-standard","has-post-thumbnail","hentry","category-bienestar","tag-castracion","tag-vacunacion","tag-veterinaria","tag-zoonosis"],"yoast_head":"<!-- This site is optimized with the Yoast SEO plugin v27.4 - https:\/\/yoast.com\/product\/yoast-seo-wordpress\/ -->\n<title>Castraciones y vacunaci\u00f3n animal con cronograma en los barrios<\/title>\n<meta name=\"robots\" content=\"index, follow, max-snippet:-1, max-image-preview:large, max-video-preview:-1\" \/>\n<link rel=\"canonical\" href=\"https:\/\/noticiasmercedinas.com\/site\/2023\/03\/28\/castraciones-y-vacunacion-animal-con-cronograma-en-los-barrios\/\" \/>\n<meta property=\"og:locale\" content=\"es_ES\" \/>\n<meta property=\"og:type\" content=\"article\" \/>\n<meta property=\"og:title\" content=\"Castraciones y vacunaci\u00f3n animal con cronograma en los barrios\" \/>\n<meta property=\"og:description\" content=\"Avanzan las acciones de vacunaci\u00f3n y castraci\u00f3n en la ciudad. Esta pol\u00edtica p\u00fablica implementada por el Municipio de Mercedes y llevada adelante por el \u00e1rea de Zoonosis y Veterinaria comunal, contin\u00faa con un cronograma completo por los barrios de la ciudad. En esta oportunidad, este servicio gratuito se llevar\u00e1 adelante desde el 27 hasta el [&hellip;]\" \/>\n<meta property=\"og:url\" content=\"https:\/\/noticiasmercedinas.com\/site\/2023\/03\/28\/castraciones-y-vacunacion-animal-con-cronograma-en-los-barrios\/\" \/>\n<meta property=\"og:site_name\" content=\"NOTICIASMERCEDINAS.COM\" \/>\n<meta property=\"article:publisher\" content=\"https:\/\/www.facebook.com\/noticiasmercedinas\/\" \/>\n<meta property=\"article:published_time\" content=\"2023-03-28T10:36:56+00:00\" \/>\n<meta property=\"og:image\" content=\"https:\/\/noticiasmercedinas.com\/site\/wp-content\/uploads\/2021\/06\/img_perro.jpg\" \/>\n\t<meta property=\"og:image:width\" content=\"1008\" \/>\n\t<meta property=\"og:image:height\" content=\"674\" \/>\n\t<meta property=\"og:image:type\" content=\"image\/jpeg\" \/>\n<meta name=\"author\" content=\"NOTICIASMERCEDINAS.COM\" \/>\n<meta name=\"twitter:card\" content=\"summary_large_image\" \/>\n<meta name=\"twitter:creator\" content=\"@notmercedinas\" \/>\n<meta name=\"twitter:site\" content=\"@notmercedinas\" \/>\n<meta name=\"twitter:label1\" content=\"Escrito por\" \/>\n\t<meta name=\"twitter:data1\" content=\"NOTICIASMERCEDINAS.COM\" \/>\n\t<meta name=\"twitter:label2\" content=\"Tiempo de lectura\" \/>\n\t<meta name=\"twitter:data2\" content=\"2 minutos\" \/>\n<script type=\"application\/ld+json\" class=\"yoast-schema-graph\">{\"@context\":\"https:\\\/\\\/schema.org\",\"@graph\":[{\"@type\":\"Article\",\"@id\":\"https:\\\/\\\/noticiasmercedinas.com\\\/site\\\/2023\\\/03\\\/28\\\/castraciones-y-vacunacion-animal-con-cronograma-en-los-barrios\\\/#article\",\"isPartOf\":{\"@id\":\"https:\\\/\\\/noticiasmercedinas.com\\\/site\\\/2023\\\/03\\\/28\\\/castraciones-y-vacunacion-animal-con-cronograma-en-los-barrios\\\/\"},\"author\":{\"name\":\"NOTICIASMERCEDINAS.COM\",\"@id\":\"https:\\\/\\\/noticiasmercedinas.com\\\/site\\\/#\\\/schema\\\/person\\\/84b59c099c28ff2e8b77d4ceec5d8063\"},\"headline\":\"Castraciones y vacunaci\u00f3n animal con cronograma en los barrios\",\"datePublished\":\"2023-03-28T10:36:56+00:00\",\"mainEntityOfPage\":{\"@id\":\"https:\\\/\\\/noticiasmercedinas.com\\\/site\\\/2023\\\/03\\\/28\\\/castraciones-y-vacunacion-animal-con-cronograma-en-los-barrios\\\/\"},\"wordCount\":268,\"publisher\":{\"@id\":\"https:\\\/\\\/noticiasmercedinas.com\\\/site\\\/#organization\"},\"image\":{\"@id\":\"https:\\\/\\\/noticiasmercedinas.com\\\/site\\\/2023\\\/03\\\/28\\\/castraciones-y-vacunacion-animal-con-cronograma-en-los-barrios\\\/#primaryimage\"},\"thumbnailUrl\":\"https:\\\/\\\/noticiasmercedinas.com\\\/site\\\/wp-content\\\/uploads\\\/2021\\\/06\\\/img_perro.jpg\",\"keywords\":[\"castracion\",\"vacunacion\",\"veterinaria\",\"zoonosis\"],\"articleSection\":[\"Bienestar\"],\"inLanguage\":\"es\"},{\"@type\":\"WebPage\",\"@id\":\"https:\\\/\\\/noticiasmercedinas.com\\\/site\\\/2023\\\/03\\\/28\\\/castraciones-y-vacunacion-animal-con-cronograma-en-los-barrios\\\/\",\"url\":\"https:\\\/\\\/noticiasmercedinas.com\\\/site\\\/2023\\\/03\\\/28\\\/castraciones-y-vacunacion-animal-con-cronograma-en-los-barrios\\\/\",\"name\":\"Castraciones y vacunaci\u00f3n animal con cronograma en los barrios\",\"isPartOf\":{\"@id\":\"https:\\\/\\\/noticiasmercedinas.com\\\/site\\\/#website\"},\"primaryImageOfPage\":{\"@id\":\"https:\\\/\\\/noticiasmercedinas.com\\\/site\\\/2023\\\/03\\\/28\\\/castraciones-y-vacunacion-animal-con-cronograma-en-los-barrios\\\/#primaryimage\"},\"image\":{\"@id\":\"https:\\\/\\\/noticiasmercedinas.com\\\/site\\\/2023\\\/03\\\/28\\\/castraciones-y-vacunacion-animal-con-cronograma-en-los-barrios\\\/#primaryimage\"},\"thumbnailUrl\":\"https:\\\/\\\/noticiasmercedinas.com\\\/site\\\/wp-content\\\/uploads\\\/2021\\\/06\\\/img_perro.jpg\",\"datePublished\":\"2023-03-28T10:36:56+00:00\",\"breadcrumb\":{\"@id\":\"https:\\\/\\\/noticiasmercedinas.com\\\/site\\\/2023\\\/03\\\/28\\\/castraciones-y-vacunacion-animal-con-cronograma-en-los-barrios\\\/#breadcrumb\"},\"inLanguage\":\"es\",\"potentialAction\":[{\"@type\":\"ReadAction\",\"target\":[\"https:\\\/\\\/noticiasmercedinas.com\\\/site\\\/2023\\\/03\\\/28\\\/castraciones-y-vacunacion-animal-con-cronograma-en-los-barrios\\\/\"]}]},{\"@type\":\"ImageObject\",\"inLanguage\":\"es\",\"@id\":\"https:\\\/\\\/noticiasmercedinas.com\\\/site\\\/2023\\\/03\\\/28\\\/castraciones-y-vacunacion-animal-con-cronograma-en-los-barrios\\\/#primaryimage\",\"url\":\"https:\\\/\\\/noticiasmercedinas.com\\\/site\\\/wp-content\\\/uploads\\\/2021\\\/06\\\/img_perro.jpg\",\"contentUrl\":\"https:\\\/\\\/noticiasmercedinas.com\\\/site\\\/wp-content\\\/uploads\\\/2021\\\/06\\\/img_perro.jpg\",\"width\":1008,\"height\":674},{\"@type\":\"BreadcrumbList\",\"@id\":\"https:\\\/\\\/noticiasmercedinas.com\\\/site\\\/2023\\\/03\\\/28\\\/castraciones-y-vacunacion-animal-con-cronograma-en-los-barrios\\\/#breadcrumb\",\"itemListElement\":[{\"@type\":\"ListItem\",\"position\":1,\"name\":\"Portada\",\"item\":\"https:\\\/\\\/noticiasmercedinas.com\\\/site\\\/\"},{\"@type\":\"ListItem\",\"position\":2,\"name\":\"Castraciones y vacunaci\u00f3n animal con cronograma en los barrios\"}]},{\"@type\":\"WebSite\",\"@id\":\"https:\\\/\\\/noticiasmercedinas.com\\\/site\\\/#website\",\"url\":\"https:\\\/\\\/noticiasmercedinas.com\\\/site\\\/\",\"name\":\"NOTICIASMERCEDINAS.COM\",\"description\":\"Mercedes, Buenos Aires, Argentina\",\"publisher\":{\"@id\":\"https:\\\/\\\/noticiasmercedinas.com\\\/site\\\/#organization\"},\"potentialAction\":[{\"@type\":\"SearchAction\",\"target\":{\"@type\":\"EntryPoint\",\"urlTemplate\":\"https:\\\/\\\/noticiasmercedinas.com\\\/site\\\/?s={search_term_string}\"},\"query-input\":{\"@type\":\"PropertyValueSpecification\",\"valueRequired\":true,\"valueName\":\"search_term_string\"}}],\"inLanguage\":\"es\"},{\"@type\":\"Organization\",\"@id\":\"https:\\\/\\\/noticiasmercedinas.com\\\/site\\\/#organization\",\"name\":\"NOTICIASMERCEDINAS.COM\",\"url\":\"https:\\\/\\\/noticiasmercedinas.com\\\/site\\\/\",\"logo\":{\"@type\":\"ImageObject\",\"inLanguage\":\"es\",\"@id\":\"https:\\\/\\\/noticiasmercedinas.com\\\/site\\\/#\\\/schema\\\/logo\\\/image\\\/\",\"url\":\"https:\\\/\\\/noticiasmercedinas.com\\\/site\\\/wp-content\\\/uploads\\\/2020\\\/06\\\/LOGO-512.jpg\",\"contentUrl\":\"https:\\\/\\\/noticiasmercedinas.com\\\/site\\\/wp-content\\\/uploads\\\/2020\\\/06\\\/LOGO-512.jpg\",\"width\":512,\"height\":512,\"caption\":\"NOTICIASMERCEDINAS.COM\"},\"image\":{\"@id\":\"https:\\\/\\\/noticiasmercedinas.com\\\/site\\\/#\\\/schema\\\/logo\\\/image\\\/\"},\"sameAs\":[\"https:\\\/\\\/www.facebook.com\\\/noticiasmercedinas\\\/\",\"https:\\\/\\\/x.com\\\/notmercedinas\",\"https:\\\/\\\/www.instagram.com\\\/noticiasmercedinas\\\/\"]},{\"@type\":\"Person\",\"@id\":\"https:\\\/\\\/noticiasmercedinas.com\\\/site\\\/#\\\/schema\\\/person\\\/84b59c099c28ff2e8b77d4ceec5d8063\",\"name\":\"NOTICIASMERCEDINAS.COM\",\"image\":{\"@type\":\"ImageObject\",\"inLanguage\":\"es\",\"@id\":\"https:\\\/\\\/secure.gravatar.com\\\/avatar\\\/4dfbf16b4d17945bfb6341b2d19043457132fcf478a5ee04f42e959fd8f5df0a?s=96&d=mm&r=g\",\"url\":\"https:\\\/\\\/secure.gravatar.com\\\/avatar\\\/4dfbf16b4d17945bfb6341b2d19043457132fcf478a5ee04f42e959fd8f5df0a?s=96&d=mm&r=g\",\"contentUrl\":\"https:\\\/\\\/secure.gravatar.com\\\/avatar\\\/4dfbf16b4d17945bfb6341b2d19043457132fcf478a5ee04f42e959fd8f5df0a?s=96&d=mm&r=g\",\"caption\":\"NOTICIASMERCEDINAS.COM\"},\"url\":\"https:\\\/\\\/noticiasmercedinas.com\\\/site\\\/author\\\/anonimo\\\/\"}]}<\/script>\n<!-- \/ Yoast SEO plugin. -->","yoast_head_json":{"title":"Castraciones y vacunaci\u00f3n animal con cronograma en los barrios","robots":{"index":"index","follow":"follow","max-snippet":"max-snippet:-1","max-image-preview":"max-image-preview:large","max-video-preview":"max-video-preview:-1"},"canonical":"https:\/\/noticiasmercedinas.com\/site\/2023\/03\/28\/castraciones-y-vacunacion-animal-con-cronograma-en-los-barrios\/","og_locale":"es_ES","og_type":"article","og_title":"Castraciones y vacunaci\u00f3n animal con cronograma en los barrios","og_description":"Avanzan las acciones de vacunaci\u00f3n y castraci\u00f3n en la ciudad. Esta pol\u00edtica p\u00fablica implementada por el Municipio de Mercedes y llevada adelante por el \u00e1rea de Zoonosis y Veterinaria comunal, contin\u00faa con un cronograma completo por los barrios de la ciudad. En esta oportunidad, este servicio gratuito se llevar\u00e1 adelante desde el 27 hasta el [&hellip;]","og_url":"https:\/\/noticiasmercedinas.com\/site\/2023\/03\/28\/castraciones-y-vacunacion-animal-con-cronograma-en-los-barrios\/","og_site_name":"NOTICIASMERCEDINAS.COM","article_publisher":"https:\/\/www.facebook.com\/noticiasmercedinas\/","article_published_time":"2023-03-28T10:36:56+00:00","og_image":[{"width":1008,"height":674,"url":"https:\/\/noticiasmercedinas.com\/site\/wp-content\/uploads\/2021\/06\/img_perro.jpg","type":"image\/jpeg"}],"author":"NOTICIASMERCEDINAS.COM","twitter_card":"summary_large_image","twitter_creator":"@notmercedinas","twitter_site":"@notmercedinas","twitter_misc":{"Escrito por":"NOTICIASMERCEDINAS.COM","Tiempo de lectura":"2 minutos"},"schema":{"@context":"https:\/\/schema.org","@graph":[{"@type":"Article","@id":"https:\/\/noticiasmercedinas.com\/site\/2023\/03\/28\/castraciones-y-vacunacion-animal-con-cronograma-en-los-barrios\/#article","isPartOf":{"@id":"https:\/\/noticiasmercedinas.com\/site\/2023\/03\/28\/castraciones-y-vacunacion-animal-con-cronograma-en-los-barrios\/"},"author":{"name":"NOTICIASMERCEDINAS.COM","@id":"https:\/\/noticiasmercedinas.com\/site\/#\/schema\/person\/84b59c099c28ff2e8b77d4ceec5d8063"},"headline":"Castraciones y vacunaci\u00f3n animal con cronograma en los barrios","datePublished":"2023-03-28T10:36:56+00:00","mainEntityOfPage":{"@id":"https:\/\/noticiasmercedinas.com\/site\/2023\/03\/28\/castraciones-y-vacunacion-animal-con-cronograma-en-los-barrios\/"},"wordCount":268,"publisher":{"@id":"https:\/\/noticiasmercedinas.com\/site\/#organization"},"image":{"@id":"https:\/\/noticiasmercedinas.com\/site\/2023\/03\/28\/castraciones-y-vacunacion-animal-con-cronograma-en-los-barrios\/#primaryimage"},"thumbnailUrl":"https:\/\/noticiasmercedinas.com\/site\/wp-content\/uploads\/2021\/06\/img_perro.jpg","keywords":["castracion","vacunacion","veterinaria","zoonosis"],"articleSection":["Bienestar"],"inLanguage":"es"},{"@type":"WebPage","@id":"https:\/\/noticiasmercedinas.com\/site\/2023\/03\/28\/castraciones-y-vacunacion-animal-con-cronograma-en-los-barrios\/","url":"https:\/\/noticiasmercedinas.com\/site\/2023\/03\/28\/castraciones-y-vacunacion-animal-con-cronograma-en-los-barrios\/","name":"Castraciones y vacunaci\u00f3n animal con cronograma en los barrios","isPartOf":{"@id":"https:\/\/noticiasmercedinas.com\/site\/#website"},"primaryImageOfPage":{"@id":"https:\/\/noticiasmercedinas.com\/site\/2023\/03\/28\/castraciones-y-vacunacion-animal-con-cronograma-en-los-barrios\/#primaryimage"},"image":{"@id":"https:\/\/noticiasmercedinas.com\/site\/2023\/03\/28\/castraciones-y-vacunacion-animal-con-cronograma-en-los-barrios\/#primaryimage"},"thumbnailUrl":"https:\/\/noticiasmercedinas.com\/site\/wp-content\/uploads\/2021\/06\/img_perro.jpg","datePublished":"2023-03-28T10:36:56+00:00","breadcrumb":{"@id":"https:\/\/noticiasmercedinas.com\/site\/2023\/03\/28\/castraciones-y-vacunacion-animal-con-cronograma-en-los-barrios\/#breadcrumb"},"inLanguage":"es","potentialAction":[{"@type":"ReadAction","target":["https:\/\/noticiasmercedinas.com\/site\/2023\/03\/28\/castraciones-y-vacunacion-animal-con-cronograma-en-los-barrios\/"]}]},{"@type":"ImageObject","inLanguage":"es","@id":"https:\/\/noticiasmercedinas.com\/site\/2023\/03\/28\/castraciones-y-vacunacion-animal-con-cronograma-en-los-barrios\/#primaryimage","url":"https:\/\/noticiasmercedinas.com\/site\/wp-content\/uploads\/2021\/06\/img_perro.jpg","contentUrl":"https:\/\/noticiasmercedinas.com\/site\/wp-content\/uploads\/2021\/06\/img_perro.jpg","width":1008,"height":674},{"@type":"BreadcrumbList","@id":"https:\/\/noticiasmercedinas.com\/site\/2023\/03\/28\/castraciones-y-vacunacion-animal-con-cronograma-en-los-barrios\/#breadcrumb","itemListElement":[{"@type":"ListItem","position":1,"name":"Portada","item":"https:\/\/noticiasmercedinas.com\/site\/"},{"@type":"ListItem","position":2,"name":"Castraciones y vacunaci\u00f3n animal con cronograma en los barrios"}]},{"@type":"WebSite","@id":"https:\/\/noticiasmercedinas.com\/site\/#website","url":"https:\/\/noticiasmercedinas.com\/site\/","name":"NOTICIASMERCEDINAS.COM","description":"Mercedes, Buenos Aires, Argentina","publisher":{"@id":"https:\/\/noticiasmercedinas.com\/site\/#organization"},"potentialAction":[{"@type":"SearchAction","target":{"@type":"EntryPoint","urlTemplate":"https:\/\/noticiasmercedinas.com\/site\/?s={search_term_string}"},"query-input":{"@type":"PropertyValueSpecification","valueRequired":true,"valueName":"search_term_string"}}],"inLanguage":"es"},{"@type":"Organization","@id":"https:\/\/noticiasmercedinas.com\/site\/#organization","name":"NOTICIASMERCEDINAS.COM","url":"https:\/\/noticiasmercedinas.com\/site\/","logo":{"@type":"ImageObject","inLanguage":"es","@id":"https:\/\/noticiasmercedinas.com\/site\/#\/schema\/logo\/image\/","url":"https:\/\/noticiasmercedinas.com\/site\/wp-content\/uploads\/2020\/06\/LOGO-512.jpg","contentUrl":"https:\/\/noticiasmercedinas.com\/site\/wp-content\/uploads\/2020\/06\/LOGO-512.jpg","width":512,"height":512,"caption":"NOTICIASMERCEDINAS.COM"},"image":{"@id":"https:\/\/noticiasmercedinas.com\/site\/#\/schema\/logo\/image\/"},"sameAs":["https:\/\/www.facebook.com\/noticiasmercedinas\/","https:\/\/x.com\/notmercedinas","https:\/\/www.instagram.com\/noticiasmercedinas\/"]},{"@type":"Person","@id":"https:\/\/noticiasmercedinas.com\/site\/#\/schema\/person\/84b59c099c28ff2e8b77d4ceec5d8063","name":"NOTICIASMERCEDINAS.COM","image":{"@type":"ImageObject","inLanguage":"es","@id":"https:\/\/secure.gravatar.com\/avatar\/4dfbf16b4d17945bfb6341b2d19043457132fcf478a5ee04f42e959fd8f5df0a?s=96&d=mm&r=g","url":"https:\/\/secure.gravatar.com\/avatar\/4dfbf16b4d17945bfb6341b2d19043457132fcf478a5ee04f42e959fd8f5df0a?s=96&d=mm&r=g","contentUrl":"https:\/\/secure.gravatar.com\/avatar\/4dfbf16b4d17945bfb6341b2d19043457132fcf478a5ee04f42e959fd8f5df0a?s=96&d=mm&r=g","caption":"NOTICIASMERCEDINAS.COM"},"url":"https:\/\/noticiasmercedinas.com\/site\/author\/anonimo\/"}]}},"amp_enabled":true,"_links":{"self":[{"href":"https:\/\/noticiasmercedinas.com\/site\/wp-json\/wp\/v2\/posts\/111751","targetHints":{"allow":["GET"]}}],"collection":[{"href":"https:\/\/noticiasmercedinas.com\/site\/wp-json\/wp\/v2\/posts"}],"about":[{"href":"https:\/\/noticiasmercedinas.com\/site\/wp-json\/wp\/v2\/types\/post"}],"author":[{"embeddable":true,"href":"https:\/\/noticiasmercedinas.com\/site\/wp-json\/wp\/v2\/users\/16"}],"replies":[{"embeddable":true,"href":"https:\/\/noticiasmercedinas.com\/site\/wp-json\/wp\/v2\/comments?post=111751"}],"version-history":[{"count":1,"href":"https:\/\/noticiasmercedinas.com\/site\/wp-json\/wp\/v2\/posts\/111751\/revisions"}],"predecessor-version":[{"id":111752,"href":"https:\/\/noticiasmercedinas.com\/site\/wp-json\/wp\/v2\/posts\/111751\/revisions\/111752"}],"wp:featuredmedia":[{"embeddable":true,"href":"https:\/\/noticiasmercedinas.com\/site\/wp-json\/wp\/v2\/media\/69444"}],"wp:attachment":[{"href":"https:\/\/noticiasmercedinas.com\/site\/wp-json\/wp\/v2\/media?parent=111751"}],"wp:term":[{"taxonomy":"category","embeddable":true,"href":"https:\/\/noticiasmercedinas.com\/site\/wp-json\/wp\/v2\/categories?post=111751"},{"taxonomy":"post_tag","embeddable":true,"href":"https:\/\/noticiasmercedinas.com\/site\/wp-json\/wp\/v2\/tags?post=111751"}],"curies":[{"name":"wp","href":"https:\/\/api.w.org\/{rel}","templated":true}]}}