{"id":111803,"date":"2023-03-28T19:50:56","date_gmt":"2023-03-28T22:50:56","guid":{"rendered":"https:\/\/noticiasmercedinas.com\/site\/?p=111803"},"modified":"2023-03-28T19:50:56","modified_gmt":"2023-03-28T22:50:56","slug":"trasladan-paradas-de-omnibus-de-la-terminal-de-lujan-por-obras","status":"publish","type":"post","link":"https:\/\/noticiasmercedinas.com\/site\/2023\/03\/28\/trasladan-paradas-de-omnibus-de-la-terminal-de-lujan-por-obras\/","title":{"rendered":"Trasladan paradas de \u00f3mnibus de la terminal de Luj\u00e1n por obras"},"content":{"rendered":"<p><img loading=\"lazy\" decoding=\"async\" class=\"alignnone size-full wp-image-71081\" src=\"https:\/\/noticiasmercedinas.com\/site\/wp-content\/uploads\/2021\/07\/lujanIMG_8555.jpg\" alt=\"\" width=\"640\" height=\"427\" srcset=\"https:\/\/noticiasmercedinas.com\/site\/wp-content\/uploads\/2021\/07\/lujanIMG_8555.jpg 640w, https:\/\/noticiasmercedinas.com\/site\/wp-content\/uploads\/2021\/07\/lujanIMG_8555-300x200.jpg 300w\" sizes=\"auto, (max-width: 640px) 100vw, 640px\" \/><\/p>\n<p>Desde el municipio de Luj\u00e1n se inform\u00f3 a los usuarios de la Terminal de Omnibus de esa ciudad que las paradas de micros en ese espacio ser\u00e1n trasladadas por obras de refacci\u00f3n integrales que est\u00e1n en marcha.<\/p>\n<p>\u00abLes informamos que a partir de la madrugada de este mi\u00e9rcoles todos los servicios de transporte p\u00fablico que normalmente operan en la Terminal tendr\u00e1n sus paradas en la Avenida Nuestra Se\u00f1ora de Luj\u00e1n entre Almirante Brown y 25 de Mayo\u00bb, dijeron a los usuarios.<\/p>\n<p>En ese contexto informaron que las obras de renovaci\u00f3n integral de la Terminal de \u00d3mnibus \u00abtienen por objeto restaurar y dar usos eficientes al ic\u00f3nico edificio, preservando su estilo, mejorando la calidad de las prestaciones a los usuarios y transform\u00e1ndolo en una cabecera de primer nivel\u00bb.<\/p>\n<p>&nbsp;<\/p>\n","protected":false},"excerpt":{"rendered":"<p>Desde el municipio de Luj\u00e1n se inform\u00f3 a los usuarios de la Terminal de Omnibus de esa ciudad que las paradas de micros en ese espacio ser\u00e1n trasladadas por obras de refacci\u00f3n integrales que est\u00e1n en marcha. \u00abLes informamos que a partir de la madrugada de este mi\u00e9rcoles todos los servicios de transporte p\u00fablico que [&hellip;]<\/p>\n","protected":false},"author":16,"featured_media":71081,"comment_status":"closed","ping_status":"closed","sticky":false,"template":"","format":"standard","meta":{"footnotes":""},"categories":[139],"tags":[40,36,2695,13271],"class_list":["post-111803","post","type-post","status-publish","format-standard","has-post-thumbnail","hentry","category-regionales","tag-lujan","tag-obras","tag-omnibus","tag-terminal"],"yoast_head":"<!-- This site is optimized with the Yoast SEO plugin v27.4 - https:\/\/yoast.com\/product\/yoast-seo-wordpress\/ -->\n<title>Trasladan paradas de \u00f3mnibus de la terminal de Luj\u00e1n por obras<\/title>\n<meta name=\"robots\" content=\"index, follow, max-snippet:-1, max-image-preview:large, max-video-preview:-1\" \/>\n<link rel=\"canonical\" href=\"https:\/\/noticiasmercedinas.com\/site\/2023\/03\/28\/trasladan-paradas-de-omnibus-de-la-terminal-de-lujan-por-obras\/\" \/>\n<meta property=\"og:locale\" content=\"es_ES\" \/>\n<meta property=\"og:type\" content=\"article\" \/>\n<meta property=\"og:title\" content=\"Trasladan paradas de \u00f3mnibus de la terminal de Luj\u00e1n por obras\" \/>\n<meta property=\"og:description\" content=\"Desde el municipio de Luj\u00e1n se inform\u00f3 a los usuarios de la Terminal de Omnibus de esa ciudad que las paradas de micros en ese espacio ser\u00e1n trasladadas por obras de refacci\u00f3n integrales que est\u00e1n en marcha. \u00abLes informamos que a partir de la madrugada de este mi\u00e9rcoles todos los servicios de transporte p\u00fablico que [&hellip;]\" \/>\n<meta property=\"og:url\" content=\"https:\/\/noticiasmercedinas.com\/site\/2023\/03\/28\/trasladan-paradas-de-omnibus-de-la-terminal-de-lujan-por-obras\/\" \/>\n<meta property=\"og:site_name\" content=\"NOTICIASMERCEDINAS.COM\" \/>\n<meta property=\"article:publisher\" content=\"https:\/\/www.facebook.com\/noticiasmercedinas\/\" \/>\n<meta property=\"article:published_time\" content=\"2023-03-28T22:50:56+00:00\" \/>\n<meta property=\"og:image\" content=\"https:\/\/noticiasmercedinas.com\/site\/wp-content\/uploads\/2021\/07\/lujanIMG_8555.jpg\" \/>\n\t<meta property=\"og:image:width\" content=\"640\" \/>\n\t<meta property=\"og:image:height\" content=\"427\" \/>\n\t<meta property=\"og:image:type\" content=\"image\/jpeg\" \/>\n<meta name=\"author\" content=\"NOTICIASMERCEDINAS.COM\" \/>\n<meta name=\"twitter:card\" content=\"summary_large_image\" \/>\n<meta name=\"twitter:creator\" content=\"@notmercedinas\" \/>\n<meta name=\"twitter:site\" content=\"@notmercedinas\" \/>\n<meta name=\"twitter:label1\" content=\"Escrito por\" \/>\n\t<meta name=\"twitter:data1\" content=\"NOTICIASMERCEDINAS.COM\" \/>\n\t<meta name=\"twitter:label2\" content=\"Tiempo de lectura\" \/>\n\t<meta name=\"twitter:data2\" content=\"1 minuto\" \/>\n<script type=\"application\/ld+json\" class=\"yoast-schema-graph\">{\"@context\":\"https:\\\/\\\/schema.org\",\"@graph\":[{\"@type\":\"Article\",\"@id\":\"https:\\\/\\\/noticiasmercedinas.com\\\/site\\\/2023\\\/03\\\/28\\\/trasladan-paradas-de-omnibus-de-la-terminal-de-lujan-por-obras\\\/#article\",\"isPartOf\":{\"@id\":\"https:\\\/\\\/noticiasmercedinas.com\\\/site\\\/2023\\\/03\\\/28\\\/trasladan-paradas-de-omnibus-de-la-terminal-de-lujan-por-obras\\\/\"},\"author\":{\"name\":\"NOTICIASMERCEDINAS.COM\",\"@id\":\"https:\\\/\\\/noticiasmercedinas.com\\\/site\\\/#\\\/schema\\\/person\\\/84b59c099c28ff2e8b77d4ceec5d8063\"},\"headline\":\"Trasladan paradas de \u00f3mnibus de la terminal de Luj\u00e1n por obras\",\"datePublished\":\"2023-03-28T22:50:56+00:00\",\"mainEntityOfPage\":{\"@id\":\"https:\\\/\\\/noticiasmercedinas.com\\\/site\\\/2023\\\/03\\\/28\\\/trasladan-paradas-de-omnibus-de-la-terminal-de-lujan-por-obras\\\/\"},\"wordCount\":151,\"publisher\":{\"@id\":\"https:\\\/\\\/noticiasmercedinas.com\\\/site\\\/#organization\"},\"image\":{\"@id\":\"https:\\\/\\\/noticiasmercedinas.com\\\/site\\\/2023\\\/03\\\/28\\\/trasladan-paradas-de-omnibus-de-la-terminal-de-lujan-por-obras\\\/#primaryimage\"},\"thumbnailUrl\":\"https:\\\/\\\/noticiasmercedinas.com\\\/site\\\/wp-content\\\/uploads\\\/2021\\\/07\\\/lujanIMG_8555.jpg\",\"keywords\":[\"lujan\",\"obras\",\"\u00f3mnibus\",\"terminal\"],\"articleSection\":[\"Regionales\"],\"inLanguage\":\"es\"},{\"@type\":\"WebPage\",\"@id\":\"https:\\\/\\\/noticiasmercedinas.com\\\/site\\\/2023\\\/03\\\/28\\\/trasladan-paradas-de-omnibus-de-la-terminal-de-lujan-por-obras\\\/\",\"url\":\"https:\\\/\\\/noticiasmercedinas.com\\\/site\\\/2023\\\/03\\\/28\\\/trasladan-paradas-de-omnibus-de-la-terminal-de-lujan-por-obras\\\/\",\"name\":\"Trasladan paradas de \u00f3mnibus de la terminal de Luj\u00e1n por obras\",\"isPartOf\":{\"@id\":\"https:\\\/\\\/noticiasmercedinas.com\\\/site\\\/#website\"},\"primaryImageOfPage\":{\"@id\":\"https:\\\/\\\/noticiasmercedinas.com\\\/site\\\/2023\\\/03\\\/28\\\/trasladan-paradas-de-omnibus-de-la-terminal-de-lujan-por-obras\\\/#primaryimage\"},\"image\":{\"@id\":\"https:\\\/\\\/noticiasmercedinas.com\\\/site\\\/2023\\\/03\\\/28\\\/trasladan-paradas-de-omnibus-de-la-terminal-de-lujan-por-obras\\\/#primaryimage\"},\"thumbnailUrl\":\"https:\\\/\\\/noticiasmercedinas.com\\\/site\\\/wp-content\\\/uploads\\\/2021\\\/07\\\/lujanIMG_8555.jpg\",\"datePublished\":\"2023-03-28T22:50:56+00:00\",\"breadcrumb\":{\"@id\":\"https:\\\/\\\/noticiasmercedinas.com\\\/site\\\/2023\\\/03\\\/28\\\/trasladan-paradas-de-omnibus-de-la-terminal-de-lujan-por-obras\\\/#breadcrumb\"},\"inLanguage\":\"es\",\"potentialAction\":[{\"@type\":\"ReadAction\",\"target\":[\"https:\\\/\\\/noticiasmercedinas.com\\\/site\\\/2023\\\/03\\\/28\\\/trasladan-paradas-de-omnibus-de-la-terminal-de-lujan-por-obras\\\/\"]}]},{\"@type\":\"ImageObject\",\"inLanguage\":\"es\",\"@id\":\"https:\\\/\\\/noticiasmercedinas.com\\\/site\\\/2023\\\/03\\\/28\\\/trasladan-paradas-de-omnibus-de-la-terminal-de-lujan-por-obras\\\/#primaryimage\",\"url\":\"https:\\\/\\\/noticiasmercedinas.com\\\/site\\\/wp-content\\\/uploads\\\/2021\\\/07\\\/lujanIMG_8555.jpg\",\"contentUrl\":\"https:\\\/\\\/noticiasmercedinas.com\\\/site\\\/wp-content\\\/uploads\\\/2021\\\/07\\\/lujanIMG_8555.jpg\",\"width\":640,\"height\":427},{\"@type\":\"BreadcrumbList\",\"@id\":\"https:\\\/\\\/noticiasmercedinas.com\\\/site\\\/2023\\\/03\\\/28\\\/trasladan-paradas-de-omnibus-de-la-terminal-de-lujan-por-obras\\\/#breadcrumb\",\"itemListElement\":[{\"@type\":\"ListItem\",\"position\":1,\"name\":\"Portada\",\"item\":\"https:\\\/\\\/noticiasmercedinas.com\\\/site\\\/\"},{\"@type\":\"ListItem\",\"position\":2,\"name\":\"Trasladan paradas de \u00f3mnibus de la terminal de Luj\u00e1n por obras\"}]},{\"@type\":\"WebSite\",\"@id\":\"https:\\\/\\\/noticiasmercedinas.com\\\/site\\\/#website\",\"url\":\"https:\\\/\\\/noticiasmercedinas.com\\\/site\\\/\",\"name\":\"NOTICIASMERCEDINAS.COM\",\"description\":\"Mercedes, Buenos Aires, Argentina\",\"publisher\":{\"@id\":\"https:\\\/\\\/noticiasmercedinas.com\\\/site\\\/#organization\"},\"potentialAction\":[{\"@type\":\"SearchAction\",\"target\":{\"@type\":\"EntryPoint\",\"urlTemplate\":\"https:\\\/\\\/noticiasmercedinas.com\\\/site\\\/?s={search_term_string}\"},\"query-input\":{\"@type\":\"PropertyValueSpecification\",\"valueRequired\":true,\"valueName\":\"search_term_string\"}}],\"inLanguage\":\"es\"},{\"@type\":\"Organization\",\"@id\":\"https:\\\/\\\/noticiasmercedinas.com\\\/site\\\/#organization\",\"name\":\"NOTICIASMERCEDINAS.COM\",\"url\":\"https:\\\/\\\/noticiasmercedinas.com\\\/site\\\/\",\"logo\":{\"@type\":\"ImageObject\",\"inLanguage\":\"es\",\"@id\":\"https:\\\/\\\/noticiasmercedinas.com\\\/site\\\/#\\\/schema\\\/logo\\\/image\\\/\",\"url\":\"https:\\\/\\\/noticiasmercedinas.com\\\/site\\\/wp-content\\\/uploads\\\/2020\\\/06\\\/LOGO-512.jpg\",\"contentUrl\":\"https:\\\/\\\/noticiasmercedinas.com\\\/site\\\/wp-content\\\/uploads\\\/2020\\\/06\\\/LOGO-512.jpg\",\"width\":512,\"height\":512,\"caption\":\"NOTICIASMERCEDINAS.COM\"},\"image\":{\"@id\":\"https:\\\/\\\/noticiasmercedinas.com\\\/site\\\/#\\\/schema\\\/logo\\\/image\\\/\"},\"sameAs\":[\"https:\\\/\\\/www.facebook.com\\\/noticiasmercedinas\\\/\",\"https:\\\/\\\/x.com\\\/notmercedinas\",\"https:\\\/\\\/www.instagram.com\\\/noticiasmercedinas\\\/\"]},{\"@type\":\"Person\",\"@id\":\"https:\\\/\\\/noticiasmercedinas.com\\\/site\\\/#\\\/schema\\\/person\\\/84b59c099c28ff2e8b77d4ceec5d8063\",\"name\":\"NOTICIASMERCEDINAS.COM\",\"image\":{\"@type\":\"ImageObject\",\"inLanguage\":\"es\",\"@id\":\"https:\\\/\\\/secure.gravatar.com\\\/avatar\\\/4dfbf16b4d17945bfb6341b2d19043457132fcf478a5ee04f42e959fd8f5df0a?s=96&d=mm&r=g\",\"url\":\"https:\\\/\\\/secure.gravatar.com\\\/avatar\\\/4dfbf16b4d17945bfb6341b2d19043457132fcf478a5ee04f42e959fd8f5df0a?s=96&d=mm&r=g\",\"contentUrl\":\"https:\\\/\\\/secure.gravatar.com\\\/avatar\\\/4dfbf16b4d17945bfb6341b2d19043457132fcf478a5ee04f42e959fd8f5df0a?s=96&d=mm&r=g\",\"caption\":\"NOTICIASMERCEDINAS.COM\"},\"url\":\"https:\\\/\\\/noticiasmercedinas.com\\\/site\\\/author\\\/anonimo\\\/\"}]}<\/script>\n<!-- \/ Yoast SEO plugin. -->","yoast_head_json":{"title":"Trasladan paradas de \u00f3mnibus de la terminal de Luj\u00e1n por obras","robots":{"index":"index","follow":"follow","max-snippet":"max-snippet:-1","max-image-preview":"max-image-preview:large","max-video-preview":"max-video-preview:-1"},"canonical":"https:\/\/noticiasmercedinas.com\/site\/2023\/03\/28\/trasladan-paradas-de-omnibus-de-la-terminal-de-lujan-por-obras\/","og_locale":"es_ES","og_type":"article","og_title":"Trasladan paradas de \u00f3mnibus de la terminal de Luj\u00e1n por obras","og_description":"Desde el municipio de Luj\u00e1n se inform\u00f3 a los usuarios de la Terminal de Omnibus de esa ciudad que las paradas de micros en ese espacio ser\u00e1n trasladadas por obras de refacci\u00f3n integrales que est\u00e1n en marcha. \u00abLes informamos que a partir de la madrugada de este mi\u00e9rcoles todos los servicios de transporte p\u00fablico que [&hellip;]","og_url":"https:\/\/noticiasmercedinas.com\/site\/2023\/03\/28\/trasladan-paradas-de-omnibus-de-la-terminal-de-lujan-por-obras\/","og_site_name":"NOTICIASMERCEDINAS.COM","article_publisher":"https:\/\/www.facebook.com\/noticiasmercedinas\/","article_published_time":"2023-03-28T22:50:56+00:00","og_image":[{"width":640,"height":427,"url":"https:\/\/noticiasmercedinas.com\/site\/wp-content\/uploads\/2021\/07\/lujanIMG_8555.jpg","type":"image\/jpeg"}],"author":"NOTICIASMERCEDINAS.COM","twitter_card":"summary_large_image","twitter_creator":"@notmercedinas","twitter_site":"@notmercedinas","twitter_misc":{"Escrito por":"NOTICIASMERCEDINAS.COM","Tiempo de lectura":"1 minuto"},"schema":{"@context":"https:\/\/schema.org","@graph":[{"@type":"Article","@id":"https:\/\/noticiasmercedinas.com\/site\/2023\/03\/28\/trasladan-paradas-de-omnibus-de-la-terminal-de-lujan-por-obras\/#article","isPartOf":{"@id":"https:\/\/noticiasmercedinas.com\/site\/2023\/03\/28\/trasladan-paradas-de-omnibus-de-la-terminal-de-lujan-por-obras\/"},"author":{"name":"NOTICIASMERCEDINAS.COM","@id":"https:\/\/noticiasmercedinas.com\/site\/#\/schema\/person\/84b59c099c28ff2e8b77d4ceec5d8063"},"headline":"Trasladan paradas de \u00f3mnibus de la terminal de Luj\u00e1n por obras","datePublished":"2023-03-28T22:50:56+00:00","mainEntityOfPage":{"@id":"https:\/\/noticiasmercedinas.com\/site\/2023\/03\/28\/trasladan-paradas-de-omnibus-de-la-terminal-de-lujan-por-obras\/"},"wordCount":151,"publisher":{"@id":"https:\/\/noticiasmercedinas.com\/site\/#organization"},"image":{"@id":"https:\/\/noticiasmercedinas.com\/site\/2023\/03\/28\/trasladan-paradas-de-omnibus-de-la-terminal-de-lujan-por-obras\/#primaryimage"},"thumbnailUrl":"https:\/\/noticiasmercedinas.com\/site\/wp-content\/uploads\/2021\/07\/lujanIMG_8555.jpg","keywords":["lujan","obras","\u00f3mnibus","terminal"],"articleSection":["Regionales"],"inLanguage":"es"},{"@type":"WebPage","@id":"https:\/\/noticiasmercedinas.com\/site\/2023\/03\/28\/trasladan-paradas-de-omnibus-de-la-terminal-de-lujan-por-obras\/","url":"https:\/\/noticiasmercedinas.com\/site\/2023\/03\/28\/trasladan-paradas-de-omnibus-de-la-terminal-de-lujan-por-obras\/","name":"Trasladan paradas de \u00f3mnibus de la terminal de Luj\u00e1n por obras","isPartOf":{"@id":"https:\/\/noticiasmercedinas.com\/site\/#website"},"primaryImageOfPage":{"@id":"https:\/\/noticiasmercedinas.com\/site\/2023\/03\/28\/trasladan-paradas-de-omnibus-de-la-terminal-de-lujan-por-obras\/#primaryimage"},"image":{"@id":"https:\/\/noticiasmercedinas.com\/site\/2023\/03\/28\/trasladan-paradas-de-omnibus-de-la-terminal-de-lujan-por-obras\/#primaryimage"},"thumbnailUrl":"https:\/\/noticiasmercedinas.com\/site\/wp-content\/uploads\/2021\/07\/lujanIMG_8555.jpg","datePublished":"2023-03-28T22:50:56+00:00","breadcrumb":{"@id":"https:\/\/noticiasmercedinas.com\/site\/2023\/03\/28\/trasladan-paradas-de-omnibus-de-la-terminal-de-lujan-por-obras\/#breadcrumb"},"inLanguage":"es","potentialAction":[{"@type":"ReadAction","target":["https:\/\/noticiasmercedinas.com\/site\/2023\/03\/28\/trasladan-paradas-de-omnibus-de-la-terminal-de-lujan-por-obras\/"]}]},{"@type":"ImageObject","inLanguage":"es","@id":"https:\/\/noticiasmercedinas.com\/site\/2023\/03\/28\/trasladan-paradas-de-omnibus-de-la-terminal-de-lujan-por-obras\/#primaryimage","url":"https:\/\/noticiasmercedinas.com\/site\/wp-content\/uploads\/2021\/07\/lujanIMG_8555.jpg","contentUrl":"https:\/\/noticiasmercedinas.com\/site\/wp-content\/uploads\/2021\/07\/lujanIMG_8555.jpg","width":640,"height":427},{"@type":"BreadcrumbList","@id":"https:\/\/noticiasmercedinas.com\/site\/2023\/03\/28\/trasladan-paradas-de-omnibus-de-la-terminal-de-lujan-por-obras\/#breadcrumb","itemListElement":[{"@type":"ListItem","position":1,"name":"Portada","item":"https:\/\/noticiasmercedinas.com\/site\/"},{"@type":"ListItem","position":2,"name":"Trasladan paradas de \u00f3mnibus de la terminal de Luj\u00e1n por obras"}]},{"@type":"WebSite","@id":"https:\/\/noticiasmercedinas.com\/site\/#website","url":"https:\/\/noticiasmercedinas.com\/site\/","name":"NOTICIASMERCEDINAS.COM","description":"Mercedes, Buenos Aires, Argentina","publisher":{"@id":"https:\/\/noticiasmercedinas.com\/site\/#organization"},"potentialAction":[{"@type":"SearchAction","target":{"@type":"EntryPoint","urlTemplate":"https:\/\/noticiasmercedinas.com\/site\/?s={search_term_string}"},"query-input":{"@type":"PropertyValueSpecification","valueRequired":true,"valueName":"search_term_string"}}],"inLanguage":"es"},{"@type":"Organization","@id":"https:\/\/noticiasmercedinas.com\/site\/#organization","name":"NOTICIASMERCEDINAS.COM","url":"https:\/\/noticiasmercedinas.com\/site\/","logo":{"@type":"ImageObject","inLanguage":"es","@id":"https:\/\/noticiasmercedinas.com\/site\/#\/schema\/logo\/image\/","url":"https:\/\/noticiasmercedinas.com\/site\/wp-content\/uploads\/2020\/06\/LOGO-512.jpg","contentUrl":"https:\/\/noticiasmercedinas.com\/site\/wp-content\/uploads\/2020\/06\/LOGO-512.jpg","width":512,"height":512,"caption":"NOTICIASMERCEDINAS.COM"},"image":{"@id":"https:\/\/noticiasmercedinas.com\/site\/#\/schema\/logo\/image\/"},"sameAs":["https:\/\/www.facebook.com\/noticiasmercedinas\/","https:\/\/x.com\/notmercedinas","https:\/\/www.instagram.com\/noticiasmercedinas\/"]},{"@type":"Person","@id":"https:\/\/noticiasmercedinas.com\/site\/#\/schema\/person\/84b59c099c28ff2e8b77d4ceec5d8063","name":"NOTICIASMERCEDINAS.COM","image":{"@type":"ImageObject","inLanguage":"es","@id":"https:\/\/secure.gravatar.com\/avatar\/4dfbf16b4d17945bfb6341b2d19043457132fcf478a5ee04f42e959fd8f5df0a?s=96&d=mm&r=g","url":"https:\/\/secure.gravatar.com\/avatar\/4dfbf16b4d17945bfb6341b2d19043457132fcf478a5ee04f42e959fd8f5df0a?s=96&d=mm&r=g","contentUrl":"https:\/\/secure.gravatar.com\/avatar\/4dfbf16b4d17945bfb6341b2d19043457132fcf478a5ee04f42e959fd8f5df0a?s=96&d=mm&r=g","caption":"NOTICIASMERCEDINAS.COM"},"url":"https:\/\/noticiasmercedinas.com\/site\/author\/anonimo\/"}]}},"amp_enabled":true,"_links":{"self":[{"href":"https:\/\/noticiasmercedinas.com\/site\/wp-json\/wp\/v2\/posts\/111803","targetHints":{"allow":["GET"]}}],"collection":[{"href":"https:\/\/noticiasmercedinas.com\/site\/wp-json\/wp\/v2\/posts"}],"about":[{"href":"https:\/\/noticiasmercedinas.com\/site\/wp-json\/wp\/v2\/types\/post"}],"author":[{"embeddable":true,"href":"https:\/\/noticiasmercedinas.com\/site\/wp-json\/wp\/v2\/users\/16"}],"replies":[{"embeddable":true,"href":"https:\/\/noticiasmercedinas.com\/site\/wp-json\/wp\/v2\/comments?post=111803"}],"version-history":[{"count":1,"href":"https:\/\/noticiasmercedinas.com\/site\/wp-json\/wp\/v2\/posts\/111803\/revisions"}],"predecessor-version":[{"id":111804,"href":"https:\/\/noticiasmercedinas.com\/site\/wp-json\/wp\/v2\/posts\/111803\/revisions\/111804"}],"wp:featuredmedia":[{"embeddable":true,"href":"https:\/\/noticiasmercedinas.com\/site\/wp-json\/wp\/v2\/media\/71081"}],"wp:attachment":[{"href":"https:\/\/noticiasmercedinas.com\/site\/wp-json\/wp\/v2\/media?parent=111803"}],"wp:term":[{"taxonomy":"category","embeddable":true,"href":"https:\/\/noticiasmercedinas.com\/site\/wp-json\/wp\/v2\/categories?post=111803"},{"taxonomy":"post_tag","embeddable":true,"href":"https:\/\/noticiasmercedinas.com\/site\/wp-json\/wp\/v2\/tags?post=111803"}],"curies":[{"name":"wp","href":"https:\/\/api.w.org\/{rel}","templated":true}]}}