{"id":111805,"date":"2023-03-29T08:16:12","date_gmt":"2023-03-29T11:16:12","guid":{"rendered":"https:\/\/noticiasmercedinas.com\/site\/?p=111805"},"modified":"2023-03-31T08:56:54","modified_gmt":"2023-03-31T11:56:54","slug":"sinodo-arquidiocesano-obispo-scheinig-pide-animar-a-muchos-para-que-participen","status":"publish","type":"post","link":"https:\/\/noticiasmercedinas.com\/site\/2023\/03\/29\/sinodo-arquidiocesano-obispo-scheinig-pide-animar-a-muchos-para-que-participen\/","title":{"rendered":"S\u00ednodo Arquidiocesano: obispo Scheinig pide \u00abanimar a muchos para que participen\u00bb"},"content":{"rendered":"<p><img loading=\"lazy\" decoding=\"async\" class=\"alignnone size-full wp-image-111806\" src=\"https:\/\/noticiasmercedinas.com\/site\/wp-content\/uploads\/2023\/03\/Misa-de-Apertura.-18-03-23.-440x220px-1.jpg\" alt=\"\" width=\"640\" height=\"320\" srcset=\"https:\/\/noticiasmercedinas.com\/site\/wp-content\/uploads\/2023\/03\/Misa-de-Apertura.-18-03-23.-440x220px-1.jpg 640w, https:\/\/noticiasmercedinas.com\/site\/wp-content\/uploads\/2023\/03\/Misa-de-Apertura.-18-03-23.-440x220px-1-300x150.jpg 300w\" sizes=\"auto, (max-width: 640px) 100vw, 640px\" \/><\/p>\n<p>Encabezada por <strong>Jorge Eduardo Scheinig<\/strong>, el pasado s\u00e1bado por la ma\u00f1ana se produjo la misa de apertura del primer S\u00ednodo Arquidiocesano.<\/p>\n<p>Se trata de una actividad de escucha en la que se viene trabajando desde hace meses en las distintas comunidades eclesi\u00e1sticas que han designado a sus delegados sinodales para la oportunidad.<\/p>\n<p>Se trata del primer S\u00ednodo Arquidiocesano sobre la Evangelizaci\u00f3n y la Catequesis hoy. Y en la homil\u00eda que fuera proclamada por Jorge Eduardo Scheinig este plante\u00f3 algunas de las cuestiones a trabajar.<\/p>\n<p>Marc\u00f3 la necesidad de \u201cdespertarnos y sacarnos de nuestras cegueras e incomunicaciones profundas y que hacen que nuestra Iglesia se quede muchas veces en cuestiones superficiales, como desorientada y desmotivada por la p\u00e9rdida del sentido de su ser y misi\u00f3n y adem\u00e1s, aislada, encerrada en s\u00ed misma, carente de una vida comunitaria sabrosa, atractiva, con capacidad de contagiar a otros la alegr\u00eda del Evangelio\u201d.<\/p>\n<p>\u201cNo es s\u00f3lo el mundo, o los otros los que tienen males y carencias, tambi\u00e9n nosotros tenemos cegueras y mudeces, y en lo profundo, en la ra\u00edz, est\u00e1n el problema del mal, del pecado, de la falta de confianza y de conversi\u00f3n, de la tibieza y la mediocridad y al mismo tiempo, el desaf\u00edo de una fe viva en Jesucristo. Este S\u00ednodo, en sinton\u00eda con el S\u00ednodo convocado por el Papa Francisco, se convierte en una oportunidad para ver de otra manera toda la realidad, la del mundo y la de la Iglesia\u201d, dijo Scheinig.<\/p>\n<p>\u201cEstamos frente a un acontecimiento de salvaci\u00f3n, un Kair\u00f3s, una nueva irrupci\u00f3n desbordante del Esp\u00edritu del Se\u00f1or que nos urge a evangelizar. Porque los tiempos son apremiantes y no podemos callar, ni dejar de dar testimonio de lo que hemos experimentado en carne propia y de las maravillas que hemos visto y o\u00eddo. Queremos dar testimonio de lo que Jes\u00fas hizo y hace en nosotros, queremos contagiar, salir, llevar la Buena Noticia y trabajar para que toda persona se levante y encuentre el sentido de la vida y su salvaci\u00f3n\u201d, agreg\u00f3 luego.<\/p>\n<blockquote><p>\u00abEstoy seguro que aparecer\u00e1n voces que pondr\u00e1n en duda lo que estamos haciendo, que intentar\u00e1n dividir y llenarnos de desconfianza y desesperanza. Voces cargadas de negatividad, falsas doctrinas y propuestas. Sepan querido Pueblo de Dios que esas voces no vienen de Dios, sino del maligno que har\u00e1 todo lo posible para confundirnos y destruir este camino\u00bb<\/p><\/blockquote>\n<p>\u201cLes pido a todos ustedes que han sido elegidos por el Pueblo de Dios para ser sinodales, que dejen que Jes\u00fas les abra los ojos para ver y les d\u00e9 el habla para compartir. Pero muy especialmente les pido por favor a ustedes queridas laicas y laicos, hablen con libertad, no se dejen tentar por el demonio de la mudez que los puede hacer callar delante de los cl\u00e9rigos, sacerdotes o di\u00e1conos. No pueden, ni deben callar todo lo que tienen en el coraz\u00f3n y que lo tienen porque Dios ha sembrado en ustedes las semillas del Reino y le han respondido dici\u00e9ndole que s\u00ed. Adem\u00e1s, rezan y celebran con fe y perseverancia; aman a Mar\u00eda, la Madre del Se\u00f1or; sirven a sus hermanos y tienen una enorme experiencia y riqueza pastoral. No le priven a nuestra querida Iglesia de Mercedes-Luj\u00e1n de su sabidur\u00eda pastoral\u201d, pidi\u00f3.<\/p>\n<p>\u201cLes pido por favor, que no convirtamos al S\u00ednodo en un encuentro para decir las mismas cosas que a nosotros nos gusta escucharnos decir, que quedan en una pura autorreferencialidad, que poco o nada transforman y que s\u00f3lo entusiasman y convencen a muy pocos. Anim\u00e9monos decididamente a descubrir lo que Dios quiere para nuestra Iglesia, siendo evangelizadores y catequistas lanzados hacia adelante y creativos. En este a\u00f1o sinodal, tengo la certeza que el Esp\u00edritu Santo nos ayudar\u00e1 a encontrar los verdaderos desaf\u00edos y adem\u00e1s, los posibles caminos pastorales para una mejor Evangelizaci\u00f3n y Catequesis\u00a0 Hoy\u201d, afirm\u00f3 entre otros conceptos.<\/p>\n<p>\u201cUstedes deber\u00e1n animar a muchos para que participen de verdad de esta caminata llena de confianza y esperanza. Cu\u00e1ntos m\u00e1s inviten a participar en las Asambleas parroquiales, de los colegios, de los movimientos e instituciones, mejor. \u00a1Lleguen especialmente a los que est\u00e1n alejados! \u00a1Cuidado! Estoy seguro que aparecer\u00e1n voces que pondr\u00e1n en duda lo que estamos haciendo, que intentar\u00e1n dividir y llenarnos de desconfianza y desesperanza. Voces cargadas de negatividad, falsas doctrinas y propuestas. Sepan querido Pueblo de Dios que esas voces no vienen de Dios, sino del maligno que har\u00e1 todo lo posible para confundirnos y destruir este camino. \u00a1Fuerza! \u00a1\u00c1nimo! \u00a1Perseverancia! \u00a1Aqu\u00ed est\u00e1 la Iglesia del Se\u00f1or!\u201d, ampli\u00f3 Scheinig, quien es Arzobispo de Mercedes-Luj\u00e1n.<\/p>\n<p><iframe loading=\"lazy\" title=\"Santa Misa de Apertura del Primer S\u00ednodo Arquidiocesano\" width=\"640\" height=\"360\" src=\"https:\/\/www.youtube.com\/embed\/6S3g1aO78Ms?feature=oembed\" frameborder=\"0\" allow=\"accelerometer; autoplay; clipboard-write; encrypted-media; gyroscope; picture-in-picture; web-share\" referrerpolicy=\"strict-origin-when-cross-origin\" allowfullscreen><\/iframe><\/p>\n","protected":false},"excerpt":{"rendered":"<p>\u25a0 El m\u00e1ximo referente de Mercedes &#8211; Luj\u00e1n presidi\u00f3 la misa de apertura del primer S\u00ednodo Arquidiocesano. Un proceso de escucha est\u00e1 en marcha en todas las comunidades.<\/p>\n","protected":false},"author":16,"featured_media":111806,"comment_status":"closed","ping_status":"closed","sticky":false,"template":"","format":"standard","meta":{"footnotes":""},"categories":[3],"tags":[1587,11318,16538,15972],"class_list":["post-111805","post","type-post","status-publish","format-standard","has-post-thumbnail","hentry","category-sociedad","tag-arzobispado-de-mercedes-lujan","tag-arzobispo-jorge-eduardo-scheinig","tag-iglesia-catolica","tag-sinodo-arquidiocesano"],"yoast_head":"<!-- This site is optimized with the Yoast SEO plugin v27.4 - https:\/\/yoast.com\/product\/yoast-seo-wordpress\/ -->\n<title>S\u00ednodo Arquidiocesano: obispo Scheinig pide &quot;animar a muchos para que participen&quot;<\/title>\n<meta name=\"robots\" content=\"index, follow, max-snippet:-1, max-image-preview:large, max-video-preview:-1\" \/>\n<link rel=\"canonical\" href=\"https:\/\/noticiasmercedinas.com\/site\/2023\/03\/29\/sinodo-arquidiocesano-obispo-scheinig-pide-animar-a-muchos-para-que-participen\/\" \/>\n<meta property=\"og:locale\" content=\"es_ES\" \/>\n<meta property=\"og:type\" content=\"article\" \/>\n<meta property=\"og:title\" content=\"S\u00ednodo Arquidiocesano: obispo Scheinig pide &quot;animar a muchos para que participen&quot;\" \/>\n<meta property=\"og:description\" content=\"\u25a0 El m\u00e1ximo referente de Mercedes - Luj\u00e1n presidi\u00f3 la misa de apertura del primer S\u00ednodo Arquidiocesano. Un proceso de escucha est\u00e1 en marcha en todas las comunidades.\" \/>\n<meta property=\"og:url\" content=\"https:\/\/noticiasmercedinas.com\/site\/2023\/03\/29\/sinodo-arquidiocesano-obispo-scheinig-pide-animar-a-muchos-para-que-participen\/\" \/>\n<meta property=\"og:site_name\" content=\"NOTICIASMERCEDINAS.COM\" \/>\n<meta property=\"article:publisher\" content=\"https:\/\/www.facebook.com\/noticiasmercedinas\/\" \/>\n<meta property=\"article:published_time\" content=\"2023-03-29T11:16:12+00:00\" \/>\n<meta property=\"article:modified_time\" content=\"2023-03-31T11:56:54+00:00\" \/>\n<meta property=\"og:image\" content=\"https:\/\/noticiasmercedinas.com\/site\/wp-content\/uploads\/2023\/03\/Misa-de-Apertura.-18-03-23.-440x220px-1.jpg\" \/>\n\t<meta property=\"og:image:width\" content=\"640\" \/>\n\t<meta property=\"og:image:height\" content=\"320\" \/>\n\t<meta property=\"og:image:type\" content=\"image\/jpeg\" \/>\n<meta name=\"author\" content=\"NOTICIASMERCEDINAS.COM\" \/>\n<meta name=\"twitter:card\" content=\"summary_large_image\" \/>\n<meta name=\"twitter:creator\" content=\"@notmercedinas\" \/>\n<meta name=\"twitter:site\" content=\"@notmercedinas\" \/>\n<meta name=\"twitter:label1\" content=\"Escrito por\" \/>\n\t<meta name=\"twitter:data1\" content=\"NOTICIASMERCEDINAS.COM\" \/>\n\t<meta name=\"twitter:label2\" content=\"Tiempo de lectura\" \/>\n\t<meta name=\"twitter:data2\" content=\"4 minutos\" \/>\n<script type=\"application\/ld+json\" class=\"yoast-schema-graph\">{\"@context\":\"https:\\\/\\\/schema.org\",\"@graph\":[{\"@type\":\"Article\",\"@id\":\"https:\\\/\\\/noticiasmercedinas.com\\\/site\\\/2023\\\/03\\\/29\\\/sinodo-arquidiocesano-obispo-scheinig-pide-animar-a-muchos-para-que-participen\\\/#article\",\"isPartOf\":{\"@id\":\"https:\\\/\\\/noticiasmercedinas.com\\\/site\\\/2023\\\/03\\\/29\\\/sinodo-arquidiocesano-obispo-scheinig-pide-animar-a-muchos-para-que-participen\\\/\"},\"author\":{\"name\":\"NOTICIASMERCEDINAS.COM\",\"@id\":\"https:\\\/\\\/noticiasmercedinas.com\\\/site\\\/#\\\/schema\\\/person\\\/84b59c099c28ff2e8b77d4ceec5d8063\"},\"headline\":\"S\u00ednodo Arquidiocesano: obispo Scheinig pide \u00abanimar a muchos para que participen\u00bb\",\"datePublished\":\"2023-03-29T11:16:12+00:00\",\"dateModified\":\"2023-03-31T11:56:54+00:00\",\"mainEntityOfPage\":{\"@id\":\"https:\\\/\\\/noticiasmercedinas.com\\\/site\\\/2023\\\/03\\\/29\\\/sinodo-arquidiocesano-obispo-scheinig-pide-animar-a-muchos-para-que-participen\\\/\"},\"wordCount\":829,\"publisher\":{\"@id\":\"https:\\\/\\\/noticiasmercedinas.com\\\/site\\\/#organization\"},\"image\":{\"@id\":\"https:\\\/\\\/noticiasmercedinas.com\\\/site\\\/2023\\\/03\\\/29\\\/sinodo-arquidiocesano-obispo-scheinig-pide-animar-a-muchos-para-que-participen\\\/#primaryimage\"},\"thumbnailUrl\":\"https:\\\/\\\/noticiasmercedinas.com\\\/site\\\/wp-content\\\/uploads\\\/2023\\\/03\\\/Misa-de-Apertura.-18-03-23.-440x220px-1.jpg\",\"keywords\":[\"arzobispado de Mercedes Lujan\",\"arzobispo Jorge Eduardo Scheinig\",\"iglesia catolica\",\"S\u00ednodo arquidiocesano\"],\"articleSection\":[\"Sociedad\"],\"inLanguage\":\"es\"},{\"@type\":\"WebPage\",\"@id\":\"https:\\\/\\\/noticiasmercedinas.com\\\/site\\\/2023\\\/03\\\/29\\\/sinodo-arquidiocesano-obispo-scheinig-pide-animar-a-muchos-para-que-participen\\\/\",\"url\":\"https:\\\/\\\/noticiasmercedinas.com\\\/site\\\/2023\\\/03\\\/29\\\/sinodo-arquidiocesano-obispo-scheinig-pide-animar-a-muchos-para-que-participen\\\/\",\"name\":\"S\u00ednodo Arquidiocesano: obispo Scheinig pide \\\"animar a muchos para que participen\\\"\",\"isPartOf\":{\"@id\":\"https:\\\/\\\/noticiasmercedinas.com\\\/site\\\/#website\"},\"primaryImageOfPage\":{\"@id\":\"https:\\\/\\\/noticiasmercedinas.com\\\/site\\\/2023\\\/03\\\/29\\\/sinodo-arquidiocesano-obispo-scheinig-pide-animar-a-muchos-para-que-participen\\\/#primaryimage\"},\"image\":{\"@id\":\"https:\\\/\\\/noticiasmercedinas.com\\\/site\\\/2023\\\/03\\\/29\\\/sinodo-arquidiocesano-obispo-scheinig-pide-animar-a-muchos-para-que-participen\\\/#primaryimage\"},\"thumbnailUrl\":\"https:\\\/\\\/noticiasmercedinas.com\\\/site\\\/wp-content\\\/uploads\\\/2023\\\/03\\\/Misa-de-Apertura.-18-03-23.-440x220px-1.jpg\",\"datePublished\":\"2023-03-29T11:16:12+00:00\",\"dateModified\":\"2023-03-31T11:56:54+00:00\",\"breadcrumb\":{\"@id\":\"https:\\\/\\\/noticiasmercedinas.com\\\/site\\\/2023\\\/03\\\/29\\\/sinodo-arquidiocesano-obispo-scheinig-pide-animar-a-muchos-para-que-participen\\\/#breadcrumb\"},\"inLanguage\":\"es\",\"potentialAction\":[{\"@type\":\"ReadAction\",\"target\":[\"https:\\\/\\\/noticiasmercedinas.com\\\/site\\\/2023\\\/03\\\/29\\\/sinodo-arquidiocesano-obispo-scheinig-pide-animar-a-muchos-para-que-participen\\\/\"]}]},{\"@type\":\"ImageObject\",\"inLanguage\":\"es\",\"@id\":\"https:\\\/\\\/noticiasmercedinas.com\\\/site\\\/2023\\\/03\\\/29\\\/sinodo-arquidiocesano-obispo-scheinig-pide-animar-a-muchos-para-que-participen\\\/#primaryimage\",\"url\":\"https:\\\/\\\/noticiasmercedinas.com\\\/site\\\/wp-content\\\/uploads\\\/2023\\\/03\\\/Misa-de-Apertura.-18-03-23.-440x220px-1.jpg\",\"contentUrl\":\"https:\\\/\\\/noticiasmercedinas.com\\\/site\\\/wp-content\\\/uploads\\\/2023\\\/03\\\/Misa-de-Apertura.-18-03-23.-440x220px-1.jpg\",\"width\":640,\"height\":320},{\"@type\":\"BreadcrumbList\",\"@id\":\"https:\\\/\\\/noticiasmercedinas.com\\\/site\\\/2023\\\/03\\\/29\\\/sinodo-arquidiocesano-obispo-scheinig-pide-animar-a-muchos-para-que-participen\\\/#breadcrumb\",\"itemListElement\":[{\"@type\":\"ListItem\",\"position\":1,\"name\":\"Portada\",\"item\":\"https:\\\/\\\/noticiasmercedinas.com\\\/site\\\/\"},{\"@type\":\"ListItem\",\"position\":2,\"name\":\"S\u00ednodo Arquidiocesano: obispo Scheinig pide \u00abanimar a muchos para que participen\u00bb\"}]},{\"@type\":\"WebSite\",\"@id\":\"https:\\\/\\\/noticiasmercedinas.com\\\/site\\\/#website\",\"url\":\"https:\\\/\\\/noticiasmercedinas.com\\\/site\\\/\",\"name\":\"NOTICIASMERCEDINAS.COM\",\"description\":\"Mercedes, Buenos Aires, Argentina\",\"publisher\":{\"@id\":\"https:\\\/\\\/noticiasmercedinas.com\\\/site\\\/#organization\"},\"potentialAction\":[{\"@type\":\"SearchAction\",\"target\":{\"@type\":\"EntryPoint\",\"urlTemplate\":\"https:\\\/\\\/noticiasmercedinas.com\\\/site\\\/?s={search_term_string}\"},\"query-input\":{\"@type\":\"PropertyValueSpecification\",\"valueRequired\":true,\"valueName\":\"search_term_string\"}}],\"inLanguage\":\"es\"},{\"@type\":\"Organization\",\"@id\":\"https:\\\/\\\/noticiasmercedinas.com\\\/site\\\/#organization\",\"name\":\"NOTICIASMERCEDINAS.COM\",\"url\":\"https:\\\/\\\/noticiasmercedinas.com\\\/site\\\/\",\"logo\":{\"@type\":\"ImageObject\",\"inLanguage\":\"es\",\"@id\":\"https:\\\/\\\/noticiasmercedinas.com\\\/site\\\/#\\\/schema\\\/logo\\\/image\\\/\",\"url\":\"https:\\\/\\\/noticiasmercedinas.com\\\/site\\\/wp-content\\\/uploads\\\/2020\\\/06\\\/LOGO-512.jpg\",\"contentUrl\":\"https:\\\/\\\/noticiasmercedinas.com\\\/site\\\/wp-content\\\/uploads\\\/2020\\\/06\\\/LOGO-512.jpg\",\"width\":512,\"height\":512,\"caption\":\"NOTICIASMERCEDINAS.COM\"},\"image\":{\"@id\":\"https:\\\/\\\/noticiasmercedinas.com\\\/site\\\/#\\\/schema\\\/logo\\\/image\\\/\"},\"sameAs\":[\"https:\\\/\\\/www.facebook.com\\\/noticiasmercedinas\\\/\",\"https:\\\/\\\/x.com\\\/notmercedinas\",\"https:\\\/\\\/www.instagram.com\\\/noticiasmercedinas\\\/\"]},{\"@type\":\"Person\",\"@id\":\"https:\\\/\\\/noticiasmercedinas.com\\\/site\\\/#\\\/schema\\\/person\\\/84b59c099c28ff2e8b77d4ceec5d8063\",\"name\":\"NOTICIASMERCEDINAS.COM\",\"image\":{\"@type\":\"ImageObject\",\"inLanguage\":\"es\",\"@id\":\"https:\\\/\\\/secure.gravatar.com\\\/avatar\\\/4dfbf16b4d17945bfb6341b2d19043457132fcf478a5ee04f42e959fd8f5df0a?s=96&d=mm&r=g\",\"url\":\"https:\\\/\\\/secure.gravatar.com\\\/avatar\\\/4dfbf16b4d17945bfb6341b2d19043457132fcf478a5ee04f42e959fd8f5df0a?s=96&d=mm&r=g\",\"contentUrl\":\"https:\\\/\\\/secure.gravatar.com\\\/avatar\\\/4dfbf16b4d17945bfb6341b2d19043457132fcf478a5ee04f42e959fd8f5df0a?s=96&d=mm&r=g\",\"caption\":\"NOTICIASMERCEDINAS.COM\"},\"url\":\"https:\\\/\\\/noticiasmercedinas.com\\\/site\\\/author\\\/anonimo\\\/\"}]}<\/script>\n<!-- \/ Yoast SEO plugin. -->","yoast_head_json":{"title":"S\u00ednodo Arquidiocesano: obispo Scheinig pide \"animar a muchos para que participen\"","robots":{"index":"index","follow":"follow","max-snippet":"max-snippet:-1","max-image-preview":"max-image-preview:large","max-video-preview":"max-video-preview:-1"},"canonical":"https:\/\/noticiasmercedinas.com\/site\/2023\/03\/29\/sinodo-arquidiocesano-obispo-scheinig-pide-animar-a-muchos-para-que-participen\/","og_locale":"es_ES","og_type":"article","og_title":"S\u00ednodo Arquidiocesano: obispo Scheinig pide \"animar a muchos para que participen\"","og_description":"\u25a0 El m\u00e1ximo referente de Mercedes - Luj\u00e1n presidi\u00f3 la misa de apertura del primer S\u00ednodo Arquidiocesano. Un proceso de escucha est\u00e1 en marcha en todas las comunidades.","og_url":"https:\/\/noticiasmercedinas.com\/site\/2023\/03\/29\/sinodo-arquidiocesano-obispo-scheinig-pide-animar-a-muchos-para-que-participen\/","og_site_name":"NOTICIASMERCEDINAS.COM","article_publisher":"https:\/\/www.facebook.com\/noticiasmercedinas\/","article_published_time":"2023-03-29T11:16:12+00:00","article_modified_time":"2023-03-31T11:56:54+00:00","og_image":[{"width":640,"height":320,"url":"https:\/\/noticiasmercedinas.com\/site\/wp-content\/uploads\/2023\/03\/Misa-de-Apertura.-18-03-23.-440x220px-1.jpg","type":"image\/jpeg"}],"author":"NOTICIASMERCEDINAS.COM","twitter_card":"summary_large_image","twitter_creator":"@notmercedinas","twitter_site":"@notmercedinas","twitter_misc":{"Escrito por":"NOTICIASMERCEDINAS.COM","Tiempo de lectura":"4 minutos"},"schema":{"@context":"https:\/\/schema.org","@graph":[{"@type":"Article","@id":"https:\/\/noticiasmercedinas.com\/site\/2023\/03\/29\/sinodo-arquidiocesano-obispo-scheinig-pide-animar-a-muchos-para-que-participen\/#article","isPartOf":{"@id":"https:\/\/noticiasmercedinas.com\/site\/2023\/03\/29\/sinodo-arquidiocesano-obispo-scheinig-pide-animar-a-muchos-para-que-participen\/"},"author":{"name":"NOTICIASMERCEDINAS.COM","@id":"https:\/\/noticiasmercedinas.com\/site\/#\/schema\/person\/84b59c099c28ff2e8b77d4ceec5d8063"},"headline":"S\u00ednodo Arquidiocesano: obispo Scheinig pide \u00abanimar a muchos para que participen\u00bb","datePublished":"2023-03-29T11:16:12+00:00","dateModified":"2023-03-31T11:56:54+00:00","mainEntityOfPage":{"@id":"https:\/\/noticiasmercedinas.com\/site\/2023\/03\/29\/sinodo-arquidiocesano-obispo-scheinig-pide-animar-a-muchos-para-que-participen\/"},"wordCount":829,"publisher":{"@id":"https:\/\/noticiasmercedinas.com\/site\/#organization"},"image":{"@id":"https:\/\/noticiasmercedinas.com\/site\/2023\/03\/29\/sinodo-arquidiocesano-obispo-scheinig-pide-animar-a-muchos-para-que-participen\/#primaryimage"},"thumbnailUrl":"https:\/\/noticiasmercedinas.com\/site\/wp-content\/uploads\/2023\/03\/Misa-de-Apertura.-18-03-23.-440x220px-1.jpg","keywords":["arzobispado de Mercedes Lujan","arzobispo Jorge Eduardo Scheinig","iglesia catolica","S\u00ednodo arquidiocesano"],"articleSection":["Sociedad"],"inLanguage":"es"},{"@type":"WebPage","@id":"https:\/\/noticiasmercedinas.com\/site\/2023\/03\/29\/sinodo-arquidiocesano-obispo-scheinig-pide-animar-a-muchos-para-que-participen\/","url":"https:\/\/noticiasmercedinas.com\/site\/2023\/03\/29\/sinodo-arquidiocesano-obispo-scheinig-pide-animar-a-muchos-para-que-participen\/","name":"S\u00ednodo Arquidiocesano: obispo Scheinig pide \"animar a muchos para que participen\"","isPartOf":{"@id":"https:\/\/noticiasmercedinas.com\/site\/#website"},"primaryImageOfPage":{"@id":"https:\/\/noticiasmercedinas.com\/site\/2023\/03\/29\/sinodo-arquidiocesano-obispo-scheinig-pide-animar-a-muchos-para-que-participen\/#primaryimage"},"image":{"@id":"https:\/\/noticiasmercedinas.com\/site\/2023\/03\/29\/sinodo-arquidiocesano-obispo-scheinig-pide-animar-a-muchos-para-que-participen\/#primaryimage"},"thumbnailUrl":"https:\/\/noticiasmercedinas.com\/site\/wp-content\/uploads\/2023\/03\/Misa-de-Apertura.-18-03-23.-440x220px-1.jpg","datePublished":"2023-03-29T11:16:12+00:00","dateModified":"2023-03-31T11:56:54+00:00","breadcrumb":{"@id":"https:\/\/noticiasmercedinas.com\/site\/2023\/03\/29\/sinodo-arquidiocesano-obispo-scheinig-pide-animar-a-muchos-para-que-participen\/#breadcrumb"},"inLanguage":"es","potentialAction":[{"@type":"ReadAction","target":["https:\/\/noticiasmercedinas.com\/site\/2023\/03\/29\/sinodo-arquidiocesano-obispo-scheinig-pide-animar-a-muchos-para-que-participen\/"]}]},{"@type":"ImageObject","inLanguage":"es","@id":"https:\/\/noticiasmercedinas.com\/site\/2023\/03\/29\/sinodo-arquidiocesano-obispo-scheinig-pide-animar-a-muchos-para-que-participen\/#primaryimage","url":"https:\/\/noticiasmercedinas.com\/site\/wp-content\/uploads\/2023\/03\/Misa-de-Apertura.-18-03-23.-440x220px-1.jpg","contentUrl":"https:\/\/noticiasmercedinas.com\/site\/wp-content\/uploads\/2023\/03\/Misa-de-Apertura.-18-03-23.-440x220px-1.jpg","width":640,"height":320},{"@type":"BreadcrumbList","@id":"https:\/\/noticiasmercedinas.com\/site\/2023\/03\/29\/sinodo-arquidiocesano-obispo-scheinig-pide-animar-a-muchos-para-que-participen\/#breadcrumb","itemListElement":[{"@type":"ListItem","position":1,"name":"Portada","item":"https:\/\/noticiasmercedinas.com\/site\/"},{"@type":"ListItem","position":2,"name":"S\u00ednodo Arquidiocesano: obispo Scheinig pide \u00abanimar a muchos para que participen\u00bb"}]},{"@type":"WebSite","@id":"https:\/\/noticiasmercedinas.com\/site\/#website","url":"https:\/\/noticiasmercedinas.com\/site\/","name":"NOTICIASMERCEDINAS.COM","description":"Mercedes, Buenos Aires, Argentina","publisher":{"@id":"https:\/\/noticiasmercedinas.com\/site\/#organization"},"potentialAction":[{"@type":"SearchAction","target":{"@type":"EntryPoint","urlTemplate":"https:\/\/noticiasmercedinas.com\/site\/?s={search_term_string}"},"query-input":{"@type":"PropertyValueSpecification","valueRequired":true,"valueName":"search_term_string"}}],"inLanguage":"es"},{"@type":"Organization","@id":"https:\/\/noticiasmercedinas.com\/site\/#organization","name":"NOTICIASMERCEDINAS.COM","url":"https:\/\/noticiasmercedinas.com\/site\/","logo":{"@type":"ImageObject","inLanguage":"es","@id":"https:\/\/noticiasmercedinas.com\/site\/#\/schema\/logo\/image\/","url":"https:\/\/noticiasmercedinas.com\/site\/wp-content\/uploads\/2020\/06\/LOGO-512.jpg","contentUrl":"https:\/\/noticiasmercedinas.com\/site\/wp-content\/uploads\/2020\/06\/LOGO-512.jpg","width":512,"height":512,"caption":"NOTICIASMERCEDINAS.COM"},"image":{"@id":"https:\/\/noticiasmercedinas.com\/site\/#\/schema\/logo\/image\/"},"sameAs":["https:\/\/www.facebook.com\/noticiasmercedinas\/","https:\/\/x.com\/notmercedinas","https:\/\/www.instagram.com\/noticiasmercedinas\/"]},{"@type":"Person","@id":"https:\/\/noticiasmercedinas.com\/site\/#\/schema\/person\/84b59c099c28ff2e8b77d4ceec5d8063","name":"NOTICIASMERCEDINAS.COM","image":{"@type":"ImageObject","inLanguage":"es","@id":"https:\/\/secure.gravatar.com\/avatar\/4dfbf16b4d17945bfb6341b2d19043457132fcf478a5ee04f42e959fd8f5df0a?s=96&d=mm&r=g","url":"https:\/\/secure.gravatar.com\/avatar\/4dfbf16b4d17945bfb6341b2d19043457132fcf478a5ee04f42e959fd8f5df0a?s=96&d=mm&r=g","contentUrl":"https:\/\/secure.gravatar.com\/avatar\/4dfbf16b4d17945bfb6341b2d19043457132fcf478a5ee04f42e959fd8f5df0a?s=96&d=mm&r=g","caption":"NOTICIASMERCEDINAS.COM"},"url":"https:\/\/noticiasmercedinas.com\/site\/author\/anonimo\/"}]}},"amp_enabled":true,"_links":{"self":[{"href":"https:\/\/noticiasmercedinas.com\/site\/wp-json\/wp\/v2\/posts\/111805","targetHints":{"allow":["GET"]}}],"collection":[{"href":"https:\/\/noticiasmercedinas.com\/site\/wp-json\/wp\/v2\/posts"}],"about":[{"href":"https:\/\/noticiasmercedinas.com\/site\/wp-json\/wp\/v2\/types\/post"}],"author":[{"embeddable":true,"href":"https:\/\/noticiasmercedinas.com\/site\/wp-json\/wp\/v2\/users\/16"}],"replies":[{"embeddable":true,"href":"https:\/\/noticiasmercedinas.com\/site\/wp-json\/wp\/v2\/comments?post=111805"}],"version-history":[{"count":2,"href":"https:\/\/noticiasmercedinas.com\/site\/wp-json\/wp\/v2\/posts\/111805\/revisions"}],"predecessor-version":[{"id":111918,"href":"https:\/\/noticiasmercedinas.com\/site\/wp-json\/wp\/v2\/posts\/111805\/revisions\/111918"}],"wp:featuredmedia":[{"embeddable":true,"href":"https:\/\/noticiasmercedinas.com\/site\/wp-json\/wp\/v2\/media\/111806"}],"wp:attachment":[{"href":"https:\/\/noticiasmercedinas.com\/site\/wp-json\/wp\/v2\/media?parent=111805"}],"wp:term":[{"taxonomy":"category","embeddable":true,"href":"https:\/\/noticiasmercedinas.com\/site\/wp-json\/wp\/v2\/categories?post=111805"},{"taxonomy":"post_tag","embeddable":true,"href":"https:\/\/noticiasmercedinas.com\/site\/wp-json\/wp\/v2\/tags?post=111805"}],"curies":[{"name":"wp","href":"https:\/\/api.w.org\/{rel}","templated":true}]}}