{"id":111847,"date":"2023-03-29T19:35:54","date_gmt":"2023-03-29T22:35:54","guid":{"rendered":"https:\/\/noticiasmercedinas.com\/site\/?p=111847"},"modified":"2023-03-29T19:35:54","modified_gmt":"2023-03-29T22:35:54","slug":"sabado-de-pena-en-la-pulperia-de-cacho-di-catarina","status":"publish","type":"post","link":"https:\/\/noticiasmercedinas.com\/site\/2023\/03\/29\/sabado-de-pena-en-la-pulperia-de-cacho-di-catarina\/","title":{"rendered":"S\u00e1bado de pe\u00f1a en la Pulper\u00eda de Cacho Di Catarina"},"content":{"rendered":"<p><img loading=\"lazy\" decoding=\"async\" class=\"alignnone size-full wp-image-111849\" src=\"https:\/\/noticiasmercedinas.com\/site\/wp-content\/uploads\/2023\/03\/Flyer_pulperia_Di_Catarina_arriba.jpg\" alt=\"\" width=\"640\" height=\"480\" srcset=\"https:\/\/noticiasmercedinas.com\/site\/wp-content\/uploads\/2023\/03\/Flyer_pulperia_Di_Catarina_arriba.jpg 640w, https:\/\/noticiasmercedinas.com\/site\/wp-content\/uploads\/2023\/03\/Flyer_pulperia_Di_Catarina_arriba-300x225.jpg 300w, https:\/\/noticiasmercedinas.com\/site\/wp-content\/uploads\/2023\/03\/Flyer_pulperia_Di_Catarina_arriba-80x60.jpg 80w, https:\/\/noticiasmercedinas.com\/site\/wp-content\/uploads\/2023\/03\/Flyer_pulperia_Di_Catarina_arriba-160x120.jpg 160w, https:\/\/noticiasmercedinas.com\/site\/wp-content\/uploads\/2023\/03\/Flyer_pulperia_Di_Catarina_arriba-100x75.jpg 100w, https:\/\/noticiasmercedinas.com\/site\/wp-content\/uploads\/2023\/03\/Flyer_pulperia_Di_Catarina_arriba-200x150.jpg 200w, https:\/\/noticiasmercedinas.com\/site\/wp-content\/uploads\/2023\/03\/Flyer_pulperia_Di_Catarina_arriba-180x135.jpg 180w, https:\/\/noticiasmercedinas.com\/site\/wp-content\/uploads\/2023\/03\/Flyer_pulperia_Di_Catarina_arriba-360x270.jpg 360w, https:\/\/noticiasmercedinas.com\/site\/wp-content\/uploads\/2023\/03\/Flyer_pulperia_Di_Catarina_arriba-238x178.jpg 238w, https:\/\/noticiasmercedinas.com\/site\/wp-content\/uploads\/2023\/03\/Flyer_pulperia_Di_Catarina_arriba-476x356.jpg 476w\" sizes=\"auto, (max-width: 640px) 100vw, 640px\" \/><\/p>\n<p>Este pr\u00f3ximo s\u00e1bado 1 de abril, desde las 20 con entrada libre y gratuita, la Pulper\u00eda de Cacho Di Catarina abre sus puertas para invitar a una pe\u00f1a en la que actuar\u00e1n Gonzalo Jesus, Luciana Jury y se presentar\u00e1 el ballet Santa Cecilia con \u201cApasionados\u2026 baila Argentina\u201d.<\/p>\n<p>En di\u00e1logo con <em>Noticias Mercedinas<\/em>, <strong>Fernanda Pozzi Di Catarina<\/strong>, cuarta generaci\u00f3n a cargo de la pulper\u00eda, explic\u00f3 que el evento formar\u00e1 parte del contenido del primer programa del ciclo \u201cCartograf\u00eda de las Pulper\u00edas Bonaerenses\u201d que realiza el Instituto Cultural de la Provincia de Buenos Aires.<\/p>\n<p>La propuesta tendr\u00e1 el formato de pe\u00f1a, con la presentaci\u00f3n de artistas, el tradicional servicio de cantina, las empanadas y parrilla que habitualmente ofrecen, pero a la vez se estar\u00e1 produciendo el contenido audiovisual para este programa que pone en valor lugares hist\u00f3ricos como este que hay en nuestra ciudad.<\/p>\n<p>Fernanda cont\u00f3 que \u201cla invitaci\u00f3n nos lleg\u00f3 a trav\u00e9s de la Direcci\u00f3n de Turismo del municipio\u201d y expres\u00f3: \u201cNos venimos sorprendiendo del alcance y del auge de la Pulper\u00eda. Es muy importante disfrutar y valorar estos lugares. Estos contenidos tendr\u00e1n mucha difusi\u00f3n y estamos muy agradecidos. Siempre estamos a disposici\u00f3n y sabemos que trabajar en equipo es lo mejor\u201d.<\/p>\n<p><img loading=\"lazy\" decoding=\"async\" class=\"alignnone size-full wp-image-111850\" src=\"https:\/\/noticiasmercedinas.com\/site\/wp-content\/uploads\/2023\/03\/Pulperia_Di_Catarina.jpg\" alt=\"\" width=\"640\" height=\"500\" srcset=\"https:\/\/noticiasmercedinas.com\/site\/wp-content\/uploads\/2023\/03\/Pulperia_Di_Catarina.jpg 640w, https:\/\/noticiasmercedinas.com\/site\/wp-content\/uploads\/2023\/03\/Pulperia_Di_Catarina-300x234.jpg 300w, https:\/\/noticiasmercedinas.com\/site\/wp-content\/uploads\/2023\/03\/Pulperia_Di_Catarina-511x400.jpg 511w\" sizes=\"auto, (max-width: 640px) 100vw, 640px\" \/><\/p>\n<blockquote><p>\u00abCumplimos con el legado del \u00faltimo pulpero y nos sentimos muy acompa\u00f1ados\u201d<\/p><\/blockquote>\n<p>\u201cEs un esfuerzo familiar, cumplimos con el legado del \u00faltimo pulpero y nos sentimos muy acompa\u00f1ados\u201d, remarc\u00f3 e invit\u00f3 a quienes quieran acercarse los viernes de 12 a 15 horas o los\u00a0s\u00e1bados, domingos y feriados de 12 a 18 horas.<\/p>\n<p>Para quienes quieran conocer todas las actividades que se desarrollan puede ingresar en Facebook e Instagram a @lapulperiadecachodicatarina y conocer m\u00e1s detalles.<\/p>\n<p><img loading=\"lazy\" decoding=\"async\" class=\"alignnone size-full wp-image-111848\" src=\"https:\/\/noticiasmercedinas.com\/site\/wp-content\/uploads\/2023\/03\/Flyer_pulperia_Di_Catarina.jpg\" alt=\"\" width=\"640\" height=\"616\" srcset=\"https:\/\/noticiasmercedinas.com\/site\/wp-content\/uploads\/2023\/03\/Flyer_pulperia_Di_Catarina.jpg 640w, https:\/\/noticiasmercedinas.com\/site\/wp-content\/uploads\/2023\/03\/Flyer_pulperia_Di_Catarina-300x289.jpg 300w\" sizes=\"auto, (max-width: 640px) 100vw, 640px\" \/><\/p>\n","protected":false},"excerpt":{"rendered":"<p>Con entrada libre y gratuita habr\u00e1 m\u00fasica y baile, en el marco de la grabaci\u00f3n del primer programa \u201cCartograf\u00eda de las Pulper\u00edas Bonaerenses\u201d que del Instituto Cultural de la Provincia de Buenos Aires.<\/p>\n","protected":false},"author":8,"featured_media":111849,"comment_status":"closed","ping_status":"closed","sticky":false,"template":"","format":"standard","meta":{"footnotes":""},"categories":[4],"tags":[4361,1813,16545,16543,15926,88,1055,16544],"class_list":["post-111847","post","type-post","status-publish","format-standard","has-post-thumbnail","hentry","category-cultura","tag-baile","tag-ballet","tag-cartografia-de-las-pulperias-bonaerenses","tag-fernanda-pozzi-di-catarina","tag-instituto-cultural-de-la-provincia-de-buenos-aires","tag-musica","tag-pena","tag-pulperia-de-cacho-di-catarina"],"yoast_head":"<!-- This site is optimized with the Yoast SEO plugin v27.4 - https:\/\/yoast.com\/product\/yoast-seo-wordpress\/ -->\n<title>S\u00e1bado de pe\u00f1a en la Pulper\u00eda de Cacho Di Catarina<\/title>\n<meta name=\"robots\" content=\"index, follow, max-snippet:-1, max-image-preview:large, max-video-preview:-1\" \/>\n<link rel=\"canonical\" href=\"https:\/\/noticiasmercedinas.com\/site\/2023\/03\/29\/sabado-de-pena-en-la-pulperia-de-cacho-di-catarina\/\" \/>\n<meta property=\"og:locale\" content=\"es_ES\" \/>\n<meta property=\"og:type\" content=\"article\" \/>\n<meta property=\"og:title\" content=\"S\u00e1bado de pe\u00f1a en la Pulper\u00eda de Cacho Di Catarina\" \/>\n<meta property=\"og:description\" content=\"Con entrada libre y gratuita habr\u00e1 m\u00fasica y baile, en el marco de la grabaci\u00f3n del primer programa \u201cCartograf\u00eda de las Pulper\u00edas Bonaerenses\u201d que del Instituto Cultural de la Provincia de Buenos Aires.\" \/>\n<meta property=\"og:url\" content=\"https:\/\/noticiasmercedinas.com\/site\/2023\/03\/29\/sabado-de-pena-en-la-pulperia-de-cacho-di-catarina\/\" \/>\n<meta property=\"og:site_name\" content=\"NOTICIASMERCEDINAS.COM\" \/>\n<meta property=\"article:publisher\" content=\"https:\/\/www.facebook.com\/noticiasmercedinas\/\" \/>\n<meta property=\"article:published_time\" content=\"2023-03-29T22:35:54+00:00\" \/>\n<meta property=\"og:image\" content=\"https:\/\/noticiasmercedinas.com\/site\/wp-content\/uploads\/2023\/03\/Flyer_pulperia_Di_Catarina_arriba.jpg\" \/>\n\t<meta property=\"og:image:width\" content=\"640\" \/>\n\t<meta property=\"og:image:height\" content=\"480\" \/>\n\t<meta property=\"og:image:type\" content=\"image\/jpeg\" \/>\n<meta name=\"author\" content=\"Betina Abalos NOTICIASMERCEDINAS.COM\" \/>\n<meta name=\"twitter:card\" content=\"summary_large_image\" \/>\n<meta name=\"twitter:creator\" content=\"@notmercedinas\" \/>\n<meta name=\"twitter:site\" content=\"@notmercedinas\" \/>\n<meta name=\"twitter:label1\" content=\"Escrito por\" \/>\n\t<meta name=\"twitter:data1\" content=\"Betina Abalos NOTICIASMERCEDINAS.COM\" \/>\n\t<meta name=\"twitter:label2\" content=\"Tiempo de lectura\" \/>\n\t<meta name=\"twitter:data2\" content=\"2 minutos\" \/>\n<script type=\"application\/ld+json\" class=\"yoast-schema-graph\">{\"@context\":\"https:\\\/\\\/schema.org\",\"@graph\":[{\"@type\":\"Article\",\"@id\":\"https:\\\/\\\/noticiasmercedinas.com\\\/site\\\/2023\\\/03\\\/29\\\/sabado-de-pena-en-la-pulperia-de-cacho-di-catarina\\\/#article\",\"isPartOf\":{\"@id\":\"https:\\\/\\\/noticiasmercedinas.com\\\/site\\\/2023\\\/03\\\/29\\\/sabado-de-pena-en-la-pulperia-de-cacho-di-catarina\\\/\"},\"author\":{\"name\":\"Betina Abalos NOTICIASMERCEDINAS.COM\",\"@id\":\"https:\\\/\\\/noticiasmercedinas.com\\\/site\\\/#\\\/schema\\\/person\\\/b38ec3ed89a3735ef5fecfc1c9adc560\"},\"headline\":\"S\u00e1bado de pe\u00f1a en la Pulper\u00eda de Cacho Di Catarina\",\"datePublished\":\"2023-03-29T22:35:54+00:00\",\"mainEntityOfPage\":{\"@id\":\"https:\\\/\\\/noticiasmercedinas.com\\\/site\\\/2023\\\/03\\\/29\\\/sabado-de-pena-en-la-pulperia-de-cacho-di-catarina\\\/\"},\"wordCount\":307,\"publisher\":{\"@id\":\"https:\\\/\\\/noticiasmercedinas.com\\\/site\\\/#organization\"},\"image\":{\"@id\":\"https:\\\/\\\/noticiasmercedinas.com\\\/site\\\/2023\\\/03\\\/29\\\/sabado-de-pena-en-la-pulperia-de-cacho-di-catarina\\\/#primaryimage\"},\"thumbnailUrl\":\"https:\\\/\\\/noticiasmercedinas.com\\\/site\\\/wp-content\\\/uploads\\\/2023\\\/03\\\/Flyer_pulperia_Di_Catarina_arriba.jpg\",\"keywords\":[\"baile\",\"ballet\",\"Cartograf\u00eda de las Pulper\u00edas Bonaerenses\",\"Fernanda Pozzi Di Catarina\",\"Instituto Cultural de la Provincia de Buenos Aires\",\"musica\",\"pe\u00f1a\",\"Pulper\u00eda de Cacho Di Catarina\"],\"articleSection\":[\"Cultura\"],\"inLanguage\":\"es\"},{\"@type\":\"WebPage\",\"@id\":\"https:\\\/\\\/noticiasmercedinas.com\\\/site\\\/2023\\\/03\\\/29\\\/sabado-de-pena-en-la-pulperia-de-cacho-di-catarina\\\/\",\"url\":\"https:\\\/\\\/noticiasmercedinas.com\\\/site\\\/2023\\\/03\\\/29\\\/sabado-de-pena-en-la-pulperia-de-cacho-di-catarina\\\/\",\"name\":\"S\u00e1bado de pe\u00f1a en la Pulper\u00eda de Cacho Di Catarina\",\"isPartOf\":{\"@id\":\"https:\\\/\\\/noticiasmercedinas.com\\\/site\\\/#website\"},\"primaryImageOfPage\":{\"@id\":\"https:\\\/\\\/noticiasmercedinas.com\\\/site\\\/2023\\\/03\\\/29\\\/sabado-de-pena-en-la-pulperia-de-cacho-di-catarina\\\/#primaryimage\"},\"image\":{\"@id\":\"https:\\\/\\\/noticiasmercedinas.com\\\/site\\\/2023\\\/03\\\/29\\\/sabado-de-pena-en-la-pulperia-de-cacho-di-catarina\\\/#primaryimage\"},\"thumbnailUrl\":\"https:\\\/\\\/noticiasmercedinas.com\\\/site\\\/wp-content\\\/uploads\\\/2023\\\/03\\\/Flyer_pulperia_Di_Catarina_arriba.jpg\",\"datePublished\":\"2023-03-29T22:35:54+00:00\",\"breadcrumb\":{\"@id\":\"https:\\\/\\\/noticiasmercedinas.com\\\/site\\\/2023\\\/03\\\/29\\\/sabado-de-pena-en-la-pulperia-de-cacho-di-catarina\\\/#breadcrumb\"},\"inLanguage\":\"es\",\"potentialAction\":[{\"@type\":\"ReadAction\",\"target\":[\"https:\\\/\\\/noticiasmercedinas.com\\\/site\\\/2023\\\/03\\\/29\\\/sabado-de-pena-en-la-pulperia-de-cacho-di-catarina\\\/\"]}]},{\"@type\":\"ImageObject\",\"inLanguage\":\"es\",\"@id\":\"https:\\\/\\\/noticiasmercedinas.com\\\/site\\\/2023\\\/03\\\/29\\\/sabado-de-pena-en-la-pulperia-de-cacho-di-catarina\\\/#primaryimage\",\"url\":\"https:\\\/\\\/noticiasmercedinas.com\\\/site\\\/wp-content\\\/uploads\\\/2023\\\/03\\\/Flyer_pulperia_Di_Catarina_arriba.jpg\",\"contentUrl\":\"https:\\\/\\\/noticiasmercedinas.com\\\/site\\\/wp-content\\\/uploads\\\/2023\\\/03\\\/Flyer_pulperia_Di_Catarina_arriba.jpg\",\"width\":640,\"height\":480},{\"@type\":\"BreadcrumbList\",\"@id\":\"https:\\\/\\\/noticiasmercedinas.com\\\/site\\\/2023\\\/03\\\/29\\\/sabado-de-pena-en-la-pulperia-de-cacho-di-catarina\\\/#breadcrumb\",\"itemListElement\":[{\"@type\":\"ListItem\",\"position\":1,\"name\":\"Portada\",\"item\":\"https:\\\/\\\/noticiasmercedinas.com\\\/site\\\/\"},{\"@type\":\"ListItem\",\"position\":2,\"name\":\"S\u00e1bado de pe\u00f1a en la Pulper\u00eda de Cacho Di Catarina\"}]},{\"@type\":\"WebSite\",\"@id\":\"https:\\\/\\\/noticiasmercedinas.com\\\/site\\\/#website\",\"url\":\"https:\\\/\\\/noticiasmercedinas.com\\\/site\\\/\",\"name\":\"NOTICIASMERCEDINAS.COM\",\"description\":\"Mercedes, Buenos Aires, Argentina\",\"publisher\":{\"@id\":\"https:\\\/\\\/noticiasmercedinas.com\\\/site\\\/#organization\"},\"potentialAction\":[{\"@type\":\"SearchAction\",\"target\":{\"@type\":\"EntryPoint\",\"urlTemplate\":\"https:\\\/\\\/noticiasmercedinas.com\\\/site\\\/?s={search_term_string}\"},\"query-input\":{\"@type\":\"PropertyValueSpecification\",\"valueRequired\":true,\"valueName\":\"search_term_string\"}}],\"inLanguage\":\"es\"},{\"@type\":\"Organization\",\"@id\":\"https:\\\/\\\/noticiasmercedinas.com\\\/site\\\/#organization\",\"name\":\"NOTICIASMERCEDINAS.COM\",\"url\":\"https:\\\/\\\/noticiasmercedinas.com\\\/site\\\/\",\"logo\":{\"@type\":\"ImageObject\",\"inLanguage\":\"es\",\"@id\":\"https:\\\/\\\/noticiasmercedinas.com\\\/site\\\/#\\\/schema\\\/logo\\\/image\\\/\",\"url\":\"https:\\\/\\\/noticiasmercedinas.com\\\/site\\\/wp-content\\\/uploads\\\/2020\\\/06\\\/LOGO-512.jpg\",\"contentUrl\":\"https:\\\/\\\/noticiasmercedinas.com\\\/site\\\/wp-content\\\/uploads\\\/2020\\\/06\\\/LOGO-512.jpg\",\"width\":512,\"height\":512,\"caption\":\"NOTICIASMERCEDINAS.COM\"},\"image\":{\"@id\":\"https:\\\/\\\/noticiasmercedinas.com\\\/site\\\/#\\\/schema\\\/logo\\\/image\\\/\"},\"sameAs\":[\"https:\\\/\\\/www.facebook.com\\\/noticiasmercedinas\\\/\",\"https:\\\/\\\/x.com\\\/notmercedinas\",\"https:\\\/\\\/www.instagram.com\\\/noticiasmercedinas\\\/\"]},{\"@type\":\"Person\",\"@id\":\"https:\\\/\\\/noticiasmercedinas.com\\\/site\\\/#\\\/schema\\\/person\\\/b38ec3ed89a3735ef5fecfc1c9adc560\",\"name\":\"Betina Abalos NOTICIASMERCEDINAS.COM\",\"image\":{\"@type\":\"ImageObject\",\"inLanguage\":\"es\",\"@id\":\"https:\\\/\\\/secure.gravatar.com\\\/avatar\\\/8c86fde6c3b4a08aabce60929a23fa91235f414626598c992897a3e4b0679f33?s=96&d=mm&r=g\",\"url\":\"https:\\\/\\\/secure.gravatar.com\\\/avatar\\\/8c86fde6c3b4a08aabce60929a23fa91235f414626598c992897a3e4b0679f33?s=96&d=mm&r=g\",\"contentUrl\":\"https:\\\/\\\/secure.gravatar.com\\\/avatar\\\/8c86fde6c3b4a08aabce60929a23fa91235f414626598c992897a3e4b0679f33?s=96&d=mm&r=g\",\"caption\":\"Betina Abalos NOTICIASMERCEDINAS.COM\"},\"url\":\"https:\\\/\\\/noticiasmercedinas.com\\\/site\\\/author\\\/betina\\\/\"}]}<\/script>\n<!-- \/ Yoast SEO plugin. -->","yoast_head_json":{"title":"S\u00e1bado de pe\u00f1a en la Pulper\u00eda de Cacho Di Catarina","robots":{"index":"index","follow":"follow","max-snippet":"max-snippet:-1","max-image-preview":"max-image-preview:large","max-video-preview":"max-video-preview:-1"},"canonical":"https:\/\/noticiasmercedinas.com\/site\/2023\/03\/29\/sabado-de-pena-en-la-pulperia-de-cacho-di-catarina\/","og_locale":"es_ES","og_type":"article","og_title":"S\u00e1bado de pe\u00f1a en la Pulper\u00eda de Cacho Di Catarina","og_description":"Con entrada libre y gratuita habr\u00e1 m\u00fasica y baile, en el marco de la grabaci\u00f3n del primer programa \u201cCartograf\u00eda de las Pulper\u00edas Bonaerenses\u201d que del Instituto Cultural de la Provincia de Buenos Aires.","og_url":"https:\/\/noticiasmercedinas.com\/site\/2023\/03\/29\/sabado-de-pena-en-la-pulperia-de-cacho-di-catarina\/","og_site_name":"NOTICIASMERCEDINAS.COM","article_publisher":"https:\/\/www.facebook.com\/noticiasmercedinas\/","article_published_time":"2023-03-29T22:35:54+00:00","og_image":[{"width":640,"height":480,"url":"https:\/\/noticiasmercedinas.com\/site\/wp-content\/uploads\/2023\/03\/Flyer_pulperia_Di_Catarina_arriba.jpg","type":"image\/jpeg"}],"author":"Betina Abalos NOTICIASMERCEDINAS.COM","twitter_card":"summary_large_image","twitter_creator":"@notmercedinas","twitter_site":"@notmercedinas","twitter_misc":{"Escrito por":"Betina Abalos NOTICIASMERCEDINAS.COM","Tiempo de lectura":"2 minutos"},"schema":{"@context":"https:\/\/schema.org","@graph":[{"@type":"Article","@id":"https:\/\/noticiasmercedinas.com\/site\/2023\/03\/29\/sabado-de-pena-en-la-pulperia-de-cacho-di-catarina\/#article","isPartOf":{"@id":"https:\/\/noticiasmercedinas.com\/site\/2023\/03\/29\/sabado-de-pena-en-la-pulperia-de-cacho-di-catarina\/"},"author":{"name":"Betina Abalos NOTICIASMERCEDINAS.COM","@id":"https:\/\/noticiasmercedinas.com\/site\/#\/schema\/person\/b38ec3ed89a3735ef5fecfc1c9adc560"},"headline":"S\u00e1bado de pe\u00f1a en la Pulper\u00eda de Cacho Di Catarina","datePublished":"2023-03-29T22:35:54+00:00","mainEntityOfPage":{"@id":"https:\/\/noticiasmercedinas.com\/site\/2023\/03\/29\/sabado-de-pena-en-la-pulperia-de-cacho-di-catarina\/"},"wordCount":307,"publisher":{"@id":"https:\/\/noticiasmercedinas.com\/site\/#organization"},"image":{"@id":"https:\/\/noticiasmercedinas.com\/site\/2023\/03\/29\/sabado-de-pena-en-la-pulperia-de-cacho-di-catarina\/#primaryimage"},"thumbnailUrl":"https:\/\/noticiasmercedinas.com\/site\/wp-content\/uploads\/2023\/03\/Flyer_pulperia_Di_Catarina_arriba.jpg","keywords":["baile","ballet","Cartograf\u00eda de las Pulper\u00edas Bonaerenses","Fernanda Pozzi Di Catarina","Instituto Cultural de la Provincia de Buenos Aires","musica","pe\u00f1a","Pulper\u00eda de Cacho Di Catarina"],"articleSection":["Cultura"],"inLanguage":"es"},{"@type":"WebPage","@id":"https:\/\/noticiasmercedinas.com\/site\/2023\/03\/29\/sabado-de-pena-en-la-pulperia-de-cacho-di-catarina\/","url":"https:\/\/noticiasmercedinas.com\/site\/2023\/03\/29\/sabado-de-pena-en-la-pulperia-de-cacho-di-catarina\/","name":"S\u00e1bado de pe\u00f1a en la Pulper\u00eda de Cacho Di Catarina","isPartOf":{"@id":"https:\/\/noticiasmercedinas.com\/site\/#website"},"primaryImageOfPage":{"@id":"https:\/\/noticiasmercedinas.com\/site\/2023\/03\/29\/sabado-de-pena-en-la-pulperia-de-cacho-di-catarina\/#primaryimage"},"image":{"@id":"https:\/\/noticiasmercedinas.com\/site\/2023\/03\/29\/sabado-de-pena-en-la-pulperia-de-cacho-di-catarina\/#primaryimage"},"thumbnailUrl":"https:\/\/noticiasmercedinas.com\/site\/wp-content\/uploads\/2023\/03\/Flyer_pulperia_Di_Catarina_arriba.jpg","datePublished":"2023-03-29T22:35:54+00:00","breadcrumb":{"@id":"https:\/\/noticiasmercedinas.com\/site\/2023\/03\/29\/sabado-de-pena-en-la-pulperia-de-cacho-di-catarina\/#breadcrumb"},"inLanguage":"es","potentialAction":[{"@type":"ReadAction","target":["https:\/\/noticiasmercedinas.com\/site\/2023\/03\/29\/sabado-de-pena-en-la-pulperia-de-cacho-di-catarina\/"]}]},{"@type":"ImageObject","inLanguage":"es","@id":"https:\/\/noticiasmercedinas.com\/site\/2023\/03\/29\/sabado-de-pena-en-la-pulperia-de-cacho-di-catarina\/#primaryimage","url":"https:\/\/noticiasmercedinas.com\/site\/wp-content\/uploads\/2023\/03\/Flyer_pulperia_Di_Catarina_arriba.jpg","contentUrl":"https:\/\/noticiasmercedinas.com\/site\/wp-content\/uploads\/2023\/03\/Flyer_pulperia_Di_Catarina_arriba.jpg","width":640,"height":480},{"@type":"BreadcrumbList","@id":"https:\/\/noticiasmercedinas.com\/site\/2023\/03\/29\/sabado-de-pena-en-la-pulperia-de-cacho-di-catarina\/#breadcrumb","itemListElement":[{"@type":"ListItem","position":1,"name":"Portada","item":"https:\/\/noticiasmercedinas.com\/site\/"},{"@type":"ListItem","position":2,"name":"S\u00e1bado de pe\u00f1a en la Pulper\u00eda de Cacho Di Catarina"}]},{"@type":"WebSite","@id":"https:\/\/noticiasmercedinas.com\/site\/#website","url":"https:\/\/noticiasmercedinas.com\/site\/","name":"NOTICIASMERCEDINAS.COM","description":"Mercedes, Buenos Aires, Argentina","publisher":{"@id":"https:\/\/noticiasmercedinas.com\/site\/#organization"},"potentialAction":[{"@type":"SearchAction","target":{"@type":"EntryPoint","urlTemplate":"https:\/\/noticiasmercedinas.com\/site\/?s={search_term_string}"},"query-input":{"@type":"PropertyValueSpecification","valueRequired":true,"valueName":"search_term_string"}}],"inLanguage":"es"},{"@type":"Organization","@id":"https:\/\/noticiasmercedinas.com\/site\/#organization","name":"NOTICIASMERCEDINAS.COM","url":"https:\/\/noticiasmercedinas.com\/site\/","logo":{"@type":"ImageObject","inLanguage":"es","@id":"https:\/\/noticiasmercedinas.com\/site\/#\/schema\/logo\/image\/","url":"https:\/\/noticiasmercedinas.com\/site\/wp-content\/uploads\/2020\/06\/LOGO-512.jpg","contentUrl":"https:\/\/noticiasmercedinas.com\/site\/wp-content\/uploads\/2020\/06\/LOGO-512.jpg","width":512,"height":512,"caption":"NOTICIASMERCEDINAS.COM"},"image":{"@id":"https:\/\/noticiasmercedinas.com\/site\/#\/schema\/logo\/image\/"},"sameAs":["https:\/\/www.facebook.com\/noticiasmercedinas\/","https:\/\/x.com\/notmercedinas","https:\/\/www.instagram.com\/noticiasmercedinas\/"]},{"@type":"Person","@id":"https:\/\/noticiasmercedinas.com\/site\/#\/schema\/person\/b38ec3ed89a3735ef5fecfc1c9adc560","name":"Betina Abalos NOTICIASMERCEDINAS.COM","image":{"@type":"ImageObject","inLanguage":"es","@id":"https:\/\/secure.gravatar.com\/avatar\/8c86fde6c3b4a08aabce60929a23fa91235f414626598c992897a3e4b0679f33?s=96&d=mm&r=g","url":"https:\/\/secure.gravatar.com\/avatar\/8c86fde6c3b4a08aabce60929a23fa91235f414626598c992897a3e4b0679f33?s=96&d=mm&r=g","contentUrl":"https:\/\/secure.gravatar.com\/avatar\/8c86fde6c3b4a08aabce60929a23fa91235f414626598c992897a3e4b0679f33?s=96&d=mm&r=g","caption":"Betina Abalos NOTICIASMERCEDINAS.COM"},"url":"https:\/\/noticiasmercedinas.com\/site\/author\/betina\/"}]}},"amp_enabled":true,"_links":{"self":[{"href":"https:\/\/noticiasmercedinas.com\/site\/wp-json\/wp\/v2\/posts\/111847","targetHints":{"allow":["GET"]}}],"collection":[{"href":"https:\/\/noticiasmercedinas.com\/site\/wp-json\/wp\/v2\/posts"}],"about":[{"href":"https:\/\/noticiasmercedinas.com\/site\/wp-json\/wp\/v2\/types\/post"}],"author":[{"embeddable":true,"href":"https:\/\/noticiasmercedinas.com\/site\/wp-json\/wp\/v2\/users\/8"}],"replies":[{"embeddable":true,"href":"https:\/\/noticiasmercedinas.com\/site\/wp-json\/wp\/v2\/comments?post=111847"}],"version-history":[{"count":1,"href":"https:\/\/noticiasmercedinas.com\/site\/wp-json\/wp\/v2\/posts\/111847\/revisions"}],"predecessor-version":[{"id":111851,"href":"https:\/\/noticiasmercedinas.com\/site\/wp-json\/wp\/v2\/posts\/111847\/revisions\/111851"}],"wp:featuredmedia":[{"embeddable":true,"href":"https:\/\/noticiasmercedinas.com\/site\/wp-json\/wp\/v2\/media\/111849"}],"wp:attachment":[{"href":"https:\/\/noticiasmercedinas.com\/site\/wp-json\/wp\/v2\/media?parent=111847"}],"wp:term":[{"taxonomy":"category","embeddable":true,"href":"https:\/\/noticiasmercedinas.com\/site\/wp-json\/wp\/v2\/categories?post=111847"},{"taxonomy":"post_tag","embeddable":true,"href":"https:\/\/noticiasmercedinas.com\/site\/wp-json\/wp\/v2\/tags?post=111847"}],"curies":[{"name":"wp","href":"https:\/\/api.w.org\/{rel}","templated":true}]}}