{"id":111886,"date":"2023-03-30T14:32:01","date_gmt":"2023-03-30T17:32:01","guid":{"rendered":"https:\/\/noticiasmercedinas.com\/site\/?p=111886"},"modified":"2023-03-30T14:32:01","modified_gmt":"2023-03-30T17:32:01","slug":"wado-de-pedro-y-el-frente-de-todos-apuesto-siempre-por-la-unidad","status":"publish","type":"post","link":"https:\/\/noticiasmercedinas.com\/site\/2023\/03\/30\/wado-de-pedro-y-el-frente-de-todos-apuesto-siempre-por-la-unidad\/","title":{"rendered":"Wado De Pedro y el Frente de Todos: \u00abApuesto siempre por la unidad\u00bb"},"content":{"rendered":"<p><img loading=\"lazy\" decoding=\"async\" class=\"alignnone size-full wp-image-109377\" src=\"https:\/\/noticiasmercedinas.com\/site\/wp-content\/uploads\/2023\/02\/wadodepedro-1.jpg\" alt=\"\" width=\"640\" height=\"427\" srcset=\"https:\/\/noticiasmercedinas.com\/site\/wp-content\/uploads\/2023\/02\/wadodepedro-1.jpg 640w, https:\/\/noticiasmercedinas.com\/site\/wp-content\/uploads\/2023\/02\/wadodepedro-1-300x200.jpg 300w\" sizes=\"auto, (max-width: 640px) 100vw, 640px\" \/><\/p>\n<p>El ministro del Interior <strong>Eduardo \u00abWado\u00bb de Pedro<\/strong> hizo declaraciones period\u00edsticas sobre la unidad del Frente de Todos y asegur\u00f3 que la gente \u00abya sab\u00eda que Macri destruy\u00f3 la Argentina\u00bb.<\/p>\n<p>El ministro del Interior Wado de Pedro se refiri\u00f3 hoy, en una entrevista en<em> Futurock<\/em> con el periodista <strong>Juan Amor\u00edn<\/strong>, acerca de la unidad en el oficialismo en este a\u00f1o electoral, al se\u00f1alar que \u00abes un a\u00f1o largo y vamos a tener los tiempos para la campa\u00f1a, pero a\u00fan as\u00ed apuesto siempre por la unidad, apuesto siempre por el consenso y apuesto siempre porque los miembros del Frente le pongan racionalidad y que podamos tener la mejor alternativa\u00bb.<\/p>\n<p><strong>\u00abSon protagonistas la discusi\u00f3n y articulaci\u00f3n econ\u00f3mica\u00bb<\/strong><br \/>\nEntre otros puntos Wado sostuvo en la entrevista que \u00abnosotros tenemos un modelo que funcion\u00f3 entre el 2003 y el 2015, que gener\u00f3 m\u00e1s de 250 mil empresas, que subi\u00f3 el poder adquisitivo casi al m\u00e1s alto de la regi\u00f3n, que se invirti\u00f3 en educaci\u00f3n, en ciencia, en tecnolog\u00eda. Que genero desde unicornios, hasta empleos, hasta se repartieron m\u00e1s de 5 millones de computadoras\u00bb.<\/p>\n<p>\u00abEs un modelo donde la pol\u00edtica tiene un nivel de protagonismo en la discusi\u00f3n y en la articulaci\u00f3n econ\u00f3mica. Y de ese modelo se criticaban las formas. Se criticaban las formas de un modelo que estaba redistribuyendo. No existe la redistribuci\u00f3n sin ruido. No existe la redistribuci\u00f3n sin tensiones\u00bb, manifest\u00f3 luego<\/p>\n<p>En tanto, fue cr\u00edtico con el anterior presidente de la Naci\u00f3n, Mauricio Macri, al expresar que \u00abdestruy\u00f3 la Argentina\u00bb: \u00abLa gente ya sab\u00eda que Macri no pod\u00eda ser presidente, que destruy\u00f3 la Argentina, que es un tipo que desprecia lo p\u00fablico, a la gente, desprecia los valores m\u00e1s b\u00e1sicos que tiene una sociedad para convivir, la industria nacional. Me parece que estaba claro que si se presentaba perd\u00eda, me parece que hay que reflejar m\u00e1s lo que dice la gente y no lo que dicen algunos generadores de opini\u00f3n\u00bb, dijo De Pedro.<\/p>\n<p>Adem\u00e1s habl\u00f3 de sus familiares y de su propia historia en la \u00faltima dictadura, al indicar que \u00abs\u00f3lo uno figura en la CONADEP\u00bb: \u201cMi testimonio tiene que ver con eso, con decirles a los pibes y las pibas que nada es f\u00e1cil, que lo que pas\u00f3 es real. El otro d\u00eda fui a una escuela secundaria de Mercedes, y uno de los pibes me dice \u201cbueno y en donde puedo chequear esto\u201d, como a donde puedo ver. El pibe ya ten\u00eda la duda de los 30 mil. Entonces le digo, mir\u00e1 de mis familiares desaparecidos o asesinados, uno solo figura en la CONADEP. Porque fue un momento donde se junt\u00f3 informaci\u00f3n y mucha gente todav\u00eda ten\u00eda miedo. O muchos familiares no ten\u00edan la posibilidad de ir. Con lo cual digo que un solo familiar m\u00edo se encuentra en la CONADEP. Ni mi padre, ni mi posible hermano\/hermana. Ni el secuestro m\u00edo. Con lo cual me parece que est\u00e1 bueno volver a las fuentes\u201d, sostuvo.<\/p>\n<p>Y volviendo a las internas, remarc\u00f3 que apuesta \u00aba la unidad\u00bb: \u00abHay un plazo por ley, que es el plazo de presentaci\u00f3n de frentes. El de presentaci\u00f3n de listas, con lo cual todav\u00eda tenemos tiempo. Es un a\u00f1o largo, ya vamos a tener los tiempos para la campa\u00f1a. As\u00ed que apuesto siempre por la unidad, apuesto siempre por el consenso y apuesto siempre porque los miembros del Frente le pongan racionalidad y que podamos tener la mejor alternativa\u00bb, indic\u00f3.<\/p>\n","protected":false},"excerpt":{"rendered":"<p>\u25a0 \u00abEs un a\u00f1o largo, ya vamos a tener los tiempos para la campa\u00f1a\u00bb, dijo el ministro del Interior. Tambi\u00e9n se refiri\u00f3 a una reciente visita a una escuela en Mercedes. Y volvi\u00f3 a criticar a Macri<\/p>\n","protected":false},"author":16,"featured_media":109377,"comment_status":"closed","ping_status":"closed","sticky":false,"template":"","format":"standard","meta":{"footnotes":""},"categories":[16],"tags":[772,14662,5299,4963],"class_list":["post-111886","post","type-post","status-publish","format-standard","has-post-thumbnail","hentry","category-politica","tag-ddhh","tag-elecciones-2023","tag-frente-de-todos","tag-wado-de-pedro"],"yoast_head":"<!-- This site is optimized with the Yoast SEO plugin v27.4 - https:\/\/yoast.com\/product\/yoast-seo-wordpress\/ -->\n<title>Wado De Pedro y el Frente de Todos: &quot;Apuesto siempre por la unidad&quot;<\/title>\n<meta name=\"robots\" content=\"index, follow, max-snippet:-1, max-image-preview:large, max-video-preview:-1\" \/>\n<link rel=\"canonical\" href=\"https:\/\/noticiasmercedinas.com\/site\/2023\/03\/30\/wado-de-pedro-y-el-frente-de-todos-apuesto-siempre-por-la-unidad\/\" \/>\n<meta property=\"og:locale\" content=\"es_ES\" \/>\n<meta property=\"og:type\" content=\"article\" \/>\n<meta property=\"og:title\" content=\"Wado De Pedro y el Frente de Todos: &quot;Apuesto siempre por la unidad&quot;\" \/>\n<meta property=\"og:description\" content=\"\u25a0 &quot;Es un a\u00f1o largo, ya vamos a tener los tiempos para la campa\u00f1a&quot;, dijo el ministro del Interior. Tambi\u00e9n se refiri\u00f3 a una reciente visita a una escuela en Mercedes. Y volvi\u00f3 a criticar a Macri\" \/>\n<meta property=\"og:url\" content=\"https:\/\/noticiasmercedinas.com\/site\/2023\/03\/30\/wado-de-pedro-y-el-frente-de-todos-apuesto-siempre-por-la-unidad\/\" \/>\n<meta property=\"og:site_name\" content=\"NOTICIASMERCEDINAS.COM\" \/>\n<meta property=\"article:publisher\" content=\"https:\/\/www.facebook.com\/noticiasmercedinas\/\" \/>\n<meta property=\"article:published_time\" content=\"2023-03-30T17:32:01+00:00\" \/>\n<meta property=\"og:image\" content=\"https:\/\/noticiasmercedinas.com\/site\/wp-content\/uploads\/2023\/02\/wadodepedro-1.jpg\" \/>\n\t<meta property=\"og:image:width\" content=\"640\" \/>\n\t<meta property=\"og:image:height\" content=\"427\" \/>\n\t<meta property=\"og:image:type\" content=\"image\/jpeg\" \/>\n<meta name=\"author\" content=\"NOTICIASMERCEDINAS.COM\" \/>\n<meta name=\"twitter:card\" content=\"summary_large_image\" \/>\n<meta name=\"twitter:creator\" content=\"@notmercedinas\" \/>\n<meta name=\"twitter:site\" content=\"@notmercedinas\" \/>\n<meta name=\"twitter:label1\" content=\"Escrito por\" \/>\n\t<meta name=\"twitter:data1\" content=\"NOTICIASMERCEDINAS.COM\" \/>\n\t<meta name=\"twitter:label2\" content=\"Tiempo de lectura\" \/>\n\t<meta name=\"twitter:data2\" content=\"3 minutos\" \/>\n<script type=\"application\/ld+json\" class=\"yoast-schema-graph\">{\"@context\":\"https:\\\/\\\/schema.org\",\"@graph\":[{\"@type\":\"Article\",\"@id\":\"https:\\\/\\\/noticiasmercedinas.com\\\/site\\\/2023\\\/03\\\/30\\\/wado-de-pedro-y-el-frente-de-todos-apuesto-siempre-por-la-unidad\\\/#article\",\"isPartOf\":{\"@id\":\"https:\\\/\\\/noticiasmercedinas.com\\\/site\\\/2023\\\/03\\\/30\\\/wado-de-pedro-y-el-frente-de-todos-apuesto-siempre-por-la-unidad\\\/\"},\"author\":{\"name\":\"NOTICIASMERCEDINAS.COM\",\"@id\":\"https:\\\/\\\/noticiasmercedinas.com\\\/site\\\/#\\\/schema\\\/person\\\/84b59c099c28ff2e8b77d4ceec5d8063\"},\"headline\":\"Wado De Pedro y el Frente de Todos: \u00abApuesto siempre por la unidad\u00bb\",\"datePublished\":\"2023-03-30T17:32:01+00:00\",\"mainEntityOfPage\":{\"@id\":\"https:\\\/\\\/noticiasmercedinas.com\\\/site\\\/2023\\\/03\\\/30\\\/wado-de-pedro-y-el-frente-de-todos-apuesto-siempre-por-la-unidad\\\/\"},\"wordCount\":623,\"publisher\":{\"@id\":\"https:\\\/\\\/noticiasmercedinas.com\\\/site\\\/#organization\"},\"image\":{\"@id\":\"https:\\\/\\\/noticiasmercedinas.com\\\/site\\\/2023\\\/03\\\/30\\\/wado-de-pedro-y-el-frente-de-todos-apuesto-siempre-por-la-unidad\\\/#primaryimage\"},\"thumbnailUrl\":\"https:\\\/\\\/noticiasmercedinas.com\\\/site\\\/wp-content\\\/uploads\\\/2023\\\/02\\\/wadodepedro-1.jpg\",\"keywords\":[\"DDHH\",\"elecciones 2023\",\"Frente de Todos\",\"wado de pedro\"],\"articleSection\":[\"Politica\"],\"inLanguage\":\"es\"},{\"@type\":\"WebPage\",\"@id\":\"https:\\\/\\\/noticiasmercedinas.com\\\/site\\\/2023\\\/03\\\/30\\\/wado-de-pedro-y-el-frente-de-todos-apuesto-siempre-por-la-unidad\\\/\",\"url\":\"https:\\\/\\\/noticiasmercedinas.com\\\/site\\\/2023\\\/03\\\/30\\\/wado-de-pedro-y-el-frente-de-todos-apuesto-siempre-por-la-unidad\\\/\",\"name\":\"Wado De Pedro y el Frente de Todos: \\\"Apuesto siempre por la unidad\\\"\",\"isPartOf\":{\"@id\":\"https:\\\/\\\/noticiasmercedinas.com\\\/site\\\/#website\"},\"primaryImageOfPage\":{\"@id\":\"https:\\\/\\\/noticiasmercedinas.com\\\/site\\\/2023\\\/03\\\/30\\\/wado-de-pedro-y-el-frente-de-todos-apuesto-siempre-por-la-unidad\\\/#primaryimage\"},\"image\":{\"@id\":\"https:\\\/\\\/noticiasmercedinas.com\\\/site\\\/2023\\\/03\\\/30\\\/wado-de-pedro-y-el-frente-de-todos-apuesto-siempre-por-la-unidad\\\/#primaryimage\"},\"thumbnailUrl\":\"https:\\\/\\\/noticiasmercedinas.com\\\/site\\\/wp-content\\\/uploads\\\/2023\\\/02\\\/wadodepedro-1.jpg\",\"datePublished\":\"2023-03-30T17:32:01+00:00\",\"breadcrumb\":{\"@id\":\"https:\\\/\\\/noticiasmercedinas.com\\\/site\\\/2023\\\/03\\\/30\\\/wado-de-pedro-y-el-frente-de-todos-apuesto-siempre-por-la-unidad\\\/#breadcrumb\"},\"inLanguage\":\"es\",\"potentialAction\":[{\"@type\":\"ReadAction\",\"target\":[\"https:\\\/\\\/noticiasmercedinas.com\\\/site\\\/2023\\\/03\\\/30\\\/wado-de-pedro-y-el-frente-de-todos-apuesto-siempre-por-la-unidad\\\/\"]}]},{\"@type\":\"ImageObject\",\"inLanguage\":\"es\",\"@id\":\"https:\\\/\\\/noticiasmercedinas.com\\\/site\\\/2023\\\/03\\\/30\\\/wado-de-pedro-y-el-frente-de-todos-apuesto-siempre-por-la-unidad\\\/#primaryimage\",\"url\":\"https:\\\/\\\/noticiasmercedinas.com\\\/site\\\/wp-content\\\/uploads\\\/2023\\\/02\\\/wadodepedro-1.jpg\",\"contentUrl\":\"https:\\\/\\\/noticiasmercedinas.com\\\/site\\\/wp-content\\\/uploads\\\/2023\\\/02\\\/wadodepedro-1.jpg\",\"width\":640,\"height\":427},{\"@type\":\"BreadcrumbList\",\"@id\":\"https:\\\/\\\/noticiasmercedinas.com\\\/site\\\/2023\\\/03\\\/30\\\/wado-de-pedro-y-el-frente-de-todos-apuesto-siempre-por-la-unidad\\\/#breadcrumb\",\"itemListElement\":[{\"@type\":\"ListItem\",\"position\":1,\"name\":\"Portada\",\"item\":\"https:\\\/\\\/noticiasmercedinas.com\\\/site\\\/\"},{\"@type\":\"ListItem\",\"position\":2,\"name\":\"Wado De Pedro y el Frente de Todos: \u00abApuesto siempre por la unidad\u00bb\"}]},{\"@type\":\"WebSite\",\"@id\":\"https:\\\/\\\/noticiasmercedinas.com\\\/site\\\/#website\",\"url\":\"https:\\\/\\\/noticiasmercedinas.com\\\/site\\\/\",\"name\":\"NOTICIASMERCEDINAS.COM\",\"description\":\"Mercedes, Buenos Aires, Argentina\",\"publisher\":{\"@id\":\"https:\\\/\\\/noticiasmercedinas.com\\\/site\\\/#organization\"},\"potentialAction\":[{\"@type\":\"SearchAction\",\"target\":{\"@type\":\"EntryPoint\",\"urlTemplate\":\"https:\\\/\\\/noticiasmercedinas.com\\\/site\\\/?s={search_term_string}\"},\"query-input\":{\"@type\":\"PropertyValueSpecification\",\"valueRequired\":true,\"valueName\":\"search_term_string\"}}],\"inLanguage\":\"es\"},{\"@type\":\"Organization\",\"@id\":\"https:\\\/\\\/noticiasmercedinas.com\\\/site\\\/#organization\",\"name\":\"NOTICIASMERCEDINAS.COM\",\"url\":\"https:\\\/\\\/noticiasmercedinas.com\\\/site\\\/\",\"logo\":{\"@type\":\"ImageObject\",\"inLanguage\":\"es\",\"@id\":\"https:\\\/\\\/noticiasmercedinas.com\\\/site\\\/#\\\/schema\\\/logo\\\/image\\\/\",\"url\":\"https:\\\/\\\/noticiasmercedinas.com\\\/site\\\/wp-content\\\/uploads\\\/2020\\\/06\\\/LOGO-512.jpg\",\"contentUrl\":\"https:\\\/\\\/noticiasmercedinas.com\\\/site\\\/wp-content\\\/uploads\\\/2020\\\/06\\\/LOGO-512.jpg\",\"width\":512,\"height\":512,\"caption\":\"NOTICIASMERCEDINAS.COM\"},\"image\":{\"@id\":\"https:\\\/\\\/noticiasmercedinas.com\\\/site\\\/#\\\/schema\\\/logo\\\/image\\\/\"},\"sameAs\":[\"https:\\\/\\\/www.facebook.com\\\/noticiasmercedinas\\\/\",\"https:\\\/\\\/x.com\\\/notmercedinas\",\"https:\\\/\\\/www.instagram.com\\\/noticiasmercedinas\\\/\"]},{\"@type\":\"Person\",\"@id\":\"https:\\\/\\\/noticiasmercedinas.com\\\/site\\\/#\\\/schema\\\/person\\\/84b59c099c28ff2e8b77d4ceec5d8063\",\"name\":\"NOTICIASMERCEDINAS.COM\",\"image\":{\"@type\":\"ImageObject\",\"inLanguage\":\"es\",\"@id\":\"https:\\\/\\\/secure.gravatar.com\\\/avatar\\\/4dfbf16b4d17945bfb6341b2d19043457132fcf478a5ee04f42e959fd8f5df0a?s=96&d=mm&r=g\",\"url\":\"https:\\\/\\\/secure.gravatar.com\\\/avatar\\\/4dfbf16b4d17945bfb6341b2d19043457132fcf478a5ee04f42e959fd8f5df0a?s=96&d=mm&r=g\",\"contentUrl\":\"https:\\\/\\\/secure.gravatar.com\\\/avatar\\\/4dfbf16b4d17945bfb6341b2d19043457132fcf478a5ee04f42e959fd8f5df0a?s=96&d=mm&r=g\",\"caption\":\"NOTICIASMERCEDINAS.COM\"},\"url\":\"https:\\\/\\\/noticiasmercedinas.com\\\/site\\\/author\\\/anonimo\\\/\"}]}<\/script>\n<!-- \/ Yoast SEO plugin. -->","yoast_head_json":{"title":"Wado De Pedro y el Frente de Todos: \"Apuesto siempre por la unidad\"","robots":{"index":"index","follow":"follow","max-snippet":"max-snippet:-1","max-image-preview":"max-image-preview:large","max-video-preview":"max-video-preview:-1"},"canonical":"https:\/\/noticiasmercedinas.com\/site\/2023\/03\/30\/wado-de-pedro-y-el-frente-de-todos-apuesto-siempre-por-la-unidad\/","og_locale":"es_ES","og_type":"article","og_title":"Wado De Pedro y el Frente de Todos: \"Apuesto siempre por la unidad\"","og_description":"\u25a0 \"Es un a\u00f1o largo, ya vamos a tener los tiempos para la campa\u00f1a\", dijo el ministro del Interior. Tambi\u00e9n se refiri\u00f3 a una reciente visita a una escuela en Mercedes. Y volvi\u00f3 a criticar a Macri","og_url":"https:\/\/noticiasmercedinas.com\/site\/2023\/03\/30\/wado-de-pedro-y-el-frente-de-todos-apuesto-siempre-por-la-unidad\/","og_site_name":"NOTICIASMERCEDINAS.COM","article_publisher":"https:\/\/www.facebook.com\/noticiasmercedinas\/","article_published_time":"2023-03-30T17:32:01+00:00","og_image":[{"width":640,"height":427,"url":"https:\/\/noticiasmercedinas.com\/site\/wp-content\/uploads\/2023\/02\/wadodepedro-1.jpg","type":"image\/jpeg"}],"author":"NOTICIASMERCEDINAS.COM","twitter_card":"summary_large_image","twitter_creator":"@notmercedinas","twitter_site":"@notmercedinas","twitter_misc":{"Escrito por":"NOTICIASMERCEDINAS.COM","Tiempo de lectura":"3 minutos"},"schema":{"@context":"https:\/\/schema.org","@graph":[{"@type":"Article","@id":"https:\/\/noticiasmercedinas.com\/site\/2023\/03\/30\/wado-de-pedro-y-el-frente-de-todos-apuesto-siempre-por-la-unidad\/#article","isPartOf":{"@id":"https:\/\/noticiasmercedinas.com\/site\/2023\/03\/30\/wado-de-pedro-y-el-frente-de-todos-apuesto-siempre-por-la-unidad\/"},"author":{"name":"NOTICIASMERCEDINAS.COM","@id":"https:\/\/noticiasmercedinas.com\/site\/#\/schema\/person\/84b59c099c28ff2e8b77d4ceec5d8063"},"headline":"Wado De Pedro y el Frente de Todos: \u00abApuesto siempre por la unidad\u00bb","datePublished":"2023-03-30T17:32:01+00:00","mainEntityOfPage":{"@id":"https:\/\/noticiasmercedinas.com\/site\/2023\/03\/30\/wado-de-pedro-y-el-frente-de-todos-apuesto-siempre-por-la-unidad\/"},"wordCount":623,"publisher":{"@id":"https:\/\/noticiasmercedinas.com\/site\/#organization"},"image":{"@id":"https:\/\/noticiasmercedinas.com\/site\/2023\/03\/30\/wado-de-pedro-y-el-frente-de-todos-apuesto-siempre-por-la-unidad\/#primaryimage"},"thumbnailUrl":"https:\/\/noticiasmercedinas.com\/site\/wp-content\/uploads\/2023\/02\/wadodepedro-1.jpg","keywords":["DDHH","elecciones 2023","Frente de Todos","wado de pedro"],"articleSection":["Politica"],"inLanguage":"es"},{"@type":"WebPage","@id":"https:\/\/noticiasmercedinas.com\/site\/2023\/03\/30\/wado-de-pedro-y-el-frente-de-todos-apuesto-siempre-por-la-unidad\/","url":"https:\/\/noticiasmercedinas.com\/site\/2023\/03\/30\/wado-de-pedro-y-el-frente-de-todos-apuesto-siempre-por-la-unidad\/","name":"Wado De Pedro y el Frente de Todos: \"Apuesto siempre por la unidad\"","isPartOf":{"@id":"https:\/\/noticiasmercedinas.com\/site\/#website"},"primaryImageOfPage":{"@id":"https:\/\/noticiasmercedinas.com\/site\/2023\/03\/30\/wado-de-pedro-y-el-frente-de-todos-apuesto-siempre-por-la-unidad\/#primaryimage"},"image":{"@id":"https:\/\/noticiasmercedinas.com\/site\/2023\/03\/30\/wado-de-pedro-y-el-frente-de-todos-apuesto-siempre-por-la-unidad\/#primaryimage"},"thumbnailUrl":"https:\/\/noticiasmercedinas.com\/site\/wp-content\/uploads\/2023\/02\/wadodepedro-1.jpg","datePublished":"2023-03-30T17:32:01+00:00","breadcrumb":{"@id":"https:\/\/noticiasmercedinas.com\/site\/2023\/03\/30\/wado-de-pedro-y-el-frente-de-todos-apuesto-siempre-por-la-unidad\/#breadcrumb"},"inLanguage":"es","potentialAction":[{"@type":"ReadAction","target":["https:\/\/noticiasmercedinas.com\/site\/2023\/03\/30\/wado-de-pedro-y-el-frente-de-todos-apuesto-siempre-por-la-unidad\/"]}]},{"@type":"ImageObject","inLanguage":"es","@id":"https:\/\/noticiasmercedinas.com\/site\/2023\/03\/30\/wado-de-pedro-y-el-frente-de-todos-apuesto-siempre-por-la-unidad\/#primaryimage","url":"https:\/\/noticiasmercedinas.com\/site\/wp-content\/uploads\/2023\/02\/wadodepedro-1.jpg","contentUrl":"https:\/\/noticiasmercedinas.com\/site\/wp-content\/uploads\/2023\/02\/wadodepedro-1.jpg","width":640,"height":427},{"@type":"BreadcrumbList","@id":"https:\/\/noticiasmercedinas.com\/site\/2023\/03\/30\/wado-de-pedro-y-el-frente-de-todos-apuesto-siempre-por-la-unidad\/#breadcrumb","itemListElement":[{"@type":"ListItem","position":1,"name":"Portada","item":"https:\/\/noticiasmercedinas.com\/site\/"},{"@type":"ListItem","position":2,"name":"Wado De Pedro y el Frente de Todos: \u00abApuesto siempre por la unidad\u00bb"}]},{"@type":"WebSite","@id":"https:\/\/noticiasmercedinas.com\/site\/#website","url":"https:\/\/noticiasmercedinas.com\/site\/","name":"NOTICIASMERCEDINAS.COM","description":"Mercedes, Buenos Aires, Argentina","publisher":{"@id":"https:\/\/noticiasmercedinas.com\/site\/#organization"},"potentialAction":[{"@type":"SearchAction","target":{"@type":"EntryPoint","urlTemplate":"https:\/\/noticiasmercedinas.com\/site\/?s={search_term_string}"},"query-input":{"@type":"PropertyValueSpecification","valueRequired":true,"valueName":"search_term_string"}}],"inLanguage":"es"},{"@type":"Organization","@id":"https:\/\/noticiasmercedinas.com\/site\/#organization","name":"NOTICIASMERCEDINAS.COM","url":"https:\/\/noticiasmercedinas.com\/site\/","logo":{"@type":"ImageObject","inLanguage":"es","@id":"https:\/\/noticiasmercedinas.com\/site\/#\/schema\/logo\/image\/","url":"https:\/\/noticiasmercedinas.com\/site\/wp-content\/uploads\/2020\/06\/LOGO-512.jpg","contentUrl":"https:\/\/noticiasmercedinas.com\/site\/wp-content\/uploads\/2020\/06\/LOGO-512.jpg","width":512,"height":512,"caption":"NOTICIASMERCEDINAS.COM"},"image":{"@id":"https:\/\/noticiasmercedinas.com\/site\/#\/schema\/logo\/image\/"},"sameAs":["https:\/\/www.facebook.com\/noticiasmercedinas\/","https:\/\/x.com\/notmercedinas","https:\/\/www.instagram.com\/noticiasmercedinas\/"]},{"@type":"Person","@id":"https:\/\/noticiasmercedinas.com\/site\/#\/schema\/person\/84b59c099c28ff2e8b77d4ceec5d8063","name":"NOTICIASMERCEDINAS.COM","image":{"@type":"ImageObject","inLanguage":"es","@id":"https:\/\/secure.gravatar.com\/avatar\/4dfbf16b4d17945bfb6341b2d19043457132fcf478a5ee04f42e959fd8f5df0a?s=96&d=mm&r=g","url":"https:\/\/secure.gravatar.com\/avatar\/4dfbf16b4d17945bfb6341b2d19043457132fcf478a5ee04f42e959fd8f5df0a?s=96&d=mm&r=g","contentUrl":"https:\/\/secure.gravatar.com\/avatar\/4dfbf16b4d17945bfb6341b2d19043457132fcf478a5ee04f42e959fd8f5df0a?s=96&d=mm&r=g","caption":"NOTICIASMERCEDINAS.COM"},"url":"https:\/\/noticiasmercedinas.com\/site\/author\/anonimo\/"}]}},"amp_enabled":true,"_links":{"self":[{"href":"https:\/\/noticiasmercedinas.com\/site\/wp-json\/wp\/v2\/posts\/111886","targetHints":{"allow":["GET"]}}],"collection":[{"href":"https:\/\/noticiasmercedinas.com\/site\/wp-json\/wp\/v2\/posts"}],"about":[{"href":"https:\/\/noticiasmercedinas.com\/site\/wp-json\/wp\/v2\/types\/post"}],"author":[{"embeddable":true,"href":"https:\/\/noticiasmercedinas.com\/site\/wp-json\/wp\/v2\/users\/16"}],"replies":[{"embeddable":true,"href":"https:\/\/noticiasmercedinas.com\/site\/wp-json\/wp\/v2\/comments?post=111886"}],"version-history":[{"count":1,"href":"https:\/\/noticiasmercedinas.com\/site\/wp-json\/wp\/v2\/posts\/111886\/revisions"}],"predecessor-version":[{"id":111887,"href":"https:\/\/noticiasmercedinas.com\/site\/wp-json\/wp\/v2\/posts\/111886\/revisions\/111887"}],"wp:featuredmedia":[{"embeddable":true,"href":"https:\/\/noticiasmercedinas.com\/site\/wp-json\/wp\/v2\/media\/109377"}],"wp:attachment":[{"href":"https:\/\/noticiasmercedinas.com\/site\/wp-json\/wp\/v2\/media?parent=111886"}],"wp:term":[{"taxonomy":"category","embeddable":true,"href":"https:\/\/noticiasmercedinas.com\/site\/wp-json\/wp\/v2\/categories?post=111886"},{"taxonomy":"post_tag","embeddable":true,"href":"https:\/\/noticiasmercedinas.com\/site\/wp-json\/wp\/v2\/tags?post=111886"}],"curies":[{"name":"wp","href":"https:\/\/api.w.org\/{rel}","templated":true}]}}