{"id":111959,"date":"2023-03-31T19:12:27","date_gmt":"2023-03-31T22:12:27","guid":{"rendered":"https:\/\/noticiasmercedinas.com\/site\/?p=111959"},"modified":"2023-03-31T19:12:27","modified_gmt":"2023-03-31T22:12:27","slug":"en-abril-vuelve-lazos-de-amor-el-espacio-el-puente","status":"publish","type":"post","link":"https:\/\/noticiasmercedinas.com\/site\/2023\/03\/31\/en-abril-vuelve-lazos-de-amor-el-espacio-el-puente\/","title":{"rendered":"En abril vuelve \u00abLazos de amor\u00bb a Espacio El Puente"},"content":{"rendered":"<p><img loading=\"lazy\" decoding=\"async\" class=\"alignnone size-full wp-image-111962\" src=\"https:\/\/noticiasmercedinas.com\/site\/wp-content\/uploads\/2023\/03\/Maria_Lujan-Luna_lazos-de-amor.jpeg\" alt=\"\" width=\"640\" height=\"427\" srcset=\"https:\/\/noticiasmercedinas.com\/site\/wp-content\/uploads\/2023\/03\/Maria_Lujan-Luna_lazos-de-amor.jpeg 640w, https:\/\/noticiasmercedinas.com\/site\/wp-content\/uploads\/2023\/03\/Maria_Lujan-Luna_lazos-de-amor-300x200.jpeg 300w\" sizes=\"auto, (max-width: 640px) 100vw, 640px\" \/><\/p>\n<p>En el mes de abril vuelve a presentarse el espect\u00e1culo de cuentos y canciones \u00abLazos de amor\u00bb, de <strong>Mar\u00eda Luj\u00e1n Luna<\/strong>, en el Espacio El Puente.<\/p>\n<p>Luego de tres exitosas presentaciones el a\u00f1o pasado, habr\u00e1 dos nuevas fechas el pr\u00f3ximo s\u00e1bado 22 de abril, a las 20 horas, y el domingo 23, a las 19 horas.<\/p>\n<p>Entrevistada por <em>Noticias Mercedinas<\/em>, Luna record\u00f3 que se trata \u201cde un espect\u00e1culo de narraci\u00f3n oral en el que cuento seis cuentos literarios, adaptados a la oralidad, que se van intercalando con canciones y la guitarra de <strong>Mateo Brienza<\/strong>\u201d.<\/p>\n<p><img loading=\"lazy\" decoding=\"async\" class=\"alignnone size-full wp-image-111961\" src=\"https:\/\/noticiasmercedinas.com\/site\/wp-content\/uploads\/2023\/03\/Maria_Lujan-Luna.jpeg\" alt=\"\" width=\"640\" height=\"401\" srcset=\"https:\/\/noticiasmercedinas.com\/site\/wp-content\/uploads\/2023\/03\/Maria_Lujan-Luna.jpeg 640w, https:\/\/noticiasmercedinas.com\/site\/wp-content\/uploads\/2023\/03\/Maria_Lujan-Luna-300x188.jpeg 300w\" sizes=\"auto, (max-width: 640px) 100vw, 640px\" \/><\/p>\n<blockquote><p>\u00abNarrar no es leer, los cuentos no son le\u00eddos, sino que son dichos a viva voz, con lo que esto significa\u00bb<\/p><\/blockquote>\n<p>\u201cEs importante aclarar que narrar no es leer, los cuentos no son le\u00eddos sino son dichos a viva voz, con lo que esto significa del gesto, la emoci\u00f3n y el momento de ser dicho, ya que cada vez que se cuenta, se cuenta de una manera diferente\u201d, remarc\u00f3 la artista.<\/p>\n<p>Tambi\u00e9n record\u00f3 que \u201ces un espect\u00e1culo intimista que todo gira entorno a la palabra, en estos tiempos de tanta comunicaci\u00f3n mediada es una buena oportunidad para encontrarse con la palabra dicha cara a cara\u201d.<\/p>\n<p>\u201cEl Puente es donde fue la ultima funci\u00f3n, es el espacio de Alicia Lennard donde hace sus talleres literarios. Es un espacio precioso, especialmente adecuado y muy agradable\u201d resalt\u00f3 y agreg\u00f3 que \u201ces un espacio peque\u00f1o, porque la idea es trabajar con un espacio reducido para no tener que amplificar el sonido\u201d.<\/p>\n<p>Las entradas tienen un valor de 1500 pesos, y se reservan solamente de manera anticipada al 2324 47-9590 y el cupo es limitado.<\/p>\n<p>PH: Lucas Riselli.<\/p>\n<p><img loading=\"lazy\" decoding=\"async\" class=\"alignnone size-full wp-image-111960\" src=\"https:\/\/noticiasmercedinas.com\/site\/wp-content\/uploads\/2023\/03\/Flyer_lazoz-de_amor_Luna.jpeg\" alt=\"\" width=\"640\" height=\"489\" srcset=\"https:\/\/noticiasmercedinas.com\/site\/wp-content\/uploads\/2023\/03\/Flyer_lazoz-de_amor_Luna.jpeg 640w, https:\/\/noticiasmercedinas.com\/site\/wp-content\/uploads\/2023\/03\/Flyer_lazoz-de_amor_Luna-300x229.jpeg 300w, https:\/\/noticiasmercedinas.com\/site\/wp-content\/uploads\/2023\/03\/Flyer_lazoz-de_amor_Luna-80x60.jpeg 80w, https:\/\/noticiasmercedinas.com\/site\/wp-content\/uploads\/2023\/03\/Flyer_lazoz-de_amor_Luna-100x75.jpeg 100w\" sizes=\"auto, (max-width: 640px) 100vw, 640px\" \/><\/p>\n","protected":false},"excerpt":{"rendered":"<p>\u25a0 El espect\u00e1culo de cuentos y canciones de Mar\u00eda Luj\u00e1n Luna tendr\u00e1 dos nuevas fechas el s\u00e1bado 22 de abril, a las 20 horas, y el domingo 23, a las 19.<\/p>\n","protected":false},"author":8,"featured_media":111962,"comment_status":"closed","ping_status":"closed","sticky":false,"template":"","format":"standard","meta":{"footnotes":""},"categories":[4],"tags":[9001,6701,16557,16556,997,11585],"class_list":["post-111959","post","type-post","status-publish","format-standard","has-post-thumbnail","hentry","category-cultura","tag-canciones","tag-cuentos","tag-espacio-el-puente","tag-lazos-de-amor","tag-maria-lujan-luna","tag-mateo-brienza"],"yoast_head":"<!-- This site is optimized with the Yoast SEO plugin v27.4 - https:\/\/yoast.com\/product\/yoast-seo-wordpress\/ -->\n<title>En abril vuelve &quot;Lazos de amor&quot; a Espacio El Puente<\/title>\n<meta name=\"robots\" content=\"index, follow, max-snippet:-1, max-image-preview:large, max-video-preview:-1\" \/>\n<link rel=\"canonical\" href=\"https:\/\/noticiasmercedinas.com\/site\/2023\/03\/31\/en-abril-vuelve-lazos-de-amor-el-espacio-el-puente\/\" \/>\n<meta property=\"og:locale\" content=\"es_ES\" \/>\n<meta property=\"og:type\" content=\"article\" \/>\n<meta property=\"og:title\" content=\"En abril vuelve &quot;Lazos de amor&quot; a Espacio El Puente\" \/>\n<meta property=\"og:description\" content=\"\u25a0 El espect\u00e1culo de cuentos y canciones de Mar\u00eda Luj\u00e1n Luna tendr\u00e1 dos nuevas fechas el s\u00e1bado 22 de abril, a las 20 horas, y el domingo 23, a las 19.\" \/>\n<meta property=\"og:url\" content=\"https:\/\/noticiasmercedinas.com\/site\/2023\/03\/31\/en-abril-vuelve-lazos-de-amor-el-espacio-el-puente\/\" \/>\n<meta property=\"og:site_name\" content=\"NOTICIASMERCEDINAS.COM\" \/>\n<meta property=\"article:publisher\" content=\"https:\/\/www.facebook.com\/noticiasmercedinas\/\" \/>\n<meta property=\"article:published_time\" content=\"2023-03-31T22:12:27+00:00\" \/>\n<meta property=\"og:image\" content=\"https:\/\/noticiasmercedinas.com\/site\/wp-content\/uploads\/2023\/03\/Maria_Lujan-Luna_lazos-de-amor.jpeg\" \/>\n\t<meta property=\"og:image:width\" content=\"640\" \/>\n\t<meta property=\"og:image:height\" content=\"427\" \/>\n\t<meta property=\"og:image:type\" content=\"image\/jpeg\" \/>\n<meta name=\"author\" content=\"Betina Abalos NOTICIASMERCEDINAS.COM\" \/>\n<meta name=\"twitter:card\" content=\"summary_large_image\" \/>\n<meta name=\"twitter:creator\" content=\"@notmercedinas\" \/>\n<meta name=\"twitter:site\" content=\"@notmercedinas\" \/>\n<meta name=\"twitter:label1\" content=\"Escrito por\" \/>\n\t<meta name=\"twitter:data1\" content=\"Betina Abalos NOTICIASMERCEDINAS.COM\" \/>\n\t<meta name=\"twitter:label2\" content=\"Tiempo de lectura\" \/>\n\t<meta name=\"twitter:data2\" content=\"2 minutos\" \/>\n<script type=\"application\/ld+json\" class=\"yoast-schema-graph\">{\"@context\":\"https:\\\/\\\/schema.org\",\"@graph\":[{\"@type\":\"Article\",\"@id\":\"https:\\\/\\\/noticiasmercedinas.com\\\/site\\\/2023\\\/03\\\/31\\\/en-abril-vuelve-lazos-de-amor-el-espacio-el-puente\\\/#article\",\"isPartOf\":{\"@id\":\"https:\\\/\\\/noticiasmercedinas.com\\\/site\\\/2023\\\/03\\\/31\\\/en-abril-vuelve-lazos-de-amor-el-espacio-el-puente\\\/\"},\"author\":{\"name\":\"Betina Abalos NOTICIASMERCEDINAS.COM\",\"@id\":\"https:\\\/\\\/noticiasmercedinas.com\\\/site\\\/#\\\/schema\\\/person\\\/b38ec3ed89a3735ef5fecfc1c9adc560\"},\"headline\":\"En abril vuelve \u00abLazos de amor\u00bb a Espacio El Puente\",\"datePublished\":\"2023-03-31T22:12:27+00:00\",\"mainEntityOfPage\":{\"@id\":\"https:\\\/\\\/noticiasmercedinas.com\\\/site\\\/2023\\\/03\\\/31\\\/en-abril-vuelve-lazos-de-amor-el-espacio-el-puente\\\/\"},\"wordCount\":297,\"publisher\":{\"@id\":\"https:\\\/\\\/noticiasmercedinas.com\\\/site\\\/#organization\"},\"image\":{\"@id\":\"https:\\\/\\\/noticiasmercedinas.com\\\/site\\\/2023\\\/03\\\/31\\\/en-abril-vuelve-lazos-de-amor-el-espacio-el-puente\\\/#primaryimage\"},\"thumbnailUrl\":\"https:\\\/\\\/noticiasmercedinas.com\\\/site\\\/wp-content\\\/uploads\\\/2023\\\/03\\\/Maria_Lujan-Luna_lazos-de-amor.jpeg\",\"keywords\":[\"canciones\",\"cuentos\",\"Espacio El Puente\",\"Lazos de amor\",\"Maria lujan luna\",\"Mateo Brienza\"],\"articleSection\":[\"Cultura\"],\"inLanguage\":\"es\"},{\"@type\":\"WebPage\",\"@id\":\"https:\\\/\\\/noticiasmercedinas.com\\\/site\\\/2023\\\/03\\\/31\\\/en-abril-vuelve-lazos-de-amor-el-espacio-el-puente\\\/\",\"url\":\"https:\\\/\\\/noticiasmercedinas.com\\\/site\\\/2023\\\/03\\\/31\\\/en-abril-vuelve-lazos-de-amor-el-espacio-el-puente\\\/\",\"name\":\"En abril vuelve \\\"Lazos de amor\\\" a Espacio El Puente\",\"isPartOf\":{\"@id\":\"https:\\\/\\\/noticiasmercedinas.com\\\/site\\\/#website\"},\"primaryImageOfPage\":{\"@id\":\"https:\\\/\\\/noticiasmercedinas.com\\\/site\\\/2023\\\/03\\\/31\\\/en-abril-vuelve-lazos-de-amor-el-espacio-el-puente\\\/#primaryimage\"},\"image\":{\"@id\":\"https:\\\/\\\/noticiasmercedinas.com\\\/site\\\/2023\\\/03\\\/31\\\/en-abril-vuelve-lazos-de-amor-el-espacio-el-puente\\\/#primaryimage\"},\"thumbnailUrl\":\"https:\\\/\\\/noticiasmercedinas.com\\\/site\\\/wp-content\\\/uploads\\\/2023\\\/03\\\/Maria_Lujan-Luna_lazos-de-amor.jpeg\",\"datePublished\":\"2023-03-31T22:12:27+00:00\",\"breadcrumb\":{\"@id\":\"https:\\\/\\\/noticiasmercedinas.com\\\/site\\\/2023\\\/03\\\/31\\\/en-abril-vuelve-lazos-de-amor-el-espacio-el-puente\\\/#breadcrumb\"},\"inLanguage\":\"es\",\"potentialAction\":[{\"@type\":\"ReadAction\",\"target\":[\"https:\\\/\\\/noticiasmercedinas.com\\\/site\\\/2023\\\/03\\\/31\\\/en-abril-vuelve-lazos-de-amor-el-espacio-el-puente\\\/\"]}]},{\"@type\":\"ImageObject\",\"inLanguage\":\"es\",\"@id\":\"https:\\\/\\\/noticiasmercedinas.com\\\/site\\\/2023\\\/03\\\/31\\\/en-abril-vuelve-lazos-de-amor-el-espacio-el-puente\\\/#primaryimage\",\"url\":\"https:\\\/\\\/noticiasmercedinas.com\\\/site\\\/wp-content\\\/uploads\\\/2023\\\/03\\\/Maria_Lujan-Luna_lazos-de-amor.jpeg\",\"contentUrl\":\"https:\\\/\\\/noticiasmercedinas.com\\\/site\\\/wp-content\\\/uploads\\\/2023\\\/03\\\/Maria_Lujan-Luna_lazos-de-amor.jpeg\",\"width\":640,\"height\":427},{\"@type\":\"BreadcrumbList\",\"@id\":\"https:\\\/\\\/noticiasmercedinas.com\\\/site\\\/2023\\\/03\\\/31\\\/en-abril-vuelve-lazos-de-amor-el-espacio-el-puente\\\/#breadcrumb\",\"itemListElement\":[{\"@type\":\"ListItem\",\"position\":1,\"name\":\"Portada\",\"item\":\"https:\\\/\\\/noticiasmercedinas.com\\\/site\\\/\"},{\"@type\":\"ListItem\",\"position\":2,\"name\":\"En abril vuelve \u00abLazos de amor\u00bb a Espacio El Puente\"}]},{\"@type\":\"WebSite\",\"@id\":\"https:\\\/\\\/noticiasmercedinas.com\\\/site\\\/#website\",\"url\":\"https:\\\/\\\/noticiasmercedinas.com\\\/site\\\/\",\"name\":\"NOTICIASMERCEDINAS.COM\",\"description\":\"Mercedes, Buenos Aires, Argentina\",\"publisher\":{\"@id\":\"https:\\\/\\\/noticiasmercedinas.com\\\/site\\\/#organization\"},\"potentialAction\":[{\"@type\":\"SearchAction\",\"target\":{\"@type\":\"EntryPoint\",\"urlTemplate\":\"https:\\\/\\\/noticiasmercedinas.com\\\/site\\\/?s={search_term_string}\"},\"query-input\":{\"@type\":\"PropertyValueSpecification\",\"valueRequired\":true,\"valueName\":\"search_term_string\"}}],\"inLanguage\":\"es\"},{\"@type\":\"Organization\",\"@id\":\"https:\\\/\\\/noticiasmercedinas.com\\\/site\\\/#organization\",\"name\":\"NOTICIASMERCEDINAS.COM\",\"url\":\"https:\\\/\\\/noticiasmercedinas.com\\\/site\\\/\",\"logo\":{\"@type\":\"ImageObject\",\"inLanguage\":\"es\",\"@id\":\"https:\\\/\\\/noticiasmercedinas.com\\\/site\\\/#\\\/schema\\\/logo\\\/image\\\/\",\"url\":\"https:\\\/\\\/noticiasmercedinas.com\\\/site\\\/wp-content\\\/uploads\\\/2020\\\/06\\\/LOGO-512.jpg\",\"contentUrl\":\"https:\\\/\\\/noticiasmercedinas.com\\\/site\\\/wp-content\\\/uploads\\\/2020\\\/06\\\/LOGO-512.jpg\",\"width\":512,\"height\":512,\"caption\":\"NOTICIASMERCEDINAS.COM\"},\"image\":{\"@id\":\"https:\\\/\\\/noticiasmercedinas.com\\\/site\\\/#\\\/schema\\\/logo\\\/image\\\/\"},\"sameAs\":[\"https:\\\/\\\/www.facebook.com\\\/noticiasmercedinas\\\/\",\"https:\\\/\\\/x.com\\\/notmercedinas\",\"https:\\\/\\\/www.instagram.com\\\/noticiasmercedinas\\\/\"]},{\"@type\":\"Person\",\"@id\":\"https:\\\/\\\/noticiasmercedinas.com\\\/site\\\/#\\\/schema\\\/person\\\/b38ec3ed89a3735ef5fecfc1c9adc560\",\"name\":\"Betina Abalos NOTICIASMERCEDINAS.COM\",\"image\":{\"@type\":\"ImageObject\",\"inLanguage\":\"es\",\"@id\":\"https:\\\/\\\/secure.gravatar.com\\\/avatar\\\/8c86fde6c3b4a08aabce60929a23fa91235f414626598c992897a3e4b0679f33?s=96&d=mm&r=g\",\"url\":\"https:\\\/\\\/secure.gravatar.com\\\/avatar\\\/8c86fde6c3b4a08aabce60929a23fa91235f414626598c992897a3e4b0679f33?s=96&d=mm&r=g\",\"contentUrl\":\"https:\\\/\\\/secure.gravatar.com\\\/avatar\\\/8c86fde6c3b4a08aabce60929a23fa91235f414626598c992897a3e4b0679f33?s=96&d=mm&r=g\",\"caption\":\"Betina Abalos NOTICIASMERCEDINAS.COM\"},\"url\":\"https:\\\/\\\/noticiasmercedinas.com\\\/site\\\/author\\\/betina\\\/\"}]}<\/script>\n<!-- \/ Yoast SEO plugin. -->","yoast_head_json":{"title":"En abril vuelve \"Lazos de amor\" a Espacio El Puente","robots":{"index":"index","follow":"follow","max-snippet":"max-snippet:-1","max-image-preview":"max-image-preview:large","max-video-preview":"max-video-preview:-1"},"canonical":"https:\/\/noticiasmercedinas.com\/site\/2023\/03\/31\/en-abril-vuelve-lazos-de-amor-el-espacio-el-puente\/","og_locale":"es_ES","og_type":"article","og_title":"En abril vuelve \"Lazos de amor\" a Espacio El Puente","og_description":"\u25a0 El espect\u00e1culo de cuentos y canciones de Mar\u00eda Luj\u00e1n Luna tendr\u00e1 dos nuevas fechas el s\u00e1bado 22 de abril, a las 20 horas, y el domingo 23, a las 19.","og_url":"https:\/\/noticiasmercedinas.com\/site\/2023\/03\/31\/en-abril-vuelve-lazos-de-amor-el-espacio-el-puente\/","og_site_name":"NOTICIASMERCEDINAS.COM","article_publisher":"https:\/\/www.facebook.com\/noticiasmercedinas\/","article_published_time":"2023-03-31T22:12:27+00:00","og_image":[{"width":640,"height":427,"url":"https:\/\/noticiasmercedinas.com\/site\/wp-content\/uploads\/2023\/03\/Maria_Lujan-Luna_lazos-de-amor.jpeg","type":"image\/jpeg"}],"author":"Betina Abalos NOTICIASMERCEDINAS.COM","twitter_card":"summary_large_image","twitter_creator":"@notmercedinas","twitter_site":"@notmercedinas","twitter_misc":{"Escrito por":"Betina Abalos NOTICIASMERCEDINAS.COM","Tiempo de lectura":"2 minutos"},"schema":{"@context":"https:\/\/schema.org","@graph":[{"@type":"Article","@id":"https:\/\/noticiasmercedinas.com\/site\/2023\/03\/31\/en-abril-vuelve-lazos-de-amor-el-espacio-el-puente\/#article","isPartOf":{"@id":"https:\/\/noticiasmercedinas.com\/site\/2023\/03\/31\/en-abril-vuelve-lazos-de-amor-el-espacio-el-puente\/"},"author":{"name":"Betina Abalos NOTICIASMERCEDINAS.COM","@id":"https:\/\/noticiasmercedinas.com\/site\/#\/schema\/person\/b38ec3ed89a3735ef5fecfc1c9adc560"},"headline":"En abril vuelve \u00abLazos de amor\u00bb a Espacio El Puente","datePublished":"2023-03-31T22:12:27+00:00","mainEntityOfPage":{"@id":"https:\/\/noticiasmercedinas.com\/site\/2023\/03\/31\/en-abril-vuelve-lazos-de-amor-el-espacio-el-puente\/"},"wordCount":297,"publisher":{"@id":"https:\/\/noticiasmercedinas.com\/site\/#organization"},"image":{"@id":"https:\/\/noticiasmercedinas.com\/site\/2023\/03\/31\/en-abril-vuelve-lazos-de-amor-el-espacio-el-puente\/#primaryimage"},"thumbnailUrl":"https:\/\/noticiasmercedinas.com\/site\/wp-content\/uploads\/2023\/03\/Maria_Lujan-Luna_lazos-de-amor.jpeg","keywords":["canciones","cuentos","Espacio El Puente","Lazos de amor","Maria lujan luna","Mateo Brienza"],"articleSection":["Cultura"],"inLanguage":"es"},{"@type":"WebPage","@id":"https:\/\/noticiasmercedinas.com\/site\/2023\/03\/31\/en-abril-vuelve-lazos-de-amor-el-espacio-el-puente\/","url":"https:\/\/noticiasmercedinas.com\/site\/2023\/03\/31\/en-abril-vuelve-lazos-de-amor-el-espacio-el-puente\/","name":"En abril vuelve \"Lazos de amor\" a Espacio El Puente","isPartOf":{"@id":"https:\/\/noticiasmercedinas.com\/site\/#website"},"primaryImageOfPage":{"@id":"https:\/\/noticiasmercedinas.com\/site\/2023\/03\/31\/en-abril-vuelve-lazos-de-amor-el-espacio-el-puente\/#primaryimage"},"image":{"@id":"https:\/\/noticiasmercedinas.com\/site\/2023\/03\/31\/en-abril-vuelve-lazos-de-amor-el-espacio-el-puente\/#primaryimage"},"thumbnailUrl":"https:\/\/noticiasmercedinas.com\/site\/wp-content\/uploads\/2023\/03\/Maria_Lujan-Luna_lazos-de-amor.jpeg","datePublished":"2023-03-31T22:12:27+00:00","breadcrumb":{"@id":"https:\/\/noticiasmercedinas.com\/site\/2023\/03\/31\/en-abril-vuelve-lazos-de-amor-el-espacio-el-puente\/#breadcrumb"},"inLanguage":"es","potentialAction":[{"@type":"ReadAction","target":["https:\/\/noticiasmercedinas.com\/site\/2023\/03\/31\/en-abril-vuelve-lazos-de-amor-el-espacio-el-puente\/"]}]},{"@type":"ImageObject","inLanguage":"es","@id":"https:\/\/noticiasmercedinas.com\/site\/2023\/03\/31\/en-abril-vuelve-lazos-de-amor-el-espacio-el-puente\/#primaryimage","url":"https:\/\/noticiasmercedinas.com\/site\/wp-content\/uploads\/2023\/03\/Maria_Lujan-Luna_lazos-de-amor.jpeg","contentUrl":"https:\/\/noticiasmercedinas.com\/site\/wp-content\/uploads\/2023\/03\/Maria_Lujan-Luna_lazos-de-amor.jpeg","width":640,"height":427},{"@type":"BreadcrumbList","@id":"https:\/\/noticiasmercedinas.com\/site\/2023\/03\/31\/en-abril-vuelve-lazos-de-amor-el-espacio-el-puente\/#breadcrumb","itemListElement":[{"@type":"ListItem","position":1,"name":"Portada","item":"https:\/\/noticiasmercedinas.com\/site\/"},{"@type":"ListItem","position":2,"name":"En abril vuelve \u00abLazos de amor\u00bb a Espacio El Puente"}]},{"@type":"WebSite","@id":"https:\/\/noticiasmercedinas.com\/site\/#website","url":"https:\/\/noticiasmercedinas.com\/site\/","name":"NOTICIASMERCEDINAS.COM","description":"Mercedes, Buenos Aires, Argentina","publisher":{"@id":"https:\/\/noticiasmercedinas.com\/site\/#organization"},"potentialAction":[{"@type":"SearchAction","target":{"@type":"EntryPoint","urlTemplate":"https:\/\/noticiasmercedinas.com\/site\/?s={search_term_string}"},"query-input":{"@type":"PropertyValueSpecification","valueRequired":true,"valueName":"search_term_string"}}],"inLanguage":"es"},{"@type":"Organization","@id":"https:\/\/noticiasmercedinas.com\/site\/#organization","name":"NOTICIASMERCEDINAS.COM","url":"https:\/\/noticiasmercedinas.com\/site\/","logo":{"@type":"ImageObject","inLanguage":"es","@id":"https:\/\/noticiasmercedinas.com\/site\/#\/schema\/logo\/image\/","url":"https:\/\/noticiasmercedinas.com\/site\/wp-content\/uploads\/2020\/06\/LOGO-512.jpg","contentUrl":"https:\/\/noticiasmercedinas.com\/site\/wp-content\/uploads\/2020\/06\/LOGO-512.jpg","width":512,"height":512,"caption":"NOTICIASMERCEDINAS.COM"},"image":{"@id":"https:\/\/noticiasmercedinas.com\/site\/#\/schema\/logo\/image\/"},"sameAs":["https:\/\/www.facebook.com\/noticiasmercedinas\/","https:\/\/x.com\/notmercedinas","https:\/\/www.instagram.com\/noticiasmercedinas\/"]},{"@type":"Person","@id":"https:\/\/noticiasmercedinas.com\/site\/#\/schema\/person\/b38ec3ed89a3735ef5fecfc1c9adc560","name":"Betina Abalos NOTICIASMERCEDINAS.COM","image":{"@type":"ImageObject","inLanguage":"es","@id":"https:\/\/secure.gravatar.com\/avatar\/8c86fde6c3b4a08aabce60929a23fa91235f414626598c992897a3e4b0679f33?s=96&d=mm&r=g","url":"https:\/\/secure.gravatar.com\/avatar\/8c86fde6c3b4a08aabce60929a23fa91235f414626598c992897a3e4b0679f33?s=96&d=mm&r=g","contentUrl":"https:\/\/secure.gravatar.com\/avatar\/8c86fde6c3b4a08aabce60929a23fa91235f414626598c992897a3e4b0679f33?s=96&d=mm&r=g","caption":"Betina Abalos NOTICIASMERCEDINAS.COM"},"url":"https:\/\/noticiasmercedinas.com\/site\/author\/betina\/"}]}},"amp_enabled":true,"_links":{"self":[{"href":"https:\/\/noticiasmercedinas.com\/site\/wp-json\/wp\/v2\/posts\/111959","targetHints":{"allow":["GET"]}}],"collection":[{"href":"https:\/\/noticiasmercedinas.com\/site\/wp-json\/wp\/v2\/posts"}],"about":[{"href":"https:\/\/noticiasmercedinas.com\/site\/wp-json\/wp\/v2\/types\/post"}],"author":[{"embeddable":true,"href":"https:\/\/noticiasmercedinas.com\/site\/wp-json\/wp\/v2\/users\/8"}],"replies":[{"embeddable":true,"href":"https:\/\/noticiasmercedinas.com\/site\/wp-json\/wp\/v2\/comments?post=111959"}],"version-history":[{"count":2,"href":"https:\/\/noticiasmercedinas.com\/site\/wp-json\/wp\/v2\/posts\/111959\/revisions"}],"predecessor-version":[{"id":111964,"href":"https:\/\/noticiasmercedinas.com\/site\/wp-json\/wp\/v2\/posts\/111959\/revisions\/111964"}],"wp:featuredmedia":[{"embeddable":true,"href":"https:\/\/noticiasmercedinas.com\/site\/wp-json\/wp\/v2\/media\/111962"}],"wp:attachment":[{"href":"https:\/\/noticiasmercedinas.com\/site\/wp-json\/wp\/v2\/media?parent=111959"}],"wp:term":[{"taxonomy":"category","embeddable":true,"href":"https:\/\/noticiasmercedinas.com\/site\/wp-json\/wp\/v2\/categories?post=111959"},{"taxonomy":"post_tag","embeddable":true,"href":"https:\/\/noticiasmercedinas.com\/site\/wp-json\/wp\/v2\/tags?post=111959"}],"curies":[{"name":"wp","href":"https:\/\/api.w.org\/{rel}","templated":true}]}}