{"id":112049,"date":"2023-04-02T08:38:51","date_gmt":"2023-04-02T11:38:51","guid":{"rendered":"https:\/\/noticiasmercedinas.com\/site\/?p=112049"},"modified":"2023-04-02T09:42:05","modified_gmt":"2023-04-02T12:42:05","slug":"acto-oficial-del-dia-del-veterano-de-malvinas-este-domingo-a-las-11","status":"publish","type":"post","link":"https:\/\/noticiasmercedinas.com\/site\/2023\/04\/02\/acto-oficial-del-dia-del-veterano-de-malvinas-este-domingo-a-las-11\/","title":{"rendered":"Acto oficial del D\u00eda del Veterano de Malvinas este domingo a las 11"},"content":{"rendered":"<p><img loading=\"lazy\" decoding=\"async\" class=\"alignnone size-full wp-image-16253\" src=\"https:\/\/noticiasmercedinas.com\/site\/wp-content\/uploads\/2019\/04\/agrentina_malvinas.jpg\" alt=\"\" width=\"640\" height=\"407\" srcset=\"https:\/\/noticiasmercedinas.com\/site\/wp-content\/uploads\/2019\/04\/agrentina_malvinas.jpg 640w, https:\/\/noticiasmercedinas.com\/site\/wp-content\/uploads\/2019\/04\/agrentina_malvinas-300x191.jpg 300w\" sizes=\"auto, (max-width: 640px) 100vw, 640px\" \/><\/p>\n<p>Este 2 de abril hay una nueva conmemoraci\u00f3n del D\u00eda del Veterano y Veterana y de los Ca\u00eddos en la Guerra de Malvinas. Con motivo de un nuevo aniversario del conflicto del Atl\u00e1ntico Sur, en la ciudad se llevar\u00e1 adelante un reconocimiento, como todos los a\u00f1os, con el fin de fortalecer la memoria y acompa\u00f1ar a nuestros vecinos.<\/p>\n<p>En primera instancia hubo una vigilia este s\u00e1bado primero de abril en el Centro Cultural La Trocha a partir de las 20:00 horas, con entrada libre y gratuita. Y este 2 de abril se realizar\u00e1 el homenaje en el monumento de calle 29 y 50, a partir de las 11:00 horas.<\/p>\n<p><strong>Roberto Est\u00e9vez<\/strong>, veterano de Malvinas cont\u00f3 sobre la vigilia realizada este s\u00e1bado: \u201cLos Amigos Pe\u00f1eros nos plantearon esta iniciativa, fuimos a hablar con el intendente Ustarroz qui\u00e9n nos escuch\u00f3 y nos apoy\u00f3 para que esto siga a trav\u00e9s de los a\u00f1os\u201d.<\/p>\n<p>\u201cYa el 2 de abril vamos a estar haciendo el homenaje como lo hacemos todos los a\u00f1os en calle 29 y 50 donde est\u00e1 instalado el monumento\u201d, aclar\u00f3 y apunt\u00f3 que este domingo \u201cvamos a estar participando el 2 de abril del Festival Todos por Bomberos, donde fuimos invitados y que con mucho agrado aceptamos, por lo estaremos en la Sociedad Rural este domingo, ayudando a los bomberos\u201d.<\/p>\n","protected":false},"excerpt":{"rendered":"<p>\u25a0 Este s\u00e1bado  hubo una vigilia con participaci\u00f3n art\u00edstica en La Trocha.\u00a0 Los veteranos tras el acto oficial en avenida 29 y 50 frente al monumento, ser\u00e1n parte del Festival por los Bomberos en la Sociedad Rural.<\/p>\n","protected":false},"author":16,"featured_media":16253,"comment_status":"closed","ping_status":"closed","sticky":false,"template":"","format":"standard","meta":{"footnotes":""},"categories":[3],"tags":[16562,656,16563,2415],"class_list":["post-112049","post","type-post","status-publish","format-standard","has-post-thumbnail","hentry","category-sociedad","tag-acto-ficial","tag-malvinas","tag-roberto-estevez","tag-veteranos"],"yoast_head":"<!-- This site is optimized with the Yoast SEO plugin v27.5 - https:\/\/yoast.com\/product\/yoast-seo-wordpress\/ -->\n<title>Acto oficial del D\u00eda del Veterano de Malvinas este domingo a las 11<\/title>\n<meta name=\"robots\" content=\"index, follow, max-snippet:-1, max-image-preview:large, max-video-preview:-1\" \/>\n<link rel=\"canonical\" href=\"https:\/\/noticiasmercedinas.com\/site\/2023\/04\/02\/acto-oficial-del-dia-del-veterano-de-malvinas-este-domingo-a-las-11\/\" \/>\n<meta property=\"og:locale\" content=\"es_ES\" \/>\n<meta property=\"og:type\" content=\"article\" \/>\n<meta property=\"og:title\" content=\"Acto oficial del D\u00eda del Veterano de Malvinas este domingo a las 11\" \/>\n<meta property=\"og:description\" content=\"\u25a0 Este s\u00e1bado hubo una vigilia con participaci\u00f3n art\u00edstica en La Trocha.\u00a0 Los veteranos tras el acto oficial en avenida 29 y 50 frente al monumento, ser\u00e1n parte del Festival por los Bomberos en la Sociedad Rural.\" \/>\n<meta property=\"og:url\" content=\"https:\/\/noticiasmercedinas.com\/site\/2023\/04\/02\/acto-oficial-del-dia-del-veterano-de-malvinas-este-domingo-a-las-11\/\" \/>\n<meta property=\"og:site_name\" content=\"NOTICIASMERCEDINAS.COM\" \/>\n<meta property=\"article:publisher\" content=\"https:\/\/www.facebook.com\/noticiasmercedinas\/\" \/>\n<meta property=\"article:published_time\" content=\"2023-04-02T11:38:51+00:00\" \/>\n<meta property=\"article:modified_time\" content=\"2023-04-02T12:42:05+00:00\" \/>\n<meta property=\"og:image\" content=\"https:\/\/noticiasmercedinas.com\/site\/wp-content\/uploads\/2019\/04\/agrentina_malvinas.jpg\" \/>\n\t<meta property=\"og:image:width\" content=\"640\" \/>\n\t<meta property=\"og:image:height\" content=\"407\" \/>\n\t<meta property=\"og:image:type\" content=\"image\/jpeg\" \/>\n<meta name=\"author\" content=\"NOTICIASMERCEDINAS.COM\" \/>\n<meta name=\"twitter:card\" content=\"summary_large_image\" \/>\n<meta name=\"twitter:creator\" content=\"@notmercedinas\" \/>\n<meta name=\"twitter:site\" content=\"@notmercedinas\" \/>\n<meta name=\"twitter:label1\" content=\"Escrito por\" \/>\n\t<meta name=\"twitter:data1\" content=\"NOTICIASMERCEDINAS.COM\" \/>\n\t<meta name=\"twitter:label2\" content=\"Tiempo de lectura\" \/>\n\t<meta name=\"twitter:data2\" content=\"2 minutos\" \/>\n<script type=\"application\/ld+json\" class=\"yoast-schema-graph\">{\"@context\":\"https:\\\/\\\/schema.org\",\"@graph\":[{\"@type\":\"Article\",\"@id\":\"https:\\\/\\\/noticiasmercedinas.com\\\/site\\\/2023\\\/04\\\/02\\\/acto-oficial-del-dia-del-veterano-de-malvinas-este-domingo-a-las-11\\\/#article\",\"isPartOf\":{\"@id\":\"https:\\\/\\\/noticiasmercedinas.com\\\/site\\\/2023\\\/04\\\/02\\\/acto-oficial-del-dia-del-veterano-de-malvinas-este-domingo-a-las-11\\\/\"},\"author\":{\"name\":\"NOTICIASMERCEDINAS.COM\",\"@id\":\"https:\\\/\\\/noticiasmercedinas.com\\\/site\\\/#\\\/schema\\\/person\\\/84b59c099c28ff2e8b77d4ceec5d8063\"},\"headline\":\"Acto oficial del D\u00eda del Veterano de Malvinas este domingo a las 11\",\"datePublished\":\"2023-04-02T11:38:51+00:00\",\"dateModified\":\"2023-04-02T12:42:05+00:00\",\"mainEntityOfPage\":{\"@id\":\"https:\\\/\\\/noticiasmercedinas.com\\\/site\\\/2023\\\/04\\\/02\\\/acto-oficial-del-dia-del-veterano-de-malvinas-este-domingo-a-las-11\\\/\"},\"wordCount\":235,\"publisher\":{\"@id\":\"https:\\\/\\\/noticiasmercedinas.com\\\/site\\\/#organization\"},\"image\":{\"@id\":\"https:\\\/\\\/noticiasmercedinas.com\\\/site\\\/2023\\\/04\\\/02\\\/acto-oficial-del-dia-del-veterano-de-malvinas-este-domingo-a-las-11\\\/#primaryimage\"},\"thumbnailUrl\":\"https:\\\/\\\/noticiasmercedinas.com\\\/site\\\/wp-content\\\/uploads\\\/2019\\\/04\\\/agrentina_malvinas.jpg\",\"keywords\":[\"acto ficial\",\"malvinas\",\"Roberto Est\u00e9vez\",\"Veteranos\"],\"articleSection\":[\"Sociedad\"],\"inLanguage\":\"es\"},{\"@type\":\"WebPage\",\"@id\":\"https:\\\/\\\/noticiasmercedinas.com\\\/site\\\/2023\\\/04\\\/02\\\/acto-oficial-del-dia-del-veterano-de-malvinas-este-domingo-a-las-11\\\/\",\"url\":\"https:\\\/\\\/noticiasmercedinas.com\\\/site\\\/2023\\\/04\\\/02\\\/acto-oficial-del-dia-del-veterano-de-malvinas-este-domingo-a-las-11\\\/\",\"name\":\"Acto oficial del D\u00eda del Veterano de Malvinas este domingo a las 11\",\"isPartOf\":{\"@id\":\"https:\\\/\\\/noticiasmercedinas.com\\\/site\\\/#website\"},\"primaryImageOfPage\":{\"@id\":\"https:\\\/\\\/noticiasmercedinas.com\\\/site\\\/2023\\\/04\\\/02\\\/acto-oficial-del-dia-del-veterano-de-malvinas-este-domingo-a-las-11\\\/#primaryimage\"},\"image\":{\"@id\":\"https:\\\/\\\/noticiasmercedinas.com\\\/site\\\/2023\\\/04\\\/02\\\/acto-oficial-del-dia-del-veterano-de-malvinas-este-domingo-a-las-11\\\/#primaryimage\"},\"thumbnailUrl\":\"https:\\\/\\\/noticiasmercedinas.com\\\/site\\\/wp-content\\\/uploads\\\/2019\\\/04\\\/agrentina_malvinas.jpg\",\"datePublished\":\"2023-04-02T11:38:51+00:00\",\"dateModified\":\"2023-04-02T12:42:05+00:00\",\"breadcrumb\":{\"@id\":\"https:\\\/\\\/noticiasmercedinas.com\\\/site\\\/2023\\\/04\\\/02\\\/acto-oficial-del-dia-del-veterano-de-malvinas-este-domingo-a-las-11\\\/#breadcrumb\"},\"inLanguage\":\"es\",\"potentialAction\":[{\"@type\":\"ReadAction\",\"target\":[\"https:\\\/\\\/noticiasmercedinas.com\\\/site\\\/2023\\\/04\\\/02\\\/acto-oficial-del-dia-del-veterano-de-malvinas-este-domingo-a-las-11\\\/\"]}]},{\"@type\":\"ImageObject\",\"inLanguage\":\"es\",\"@id\":\"https:\\\/\\\/noticiasmercedinas.com\\\/site\\\/2023\\\/04\\\/02\\\/acto-oficial-del-dia-del-veterano-de-malvinas-este-domingo-a-las-11\\\/#primaryimage\",\"url\":\"https:\\\/\\\/noticiasmercedinas.com\\\/site\\\/wp-content\\\/uploads\\\/2019\\\/04\\\/agrentina_malvinas.jpg\",\"contentUrl\":\"https:\\\/\\\/noticiasmercedinas.com\\\/site\\\/wp-content\\\/uploads\\\/2019\\\/04\\\/agrentina_malvinas.jpg\",\"width\":640,\"height\":407},{\"@type\":\"BreadcrumbList\",\"@id\":\"https:\\\/\\\/noticiasmercedinas.com\\\/site\\\/2023\\\/04\\\/02\\\/acto-oficial-del-dia-del-veterano-de-malvinas-este-domingo-a-las-11\\\/#breadcrumb\",\"itemListElement\":[{\"@type\":\"ListItem\",\"position\":1,\"name\":\"Portada\",\"item\":\"https:\\\/\\\/noticiasmercedinas.com\\\/site\\\/\"},{\"@type\":\"ListItem\",\"position\":2,\"name\":\"Acto oficial del D\u00eda del Veterano de Malvinas este domingo a las 11\"}]},{\"@type\":\"WebSite\",\"@id\":\"https:\\\/\\\/noticiasmercedinas.com\\\/site\\\/#website\",\"url\":\"https:\\\/\\\/noticiasmercedinas.com\\\/site\\\/\",\"name\":\"NOTICIASMERCEDINAS.COM\",\"description\":\"Mercedes, Buenos Aires, Argentina\",\"publisher\":{\"@id\":\"https:\\\/\\\/noticiasmercedinas.com\\\/site\\\/#organization\"},\"potentialAction\":[{\"@type\":\"SearchAction\",\"target\":{\"@type\":\"EntryPoint\",\"urlTemplate\":\"https:\\\/\\\/noticiasmercedinas.com\\\/site\\\/?s={search_term_string}\"},\"query-input\":{\"@type\":\"PropertyValueSpecification\",\"valueRequired\":true,\"valueName\":\"search_term_string\"}}],\"inLanguage\":\"es\"},{\"@type\":\"Organization\",\"@id\":\"https:\\\/\\\/noticiasmercedinas.com\\\/site\\\/#organization\",\"name\":\"NOTICIASMERCEDINAS.COM\",\"url\":\"https:\\\/\\\/noticiasmercedinas.com\\\/site\\\/\",\"logo\":{\"@type\":\"ImageObject\",\"inLanguage\":\"es\",\"@id\":\"https:\\\/\\\/noticiasmercedinas.com\\\/site\\\/#\\\/schema\\\/logo\\\/image\\\/\",\"url\":\"https:\\\/\\\/noticiasmercedinas.com\\\/site\\\/wp-content\\\/uploads\\\/2020\\\/06\\\/LOGO-512.jpg\",\"contentUrl\":\"https:\\\/\\\/noticiasmercedinas.com\\\/site\\\/wp-content\\\/uploads\\\/2020\\\/06\\\/LOGO-512.jpg\",\"width\":512,\"height\":512,\"caption\":\"NOTICIASMERCEDINAS.COM\"},\"image\":{\"@id\":\"https:\\\/\\\/noticiasmercedinas.com\\\/site\\\/#\\\/schema\\\/logo\\\/image\\\/\"},\"sameAs\":[\"https:\\\/\\\/www.facebook.com\\\/noticiasmercedinas\\\/\",\"https:\\\/\\\/x.com\\\/notmercedinas\",\"https:\\\/\\\/www.instagram.com\\\/noticiasmercedinas\\\/\"]},{\"@type\":\"Person\",\"@id\":\"https:\\\/\\\/noticiasmercedinas.com\\\/site\\\/#\\\/schema\\\/person\\\/84b59c099c28ff2e8b77d4ceec5d8063\",\"name\":\"NOTICIASMERCEDINAS.COM\",\"image\":{\"@type\":\"ImageObject\",\"inLanguage\":\"es\",\"@id\":\"https:\\\/\\\/secure.gravatar.com\\\/avatar\\\/4dfbf16b4d17945bfb6341b2d19043457132fcf478a5ee04f42e959fd8f5df0a?s=96&d=mm&r=g\",\"url\":\"https:\\\/\\\/secure.gravatar.com\\\/avatar\\\/4dfbf16b4d17945bfb6341b2d19043457132fcf478a5ee04f42e959fd8f5df0a?s=96&d=mm&r=g\",\"contentUrl\":\"https:\\\/\\\/secure.gravatar.com\\\/avatar\\\/4dfbf16b4d17945bfb6341b2d19043457132fcf478a5ee04f42e959fd8f5df0a?s=96&d=mm&r=g\",\"caption\":\"NOTICIASMERCEDINAS.COM\"},\"url\":\"https:\\\/\\\/noticiasmercedinas.com\\\/site\\\/author\\\/anonimo\\\/\"}]}<\/script>\n<!-- \/ Yoast SEO plugin. -->","yoast_head_json":{"title":"Acto oficial del D\u00eda del Veterano de Malvinas este domingo a las 11","robots":{"index":"index","follow":"follow","max-snippet":"max-snippet:-1","max-image-preview":"max-image-preview:large","max-video-preview":"max-video-preview:-1"},"canonical":"https:\/\/noticiasmercedinas.com\/site\/2023\/04\/02\/acto-oficial-del-dia-del-veterano-de-malvinas-este-domingo-a-las-11\/","og_locale":"es_ES","og_type":"article","og_title":"Acto oficial del D\u00eda del Veterano de Malvinas este domingo a las 11","og_description":"\u25a0 Este s\u00e1bado hubo una vigilia con participaci\u00f3n art\u00edstica en La Trocha.\u00a0 Los veteranos tras el acto oficial en avenida 29 y 50 frente al monumento, ser\u00e1n parte del Festival por los Bomberos en la Sociedad Rural.","og_url":"https:\/\/noticiasmercedinas.com\/site\/2023\/04\/02\/acto-oficial-del-dia-del-veterano-de-malvinas-este-domingo-a-las-11\/","og_site_name":"NOTICIASMERCEDINAS.COM","article_publisher":"https:\/\/www.facebook.com\/noticiasmercedinas\/","article_published_time":"2023-04-02T11:38:51+00:00","article_modified_time":"2023-04-02T12:42:05+00:00","og_image":[{"width":640,"height":407,"url":"https:\/\/noticiasmercedinas.com\/site\/wp-content\/uploads\/2019\/04\/agrentina_malvinas.jpg","type":"image\/jpeg"}],"author":"NOTICIASMERCEDINAS.COM","twitter_card":"summary_large_image","twitter_creator":"@notmercedinas","twitter_site":"@notmercedinas","twitter_misc":{"Escrito por":"NOTICIASMERCEDINAS.COM","Tiempo de lectura":"2 minutos"},"schema":{"@context":"https:\/\/schema.org","@graph":[{"@type":"Article","@id":"https:\/\/noticiasmercedinas.com\/site\/2023\/04\/02\/acto-oficial-del-dia-del-veterano-de-malvinas-este-domingo-a-las-11\/#article","isPartOf":{"@id":"https:\/\/noticiasmercedinas.com\/site\/2023\/04\/02\/acto-oficial-del-dia-del-veterano-de-malvinas-este-domingo-a-las-11\/"},"author":{"name":"NOTICIASMERCEDINAS.COM","@id":"https:\/\/noticiasmercedinas.com\/site\/#\/schema\/person\/84b59c099c28ff2e8b77d4ceec5d8063"},"headline":"Acto oficial del D\u00eda del Veterano de Malvinas este domingo a las 11","datePublished":"2023-04-02T11:38:51+00:00","dateModified":"2023-04-02T12:42:05+00:00","mainEntityOfPage":{"@id":"https:\/\/noticiasmercedinas.com\/site\/2023\/04\/02\/acto-oficial-del-dia-del-veterano-de-malvinas-este-domingo-a-las-11\/"},"wordCount":235,"publisher":{"@id":"https:\/\/noticiasmercedinas.com\/site\/#organization"},"image":{"@id":"https:\/\/noticiasmercedinas.com\/site\/2023\/04\/02\/acto-oficial-del-dia-del-veterano-de-malvinas-este-domingo-a-las-11\/#primaryimage"},"thumbnailUrl":"https:\/\/noticiasmercedinas.com\/site\/wp-content\/uploads\/2019\/04\/agrentina_malvinas.jpg","keywords":["acto ficial","malvinas","Roberto Est\u00e9vez","Veteranos"],"articleSection":["Sociedad"],"inLanguage":"es"},{"@type":"WebPage","@id":"https:\/\/noticiasmercedinas.com\/site\/2023\/04\/02\/acto-oficial-del-dia-del-veterano-de-malvinas-este-domingo-a-las-11\/","url":"https:\/\/noticiasmercedinas.com\/site\/2023\/04\/02\/acto-oficial-del-dia-del-veterano-de-malvinas-este-domingo-a-las-11\/","name":"Acto oficial del D\u00eda del Veterano de Malvinas este domingo a las 11","isPartOf":{"@id":"https:\/\/noticiasmercedinas.com\/site\/#website"},"primaryImageOfPage":{"@id":"https:\/\/noticiasmercedinas.com\/site\/2023\/04\/02\/acto-oficial-del-dia-del-veterano-de-malvinas-este-domingo-a-las-11\/#primaryimage"},"image":{"@id":"https:\/\/noticiasmercedinas.com\/site\/2023\/04\/02\/acto-oficial-del-dia-del-veterano-de-malvinas-este-domingo-a-las-11\/#primaryimage"},"thumbnailUrl":"https:\/\/noticiasmercedinas.com\/site\/wp-content\/uploads\/2019\/04\/agrentina_malvinas.jpg","datePublished":"2023-04-02T11:38:51+00:00","dateModified":"2023-04-02T12:42:05+00:00","breadcrumb":{"@id":"https:\/\/noticiasmercedinas.com\/site\/2023\/04\/02\/acto-oficial-del-dia-del-veterano-de-malvinas-este-domingo-a-las-11\/#breadcrumb"},"inLanguage":"es","potentialAction":[{"@type":"ReadAction","target":["https:\/\/noticiasmercedinas.com\/site\/2023\/04\/02\/acto-oficial-del-dia-del-veterano-de-malvinas-este-domingo-a-las-11\/"]}]},{"@type":"ImageObject","inLanguage":"es","@id":"https:\/\/noticiasmercedinas.com\/site\/2023\/04\/02\/acto-oficial-del-dia-del-veterano-de-malvinas-este-domingo-a-las-11\/#primaryimage","url":"https:\/\/noticiasmercedinas.com\/site\/wp-content\/uploads\/2019\/04\/agrentina_malvinas.jpg","contentUrl":"https:\/\/noticiasmercedinas.com\/site\/wp-content\/uploads\/2019\/04\/agrentina_malvinas.jpg","width":640,"height":407},{"@type":"BreadcrumbList","@id":"https:\/\/noticiasmercedinas.com\/site\/2023\/04\/02\/acto-oficial-del-dia-del-veterano-de-malvinas-este-domingo-a-las-11\/#breadcrumb","itemListElement":[{"@type":"ListItem","position":1,"name":"Portada","item":"https:\/\/noticiasmercedinas.com\/site\/"},{"@type":"ListItem","position":2,"name":"Acto oficial del D\u00eda del Veterano de Malvinas este domingo a las 11"}]},{"@type":"WebSite","@id":"https:\/\/noticiasmercedinas.com\/site\/#website","url":"https:\/\/noticiasmercedinas.com\/site\/","name":"NOTICIASMERCEDINAS.COM","description":"Mercedes, Buenos Aires, Argentina","publisher":{"@id":"https:\/\/noticiasmercedinas.com\/site\/#organization"},"potentialAction":[{"@type":"SearchAction","target":{"@type":"EntryPoint","urlTemplate":"https:\/\/noticiasmercedinas.com\/site\/?s={search_term_string}"},"query-input":{"@type":"PropertyValueSpecification","valueRequired":true,"valueName":"search_term_string"}}],"inLanguage":"es"},{"@type":"Organization","@id":"https:\/\/noticiasmercedinas.com\/site\/#organization","name":"NOTICIASMERCEDINAS.COM","url":"https:\/\/noticiasmercedinas.com\/site\/","logo":{"@type":"ImageObject","inLanguage":"es","@id":"https:\/\/noticiasmercedinas.com\/site\/#\/schema\/logo\/image\/","url":"https:\/\/noticiasmercedinas.com\/site\/wp-content\/uploads\/2020\/06\/LOGO-512.jpg","contentUrl":"https:\/\/noticiasmercedinas.com\/site\/wp-content\/uploads\/2020\/06\/LOGO-512.jpg","width":512,"height":512,"caption":"NOTICIASMERCEDINAS.COM"},"image":{"@id":"https:\/\/noticiasmercedinas.com\/site\/#\/schema\/logo\/image\/"},"sameAs":["https:\/\/www.facebook.com\/noticiasmercedinas\/","https:\/\/x.com\/notmercedinas","https:\/\/www.instagram.com\/noticiasmercedinas\/"]},{"@type":"Person","@id":"https:\/\/noticiasmercedinas.com\/site\/#\/schema\/person\/84b59c099c28ff2e8b77d4ceec5d8063","name":"NOTICIASMERCEDINAS.COM","image":{"@type":"ImageObject","inLanguage":"es","@id":"https:\/\/secure.gravatar.com\/avatar\/4dfbf16b4d17945bfb6341b2d19043457132fcf478a5ee04f42e959fd8f5df0a?s=96&d=mm&r=g","url":"https:\/\/secure.gravatar.com\/avatar\/4dfbf16b4d17945bfb6341b2d19043457132fcf478a5ee04f42e959fd8f5df0a?s=96&d=mm&r=g","contentUrl":"https:\/\/secure.gravatar.com\/avatar\/4dfbf16b4d17945bfb6341b2d19043457132fcf478a5ee04f42e959fd8f5df0a?s=96&d=mm&r=g","caption":"NOTICIASMERCEDINAS.COM"},"url":"https:\/\/noticiasmercedinas.com\/site\/author\/anonimo\/"}]}},"amp_enabled":true,"_links":{"self":[{"href":"https:\/\/noticiasmercedinas.com\/site\/wp-json\/wp\/v2\/posts\/112049","targetHints":{"allow":["GET"]}}],"collection":[{"href":"https:\/\/noticiasmercedinas.com\/site\/wp-json\/wp\/v2\/posts"}],"about":[{"href":"https:\/\/noticiasmercedinas.com\/site\/wp-json\/wp\/v2\/types\/post"}],"author":[{"embeddable":true,"href":"https:\/\/noticiasmercedinas.com\/site\/wp-json\/wp\/v2\/users\/16"}],"replies":[{"embeddable":true,"href":"https:\/\/noticiasmercedinas.com\/site\/wp-json\/wp\/v2\/comments?post=112049"}],"version-history":[{"count":1,"href":"https:\/\/noticiasmercedinas.com\/site\/wp-json\/wp\/v2\/posts\/112049\/revisions"}],"predecessor-version":[{"id":112050,"href":"https:\/\/noticiasmercedinas.com\/site\/wp-json\/wp\/v2\/posts\/112049\/revisions\/112050"}],"wp:featuredmedia":[{"embeddable":true,"href":"https:\/\/noticiasmercedinas.com\/site\/wp-json\/wp\/v2\/media\/16253"}],"wp:attachment":[{"href":"https:\/\/noticiasmercedinas.com\/site\/wp-json\/wp\/v2\/media?parent=112049"}],"wp:term":[{"taxonomy":"category","embeddable":true,"href":"https:\/\/noticiasmercedinas.com\/site\/wp-json\/wp\/v2\/categories?post=112049"},{"taxonomy":"post_tag","embeddable":true,"href":"https:\/\/noticiasmercedinas.com\/site\/wp-json\/wp\/v2\/tags?post=112049"}],"curies":[{"name":"wp","href":"https:\/\/api.w.org\/{rel}","templated":true}]}}