{"id":112262,"date":"2023-04-06T08:55:20","date_gmt":"2023-04-06T11:55:20","guid":{"rendered":"https:\/\/noticiasmercedinas.com\/site\/?p=112262"},"modified":"2023-04-06T08:55:20","modified_gmt":"2023-04-06T11:55:20","slug":"dolar-agro-carlos-selva-destaco-la-aceptacion-unanime-de-parte-del-sector","status":"publish","type":"post","link":"https:\/\/noticiasmercedinas.com\/site\/2023\/04\/06\/dolar-agro-carlos-selva-destaco-la-aceptacion-unanime-de-parte-del-sector\/","title":{"rendered":"D\u00f3lar agro: Carlos Selva destac\u00f3 la \u00abaceptaci\u00f3n un\u00e1nime de parte del sector\u00bb"},"content":{"rendered":"<p><img loading=\"lazy\" decoding=\"async\" class=\"alignnone size-full wp-image-90847\" src=\"https:\/\/noticiasmercedinas.com\/site\/wp-content\/uploads\/2022\/05\/carlos_selva-1.jpg\" alt=\"\" width=\"640\" height=\"387\" srcset=\"https:\/\/noticiasmercedinas.com\/site\/wp-content\/uploads\/2022\/05\/carlos_selva-1.jpg 640w, https:\/\/noticiasmercedinas.com\/site\/wp-content\/uploads\/2022\/05\/carlos_selva-1-300x181.jpg 300w\" sizes=\"auto, (max-width: 640px) 100vw, 640px\" \/><\/p>\n<p>En declaraciones a <em>La Mecha<\/em>, por Radio Provincia AM1270, el diputado <strong>Carlos Selva<\/strong> analiz\u00f3 el Programa de Incremento Exportador presentado por el ministro de Econom\u00eda, Sergio Massa, que establece un tipo de cambio diferencial a $300 para la cadena sojera y las exportaciones de las econom\u00edas regionales.<\/p>\n<p>Al respecto, manifest\u00f3 que \u201clas econom\u00edas regionales han realizado un esfuerzo terrible para el desarrollo y el arraigo, por lo que se merec\u00edan un an\u00e1lisis propio por parte del Estado\u201d. En ese sentido, sostuvo que \u201cdurante la reuni\u00f3n previa al anuncio \u2013de la que particip\u00f3- con todos los productores, hubo una aceptaci\u00f3n un\u00e1nime\u201d. El legislador se\u00f1al\u00f3 que \u201cfueron receptivos porque adem\u00e1s el Ministro fue muy claro respecto de hasta d\u00f3nde se pod\u00eda llegar\u201d en el marco de la actual situaci\u00f3n econ\u00f3mica del pa\u00eds, mientras que, como contrapartida, \u00abnecesitamos una r\u00e1pida liquidaci\u00f3n de las exportaciones\u201d.<\/p>\n<p>El dirigente del Frente Renovador advirti\u00f3 que la \u00fanica cr\u00edtica a la iniciativa \u201cla escuch\u00e9 de parte de las representaciones gremiales del sector que han dejado de tener objetividad porque tienen una posici\u00f3n partidaria\u201d. Seguido, revel\u00f3 que \u201cen la mesa donde estuve presente, hab\u00eda representaciones de 14 econom\u00edas regionales y del sector sojero, del arroz, az\u00facar, miel y de todos los sectores del agro, y todos estuvieron conformes con la medida, salvo la Mesa de Enlace, que siempre fue la m\u00e1s beneficiada\u201d.<\/p>\n<p>En ese marco, resalt\u00f3 que \u201cel Ministro no est\u00e1 escondiendo nada de la realidad econ\u00f3mica del pa\u00eds luego del festival de importaciones\u201d, al tiempo que advirti\u00f3 que \u201cla sociedad cree que esto es un problema nuestro porque ve la foto pero, si uno mira la pel\u00edcula, va a entender que la deuda externa no es un discurso pol\u00edtico sino que tiene consecuencias sobre la vida de cada uno de los argentinos\u201d.<\/p>\n<p>Respecto de las posibilidades de que Sergio Massa sea candidato a presidente, Selva afirm\u00f3 que \u201ces una de las personas m\u00e1s preparadas para asumir responsabilidades en todos los niveles pero no se termina de entender que, en la suerte del Ministro no va su futuro solamente, sino la de una fuerza partidaria que ha tenido un mensaje clar\u00edsimo respecto de que el modelo tiene que ser de creaci\u00f3n de empleo, desarrollo e inclusi\u00f3n\u201d.<\/p>\n","protected":false},"excerpt":{"rendered":"<p>\u25a0 El diputado nacional del Frente de Todos advirti\u00f3 que, como contrapartida, \u00abnecesitamos una r\u00e1pida liquidaci\u00f3n de las exportaciones\u201d.<\/p>\n","protected":false},"author":16,"featured_media":90847,"comment_status":"closed","ping_status":"closed","sticky":false,"template":"","format":"standard","meta":{"footnotes":""},"categories":[16],"tags":[318,16582,351,1297],"class_list":["post-112262","post","type-post","status-publish","format-standard","has-post-thumbnail","hentry","category-politica","tag-carlos-selva","tag-dolar-agro","tag-economia","tag-sergio-massa"],"yoast_head":"<!-- This site is optimized with the Yoast SEO plugin v27.4 - https:\/\/yoast.com\/product\/yoast-seo-wordpress\/ -->\n<title>D\u00f3lar agro: Carlos Selva destac\u00f3 la &quot;aceptaci\u00f3n un\u00e1nime de parte del sector&quot;<\/title>\n<meta name=\"robots\" content=\"index, follow, max-snippet:-1, max-image-preview:large, max-video-preview:-1\" \/>\n<link rel=\"canonical\" href=\"https:\/\/noticiasmercedinas.com\/site\/2023\/04\/06\/dolar-agro-carlos-selva-destaco-la-aceptacion-unanime-de-parte-del-sector\/\" \/>\n<meta property=\"og:locale\" content=\"es_ES\" \/>\n<meta property=\"og:type\" content=\"article\" \/>\n<meta property=\"og:title\" content=\"D\u00f3lar agro: Carlos Selva destac\u00f3 la &quot;aceptaci\u00f3n un\u00e1nime de parte del sector&quot;\" \/>\n<meta property=\"og:description\" content=\"\u25a0 El diputado nacional del Frente de Todos advirti\u00f3 que, como contrapartida, &quot;necesitamos una r\u00e1pida liquidaci\u00f3n de las exportaciones\u201d.\" \/>\n<meta property=\"og:url\" content=\"https:\/\/noticiasmercedinas.com\/site\/2023\/04\/06\/dolar-agro-carlos-selva-destaco-la-aceptacion-unanime-de-parte-del-sector\/\" \/>\n<meta property=\"og:site_name\" content=\"NOTICIASMERCEDINAS.COM\" \/>\n<meta property=\"article:publisher\" content=\"https:\/\/www.facebook.com\/noticiasmercedinas\/\" \/>\n<meta property=\"article:published_time\" content=\"2023-04-06T11:55:20+00:00\" \/>\n<meta property=\"og:image\" content=\"https:\/\/noticiasmercedinas.com\/site\/wp-content\/uploads\/2022\/05\/carlos_selva-1.jpg\" \/>\n\t<meta property=\"og:image:width\" content=\"640\" \/>\n\t<meta property=\"og:image:height\" content=\"387\" \/>\n\t<meta property=\"og:image:type\" content=\"image\/jpeg\" \/>\n<meta name=\"author\" content=\"NOTICIASMERCEDINAS.COM\" \/>\n<meta name=\"twitter:card\" content=\"summary_large_image\" \/>\n<meta name=\"twitter:creator\" content=\"@notmercedinas\" \/>\n<meta name=\"twitter:site\" content=\"@notmercedinas\" \/>\n<meta name=\"twitter:label1\" content=\"Escrito por\" \/>\n\t<meta name=\"twitter:data1\" content=\"NOTICIASMERCEDINAS.COM\" \/>\n\t<meta name=\"twitter:label2\" content=\"Tiempo de lectura\" \/>\n\t<meta name=\"twitter:data2\" content=\"2 minutos\" \/>\n<script type=\"application\/ld+json\" class=\"yoast-schema-graph\">{\"@context\":\"https:\\\/\\\/schema.org\",\"@graph\":[{\"@type\":\"Article\",\"@id\":\"https:\\\/\\\/noticiasmercedinas.com\\\/site\\\/2023\\\/04\\\/06\\\/dolar-agro-carlos-selva-destaco-la-aceptacion-unanime-de-parte-del-sector\\\/#article\",\"isPartOf\":{\"@id\":\"https:\\\/\\\/noticiasmercedinas.com\\\/site\\\/2023\\\/04\\\/06\\\/dolar-agro-carlos-selva-destaco-la-aceptacion-unanime-de-parte-del-sector\\\/\"},\"author\":{\"name\":\"NOTICIASMERCEDINAS.COM\",\"@id\":\"https:\\\/\\\/noticiasmercedinas.com\\\/site\\\/#\\\/schema\\\/person\\\/84b59c099c28ff2e8b77d4ceec5d8063\"},\"headline\":\"D\u00f3lar agro: Carlos Selva destac\u00f3 la \u00abaceptaci\u00f3n un\u00e1nime de parte del sector\u00bb\",\"datePublished\":\"2023-04-06T11:55:20+00:00\",\"mainEntityOfPage\":{\"@id\":\"https:\\\/\\\/noticiasmercedinas.com\\\/site\\\/2023\\\/04\\\/06\\\/dolar-agro-carlos-selva-destaco-la-aceptacion-unanime-de-parte-del-sector\\\/\"},\"wordCount\":412,\"publisher\":{\"@id\":\"https:\\\/\\\/noticiasmercedinas.com\\\/site\\\/#organization\"},\"image\":{\"@id\":\"https:\\\/\\\/noticiasmercedinas.com\\\/site\\\/2023\\\/04\\\/06\\\/dolar-agro-carlos-selva-destaco-la-aceptacion-unanime-de-parte-del-sector\\\/#primaryimage\"},\"thumbnailUrl\":\"https:\\\/\\\/noticiasmercedinas.com\\\/site\\\/wp-content\\\/uploads\\\/2022\\\/05\\\/carlos_selva-1.jpg\",\"keywords\":[\"carlos selva\",\"dolar agro\",\"economia\",\"sergio massa\"],\"articleSection\":[\"Politica\"],\"inLanguage\":\"es\"},{\"@type\":\"WebPage\",\"@id\":\"https:\\\/\\\/noticiasmercedinas.com\\\/site\\\/2023\\\/04\\\/06\\\/dolar-agro-carlos-selva-destaco-la-aceptacion-unanime-de-parte-del-sector\\\/\",\"url\":\"https:\\\/\\\/noticiasmercedinas.com\\\/site\\\/2023\\\/04\\\/06\\\/dolar-agro-carlos-selva-destaco-la-aceptacion-unanime-de-parte-del-sector\\\/\",\"name\":\"D\u00f3lar agro: Carlos Selva destac\u00f3 la \\\"aceptaci\u00f3n un\u00e1nime de parte del sector\\\"\",\"isPartOf\":{\"@id\":\"https:\\\/\\\/noticiasmercedinas.com\\\/site\\\/#website\"},\"primaryImageOfPage\":{\"@id\":\"https:\\\/\\\/noticiasmercedinas.com\\\/site\\\/2023\\\/04\\\/06\\\/dolar-agro-carlos-selva-destaco-la-aceptacion-unanime-de-parte-del-sector\\\/#primaryimage\"},\"image\":{\"@id\":\"https:\\\/\\\/noticiasmercedinas.com\\\/site\\\/2023\\\/04\\\/06\\\/dolar-agro-carlos-selva-destaco-la-aceptacion-unanime-de-parte-del-sector\\\/#primaryimage\"},\"thumbnailUrl\":\"https:\\\/\\\/noticiasmercedinas.com\\\/site\\\/wp-content\\\/uploads\\\/2022\\\/05\\\/carlos_selva-1.jpg\",\"datePublished\":\"2023-04-06T11:55:20+00:00\",\"breadcrumb\":{\"@id\":\"https:\\\/\\\/noticiasmercedinas.com\\\/site\\\/2023\\\/04\\\/06\\\/dolar-agro-carlos-selva-destaco-la-aceptacion-unanime-de-parte-del-sector\\\/#breadcrumb\"},\"inLanguage\":\"es\",\"potentialAction\":[{\"@type\":\"ReadAction\",\"target\":[\"https:\\\/\\\/noticiasmercedinas.com\\\/site\\\/2023\\\/04\\\/06\\\/dolar-agro-carlos-selva-destaco-la-aceptacion-unanime-de-parte-del-sector\\\/\"]}]},{\"@type\":\"ImageObject\",\"inLanguage\":\"es\",\"@id\":\"https:\\\/\\\/noticiasmercedinas.com\\\/site\\\/2023\\\/04\\\/06\\\/dolar-agro-carlos-selva-destaco-la-aceptacion-unanime-de-parte-del-sector\\\/#primaryimage\",\"url\":\"https:\\\/\\\/noticiasmercedinas.com\\\/site\\\/wp-content\\\/uploads\\\/2022\\\/05\\\/carlos_selva-1.jpg\",\"contentUrl\":\"https:\\\/\\\/noticiasmercedinas.com\\\/site\\\/wp-content\\\/uploads\\\/2022\\\/05\\\/carlos_selva-1.jpg\",\"width\":640,\"height\":387},{\"@type\":\"BreadcrumbList\",\"@id\":\"https:\\\/\\\/noticiasmercedinas.com\\\/site\\\/2023\\\/04\\\/06\\\/dolar-agro-carlos-selva-destaco-la-aceptacion-unanime-de-parte-del-sector\\\/#breadcrumb\",\"itemListElement\":[{\"@type\":\"ListItem\",\"position\":1,\"name\":\"Portada\",\"item\":\"https:\\\/\\\/noticiasmercedinas.com\\\/site\\\/\"},{\"@type\":\"ListItem\",\"position\":2,\"name\":\"D\u00f3lar agro: Carlos Selva destac\u00f3 la \u00abaceptaci\u00f3n un\u00e1nime de parte del sector\u00bb\"}]},{\"@type\":\"WebSite\",\"@id\":\"https:\\\/\\\/noticiasmercedinas.com\\\/site\\\/#website\",\"url\":\"https:\\\/\\\/noticiasmercedinas.com\\\/site\\\/\",\"name\":\"NOTICIASMERCEDINAS.COM\",\"description\":\"Mercedes, Buenos Aires, Argentina\",\"publisher\":{\"@id\":\"https:\\\/\\\/noticiasmercedinas.com\\\/site\\\/#organization\"},\"potentialAction\":[{\"@type\":\"SearchAction\",\"target\":{\"@type\":\"EntryPoint\",\"urlTemplate\":\"https:\\\/\\\/noticiasmercedinas.com\\\/site\\\/?s={search_term_string}\"},\"query-input\":{\"@type\":\"PropertyValueSpecification\",\"valueRequired\":true,\"valueName\":\"search_term_string\"}}],\"inLanguage\":\"es\"},{\"@type\":\"Organization\",\"@id\":\"https:\\\/\\\/noticiasmercedinas.com\\\/site\\\/#organization\",\"name\":\"NOTICIASMERCEDINAS.COM\",\"url\":\"https:\\\/\\\/noticiasmercedinas.com\\\/site\\\/\",\"logo\":{\"@type\":\"ImageObject\",\"inLanguage\":\"es\",\"@id\":\"https:\\\/\\\/noticiasmercedinas.com\\\/site\\\/#\\\/schema\\\/logo\\\/image\\\/\",\"url\":\"https:\\\/\\\/noticiasmercedinas.com\\\/site\\\/wp-content\\\/uploads\\\/2020\\\/06\\\/LOGO-512.jpg\",\"contentUrl\":\"https:\\\/\\\/noticiasmercedinas.com\\\/site\\\/wp-content\\\/uploads\\\/2020\\\/06\\\/LOGO-512.jpg\",\"width\":512,\"height\":512,\"caption\":\"NOTICIASMERCEDINAS.COM\"},\"image\":{\"@id\":\"https:\\\/\\\/noticiasmercedinas.com\\\/site\\\/#\\\/schema\\\/logo\\\/image\\\/\"},\"sameAs\":[\"https:\\\/\\\/www.facebook.com\\\/noticiasmercedinas\\\/\",\"https:\\\/\\\/x.com\\\/notmercedinas\",\"https:\\\/\\\/www.instagram.com\\\/noticiasmercedinas\\\/\"]},{\"@type\":\"Person\",\"@id\":\"https:\\\/\\\/noticiasmercedinas.com\\\/site\\\/#\\\/schema\\\/person\\\/84b59c099c28ff2e8b77d4ceec5d8063\",\"name\":\"NOTICIASMERCEDINAS.COM\",\"image\":{\"@type\":\"ImageObject\",\"inLanguage\":\"es\",\"@id\":\"https:\\\/\\\/secure.gravatar.com\\\/avatar\\\/4dfbf16b4d17945bfb6341b2d19043457132fcf478a5ee04f42e959fd8f5df0a?s=96&d=mm&r=g\",\"url\":\"https:\\\/\\\/secure.gravatar.com\\\/avatar\\\/4dfbf16b4d17945bfb6341b2d19043457132fcf478a5ee04f42e959fd8f5df0a?s=96&d=mm&r=g\",\"contentUrl\":\"https:\\\/\\\/secure.gravatar.com\\\/avatar\\\/4dfbf16b4d17945bfb6341b2d19043457132fcf478a5ee04f42e959fd8f5df0a?s=96&d=mm&r=g\",\"caption\":\"NOTICIASMERCEDINAS.COM\"},\"url\":\"https:\\\/\\\/noticiasmercedinas.com\\\/site\\\/author\\\/anonimo\\\/\"}]}<\/script>\n<!-- \/ Yoast SEO plugin. -->","yoast_head_json":{"title":"D\u00f3lar agro: Carlos Selva destac\u00f3 la \"aceptaci\u00f3n un\u00e1nime de parte del sector\"","robots":{"index":"index","follow":"follow","max-snippet":"max-snippet:-1","max-image-preview":"max-image-preview:large","max-video-preview":"max-video-preview:-1"},"canonical":"https:\/\/noticiasmercedinas.com\/site\/2023\/04\/06\/dolar-agro-carlos-selva-destaco-la-aceptacion-unanime-de-parte-del-sector\/","og_locale":"es_ES","og_type":"article","og_title":"D\u00f3lar agro: Carlos Selva destac\u00f3 la \"aceptaci\u00f3n un\u00e1nime de parte del sector\"","og_description":"\u25a0 El diputado nacional del Frente de Todos advirti\u00f3 que, como contrapartida, \"necesitamos una r\u00e1pida liquidaci\u00f3n de las exportaciones\u201d.","og_url":"https:\/\/noticiasmercedinas.com\/site\/2023\/04\/06\/dolar-agro-carlos-selva-destaco-la-aceptacion-unanime-de-parte-del-sector\/","og_site_name":"NOTICIASMERCEDINAS.COM","article_publisher":"https:\/\/www.facebook.com\/noticiasmercedinas\/","article_published_time":"2023-04-06T11:55:20+00:00","og_image":[{"width":640,"height":387,"url":"https:\/\/noticiasmercedinas.com\/site\/wp-content\/uploads\/2022\/05\/carlos_selva-1.jpg","type":"image\/jpeg"}],"author":"NOTICIASMERCEDINAS.COM","twitter_card":"summary_large_image","twitter_creator":"@notmercedinas","twitter_site":"@notmercedinas","twitter_misc":{"Escrito por":"NOTICIASMERCEDINAS.COM","Tiempo de lectura":"2 minutos"},"schema":{"@context":"https:\/\/schema.org","@graph":[{"@type":"Article","@id":"https:\/\/noticiasmercedinas.com\/site\/2023\/04\/06\/dolar-agro-carlos-selva-destaco-la-aceptacion-unanime-de-parte-del-sector\/#article","isPartOf":{"@id":"https:\/\/noticiasmercedinas.com\/site\/2023\/04\/06\/dolar-agro-carlos-selva-destaco-la-aceptacion-unanime-de-parte-del-sector\/"},"author":{"name":"NOTICIASMERCEDINAS.COM","@id":"https:\/\/noticiasmercedinas.com\/site\/#\/schema\/person\/84b59c099c28ff2e8b77d4ceec5d8063"},"headline":"D\u00f3lar agro: Carlos Selva destac\u00f3 la \u00abaceptaci\u00f3n un\u00e1nime de parte del sector\u00bb","datePublished":"2023-04-06T11:55:20+00:00","mainEntityOfPage":{"@id":"https:\/\/noticiasmercedinas.com\/site\/2023\/04\/06\/dolar-agro-carlos-selva-destaco-la-aceptacion-unanime-de-parte-del-sector\/"},"wordCount":412,"publisher":{"@id":"https:\/\/noticiasmercedinas.com\/site\/#organization"},"image":{"@id":"https:\/\/noticiasmercedinas.com\/site\/2023\/04\/06\/dolar-agro-carlos-selva-destaco-la-aceptacion-unanime-de-parte-del-sector\/#primaryimage"},"thumbnailUrl":"https:\/\/noticiasmercedinas.com\/site\/wp-content\/uploads\/2022\/05\/carlos_selva-1.jpg","keywords":["carlos selva","dolar agro","economia","sergio massa"],"articleSection":["Politica"],"inLanguage":"es"},{"@type":"WebPage","@id":"https:\/\/noticiasmercedinas.com\/site\/2023\/04\/06\/dolar-agro-carlos-selva-destaco-la-aceptacion-unanime-de-parte-del-sector\/","url":"https:\/\/noticiasmercedinas.com\/site\/2023\/04\/06\/dolar-agro-carlos-selva-destaco-la-aceptacion-unanime-de-parte-del-sector\/","name":"D\u00f3lar agro: Carlos Selva destac\u00f3 la \"aceptaci\u00f3n un\u00e1nime de parte del sector\"","isPartOf":{"@id":"https:\/\/noticiasmercedinas.com\/site\/#website"},"primaryImageOfPage":{"@id":"https:\/\/noticiasmercedinas.com\/site\/2023\/04\/06\/dolar-agro-carlos-selva-destaco-la-aceptacion-unanime-de-parte-del-sector\/#primaryimage"},"image":{"@id":"https:\/\/noticiasmercedinas.com\/site\/2023\/04\/06\/dolar-agro-carlos-selva-destaco-la-aceptacion-unanime-de-parte-del-sector\/#primaryimage"},"thumbnailUrl":"https:\/\/noticiasmercedinas.com\/site\/wp-content\/uploads\/2022\/05\/carlos_selva-1.jpg","datePublished":"2023-04-06T11:55:20+00:00","breadcrumb":{"@id":"https:\/\/noticiasmercedinas.com\/site\/2023\/04\/06\/dolar-agro-carlos-selva-destaco-la-aceptacion-unanime-de-parte-del-sector\/#breadcrumb"},"inLanguage":"es","potentialAction":[{"@type":"ReadAction","target":["https:\/\/noticiasmercedinas.com\/site\/2023\/04\/06\/dolar-agro-carlos-selva-destaco-la-aceptacion-unanime-de-parte-del-sector\/"]}]},{"@type":"ImageObject","inLanguage":"es","@id":"https:\/\/noticiasmercedinas.com\/site\/2023\/04\/06\/dolar-agro-carlos-selva-destaco-la-aceptacion-unanime-de-parte-del-sector\/#primaryimage","url":"https:\/\/noticiasmercedinas.com\/site\/wp-content\/uploads\/2022\/05\/carlos_selva-1.jpg","contentUrl":"https:\/\/noticiasmercedinas.com\/site\/wp-content\/uploads\/2022\/05\/carlos_selva-1.jpg","width":640,"height":387},{"@type":"BreadcrumbList","@id":"https:\/\/noticiasmercedinas.com\/site\/2023\/04\/06\/dolar-agro-carlos-selva-destaco-la-aceptacion-unanime-de-parte-del-sector\/#breadcrumb","itemListElement":[{"@type":"ListItem","position":1,"name":"Portada","item":"https:\/\/noticiasmercedinas.com\/site\/"},{"@type":"ListItem","position":2,"name":"D\u00f3lar agro: Carlos Selva destac\u00f3 la \u00abaceptaci\u00f3n un\u00e1nime de parte del sector\u00bb"}]},{"@type":"WebSite","@id":"https:\/\/noticiasmercedinas.com\/site\/#website","url":"https:\/\/noticiasmercedinas.com\/site\/","name":"NOTICIASMERCEDINAS.COM","description":"Mercedes, Buenos Aires, Argentina","publisher":{"@id":"https:\/\/noticiasmercedinas.com\/site\/#organization"},"potentialAction":[{"@type":"SearchAction","target":{"@type":"EntryPoint","urlTemplate":"https:\/\/noticiasmercedinas.com\/site\/?s={search_term_string}"},"query-input":{"@type":"PropertyValueSpecification","valueRequired":true,"valueName":"search_term_string"}}],"inLanguage":"es"},{"@type":"Organization","@id":"https:\/\/noticiasmercedinas.com\/site\/#organization","name":"NOTICIASMERCEDINAS.COM","url":"https:\/\/noticiasmercedinas.com\/site\/","logo":{"@type":"ImageObject","inLanguage":"es","@id":"https:\/\/noticiasmercedinas.com\/site\/#\/schema\/logo\/image\/","url":"https:\/\/noticiasmercedinas.com\/site\/wp-content\/uploads\/2020\/06\/LOGO-512.jpg","contentUrl":"https:\/\/noticiasmercedinas.com\/site\/wp-content\/uploads\/2020\/06\/LOGO-512.jpg","width":512,"height":512,"caption":"NOTICIASMERCEDINAS.COM"},"image":{"@id":"https:\/\/noticiasmercedinas.com\/site\/#\/schema\/logo\/image\/"},"sameAs":["https:\/\/www.facebook.com\/noticiasmercedinas\/","https:\/\/x.com\/notmercedinas","https:\/\/www.instagram.com\/noticiasmercedinas\/"]},{"@type":"Person","@id":"https:\/\/noticiasmercedinas.com\/site\/#\/schema\/person\/84b59c099c28ff2e8b77d4ceec5d8063","name":"NOTICIASMERCEDINAS.COM","image":{"@type":"ImageObject","inLanguage":"es","@id":"https:\/\/secure.gravatar.com\/avatar\/4dfbf16b4d17945bfb6341b2d19043457132fcf478a5ee04f42e959fd8f5df0a?s=96&d=mm&r=g","url":"https:\/\/secure.gravatar.com\/avatar\/4dfbf16b4d17945bfb6341b2d19043457132fcf478a5ee04f42e959fd8f5df0a?s=96&d=mm&r=g","contentUrl":"https:\/\/secure.gravatar.com\/avatar\/4dfbf16b4d17945bfb6341b2d19043457132fcf478a5ee04f42e959fd8f5df0a?s=96&d=mm&r=g","caption":"NOTICIASMERCEDINAS.COM"},"url":"https:\/\/noticiasmercedinas.com\/site\/author\/anonimo\/"}]}},"amp_enabled":true,"_links":{"self":[{"href":"https:\/\/noticiasmercedinas.com\/site\/wp-json\/wp\/v2\/posts\/112262","targetHints":{"allow":["GET"]}}],"collection":[{"href":"https:\/\/noticiasmercedinas.com\/site\/wp-json\/wp\/v2\/posts"}],"about":[{"href":"https:\/\/noticiasmercedinas.com\/site\/wp-json\/wp\/v2\/types\/post"}],"author":[{"embeddable":true,"href":"https:\/\/noticiasmercedinas.com\/site\/wp-json\/wp\/v2\/users\/16"}],"replies":[{"embeddable":true,"href":"https:\/\/noticiasmercedinas.com\/site\/wp-json\/wp\/v2\/comments?post=112262"}],"version-history":[{"count":1,"href":"https:\/\/noticiasmercedinas.com\/site\/wp-json\/wp\/v2\/posts\/112262\/revisions"}],"predecessor-version":[{"id":112263,"href":"https:\/\/noticiasmercedinas.com\/site\/wp-json\/wp\/v2\/posts\/112262\/revisions\/112263"}],"wp:featuredmedia":[{"embeddable":true,"href":"https:\/\/noticiasmercedinas.com\/site\/wp-json\/wp\/v2\/media\/90847"}],"wp:attachment":[{"href":"https:\/\/noticiasmercedinas.com\/site\/wp-json\/wp\/v2\/media?parent=112262"}],"wp:term":[{"taxonomy":"category","embeddable":true,"href":"https:\/\/noticiasmercedinas.com\/site\/wp-json\/wp\/v2\/categories?post=112262"},{"taxonomy":"post_tag","embeddable":true,"href":"https:\/\/noticiasmercedinas.com\/site\/wp-json\/wp\/v2\/tags?post=112262"}],"curies":[{"name":"wp","href":"https:\/\/api.w.org\/{rel}","templated":true}]}}