{"id":112441,"date":"2023-04-09T22:45:45","date_gmt":"2023-04-10T01:45:45","guid":{"rendered":"https:\/\/noticiasmercedinas.com\/site\/?p=112441"},"modified":"2023-04-09T22:45:45","modified_gmt":"2023-04-10T01:45:45","slug":"en-lujan-se-presento-vecinos-conectados-una-nueva-alarma-comunitaria","status":"publish","type":"post","link":"https:\/\/noticiasmercedinas.com\/site\/2023\/04\/09\/en-lujan-se-presento-vecinos-conectados-una-nueva-alarma-comunitaria\/","title":{"rendered":"En Luj\u00e1n se present\u00f3 \u00abVecinos conectados\u00bb, una nueva alarma comunitaria"},"content":{"rendered":"<p><img loading=\"lazy\" decoding=\"async\" class=\"alignnone size-full wp-image-112442\" src=\"https:\/\/noticiasmercedinas.com\/site\/wp-content\/uploads\/2023\/04\/VC.jpg\" alt=\"\" width=\"640\" height=\"503\" srcset=\"https:\/\/noticiasmercedinas.com\/site\/wp-content\/uploads\/2023\/04\/VC.jpg 640w, https:\/\/noticiasmercedinas.com\/site\/wp-content\/uploads\/2023\/04\/VC-300x236.jpg 300w\" sizes=\"auto, (max-width: 640px) 100vw, 640px\" \/><\/p>\n<p>La nueva aplicaci\u00f3n \u00abVecinos Conectados\u00bb fue presentada en la vecina ciudad de Luj\u00e1n esta semana.<\/p>\n<p>Enmarcada en el plan de seguridad p\u00fablica \u00abLuj\u00e1n Alerta 24\u00bb, se present\u00f3 la nueva App Vecinos Conectados en el Barrio Sarmiento. \u00c9sta herramienta brinda la posibilidad de alertar al COM sobre emergencias en tiempo real, activando la alarma comunitaria m\u00e1s pr\u00f3xima ubicada.<\/p>\n<p>La nueva App podr\u00eda alarmar con gran velocidad, emergencias a Bomberos, Polic\u00eda o Ambulancia.<\/p>\n<p>A su vez, contiene dos botones extras que permiten encender la luz y el sonido de la alarma instalada en la zona, como alerta ante situaciones sospechosas. Por \u00faltimo, cada vecino que contenga en su celular esta aplicaci\u00f3n podr\u00e1 interactuar con los operadores del COM de manera directa, f\u00e1cilmente.<\/p>\n<p>&nbsp;<\/p>\n","protected":false},"excerpt":{"rendered":"<p>La nueva aplicaci\u00f3n \u00abVecinos Conectados\u00bb fue presentada en la vecina ciudad de Luj\u00e1n esta semana. Enmarcada en el plan de seguridad p\u00fablica \u00abLuj\u00e1n Alerta 24\u00bb, se present\u00f3 la nueva App Vecinos Conectados en el Barrio Sarmiento. \u00c9sta herramienta brinda la posibilidad de alertar al COM sobre emergencias en tiempo real, activando la alarma comunitaria m\u00e1s [&hellip;]<\/p>\n","protected":false},"author":16,"featured_media":112442,"comment_status":"closed","ping_status":"closed","sticky":false,"template":"","format":"standard","meta":{"footnotes":""},"categories":[139],"tags":[16603,40,47],"class_list":["post-112441","post","type-post","status-publish","format-standard","has-post-thumbnail","hentry","category-regionales","tag-alarma","tag-lujan","tag-seguridad"],"yoast_head":"<!-- This site is optimized with the Yoast SEO plugin v27.4 - https:\/\/yoast.com\/product\/yoast-seo-wordpress\/ -->\n<title>En Luj\u00e1n se present\u00f3 &quot;Vecinos conectados&quot;, una nueva alarma comunitaria<\/title>\n<meta name=\"robots\" content=\"index, follow, max-snippet:-1, max-image-preview:large, max-video-preview:-1\" \/>\n<link rel=\"canonical\" href=\"https:\/\/noticiasmercedinas.com\/site\/2023\/04\/09\/en-lujan-se-presento-vecinos-conectados-una-nueva-alarma-comunitaria\/\" \/>\n<meta property=\"og:locale\" content=\"es_ES\" \/>\n<meta property=\"og:type\" content=\"article\" \/>\n<meta property=\"og:title\" content=\"En Luj\u00e1n se present\u00f3 &quot;Vecinos conectados&quot;, una nueva alarma comunitaria\" \/>\n<meta property=\"og:description\" content=\"La nueva aplicaci\u00f3n \u00abVecinos Conectados\u00bb fue presentada en la vecina ciudad de Luj\u00e1n esta semana. Enmarcada en el plan de seguridad p\u00fablica \u00abLuj\u00e1n Alerta 24\u00bb, se present\u00f3 la nueva App Vecinos Conectados en el Barrio Sarmiento. \u00c9sta herramienta brinda la posibilidad de alertar al COM sobre emergencias en tiempo real, activando la alarma comunitaria m\u00e1s [&hellip;]\" \/>\n<meta property=\"og:url\" content=\"https:\/\/noticiasmercedinas.com\/site\/2023\/04\/09\/en-lujan-se-presento-vecinos-conectados-una-nueva-alarma-comunitaria\/\" \/>\n<meta property=\"og:site_name\" content=\"NOTICIASMERCEDINAS.COM\" \/>\n<meta property=\"article:publisher\" content=\"https:\/\/www.facebook.com\/noticiasmercedinas\/\" \/>\n<meta property=\"article:published_time\" content=\"2023-04-10T01:45:45+00:00\" \/>\n<meta property=\"og:image\" content=\"https:\/\/noticiasmercedinas.com\/site\/wp-content\/uploads\/2023\/04\/VC.jpg\" \/>\n\t<meta property=\"og:image:width\" content=\"640\" \/>\n\t<meta property=\"og:image:height\" content=\"503\" \/>\n\t<meta property=\"og:image:type\" content=\"image\/jpeg\" \/>\n<meta name=\"author\" content=\"NOTICIASMERCEDINAS.COM\" \/>\n<meta name=\"twitter:card\" content=\"summary_large_image\" \/>\n<meta name=\"twitter:creator\" content=\"@notmercedinas\" \/>\n<meta name=\"twitter:site\" content=\"@notmercedinas\" \/>\n<meta name=\"twitter:label1\" content=\"Escrito por\" \/>\n\t<meta name=\"twitter:data1\" content=\"NOTICIASMERCEDINAS.COM\" \/>\n\t<meta name=\"twitter:label2\" content=\"Tiempo de lectura\" \/>\n\t<meta name=\"twitter:data2\" content=\"1 minuto\" \/>\n<script type=\"application\/ld+json\" class=\"yoast-schema-graph\">{\"@context\":\"https:\\\/\\\/schema.org\",\"@graph\":[{\"@type\":\"Article\",\"@id\":\"https:\\\/\\\/noticiasmercedinas.com\\\/site\\\/2023\\\/04\\\/09\\\/en-lujan-se-presento-vecinos-conectados-una-nueva-alarma-comunitaria\\\/#article\",\"isPartOf\":{\"@id\":\"https:\\\/\\\/noticiasmercedinas.com\\\/site\\\/2023\\\/04\\\/09\\\/en-lujan-se-presento-vecinos-conectados-una-nueva-alarma-comunitaria\\\/\"},\"author\":{\"name\":\"NOTICIASMERCEDINAS.COM\",\"@id\":\"https:\\\/\\\/noticiasmercedinas.com\\\/site\\\/#\\\/schema\\\/person\\\/84b59c099c28ff2e8b77d4ceec5d8063\"},\"headline\":\"En Luj\u00e1n se present\u00f3 \u00abVecinos conectados\u00bb, una nueva alarma comunitaria\",\"datePublished\":\"2023-04-10T01:45:45+00:00\",\"mainEntityOfPage\":{\"@id\":\"https:\\\/\\\/noticiasmercedinas.com\\\/site\\\/2023\\\/04\\\/09\\\/en-lujan-se-presento-vecinos-conectados-una-nueva-alarma-comunitaria\\\/\"},\"wordCount\":141,\"publisher\":{\"@id\":\"https:\\\/\\\/noticiasmercedinas.com\\\/site\\\/#organization\"},\"image\":{\"@id\":\"https:\\\/\\\/noticiasmercedinas.com\\\/site\\\/2023\\\/04\\\/09\\\/en-lujan-se-presento-vecinos-conectados-una-nueva-alarma-comunitaria\\\/#primaryimage\"},\"thumbnailUrl\":\"https:\\\/\\\/noticiasmercedinas.com\\\/site\\\/wp-content\\\/uploads\\\/2023\\\/04\\\/VC.jpg\",\"keywords\":[\"alarma\",\"lujan\",\"seguridad\"],\"articleSection\":[\"Regionales\"],\"inLanguage\":\"es\"},{\"@type\":\"WebPage\",\"@id\":\"https:\\\/\\\/noticiasmercedinas.com\\\/site\\\/2023\\\/04\\\/09\\\/en-lujan-se-presento-vecinos-conectados-una-nueva-alarma-comunitaria\\\/\",\"url\":\"https:\\\/\\\/noticiasmercedinas.com\\\/site\\\/2023\\\/04\\\/09\\\/en-lujan-se-presento-vecinos-conectados-una-nueva-alarma-comunitaria\\\/\",\"name\":\"En Luj\u00e1n se present\u00f3 \\\"Vecinos conectados\\\", una nueva alarma comunitaria\",\"isPartOf\":{\"@id\":\"https:\\\/\\\/noticiasmercedinas.com\\\/site\\\/#website\"},\"primaryImageOfPage\":{\"@id\":\"https:\\\/\\\/noticiasmercedinas.com\\\/site\\\/2023\\\/04\\\/09\\\/en-lujan-se-presento-vecinos-conectados-una-nueva-alarma-comunitaria\\\/#primaryimage\"},\"image\":{\"@id\":\"https:\\\/\\\/noticiasmercedinas.com\\\/site\\\/2023\\\/04\\\/09\\\/en-lujan-se-presento-vecinos-conectados-una-nueva-alarma-comunitaria\\\/#primaryimage\"},\"thumbnailUrl\":\"https:\\\/\\\/noticiasmercedinas.com\\\/site\\\/wp-content\\\/uploads\\\/2023\\\/04\\\/VC.jpg\",\"datePublished\":\"2023-04-10T01:45:45+00:00\",\"breadcrumb\":{\"@id\":\"https:\\\/\\\/noticiasmercedinas.com\\\/site\\\/2023\\\/04\\\/09\\\/en-lujan-se-presento-vecinos-conectados-una-nueva-alarma-comunitaria\\\/#breadcrumb\"},\"inLanguage\":\"es\",\"potentialAction\":[{\"@type\":\"ReadAction\",\"target\":[\"https:\\\/\\\/noticiasmercedinas.com\\\/site\\\/2023\\\/04\\\/09\\\/en-lujan-se-presento-vecinos-conectados-una-nueva-alarma-comunitaria\\\/\"]}]},{\"@type\":\"ImageObject\",\"inLanguage\":\"es\",\"@id\":\"https:\\\/\\\/noticiasmercedinas.com\\\/site\\\/2023\\\/04\\\/09\\\/en-lujan-se-presento-vecinos-conectados-una-nueva-alarma-comunitaria\\\/#primaryimage\",\"url\":\"https:\\\/\\\/noticiasmercedinas.com\\\/site\\\/wp-content\\\/uploads\\\/2023\\\/04\\\/VC.jpg\",\"contentUrl\":\"https:\\\/\\\/noticiasmercedinas.com\\\/site\\\/wp-content\\\/uploads\\\/2023\\\/04\\\/VC.jpg\",\"width\":640,\"height\":503},{\"@type\":\"BreadcrumbList\",\"@id\":\"https:\\\/\\\/noticiasmercedinas.com\\\/site\\\/2023\\\/04\\\/09\\\/en-lujan-se-presento-vecinos-conectados-una-nueva-alarma-comunitaria\\\/#breadcrumb\",\"itemListElement\":[{\"@type\":\"ListItem\",\"position\":1,\"name\":\"Portada\",\"item\":\"https:\\\/\\\/noticiasmercedinas.com\\\/site\\\/\"},{\"@type\":\"ListItem\",\"position\":2,\"name\":\"En Luj\u00e1n se present\u00f3 \u00abVecinos conectados\u00bb, una nueva alarma comunitaria\"}]},{\"@type\":\"WebSite\",\"@id\":\"https:\\\/\\\/noticiasmercedinas.com\\\/site\\\/#website\",\"url\":\"https:\\\/\\\/noticiasmercedinas.com\\\/site\\\/\",\"name\":\"NOTICIASMERCEDINAS.COM\",\"description\":\"Mercedes, Buenos Aires, Argentina\",\"publisher\":{\"@id\":\"https:\\\/\\\/noticiasmercedinas.com\\\/site\\\/#organization\"},\"potentialAction\":[{\"@type\":\"SearchAction\",\"target\":{\"@type\":\"EntryPoint\",\"urlTemplate\":\"https:\\\/\\\/noticiasmercedinas.com\\\/site\\\/?s={search_term_string}\"},\"query-input\":{\"@type\":\"PropertyValueSpecification\",\"valueRequired\":true,\"valueName\":\"search_term_string\"}}],\"inLanguage\":\"es\"},{\"@type\":\"Organization\",\"@id\":\"https:\\\/\\\/noticiasmercedinas.com\\\/site\\\/#organization\",\"name\":\"NOTICIASMERCEDINAS.COM\",\"url\":\"https:\\\/\\\/noticiasmercedinas.com\\\/site\\\/\",\"logo\":{\"@type\":\"ImageObject\",\"inLanguage\":\"es\",\"@id\":\"https:\\\/\\\/noticiasmercedinas.com\\\/site\\\/#\\\/schema\\\/logo\\\/image\\\/\",\"url\":\"https:\\\/\\\/noticiasmercedinas.com\\\/site\\\/wp-content\\\/uploads\\\/2020\\\/06\\\/LOGO-512.jpg\",\"contentUrl\":\"https:\\\/\\\/noticiasmercedinas.com\\\/site\\\/wp-content\\\/uploads\\\/2020\\\/06\\\/LOGO-512.jpg\",\"width\":512,\"height\":512,\"caption\":\"NOTICIASMERCEDINAS.COM\"},\"image\":{\"@id\":\"https:\\\/\\\/noticiasmercedinas.com\\\/site\\\/#\\\/schema\\\/logo\\\/image\\\/\"},\"sameAs\":[\"https:\\\/\\\/www.facebook.com\\\/noticiasmercedinas\\\/\",\"https:\\\/\\\/x.com\\\/notmercedinas\",\"https:\\\/\\\/www.instagram.com\\\/noticiasmercedinas\\\/\"]},{\"@type\":\"Person\",\"@id\":\"https:\\\/\\\/noticiasmercedinas.com\\\/site\\\/#\\\/schema\\\/person\\\/84b59c099c28ff2e8b77d4ceec5d8063\",\"name\":\"NOTICIASMERCEDINAS.COM\",\"image\":{\"@type\":\"ImageObject\",\"inLanguage\":\"es\",\"@id\":\"https:\\\/\\\/secure.gravatar.com\\\/avatar\\\/4dfbf16b4d17945bfb6341b2d19043457132fcf478a5ee04f42e959fd8f5df0a?s=96&d=mm&r=g\",\"url\":\"https:\\\/\\\/secure.gravatar.com\\\/avatar\\\/4dfbf16b4d17945bfb6341b2d19043457132fcf478a5ee04f42e959fd8f5df0a?s=96&d=mm&r=g\",\"contentUrl\":\"https:\\\/\\\/secure.gravatar.com\\\/avatar\\\/4dfbf16b4d17945bfb6341b2d19043457132fcf478a5ee04f42e959fd8f5df0a?s=96&d=mm&r=g\",\"caption\":\"NOTICIASMERCEDINAS.COM\"},\"url\":\"https:\\\/\\\/noticiasmercedinas.com\\\/site\\\/author\\\/anonimo\\\/\"}]}<\/script>\n<!-- \/ Yoast SEO plugin. -->","yoast_head_json":{"title":"En Luj\u00e1n se present\u00f3 \"Vecinos conectados\", una nueva alarma comunitaria","robots":{"index":"index","follow":"follow","max-snippet":"max-snippet:-1","max-image-preview":"max-image-preview:large","max-video-preview":"max-video-preview:-1"},"canonical":"https:\/\/noticiasmercedinas.com\/site\/2023\/04\/09\/en-lujan-se-presento-vecinos-conectados-una-nueva-alarma-comunitaria\/","og_locale":"es_ES","og_type":"article","og_title":"En Luj\u00e1n se present\u00f3 \"Vecinos conectados\", una nueva alarma comunitaria","og_description":"La nueva aplicaci\u00f3n \u00abVecinos Conectados\u00bb fue presentada en la vecina ciudad de Luj\u00e1n esta semana. Enmarcada en el plan de seguridad p\u00fablica \u00abLuj\u00e1n Alerta 24\u00bb, se present\u00f3 la nueva App Vecinos Conectados en el Barrio Sarmiento. \u00c9sta herramienta brinda la posibilidad de alertar al COM sobre emergencias en tiempo real, activando la alarma comunitaria m\u00e1s [&hellip;]","og_url":"https:\/\/noticiasmercedinas.com\/site\/2023\/04\/09\/en-lujan-se-presento-vecinos-conectados-una-nueva-alarma-comunitaria\/","og_site_name":"NOTICIASMERCEDINAS.COM","article_publisher":"https:\/\/www.facebook.com\/noticiasmercedinas\/","article_published_time":"2023-04-10T01:45:45+00:00","og_image":[{"width":640,"height":503,"url":"https:\/\/noticiasmercedinas.com\/site\/wp-content\/uploads\/2023\/04\/VC.jpg","type":"image\/jpeg"}],"author":"NOTICIASMERCEDINAS.COM","twitter_card":"summary_large_image","twitter_creator":"@notmercedinas","twitter_site":"@notmercedinas","twitter_misc":{"Escrito por":"NOTICIASMERCEDINAS.COM","Tiempo de lectura":"1 minuto"},"schema":{"@context":"https:\/\/schema.org","@graph":[{"@type":"Article","@id":"https:\/\/noticiasmercedinas.com\/site\/2023\/04\/09\/en-lujan-se-presento-vecinos-conectados-una-nueva-alarma-comunitaria\/#article","isPartOf":{"@id":"https:\/\/noticiasmercedinas.com\/site\/2023\/04\/09\/en-lujan-se-presento-vecinos-conectados-una-nueva-alarma-comunitaria\/"},"author":{"name":"NOTICIASMERCEDINAS.COM","@id":"https:\/\/noticiasmercedinas.com\/site\/#\/schema\/person\/84b59c099c28ff2e8b77d4ceec5d8063"},"headline":"En Luj\u00e1n se present\u00f3 \u00abVecinos conectados\u00bb, una nueva alarma comunitaria","datePublished":"2023-04-10T01:45:45+00:00","mainEntityOfPage":{"@id":"https:\/\/noticiasmercedinas.com\/site\/2023\/04\/09\/en-lujan-se-presento-vecinos-conectados-una-nueva-alarma-comunitaria\/"},"wordCount":141,"publisher":{"@id":"https:\/\/noticiasmercedinas.com\/site\/#organization"},"image":{"@id":"https:\/\/noticiasmercedinas.com\/site\/2023\/04\/09\/en-lujan-se-presento-vecinos-conectados-una-nueva-alarma-comunitaria\/#primaryimage"},"thumbnailUrl":"https:\/\/noticiasmercedinas.com\/site\/wp-content\/uploads\/2023\/04\/VC.jpg","keywords":["alarma","lujan","seguridad"],"articleSection":["Regionales"],"inLanguage":"es"},{"@type":"WebPage","@id":"https:\/\/noticiasmercedinas.com\/site\/2023\/04\/09\/en-lujan-se-presento-vecinos-conectados-una-nueva-alarma-comunitaria\/","url":"https:\/\/noticiasmercedinas.com\/site\/2023\/04\/09\/en-lujan-se-presento-vecinos-conectados-una-nueva-alarma-comunitaria\/","name":"En Luj\u00e1n se present\u00f3 \"Vecinos conectados\", una nueva alarma comunitaria","isPartOf":{"@id":"https:\/\/noticiasmercedinas.com\/site\/#website"},"primaryImageOfPage":{"@id":"https:\/\/noticiasmercedinas.com\/site\/2023\/04\/09\/en-lujan-se-presento-vecinos-conectados-una-nueva-alarma-comunitaria\/#primaryimage"},"image":{"@id":"https:\/\/noticiasmercedinas.com\/site\/2023\/04\/09\/en-lujan-se-presento-vecinos-conectados-una-nueva-alarma-comunitaria\/#primaryimage"},"thumbnailUrl":"https:\/\/noticiasmercedinas.com\/site\/wp-content\/uploads\/2023\/04\/VC.jpg","datePublished":"2023-04-10T01:45:45+00:00","breadcrumb":{"@id":"https:\/\/noticiasmercedinas.com\/site\/2023\/04\/09\/en-lujan-se-presento-vecinos-conectados-una-nueva-alarma-comunitaria\/#breadcrumb"},"inLanguage":"es","potentialAction":[{"@type":"ReadAction","target":["https:\/\/noticiasmercedinas.com\/site\/2023\/04\/09\/en-lujan-se-presento-vecinos-conectados-una-nueva-alarma-comunitaria\/"]}]},{"@type":"ImageObject","inLanguage":"es","@id":"https:\/\/noticiasmercedinas.com\/site\/2023\/04\/09\/en-lujan-se-presento-vecinos-conectados-una-nueva-alarma-comunitaria\/#primaryimage","url":"https:\/\/noticiasmercedinas.com\/site\/wp-content\/uploads\/2023\/04\/VC.jpg","contentUrl":"https:\/\/noticiasmercedinas.com\/site\/wp-content\/uploads\/2023\/04\/VC.jpg","width":640,"height":503},{"@type":"BreadcrumbList","@id":"https:\/\/noticiasmercedinas.com\/site\/2023\/04\/09\/en-lujan-se-presento-vecinos-conectados-una-nueva-alarma-comunitaria\/#breadcrumb","itemListElement":[{"@type":"ListItem","position":1,"name":"Portada","item":"https:\/\/noticiasmercedinas.com\/site\/"},{"@type":"ListItem","position":2,"name":"En Luj\u00e1n se present\u00f3 \u00abVecinos conectados\u00bb, una nueva alarma comunitaria"}]},{"@type":"WebSite","@id":"https:\/\/noticiasmercedinas.com\/site\/#website","url":"https:\/\/noticiasmercedinas.com\/site\/","name":"NOTICIASMERCEDINAS.COM","description":"Mercedes, Buenos Aires, Argentina","publisher":{"@id":"https:\/\/noticiasmercedinas.com\/site\/#organization"},"potentialAction":[{"@type":"SearchAction","target":{"@type":"EntryPoint","urlTemplate":"https:\/\/noticiasmercedinas.com\/site\/?s={search_term_string}"},"query-input":{"@type":"PropertyValueSpecification","valueRequired":true,"valueName":"search_term_string"}}],"inLanguage":"es"},{"@type":"Organization","@id":"https:\/\/noticiasmercedinas.com\/site\/#organization","name":"NOTICIASMERCEDINAS.COM","url":"https:\/\/noticiasmercedinas.com\/site\/","logo":{"@type":"ImageObject","inLanguage":"es","@id":"https:\/\/noticiasmercedinas.com\/site\/#\/schema\/logo\/image\/","url":"https:\/\/noticiasmercedinas.com\/site\/wp-content\/uploads\/2020\/06\/LOGO-512.jpg","contentUrl":"https:\/\/noticiasmercedinas.com\/site\/wp-content\/uploads\/2020\/06\/LOGO-512.jpg","width":512,"height":512,"caption":"NOTICIASMERCEDINAS.COM"},"image":{"@id":"https:\/\/noticiasmercedinas.com\/site\/#\/schema\/logo\/image\/"},"sameAs":["https:\/\/www.facebook.com\/noticiasmercedinas\/","https:\/\/x.com\/notmercedinas","https:\/\/www.instagram.com\/noticiasmercedinas\/"]},{"@type":"Person","@id":"https:\/\/noticiasmercedinas.com\/site\/#\/schema\/person\/84b59c099c28ff2e8b77d4ceec5d8063","name":"NOTICIASMERCEDINAS.COM","image":{"@type":"ImageObject","inLanguage":"es","@id":"https:\/\/secure.gravatar.com\/avatar\/4dfbf16b4d17945bfb6341b2d19043457132fcf478a5ee04f42e959fd8f5df0a?s=96&d=mm&r=g","url":"https:\/\/secure.gravatar.com\/avatar\/4dfbf16b4d17945bfb6341b2d19043457132fcf478a5ee04f42e959fd8f5df0a?s=96&d=mm&r=g","contentUrl":"https:\/\/secure.gravatar.com\/avatar\/4dfbf16b4d17945bfb6341b2d19043457132fcf478a5ee04f42e959fd8f5df0a?s=96&d=mm&r=g","caption":"NOTICIASMERCEDINAS.COM"},"url":"https:\/\/noticiasmercedinas.com\/site\/author\/anonimo\/"}]}},"amp_enabled":true,"_links":{"self":[{"href":"https:\/\/noticiasmercedinas.com\/site\/wp-json\/wp\/v2\/posts\/112441","targetHints":{"allow":["GET"]}}],"collection":[{"href":"https:\/\/noticiasmercedinas.com\/site\/wp-json\/wp\/v2\/posts"}],"about":[{"href":"https:\/\/noticiasmercedinas.com\/site\/wp-json\/wp\/v2\/types\/post"}],"author":[{"embeddable":true,"href":"https:\/\/noticiasmercedinas.com\/site\/wp-json\/wp\/v2\/users\/16"}],"replies":[{"embeddable":true,"href":"https:\/\/noticiasmercedinas.com\/site\/wp-json\/wp\/v2\/comments?post=112441"}],"version-history":[{"count":1,"href":"https:\/\/noticiasmercedinas.com\/site\/wp-json\/wp\/v2\/posts\/112441\/revisions"}],"predecessor-version":[{"id":112443,"href":"https:\/\/noticiasmercedinas.com\/site\/wp-json\/wp\/v2\/posts\/112441\/revisions\/112443"}],"wp:featuredmedia":[{"embeddable":true,"href":"https:\/\/noticiasmercedinas.com\/site\/wp-json\/wp\/v2\/media\/112442"}],"wp:attachment":[{"href":"https:\/\/noticiasmercedinas.com\/site\/wp-json\/wp\/v2\/media?parent=112441"}],"wp:term":[{"taxonomy":"category","embeddable":true,"href":"https:\/\/noticiasmercedinas.com\/site\/wp-json\/wp\/v2\/categories?post=112441"},{"taxonomy":"post_tag","embeddable":true,"href":"https:\/\/noticiasmercedinas.com\/site\/wp-json\/wp\/v2\/tags?post=112441"}],"curies":[{"name":"wp","href":"https:\/\/api.w.org\/{rel}","templated":true}]}}