{"id":112536,"date":"2023-04-10T20:42:39","date_gmt":"2023-04-10T23:42:39","guid":{"rendered":"https:\/\/noticiasmercedinas.com\/site\/?p=112536"},"modified":"2023-04-10T20:42:39","modified_gmt":"2023-04-10T23:42:39","slug":"dieron-comienzo-a-la-campana-de-vacunacion-antigripal-para-grupos-de-riesgo","status":"publish","type":"post","link":"https:\/\/noticiasmercedinas.com\/site\/2023\/04\/10\/dieron-comienzo-a-la-campana-de-vacunacion-antigripal-para-grupos-de-riesgo\/","title":{"rendered":"Dieron comienzo a la campa\u00f1a de vacunaci\u00f3n antigripal para grupos de riesgo"},"content":{"rendered":"<p><img loading=\"lazy\" decoding=\"async\" class=\"alignnone size-full wp-image-112537\" src=\"https:\/\/noticiasmercedinas.com\/site\/wp-content\/uploads\/2023\/04\/ustarroz-pisapia-arenillas-altube.jpg\" alt=\"\" width=\"640\" height=\"393\" srcset=\"https:\/\/noticiasmercedinas.com\/site\/wp-content\/uploads\/2023\/04\/ustarroz-pisapia-arenillas-altube.jpg 640w, https:\/\/noticiasmercedinas.com\/site\/wp-content\/uploads\/2023\/04\/ustarroz-pisapia-arenillas-altube-300x184.jpg 300w\" sizes=\"auto, (max-width: 640px) 100vw, 640px\" \/><\/p>\n<p>Desde el Palacio Municipal representantes del \u00e1rea de salud y PAMI realizaron una conferencia de prensa con el fin de informar y clarificar los sistemas de vacunaci\u00f3n antigripal para los vecinos de la ciudad.<\/p>\n<p>El intendente Juan Ignacio Ustarroz, quien encabez\u00f3 el encuentro, expres\u00f3: \u201cQueremos que los vecinos puedan distinguir entre la vacunaci\u00f3n a trav\u00e9s del Municipio y cu\u00e1l es con respecto a PAMI. Porque muchos a\u00f1os pasa que la gente ve que el Municipio larga la campa\u00f1a y van a los CAPS personas que deber\u00edan ir a una farmacia bajo la modalidad de PAMI\u201d.<\/p>\n<p>\u201cComo siempre debemos destacar este trabajo en conjunto que se hace desde la Secretaria de Salud, la Direcci\u00f3n de Adultos Mayores y PAMI, y seguir apostando a la vacunaci\u00f3n, a fortalecer los CAPS, trabajar de manera mancomunada y unida en pos de lograr beneficios para la gente\u201d remarc\u00f3 e intendente Ustarroz.<\/p>\n<p>N\u00e9stor Pisapia, secretario de Salud, por su parte manifest\u00f3: \u201cArrancamos con la vacunaci\u00f3n antigripal hace m\u00e1s o menos 10 d\u00edas con el personal de Salud con el primer grupo que se vacuna y ahora estamos arrancando con el resto de la poblaci\u00f3n\u201d, y agreg\u00f3\u00a0 que \u201cla poblaci\u00f3n objetivo para esta vacunaci\u00f3n son los menores de 2 a\u00f1os, los pacientes de 2 a 64 a\u00f1os que tengan factores de riesgo, los mayores de 65 a\u00f1os y las embarazadas y las pu\u00e9rperas que no hayan recibido la vacunaci\u00f3n durante el embarazo\u201d.<\/p>\n<p>\u201cEsa es la poblaci\u00f3n objetivo, la vacunaci\u00f3n est\u00e1 disponible en todos los Centros de Atenci\u00f3n Primaria a los cuales pueden concurrir en sus horarios para poder vacunarse \u2013esos grupos de riesgo- sin indicaci\u00f3n m\u00e9dica- y los que se encuentren dentro de un grupo de riesgo, necesitan el certificado m\u00e9dico que lo avale\u201d.<\/p>\n<p>Por su parte, Santiago Altube, quien est\u00e1 al frente de PAMI en nuestra ciudad, se\u00f1al\u00f3 que \u201cen el caso de los 9.500 afiliados de PAMI se vacunan obligatoriamente los mayores de 65 a\u00f1os, con el carnet concurre a las farmacias habilitadas y menores de 65 a\u00f1os con la orden m\u00e9dica donde figure en la historia cl\u00ednica que figure como grupo de riesgo\u201d.<\/p>\n","protected":false},"excerpt":{"rendered":"<p>\u25a0 La poblaci\u00f3n objetivo para esta vacunaci\u00f3n son los menores de 2 a\u00f1os, los pacientes de 2 a 64 a\u00f1os que tengan factores de riesgo, los mayores de 65 a\u00f1os y las embarazadas y pu\u00e9rperas<\/p>\n","protected":false},"author":16,"featured_media":112537,"comment_status":"closed","ping_status":"closed","sticky":false,"template":"","format":"standard","meta":{"footnotes":""},"categories":[3],"tags":[4455,1077,10302,1267,365],"class_list":["post-112536","post","type-post","status-publish","format-standard","has-post-thumbnail","hentry","category-sociedad","tag-gripe","tag-juan-ustarroz","tag-nestor-pisapia","tag-santiago-altube","tag-vacunacion"],"yoast_head":"<!-- This site is optimized with the Yoast SEO plugin v27.4 - https:\/\/yoast.com\/product\/yoast-seo-wordpress\/ -->\n<title>Dieron comienzo a la campa\u00f1a de vacunaci\u00f3n antigripal para grupos de riesgo<\/title>\n<meta name=\"robots\" content=\"index, follow, max-snippet:-1, max-image-preview:large, max-video-preview:-1\" \/>\n<link rel=\"canonical\" href=\"https:\/\/noticiasmercedinas.com\/site\/2023\/04\/10\/dieron-comienzo-a-la-campana-de-vacunacion-antigripal-para-grupos-de-riesgo\/\" \/>\n<meta property=\"og:locale\" content=\"es_ES\" \/>\n<meta property=\"og:type\" content=\"article\" \/>\n<meta property=\"og:title\" content=\"Dieron comienzo a la campa\u00f1a de vacunaci\u00f3n antigripal para grupos de riesgo\" \/>\n<meta property=\"og:description\" content=\"\u25a0 La poblaci\u00f3n objetivo para esta vacunaci\u00f3n son los menores de 2 a\u00f1os, los pacientes de 2 a 64 a\u00f1os que tengan factores de riesgo, los mayores de 65 a\u00f1os y las embarazadas y pu\u00e9rperas\" \/>\n<meta property=\"og:url\" content=\"https:\/\/noticiasmercedinas.com\/site\/2023\/04\/10\/dieron-comienzo-a-la-campana-de-vacunacion-antigripal-para-grupos-de-riesgo\/\" \/>\n<meta property=\"og:site_name\" content=\"NOTICIASMERCEDINAS.COM\" \/>\n<meta property=\"article:publisher\" content=\"https:\/\/www.facebook.com\/noticiasmercedinas\/\" \/>\n<meta property=\"article:published_time\" content=\"2023-04-10T23:42:39+00:00\" \/>\n<meta property=\"og:image\" content=\"https:\/\/noticiasmercedinas.com\/site\/wp-content\/uploads\/2023\/04\/ustarroz-pisapia-arenillas-altube.jpg\" \/>\n\t<meta property=\"og:image:width\" content=\"640\" \/>\n\t<meta property=\"og:image:height\" content=\"393\" \/>\n\t<meta property=\"og:image:type\" content=\"image\/jpeg\" \/>\n<meta name=\"author\" content=\"NOTICIASMERCEDINAS.COM\" \/>\n<meta name=\"twitter:card\" content=\"summary_large_image\" \/>\n<meta name=\"twitter:creator\" content=\"@notmercedinas\" \/>\n<meta name=\"twitter:site\" content=\"@notmercedinas\" \/>\n<meta name=\"twitter:label1\" content=\"Escrito por\" \/>\n\t<meta name=\"twitter:data1\" content=\"NOTICIASMERCEDINAS.COM\" \/>\n\t<meta name=\"twitter:label2\" content=\"Tiempo de lectura\" \/>\n\t<meta name=\"twitter:data2\" content=\"2 minutos\" \/>\n<script type=\"application\/ld+json\" class=\"yoast-schema-graph\">{\"@context\":\"https:\\\/\\\/schema.org\",\"@graph\":[{\"@type\":\"Article\",\"@id\":\"https:\\\/\\\/noticiasmercedinas.com\\\/site\\\/2023\\\/04\\\/10\\\/dieron-comienzo-a-la-campana-de-vacunacion-antigripal-para-grupos-de-riesgo\\\/#article\",\"isPartOf\":{\"@id\":\"https:\\\/\\\/noticiasmercedinas.com\\\/site\\\/2023\\\/04\\\/10\\\/dieron-comienzo-a-la-campana-de-vacunacion-antigripal-para-grupos-de-riesgo\\\/\"},\"author\":{\"name\":\"NOTICIASMERCEDINAS.COM\",\"@id\":\"https:\\\/\\\/noticiasmercedinas.com\\\/site\\\/#\\\/schema\\\/person\\\/84b59c099c28ff2e8b77d4ceec5d8063\"},\"headline\":\"Dieron comienzo a la campa\u00f1a de vacunaci\u00f3n antigripal para grupos de riesgo\",\"datePublished\":\"2023-04-10T23:42:39+00:00\",\"mainEntityOfPage\":{\"@id\":\"https:\\\/\\\/noticiasmercedinas.com\\\/site\\\/2023\\\/04\\\/10\\\/dieron-comienzo-a-la-campana-de-vacunacion-antigripal-para-grupos-de-riesgo\\\/\"},\"wordCount\":387,\"publisher\":{\"@id\":\"https:\\\/\\\/noticiasmercedinas.com\\\/site\\\/#organization\"},\"image\":{\"@id\":\"https:\\\/\\\/noticiasmercedinas.com\\\/site\\\/2023\\\/04\\\/10\\\/dieron-comienzo-a-la-campana-de-vacunacion-antigripal-para-grupos-de-riesgo\\\/#primaryimage\"},\"thumbnailUrl\":\"https:\\\/\\\/noticiasmercedinas.com\\\/site\\\/wp-content\\\/uploads\\\/2023\\\/04\\\/ustarroz-pisapia-arenillas-altube.jpg\",\"keywords\":[\"gripe\",\"Juan Ustarroz\",\"nestor pisapia\",\"Santiago Altube\",\"vacunacion\"],\"articleSection\":[\"Sociedad\"],\"inLanguage\":\"es\"},{\"@type\":\"WebPage\",\"@id\":\"https:\\\/\\\/noticiasmercedinas.com\\\/site\\\/2023\\\/04\\\/10\\\/dieron-comienzo-a-la-campana-de-vacunacion-antigripal-para-grupos-de-riesgo\\\/\",\"url\":\"https:\\\/\\\/noticiasmercedinas.com\\\/site\\\/2023\\\/04\\\/10\\\/dieron-comienzo-a-la-campana-de-vacunacion-antigripal-para-grupos-de-riesgo\\\/\",\"name\":\"Dieron comienzo a la campa\u00f1a de vacunaci\u00f3n antigripal para grupos de riesgo\",\"isPartOf\":{\"@id\":\"https:\\\/\\\/noticiasmercedinas.com\\\/site\\\/#website\"},\"primaryImageOfPage\":{\"@id\":\"https:\\\/\\\/noticiasmercedinas.com\\\/site\\\/2023\\\/04\\\/10\\\/dieron-comienzo-a-la-campana-de-vacunacion-antigripal-para-grupos-de-riesgo\\\/#primaryimage\"},\"image\":{\"@id\":\"https:\\\/\\\/noticiasmercedinas.com\\\/site\\\/2023\\\/04\\\/10\\\/dieron-comienzo-a-la-campana-de-vacunacion-antigripal-para-grupos-de-riesgo\\\/#primaryimage\"},\"thumbnailUrl\":\"https:\\\/\\\/noticiasmercedinas.com\\\/site\\\/wp-content\\\/uploads\\\/2023\\\/04\\\/ustarroz-pisapia-arenillas-altube.jpg\",\"datePublished\":\"2023-04-10T23:42:39+00:00\",\"breadcrumb\":{\"@id\":\"https:\\\/\\\/noticiasmercedinas.com\\\/site\\\/2023\\\/04\\\/10\\\/dieron-comienzo-a-la-campana-de-vacunacion-antigripal-para-grupos-de-riesgo\\\/#breadcrumb\"},\"inLanguage\":\"es\",\"potentialAction\":[{\"@type\":\"ReadAction\",\"target\":[\"https:\\\/\\\/noticiasmercedinas.com\\\/site\\\/2023\\\/04\\\/10\\\/dieron-comienzo-a-la-campana-de-vacunacion-antigripal-para-grupos-de-riesgo\\\/\"]}]},{\"@type\":\"ImageObject\",\"inLanguage\":\"es\",\"@id\":\"https:\\\/\\\/noticiasmercedinas.com\\\/site\\\/2023\\\/04\\\/10\\\/dieron-comienzo-a-la-campana-de-vacunacion-antigripal-para-grupos-de-riesgo\\\/#primaryimage\",\"url\":\"https:\\\/\\\/noticiasmercedinas.com\\\/site\\\/wp-content\\\/uploads\\\/2023\\\/04\\\/ustarroz-pisapia-arenillas-altube.jpg\",\"contentUrl\":\"https:\\\/\\\/noticiasmercedinas.com\\\/site\\\/wp-content\\\/uploads\\\/2023\\\/04\\\/ustarroz-pisapia-arenillas-altube.jpg\",\"width\":640,\"height\":393},{\"@type\":\"BreadcrumbList\",\"@id\":\"https:\\\/\\\/noticiasmercedinas.com\\\/site\\\/2023\\\/04\\\/10\\\/dieron-comienzo-a-la-campana-de-vacunacion-antigripal-para-grupos-de-riesgo\\\/#breadcrumb\",\"itemListElement\":[{\"@type\":\"ListItem\",\"position\":1,\"name\":\"Portada\",\"item\":\"https:\\\/\\\/noticiasmercedinas.com\\\/site\\\/\"},{\"@type\":\"ListItem\",\"position\":2,\"name\":\"Dieron comienzo a la campa\u00f1a de vacunaci\u00f3n antigripal para grupos de riesgo\"}]},{\"@type\":\"WebSite\",\"@id\":\"https:\\\/\\\/noticiasmercedinas.com\\\/site\\\/#website\",\"url\":\"https:\\\/\\\/noticiasmercedinas.com\\\/site\\\/\",\"name\":\"NOTICIASMERCEDINAS.COM\",\"description\":\"Mercedes, Buenos Aires, Argentina\",\"publisher\":{\"@id\":\"https:\\\/\\\/noticiasmercedinas.com\\\/site\\\/#organization\"},\"potentialAction\":[{\"@type\":\"SearchAction\",\"target\":{\"@type\":\"EntryPoint\",\"urlTemplate\":\"https:\\\/\\\/noticiasmercedinas.com\\\/site\\\/?s={search_term_string}\"},\"query-input\":{\"@type\":\"PropertyValueSpecification\",\"valueRequired\":true,\"valueName\":\"search_term_string\"}}],\"inLanguage\":\"es\"},{\"@type\":\"Organization\",\"@id\":\"https:\\\/\\\/noticiasmercedinas.com\\\/site\\\/#organization\",\"name\":\"NOTICIASMERCEDINAS.COM\",\"url\":\"https:\\\/\\\/noticiasmercedinas.com\\\/site\\\/\",\"logo\":{\"@type\":\"ImageObject\",\"inLanguage\":\"es\",\"@id\":\"https:\\\/\\\/noticiasmercedinas.com\\\/site\\\/#\\\/schema\\\/logo\\\/image\\\/\",\"url\":\"https:\\\/\\\/noticiasmercedinas.com\\\/site\\\/wp-content\\\/uploads\\\/2020\\\/06\\\/LOGO-512.jpg\",\"contentUrl\":\"https:\\\/\\\/noticiasmercedinas.com\\\/site\\\/wp-content\\\/uploads\\\/2020\\\/06\\\/LOGO-512.jpg\",\"width\":512,\"height\":512,\"caption\":\"NOTICIASMERCEDINAS.COM\"},\"image\":{\"@id\":\"https:\\\/\\\/noticiasmercedinas.com\\\/site\\\/#\\\/schema\\\/logo\\\/image\\\/\"},\"sameAs\":[\"https:\\\/\\\/www.facebook.com\\\/noticiasmercedinas\\\/\",\"https:\\\/\\\/x.com\\\/notmercedinas\",\"https:\\\/\\\/www.instagram.com\\\/noticiasmercedinas\\\/\"]},{\"@type\":\"Person\",\"@id\":\"https:\\\/\\\/noticiasmercedinas.com\\\/site\\\/#\\\/schema\\\/person\\\/84b59c099c28ff2e8b77d4ceec5d8063\",\"name\":\"NOTICIASMERCEDINAS.COM\",\"image\":{\"@type\":\"ImageObject\",\"inLanguage\":\"es\",\"@id\":\"https:\\\/\\\/secure.gravatar.com\\\/avatar\\\/4dfbf16b4d17945bfb6341b2d19043457132fcf478a5ee04f42e959fd8f5df0a?s=96&d=mm&r=g\",\"url\":\"https:\\\/\\\/secure.gravatar.com\\\/avatar\\\/4dfbf16b4d17945bfb6341b2d19043457132fcf478a5ee04f42e959fd8f5df0a?s=96&d=mm&r=g\",\"contentUrl\":\"https:\\\/\\\/secure.gravatar.com\\\/avatar\\\/4dfbf16b4d17945bfb6341b2d19043457132fcf478a5ee04f42e959fd8f5df0a?s=96&d=mm&r=g\",\"caption\":\"NOTICIASMERCEDINAS.COM\"},\"url\":\"https:\\\/\\\/noticiasmercedinas.com\\\/site\\\/author\\\/anonimo\\\/\"}]}<\/script>\n<!-- \/ Yoast SEO plugin. -->","yoast_head_json":{"title":"Dieron comienzo a la campa\u00f1a de vacunaci\u00f3n antigripal para grupos de riesgo","robots":{"index":"index","follow":"follow","max-snippet":"max-snippet:-1","max-image-preview":"max-image-preview:large","max-video-preview":"max-video-preview:-1"},"canonical":"https:\/\/noticiasmercedinas.com\/site\/2023\/04\/10\/dieron-comienzo-a-la-campana-de-vacunacion-antigripal-para-grupos-de-riesgo\/","og_locale":"es_ES","og_type":"article","og_title":"Dieron comienzo a la campa\u00f1a de vacunaci\u00f3n antigripal para grupos de riesgo","og_description":"\u25a0 La poblaci\u00f3n objetivo para esta vacunaci\u00f3n son los menores de 2 a\u00f1os, los pacientes de 2 a 64 a\u00f1os que tengan factores de riesgo, los mayores de 65 a\u00f1os y las embarazadas y pu\u00e9rperas","og_url":"https:\/\/noticiasmercedinas.com\/site\/2023\/04\/10\/dieron-comienzo-a-la-campana-de-vacunacion-antigripal-para-grupos-de-riesgo\/","og_site_name":"NOTICIASMERCEDINAS.COM","article_publisher":"https:\/\/www.facebook.com\/noticiasmercedinas\/","article_published_time":"2023-04-10T23:42:39+00:00","og_image":[{"width":640,"height":393,"url":"https:\/\/noticiasmercedinas.com\/site\/wp-content\/uploads\/2023\/04\/ustarroz-pisapia-arenillas-altube.jpg","type":"image\/jpeg"}],"author":"NOTICIASMERCEDINAS.COM","twitter_card":"summary_large_image","twitter_creator":"@notmercedinas","twitter_site":"@notmercedinas","twitter_misc":{"Escrito por":"NOTICIASMERCEDINAS.COM","Tiempo de lectura":"2 minutos"},"schema":{"@context":"https:\/\/schema.org","@graph":[{"@type":"Article","@id":"https:\/\/noticiasmercedinas.com\/site\/2023\/04\/10\/dieron-comienzo-a-la-campana-de-vacunacion-antigripal-para-grupos-de-riesgo\/#article","isPartOf":{"@id":"https:\/\/noticiasmercedinas.com\/site\/2023\/04\/10\/dieron-comienzo-a-la-campana-de-vacunacion-antigripal-para-grupos-de-riesgo\/"},"author":{"name":"NOTICIASMERCEDINAS.COM","@id":"https:\/\/noticiasmercedinas.com\/site\/#\/schema\/person\/84b59c099c28ff2e8b77d4ceec5d8063"},"headline":"Dieron comienzo a la campa\u00f1a de vacunaci\u00f3n antigripal para grupos de riesgo","datePublished":"2023-04-10T23:42:39+00:00","mainEntityOfPage":{"@id":"https:\/\/noticiasmercedinas.com\/site\/2023\/04\/10\/dieron-comienzo-a-la-campana-de-vacunacion-antigripal-para-grupos-de-riesgo\/"},"wordCount":387,"publisher":{"@id":"https:\/\/noticiasmercedinas.com\/site\/#organization"},"image":{"@id":"https:\/\/noticiasmercedinas.com\/site\/2023\/04\/10\/dieron-comienzo-a-la-campana-de-vacunacion-antigripal-para-grupos-de-riesgo\/#primaryimage"},"thumbnailUrl":"https:\/\/noticiasmercedinas.com\/site\/wp-content\/uploads\/2023\/04\/ustarroz-pisapia-arenillas-altube.jpg","keywords":["gripe","Juan Ustarroz","nestor pisapia","Santiago Altube","vacunacion"],"articleSection":["Sociedad"],"inLanguage":"es"},{"@type":"WebPage","@id":"https:\/\/noticiasmercedinas.com\/site\/2023\/04\/10\/dieron-comienzo-a-la-campana-de-vacunacion-antigripal-para-grupos-de-riesgo\/","url":"https:\/\/noticiasmercedinas.com\/site\/2023\/04\/10\/dieron-comienzo-a-la-campana-de-vacunacion-antigripal-para-grupos-de-riesgo\/","name":"Dieron comienzo a la campa\u00f1a de vacunaci\u00f3n antigripal para grupos de riesgo","isPartOf":{"@id":"https:\/\/noticiasmercedinas.com\/site\/#website"},"primaryImageOfPage":{"@id":"https:\/\/noticiasmercedinas.com\/site\/2023\/04\/10\/dieron-comienzo-a-la-campana-de-vacunacion-antigripal-para-grupos-de-riesgo\/#primaryimage"},"image":{"@id":"https:\/\/noticiasmercedinas.com\/site\/2023\/04\/10\/dieron-comienzo-a-la-campana-de-vacunacion-antigripal-para-grupos-de-riesgo\/#primaryimage"},"thumbnailUrl":"https:\/\/noticiasmercedinas.com\/site\/wp-content\/uploads\/2023\/04\/ustarroz-pisapia-arenillas-altube.jpg","datePublished":"2023-04-10T23:42:39+00:00","breadcrumb":{"@id":"https:\/\/noticiasmercedinas.com\/site\/2023\/04\/10\/dieron-comienzo-a-la-campana-de-vacunacion-antigripal-para-grupos-de-riesgo\/#breadcrumb"},"inLanguage":"es","potentialAction":[{"@type":"ReadAction","target":["https:\/\/noticiasmercedinas.com\/site\/2023\/04\/10\/dieron-comienzo-a-la-campana-de-vacunacion-antigripal-para-grupos-de-riesgo\/"]}]},{"@type":"ImageObject","inLanguage":"es","@id":"https:\/\/noticiasmercedinas.com\/site\/2023\/04\/10\/dieron-comienzo-a-la-campana-de-vacunacion-antigripal-para-grupos-de-riesgo\/#primaryimage","url":"https:\/\/noticiasmercedinas.com\/site\/wp-content\/uploads\/2023\/04\/ustarroz-pisapia-arenillas-altube.jpg","contentUrl":"https:\/\/noticiasmercedinas.com\/site\/wp-content\/uploads\/2023\/04\/ustarroz-pisapia-arenillas-altube.jpg","width":640,"height":393},{"@type":"BreadcrumbList","@id":"https:\/\/noticiasmercedinas.com\/site\/2023\/04\/10\/dieron-comienzo-a-la-campana-de-vacunacion-antigripal-para-grupos-de-riesgo\/#breadcrumb","itemListElement":[{"@type":"ListItem","position":1,"name":"Portada","item":"https:\/\/noticiasmercedinas.com\/site\/"},{"@type":"ListItem","position":2,"name":"Dieron comienzo a la campa\u00f1a de vacunaci\u00f3n antigripal para grupos de riesgo"}]},{"@type":"WebSite","@id":"https:\/\/noticiasmercedinas.com\/site\/#website","url":"https:\/\/noticiasmercedinas.com\/site\/","name":"NOTICIASMERCEDINAS.COM","description":"Mercedes, Buenos Aires, Argentina","publisher":{"@id":"https:\/\/noticiasmercedinas.com\/site\/#organization"},"potentialAction":[{"@type":"SearchAction","target":{"@type":"EntryPoint","urlTemplate":"https:\/\/noticiasmercedinas.com\/site\/?s={search_term_string}"},"query-input":{"@type":"PropertyValueSpecification","valueRequired":true,"valueName":"search_term_string"}}],"inLanguage":"es"},{"@type":"Organization","@id":"https:\/\/noticiasmercedinas.com\/site\/#organization","name":"NOTICIASMERCEDINAS.COM","url":"https:\/\/noticiasmercedinas.com\/site\/","logo":{"@type":"ImageObject","inLanguage":"es","@id":"https:\/\/noticiasmercedinas.com\/site\/#\/schema\/logo\/image\/","url":"https:\/\/noticiasmercedinas.com\/site\/wp-content\/uploads\/2020\/06\/LOGO-512.jpg","contentUrl":"https:\/\/noticiasmercedinas.com\/site\/wp-content\/uploads\/2020\/06\/LOGO-512.jpg","width":512,"height":512,"caption":"NOTICIASMERCEDINAS.COM"},"image":{"@id":"https:\/\/noticiasmercedinas.com\/site\/#\/schema\/logo\/image\/"},"sameAs":["https:\/\/www.facebook.com\/noticiasmercedinas\/","https:\/\/x.com\/notmercedinas","https:\/\/www.instagram.com\/noticiasmercedinas\/"]},{"@type":"Person","@id":"https:\/\/noticiasmercedinas.com\/site\/#\/schema\/person\/84b59c099c28ff2e8b77d4ceec5d8063","name":"NOTICIASMERCEDINAS.COM","image":{"@type":"ImageObject","inLanguage":"es","@id":"https:\/\/secure.gravatar.com\/avatar\/4dfbf16b4d17945bfb6341b2d19043457132fcf478a5ee04f42e959fd8f5df0a?s=96&d=mm&r=g","url":"https:\/\/secure.gravatar.com\/avatar\/4dfbf16b4d17945bfb6341b2d19043457132fcf478a5ee04f42e959fd8f5df0a?s=96&d=mm&r=g","contentUrl":"https:\/\/secure.gravatar.com\/avatar\/4dfbf16b4d17945bfb6341b2d19043457132fcf478a5ee04f42e959fd8f5df0a?s=96&d=mm&r=g","caption":"NOTICIASMERCEDINAS.COM"},"url":"https:\/\/noticiasmercedinas.com\/site\/author\/anonimo\/"}]}},"amp_enabled":true,"_links":{"self":[{"href":"https:\/\/noticiasmercedinas.com\/site\/wp-json\/wp\/v2\/posts\/112536","targetHints":{"allow":["GET"]}}],"collection":[{"href":"https:\/\/noticiasmercedinas.com\/site\/wp-json\/wp\/v2\/posts"}],"about":[{"href":"https:\/\/noticiasmercedinas.com\/site\/wp-json\/wp\/v2\/types\/post"}],"author":[{"embeddable":true,"href":"https:\/\/noticiasmercedinas.com\/site\/wp-json\/wp\/v2\/users\/16"}],"replies":[{"embeddable":true,"href":"https:\/\/noticiasmercedinas.com\/site\/wp-json\/wp\/v2\/comments?post=112536"}],"version-history":[{"count":1,"href":"https:\/\/noticiasmercedinas.com\/site\/wp-json\/wp\/v2\/posts\/112536\/revisions"}],"predecessor-version":[{"id":112538,"href":"https:\/\/noticiasmercedinas.com\/site\/wp-json\/wp\/v2\/posts\/112536\/revisions\/112538"}],"wp:featuredmedia":[{"embeddable":true,"href":"https:\/\/noticiasmercedinas.com\/site\/wp-json\/wp\/v2\/media\/112537"}],"wp:attachment":[{"href":"https:\/\/noticiasmercedinas.com\/site\/wp-json\/wp\/v2\/media?parent=112536"}],"wp:term":[{"taxonomy":"category","embeddable":true,"href":"https:\/\/noticiasmercedinas.com\/site\/wp-json\/wp\/v2\/categories?post=112536"},{"taxonomy":"post_tag","embeddable":true,"href":"https:\/\/noticiasmercedinas.com\/site\/wp-json\/wp\/v2\/tags?post=112536"}],"curies":[{"name":"wp","href":"https:\/\/api.w.org\/{rel}","templated":true}]}}