{"id":112612,"date":"2023-04-12T08:19:13","date_gmt":"2023-04-12T11:19:13","guid":{"rendered":"https:\/\/noticiasmercedinas.com\/site\/?p=112612"},"modified":"2023-04-12T08:19:13","modified_gmt":"2023-04-12T11:19:13","slug":"entregaron-desde-la-comuna-un-subsidio-al-espacio-el-cruce-del-arte","status":"publish","type":"post","link":"https:\/\/noticiasmercedinas.com\/site\/2023\/04\/12\/entregaron-desde-la-comuna-un-subsidio-al-espacio-el-cruce-del-arte\/","title":{"rendered":"Entregaron desde la comuna un subsidio al espacio \u00abEl Cruce del Arte\u00bb"},"content":{"rendered":"<p><img loading=\"lazy\" decoding=\"async\" class=\"alignnone size-full wp-image-112613\" src=\"https:\/\/noticiasmercedinas.com\/site\/wp-content\/uploads\/2023\/04\/Ftb4Yp7WIAUAD5v.jpeg\" alt=\"\" width=\"640\" height=\"446\" srcset=\"https:\/\/noticiasmercedinas.com\/site\/wp-content\/uploads\/2023\/04\/Ftb4Yp7WIAUAD5v.jpeg 640w, https:\/\/noticiasmercedinas.com\/site\/wp-content\/uploads\/2023\/04\/Ftb4Yp7WIAUAD5v-300x209.jpeg 300w\" sizes=\"auto, (max-width: 640px) 100vw, 640px\" \/><\/p>\n<p>El Municipio de Mercedes contin\u00faa con su activa pol\u00edtica de apoyo e impulso de la cultura en nuestra ciudad. A trav\u00e9s de la Direcci\u00f3n de Cultura entreg\u00f3 un subsidio al centro cultural \u201cEl Cruce del Arte\u201d que ser\u00e1 utilizado para el mejoramiento del piso de su espacio.<\/p>\n<p>Al respecto el intendente <strong>Juan Ignacio Ustarroz<\/strong> manifest\u00f3 que \u00abla agenda cultural necesariamente tiene que ser con todas las instituciones y colectivos que trabajan la cultura en la ciudad de Mercedes\u00bb: \u00abEl Cruce es un espacio que desde hace mucho tiempo viene desarrollando actividades culturales, con mucha concurrencia de chicos y chicas\u00bb, destac\u00f3.<\/p>\n<p>\u201cPara nosotros es un orgullo poder trabajar y articular con la mayor cantidad de actores culturales de la ciudad de Mercedes\u201d remarc\u00f3 el intendente Ustarroz y agreg\u00f3 que \u201cla pandemia nos dej\u00f3 una ense\u00f1anza, que nos hace invertir m\u00e1s en cultura, generar espacios, y en este sentido, siempre es muy productivo, todo lo que se lleva adelante y que beneficia a toda la comunidad\u201d.<\/p>\n<p><strong>Lucia Capaccio<\/strong>, directora de Cultura, se\u00f1al\u00f3 su alegr\u00eda de \u201cpoder estar acompa\u00f1ando al Cruce, reconocer el trabajo que viene haciendo desde hace much\u00edsimos a\u00f1os\u201d: \u201cNos parece que esta pol\u00edtica cultural que estamos llevando adelante desde el Municipio de Mercedes, contribuye a todo lo que se est\u00e1 haciendo, por lo que seguiremos acompa\u00f1ando esta propuesta que viene desarrollando el Cruce\u201d, dijo.<\/p>\n<p><strong>Mauricio Castro<\/strong>, quien es parte del Centro Cultural Cruce del Arte, cont\u00f3 que \u201ca este subsidio lo vamos a utilizar para vestir el piso del sal\u00f3n con un piso vin\u00edlico, de encastre y larga duraci\u00f3n, ya que es resistente al agua, para las distintas danzas. Ven\u00edamos con este proyecto hace rato pero no est\u00e1bamos pudendo concretarlo, pero gracias a esta ayuda del Municipio de Mercedes lo vamos a poder hacer\u201d.<\/p>\n<p>Por su parte, <strong>Bel\u00e9n Montenegro<\/strong>, otra de las integrantes del Centro Cultural, indic\u00f3: \u201cLlevamos adelante clases de danza y acrobacia a\u00e9rea y este nuevo piso nos va a permitir desarrollar de una mejor manera cada una de las actividades, por lo que estamos muy felices\u201d.<\/p>\n","protected":false},"excerpt":{"rendered":"<p>\u25a0 Les servir\u00e1 para colocar un nuevo piso vin\u00edlico. El intendente Juan Ustarroz y la directora de Cultura, Luc\u00eda Capaccio, destacaron el rol que cumple esta instituci\u00f3n independiente.<\/p>\n","protected":false},"author":16,"featured_media":112613,"comment_status":"closed","ping_status":"closed","sticky":false,"template":"","format":"standard","meta":{"footnotes":""},"categories":[4],"tags":[3344,238,2192,7241],"class_list":["post-112612","post","type-post","status-publish","format-standard","has-post-thumbnail","hentry","category-cultura","tag-belen-montenegro","tag-el-cruce-del-arte","tag-lucia-capaccio","tag-mauricio-castro"],"yoast_head":"<!-- This site is optimized with the Yoast SEO plugin v27.5 - https:\/\/yoast.com\/product\/yoast-seo-wordpress\/ -->\n<title>Entregaron desde la comuna un subsidio al espacio &quot;El Cruce del Arte&quot;<\/title>\n<meta name=\"robots\" content=\"index, follow, max-snippet:-1, max-image-preview:large, max-video-preview:-1\" \/>\n<link rel=\"canonical\" href=\"https:\/\/noticiasmercedinas.com\/site\/2023\/04\/12\/entregaron-desde-la-comuna-un-subsidio-al-espacio-el-cruce-del-arte\/\" \/>\n<meta property=\"og:locale\" content=\"es_ES\" \/>\n<meta property=\"og:type\" content=\"article\" \/>\n<meta property=\"og:title\" content=\"Entregaron desde la comuna un subsidio al espacio &quot;El Cruce del Arte&quot;\" \/>\n<meta property=\"og:description\" content=\"\u25a0 Les servir\u00e1 para colocar un nuevo piso vin\u00edlico. El intendente Juan Ustarroz y la directora de Cultura, Luc\u00eda Capaccio, destacaron el rol que cumple esta instituci\u00f3n independiente.\" \/>\n<meta property=\"og:url\" content=\"https:\/\/noticiasmercedinas.com\/site\/2023\/04\/12\/entregaron-desde-la-comuna-un-subsidio-al-espacio-el-cruce-del-arte\/\" \/>\n<meta property=\"og:site_name\" content=\"NOTICIASMERCEDINAS.COM\" \/>\n<meta property=\"article:publisher\" content=\"https:\/\/www.facebook.com\/noticiasmercedinas\/\" \/>\n<meta property=\"article:published_time\" content=\"2023-04-12T11:19:13+00:00\" \/>\n<meta property=\"og:image\" content=\"https:\/\/noticiasmercedinas.com\/site\/wp-content\/uploads\/2023\/04\/Ftb4Yp7WIAUAD5v.jpeg\" \/>\n\t<meta property=\"og:image:width\" content=\"640\" \/>\n\t<meta property=\"og:image:height\" content=\"446\" \/>\n\t<meta property=\"og:image:type\" content=\"image\/jpeg\" \/>\n<meta name=\"author\" content=\"NOTICIASMERCEDINAS.COM\" \/>\n<meta name=\"twitter:card\" content=\"summary_large_image\" \/>\n<meta name=\"twitter:creator\" content=\"@notmercedinas\" \/>\n<meta name=\"twitter:site\" content=\"@notmercedinas\" \/>\n<meta name=\"twitter:label1\" content=\"Escrito por\" \/>\n\t<meta name=\"twitter:data1\" content=\"NOTICIASMERCEDINAS.COM\" \/>\n\t<meta name=\"twitter:label2\" content=\"Tiempo de lectura\" \/>\n\t<meta name=\"twitter:data2\" content=\"2 minutos\" \/>\n<script type=\"application\/ld+json\" class=\"yoast-schema-graph\">{\"@context\":\"https:\\\/\\\/schema.org\",\"@graph\":[{\"@type\":\"Article\",\"@id\":\"https:\\\/\\\/noticiasmercedinas.com\\\/site\\\/2023\\\/04\\\/12\\\/entregaron-desde-la-comuna-un-subsidio-al-espacio-el-cruce-del-arte\\\/#article\",\"isPartOf\":{\"@id\":\"https:\\\/\\\/noticiasmercedinas.com\\\/site\\\/2023\\\/04\\\/12\\\/entregaron-desde-la-comuna-un-subsidio-al-espacio-el-cruce-del-arte\\\/\"},\"author\":{\"name\":\"NOTICIASMERCEDINAS.COM\",\"@id\":\"https:\\\/\\\/noticiasmercedinas.com\\\/site\\\/#\\\/schema\\\/person\\\/84b59c099c28ff2e8b77d4ceec5d8063\"},\"headline\":\"Entregaron desde la comuna un subsidio al espacio \u00abEl Cruce del Arte\u00bb\",\"datePublished\":\"2023-04-12T11:19:13+00:00\",\"mainEntityOfPage\":{\"@id\":\"https:\\\/\\\/noticiasmercedinas.com\\\/site\\\/2023\\\/04\\\/12\\\/entregaron-desde-la-comuna-un-subsidio-al-espacio-el-cruce-del-arte\\\/\"},\"wordCount\":371,\"publisher\":{\"@id\":\"https:\\\/\\\/noticiasmercedinas.com\\\/site\\\/#organization\"},\"image\":{\"@id\":\"https:\\\/\\\/noticiasmercedinas.com\\\/site\\\/2023\\\/04\\\/12\\\/entregaron-desde-la-comuna-un-subsidio-al-espacio-el-cruce-del-arte\\\/#primaryimage\"},\"thumbnailUrl\":\"https:\\\/\\\/noticiasmercedinas.com\\\/site\\\/wp-content\\\/uploads\\\/2023\\\/04\\\/Ftb4Yp7WIAUAD5v.jpeg\",\"keywords\":[\"belen montenegro\",\"el cruce del arte\",\"Luc\u00eda Capaccio\",\"Mauricio Castro\"],\"articleSection\":[\"Cultura\"],\"inLanguage\":\"es\"},{\"@type\":\"WebPage\",\"@id\":\"https:\\\/\\\/noticiasmercedinas.com\\\/site\\\/2023\\\/04\\\/12\\\/entregaron-desde-la-comuna-un-subsidio-al-espacio-el-cruce-del-arte\\\/\",\"url\":\"https:\\\/\\\/noticiasmercedinas.com\\\/site\\\/2023\\\/04\\\/12\\\/entregaron-desde-la-comuna-un-subsidio-al-espacio-el-cruce-del-arte\\\/\",\"name\":\"Entregaron desde la comuna un subsidio al espacio \\\"El Cruce del Arte\\\"\",\"isPartOf\":{\"@id\":\"https:\\\/\\\/noticiasmercedinas.com\\\/site\\\/#website\"},\"primaryImageOfPage\":{\"@id\":\"https:\\\/\\\/noticiasmercedinas.com\\\/site\\\/2023\\\/04\\\/12\\\/entregaron-desde-la-comuna-un-subsidio-al-espacio-el-cruce-del-arte\\\/#primaryimage\"},\"image\":{\"@id\":\"https:\\\/\\\/noticiasmercedinas.com\\\/site\\\/2023\\\/04\\\/12\\\/entregaron-desde-la-comuna-un-subsidio-al-espacio-el-cruce-del-arte\\\/#primaryimage\"},\"thumbnailUrl\":\"https:\\\/\\\/noticiasmercedinas.com\\\/site\\\/wp-content\\\/uploads\\\/2023\\\/04\\\/Ftb4Yp7WIAUAD5v.jpeg\",\"datePublished\":\"2023-04-12T11:19:13+00:00\",\"breadcrumb\":{\"@id\":\"https:\\\/\\\/noticiasmercedinas.com\\\/site\\\/2023\\\/04\\\/12\\\/entregaron-desde-la-comuna-un-subsidio-al-espacio-el-cruce-del-arte\\\/#breadcrumb\"},\"inLanguage\":\"es\",\"potentialAction\":[{\"@type\":\"ReadAction\",\"target\":[\"https:\\\/\\\/noticiasmercedinas.com\\\/site\\\/2023\\\/04\\\/12\\\/entregaron-desde-la-comuna-un-subsidio-al-espacio-el-cruce-del-arte\\\/\"]}]},{\"@type\":\"ImageObject\",\"inLanguage\":\"es\",\"@id\":\"https:\\\/\\\/noticiasmercedinas.com\\\/site\\\/2023\\\/04\\\/12\\\/entregaron-desde-la-comuna-un-subsidio-al-espacio-el-cruce-del-arte\\\/#primaryimage\",\"url\":\"https:\\\/\\\/noticiasmercedinas.com\\\/site\\\/wp-content\\\/uploads\\\/2023\\\/04\\\/Ftb4Yp7WIAUAD5v.jpeg\",\"contentUrl\":\"https:\\\/\\\/noticiasmercedinas.com\\\/site\\\/wp-content\\\/uploads\\\/2023\\\/04\\\/Ftb4Yp7WIAUAD5v.jpeg\",\"width\":640,\"height\":446},{\"@type\":\"BreadcrumbList\",\"@id\":\"https:\\\/\\\/noticiasmercedinas.com\\\/site\\\/2023\\\/04\\\/12\\\/entregaron-desde-la-comuna-un-subsidio-al-espacio-el-cruce-del-arte\\\/#breadcrumb\",\"itemListElement\":[{\"@type\":\"ListItem\",\"position\":1,\"name\":\"Portada\",\"item\":\"https:\\\/\\\/noticiasmercedinas.com\\\/site\\\/\"},{\"@type\":\"ListItem\",\"position\":2,\"name\":\"Entregaron desde la comuna un subsidio al espacio \u00abEl Cruce del Arte\u00bb\"}]},{\"@type\":\"WebSite\",\"@id\":\"https:\\\/\\\/noticiasmercedinas.com\\\/site\\\/#website\",\"url\":\"https:\\\/\\\/noticiasmercedinas.com\\\/site\\\/\",\"name\":\"NOTICIASMERCEDINAS.COM\",\"description\":\"Mercedes, Buenos Aires, Argentina\",\"publisher\":{\"@id\":\"https:\\\/\\\/noticiasmercedinas.com\\\/site\\\/#organization\"},\"potentialAction\":[{\"@type\":\"SearchAction\",\"target\":{\"@type\":\"EntryPoint\",\"urlTemplate\":\"https:\\\/\\\/noticiasmercedinas.com\\\/site\\\/?s={search_term_string}\"},\"query-input\":{\"@type\":\"PropertyValueSpecification\",\"valueRequired\":true,\"valueName\":\"search_term_string\"}}],\"inLanguage\":\"es\"},{\"@type\":\"Organization\",\"@id\":\"https:\\\/\\\/noticiasmercedinas.com\\\/site\\\/#organization\",\"name\":\"NOTICIASMERCEDINAS.COM\",\"url\":\"https:\\\/\\\/noticiasmercedinas.com\\\/site\\\/\",\"logo\":{\"@type\":\"ImageObject\",\"inLanguage\":\"es\",\"@id\":\"https:\\\/\\\/noticiasmercedinas.com\\\/site\\\/#\\\/schema\\\/logo\\\/image\\\/\",\"url\":\"https:\\\/\\\/noticiasmercedinas.com\\\/site\\\/wp-content\\\/uploads\\\/2020\\\/06\\\/LOGO-512.jpg\",\"contentUrl\":\"https:\\\/\\\/noticiasmercedinas.com\\\/site\\\/wp-content\\\/uploads\\\/2020\\\/06\\\/LOGO-512.jpg\",\"width\":512,\"height\":512,\"caption\":\"NOTICIASMERCEDINAS.COM\"},\"image\":{\"@id\":\"https:\\\/\\\/noticiasmercedinas.com\\\/site\\\/#\\\/schema\\\/logo\\\/image\\\/\"},\"sameAs\":[\"https:\\\/\\\/www.facebook.com\\\/noticiasmercedinas\\\/\",\"https:\\\/\\\/x.com\\\/notmercedinas\",\"https:\\\/\\\/www.instagram.com\\\/noticiasmercedinas\\\/\"]},{\"@type\":\"Person\",\"@id\":\"https:\\\/\\\/noticiasmercedinas.com\\\/site\\\/#\\\/schema\\\/person\\\/84b59c099c28ff2e8b77d4ceec5d8063\",\"name\":\"NOTICIASMERCEDINAS.COM\",\"image\":{\"@type\":\"ImageObject\",\"inLanguage\":\"es\",\"@id\":\"https:\\\/\\\/secure.gravatar.com\\\/avatar\\\/4dfbf16b4d17945bfb6341b2d19043457132fcf478a5ee04f42e959fd8f5df0a?s=96&d=mm&r=g\",\"url\":\"https:\\\/\\\/secure.gravatar.com\\\/avatar\\\/4dfbf16b4d17945bfb6341b2d19043457132fcf478a5ee04f42e959fd8f5df0a?s=96&d=mm&r=g\",\"contentUrl\":\"https:\\\/\\\/secure.gravatar.com\\\/avatar\\\/4dfbf16b4d17945bfb6341b2d19043457132fcf478a5ee04f42e959fd8f5df0a?s=96&d=mm&r=g\",\"caption\":\"NOTICIASMERCEDINAS.COM\"},\"url\":\"https:\\\/\\\/noticiasmercedinas.com\\\/site\\\/author\\\/anonimo\\\/\"}]}<\/script>\n<!-- \/ Yoast SEO plugin. -->","yoast_head_json":{"title":"Entregaron desde la comuna un subsidio al espacio \"El Cruce del Arte\"","robots":{"index":"index","follow":"follow","max-snippet":"max-snippet:-1","max-image-preview":"max-image-preview:large","max-video-preview":"max-video-preview:-1"},"canonical":"https:\/\/noticiasmercedinas.com\/site\/2023\/04\/12\/entregaron-desde-la-comuna-un-subsidio-al-espacio-el-cruce-del-arte\/","og_locale":"es_ES","og_type":"article","og_title":"Entregaron desde la comuna un subsidio al espacio \"El Cruce del Arte\"","og_description":"\u25a0 Les servir\u00e1 para colocar un nuevo piso vin\u00edlico. El intendente Juan Ustarroz y la directora de Cultura, Luc\u00eda Capaccio, destacaron el rol que cumple esta instituci\u00f3n independiente.","og_url":"https:\/\/noticiasmercedinas.com\/site\/2023\/04\/12\/entregaron-desde-la-comuna-un-subsidio-al-espacio-el-cruce-del-arte\/","og_site_name":"NOTICIASMERCEDINAS.COM","article_publisher":"https:\/\/www.facebook.com\/noticiasmercedinas\/","article_published_time":"2023-04-12T11:19:13+00:00","og_image":[{"width":640,"height":446,"url":"https:\/\/noticiasmercedinas.com\/site\/wp-content\/uploads\/2023\/04\/Ftb4Yp7WIAUAD5v.jpeg","type":"image\/jpeg"}],"author":"NOTICIASMERCEDINAS.COM","twitter_card":"summary_large_image","twitter_creator":"@notmercedinas","twitter_site":"@notmercedinas","twitter_misc":{"Escrito por":"NOTICIASMERCEDINAS.COM","Tiempo de lectura":"2 minutos"},"schema":{"@context":"https:\/\/schema.org","@graph":[{"@type":"Article","@id":"https:\/\/noticiasmercedinas.com\/site\/2023\/04\/12\/entregaron-desde-la-comuna-un-subsidio-al-espacio-el-cruce-del-arte\/#article","isPartOf":{"@id":"https:\/\/noticiasmercedinas.com\/site\/2023\/04\/12\/entregaron-desde-la-comuna-un-subsidio-al-espacio-el-cruce-del-arte\/"},"author":{"name":"NOTICIASMERCEDINAS.COM","@id":"https:\/\/noticiasmercedinas.com\/site\/#\/schema\/person\/84b59c099c28ff2e8b77d4ceec5d8063"},"headline":"Entregaron desde la comuna un subsidio al espacio \u00abEl Cruce del Arte\u00bb","datePublished":"2023-04-12T11:19:13+00:00","mainEntityOfPage":{"@id":"https:\/\/noticiasmercedinas.com\/site\/2023\/04\/12\/entregaron-desde-la-comuna-un-subsidio-al-espacio-el-cruce-del-arte\/"},"wordCount":371,"publisher":{"@id":"https:\/\/noticiasmercedinas.com\/site\/#organization"},"image":{"@id":"https:\/\/noticiasmercedinas.com\/site\/2023\/04\/12\/entregaron-desde-la-comuna-un-subsidio-al-espacio-el-cruce-del-arte\/#primaryimage"},"thumbnailUrl":"https:\/\/noticiasmercedinas.com\/site\/wp-content\/uploads\/2023\/04\/Ftb4Yp7WIAUAD5v.jpeg","keywords":["belen montenegro","el cruce del arte","Luc\u00eda Capaccio","Mauricio Castro"],"articleSection":["Cultura"],"inLanguage":"es"},{"@type":"WebPage","@id":"https:\/\/noticiasmercedinas.com\/site\/2023\/04\/12\/entregaron-desde-la-comuna-un-subsidio-al-espacio-el-cruce-del-arte\/","url":"https:\/\/noticiasmercedinas.com\/site\/2023\/04\/12\/entregaron-desde-la-comuna-un-subsidio-al-espacio-el-cruce-del-arte\/","name":"Entregaron desde la comuna un subsidio al espacio \"El Cruce del Arte\"","isPartOf":{"@id":"https:\/\/noticiasmercedinas.com\/site\/#website"},"primaryImageOfPage":{"@id":"https:\/\/noticiasmercedinas.com\/site\/2023\/04\/12\/entregaron-desde-la-comuna-un-subsidio-al-espacio-el-cruce-del-arte\/#primaryimage"},"image":{"@id":"https:\/\/noticiasmercedinas.com\/site\/2023\/04\/12\/entregaron-desde-la-comuna-un-subsidio-al-espacio-el-cruce-del-arte\/#primaryimage"},"thumbnailUrl":"https:\/\/noticiasmercedinas.com\/site\/wp-content\/uploads\/2023\/04\/Ftb4Yp7WIAUAD5v.jpeg","datePublished":"2023-04-12T11:19:13+00:00","breadcrumb":{"@id":"https:\/\/noticiasmercedinas.com\/site\/2023\/04\/12\/entregaron-desde-la-comuna-un-subsidio-al-espacio-el-cruce-del-arte\/#breadcrumb"},"inLanguage":"es","potentialAction":[{"@type":"ReadAction","target":["https:\/\/noticiasmercedinas.com\/site\/2023\/04\/12\/entregaron-desde-la-comuna-un-subsidio-al-espacio-el-cruce-del-arte\/"]}]},{"@type":"ImageObject","inLanguage":"es","@id":"https:\/\/noticiasmercedinas.com\/site\/2023\/04\/12\/entregaron-desde-la-comuna-un-subsidio-al-espacio-el-cruce-del-arte\/#primaryimage","url":"https:\/\/noticiasmercedinas.com\/site\/wp-content\/uploads\/2023\/04\/Ftb4Yp7WIAUAD5v.jpeg","contentUrl":"https:\/\/noticiasmercedinas.com\/site\/wp-content\/uploads\/2023\/04\/Ftb4Yp7WIAUAD5v.jpeg","width":640,"height":446},{"@type":"BreadcrumbList","@id":"https:\/\/noticiasmercedinas.com\/site\/2023\/04\/12\/entregaron-desde-la-comuna-un-subsidio-al-espacio-el-cruce-del-arte\/#breadcrumb","itemListElement":[{"@type":"ListItem","position":1,"name":"Portada","item":"https:\/\/noticiasmercedinas.com\/site\/"},{"@type":"ListItem","position":2,"name":"Entregaron desde la comuna un subsidio al espacio \u00abEl Cruce del Arte\u00bb"}]},{"@type":"WebSite","@id":"https:\/\/noticiasmercedinas.com\/site\/#website","url":"https:\/\/noticiasmercedinas.com\/site\/","name":"NOTICIASMERCEDINAS.COM","description":"Mercedes, Buenos Aires, Argentina","publisher":{"@id":"https:\/\/noticiasmercedinas.com\/site\/#organization"},"potentialAction":[{"@type":"SearchAction","target":{"@type":"EntryPoint","urlTemplate":"https:\/\/noticiasmercedinas.com\/site\/?s={search_term_string}"},"query-input":{"@type":"PropertyValueSpecification","valueRequired":true,"valueName":"search_term_string"}}],"inLanguage":"es"},{"@type":"Organization","@id":"https:\/\/noticiasmercedinas.com\/site\/#organization","name":"NOTICIASMERCEDINAS.COM","url":"https:\/\/noticiasmercedinas.com\/site\/","logo":{"@type":"ImageObject","inLanguage":"es","@id":"https:\/\/noticiasmercedinas.com\/site\/#\/schema\/logo\/image\/","url":"https:\/\/noticiasmercedinas.com\/site\/wp-content\/uploads\/2020\/06\/LOGO-512.jpg","contentUrl":"https:\/\/noticiasmercedinas.com\/site\/wp-content\/uploads\/2020\/06\/LOGO-512.jpg","width":512,"height":512,"caption":"NOTICIASMERCEDINAS.COM"},"image":{"@id":"https:\/\/noticiasmercedinas.com\/site\/#\/schema\/logo\/image\/"},"sameAs":["https:\/\/www.facebook.com\/noticiasmercedinas\/","https:\/\/x.com\/notmercedinas","https:\/\/www.instagram.com\/noticiasmercedinas\/"]},{"@type":"Person","@id":"https:\/\/noticiasmercedinas.com\/site\/#\/schema\/person\/84b59c099c28ff2e8b77d4ceec5d8063","name":"NOTICIASMERCEDINAS.COM","image":{"@type":"ImageObject","inLanguage":"es","@id":"https:\/\/secure.gravatar.com\/avatar\/4dfbf16b4d17945bfb6341b2d19043457132fcf478a5ee04f42e959fd8f5df0a?s=96&d=mm&r=g","url":"https:\/\/secure.gravatar.com\/avatar\/4dfbf16b4d17945bfb6341b2d19043457132fcf478a5ee04f42e959fd8f5df0a?s=96&d=mm&r=g","contentUrl":"https:\/\/secure.gravatar.com\/avatar\/4dfbf16b4d17945bfb6341b2d19043457132fcf478a5ee04f42e959fd8f5df0a?s=96&d=mm&r=g","caption":"NOTICIASMERCEDINAS.COM"},"url":"https:\/\/noticiasmercedinas.com\/site\/author\/anonimo\/"}]}},"amp_enabled":true,"_links":{"self":[{"href":"https:\/\/noticiasmercedinas.com\/site\/wp-json\/wp\/v2\/posts\/112612","targetHints":{"allow":["GET"]}}],"collection":[{"href":"https:\/\/noticiasmercedinas.com\/site\/wp-json\/wp\/v2\/posts"}],"about":[{"href":"https:\/\/noticiasmercedinas.com\/site\/wp-json\/wp\/v2\/types\/post"}],"author":[{"embeddable":true,"href":"https:\/\/noticiasmercedinas.com\/site\/wp-json\/wp\/v2\/users\/16"}],"replies":[{"embeddable":true,"href":"https:\/\/noticiasmercedinas.com\/site\/wp-json\/wp\/v2\/comments?post=112612"}],"version-history":[{"count":1,"href":"https:\/\/noticiasmercedinas.com\/site\/wp-json\/wp\/v2\/posts\/112612\/revisions"}],"predecessor-version":[{"id":112614,"href":"https:\/\/noticiasmercedinas.com\/site\/wp-json\/wp\/v2\/posts\/112612\/revisions\/112614"}],"wp:featuredmedia":[{"embeddable":true,"href":"https:\/\/noticiasmercedinas.com\/site\/wp-json\/wp\/v2\/media\/112613"}],"wp:attachment":[{"href":"https:\/\/noticiasmercedinas.com\/site\/wp-json\/wp\/v2\/media?parent=112612"}],"wp:term":[{"taxonomy":"category","embeddable":true,"href":"https:\/\/noticiasmercedinas.com\/site\/wp-json\/wp\/v2\/categories?post=112612"},{"taxonomy":"post_tag","embeddable":true,"href":"https:\/\/noticiasmercedinas.com\/site\/wp-json\/wp\/v2\/tags?post=112612"}],"curies":[{"name":"wp","href":"https:\/\/api.w.org\/{rel}","templated":true}]}}