{"id":112708,"date":"2023-04-13T17:56:42","date_gmt":"2023-04-13T20:56:42","guid":{"rendered":"https:\/\/noticiasmercedinas.com\/site\/?p=112708"},"modified":"2023-04-13T17:56:42","modified_gmt":"2023-04-13T20:56:42","slug":"de-pedro-llamo-a-celebrar-un-gran-acuerdo-para-que-la-industria-argentina-forme-parte-de-los-consensos","status":"publish","type":"post","link":"https:\/\/noticiasmercedinas.com\/site\/2023\/04\/13\/de-pedro-llamo-a-celebrar-un-gran-acuerdo-para-que-la-industria-argentina-forme-parte-de-los-consensos\/","title":{"rendered":"De Pedro llam\u00f3 a \u201ccelebrar un gran acuerdo para que la industria argentina forme parte de los consensos\u201d"},"content":{"rendered":"<p><img loading=\"lazy\" decoding=\"async\" class=\"alignnone size-full wp-image-112710\" src=\"https:\/\/noticiasmercedinas.com\/site\/wp-content\/uploads\/2023\/04\/3-INT_9376.jpg\" alt=\"\" width=\"640\" height=\"429\" srcset=\"https:\/\/noticiasmercedinas.com\/site\/wp-content\/uploads\/2023\/04\/3-INT_9376.jpg 640w, https:\/\/noticiasmercedinas.com\/site\/wp-content\/uploads\/2023\/04\/3-INT_9376-300x201.jpg 300w, https:\/\/noticiasmercedinas.com\/site\/wp-content\/uploads\/2023\/04\/3-INT_9376-537x360.jpg 537w\" sizes=\"auto, (max-width: 640px) 100vw, 640px\" \/><\/p>\n<p>El ministro del Interior, <strong>Wado de Pedro<\/strong>, visit\u00f3 la provincia de Catamarca donde, junto al gobernador provincial, <strong>Ra\u00fal Jalil<\/strong>, inaugur\u00f3 una f\u00e1brica textil de medias proveedora de Adidas, y recorri\u00f3 otra planta de producci\u00f3n de indumentaria deportiva. Adem\u00e1s, el titular de Interior firm\u00f3 un convenio para la cesi\u00f3n del Complejo Fronterizo Las Grutas (correspondiente al Centro de Frontera San Francisco), por parte de la provincia de Catamarca al Estado nacional.<\/p>\n<p>En ese contexto, el titular de Interior plante\u00f3 la necesidad de \u201chacer un gran acuerdo nacional que permita definir que la industria argentina, que es la que genera trabajo, sea parte de los consensos b\u00e1sicos\u201d.<\/p>\n<p>En el primer tramo de su visita a Catamarca, Wado de Pedro se acerc\u00f3 al parque industrial \u201cEl Pantanillo\u201d para inaugurar -junto al gobernador Jalil- la f\u00e1brica textil de medias Rocotex, perteneciente al grupo Derwill (fabricante oficial de Adidas).<\/p>\n<p>\u201cSabemos que todav\u00eda falta, que el salario tiene que ganarle a la inflaci\u00f3n, pero ese modelo de mercado interno, industria nacional y trabajo argentino tiene que ser un c\u00edrculo virtuoso y debe perdurar\u201d, sentenci\u00f3 de Pedro.<\/p>\n<p>\u201cLa felicidad de una familia, de los trabajadores y las trabajadoras, de algo tan b\u00e1sico como es un modelo productivo, tiene que estar por fuera de los vaivenes de la pol\u00edtica: eso significa ponernos de acuerdo en cu\u00e1l es el modelo productivo de la Argentina\u201d, a\u00f1adi\u00f3 de Pedro durante el recorrido, del que tambi\u00e9n participaron la subsecretaria de Pol\u00edticas para el Desarrollo con Equidad Regional del Ministerio del Interior, Paula Espa\u00f1ol; el director nacional de Fronteras de esa misma dependencia, Adri\u00e1n L\u00f3pez; el vicegobernador de Catamarca, Rub\u00e9n Dusso; el ministro de Industria, Comercio y Empleo provincial, Lisandro \u00c1lvarez; el director de Asuntos P\u00fablicos de Adidas Argentina, Santiago Moreno Hueyo; y el CEO de Rocotex, Marcelo L\u00f3pez Imizcoz.<\/p>\n<p><img loading=\"lazy\" decoding=\"async\" class=\"alignnone size-full wp-image-112709\" src=\"https:\/\/noticiasmercedinas.com\/site\/wp-content\/uploads\/2023\/04\/1-INT_9151.jpg\" alt=\"\" width=\"640\" height=\"427\" srcset=\"https:\/\/noticiasmercedinas.com\/site\/wp-content\/uploads\/2023\/04\/1-INT_9151.jpg 640w, https:\/\/noticiasmercedinas.com\/site\/wp-content\/uploads\/2023\/04\/1-INT_9151-300x200.jpg 300w\" sizes=\"auto, (max-width: 640px) 100vw, 640px\" \/><\/p>\n<p>En otro tramo, el titular de la cartera de Interior llam\u00f3 al empresariado \u201ca participar m\u00e1s en la discusi\u00f3n sobre cu\u00e1l es el modelo de pa\u00eds que necesitamos\u201d, ya que \u201custedes tienen que ser parte de la discusi\u00f3n sobre cu\u00e1l es el modelo productivo de la Argentina\u201d, de modo de apuntar \u201ca que el futuro del sector industrial no dependa del resultado de una elecci\u00f3n\u201d.<\/p>\n<p>En ese sentido, ponder\u00f3 que \u201cCatamarca y el Norte argentino constituyen un ejemplo de los acuerdos que hacen falta en la Argentina, donde definamos una matriz productiva para que nuestro pueblo pueda ser feliz\u201d.<\/p>\n<p>Para concluir, Wado de Pedro se\u00f1al\u00f3: \u201cEmpresarios y dirigentes debemos defender un modelo de pa\u00eds que sea inclusivo y que genere trabajo, inversi\u00f3n, felicidad, educaci\u00f3n y salud, en paz, sin prender fuego nada, trabajando y siendo felices\u201d.<\/p>\n<p>En el marco de esta inauguraci\u00f3n, Wado de Pedro y Ra\u00fal Jalil firmaron un convenio para la cesi\u00f3n del Complejo Fronterizo Las Grutas (correspondiente al Centro de Frontera San Francisco), por parte de la provincia de Catamarca al Estado nacional.<\/p>\n<p>En esta parte de la visita, el funcionario del Ejecutivo destac\u00f3 que el convenio posibilitar\u00e1 \u201cponer en valor un paso fronterizo que posibilitar\u00e1 mejores condiciones para que ese producto argentino con ese trabajo argentino pueda llegar a Chile\u201d. Al tiempo que valor\u00f3 el consenso surgido entre todos los gobernadores del Norte argentino para el desarrollo de los corredores bioce\u00e1nicos, \u201cgenerando obras de infraestructura para que la log\u00edstica y el transporte de nuestros productos sean m\u00e1s eficientes\u201d.<\/p>\n<p>Mientras que Ra\u00fal Jalil agradeci\u00f3 la celebraci\u00f3n de este acuerdo, \u201cque permitir\u00e1 que muchas empresas locales orienten sus exportaciones a Chile y tambi\u00e9n a Asia\u201d.<\/p>\n<p>Asimismo, y tras destacar que \u201cla industria textil siempre ha sido importante en Catamarca, Jalil record\u00f3 que durante la anterior gesti\u00f3n de Gobierno del expresidente Mauricio Macri \u201ctoda esta f\u00e1brica era un lugar vac\u00edo, y ahora, de a poco, vamos construyendo nuevas f\u00e1bricas\u201d.<\/p>\n<p>\u201cSe han creado casi 10.000 empleos privados, producto de la actividad de la industria textil, de la miner\u00eda, de la construcci\u00f3n y del turismo.\u201d<\/p>\n<p>\u201cVenimos invirtiendo en parques industriales aunando esfuerzos nacionales, provinciales y municipales\u201d, destac\u00f3 Jalil.<\/p>\n<p>A su turno, Lisandro \u00c1lvarez apunt\u00f3 que, para la radicaci\u00f3n de polos industriales, la provincia de Catamarca ofrece \u201cherramientas, beneficios e incentivos, pero conuna fiscalizaci\u00f3n inteligente del Estado\u201d, lo que hace que \u201cesos incentivos se traduzcan en inversiones reales y concretas\u201d.<\/p>\n<p>\u201cEn el transcurso de esta gesti\u00f3n, la provincia lleva radicadas m\u00e1s de 35 industrias, solamente contando las manufactureras. Este a\u00f1o vamos a llegar a los 3.000 puestos de trabajo generados solo en este sector\u201d, a\u00f1adi\u00f3 \u00c1lvarez, para luego concluir que \u201cel apoyo al sector industrial, que es el generador de empleo privado m\u00e1s importante del pa\u00eds, es una decisi\u00f3n pol\u00edtica que tuvo nuestro gobernador, y hoy esto es una realidad\u201d.<\/p>\n<p>Por su parte, Santiago Moreno Hueyo recalc\u00f3 que \u201cesta planta es un orgullo, porque posibilitar\u00e1 exportar las medias de la marca al principal mercado de Latinoam\u00e9rica\u201d.<\/p>\n<p>\u201cNos interesa mucho estar cerca de los empresarios argentinos y acompa\u00f1ar su crecimiento. En ese sentido, reconocemos no s\u00f3lo al empresariado, sino tambi\u00e9n al gobernador, por todo lo que hacen para consolidar a la marca como un polo textil\u201d, concluy\u00f3 Moreno Hueyo.<\/p>\n<p>Asimismo, Wado de Pedro aprovech\u00f3 la visita para otorgar al gobernador provincial la distinci\u00f3n \u201cArgentina Federal\u201d, en reconocimiento al trabajo realizado por la provincia para la realizaci\u00f3n de una nueva edici\u00f3n de la feria artesanal \u201cManos Catamarque\u00f1as\u201d, celebrada en San Fernando del Valle de Catamarca, del 6 al 9 de abril.<\/p>\n<p>Por \u00faltimo, Wado de Pedro y Ra\u00fal Jalil visitaron la f\u00e1brica textil RA Intertading, donde dialogaron con los trabajadores, y recorrieron la planta de fabricaci\u00f3n de camisetas de f\u00fatbol, as\u00ed como las nuevas ampliaciones de la firma.<\/p>\n<p><img loading=\"lazy\" decoding=\"async\" class=\"alignnone size-full wp-image-112711\" src=\"https:\/\/noticiasmercedinas.com\/site\/wp-content\/uploads\/2023\/04\/6-INT_9458.jpg\" alt=\"\" width=\"640\" height=\"364\" srcset=\"https:\/\/noticiasmercedinas.com\/site\/wp-content\/uploads\/2023\/04\/6-INT_9458.jpg 640w, https:\/\/noticiasmercedinas.com\/site\/wp-content\/uploads\/2023\/04\/6-INT_9458-300x171.jpg 300w\" sizes=\"auto, (max-width: 640px) 100vw, 640px\" \/><\/p>\n","protected":false},"excerpt":{"rendered":"<p>\u25a0 En Catamarca, junto al gobernador provincial, Ra\u00fal Jalil, el ministro inaugur\u00f3 una f\u00e1brica textil de medias proveedora de Adidas, y recorri\u00f3 otra planta de producci\u00f3n de indumentaria deportiva.<\/p>\n","protected":false},"author":16,"featured_media":112710,"comment_status":"closed","ping_status":"closed","sticky":false,"template":"","format":"standard","meta":{"footnotes":""},"categories":[16],"tags":[13790,32,13939,4963],"class_list":["post-112708","post","type-post","status-publish","format-standard","has-post-thumbnail","hentry","category-politica","tag-catamarca","tag-produccion","tag-raul-jalil","tag-wado-de-pedro"],"yoast_head":"<!-- This site is optimized with the Yoast SEO plugin v27.5 - https:\/\/yoast.com\/product\/yoast-seo-wordpress\/ -->\n<title>De Pedro llam\u00f3 a \u201ccelebrar un gran acuerdo para que la industria argentina forme parte de los consensos\u201d<\/title>\n<meta name=\"robots\" content=\"index, follow, max-snippet:-1, max-image-preview:large, max-video-preview:-1\" \/>\n<link rel=\"canonical\" href=\"https:\/\/noticiasmercedinas.com\/site\/2023\/04\/13\/de-pedro-llamo-a-celebrar-un-gran-acuerdo-para-que-la-industria-argentina-forme-parte-de-los-consensos\/\" \/>\n<meta property=\"og:locale\" content=\"es_ES\" \/>\n<meta property=\"og:type\" content=\"article\" \/>\n<meta property=\"og:title\" content=\"De Pedro llam\u00f3 a \u201ccelebrar un gran acuerdo para que la industria argentina forme parte de los consensos\u201d\" \/>\n<meta property=\"og:description\" content=\"\u25a0 En Catamarca, junto al gobernador provincial, Ra\u00fal Jalil, el ministro inaugur\u00f3 una f\u00e1brica textil de medias proveedora de Adidas, y recorri\u00f3 otra planta de producci\u00f3n de indumentaria deportiva.\" \/>\n<meta property=\"og:url\" content=\"https:\/\/noticiasmercedinas.com\/site\/2023\/04\/13\/de-pedro-llamo-a-celebrar-un-gran-acuerdo-para-que-la-industria-argentina-forme-parte-de-los-consensos\/\" \/>\n<meta property=\"og:site_name\" content=\"NOTICIASMERCEDINAS.COM\" \/>\n<meta property=\"article:publisher\" content=\"https:\/\/www.facebook.com\/noticiasmercedinas\/\" \/>\n<meta property=\"article:published_time\" content=\"2023-04-13T20:56:42+00:00\" \/>\n<meta property=\"og:image\" content=\"https:\/\/noticiasmercedinas.com\/site\/wp-content\/uploads\/2023\/04\/3-INT_9376.jpg\" \/>\n\t<meta property=\"og:image:width\" content=\"640\" \/>\n\t<meta property=\"og:image:height\" content=\"429\" \/>\n\t<meta property=\"og:image:type\" content=\"image\/jpeg\" \/>\n<meta name=\"author\" content=\"NOTICIASMERCEDINAS.COM\" \/>\n<meta name=\"twitter:card\" content=\"summary_large_image\" \/>\n<meta name=\"twitter:creator\" content=\"@notmercedinas\" \/>\n<meta name=\"twitter:site\" content=\"@notmercedinas\" \/>\n<meta name=\"twitter:label1\" content=\"Escrito por\" \/>\n\t<meta name=\"twitter:data1\" content=\"NOTICIASMERCEDINAS.COM\" \/>\n\t<meta name=\"twitter:label2\" content=\"Tiempo de lectura\" \/>\n\t<meta name=\"twitter:data2\" content=\"5 minutos\" \/>\n<script type=\"application\/ld+json\" class=\"yoast-schema-graph\">{\"@context\":\"https:\\\/\\\/schema.org\",\"@graph\":[{\"@type\":\"Article\",\"@id\":\"https:\\\/\\\/noticiasmercedinas.com\\\/site\\\/2023\\\/04\\\/13\\\/de-pedro-llamo-a-celebrar-un-gran-acuerdo-para-que-la-industria-argentina-forme-parte-de-los-consensos\\\/#article\",\"isPartOf\":{\"@id\":\"https:\\\/\\\/noticiasmercedinas.com\\\/site\\\/2023\\\/04\\\/13\\\/de-pedro-llamo-a-celebrar-un-gran-acuerdo-para-que-la-industria-argentina-forme-parte-de-los-consensos\\\/\"},\"author\":{\"name\":\"NOTICIASMERCEDINAS.COM\",\"@id\":\"https:\\\/\\\/noticiasmercedinas.com\\\/site\\\/#\\\/schema\\\/person\\\/84b59c099c28ff2e8b77d4ceec5d8063\"},\"headline\":\"De Pedro llam\u00f3 a \u201ccelebrar un gran acuerdo para que la industria argentina forme parte de los consensos\u201d\",\"datePublished\":\"2023-04-13T20:56:42+00:00\",\"mainEntityOfPage\":{\"@id\":\"https:\\\/\\\/noticiasmercedinas.com\\\/site\\\/2023\\\/04\\\/13\\\/de-pedro-llamo-a-celebrar-un-gran-acuerdo-para-que-la-industria-argentina-forme-parte-de-los-consensos\\\/\"},\"wordCount\":1004,\"publisher\":{\"@id\":\"https:\\\/\\\/noticiasmercedinas.com\\\/site\\\/#organization\"},\"image\":{\"@id\":\"https:\\\/\\\/noticiasmercedinas.com\\\/site\\\/2023\\\/04\\\/13\\\/de-pedro-llamo-a-celebrar-un-gran-acuerdo-para-que-la-industria-argentina-forme-parte-de-los-consensos\\\/#primaryimage\"},\"thumbnailUrl\":\"https:\\\/\\\/noticiasmercedinas.com\\\/site\\\/wp-content\\\/uploads\\\/2023\\\/04\\\/3-INT_9376.jpg\",\"keywords\":[\"catamarca\",\"produccion\",\"raul jalil\",\"wado de pedro\"],\"articleSection\":[\"Politica\"],\"inLanguage\":\"es\"},{\"@type\":\"WebPage\",\"@id\":\"https:\\\/\\\/noticiasmercedinas.com\\\/site\\\/2023\\\/04\\\/13\\\/de-pedro-llamo-a-celebrar-un-gran-acuerdo-para-que-la-industria-argentina-forme-parte-de-los-consensos\\\/\",\"url\":\"https:\\\/\\\/noticiasmercedinas.com\\\/site\\\/2023\\\/04\\\/13\\\/de-pedro-llamo-a-celebrar-un-gran-acuerdo-para-que-la-industria-argentina-forme-parte-de-los-consensos\\\/\",\"name\":\"De Pedro llam\u00f3 a \u201ccelebrar un gran acuerdo para que la industria argentina forme parte de los consensos\u201d\",\"isPartOf\":{\"@id\":\"https:\\\/\\\/noticiasmercedinas.com\\\/site\\\/#website\"},\"primaryImageOfPage\":{\"@id\":\"https:\\\/\\\/noticiasmercedinas.com\\\/site\\\/2023\\\/04\\\/13\\\/de-pedro-llamo-a-celebrar-un-gran-acuerdo-para-que-la-industria-argentina-forme-parte-de-los-consensos\\\/#primaryimage\"},\"image\":{\"@id\":\"https:\\\/\\\/noticiasmercedinas.com\\\/site\\\/2023\\\/04\\\/13\\\/de-pedro-llamo-a-celebrar-un-gran-acuerdo-para-que-la-industria-argentina-forme-parte-de-los-consensos\\\/#primaryimage\"},\"thumbnailUrl\":\"https:\\\/\\\/noticiasmercedinas.com\\\/site\\\/wp-content\\\/uploads\\\/2023\\\/04\\\/3-INT_9376.jpg\",\"datePublished\":\"2023-04-13T20:56:42+00:00\",\"breadcrumb\":{\"@id\":\"https:\\\/\\\/noticiasmercedinas.com\\\/site\\\/2023\\\/04\\\/13\\\/de-pedro-llamo-a-celebrar-un-gran-acuerdo-para-que-la-industria-argentina-forme-parte-de-los-consensos\\\/#breadcrumb\"},\"inLanguage\":\"es\",\"potentialAction\":[{\"@type\":\"ReadAction\",\"target\":[\"https:\\\/\\\/noticiasmercedinas.com\\\/site\\\/2023\\\/04\\\/13\\\/de-pedro-llamo-a-celebrar-un-gran-acuerdo-para-que-la-industria-argentina-forme-parte-de-los-consensos\\\/\"]}]},{\"@type\":\"ImageObject\",\"inLanguage\":\"es\",\"@id\":\"https:\\\/\\\/noticiasmercedinas.com\\\/site\\\/2023\\\/04\\\/13\\\/de-pedro-llamo-a-celebrar-un-gran-acuerdo-para-que-la-industria-argentina-forme-parte-de-los-consensos\\\/#primaryimage\",\"url\":\"https:\\\/\\\/noticiasmercedinas.com\\\/site\\\/wp-content\\\/uploads\\\/2023\\\/04\\\/3-INT_9376.jpg\",\"contentUrl\":\"https:\\\/\\\/noticiasmercedinas.com\\\/site\\\/wp-content\\\/uploads\\\/2023\\\/04\\\/3-INT_9376.jpg\",\"width\":640,\"height\":429},{\"@type\":\"BreadcrumbList\",\"@id\":\"https:\\\/\\\/noticiasmercedinas.com\\\/site\\\/2023\\\/04\\\/13\\\/de-pedro-llamo-a-celebrar-un-gran-acuerdo-para-que-la-industria-argentina-forme-parte-de-los-consensos\\\/#breadcrumb\",\"itemListElement\":[{\"@type\":\"ListItem\",\"position\":1,\"name\":\"Portada\",\"item\":\"https:\\\/\\\/noticiasmercedinas.com\\\/site\\\/\"},{\"@type\":\"ListItem\",\"position\":2,\"name\":\"De Pedro llam\u00f3 a \u201ccelebrar un gran acuerdo para que la industria argentina forme parte de los consensos\u201d\"}]},{\"@type\":\"WebSite\",\"@id\":\"https:\\\/\\\/noticiasmercedinas.com\\\/site\\\/#website\",\"url\":\"https:\\\/\\\/noticiasmercedinas.com\\\/site\\\/\",\"name\":\"NOTICIASMERCEDINAS.COM\",\"description\":\"Mercedes, Buenos Aires, Argentina\",\"publisher\":{\"@id\":\"https:\\\/\\\/noticiasmercedinas.com\\\/site\\\/#organization\"},\"potentialAction\":[{\"@type\":\"SearchAction\",\"target\":{\"@type\":\"EntryPoint\",\"urlTemplate\":\"https:\\\/\\\/noticiasmercedinas.com\\\/site\\\/?s={search_term_string}\"},\"query-input\":{\"@type\":\"PropertyValueSpecification\",\"valueRequired\":true,\"valueName\":\"search_term_string\"}}],\"inLanguage\":\"es\"},{\"@type\":\"Organization\",\"@id\":\"https:\\\/\\\/noticiasmercedinas.com\\\/site\\\/#organization\",\"name\":\"NOTICIASMERCEDINAS.COM\",\"url\":\"https:\\\/\\\/noticiasmercedinas.com\\\/site\\\/\",\"logo\":{\"@type\":\"ImageObject\",\"inLanguage\":\"es\",\"@id\":\"https:\\\/\\\/noticiasmercedinas.com\\\/site\\\/#\\\/schema\\\/logo\\\/image\\\/\",\"url\":\"https:\\\/\\\/noticiasmercedinas.com\\\/site\\\/wp-content\\\/uploads\\\/2020\\\/06\\\/LOGO-512.jpg\",\"contentUrl\":\"https:\\\/\\\/noticiasmercedinas.com\\\/site\\\/wp-content\\\/uploads\\\/2020\\\/06\\\/LOGO-512.jpg\",\"width\":512,\"height\":512,\"caption\":\"NOTICIASMERCEDINAS.COM\"},\"image\":{\"@id\":\"https:\\\/\\\/noticiasmercedinas.com\\\/site\\\/#\\\/schema\\\/logo\\\/image\\\/\"},\"sameAs\":[\"https:\\\/\\\/www.facebook.com\\\/noticiasmercedinas\\\/\",\"https:\\\/\\\/x.com\\\/notmercedinas\",\"https:\\\/\\\/www.instagram.com\\\/noticiasmercedinas\\\/\"]},{\"@type\":\"Person\",\"@id\":\"https:\\\/\\\/noticiasmercedinas.com\\\/site\\\/#\\\/schema\\\/person\\\/84b59c099c28ff2e8b77d4ceec5d8063\",\"name\":\"NOTICIASMERCEDINAS.COM\",\"image\":{\"@type\":\"ImageObject\",\"inLanguage\":\"es\",\"@id\":\"https:\\\/\\\/secure.gravatar.com\\\/avatar\\\/4dfbf16b4d17945bfb6341b2d19043457132fcf478a5ee04f42e959fd8f5df0a?s=96&d=mm&r=g\",\"url\":\"https:\\\/\\\/secure.gravatar.com\\\/avatar\\\/4dfbf16b4d17945bfb6341b2d19043457132fcf478a5ee04f42e959fd8f5df0a?s=96&d=mm&r=g\",\"contentUrl\":\"https:\\\/\\\/secure.gravatar.com\\\/avatar\\\/4dfbf16b4d17945bfb6341b2d19043457132fcf478a5ee04f42e959fd8f5df0a?s=96&d=mm&r=g\",\"caption\":\"NOTICIASMERCEDINAS.COM\"},\"url\":\"https:\\\/\\\/noticiasmercedinas.com\\\/site\\\/author\\\/anonimo\\\/\"}]}<\/script>\n<!-- \/ Yoast SEO plugin. -->","yoast_head_json":{"title":"De Pedro llam\u00f3 a \u201ccelebrar un gran acuerdo para que la industria argentina forme parte de los consensos\u201d","robots":{"index":"index","follow":"follow","max-snippet":"max-snippet:-1","max-image-preview":"max-image-preview:large","max-video-preview":"max-video-preview:-1"},"canonical":"https:\/\/noticiasmercedinas.com\/site\/2023\/04\/13\/de-pedro-llamo-a-celebrar-un-gran-acuerdo-para-que-la-industria-argentina-forme-parte-de-los-consensos\/","og_locale":"es_ES","og_type":"article","og_title":"De Pedro llam\u00f3 a \u201ccelebrar un gran acuerdo para que la industria argentina forme parte de los consensos\u201d","og_description":"\u25a0 En Catamarca, junto al gobernador provincial, Ra\u00fal Jalil, el ministro inaugur\u00f3 una f\u00e1brica textil de medias proveedora de Adidas, y recorri\u00f3 otra planta de producci\u00f3n de indumentaria deportiva.","og_url":"https:\/\/noticiasmercedinas.com\/site\/2023\/04\/13\/de-pedro-llamo-a-celebrar-un-gran-acuerdo-para-que-la-industria-argentina-forme-parte-de-los-consensos\/","og_site_name":"NOTICIASMERCEDINAS.COM","article_publisher":"https:\/\/www.facebook.com\/noticiasmercedinas\/","article_published_time":"2023-04-13T20:56:42+00:00","og_image":[{"width":640,"height":429,"url":"https:\/\/noticiasmercedinas.com\/site\/wp-content\/uploads\/2023\/04\/3-INT_9376.jpg","type":"image\/jpeg"}],"author":"NOTICIASMERCEDINAS.COM","twitter_card":"summary_large_image","twitter_creator":"@notmercedinas","twitter_site":"@notmercedinas","twitter_misc":{"Escrito por":"NOTICIASMERCEDINAS.COM","Tiempo de lectura":"5 minutos"},"schema":{"@context":"https:\/\/schema.org","@graph":[{"@type":"Article","@id":"https:\/\/noticiasmercedinas.com\/site\/2023\/04\/13\/de-pedro-llamo-a-celebrar-un-gran-acuerdo-para-que-la-industria-argentina-forme-parte-de-los-consensos\/#article","isPartOf":{"@id":"https:\/\/noticiasmercedinas.com\/site\/2023\/04\/13\/de-pedro-llamo-a-celebrar-un-gran-acuerdo-para-que-la-industria-argentina-forme-parte-de-los-consensos\/"},"author":{"name":"NOTICIASMERCEDINAS.COM","@id":"https:\/\/noticiasmercedinas.com\/site\/#\/schema\/person\/84b59c099c28ff2e8b77d4ceec5d8063"},"headline":"De Pedro llam\u00f3 a \u201ccelebrar un gran acuerdo para que la industria argentina forme parte de los consensos\u201d","datePublished":"2023-04-13T20:56:42+00:00","mainEntityOfPage":{"@id":"https:\/\/noticiasmercedinas.com\/site\/2023\/04\/13\/de-pedro-llamo-a-celebrar-un-gran-acuerdo-para-que-la-industria-argentina-forme-parte-de-los-consensos\/"},"wordCount":1004,"publisher":{"@id":"https:\/\/noticiasmercedinas.com\/site\/#organization"},"image":{"@id":"https:\/\/noticiasmercedinas.com\/site\/2023\/04\/13\/de-pedro-llamo-a-celebrar-un-gran-acuerdo-para-que-la-industria-argentina-forme-parte-de-los-consensos\/#primaryimage"},"thumbnailUrl":"https:\/\/noticiasmercedinas.com\/site\/wp-content\/uploads\/2023\/04\/3-INT_9376.jpg","keywords":["catamarca","produccion","raul jalil","wado de pedro"],"articleSection":["Politica"],"inLanguage":"es"},{"@type":"WebPage","@id":"https:\/\/noticiasmercedinas.com\/site\/2023\/04\/13\/de-pedro-llamo-a-celebrar-un-gran-acuerdo-para-que-la-industria-argentina-forme-parte-de-los-consensos\/","url":"https:\/\/noticiasmercedinas.com\/site\/2023\/04\/13\/de-pedro-llamo-a-celebrar-un-gran-acuerdo-para-que-la-industria-argentina-forme-parte-de-los-consensos\/","name":"De Pedro llam\u00f3 a \u201ccelebrar un gran acuerdo para que la industria argentina forme parte de los consensos\u201d","isPartOf":{"@id":"https:\/\/noticiasmercedinas.com\/site\/#website"},"primaryImageOfPage":{"@id":"https:\/\/noticiasmercedinas.com\/site\/2023\/04\/13\/de-pedro-llamo-a-celebrar-un-gran-acuerdo-para-que-la-industria-argentina-forme-parte-de-los-consensos\/#primaryimage"},"image":{"@id":"https:\/\/noticiasmercedinas.com\/site\/2023\/04\/13\/de-pedro-llamo-a-celebrar-un-gran-acuerdo-para-que-la-industria-argentina-forme-parte-de-los-consensos\/#primaryimage"},"thumbnailUrl":"https:\/\/noticiasmercedinas.com\/site\/wp-content\/uploads\/2023\/04\/3-INT_9376.jpg","datePublished":"2023-04-13T20:56:42+00:00","breadcrumb":{"@id":"https:\/\/noticiasmercedinas.com\/site\/2023\/04\/13\/de-pedro-llamo-a-celebrar-un-gran-acuerdo-para-que-la-industria-argentina-forme-parte-de-los-consensos\/#breadcrumb"},"inLanguage":"es","potentialAction":[{"@type":"ReadAction","target":["https:\/\/noticiasmercedinas.com\/site\/2023\/04\/13\/de-pedro-llamo-a-celebrar-un-gran-acuerdo-para-que-la-industria-argentina-forme-parte-de-los-consensos\/"]}]},{"@type":"ImageObject","inLanguage":"es","@id":"https:\/\/noticiasmercedinas.com\/site\/2023\/04\/13\/de-pedro-llamo-a-celebrar-un-gran-acuerdo-para-que-la-industria-argentina-forme-parte-de-los-consensos\/#primaryimage","url":"https:\/\/noticiasmercedinas.com\/site\/wp-content\/uploads\/2023\/04\/3-INT_9376.jpg","contentUrl":"https:\/\/noticiasmercedinas.com\/site\/wp-content\/uploads\/2023\/04\/3-INT_9376.jpg","width":640,"height":429},{"@type":"BreadcrumbList","@id":"https:\/\/noticiasmercedinas.com\/site\/2023\/04\/13\/de-pedro-llamo-a-celebrar-un-gran-acuerdo-para-que-la-industria-argentina-forme-parte-de-los-consensos\/#breadcrumb","itemListElement":[{"@type":"ListItem","position":1,"name":"Portada","item":"https:\/\/noticiasmercedinas.com\/site\/"},{"@type":"ListItem","position":2,"name":"De Pedro llam\u00f3 a \u201ccelebrar un gran acuerdo para que la industria argentina forme parte de los consensos\u201d"}]},{"@type":"WebSite","@id":"https:\/\/noticiasmercedinas.com\/site\/#website","url":"https:\/\/noticiasmercedinas.com\/site\/","name":"NOTICIASMERCEDINAS.COM","description":"Mercedes, Buenos Aires, Argentina","publisher":{"@id":"https:\/\/noticiasmercedinas.com\/site\/#organization"},"potentialAction":[{"@type":"SearchAction","target":{"@type":"EntryPoint","urlTemplate":"https:\/\/noticiasmercedinas.com\/site\/?s={search_term_string}"},"query-input":{"@type":"PropertyValueSpecification","valueRequired":true,"valueName":"search_term_string"}}],"inLanguage":"es"},{"@type":"Organization","@id":"https:\/\/noticiasmercedinas.com\/site\/#organization","name":"NOTICIASMERCEDINAS.COM","url":"https:\/\/noticiasmercedinas.com\/site\/","logo":{"@type":"ImageObject","inLanguage":"es","@id":"https:\/\/noticiasmercedinas.com\/site\/#\/schema\/logo\/image\/","url":"https:\/\/noticiasmercedinas.com\/site\/wp-content\/uploads\/2020\/06\/LOGO-512.jpg","contentUrl":"https:\/\/noticiasmercedinas.com\/site\/wp-content\/uploads\/2020\/06\/LOGO-512.jpg","width":512,"height":512,"caption":"NOTICIASMERCEDINAS.COM"},"image":{"@id":"https:\/\/noticiasmercedinas.com\/site\/#\/schema\/logo\/image\/"},"sameAs":["https:\/\/www.facebook.com\/noticiasmercedinas\/","https:\/\/x.com\/notmercedinas","https:\/\/www.instagram.com\/noticiasmercedinas\/"]},{"@type":"Person","@id":"https:\/\/noticiasmercedinas.com\/site\/#\/schema\/person\/84b59c099c28ff2e8b77d4ceec5d8063","name":"NOTICIASMERCEDINAS.COM","image":{"@type":"ImageObject","inLanguage":"es","@id":"https:\/\/secure.gravatar.com\/avatar\/4dfbf16b4d17945bfb6341b2d19043457132fcf478a5ee04f42e959fd8f5df0a?s=96&d=mm&r=g","url":"https:\/\/secure.gravatar.com\/avatar\/4dfbf16b4d17945bfb6341b2d19043457132fcf478a5ee04f42e959fd8f5df0a?s=96&d=mm&r=g","contentUrl":"https:\/\/secure.gravatar.com\/avatar\/4dfbf16b4d17945bfb6341b2d19043457132fcf478a5ee04f42e959fd8f5df0a?s=96&d=mm&r=g","caption":"NOTICIASMERCEDINAS.COM"},"url":"https:\/\/noticiasmercedinas.com\/site\/author\/anonimo\/"}]}},"amp_enabled":true,"_links":{"self":[{"href":"https:\/\/noticiasmercedinas.com\/site\/wp-json\/wp\/v2\/posts\/112708","targetHints":{"allow":["GET"]}}],"collection":[{"href":"https:\/\/noticiasmercedinas.com\/site\/wp-json\/wp\/v2\/posts"}],"about":[{"href":"https:\/\/noticiasmercedinas.com\/site\/wp-json\/wp\/v2\/types\/post"}],"author":[{"embeddable":true,"href":"https:\/\/noticiasmercedinas.com\/site\/wp-json\/wp\/v2\/users\/16"}],"replies":[{"embeddable":true,"href":"https:\/\/noticiasmercedinas.com\/site\/wp-json\/wp\/v2\/comments?post=112708"}],"version-history":[{"count":1,"href":"https:\/\/noticiasmercedinas.com\/site\/wp-json\/wp\/v2\/posts\/112708\/revisions"}],"predecessor-version":[{"id":112712,"href":"https:\/\/noticiasmercedinas.com\/site\/wp-json\/wp\/v2\/posts\/112708\/revisions\/112712"}],"wp:featuredmedia":[{"embeddable":true,"href":"https:\/\/noticiasmercedinas.com\/site\/wp-json\/wp\/v2\/media\/112710"}],"wp:attachment":[{"href":"https:\/\/noticiasmercedinas.com\/site\/wp-json\/wp\/v2\/media?parent=112708"}],"wp:term":[{"taxonomy":"category","embeddable":true,"href":"https:\/\/noticiasmercedinas.com\/site\/wp-json\/wp\/v2\/categories?post=112708"},{"taxonomy":"post_tag","embeddable":true,"href":"https:\/\/noticiasmercedinas.com\/site\/wp-json\/wp\/v2\/tags?post=112708"}],"curies":[{"name":"wp","href":"https:\/\/api.w.org\/{rel}","templated":true}]}}