{"id":11271,"date":"2019-01-24T16:22:11","date_gmt":"2019-01-24T19:22:11","guid":{"rendered":"https:\/\/noticiasmercedinas.com\/site\/?p=11271"},"modified":"2019-01-24T16:22:11","modified_gmt":"2019-01-24T19:22:11","slug":"ciclo-mamm-music-convoca-a-duos-y-trios-a-ser-parte","status":"publish","type":"post","link":"https:\/\/noticiasmercedinas.com\/site\/2019\/01\/24\/ciclo-mamm-music-convoca-a-duos-y-trios-a-ser-parte\/","title":{"rendered":"Ciclo MAMM Music convoca a d\u00faos y tr\u00edos a ser parte"},"content":{"rendered":"<div><img loading=\"lazy\" decoding=\"async\" class=\"alignnone size-full wp-image-11272\" src=\"https:\/\/noticiasmercedinas.com\/site\/wp-content\/uploads\/2019\/01\/50500504_826508994350463_5700153773456883712_n.jpg\" alt=\"\" width=\"679\" height=\"960\" srcset=\"https:\/\/noticiasmercedinas.com\/site\/wp-content\/uploads\/2019\/01\/50500504_826508994350463_5700153773456883712_n.jpg 679w, https:\/\/noticiasmercedinas.com\/site\/wp-content\/uploads\/2019\/01\/50500504_826508994350463_5700153773456883712_n-212x300.jpg 212w, https:\/\/noticiasmercedinas.com\/site\/wp-content\/uploads\/2019\/01\/50500504_826508994350463_5700153773456883712_n-640x905.jpg 640w\" sizes=\"auto, (max-width: 679px) 100vw, 679px\" \/><\/div>\n<div id=\"id_5c4a0ed98e6fa7d38269005\" class=\"text_exposed_root text_exposed\">\nEn el marco del Ciclo de Ac\u00fasticos MAMMusic, se dio a conocer oficialmente la convocatoria a m\u00fasicos locales para este a\u00f1o.<br \/>\n<span class=\"text_exposed_show\"><br \/>\nEste a\u00f1o se continuar\u00e1 con el exitoso ciclo de ac\u00fasticos denominado MAMMusic, la plataforma musical del Museo de Arte Municipalidad de Mercedes lanzada en 2018 de manera conjunta con la Direcci\u00f3n de Cultura de nuestra ciudad.<\/p>\n<p>Creado con el objetivo de brindar un espacio para las propuestas musicales de tipo \u201cdesenchufado\u201d, el ciclo promueve la realizaci\u00f3n de conciertos en los que intervienen una cantidad reducida de m\u00fasicos en escena (d\u00faos\/tr\u00edos) generando la sensaci\u00f3n de encuentro y proximidad con un p\u00fablico que a su vez participa del evento rodeado de obras de arte, puesto que el escenario se extiende a las paredes de la sala en una conjugaci\u00f3n de lenguajes art\u00edsticos.<br \/>\n<\/span><\/div>\n<div><\/div>\n<div class=\"text_exposed_root text_exposed\"><span class=\"text_exposed_show\">Entre las bases, se cita:<\/span><\/div>\n<div class=\"text_exposed_root text_exposed\"><span class=\"text_exposed_show\"><br \/>\n&#8211; La entrada a los shows en este 2019 podr\u00e1 tener un valor m\u00e1ximo de $100 (bono contribuci\u00f3n), y la suma total se entregar\u00e1 directamente a los artistas.<\/p>\n<p>&#8211; El conjunto deber\u00e1 estar integrado por al menos un mercedino.<\/p>\n<p>&#8211; El g\u00e9nero ser\u00e1 libre.<\/p>\n<p>&#8211; La duraci\u00f3n de los sets no deber\u00e1 superar los 70 minutos, ni ser inferior a los 50 minutos.<\/p>\n<p>&#8211; Capacidad de sala: 60 a 70 personas.<\/p>\n<p>&#8211; El ciclo tendr\u00e1 lugar un domingo de cada mes (2do. o 3ro.), de Marzo a Diciembre, acordando con los artistas la fecha conveniente.<\/p>\n<p>&#8211; Ser\u00e1n seleccionadas las propuestas que cumplan con los requisitos de la presente convocatoria, dando prioridad a quienes no participaron en 2018.<\/p>\n<p>&#8211; La organizaci\u00f3n se compromete a brindar escenario, iluminaci\u00f3n, sonido y soporte t\u00e9cnico, adem\u00e1s de colaborar con la difusi\u00f3n del evento.<\/p>\n<p>&#8211; Cierre de Convocatoria: Viernes 01 de Marzo de 2019.<\/p>\n<p>&#8211; Aquellos que deseen aplicar a la convocatoria deber\u00e1n acercar su material (descripci\u00f3n del conjunto, integrantes, audio y\/<wbr \/>o video) a la oficina del MAMM, ubicado en calle 23 N\u00b0383, o bien enviarlo por correo a museodearte@mercedes.gob.ar detallando en el asunto \u201cConvocatoria MAMMUSIC\u201d.\u00a0<\/span><\/div>\n<div id=\"fbPhotoSnowliftProductMiniListHscroll\" class=\"fbCommerceProductMiniListHscroll\"><\/div>\n<div id=\"fbPhotoSnowliftProductTags\" class=\"fbPhotoProductTags\"><\/div>\n","protected":false},"excerpt":{"rendered":"<p>En el marco del Ciclo de Ac\u00fasticos MAMMusic, se dio a conocer oficialmente la convocatoria a m\u00fasicos locales para este a\u00f1o. Este a\u00f1o se continuar\u00e1 con el exitoso ciclo de ac\u00fasticos denominado MAMMusic, la plataforma musical del Museo de Arte Municipalidad de Mercedes lanzada en 2018 de manera conjunta con la Direcci\u00f3n de Cultura de [&hellip;]<\/p>\n","protected":false},"author":2,"featured_media":11272,"comment_status":"open","ping_status":"open","sticky":false,"template":"","format":"standard","meta":{"footnotes":""},"categories":[4],"tags":[3389,192,1066,87,88,3390],"class_list":["post-11271","post","type-post","status-publish","format-standard","has-post-thumbnail","hentry","category-cultura","tag-duos","tag-mamm","tag-mamm-music","tag-museo-de-arte","tag-musica","tag-trios"],"yoast_head":"<!-- This site is optimized with the Yoast SEO plugin v27.5 - https:\/\/yoast.com\/product\/yoast-seo-wordpress\/ -->\n<title>Ciclo MAMM Music convoca a d\u00faos y tr\u00edos a ser parte<\/title>\n<meta name=\"robots\" content=\"index, follow, max-snippet:-1, max-image-preview:large, max-video-preview:-1\" \/>\n<link rel=\"canonical\" href=\"https:\/\/noticiasmercedinas.com\/site\/2019\/01\/24\/ciclo-mamm-music-convoca-a-duos-y-trios-a-ser-parte\/\" \/>\n<meta property=\"og:locale\" content=\"es_ES\" \/>\n<meta property=\"og:type\" content=\"article\" \/>\n<meta property=\"og:title\" content=\"Ciclo MAMM Music convoca a d\u00faos y tr\u00edos a ser parte\" \/>\n<meta property=\"og:description\" content=\"En el marco del Ciclo de Ac\u00fasticos MAMMusic, se dio a conocer oficialmente la convocatoria a m\u00fasicos locales para este a\u00f1o. Este a\u00f1o se continuar\u00e1 con el exitoso ciclo de ac\u00fasticos denominado MAMMusic, la plataforma musical del Museo de Arte Municipalidad de Mercedes lanzada en 2018 de manera conjunta con la Direcci\u00f3n de Cultura de [&hellip;]\" \/>\n<meta property=\"og:url\" content=\"https:\/\/noticiasmercedinas.com\/site\/2019\/01\/24\/ciclo-mamm-music-convoca-a-duos-y-trios-a-ser-parte\/\" \/>\n<meta property=\"og:site_name\" content=\"NOTICIASMERCEDINAS.COM\" \/>\n<meta property=\"article:publisher\" content=\"https:\/\/www.facebook.com\/noticiasmercedinas\/\" \/>\n<meta property=\"article:author\" content=\"https:\/\/www.facebook.com\/cristian.falabella\" \/>\n<meta property=\"article:published_time\" content=\"2019-01-24T19:22:11+00:00\" \/>\n<meta property=\"og:image\" content=\"https:\/\/noticiasmercedinas.com\/site\/wp-content\/uploads\/2019\/01\/50500504_826508994350463_5700153773456883712_n.jpg\" \/>\n\t<meta property=\"og:image:width\" content=\"679\" \/>\n\t<meta property=\"og:image:height\" content=\"960\" \/>\n\t<meta property=\"og:image:type\" content=\"image\/jpeg\" \/>\n<meta name=\"author\" content=\"Cristian Falabella NOTICIASMERCEDINAS.COM\" \/>\n<meta name=\"twitter:card\" content=\"summary_large_image\" \/>\n<meta name=\"twitter:creator\" content=\"@https:\/\/twitter.com\/NOTMERCEDINAS\" \/>\n<meta name=\"twitter:site\" content=\"@notmercedinas\" \/>\n<meta name=\"twitter:label1\" content=\"Escrito por\" \/>\n\t<meta name=\"twitter:data1\" content=\"Cristian Falabella NOTICIASMERCEDINAS.COM\" \/>\n\t<meta name=\"twitter:label2\" content=\"Tiempo de lectura\" \/>\n\t<meta name=\"twitter:data2\" content=\"2 minutos\" \/>\n<script type=\"application\/ld+json\" class=\"yoast-schema-graph\">{\"@context\":\"https:\\\/\\\/schema.org\",\"@graph\":[{\"@type\":\"Article\",\"@id\":\"https:\\\/\\\/noticiasmercedinas.com\\\/site\\\/2019\\\/01\\\/24\\\/ciclo-mamm-music-convoca-a-duos-y-trios-a-ser-parte\\\/#article\",\"isPartOf\":{\"@id\":\"https:\\\/\\\/noticiasmercedinas.com\\\/site\\\/2019\\\/01\\\/24\\\/ciclo-mamm-music-convoca-a-duos-y-trios-a-ser-parte\\\/\"},\"author\":{\"name\":\"Cristian Falabella NOTICIASMERCEDINAS.COM\",\"@id\":\"https:\\\/\\\/noticiasmercedinas.com\\\/site\\\/#\\\/schema\\\/person\\\/d481a9696a5feaec13a60e2bbd991a6a\"},\"headline\":\"Ciclo MAMM Music convoca a d\u00faos y tr\u00edos a ser parte\",\"datePublished\":\"2019-01-24T19:22:11+00:00\",\"mainEntityOfPage\":{\"@id\":\"https:\\\/\\\/noticiasmercedinas.com\\\/site\\\/2019\\\/01\\\/24\\\/ciclo-mamm-music-convoca-a-duos-y-trios-a-ser-parte\\\/\"},\"wordCount\":359,\"commentCount\":0,\"publisher\":{\"@id\":\"https:\\\/\\\/noticiasmercedinas.com\\\/site\\\/#organization\"},\"image\":{\"@id\":\"https:\\\/\\\/noticiasmercedinas.com\\\/site\\\/2019\\\/01\\\/24\\\/ciclo-mamm-music-convoca-a-duos-y-trios-a-ser-parte\\\/#primaryimage\"},\"thumbnailUrl\":\"https:\\\/\\\/noticiasmercedinas.com\\\/site\\\/wp-content\\\/uploads\\\/2019\\\/01\\\/50500504_826508994350463_5700153773456883712_n.jpg\",\"keywords\":[\"duos\",\"mamm\",\"mamm music\",\"museo de arte\",\"musica\",\"trios\"],\"articleSection\":[\"Cultura\"],\"inLanguage\":\"es\",\"potentialAction\":[{\"@type\":\"CommentAction\",\"name\":\"Comment\",\"target\":[\"https:\\\/\\\/noticiasmercedinas.com\\\/site\\\/2019\\\/01\\\/24\\\/ciclo-mamm-music-convoca-a-duos-y-trios-a-ser-parte\\\/#respond\"]}]},{\"@type\":\"WebPage\",\"@id\":\"https:\\\/\\\/noticiasmercedinas.com\\\/site\\\/2019\\\/01\\\/24\\\/ciclo-mamm-music-convoca-a-duos-y-trios-a-ser-parte\\\/\",\"url\":\"https:\\\/\\\/noticiasmercedinas.com\\\/site\\\/2019\\\/01\\\/24\\\/ciclo-mamm-music-convoca-a-duos-y-trios-a-ser-parte\\\/\",\"name\":\"Ciclo MAMM Music convoca a d\u00faos y tr\u00edos a ser parte\",\"isPartOf\":{\"@id\":\"https:\\\/\\\/noticiasmercedinas.com\\\/site\\\/#website\"},\"primaryImageOfPage\":{\"@id\":\"https:\\\/\\\/noticiasmercedinas.com\\\/site\\\/2019\\\/01\\\/24\\\/ciclo-mamm-music-convoca-a-duos-y-trios-a-ser-parte\\\/#primaryimage\"},\"image\":{\"@id\":\"https:\\\/\\\/noticiasmercedinas.com\\\/site\\\/2019\\\/01\\\/24\\\/ciclo-mamm-music-convoca-a-duos-y-trios-a-ser-parte\\\/#primaryimage\"},\"thumbnailUrl\":\"https:\\\/\\\/noticiasmercedinas.com\\\/site\\\/wp-content\\\/uploads\\\/2019\\\/01\\\/50500504_826508994350463_5700153773456883712_n.jpg\",\"datePublished\":\"2019-01-24T19:22:11+00:00\",\"breadcrumb\":{\"@id\":\"https:\\\/\\\/noticiasmercedinas.com\\\/site\\\/2019\\\/01\\\/24\\\/ciclo-mamm-music-convoca-a-duos-y-trios-a-ser-parte\\\/#breadcrumb\"},\"inLanguage\":\"es\",\"potentialAction\":[{\"@type\":\"ReadAction\",\"target\":[\"https:\\\/\\\/noticiasmercedinas.com\\\/site\\\/2019\\\/01\\\/24\\\/ciclo-mamm-music-convoca-a-duos-y-trios-a-ser-parte\\\/\"]}]},{\"@type\":\"ImageObject\",\"inLanguage\":\"es\",\"@id\":\"https:\\\/\\\/noticiasmercedinas.com\\\/site\\\/2019\\\/01\\\/24\\\/ciclo-mamm-music-convoca-a-duos-y-trios-a-ser-parte\\\/#primaryimage\",\"url\":\"https:\\\/\\\/noticiasmercedinas.com\\\/site\\\/wp-content\\\/uploads\\\/2019\\\/01\\\/50500504_826508994350463_5700153773456883712_n.jpg\",\"contentUrl\":\"https:\\\/\\\/noticiasmercedinas.com\\\/site\\\/wp-content\\\/uploads\\\/2019\\\/01\\\/50500504_826508994350463_5700153773456883712_n.jpg\",\"width\":679,\"height\":960},{\"@type\":\"BreadcrumbList\",\"@id\":\"https:\\\/\\\/noticiasmercedinas.com\\\/site\\\/2019\\\/01\\\/24\\\/ciclo-mamm-music-convoca-a-duos-y-trios-a-ser-parte\\\/#breadcrumb\",\"itemListElement\":[{\"@type\":\"ListItem\",\"position\":1,\"name\":\"Portada\",\"item\":\"https:\\\/\\\/noticiasmercedinas.com\\\/site\\\/\"},{\"@type\":\"ListItem\",\"position\":2,\"name\":\"Ciclo MAMM Music convoca a d\u00faos y tr\u00edos a ser parte\"}]},{\"@type\":\"WebSite\",\"@id\":\"https:\\\/\\\/noticiasmercedinas.com\\\/site\\\/#website\",\"url\":\"https:\\\/\\\/noticiasmercedinas.com\\\/site\\\/\",\"name\":\"NOTICIASMERCEDINAS.COM\",\"description\":\"Mercedes, Buenos Aires, Argentina\",\"publisher\":{\"@id\":\"https:\\\/\\\/noticiasmercedinas.com\\\/site\\\/#organization\"},\"potentialAction\":[{\"@type\":\"SearchAction\",\"target\":{\"@type\":\"EntryPoint\",\"urlTemplate\":\"https:\\\/\\\/noticiasmercedinas.com\\\/site\\\/?s={search_term_string}\"},\"query-input\":{\"@type\":\"PropertyValueSpecification\",\"valueRequired\":true,\"valueName\":\"search_term_string\"}}],\"inLanguage\":\"es\"},{\"@type\":\"Organization\",\"@id\":\"https:\\\/\\\/noticiasmercedinas.com\\\/site\\\/#organization\",\"name\":\"NOTICIASMERCEDINAS.COM\",\"url\":\"https:\\\/\\\/noticiasmercedinas.com\\\/site\\\/\",\"logo\":{\"@type\":\"ImageObject\",\"inLanguage\":\"es\",\"@id\":\"https:\\\/\\\/noticiasmercedinas.com\\\/site\\\/#\\\/schema\\\/logo\\\/image\\\/\",\"url\":\"https:\\\/\\\/noticiasmercedinas.com\\\/site\\\/wp-content\\\/uploads\\\/2020\\\/06\\\/LOGO-512.jpg\",\"contentUrl\":\"https:\\\/\\\/noticiasmercedinas.com\\\/site\\\/wp-content\\\/uploads\\\/2020\\\/06\\\/LOGO-512.jpg\",\"width\":512,\"height\":512,\"caption\":\"NOTICIASMERCEDINAS.COM\"},\"image\":{\"@id\":\"https:\\\/\\\/noticiasmercedinas.com\\\/site\\\/#\\\/schema\\\/logo\\\/image\\\/\"},\"sameAs\":[\"https:\\\/\\\/www.facebook.com\\\/noticiasmercedinas\\\/\",\"https:\\\/\\\/x.com\\\/notmercedinas\",\"https:\\\/\\\/www.instagram.com\\\/noticiasmercedinas\\\/\"]},{\"@type\":\"Person\",\"@id\":\"https:\\\/\\\/noticiasmercedinas.com\\\/site\\\/#\\\/schema\\\/person\\\/d481a9696a5feaec13a60e2bbd991a6a\",\"name\":\"Cristian Falabella NOTICIASMERCEDINAS.COM\",\"image\":{\"@type\":\"ImageObject\",\"inLanguage\":\"es\",\"@id\":\"https:\\\/\\\/secure.gravatar.com\\\/avatar\\\/0dbbfc45970cc46bcd0e57766228574ff3511d6eed045b182f536f0f478c1f06?s=96&d=mm&r=g\",\"url\":\"https:\\\/\\\/secure.gravatar.com\\\/avatar\\\/0dbbfc45970cc46bcd0e57766228574ff3511d6eed045b182f536f0f478c1f06?s=96&d=mm&r=g\",\"contentUrl\":\"https:\\\/\\\/secure.gravatar.com\\\/avatar\\\/0dbbfc45970cc46bcd0e57766228574ff3511d6eed045b182f536f0f478c1f06?s=96&d=mm&r=g\",\"caption\":\"Cristian Falabella NOTICIASMERCEDINAS.COM\"},\"description\":\"Periodista, editor de Noticias Mercedinas. Pas\u00f3 por varias redacciones y emprendimientos de prensa, en distintos formatos y \u00e9pocas. Se especializ\u00f3 --y sigue haci\u00e9ndolo-- en comunicaci\u00f3n en la web y en junio de 2006 fund\u00f3 este diario digital.\",\"sameAs\":[\"https:\\\/\\\/noticiasmercedinas.com\",\"https:\\\/\\\/www.facebook.com\\\/cristian.falabella\",\"https:\\\/\\\/www.instagram.com\\\/noticiasmercedinas\\\/\",\"https:\\\/\\\/x.com\\\/https:\\\/\\\/twitter.com\\\/NOTMERCEDINAS\"],\"url\":\"https:\\\/\\\/noticiasmercedinas.com\\\/site\\\/author\\\/as000384\\\/\"}]}<\/script>\n<!-- \/ Yoast SEO plugin. -->","yoast_head_json":{"title":"Ciclo MAMM Music convoca a d\u00faos y tr\u00edos a ser parte","robots":{"index":"index","follow":"follow","max-snippet":"max-snippet:-1","max-image-preview":"max-image-preview:large","max-video-preview":"max-video-preview:-1"},"canonical":"https:\/\/noticiasmercedinas.com\/site\/2019\/01\/24\/ciclo-mamm-music-convoca-a-duos-y-trios-a-ser-parte\/","og_locale":"es_ES","og_type":"article","og_title":"Ciclo MAMM Music convoca a d\u00faos y tr\u00edos a ser parte","og_description":"En el marco del Ciclo de Ac\u00fasticos MAMMusic, se dio a conocer oficialmente la convocatoria a m\u00fasicos locales para este a\u00f1o. Este a\u00f1o se continuar\u00e1 con el exitoso ciclo de ac\u00fasticos denominado MAMMusic, la plataforma musical del Museo de Arte Municipalidad de Mercedes lanzada en 2018 de manera conjunta con la Direcci\u00f3n de Cultura de [&hellip;]","og_url":"https:\/\/noticiasmercedinas.com\/site\/2019\/01\/24\/ciclo-mamm-music-convoca-a-duos-y-trios-a-ser-parte\/","og_site_name":"NOTICIASMERCEDINAS.COM","article_publisher":"https:\/\/www.facebook.com\/noticiasmercedinas\/","article_author":"https:\/\/www.facebook.com\/cristian.falabella","article_published_time":"2019-01-24T19:22:11+00:00","og_image":[{"width":679,"height":960,"url":"https:\/\/noticiasmercedinas.com\/site\/wp-content\/uploads\/2019\/01\/50500504_826508994350463_5700153773456883712_n.jpg","type":"image\/jpeg"}],"author":"Cristian Falabella NOTICIASMERCEDINAS.COM","twitter_card":"summary_large_image","twitter_creator":"@https:\/\/twitter.com\/NOTMERCEDINAS","twitter_site":"@notmercedinas","twitter_misc":{"Escrito por":"Cristian Falabella NOTICIASMERCEDINAS.COM","Tiempo de lectura":"2 minutos"},"schema":{"@context":"https:\/\/schema.org","@graph":[{"@type":"Article","@id":"https:\/\/noticiasmercedinas.com\/site\/2019\/01\/24\/ciclo-mamm-music-convoca-a-duos-y-trios-a-ser-parte\/#article","isPartOf":{"@id":"https:\/\/noticiasmercedinas.com\/site\/2019\/01\/24\/ciclo-mamm-music-convoca-a-duos-y-trios-a-ser-parte\/"},"author":{"name":"Cristian Falabella NOTICIASMERCEDINAS.COM","@id":"https:\/\/noticiasmercedinas.com\/site\/#\/schema\/person\/d481a9696a5feaec13a60e2bbd991a6a"},"headline":"Ciclo MAMM Music convoca a d\u00faos y tr\u00edos a ser parte","datePublished":"2019-01-24T19:22:11+00:00","mainEntityOfPage":{"@id":"https:\/\/noticiasmercedinas.com\/site\/2019\/01\/24\/ciclo-mamm-music-convoca-a-duos-y-trios-a-ser-parte\/"},"wordCount":359,"commentCount":0,"publisher":{"@id":"https:\/\/noticiasmercedinas.com\/site\/#organization"},"image":{"@id":"https:\/\/noticiasmercedinas.com\/site\/2019\/01\/24\/ciclo-mamm-music-convoca-a-duos-y-trios-a-ser-parte\/#primaryimage"},"thumbnailUrl":"https:\/\/noticiasmercedinas.com\/site\/wp-content\/uploads\/2019\/01\/50500504_826508994350463_5700153773456883712_n.jpg","keywords":["duos","mamm","mamm music","museo de arte","musica","trios"],"articleSection":["Cultura"],"inLanguage":"es","potentialAction":[{"@type":"CommentAction","name":"Comment","target":["https:\/\/noticiasmercedinas.com\/site\/2019\/01\/24\/ciclo-mamm-music-convoca-a-duos-y-trios-a-ser-parte\/#respond"]}]},{"@type":"WebPage","@id":"https:\/\/noticiasmercedinas.com\/site\/2019\/01\/24\/ciclo-mamm-music-convoca-a-duos-y-trios-a-ser-parte\/","url":"https:\/\/noticiasmercedinas.com\/site\/2019\/01\/24\/ciclo-mamm-music-convoca-a-duos-y-trios-a-ser-parte\/","name":"Ciclo MAMM Music convoca a d\u00faos y tr\u00edos a ser parte","isPartOf":{"@id":"https:\/\/noticiasmercedinas.com\/site\/#website"},"primaryImageOfPage":{"@id":"https:\/\/noticiasmercedinas.com\/site\/2019\/01\/24\/ciclo-mamm-music-convoca-a-duos-y-trios-a-ser-parte\/#primaryimage"},"image":{"@id":"https:\/\/noticiasmercedinas.com\/site\/2019\/01\/24\/ciclo-mamm-music-convoca-a-duos-y-trios-a-ser-parte\/#primaryimage"},"thumbnailUrl":"https:\/\/noticiasmercedinas.com\/site\/wp-content\/uploads\/2019\/01\/50500504_826508994350463_5700153773456883712_n.jpg","datePublished":"2019-01-24T19:22:11+00:00","breadcrumb":{"@id":"https:\/\/noticiasmercedinas.com\/site\/2019\/01\/24\/ciclo-mamm-music-convoca-a-duos-y-trios-a-ser-parte\/#breadcrumb"},"inLanguage":"es","potentialAction":[{"@type":"ReadAction","target":["https:\/\/noticiasmercedinas.com\/site\/2019\/01\/24\/ciclo-mamm-music-convoca-a-duos-y-trios-a-ser-parte\/"]}]},{"@type":"ImageObject","inLanguage":"es","@id":"https:\/\/noticiasmercedinas.com\/site\/2019\/01\/24\/ciclo-mamm-music-convoca-a-duos-y-trios-a-ser-parte\/#primaryimage","url":"https:\/\/noticiasmercedinas.com\/site\/wp-content\/uploads\/2019\/01\/50500504_826508994350463_5700153773456883712_n.jpg","contentUrl":"https:\/\/noticiasmercedinas.com\/site\/wp-content\/uploads\/2019\/01\/50500504_826508994350463_5700153773456883712_n.jpg","width":679,"height":960},{"@type":"BreadcrumbList","@id":"https:\/\/noticiasmercedinas.com\/site\/2019\/01\/24\/ciclo-mamm-music-convoca-a-duos-y-trios-a-ser-parte\/#breadcrumb","itemListElement":[{"@type":"ListItem","position":1,"name":"Portada","item":"https:\/\/noticiasmercedinas.com\/site\/"},{"@type":"ListItem","position":2,"name":"Ciclo MAMM Music convoca a d\u00faos y tr\u00edos a ser parte"}]},{"@type":"WebSite","@id":"https:\/\/noticiasmercedinas.com\/site\/#website","url":"https:\/\/noticiasmercedinas.com\/site\/","name":"NOTICIASMERCEDINAS.COM","description":"Mercedes, Buenos Aires, Argentina","publisher":{"@id":"https:\/\/noticiasmercedinas.com\/site\/#organization"},"potentialAction":[{"@type":"SearchAction","target":{"@type":"EntryPoint","urlTemplate":"https:\/\/noticiasmercedinas.com\/site\/?s={search_term_string}"},"query-input":{"@type":"PropertyValueSpecification","valueRequired":true,"valueName":"search_term_string"}}],"inLanguage":"es"},{"@type":"Organization","@id":"https:\/\/noticiasmercedinas.com\/site\/#organization","name":"NOTICIASMERCEDINAS.COM","url":"https:\/\/noticiasmercedinas.com\/site\/","logo":{"@type":"ImageObject","inLanguage":"es","@id":"https:\/\/noticiasmercedinas.com\/site\/#\/schema\/logo\/image\/","url":"https:\/\/noticiasmercedinas.com\/site\/wp-content\/uploads\/2020\/06\/LOGO-512.jpg","contentUrl":"https:\/\/noticiasmercedinas.com\/site\/wp-content\/uploads\/2020\/06\/LOGO-512.jpg","width":512,"height":512,"caption":"NOTICIASMERCEDINAS.COM"},"image":{"@id":"https:\/\/noticiasmercedinas.com\/site\/#\/schema\/logo\/image\/"},"sameAs":["https:\/\/www.facebook.com\/noticiasmercedinas\/","https:\/\/x.com\/notmercedinas","https:\/\/www.instagram.com\/noticiasmercedinas\/"]},{"@type":"Person","@id":"https:\/\/noticiasmercedinas.com\/site\/#\/schema\/person\/d481a9696a5feaec13a60e2bbd991a6a","name":"Cristian Falabella NOTICIASMERCEDINAS.COM","image":{"@type":"ImageObject","inLanguage":"es","@id":"https:\/\/secure.gravatar.com\/avatar\/0dbbfc45970cc46bcd0e57766228574ff3511d6eed045b182f536f0f478c1f06?s=96&d=mm&r=g","url":"https:\/\/secure.gravatar.com\/avatar\/0dbbfc45970cc46bcd0e57766228574ff3511d6eed045b182f536f0f478c1f06?s=96&d=mm&r=g","contentUrl":"https:\/\/secure.gravatar.com\/avatar\/0dbbfc45970cc46bcd0e57766228574ff3511d6eed045b182f536f0f478c1f06?s=96&d=mm&r=g","caption":"Cristian Falabella NOTICIASMERCEDINAS.COM"},"description":"Periodista, editor de Noticias Mercedinas. Pas\u00f3 por varias redacciones y emprendimientos de prensa, en distintos formatos y \u00e9pocas. Se especializ\u00f3 --y sigue haci\u00e9ndolo-- en comunicaci\u00f3n en la web y en junio de 2006 fund\u00f3 este diario digital.","sameAs":["https:\/\/noticiasmercedinas.com","https:\/\/www.facebook.com\/cristian.falabella","https:\/\/www.instagram.com\/noticiasmercedinas\/","https:\/\/x.com\/https:\/\/twitter.com\/NOTMERCEDINAS"],"url":"https:\/\/noticiasmercedinas.com\/site\/author\/as000384\/"}]}},"amp_enabled":true,"_links":{"self":[{"href":"https:\/\/noticiasmercedinas.com\/site\/wp-json\/wp\/v2\/posts\/11271","targetHints":{"allow":["GET"]}}],"collection":[{"href":"https:\/\/noticiasmercedinas.com\/site\/wp-json\/wp\/v2\/posts"}],"about":[{"href":"https:\/\/noticiasmercedinas.com\/site\/wp-json\/wp\/v2\/types\/post"}],"author":[{"embeddable":true,"href":"https:\/\/noticiasmercedinas.com\/site\/wp-json\/wp\/v2\/users\/2"}],"replies":[{"embeddable":true,"href":"https:\/\/noticiasmercedinas.com\/site\/wp-json\/wp\/v2\/comments?post=11271"}],"version-history":[{"count":1,"href":"https:\/\/noticiasmercedinas.com\/site\/wp-json\/wp\/v2\/posts\/11271\/revisions"}],"predecessor-version":[{"id":11273,"href":"https:\/\/noticiasmercedinas.com\/site\/wp-json\/wp\/v2\/posts\/11271\/revisions\/11273"}],"wp:featuredmedia":[{"embeddable":true,"href":"https:\/\/noticiasmercedinas.com\/site\/wp-json\/wp\/v2\/media\/11272"}],"wp:attachment":[{"href":"https:\/\/noticiasmercedinas.com\/site\/wp-json\/wp\/v2\/media?parent=11271"}],"wp:term":[{"taxonomy":"category","embeddable":true,"href":"https:\/\/noticiasmercedinas.com\/site\/wp-json\/wp\/v2\/categories?post=11271"},{"taxonomy":"post_tag","embeddable":true,"href":"https:\/\/noticiasmercedinas.com\/site\/wp-json\/wp\/v2\/tags?post=11271"}],"curies":[{"name":"wp","href":"https:\/\/api.w.org\/{rel}","templated":true}]}}