{"id":113516,"date":"2023-04-25T13:56:02","date_gmt":"2023-04-25T16:56:02","guid":{"rendered":"https:\/\/noticiasmercedinas.com\/site\/?p=113516"},"modified":"2023-04-25T13:56:26","modified_gmt":"2023-04-25T16:56:26","slug":"habilitan-posta-de-infecciones-respiratorias-en-pediatria-del-hospital-dubarry-y-se-capacitan","status":"publish","type":"post","link":"https:\/\/noticiasmercedinas.com\/site\/2023\/04\/25\/habilitan-posta-de-infecciones-respiratorias-en-pediatria-del-hospital-dubarry-y-se-capacitan\/","title":{"rendered":"Habilitan posta de Infecciones Respiratorias en Pediatr\u00eda del Hospital Dubarry y se capacitan"},"content":{"rendered":"<p><img loading=\"lazy\" decoding=\"async\" class=\"alignnone size-large wp-image-113517\" src=\"https:\/\/noticiasmercedinas.com\/site\/wp-content\/uploads\/2023\/04\/cacpac-1024x768.jpg\" alt=\"\" width=\"640\" height=\"480\" srcset=\"https:\/\/noticiasmercedinas.com\/site\/wp-content\/uploads\/2023\/04\/cacpac-1024x768.jpg 1024w, https:\/\/noticiasmercedinas.com\/site\/wp-content\/uploads\/2023\/04\/cacpac-300x225.jpg 300w, https:\/\/noticiasmercedinas.com\/site\/wp-content\/uploads\/2023\/04\/cacpac-768x576.jpg 768w, https:\/\/noticiasmercedinas.com\/site\/wp-content\/uploads\/2023\/04\/cacpac-1536x1152.jpg 1536w, https:\/\/noticiasmercedinas.com\/site\/wp-content\/uploads\/2023\/04\/cacpac-80x60.jpg 80w, https:\/\/noticiasmercedinas.com\/site\/wp-content\/uploads\/2023\/04\/cacpac-160x120.jpg 160w, https:\/\/noticiasmercedinas.com\/site\/wp-content\/uploads\/2023\/04\/cacpac-100x75.jpg 100w, https:\/\/noticiasmercedinas.com\/site\/wp-content\/uploads\/2023\/04\/cacpac-200x150.jpg 200w, https:\/\/noticiasmercedinas.com\/site\/wp-content\/uploads\/2023\/04\/cacpac-180x135.jpg 180w, https:\/\/noticiasmercedinas.com\/site\/wp-content\/uploads\/2023\/04\/cacpac-360x270.jpg 360w, https:\/\/noticiasmercedinas.com\/site\/wp-content\/uploads\/2023\/04\/cacpac-238x178.jpg 238w, https:\/\/noticiasmercedinas.com\/site\/wp-content\/uploads\/2023\/04\/cacpac-476x356.jpg 476w, https:\/\/noticiasmercedinas.com\/site\/wp-content\/uploads\/2023\/04\/cacpac-640x480.jpg 640w, https:\/\/noticiasmercedinas.com\/site\/wp-content\/uploads\/2023\/04\/cacpac-1280x960.jpg 1280w, https:\/\/noticiasmercedinas.com\/site\/wp-content\/uploads\/2023\/04\/cacpac-681x511.jpg 681w, https:\/\/noticiasmercedinas.com\/site\/wp-content\/uploads\/2023\/04\/cacpac-1362x1022.jpg 1362w, https:\/\/noticiasmercedinas.com\/site\/wp-content\/uploads\/2023\/04\/cacpac.jpg 1600w\" sizes=\"auto, (max-width: 640px) 100vw, 640px\" \/><\/p>\n<p>El Servicio de Consultorios Externos de Pediatr\u00eda del Hospital Dubarry habilit\u00f3 desde el 17 de abril pasado la posta IRAB, Infecciones Respiratorias Agudas Bajas. Por ello se llev\u00f3 adelante una capacitaci\u00f3n del personal de salud del Hospital ya que se acerca la \u00e9poca invernal en donde se manifiestan las infecciones respiratorias bajas en los peque\u00f1os menores de 5 a\u00f1os de edad, que son la poblaci\u00f3n m\u00e1s vulnerable a estas enfermedades.<\/p>\n<p>Son tambi\u00e9n la poblaci\u00f3n que solicita una mayor cantidad de consultas en el nivel ambulatorio y representan entre un 80 y 50 por ciento de los requerimientos de internaciones por estas causas.<\/p>\n<p>Los adultos responsables a cargo de ni\u00f1os y ni\u00f1as con estas edades pueden acercarse al hospital, a la posta del programa IRAB que se encuentra frente a la ventanilla del programa Primeros Mil d\u00edas dentro del hospital.<\/p>\n<p>A cargo de la capacitaci\u00f3n con personal de salud del hospital por la IRAB, estuvo la m\u00e9dica pediatra Jefa de Consultorios Externos del Hospital Dubarry, Rita Jurado.<\/p>\n<p><img loading=\"lazy\" decoding=\"async\" class=\"alignnone size-large wp-image-113518\" src=\"https:\/\/noticiasmercedinas.com\/site\/wp-content\/uploads\/2023\/04\/f8d55504-2489-4f78-9506-93fbb7c1cd08-768x1024.jpg\" alt=\"\" width=\"640\" height=\"853\" srcset=\"https:\/\/noticiasmercedinas.com\/site\/wp-content\/uploads\/2023\/04\/f8d55504-2489-4f78-9506-93fbb7c1cd08-768x1024.jpg 768w, https:\/\/noticiasmercedinas.com\/site\/wp-content\/uploads\/2023\/04\/f8d55504-2489-4f78-9506-93fbb7c1cd08-225x300.jpg 225w, https:\/\/noticiasmercedinas.com\/site\/wp-content\/uploads\/2023\/04\/f8d55504-2489-4f78-9506-93fbb7c1cd08-1152x1536.jpg 1152w, https:\/\/noticiasmercedinas.com\/site\/wp-content\/uploads\/2023\/04\/f8d55504-2489-4f78-9506-93fbb7c1cd08-640x853.jpg 640w, https:\/\/noticiasmercedinas.com\/site\/wp-content\/uploads\/2023\/04\/f8d55504-2489-4f78-9506-93fbb7c1cd08-681x908.jpg 681w, https:\/\/noticiasmercedinas.com\/site\/wp-content\/uploads\/2023\/04\/f8d55504-2489-4f78-9506-93fbb7c1cd08.jpg 1200w\" sizes=\"auto, (max-width: 640px) 100vw, 640px\" \/><\/p>\n<p><strong>\u00bfQu\u00e9 es la bronquiolitis?<\/strong><br \/>\nLa bronquiolitis es una de las infecciones respiratorias m\u00e1s comunes en oto\u00f1o e invierno en ni\u00f1os peque\u00f1os. Afecta a menores de dos a\u00f1os y provoca una inflamaci\u00f3n de la v\u00eda a\u00e9rea.<\/p>\n<p>El VRS, el Virus Respiratorio Sincicial es la causa m\u00e1s frecuente pero otros virus como la Influenza tambi\u00e9n pueden provocarla; este es el \u00fanico que se previene con la vacuna, por eso desde el 2011 la vacuna antigripal forma parte del calendario nacional vacunatorio gratuito y obligatorio en ni\u00f1os de 6 a 24 meses.<\/p>\n<p><strong>S\u00edntomas que presenta:<\/strong><br \/>\n&#8211; Comienza con resfr\u00edo, tos y fiebre y este per\u00edodo dura entre 1 y 3 d\u00edas<br \/>\n&#8211; Dificultad respiratoria: respiraci\u00f3n r\u00e1pida y con mayor esfuerzo de los m\u00fasculos del t\u00f3rax y cuello; silbido; coloraci\u00f3n azulada en labios, u\u00f1as; dificultad para alimentarse; irritabilidad y somnolencia. Este per\u00edodo dura entre 3 a 5 d\u00edas.<br \/>\n&#8211; Luego comienza la fase de recuperaci\u00f3n, donde persiste tos, ahora con catarro y la recuperaci\u00f3n completa requiere entre 2 y 3 semanas.<br \/>\nPrevenci\u00f3n:<br \/>\nLavarse las manos, taparse la nariz y la boca al toser y estornudar. Mantener alejados a los bebes de lsa personas resfriadas o con tos. Mantener la lactancia materna. Evitar ambientes cerrados, humo de cigarrillos y aerosoles. Ventilar a diario el hogar. Recibir la vacunaci\u00f3n completa.<\/p>\n","protected":false},"excerpt":{"rendered":"<p>\u25a0 Los adultos responsables a cargo de ni\u00f1os y ni\u00f1as con estas edades pueden acercarse al hospital, a la posta del programa IRAB que se encuentra frente a la ventanilla del programa Primeros Mil d\u00edas.<\/p>\n","protected":false},"author":16,"featured_media":113517,"comment_status":"closed","ping_status":"closed","sticky":false,"template":"","format":"standard","meta":{"footnotes":""},"categories":[3],"tags":[14778,224,16693,6882,16694],"class_list":["post-113516","post","type-post","status-publish","format-standard","has-post-thumbnail","hentry","category-sociedad","tag-bronquiolitis","tag-hospital","tag-irab","tag-pediatria","tag-rita-jurado"],"yoast_head":"<!-- This site is optimized with the Yoast SEO plugin v27.5 - https:\/\/yoast.com\/product\/yoast-seo-wordpress\/ -->\n<title>Habilitan posta de Infecciones Respiratorias en Pediatr\u00eda del Hospital Dubarry y se capacitan<\/title>\n<meta name=\"robots\" content=\"index, follow, max-snippet:-1, max-image-preview:large, max-video-preview:-1\" \/>\n<link rel=\"canonical\" href=\"https:\/\/noticiasmercedinas.com\/site\/2023\/04\/25\/habilitan-posta-de-infecciones-respiratorias-en-pediatria-del-hospital-dubarry-y-se-capacitan\/\" \/>\n<meta property=\"og:locale\" content=\"es_ES\" \/>\n<meta property=\"og:type\" content=\"article\" \/>\n<meta property=\"og:title\" content=\"Habilitan posta de Infecciones Respiratorias en Pediatr\u00eda del Hospital Dubarry y se capacitan\" \/>\n<meta property=\"og:description\" content=\"\u25a0 Los adultos responsables a cargo de ni\u00f1os y ni\u00f1as con estas edades pueden acercarse al hospital, a la posta del programa IRAB que se encuentra frente a la ventanilla del programa Primeros Mil d\u00edas.\" \/>\n<meta property=\"og:url\" content=\"https:\/\/noticiasmercedinas.com\/site\/2023\/04\/25\/habilitan-posta-de-infecciones-respiratorias-en-pediatria-del-hospital-dubarry-y-se-capacitan\/\" \/>\n<meta property=\"og:site_name\" content=\"NOTICIASMERCEDINAS.COM\" \/>\n<meta property=\"article:publisher\" content=\"https:\/\/www.facebook.com\/noticiasmercedinas\/\" \/>\n<meta property=\"article:published_time\" content=\"2023-04-25T16:56:02+00:00\" \/>\n<meta property=\"article:modified_time\" content=\"2023-04-25T16:56:26+00:00\" \/>\n<meta property=\"og:image\" content=\"https:\/\/noticiasmercedinas.com\/site\/wp-content\/uploads\/2023\/04\/cacpac.jpg\" \/>\n\t<meta property=\"og:image:width\" content=\"1600\" \/>\n\t<meta property=\"og:image:height\" content=\"1200\" \/>\n\t<meta property=\"og:image:type\" content=\"image\/jpeg\" \/>\n<meta name=\"author\" content=\"NOTICIASMERCEDINAS.COM\" \/>\n<meta name=\"twitter:card\" content=\"summary_large_image\" \/>\n<meta name=\"twitter:creator\" content=\"@notmercedinas\" \/>\n<meta name=\"twitter:site\" content=\"@notmercedinas\" \/>\n<meta name=\"twitter:label1\" content=\"Escrito por\" \/>\n\t<meta name=\"twitter:data1\" content=\"NOTICIASMERCEDINAS.COM\" \/>\n\t<meta name=\"twitter:label2\" content=\"Tiempo de lectura\" \/>\n\t<meta name=\"twitter:data2\" content=\"3 minutos\" \/>\n<script type=\"application\/ld+json\" class=\"yoast-schema-graph\">{\"@context\":\"https:\\\/\\\/schema.org\",\"@graph\":[{\"@type\":\"Article\",\"@id\":\"https:\\\/\\\/noticiasmercedinas.com\\\/site\\\/2023\\\/04\\\/25\\\/habilitan-posta-de-infecciones-respiratorias-en-pediatria-del-hospital-dubarry-y-se-capacitan\\\/#article\",\"isPartOf\":{\"@id\":\"https:\\\/\\\/noticiasmercedinas.com\\\/site\\\/2023\\\/04\\\/25\\\/habilitan-posta-de-infecciones-respiratorias-en-pediatria-del-hospital-dubarry-y-se-capacitan\\\/\"},\"author\":{\"name\":\"NOTICIASMERCEDINAS.COM\",\"@id\":\"https:\\\/\\\/noticiasmercedinas.com\\\/site\\\/#\\\/schema\\\/person\\\/84b59c099c28ff2e8b77d4ceec5d8063\"},\"headline\":\"Habilitan posta de Infecciones Respiratorias en Pediatr\u00eda del Hospital Dubarry y se capacitan\",\"datePublished\":\"2023-04-25T16:56:02+00:00\",\"dateModified\":\"2023-04-25T16:56:26+00:00\",\"mainEntityOfPage\":{\"@id\":\"https:\\\/\\\/noticiasmercedinas.com\\\/site\\\/2023\\\/04\\\/25\\\/habilitan-posta-de-infecciones-respiratorias-en-pediatria-del-hospital-dubarry-y-se-capacitan\\\/\"},\"wordCount\":421,\"publisher\":{\"@id\":\"https:\\\/\\\/noticiasmercedinas.com\\\/site\\\/#organization\"},\"image\":{\"@id\":\"https:\\\/\\\/noticiasmercedinas.com\\\/site\\\/2023\\\/04\\\/25\\\/habilitan-posta-de-infecciones-respiratorias-en-pediatria-del-hospital-dubarry-y-se-capacitan\\\/#primaryimage\"},\"thumbnailUrl\":\"https:\\\/\\\/noticiasmercedinas.com\\\/site\\\/wp-content\\\/uploads\\\/2023\\\/04\\\/cacpac.jpg\",\"keywords\":[\"bronquiolitis\",\"hospital\",\"irab\",\"pediatria\",\"rita jurado\"],\"articleSection\":[\"Sociedad\"],\"inLanguage\":\"es\"},{\"@type\":\"WebPage\",\"@id\":\"https:\\\/\\\/noticiasmercedinas.com\\\/site\\\/2023\\\/04\\\/25\\\/habilitan-posta-de-infecciones-respiratorias-en-pediatria-del-hospital-dubarry-y-se-capacitan\\\/\",\"url\":\"https:\\\/\\\/noticiasmercedinas.com\\\/site\\\/2023\\\/04\\\/25\\\/habilitan-posta-de-infecciones-respiratorias-en-pediatria-del-hospital-dubarry-y-se-capacitan\\\/\",\"name\":\"Habilitan posta de Infecciones Respiratorias en Pediatr\u00eda del Hospital Dubarry y se capacitan\",\"isPartOf\":{\"@id\":\"https:\\\/\\\/noticiasmercedinas.com\\\/site\\\/#website\"},\"primaryImageOfPage\":{\"@id\":\"https:\\\/\\\/noticiasmercedinas.com\\\/site\\\/2023\\\/04\\\/25\\\/habilitan-posta-de-infecciones-respiratorias-en-pediatria-del-hospital-dubarry-y-se-capacitan\\\/#primaryimage\"},\"image\":{\"@id\":\"https:\\\/\\\/noticiasmercedinas.com\\\/site\\\/2023\\\/04\\\/25\\\/habilitan-posta-de-infecciones-respiratorias-en-pediatria-del-hospital-dubarry-y-se-capacitan\\\/#primaryimage\"},\"thumbnailUrl\":\"https:\\\/\\\/noticiasmercedinas.com\\\/site\\\/wp-content\\\/uploads\\\/2023\\\/04\\\/cacpac.jpg\",\"datePublished\":\"2023-04-25T16:56:02+00:00\",\"dateModified\":\"2023-04-25T16:56:26+00:00\",\"breadcrumb\":{\"@id\":\"https:\\\/\\\/noticiasmercedinas.com\\\/site\\\/2023\\\/04\\\/25\\\/habilitan-posta-de-infecciones-respiratorias-en-pediatria-del-hospital-dubarry-y-se-capacitan\\\/#breadcrumb\"},\"inLanguage\":\"es\",\"potentialAction\":[{\"@type\":\"ReadAction\",\"target\":[\"https:\\\/\\\/noticiasmercedinas.com\\\/site\\\/2023\\\/04\\\/25\\\/habilitan-posta-de-infecciones-respiratorias-en-pediatria-del-hospital-dubarry-y-se-capacitan\\\/\"]}]},{\"@type\":\"ImageObject\",\"inLanguage\":\"es\",\"@id\":\"https:\\\/\\\/noticiasmercedinas.com\\\/site\\\/2023\\\/04\\\/25\\\/habilitan-posta-de-infecciones-respiratorias-en-pediatria-del-hospital-dubarry-y-se-capacitan\\\/#primaryimage\",\"url\":\"https:\\\/\\\/noticiasmercedinas.com\\\/site\\\/wp-content\\\/uploads\\\/2023\\\/04\\\/cacpac.jpg\",\"contentUrl\":\"https:\\\/\\\/noticiasmercedinas.com\\\/site\\\/wp-content\\\/uploads\\\/2023\\\/04\\\/cacpac.jpg\",\"width\":1600,\"height\":1200},{\"@type\":\"BreadcrumbList\",\"@id\":\"https:\\\/\\\/noticiasmercedinas.com\\\/site\\\/2023\\\/04\\\/25\\\/habilitan-posta-de-infecciones-respiratorias-en-pediatria-del-hospital-dubarry-y-se-capacitan\\\/#breadcrumb\",\"itemListElement\":[{\"@type\":\"ListItem\",\"position\":1,\"name\":\"Portada\",\"item\":\"https:\\\/\\\/noticiasmercedinas.com\\\/site\\\/\"},{\"@type\":\"ListItem\",\"position\":2,\"name\":\"Habilitan posta de Infecciones Respiratorias en Pediatr\u00eda del Hospital Dubarry y se capacitan\"}]},{\"@type\":\"WebSite\",\"@id\":\"https:\\\/\\\/noticiasmercedinas.com\\\/site\\\/#website\",\"url\":\"https:\\\/\\\/noticiasmercedinas.com\\\/site\\\/\",\"name\":\"NOTICIASMERCEDINAS.COM\",\"description\":\"Mercedes, Buenos Aires, Argentina\",\"publisher\":{\"@id\":\"https:\\\/\\\/noticiasmercedinas.com\\\/site\\\/#organization\"},\"potentialAction\":[{\"@type\":\"SearchAction\",\"target\":{\"@type\":\"EntryPoint\",\"urlTemplate\":\"https:\\\/\\\/noticiasmercedinas.com\\\/site\\\/?s={search_term_string}\"},\"query-input\":{\"@type\":\"PropertyValueSpecification\",\"valueRequired\":true,\"valueName\":\"search_term_string\"}}],\"inLanguage\":\"es\"},{\"@type\":\"Organization\",\"@id\":\"https:\\\/\\\/noticiasmercedinas.com\\\/site\\\/#organization\",\"name\":\"NOTICIASMERCEDINAS.COM\",\"url\":\"https:\\\/\\\/noticiasmercedinas.com\\\/site\\\/\",\"logo\":{\"@type\":\"ImageObject\",\"inLanguage\":\"es\",\"@id\":\"https:\\\/\\\/noticiasmercedinas.com\\\/site\\\/#\\\/schema\\\/logo\\\/image\\\/\",\"url\":\"https:\\\/\\\/noticiasmercedinas.com\\\/site\\\/wp-content\\\/uploads\\\/2020\\\/06\\\/LOGO-512.jpg\",\"contentUrl\":\"https:\\\/\\\/noticiasmercedinas.com\\\/site\\\/wp-content\\\/uploads\\\/2020\\\/06\\\/LOGO-512.jpg\",\"width\":512,\"height\":512,\"caption\":\"NOTICIASMERCEDINAS.COM\"},\"image\":{\"@id\":\"https:\\\/\\\/noticiasmercedinas.com\\\/site\\\/#\\\/schema\\\/logo\\\/image\\\/\"},\"sameAs\":[\"https:\\\/\\\/www.facebook.com\\\/noticiasmercedinas\\\/\",\"https:\\\/\\\/x.com\\\/notmercedinas\",\"https:\\\/\\\/www.instagram.com\\\/noticiasmercedinas\\\/\"]},{\"@type\":\"Person\",\"@id\":\"https:\\\/\\\/noticiasmercedinas.com\\\/site\\\/#\\\/schema\\\/person\\\/84b59c099c28ff2e8b77d4ceec5d8063\",\"name\":\"NOTICIASMERCEDINAS.COM\",\"image\":{\"@type\":\"ImageObject\",\"inLanguage\":\"es\",\"@id\":\"https:\\\/\\\/secure.gravatar.com\\\/avatar\\\/4dfbf16b4d17945bfb6341b2d19043457132fcf478a5ee04f42e959fd8f5df0a?s=96&d=mm&r=g\",\"url\":\"https:\\\/\\\/secure.gravatar.com\\\/avatar\\\/4dfbf16b4d17945bfb6341b2d19043457132fcf478a5ee04f42e959fd8f5df0a?s=96&d=mm&r=g\",\"contentUrl\":\"https:\\\/\\\/secure.gravatar.com\\\/avatar\\\/4dfbf16b4d17945bfb6341b2d19043457132fcf478a5ee04f42e959fd8f5df0a?s=96&d=mm&r=g\",\"caption\":\"NOTICIASMERCEDINAS.COM\"},\"url\":\"https:\\\/\\\/noticiasmercedinas.com\\\/site\\\/author\\\/anonimo\\\/\"}]}<\/script>\n<!-- \/ Yoast SEO plugin. -->","yoast_head_json":{"title":"Habilitan posta de Infecciones Respiratorias en Pediatr\u00eda del Hospital Dubarry y se capacitan","robots":{"index":"index","follow":"follow","max-snippet":"max-snippet:-1","max-image-preview":"max-image-preview:large","max-video-preview":"max-video-preview:-1"},"canonical":"https:\/\/noticiasmercedinas.com\/site\/2023\/04\/25\/habilitan-posta-de-infecciones-respiratorias-en-pediatria-del-hospital-dubarry-y-se-capacitan\/","og_locale":"es_ES","og_type":"article","og_title":"Habilitan posta de Infecciones Respiratorias en Pediatr\u00eda del Hospital Dubarry y se capacitan","og_description":"\u25a0 Los adultos responsables a cargo de ni\u00f1os y ni\u00f1as con estas edades pueden acercarse al hospital, a la posta del programa IRAB que se encuentra frente a la ventanilla del programa Primeros Mil d\u00edas.","og_url":"https:\/\/noticiasmercedinas.com\/site\/2023\/04\/25\/habilitan-posta-de-infecciones-respiratorias-en-pediatria-del-hospital-dubarry-y-se-capacitan\/","og_site_name":"NOTICIASMERCEDINAS.COM","article_publisher":"https:\/\/www.facebook.com\/noticiasmercedinas\/","article_published_time":"2023-04-25T16:56:02+00:00","article_modified_time":"2023-04-25T16:56:26+00:00","og_image":[{"width":1600,"height":1200,"url":"https:\/\/noticiasmercedinas.com\/site\/wp-content\/uploads\/2023\/04\/cacpac.jpg","type":"image\/jpeg"}],"author":"NOTICIASMERCEDINAS.COM","twitter_card":"summary_large_image","twitter_creator":"@notmercedinas","twitter_site":"@notmercedinas","twitter_misc":{"Escrito por":"NOTICIASMERCEDINAS.COM","Tiempo de lectura":"3 minutos"},"schema":{"@context":"https:\/\/schema.org","@graph":[{"@type":"Article","@id":"https:\/\/noticiasmercedinas.com\/site\/2023\/04\/25\/habilitan-posta-de-infecciones-respiratorias-en-pediatria-del-hospital-dubarry-y-se-capacitan\/#article","isPartOf":{"@id":"https:\/\/noticiasmercedinas.com\/site\/2023\/04\/25\/habilitan-posta-de-infecciones-respiratorias-en-pediatria-del-hospital-dubarry-y-se-capacitan\/"},"author":{"name":"NOTICIASMERCEDINAS.COM","@id":"https:\/\/noticiasmercedinas.com\/site\/#\/schema\/person\/84b59c099c28ff2e8b77d4ceec5d8063"},"headline":"Habilitan posta de Infecciones Respiratorias en Pediatr\u00eda del Hospital Dubarry y se capacitan","datePublished":"2023-04-25T16:56:02+00:00","dateModified":"2023-04-25T16:56:26+00:00","mainEntityOfPage":{"@id":"https:\/\/noticiasmercedinas.com\/site\/2023\/04\/25\/habilitan-posta-de-infecciones-respiratorias-en-pediatria-del-hospital-dubarry-y-se-capacitan\/"},"wordCount":421,"publisher":{"@id":"https:\/\/noticiasmercedinas.com\/site\/#organization"},"image":{"@id":"https:\/\/noticiasmercedinas.com\/site\/2023\/04\/25\/habilitan-posta-de-infecciones-respiratorias-en-pediatria-del-hospital-dubarry-y-se-capacitan\/#primaryimage"},"thumbnailUrl":"https:\/\/noticiasmercedinas.com\/site\/wp-content\/uploads\/2023\/04\/cacpac.jpg","keywords":["bronquiolitis","hospital","irab","pediatria","rita jurado"],"articleSection":["Sociedad"],"inLanguage":"es"},{"@type":"WebPage","@id":"https:\/\/noticiasmercedinas.com\/site\/2023\/04\/25\/habilitan-posta-de-infecciones-respiratorias-en-pediatria-del-hospital-dubarry-y-se-capacitan\/","url":"https:\/\/noticiasmercedinas.com\/site\/2023\/04\/25\/habilitan-posta-de-infecciones-respiratorias-en-pediatria-del-hospital-dubarry-y-se-capacitan\/","name":"Habilitan posta de Infecciones Respiratorias en Pediatr\u00eda del Hospital Dubarry y se capacitan","isPartOf":{"@id":"https:\/\/noticiasmercedinas.com\/site\/#website"},"primaryImageOfPage":{"@id":"https:\/\/noticiasmercedinas.com\/site\/2023\/04\/25\/habilitan-posta-de-infecciones-respiratorias-en-pediatria-del-hospital-dubarry-y-se-capacitan\/#primaryimage"},"image":{"@id":"https:\/\/noticiasmercedinas.com\/site\/2023\/04\/25\/habilitan-posta-de-infecciones-respiratorias-en-pediatria-del-hospital-dubarry-y-se-capacitan\/#primaryimage"},"thumbnailUrl":"https:\/\/noticiasmercedinas.com\/site\/wp-content\/uploads\/2023\/04\/cacpac.jpg","datePublished":"2023-04-25T16:56:02+00:00","dateModified":"2023-04-25T16:56:26+00:00","breadcrumb":{"@id":"https:\/\/noticiasmercedinas.com\/site\/2023\/04\/25\/habilitan-posta-de-infecciones-respiratorias-en-pediatria-del-hospital-dubarry-y-se-capacitan\/#breadcrumb"},"inLanguage":"es","potentialAction":[{"@type":"ReadAction","target":["https:\/\/noticiasmercedinas.com\/site\/2023\/04\/25\/habilitan-posta-de-infecciones-respiratorias-en-pediatria-del-hospital-dubarry-y-se-capacitan\/"]}]},{"@type":"ImageObject","inLanguage":"es","@id":"https:\/\/noticiasmercedinas.com\/site\/2023\/04\/25\/habilitan-posta-de-infecciones-respiratorias-en-pediatria-del-hospital-dubarry-y-se-capacitan\/#primaryimage","url":"https:\/\/noticiasmercedinas.com\/site\/wp-content\/uploads\/2023\/04\/cacpac.jpg","contentUrl":"https:\/\/noticiasmercedinas.com\/site\/wp-content\/uploads\/2023\/04\/cacpac.jpg","width":1600,"height":1200},{"@type":"BreadcrumbList","@id":"https:\/\/noticiasmercedinas.com\/site\/2023\/04\/25\/habilitan-posta-de-infecciones-respiratorias-en-pediatria-del-hospital-dubarry-y-se-capacitan\/#breadcrumb","itemListElement":[{"@type":"ListItem","position":1,"name":"Portada","item":"https:\/\/noticiasmercedinas.com\/site\/"},{"@type":"ListItem","position":2,"name":"Habilitan posta de Infecciones Respiratorias en Pediatr\u00eda del Hospital Dubarry y se capacitan"}]},{"@type":"WebSite","@id":"https:\/\/noticiasmercedinas.com\/site\/#website","url":"https:\/\/noticiasmercedinas.com\/site\/","name":"NOTICIASMERCEDINAS.COM","description":"Mercedes, Buenos Aires, Argentina","publisher":{"@id":"https:\/\/noticiasmercedinas.com\/site\/#organization"},"potentialAction":[{"@type":"SearchAction","target":{"@type":"EntryPoint","urlTemplate":"https:\/\/noticiasmercedinas.com\/site\/?s={search_term_string}"},"query-input":{"@type":"PropertyValueSpecification","valueRequired":true,"valueName":"search_term_string"}}],"inLanguage":"es"},{"@type":"Organization","@id":"https:\/\/noticiasmercedinas.com\/site\/#organization","name":"NOTICIASMERCEDINAS.COM","url":"https:\/\/noticiasmercedinas.com\/site\/","logo":{"@type":"ImageObject","inLanguage":"es","@id":"https:\/\/noticiasmercedinas.com\/site\/#\/schema\/logo\/image\/","url":"https:\/\/noticiasmercedinas.com\/site\/wp-content\/uploads\/2020\/06\/LOGO-512.jpg","contentUrl":"https:\/\/noticiasmercedinas.com\/site\/wp-content\/uploads\/2020\/06\/LOGO-512.jpg","width":512,"height":512,"caption":"NOTICIASMERCEDINAS.COM"},"image":{"@id":"https:\/\/noticiasmercedinas.com\/site\/#\/schema\/logo\/image\/"},"sameAs":["https:\/\/www.facebook.com\/noticiasmercedinas\/","https:\/\/x.com\/notmercedinas","https:\/\/www.instagram.com\/noticiasmercedinas\/"]},{"@type":"Person","@id":"https:\/\/noticiasmercedinas.com\/site\/#\/schema\/person\/84b59c099c28ff2e8b77d4ceec5d8063","name":"NOTICIASMERCEDINAS.COM","image":{"@type":"ImageObject","inLanguage":"es","@id":"https:\/\/secure.gravatar.com\/avatar\/4dfbf16b4d17945bfb6341b2d19043457132fcf478a5ee04f42e959fd8f5df0a?s=96&d=mm&r=g","url":"https:\/\/secure.gravatar.com\/avatar\/4dfbf16b4d17945bfb6341b2d19043457132fcf478a5ee04f42e959fd8f5df0a?s=96&d=mm&r=g","contentUrl":"https:\/\/secure.gravatar.com\/avatar\/4dfbf16b4d17945bfb6341b2d19043457132fcf478a5ee04f42e959fd8f5df0a?s=96&d=mm&r=g","caption":"NOTICIASMERCEDINAS.COM"},"url":"https:\/\/noticiasmercedinas.com\/site\/author\/anonimo\/"}]}},"amp_enabled":true,"_links":{"self":[{"href":"https:\/\/noticiasmercedinas.com\/site\/wp-json\/wp\/v2\/posts\/113516","targetHints":{"allow":["GET"]}}],"collection":[{"href":"https:\/\/noticiasmercedinas.com\/site\/wp-json\/wp\/v2\/posts"}],"about":[{"href":"https:\/\/noticiasmercedinas.com\/site\/wp-json\/wp\/v2\/types\/post"}],"author":[{"embeddable":true,"href":"https:\/\/noticiasmercedinas.com\/site\/wp-json\/wp\/v2\/users\/16"}],"replies":[{"embeddable":true,"href":"https:\/\/noticiasmercedinas.com\/site\/wp-json\/wp\/v2\/comments?post=113516"}],"version-history":[{"count":2,"href":"https:\/\/noticiasmercedinas.com\/site\/wp-json\/wp\/v2\/posts\/113516\/revisions"}],"predecessor-version":[{"id":113520,"href":"https:\/\/noticiasmercedinas.com\/site\/wp-json\/wp\/v2\/posts\/113516\/revisions\/113520"}],"wp:featuredmedia":[{"embeddable":true,"href":"https:\/\/noticiasmercedinas.com\/site\/wp-json\/wp\/v2\/media\/113517"}],"wp:attachment":[{"href":"https:\/\/noticiasmercedinas.com\/site\/wp-json\/wp\/v2\/media?parent=113516"}],"wp:term":[{"taxonomy":"category","embeddable":true,"href":"https:\/\/noticiasmercedinas.com\/site\/wp-json\/wp\/v2\/categories?post=113516"},{"taxonomy":"post_tag","embeddable":true,"href":"https:\/\/noticiasmercedinas.com\/site\/wp-json\/wp\/v2\/tags?post=113516"}],"curies":[{"name":"wp","href":"https:\/\/api.w.org\/{rel}","templated":true}]}}