{"id":113532,"date":"2023-04-25T15:06:41","date_gmt":"2023-04-25T18:06:41","guid":{"rendered":"https:\/\/noticiasmercedinas.com\/site\/?p=113532"},"modified":"2023-04-25T15:06:41","modified_gmt":"2023-04-25T18:06:41","slug":"la-septima-de-la-primera-d-va-sabado-martes-y-miercoles","status":"publish","type":"post","link":"https:\/\/noticiasmercedinas.com\/site\/2023\/04\/25\/la-septima-de-la-primera-d-va-sabado-martes-y-miercoles\/","title":{"rendered":"La s\u00e9ptima de la Primera D va s\u00e1bado, martes y mi\u00e9rcoles"},"content":{"rendered":"<figure id=\"attachment_113533\" aria-describedby=\"caption-attachment-113533\" style=\"width: 640px\" class=\"wp-caption alignnone\"><img loading=\"lazy\" decoding=\"async\" class=\"wp-image-113533 size-full\" src=\"https:\/\/noticiasmercedinas.com\/site\/wp-content\/uploads\/2023\/04\/IMG_5484.jpg\" alt=\"\" width=\"640\" height=\"384\" srcset=\"https:\/\/noticiasmercedinas.com\/site\/wp-content\/uploads\/2023\/04\/IMG_5484.jpg 640w, https:\/\/noticiasmercedinas.com\/site\/wp-content\/uploads\/2023\/04\/IMG_5484-300x180.jpg 300w\" sizes=\"auto, (max-width: 640px) 100vw, 640px\" \/><figcaption id=\"caption-attachment-113533\" class=\"wp-caption-text\">Club Mercedes viene de ganarle a Barracas.<\/figcaption><\/figure>\n<p>La Primera D estar\u00e1 teniendo a partir de este s\u00e1bado 29 la fecha 7 quedando libre Deportivo Paraguayo, d\u00eda donde Club Mercedes visitar\u00e1 a El Porvenir y para este encuentro como el resto de la fecha est\u00e1n las designaciones arbitrales.<\/p>\n<p>El mismo d\u00eda Lugano ya sin el DT Juan Aquino recibir\u00e1 al \u00faltimo Central Ballester. La continuidad de partidos pasar\u00e1 al martes en Mor\u00f3n con Barracas ante Argentino y el mi\u00e9rcoles 3 en Merlo con el cl\u00e1sico de San Miguel, Juventud Unida y el puntero Mu\u00f1iz.<\/p>\n<p><strong>S\u00e1bado 29<br \/>\nCancha:<\/strong> El Porvenir.<br \/>\nA las 15.30 El Porvenir vs. Mercedes<br \/>\n<strong>\u00c1rbitro: <\/strong>Adri\u00e1n N\u00fa\u00f1ez.<br \/>\n<strong>Asistente 1:<\/strong> Facundo Mendiolar.<br \/>\n<strong>Asistente 2:<\/strong> Alexis Escobar.<br \/>\n<strong>Cuarto \u00e1rbitro:<\/strong> Francisco Varano.<\/p>\n<p>A las 15.30 Lugano vs. Central Ballester.<br \/>\n<strong>\u00c1rbitro:<\/strong> Ramiro Maglio.<\/p>\n<p><strong>Martes 2 de mayo<br \/>\nCancha:<\/strong> Deportivo Mor\u00f3n.<br \/>\nA las 15.30 Sportivo Barracas vs. Argentino (Rosario).<br \/>\n<strong>\u00c1rbitro:<\/strong> David Cornejo.<\/p>\n<p>A las 15.30 Defensores de Cambaceres vs Centro Espa\u00f1ol.<br \/>\n<strong>\u00c1rbitro:<\/strong> Nicol\u00e1s Jara.<\/p>\n<p><strong>Mi\u00e9rcoles 3 de mayo<br \/>\nCancha: <\/strong>Deportivo Merlo.<br \/>\nA las 15.30 Juventud Unida vs. Deportivo Mu\u00f1iz.<br \/>\n<strong>\u00c1rbitro:<\/strong> Rodrigo Villalba.<\/p>\n<p><img loading=\"lazy\" decoding=\"async\" class=\"alignnone size-full wp-image-113534\" src=\"https:\/\/noticiasmercedinas.com\/site\/wp-content\/uploads\/2023\/04\/Primera-Dl-2.jpg\" alt=\"\" width=\"640\" height=\"369\" srcset=\"https:\/\/noticiasmercedinas.com\/site\/wp-content\/uploads\/2023\/04\/Primera-Dl-2.jpg 640w, https:\/\/noticiasmercedinas.com\/site\/wp-content\/uploads\/2023\/04\/Primera-Dl-2-300x173.jpg 300w\" sizes=\"auto, (max-width: 640px) 100vw, 640px\" \/><\/p>\n","protected":false},"excerpt":{"rendered":"<p>\u25a0 Con las designaciones arbitrales por parte de la AFA la categor\u00eda m\u00e1s chica del ascenso tiene sus confirmaciones. El s\u00e1bado Mercedes ser\u00e1 visitante de El Porvenir desde las 15.30 con Adri\u00e1n N\u00fa\u00f1ez como juez principal.<\/p>\n","protected":false},"author":6,"featured_media":113533,"comment_status":"closed","ping_status":"closed","sticky":false,"template":"","format":"standard","meta":{"footnotes":""},"categories":[5],"tags":[6424,135,10499,11935],"class_list":["post-113532","post","type-post","status-publish","format-standard","has-post-thumbnail","hentry","category-deportes","tag-afa","tag-club-mercedes","tag-el-porvenir","tag-primera-d"],"yoast_head":"<!-- This site is optimized with the Yoast SEO plugin v27.4 - https:\/\/yoast.com\/product\/yoast-seo-wordpress\/ -->\n<title>La s\u00e9ptima de la Primera D va s\u00e1bado, martes y mi\u00e9rcoles<\/title>\n<meta name=\"robots\" content=\"index, follow, max-snippet:-1, max-image-preview:large, max-video-preview:-1\" \/>\n<link rel=\"canonical\" href=\"https:\/\/noticiasmercedinas.com\/site\/2023\/04\/25\/la-septima-de-la-primera-d-va-sabado-martes-y-miercoles\/\" \/>\n<meta property=\"og:locale\" content=\"es_ES\" \/>\n<meta property=\"og:type\" content=\"article\" \/>\n<meta property=\"og:title\" content=\"La s\u00e9ptima de la Primera D va s\u00e1bado, martes y mi\u00e9rcoles\" \/>\n<meta property=\"og:description\" content=\"\u25a0 Con las designaciones arbitrales por parte de la AFA la categor\u00eda m\u00e1s chica del ascenso tiene sus confirmaciones. El s\u00e1bado Mercedes ser\u00e1 visitante de El Porvenir desde las 15.30 con Adri\u00e1n N\u00fa\u00f1ez como juez principal.\" \/>\n<meta property=\"og:url\" content=\"https:\/\/noticiasmercedinas.com\/site\/2023\/04\/25\/la-septima-de-la-primera-d-va-sabado-martes-y-miercoles\/\" \/>\n<meta property=\"og:site_name\" content=\"NOTICIASMERCEDINAS.COM\" \/>\n<meta property=\"article:publisher\" content=\"https:\/\/www.facebook.com\/noticiasmercedinas\/\" \/>\n<meta property=\"article:published_time\" content=\"2023-04-25T18:06:41+00:00\" \/>\n<meta property=\"og:image\" content=\"https:\/\/noticiasmercedinas.com\/site\/wp-content\/uploads\/2023\/04\/IMG_5484.jpg\" \/>\n\t<meta property=\"og:image:width\" content=\"640\" \/>\n\t<meta property=\"og:image:height\" content=\"384\" \/>\n\t<meta property=\"og:image:type\" content=\"image\/jpeg\" \/>\n<meta name=\"author\" content=\"Juan Dagnino NOTICIASMERCEDINAS.COM\" \/>\n<meta name=\"twitter:card\" content=\"summary_large_image\" \/>\n<meta name=\"twitter:creator\" content=\"@notmercedinas\" \/>\n<meta name=\"twitter:site\" content=\"@notmercedinas\" \/>\n<meta name=\"twitter:label1\" content=\"Escrito por\" \/>\n\t<meta name=\"twitter:data1\" content=\"Juan Dagnino NOTICIASMERCEDINAS.COM\" \/>\n\t<meta name=\"twitter:label2\" content=\"Tiempo de lectura\" \/>\n\t<meta name=\"twitter:data2\" content=\"2 minutos\" \/>\n<script type=\"application\/ld+json\" class=\"yoast-schema-graph\">{\"@context\":\"https:\\\/\\\/schema.org\",\"@graph\":[{\"@type\":\"Article\",\"@id\":\"https:\\\/\\\/noticiasmercedinas.com\\\/site\\\/2023\\\/04\\\/25\\\/la-septima-de-la-primera-d-va-sabado-martes-y-miercoles\\\/#article\",\"isPartOf\":{\"@id\":\"https:\\\/\\\/noticiasmercedinas.com\\\/site\\\/2023\\\/04\\\/25\\\/la-septima-de-la-primera-d-va-sabado-martes-y-miercoles\\\/\"},\"author\":{\"name\":\"Juan Dagnino NOTICIASMERCEDINAS.COM\",\"@id\":\"https:\\\/\\\/noticiasmercedinas.com\\\/site\\\/#\\\/schema\\\/person\\\/8f2f09d666ef40986eba4a5e6f2a06f9\"},\"headline\":\"La s\u00e9ptima de la Primera D va s\u00e1bado, martes y mi\u00e9rcoles\",\"datePublished\":\"2023-04-25T18:06:41+00:00\",\"mainEntityOfPage\":{\"@id\":\"https:\\\/\\\/noticiasmercedinas.com\\\/site\\\/2023\\\/04\\\/25\\\/la-septima-de-la-primera-d-va-sabado-martes-y-miercoles\\\/\"},\"wordCount\":202,\"publisher\":{\"@id\":\"https:\\\/\\\/noticiasmercedinas.com\\\/site\\\/#organization\"},\"image\":{\"@id\":\"https:\\\/\\\/noticiasmercedinas.com\\\/site\\\/2023\\\/04\\\/25\\\/la-septima-de-la-primera-d-va-sabado-martes-y-miercoles\\\/#primaryimage\"},\"thumbnailUrl\":\"https:\\\/\\\/noticiasmercedinas.com\\\/site\\\/wp-content\\\/uploads\\\/2023\\\/04\\\/IMG_5484.jpg\",\"keywords\":[\"AFA\",\"club mercedes\",\"El Porvenir\",\"Primera D\"],\"articleSection\":[\"Deportes\"],\"inLanguage\":\"es\"},{\"@type\":\"WebPage\",\"@id\":\"https:\\\/\\\/noticiasmercedinas.com\\\/site\\\/2023\\\/04\\\/25\\\/la-septima-de-la-primera-d-va-sabado-martes-y-miercoles\\\/\",\"url\":\"https:\\\/\\\/noticiasmercedinas.com\\\/site\\\/2023\\\/04\\\/25\\\/la-septima-de-la-primera-d-va-sabado-martes-y-miercoles\\\/\",\"name\":\"La s\u00e9ptima de la Primera D va s\u00e1bado, martes y mi\u00e9rcoles\",\"isPartOf\":{\"@id\":\"https:\\\/\\\/noticiasmercedinas.com\\\/site\\\/#website\"},\"primaryImageOfPage\":{\"@id\":\"https:\\\/\\\/noticiasmercedinas.com\\\/site\\\/2023\\\/04\\\/25\\\/la-septima-de-la-primera-d-va-sabado-martes-y-miercoles\\\/#primaryimage\"},\"image\":{\"@id\":\"https:\\\/\\\/noticiasmercedinas.com\\\/site\\\/2023\\\/04\\\/25\\\/la-septima-de-la-primera-d-va-sabado-martes-y-miercoles\\\/#primaryimage\"},\"thumbnailUrl\":\"https:\\\/\\\/noticiasmercedinas.com\\\/site\\\/wp-content\\\/uploads\\\/2023\\\/04\\\/IMG_5484.jpg\",\"datePublished\":\"2023-04-25T18:06:41+00:00\",\"breadcrumb\":{\"@id\":\"https:\\\/\\\/noticiasmercedinas.com\\\/site\\\/2023\\\/04\\\/25\\\/la-septima-de-la-primera-d-va-sabado-martes-y-miercoles\\\/#breadcrumb\"},\"inLanguage\":\"es\",\"potentialAction\":[{\"@type\":\"ReadAction\",\"target\":[\"https:\\\/\\\/noticiasmercedinas.com\\\/site\\\/2023\\\/04\\\/25\\\/la-septima-de-la-primera-d-va-sabado-martes-y-miercoles\\\/\"]}]},{\"@type\":\"ImageObject\",\"inLanguage\":\"es\",\"@id\":\"https:\\\/\\\/noticiasmercedinas.com\\\/site\\\/2023\\\/04\\\/25\\\/la-septima-de-la-primera-d-va-sabado-martes-y-miercoles\\\/#primaryimage\",\"url\":\"https:\\\/\\\/noticiasmercedinas.com\\\/site\\\/wp-content\\\/uploads\\\/2023\\\/04\\\/IMG_5484.jpg\",\"contentUrl\":\"https:\\\/\\\/noticiasmercedinas.com\\\/site\\\/wp-content\\\/uploads\\\/2023\\\/04\\\/IMG_5484.jpg\",\"width\":640,\"height\":384},{\"@type\":\"BreadcrumbList\",\"@id\":\"https:\\\/\\\/noticiasmercedinas.com\\\/site\\\/2023\\\/04\\\/25\\\/la-septima-de-la-primera-d-va-sabado-martes-y-miercoles\\\/#breadcrumb\",\"itemListElement\":[{\"@type\":\"ListItem\",\"position\":1,\"name\":\"Portada\",\"item\":\"https:\\\/\\\/noticiasmercedinas.com\\\/site\\\/\"},{\"@type\":\"ListItem\",\"position\":2,\"name\":\"La s\u00e9ptima de la Primera D va s\u00e1bado, martes y mi\u00e9rcoles\"}]},{\"@type\":\"WebSite\",\"@id\":\"https:\\\/\\\/noticiasmercedinas.com\\\/site\\\/#website\",\"url\":\"https:\\\/\\\/noticiasmercedinas.com\\\/site\\\/\",\"name\":\"NOTICIASMERCEDINAS.COM\",\"description\":\"Mercedes, Buenos Aires, Argentina\",\"publisher\":{\"@id\":\"https:\\\/\\\/noticiasmercedinas.com\\\/site\\\/#organization\"},\"potentialAction\":[{\"@type\":\"SearchAction\",\"target\":{\"@type\":\"EntryPoint\",\"urlTemplate\":\"https:\\\/\\\/noticiasmercedinas.com\\\/site\\\/?s={search_term_string}\"},\"query-input\":{\"@type\":\"PropertyValueSpecification\",\"valueRequired\":true,\"valueName\":\"search_term_string\"}}],\"inLanguage\":\"es\"},{\"@type\":\"Organization\",\"@id\":\"https:\\\/\\\/noticiasmercedinas.com\\\/site\\\/#organization\",\"name\":\"NOTICIASMERCEDINAS.COM\",\"url\":\"https:\\\/\\\/noticiasmercedinas.com\\\/site\\\/\",\"logo\":{\"@type\":\"ImageObject\",\"inLanguage\":\"es\",\"@id\":\"https:\\\/\\\/noticiasmercedinas.com\\\/site\\\/#\\\/schema\\\/logo\\\/image\\\/\",\"url\":\"https:\\\/\\\/noticiasmercedinas.com\\\/site\\\/wp-content\\\/uploads\\\/2020\\\/06\\\/LOGO-512.jpg\",\"contentUrl\":\"https:\\\/\\\/noticiasmercedinas.com\\\/site\\\/wp-content\\\/uploads\\\/2020\\\/06\\\/LOGO-512.jpg\",\"width\":512,\"height\":512,\"caption\":\"NOTICIASMERCEDINAS.COM\"},\"image\":{\"@id\":\"https:\\\/\\\/noticiasmercedinas.com\\\/site\\\/#\\\/schema\\\/logo\\\/image\\\/\"},\"sameAs\":[\"https:\\\/\\\/www.facebook.com\\\/noticiasmercedinas\\\/\",\"https:\\\/\\\/x.com\\\/notmercedinas\",\"https:\\\/\\\/www.instagram.com\\\/noticiasmercedinas\\\/\"]},{\"@type\":\"Person\",\"@id\":\"https:\\\/\\\/noticiasmercedinas.com\\\/site\\\/#\\\/schema\\\/person\\\/8f2f09d666ef40986eba4a5e6f2a06f9\",\"name\":\"Juan Dagnino NOTICIASMERCEDINAS.COM\",\"image\":{\"@type\":\"ImageObject\",\"inLanguage\":\"es\",\"@id\":\"https:\\\/\\\/secure.gravatar.com\\\/avatar\\\/fc7059a769f5a3cae65fadb228a3e4accf3a64b4b2305020d0a27e6d5333c91b?s=96&d=mm&r=g\",\"url\":\"https:\\\/\\\/secure.gravatar.com\\\/avatar\\\/fc7059a769f5a3cae65fadb228a3e4accf3a64b4b2305020d0a27e6d5333c91b?s=96&d=mm&r=g\",\"contentUrl\":\"https:\\\/\\\/secure.gravatar.com\\\/avatar\\\/fc7059a769f5a3cae65fadb228a3e4accf3a64b4b2305020d0a27e6d5333c91b?s=96&d=mm&r=g\",\"caption\":\"Juan Dagnino NOTICIASMERCEDINAS.COM\"},\"url\":\"https:\\\/\\\/noticiasmercedinas.com\\\/site\\\/author\\\/juandagnino\\\/\"}]}<\/script>\n<!-- \/ Yoast SEO plugin. -->","yoast_head_json":{"title":"La s\u00e9ptima de la Primera D va s\u00e1bado, martes y mi\u00e9rcoles","robots":{"index":"index","follow":"follow","max-snippet":"max-snippet:-1","max-image-preview":"max-image-preview:large","max-video-preview":"max-video-preview:-1"},"canonical":"https:\/\/noticiasmercedinas.com\/site\/2023\/04\/25\/la-septima-de-la-primera-d-va-sabado-martes-y-miercoles\/","og_locale":"es_ES","og_type":"article","og_title":"La s\u00e9ptima de la Primera D va s\u00e1bado, martes y mi\u00e9rcoles","og_description":"\u25a0 Con las designaciones arbitrales por parte de la AFA la categor\u00eda m\u00e1s chica del ascenso tiene sus confirmaciones. El s\u00e1bado Mercedes ser\u00e1 visitante de El Porvenir desde las 15.30 con Adri\u00e1n N\u00fa\u00f1ez como juez principal.","og_url":"https:\/\/noticiasmercedinas.com\/site\/2023\/04\/25\/la-septima-de-la-primera-d-va-sabado-martes-y-miercoles\/","og_site_name":"NOTICIASMERCEDINAS.COM","article_publisher":"https:\/\/www.facebook.com\/noticiasmercedinas\/","article_published_time":"2023-04-25T18:06:41+00:00","og_image":[{"width":640,"height":384,"url":"https:\/\/noticiasmercedinas.com\/site\/wp-content\/uploads\/2023\/04\/IMG_5484.jpg","type":"image\/jpeg"}],"author":"Juan Dagnino NOTICIASMERCEDINAS.COM","twitter_card":"summary_large_image","twitter_creator":"@notmercedinas","twitter_site":"@notmercedinas","twitter_misc":{"Escrito por":"Juan Dagnino NOTICIASMERCEDINAS.COM","Tiempo de lectura":"2 minutos"},"schema":{"@context":"https:\/\/schema.org","@graph":[{"@type":"Article","@id":"https:\/\/noticiasmercedinas.com\/site\/2023\/04\/25\/la-septima-de-la-primera-d-va-sabado-martes-y-miercoles\/#article","isPartOf":{"@id":"https:\/\/noticiasmercedinas.com\/site\/2023\/04\/25\/la-septima-de-la-primera-d-va-sabado-martes-y-miercoles\/"},"author":{"name":"Juan Dagnino NOTICIASMERCEDINAS.COM","@id":"https:\/\/noticiasmercedinas.com\/site\/#\/schema\/person\/8f2f09d666ef40986eba4a5e6f2a06f9"},"headline":"La s\u00e9ptima de la Primera D va s\u00e1bado, martes y mi\u00e9rcoles","datePublished":"2023-04-25T18:06:41+00:00","mainEntityOfPage":{"@id":"https:\/\/noticiasmercedinas.com\/site\/2023\/04\/25\/la-septima-de-la-primera-d-va-sabado-martes-y-miercoles\/"},"wordCount":202,"publisher":{"@id":"https:\/\/noticiasmercedinas.com\/site\/#organization"},"image":{"@id":"https:\/\/noticiasmercedinas.com\/site\/2023\/04\/25\/la-septima-de-la-primera-d-va-sabado-martes-y-miercoles\/#primaryimage"},"thumbnailUrl":"https:\/\/noticiasmercedinas.com\/site\/wp-content\/uploads\/2023\/04\/IMG_5484.jpg","keywords":["AFA","club mercedes","El Porvenir","Primera D"],"articleSection":["Deportes"],"inLanguage":"es"},{"@type":"WebPage","@id":"https:\/\/noticiasmercedinas.com\/site\/2023\/04\/25\/la-septima-de-la-primera-d-va-sabado-martes-y-miercoles\/","url":"https:\/\/noticiasmercedinas.com\/site\/2023\/04\/25\/la-septima-de-la-primera-d-va-sabado-martes-y-miercoles\/","name":"La s\u00e9ptima de la Primera D va s\u00e1bado, martes y mi\u00e9rcoles","isPartOf":{"@id":"https:\/\/noticiasmercedinas.com\/site\/#website"},"primaryImageOfPage":{"@id":"https:\/\/noticiasmercedinas.com\/site\/2023\/04\/25\/la-septima-de-la-primera-d-va-sabado-martes-y-miercoles\/#primaryimage"},"image":{"@id":"https:\/\/noticiasmercedinas.com\/site\/2023\/04\/25\/la-septima-de-la-primera-d-va-sabado-martes-y-miercoles\/#primaryimage"},"thumbnailUrl":"https:\/\/noticiasmercedinas.com\/site\/wp-content\/uploads\/2023\/04\/IMG_5484.jpg","datePublished":"2023-04-25T18:06:41+00:00","breadcrumb":{"@id":"https:\/\/noticiasmercedinas.com\/site\/2023\/04\/25\/la-septima-de-la-primera-d-va-sabado-martes-y-miercoles\/#breadcrumb"},"inLanguage":"es","potentialAction":[{"@type":"ReadAction","target":["https:\/\/noticiasmercedinas.com\/site\/2023\/04\/25\/la-septima-de-la-primera-d-va-sabado-martes-y-miercoles\/"]}]},{"@type":"ImageObject","inLanguage":"es","@id":"https:\/\/noticiasmercedinas.com\/site\/2023\/04\/25\/la-septima-de-la-primera-d-va-sabado-martes-y-miercoles\/#primaryimage","url":"https:\/\/noticiasmercedinas.com\/site\/wp-content\/uploads\/2023\/04\/IMG_5484.jpg","contentUrl":"https:\/\/noticiasmercedinas.com\/site\/wp-content\/uploads\/2023\/04\/IMG_5484.jpg","width":640,"height":384},{"@type":"BreadcrumbList","@id":"https:\/\/noticiasmercedinas.com\/site\/2023\/04\/25\/la-septima-de-la-primera-d-va-sabado-martes-y-miercoles\/#breadcrumb","itemListElement":[{"@type":"ListItem","position":1,"name":"Portada","item":"https:\/\/noticiasmercedinas.com\/site\/"},{"@type":"ListItem","position":2,"name":"La s\u00e9ptima de la Primera D va s\u00e1bado, martes y mi\u00e9rcoles"}]},{"@type":"WebSite","@id":"https:\/\/noticiasmercedinas.com\/site\/#website","url":"https:\/\/noticiasmercedinas.com\/site\/","name":"NOTICIASMERCEDINAS.COM","description":"Mercedes, Buenos Aires, Argentina","publisher":{"@id":"https:\/\/noticiasmercedinas.com\/site\/#organization"},"potentialAction":[{"@type":"SearchAction","target":{"@type":"EntryPoint","urlTemplate":"https:\/\/noticiasmercedinas.com\/site\/?s={search_term_string}"},"query-input":{"@type":"PropertyValueSpecification","valueRequired":true,"valueName":"search_term_string"}}],"inLanguage":"es"},{"@type":"Organization","@id":"https:\/\/noticiasmercedinas.com\/site\/#organization","name":"NOTICIASMERCEDINAS.COM","url":"https:\/\/noticiasmercedinas.com\/site\/","logo":{"@type":"ImageObject","inLanguage":"es","@id":"https:\/\/noticiasmercedinas.com\/site\/#\/schema\/logo\/image\/","url":"https:\/\/noticiasmercedinas.com\/site\/wp-content\/uploads\/2020\/06\/LOGO-512.jpg","contentUrl":"https:\/\/noticiasmercedinas.com\/site\/wp-content\/uploads\/2020\/06\/LOGO-512.jpg","width":512,"height":512,"caption":"NOTICIASMERCEDINAS.COM"},"image":{"@id":"https:\/\/noticiasmercedinas.com\/site\/#\/schema\/logo\/image\/"},"sameAs":["https:\/\/www.facebook.com\/noticiasmercedinas\/","https:\/\/x.com\/notmercedinas","https:\/\/www.instagram.com\/noticiasmercedinas\/"]},{"@type":"Person","@id":"https:\/\/noticiasmercedinas.com\/site\/#\/schema\/person\/8f2f09d666ef40986eba4a5e6f2a06f9","name":"Juan Dagnino NOTICIASMERCEDINAS.COM","image":{"@type":"ImageObject","inLanguage":"es","@id":"https:\/\/secure.gravatar.com\/avatar\/fc7059a769f5a3cae65fadb228a3e4accf3a64b4b2305020d0a27e6d5333c91b?s=96&d=mm&r=g","url":"https:\/\/secure.gravatar.com\/avatar\/fc7059a769f5a3cae65fadb228a3e4accf3a64b4b2305020d0a27e6d5333c91b?s=96&d=mm&r=g","contentUrl":"https:\/\/secure.gravatar.com\/avatar\/fc7059a769f5a3cae65fadb228a3e4accf3a64b4b2305020d0a27e6d5333c91b?s=96&d=mm&r=g","caption":"Juan Dagnino NOTICIASMERCEDINAS.COM"},"url":"https:\/\/noticiasmercedinas.com\/site\/author\/juandagnino\/"}]}},"amp_enabled":true,"_links":{"self":[{"href":"https:\/\/noticiasmercedinas.com\/site\/wp-json\/wp\/v2\/posts\/113532","targetHints":{"allow":["GET"]}}],"collection":[{"href":"https:\/\/noticiasmercedinas.com\/site\/wp-json\/wp\/v2\/posts"}],"about":[{"href":"https:\/\/noticiasmercedinas.com\/site\/wp-json\/wp\/v2\/types\/post"}],"author":[{"embeddable":true,"href":"https:\/\/noticiasmercedinas.com\/site\/wp-json\/wp\/v2\/users\/6"}],"replies":[{"embeddable":true,"href":"https:\/\/noticiasmercedinas.com\/site\/wp-json\/wp\/v2\/comments?post=113532"}],"version-history":[{"count":1,"href":"https:\/\/noticiasmercedinas.com\/site\/wp-json\/wp\/v2\/posts\/113532\/revisions"}],"predecessor-version":[{"id":113535,"href":"https:\/\/noticiasmercedinas.com\/site\/wp-json\/wp\/v2\/posts\/113532\/revisions\/113535"}],"wp:featuredmedia":[{"embeddable":true,"href":"https:\/\/noticiasmercedinas.com\/site\/wp-json\/wp\/v2\/media\/113533"}],"wp:attachment":[{"href":"https:\/\/noticiasmercedinas.com\/site\/wp-json\/wp\/v2\/media?parent=113532"}],"wp:term":[{"taxonomy":"category","embeddable":true,"href":"https:\/\/noticiasmercedinas.com\/site\/wp-json\/wp\/v2\/categories?post=113532"},{"taxonomy":"post_tag","embeddable":true,"href":"https:\/\/noticiasmercedinas.com\/site\/wp-json\/wp\/v2\/tags?post=113532"}],"curies":[{"name":"wp","href":"https:\/\/api.w.org\/{rel}","templated":true}]}}