{"id":113635,"date":"2023-04-27T09:43:13","date_gmt":"2023-04-27T12:43:13","guid":{"rendered":"https:\/\/noticiasmercedinas.com\/site\/?p=113635"},"modified":"2023-04-27T09:43:36","modified_gmt":"2023-04-27T12:43:36","slug":"hubo-encuentro-con-veteranos-de-guerra-y-dio-inicio-un-proyecto-socio-educativo","status":"publish","type":"post","link":"https:\/\/noticiasmercedinas.com\/site\/2023\/04\/27\/hubo-encuentro-con-veteranos-de-guerra-y-dio-inicio-un-proyecto-socio-educativo\/","title":{"rendered":"Hubo encuentro con Veteranos de Guerra y dio inicio un proyecto socio educativo"},"content":{"rendered":"<p><img loading=\"lazy\" decoding=\"async\" class=\"alignnone size-large wp-image-113642\" src=\"https:\/\/noticiasmercedinas.com\/site\/wp-content\/uploads\/2023\/04\/Malvinas-Mercedes-Veteranos-Ustarroz.2-1024x682.jpg\" alt=\"\" width=\"640\" height=\"426\" srcset=\"https:\/\/noticiasmercedinas.com\/site\/wp-content\/uploads\/2023\/04\/Malvinas-Mercedes-Veteranos-Ustarroz.2-1024x682.jpg 1024w, https:\/\/noticiasmercedinas.com\/site\/wp-content\/uploads\/2023\/04\/Malvinas-Mercedes-Veteranos-Ustarroz.2-300x200.jpg 300w, https:\/\/noticiasmercedinas.com\/site\/wp-content\/uploads\/2023\/04\/Malvinas-Mercedes-Veteranos-Ustarroz.2-768x512.jpg 768w, https:\/\/noticiasmercedinas.com\/site\/wp-content\/uploads\/2023\/04\/Malvinas-Mercedes-Veteranos-Ustarroz.2-640x427.jpg 640w, https:\/\/noticiasmercedinas.com\/site\/wp-content\/uploads\/2023\/04\/Malvinas-Mercedes-Veteranos-Ustarroz.2-1280x853.jpg 1280w, https:\/\/noticiasmercedinas.com\/site\/wp-content\/uploads\/2023\/04\/Malvinas-Mercedes-Veteranos-Ustarroz.2-681x454.jpg 681w, https:\/\/noticiasmercedinas.com\/site\/wp-content\/uploads\/2023\/04\/Malvinas-Mercedes-Veteranos-Ustarroz.2.jpg 1319w\" sizes=\"auto, (max-width: 640px) 100vw, 640px\" \/><\/p>\n<p>Tras un encuentro en la Casa de los Veteranos de Malvinas de Mercedes se inici\u00f3 la planificaci\u00f3n para empezar a trabajar para continuar vinculando a los ex combatientes con los espacios educativos de la ciudad.<\/p>\n<p>El intendente Juan Ustarroz comparti\u00f3 el encuentro en el flamante espacio que homenajea a nuestros h\u00e9roes locales. Tambi\u00e9n fue parte del mismo Jos\u00e9 Luis Pisano, quien es presidente del Consejo Escolar.<\/p>\n<p>Se supo que a partir de los pr\u00f3ximos d\u00edas se iniciar\u00e1 la aplicaci\u00f3n de una ley provincial que insta a colocar placas, entre otras intervenciones sociales, en las instituciones educativas, en homenaje a los ex combatientes de Malvinas.<\/p>\n<p>Jos\u00e9 Luis Pisano, presidente del Consejo Escolar, indic\u00f3: \u201cEsta es una ley provincial que se sancion\u00f3 en el 2022, donde nuestro objetivo es ponerla en pr\u00e1ctica no s\u00f3lo por el marco del cumplimiento de una ley, sino, y, sobre todo, el reconocimiento a nuestros veteranos de Malvinas y seguir relacionando a las escuelas con los ex combatientes, una relaci\u00f3n que se ha fortalecido much\u00edsimo\u201d.<\/p>\n<p>En este sentido, Pisano apunt\u00f3 cu\u00e1l es la idea: \u201cPara que los chicos, cada vez que entren a la escuela o un espacio puntual, puedan visibilizar esta placa y plantease la necesidad de la defensa de nuestra soberan\u00eda, la valent\u00eda de nuestros h\u00e9roes y su reconocimiento. Como tambi\u00e9n, seguir aprendiendo, en el marco de la escuela, lo que signific\u00f3 este suceso hist\u00f3rico de nuestro pa\u00eds\u201d.<\/p>\n<p><img loading=\"lazy\" decoding=\"async\" class=\"alignnone size-large wp-image-113641\" src=\"https:\/\/noticiasmercedinas.com\/site\/wp-content\/uploads\/2023\/04\/Malvinas-Mercedes-Veteranos-Ustarroz-1024x682.jpg\" alt=\"\" width=\"640\" height=\"426\" srcset=\"https:\/\/noticiasmercedinas.com\/site\/wp-content\/uploads\/2023\/04\/Malvinas-Mercedes-Veteranos-Ustarroz-1024x682.jpg 1024w, https:\/\/noticiasmercedinas.com\/site\/wp-content\/uploads\/2023\/04\/Malvinas-Mercedes-Veteranos-Ustarroz-300x200.jpg 300w, https:\/\/noticiasmercedinas.com\/site\/wp-content\/uploads\/2023\/04\/Malvinas-Mercedes-Veteranos-Ustarroz-768x512.jpg 768w, https:\/\/noticiasmercedinas.com\/site\/wp-content\/uploads\/2023\/04\/Malvinas-Mercedes-Veteranos-Ustarroz-640x427.jpg 640w, https:\/\/noticiasmercedinas.com\/site\/wp-content\/uploads\/2023\/04\/Malvinas-Mercedes-Veteranos-Ustarroz-1280x853.jpg 1280w, https:\/\/noticiasmercedinas.com\/site\/wp-content\/uploads\/2023\/04\/Malvinas-Mercedes-Veteranos-Ustarroz-681x454.jpg 681w, https:\/\/noticiasmercedinas.com\/site\/wp-content\/uploads\/2023\/04\/Malvinas-Mercedes-Veteranos-Ustarroz.jpg 1319w\" sizes=\"auto, (max-width: 640px) 100vw, 640px\" \/><\/p>\n<p>Por su parte, Fabi\u00e1n Solimandi, un ex combatiente, manifest\u00f3: \u201cCreo que esto es muy bueno, porque es una forma de seguir \u201cmalvinizando\u201d, donde nosotros, como instituci\u00f3n, es la ambici\u00f3n que tenemos, llegando de esta manera a los j\u00f3venes\u201d y a\u00f1adi\u00f3 \u201cnuestro objetivo es que el tema Malvinas siempre est\u00e9 presente, fundamentalmente por la soberan\u00eda y lo que es el reclamo de nuestra tierra\u201d.<\/p>\n<p>Walter Castro, otro ex combatiente, expres\u00f3: \u201cNotamos una gran recepci\u00f3n de los chicos, basado en un gran trabajo de los maestros que informan y tienen presente este hecho hist\u00f3rico, los pibes se interesan, vienen al Centro de Veteranos o vamos nosotros al colegio, donde preguntan y brindan mucho cari\u00f1o siempre\u201d<\/p>\n<p><iframe loading=\"lazy\" title=\"Proyecto educativo sobre la Islas Malvinas en escuelas\" width=\"640\" height=\"360\" src=\"https:\/\/www.youtube.com\/embed\/IG_5PtqvoFc?feature=oembed\" frameborder=\"0\" allow=\"accelerometer; autoplay; clipboard-write; encrypted-media; gyroscope; picture-in-picture; web-share\" referrerpolicy=\"strict-origin-when-cross-origin\" allowfullscreen><\/iframe><\/p>\n<p>&nbsp;<\/p>\n","protected":false},"excerpt":{"rendered":"<p>\u25a0 A partir de los pr\u00f3ximos d\u00edas se iniciar\u00e1 la aplicaci\u00f3n de una ley provincial que insta a colocar placas, entre otras intervenciones sociales, en las instituciones educativas, en homenaje a los ex combatientes <\/p>\n","protected":false},"author":16,"featured_media":113642,"comment_status":"closed","ping_status":"closed","sticky":false,"template":"","format":"standard","meta":{"footnotes":""},"categories":[3],"tags":[18,656],"class_list":["post-113635","post","type-post","status-publish","format-standard","has-post-thumbnail","hentry","category-sociedad","tag-escuelas","tag-malvinas"],"yoast_head":"<!-- This site is optimized with the Yoast SEO plugin v27.4 - https:\/\/yoast.com\/product\/yoast-seo-wordpress\/ -->\n<title>Hubo encuentro con Veteranos de Guerra y dio inicio un proyecto socio educativo<\/title>\n<meta name=\"robots\" content=\"index, follow, max-snippet:-1, max-image-preview:large, max-video-preview:-1\" \/>\n<link rel=\"canonical\" href=\"https:\/\/noticiasmercedinas.com\/site\/2023\/04\/27\/hubo-encuentro-con-veteranos-de-guerra-y-dio-inicio-un-proyecto-socio-educativo\/\" \/>\n<meta property=\"og:locale\" content=\"es_ES\" \/>\n<meta property=\"og:type\" content=\"article\" \/>\n<meta property=\"og:title\" content=\"Hubo encuentro con Veteranos de Guerra y dio inicio un proyecto socio educativo\" \/>\n<meta property=\"og:description\" content=\"\u25a0 A partir de los pr\u00f3ximos d\u00edas se iniciar\u00e1 la aplicaci\u00f3n de una ley provincial que insta a colocar placas, entre otras intervenciones sociales, en las instituciones educativas, en homenaje a los ex combatientes\" \/>\n<meta property=\"og:url\" content=\"https:\/\/noticiasmercedinas.com\/site\/2023\/04\/27\/hubo-encuentro-con-veteranos-de-guerra-y-dio-inicio-un-proyecto-socio-educativo\/\" \/>\n<meta property=\"og:site_name\" content=\"NOTICIASMERCEDINAS.COM\" \/>\n<meta property=\"article:publisher\" content=\"https:\/\/www.facebook.com\/noticiasmercedinas\/\" \/>\n<meta property=\"article:published_time\" content=\"2023-04-27T12:43:13+00:00\" \/>\n<meta property=\"article:modified_time\" content=\"2023-04-27T12:43:36+00:00\" \/>\n<meta property=\"og:image\" content=\"https:\/\/noticiasmercedinas.com\/site\/wp-content\/uploads\/2023\/04\/Malvinas-Mercedes-Veteranos-Ustarroz.2.jpg\" \/>\n\t<meta property=\"og:image:width\" content=\"1319\" \/>\n\t<meta property=\"og:image:height\" content=\"879\" \/>\n\t<meta property=\"og:image:type\" content=\"image\/jpeg\" \/>\n<meta name=\"author\" content=\"NOTICIASMERCEDINAS.COM\" \/>\n<meta name=\"twitter:card\" content=\"summary_large_image\" \/>\n<meta name=\"twitter:creator\" content=\"@notmercedinas\" \/>\n<meta name=\"twitter:site\" content=\"@notmercedinas\" \/>\n<meta name=\"twitter:label1\" content=\"Escrito por\" \/>\n\t<meta name=\"twitter:data1\" content=\"NOTICIASMERCEDINAS.COM\" \/>\n\t<meta name=\"twitter:label2\" content=\"Tiempo de lectura\" \/>\n\t<meta name=\"twitter:data2\" content=\"2 minutos\" \/>\n<script type=\"application\/ld+json\" class=\"yoast-schema-graph\">{\"@context\":\"https:\\\/\\\/schema.org\",\"@graph\":[{\"@type\":\"Article\",\"@id\":\"https:\\\/\\\/noticiasmercedinas.com\\\/site\\\/2023\\\/04\\\/27\\\/hubo-encuentro-con-veteranos-de-guerra-y-dio-inicio-un-proyecto-socio-educativo\\\/#article\",\"isPartOf\":{\"@id\":\"https:\\\/\\\/noticiasmercedinas.com\\\/site\\\/2023\\\/04\\\/27\\\/hubo-encuentro-con-veteranos-de-guerra-y-dio-inicio-un-proyecto-socio-educativo\\\/\"},\"author\":{\"name\":\"NOTICIASMERCEDINAS.COM\",\"@id\":\"https:\\\/\\\/noticiasmercedinas.com\\\/site\\\/#\\\/schema\\\/person\\\/84b59c099c28ff2e8b77d4ceec5d8063\"},\"headline\":\"Hubo encuentro con Veteranos de Guerra y dio inicio un proyecto socio educativo\",\"datePublished\":\"2023-04-27T12:43:13+00:00\",\"dateModified\":\"2023-04-27T12:43:36+00:00\",\"mainEntityOfPage\":{\"@id\":\"https:\\\/\\\/noticiasmercedinas.com\\\/site\\\/2023\\\/04\\\/27\\\/hubo-encuentro-con-veteranos-de-guerra-y-dio-inicio-un-proyecto-socio-educativo\\\/\"},\"wordCount\":390,\"publisher\":{\"@id\":\"https:\\\/\\\/noticiasmercedinas.com\\\/site\\\/#organization\"},\"image\":{\"@id\":\"https:\\\/\\\/noticiasmercedinas.com\\\/site\\\/2023\\\/04\\\/27\\\/hubo-encuentro-con-veteranos-de-guerra-y-dio-inicio-un-proyecto-socio-educativo\\\/#primaryimage\"},\"thumbnailUrl\":\"https:\\\/\\\/noticiasmercedinas.com\\\/site\\\/wp-content\\\/uploads\\\/2023\\\/04\\\/Malvinas-Mercedes-Veteranos-Ustarroz.2.jpg\",\"keywords\":[\"escuelas\",\"malvinas\"],\"articleSection\":[\"Sociedad\"],\"inLanguage\":\"es\"},{\"@type\":\"WebPage\",\"@id\":\"https:\\\/\\\/noticiasmercedinas.com\\\/site\\\/2023\\\/04\\\/27\\\/hubo-encuentro-con-veteranos-de-guerra-y-dio-inicio-un-proyecto-socio-educativo\\\/\",\"url\":\"https:\\\/\\\/noticiasmercedinas.com\\\/site\\\/2023\\\/04\\\/27\\\/hubo-encuentro-con-veteranos-de-guerra-y-dio-inicio-un-proyecto-socio-educativo\\\/\",\"name\":\"Hubo encuentro con Veteranos de Guerra y dio inicio un proyecto socio educativo\",\"isPartOf\":{\"@id\":\"https:\\\/\\\/noticiasmercedinas.com\\\/site\\\/#website\"},\"primaryImageOfPage\":{\"@id\":\"https:\\\/\\\/noticiasmercedinas.com\\\/site\\\/2023\\\/04\\\/27\\\/hubo-encuentro-con-veteranos-de-guerra-y-dio-inicio-un-proyecto-socio-educativo\\\/#primaryimage\"},\"image\":{\"@id\":\"https:\\\/\\\/noticiasmercedinas.com\\\/site\\\/2023\\\/04\\\/27\\\/hubo-encuentro-con-veteranos-de-guerra-y-dio-inicio-un-proyecto-socio-educativo\\\/#primaryimage\"},\"thumbnailUrl\":\"https:\\\/\\\/noticiasmercedinas.com\\\/site\\\/wp-content\\\/uploads\\\/2023\\\/04\\\/Malvinas-Mercedes-Veteranos-Ustarroz.2.jpg\",\"datePublished\":\"2023-04-27T12:43:13+00:00\",\"dateModified\":\"2023-04-27T12:43:36+00:00\",\"breadcrumb\":{\"@id\":\"https:\\\/\\\/noticiasmercedinas.com\\\/site\\\/2023\\\/04\\\/27\\\/hubo-encuentro-con-veteranos-de-guerra-y-dio-inicio-un-proyecto-socio-educativo\\\/#breadcrumb\"},\"inLanguage\":\"es\",\"potentialAction\":[{\"@type\":\"ReadAction\",\"target\":[\"https:\\\/\\\/noticiasmercedinas.com\\\/site\\\/2023\\\/04\\\/27\\\/hubo-encuentro-con-veteranos-de-guerra-y-dio-inicio-un-proyecto-socio-educativo\\\/\"]}]},{\"@type\":\"ImageObject\",\"inLanguage\":\"es\",\"@id\":\"https:\\\/\\\/noticiasmercedinas.com\\\/site\\\/2023\\\/04\\\/27\\\/hubo-encuentro-con-veteranos-de-guerra-y-dio-inicio-un-proyecto-socio-educativo\\\/#primaryimage\",\"url\":\"https:\\\/\\\/noticiasmercedinas.com\\\/site\\\/wp-content\\\/uploads\\\/2023\\\/04\\\/Malvinas-Mercedes-Veteranos-Ustarroz.2.jpg\",\"contentUrl\":\"https:\\\/\\\/noticiasmercedinas.com\\\/site\\\/wp-content\\\/uploads\\\/2023\\\/04\\\/Malvinas-Mercedes-Veteranos-Ustarroz.2.jpg\",\"width\":1319,\"height\":879},{\"@type\":\"BreadcrumbList\",\"@id\":\"https:\\\/\\\/noticiasmercedinas.com\\\/site\\\/2023\\\/04\\\/27\\\/hubo-encuentro-con-veteranos-de-guerra-y-dio-inicio-un-proyecto-socio-educativo\\\/#breadcrumb\",\"itemListElement\":[{\"@type\":\"ListItem\",\"position\":1,\"name\":\"Portada\",\"item\":\"https:\\\/\\\/noticiasmercedinas.com\\\/site\\\/\"},{\"@type\":\"ListItem\",\"position\":2,\"name\":\"Hubo encuentro con Veteranos de Guerra y dio inicio un proyecto socio educativo\"}]},{\"@type\":\"WebSite\",\"@id\":\"https:\\\/\\\/noticiasmercedinas.com\\\/site\\\/#website\",\"url\":\"https:\\\/\\\/noticiasmercedinas.com\\\/site\\\/\",\"name\":\"NOTICIASMERCEDINAS.COM\",\"description\":\"Mercedes, Buenos Aires, Argentina\",\"publisher\":{\"@id\":\"https:\\\/\\\/noticiasmercedinas.com\\\/site\\\/#organization\"},\"potentialAction\":[{\"@type\":\"SearchAction\",\"target\":{\"@type\":\"EntryPoint\",\"urlTemplate\":\"https:\\\/\\\/noticiasmercedinas.com\\\/site\\\/?s={search_term_string}\"},\"query-input\":{\"@type\":\"PropertyValueSpecification\",\"valueRequired\":true,\"valueName\":\"search_term_string\"}}],\"inLanguage\":\"es\"},{\"@type\":\"Organization\",\"@id\":\"https:\\\/\\\/noticiasmercedinas.com\\\/site\\\/#organization\",\"name\":\"NOTICIASMERCEDINAS.COM\",\"url\":\"https:\\\/\\\/noticiasmercedinas.com\\\/site\\\/\",\"logo\":{\"@type\":\"ImageObject\",\"inLanguage\":\"es\",\"@id\":\"https:\\\/\\\/noticiasmercedinas.com\\\/site\\\/#\\\/schema\\\/logo\\\/image\\\/\",\"url\":\"https:\\\/\\\/noticiasmercedinas.com\\\/site\\\/wp-content\\\/uploads\\\/2020\\\/06\\\/LOGO-512.jpg\",\"contentUrl\":\"https:\\\/\\\/noticiasmercedinas.com\\\/site\\\/wp-content\\\/uploads\\\/2020\\\/06\\\/LOGO-512.jpg\",\"width\":512,\"height\":512,\"caption\":\"NOTICIASMERCEDINAS.COM\"},\"image\":{\"@id\":\"https:\\\/\\\/noticiasmercedinas.com\\\/site\\\/#\\\/schema\\\/logo\\\/image\\\/\"},\"sameAs\":[\"https:\\\/\\\/www.facebook.com\\\/noticiasmercedinas\\\/\",\"https:\\\/\\\/x.com\\\/notmercedinas\",\"https:\\\/\\\/www.instagram.com\\\/noticiasmercedinas\\\/\"]},{\"@type\":\"Person\",\"@id\":\"https:\\\/\\\/noticiasmercedinas.com\\\/site\\\/#\\\/schema\\\/person\\\/84b59c099c28ff2e8b77d4ceec5d8063\",\"name\":\"NOTICIASMERCEDINAS.COM\",\"image\":{\"@type\":\"ImageObject\",\"inLanguage\":\"es\",\"@id\":\"https:\\\/\\\/secure.gravatar.com\\\/avatar\\\/4dfbf16b4d17945bfb6341b2d19043457132fcf478a5ee04f42e959fd8f5df0a?s=96&d=mm&r=g\",\"url\":\"https:\\\/\\\/secure.gravatar.com\\\/avatar\\\/4dfbf16b4d17945bfb6341b2d19043457132fcf478a5ee04f42e959fd8f5df0a?s=96&d=mm&r=g\",\"contentUrl\":\"https:\\\/\\\/secure.gravatar.com\\\/avatar\\\/4dfbf16b4d17945bfb6341b2d19043457132fcf478a5ee04f42e959fd8f5df0a?s=96&d=mm&r=g\",\"caption\":\"NOTICIASMERCEDINAS.COM\"},\"url\":\"https:\\\/\\\/noticiasmercedinas.com\\\/site\\\/author\\\/anonimo\\\/\"}]}<\/script>\n<!-- \/ Yoast SEO plugin. -->","yoast_head_json":{"title":"Hubo encuentro con Veteranos de Guerra y dio inicio un proyecto socio educativo","robots":{"index":"index","follow":"follow","max-snippet":"max-snippet:-1","max-image-preview":"max-image-preview:large","max-video-preview":"max-video-preview:-1"},"canonical":"https:\/\/noticiasmercedinas.com\/site\/2023\/04\/27\/hubo-encuentro-con-veteranos-de-guerra-y-dio-inicio-un-proyecto-socio-educativo\/","og_locale":"es_ES","og_type":"article","og_title":"Hubo encuentro con Veteranos de Guerra y dio inicio un proyecto socio educativo","og_description":"\u25a0 A partir de los pr\u00f3ximos d\u00edas se iniciar\u00e1 la aplicaci\u00f3n de una ley provincial que insta a colocar placas, entre otras intervenciones sociales, en las instituciones educativas, en homenaje a los ex combatientes","og_url":"https:\/\/noticiasmercedinas.com\/site\/2023\/04\/27\/hubo-encuentro-con-veteranos-de-guerra-y-dio-inicio-un-proyecto-socio-educativo\/","og_site_name":"NOTICIASMERCEDINAS.COM","article_publisher":"https:\/\/www.facebook.com\/noticiasmercedinas\/","article_published_time":"2023-04-27T12:43:13+00:00","article_modified_time":"2023-04-27T12:43:36+00:00","og_image":[{"width":1319,"height":879,"url":"https:\/\/noticiasmercedinas.com\/site\/wp-content\/uploads\/2023\/04\/Malvinas-Mercedes-Veteranos-Ustarroz.2.jpg","type":"image\/jpeg"}],"author":"NOTICIASMERCEDINAS.COM","twitter_card":"summary_large_image","twitter_creator":"@notmercedinas","twitter_site":"@notmercedinas","twitter_misc":{"Escrito por":"NOTICIASMERCEDINAS.COM","Tiempo de lectura":"2 minutos"},"schema":{"@context":"https:\/\/schema.org","@graph":[{"@type":"Article","@id":"https:\/\/noticiasmercedinas.com\/site\/2023\/04\/27\/hubo-encuentro-con-veteranos-de-guerra-y-dio-inicio-un-proyecto-socio-educativo\/#article","isPartOf":{"@id":"https:\/\/noticiasmercedinas.com\/site\/2023\/04\/27\/hubo-encuentro-con-veteranos-de-guerra-y-dio-inicio-un-proyecto-socio-educativo\/"},"author":{"name":"NOTICIASMERCEDINAS.COM","@id":"https:\/\/noticiasmercedinas.com\/site\/#\/schema\/person\/84b59c099c28ff2e8b77d4ceec5d8063"},"headline":"Hubo encuentro con Veteranos de Guerra y dio inicio un proyecto socio educativo","datePublished":"2023-04-27T12:43:13+00:00","dateModified":"2023-04-27T12:43:36+00:00","mainEntityOfPage":{"@id":"https:\/\/noticiasmercedinas.com\/site\/2023\/04\/27\/hubo-encuentro-con-veteranos-de-guerra-y-dio-inicio-un-proyecto-socio-educativo\/"},"wordCount":390,"publisher":{"@id":"https:\/\/noticiasmercedinas.com\/site\/#organization"},"image":{"@id":"https:\/\/noticiasmercedinas.com\/site\/2023\/04\/27\/hubo-encuentro-con-veteranos-de-guerra-y-dio-inicio-un-proyecto-socio-educativo\/#primaryimage"},"thumbnailUrl":"https:\/\/noticiasmercedinas.com\/site\/wp-content\/uploads\/2023\/04\/Malvinas-Mercedes-Veteranos-Ustarroz.2.jpg","keywords":["escuelas","malvinas"],"articleSection":["Sociedad"],"inLanguage":"es"},{"@type":"WebPage","@id":"https:\/\/noticiasmercedinas.com\/site\/2023\/04\/27\/hubo-encuentro-con-veteranos-de-guerra-y-dio-inicio-un-proyecto-socio-educativo\/","url":"https:\/\/noticiasmercedinas.com\/site\/2023\/04\/27\/hubo-encuentro-con-veteranos-de-guerra-y-dio-inicio-un-proyecto-socio-educativo\/","name":"Hubo encuentro con Veteranos de Guerra y dio inicio un proyecto socio educativo","isPartOf":{"@id":"https:\/\/noticiasmercedinas.com\/site\/#website"},"primaryImageOfPage":{"@id":"https:\/\/noticiasmercedinas.com\/site\/2023\/04\/27\/hubo-encuentro-con-veteranos-de-guerra-y-dio-inicio-un-proyecto-socio-educativo\/#primaryimage"},"image":{"@id":"https:\/\/noticiasmercedinas.com\/site\/2023\/04\/27\/hubo-encuentro-con-veteranos-de-guerra-y-dio-inicio-un-proyecto-socio-educativo\/#primaryimage"},"thumbnailUrl":"https:\/\/noticiasmercedinas.com\/site\/wp-content\/uploads\/2023\/04\/Malvinas-Mercedes-Veteranos-Ustarroz.2.jpg","datePublished":"2023-04-27T12:43:13+00:00","dateModified":"2023-04-27T12:43:36+00:00","breadcrumb":{"@id":"https:\/\/noticiasmercedinas.com\/site\/2023\/04\/27\/hubo-encuentro-con-veteranos-de-guerra-y-dio-inicio-un-proyecto-socio-educativo\/#breadcrumb"},"inLanguage":"es","potentialAction":[{"@type":"ReadAction","target":["https:\/\/noticiasmercedinas.com\/site\/2023\/04\/27\/hubo-encuentro-con-veteranos-de-guerra-y-dio-inicio-un-proyecto-socio-educativo\/"]}]},{"@type":"ImageObject","inLanguage":"es","@id":"https:\/\/noticiasmercedinas.com\/site\/2023\/04\/27\/hubo-encuentro-con-veteranos-de-guerra-y-dio-inicio-un-proyecto-socio-educativo\/#primaryimage","url":"https:\/\/noticiasmercedinas.com\/site\/wp-content\/uploads\/2023\/04\/Malvinas-Mercedes-Veteranos-Ustarroz.2.jpg","contentUrl":"https:\/\/noticiasmercedinas.com\/site\/wp-content\/uploads\/2023\/04\/Malvinas-Mercedes-Veteranos-Ustarroz.2.jpg","width":1319,"height":879},{"@type":"BreadcrumbList","@id":"https:\/\/noticiasmercedinas.com\/site\/2023\/04\/27\/hubo-encuentro-con-veteranos-de-guerra-y-dio-inicio-un-proyecto-socio-educativo\/#breadcrumb","itemListElement":[{"@type":"ListItem","position":1,"name":"Portada","item":"https:\/\/noticiasmercedinas.com\/site\/"},{"@type":"ListItem","position":2,"name":"Hubo encuentro con Veteranos de Guerra y dio inicio un proyecto socio educativo"}]},{"@type":"WebSite","@id":"https:\/\/noticiasmercedinas.com\/site\/#website","url":"https:\/\/noticiasmercedinas.com\/site\/","name":"NOTICIASMERCEDINAS.COM","description":"Mercedes, Buenos Aires, Argentina","publisher":{"@id":"https:\/\/noticiasmercedinas.com\/site\/#organization"},"potentialAction":[{"@type":"SearchAction","target":{"@type":"EntryPoint","urlTemplate":"https:\/\/noticiasmercedinas.com\/site\/?s={search_term_string}"},"query-input":{"@type":"PropertyValueSpecification","valueRequired":true,"valueName":"search_term_string"}}],"inLanguage":"es"},{"@type":"Organization","@id":"https:\/\/noticiasmercedinas.com\/site\/#organization","name":"NOTICIASMERCEDINAS.COM","url":"https:\/\/noticiasmercedinas.com\/site\/","logo":{"@type":"ImageObject","inLanguage":"es","@id":"https:\/\/noticiasmercedinas.com\/site\/#\/schema\/logo\/image\/","url":"https:\/\/noticiasmercedinas.com\/site\/wp-content\/uploads\/2020\/06\/LOGO-512.jpg","contentUrl":"https:\/\/noticiasmercedinas.com\/site\/wp-content\/uploads\/2020\/06\/LOGO-512.jpg","width":512,"height":512,"caption":"NOTICIASMERCEDINAS.COM"},"image":{"@id":"https:\/\/noticiasmercedinas.com\/site\/#\/schema\/logo\/image\/"},"sameAs":["https:\/\/www.facebook.com\/noticiasmercedinas\/","https:\/\/x.com\/notmercedinas","https:\/\/www.instagram.com\/noticiasmercedinas\/"]},{"@type":"Person","@id":"https:\/\/noticiasmercedinas.com\/site\/#\/schema\/person\/84b59c099c28ff2e8b77d4ceec5d8063","name":"NOTICIASMERCEDINAS.COM","image":{"@type":"ImageObject","inLanguage":"es","@id":"https:\/\/secure.gravatar.com\/avatar\/4dfbf16b4d17945bfb6341b2d19043457132fcf478a5ee04f42e959fd8f5df0a?s=96&d=mm&r=g","url":"https:\/\/secure.gravatar.com\/avatar\/4dfbf16b4d17945bfb6341b2d19043457132fcf478a5ee04f42e959fd8f5df0a?s=96&d=mm&r=g","contentUrl":"https:\/\/secure.gravatar.com\/avatar\/4dfbf16b4d17945bfb6341b2d19043457132fcf478a5ee04f42e959fd8f5df0a?s=96&d=mm&r=g","caption":"NOTICIASMERCEDINAS.COM"},"url":"https:\/\/noticiasmercedinas.com\/site\/author\/anonimo\/"}]}},"amp_enabled":true,"_links":{"self":[{"href":"https:\/\/noticiasmercedinas.com\/site\/wp-json\/wp\/v2\/posts\/113635","targetHints":{"allow":["GET"]}}],"collection":[{"href":"https:\/\/noticiasmercedinas.com\/site\/wp-json\/wp\/v2\/posts"}],"about":[{"href":"https:\/\/noticiasmercedinas.com\/site\/wp-json\/wp\/v2\/types\/post"}],"author":[{"embeddable":true,"href":"https:\/\/noticiasmercedinas.com\/site\/wp-json\/wp\/v2\/users\/16"}],"replies":[{"embeddable":true,"href":"https:\/\/noticiasmercedinas.com\/site\/wp-json\/wp\/v2\/comments?post=113635"}],"version-history":[{"count":1,"href":"https:\/\/noticiasmercedinas.com\/site\/wp-json\/wp\/v2\/posts\/113635\/revisions"}],"predecessor-version":[{"id":113643,"href":"https:\/\/noticiasmercedinas.com\/site\/wp-json\/wp\/v2\/posts\/113635\/revisions\/113643"}],"wp:featuredmedia":[{"embeddable":true,"href":"https:\/\/noticiasmercedinas.com\/site\/wp-json\/wp\/v2\/media\/113642"}],"wp:attachment":[{"href":"https:\/\/noticiasmercedinas.com\/site\/wp-json\/wp\/v2\/media?parent=113635"}],"wp:term":[{"taxonomy":"category","embeddable":true,"href":"https:\/\/noticiasmercedinas.com\/site\/wp-json\/wp\/v2\/categories?post=113635"},{"taxonomy":"post_tag","embeddable":true,"href":"https:\/\/noticiasmercedinas.com\/site\/wp-json\/wp\/v2\/tags?post=113635"}],"curies":[{"name":"wp","href":"https:\/\/api.w.org\/{rel}","templated":true}]}}