{"id":113652,"date":"2023-04-27T14:45:37","date_gmt":"2023-04-27T17:45:37","guid":{"rendered":"https:\/\/noticiasmercedinas.com\/site\/?p=113652"},"modified":"2023-04-27T14:47:21","modified_gmt":"2023-04-27T17:47:21","slug":"grupos-scouts-iniciaron-sus-actividades-anuales-en-mercedes-e-invitan-a-sumarse","status":"publish","type":"post","link":"https:\/\/noticiasmercedinas.com\/site\/2023\/04\/27\/grupos-scouts-iniciaron-sus-actividades-anuales-en-mercedes-e-invitan-a-sumarse\/","title":{"rendered":"Grupos scouts iniciaron sus actividades anuales en Mercedes e invitan a sumarse"},"content":{"rendered":"<figure id=\"attachment_113584\" aria-describedby=\"caption-attachment-113584\" style=\"width: 640px\" class=\"wp-caption alignnone\"><img loading=\"lazy\" decoding=\"async\" class=\"wp-image-113584 size-full\" src=\"https:\/\/noticiasmercedinas.com\/site\/wp-content\/uploads\/2023\/04\/mariano_bermudez_IMG_6439.jpg\" alt=\"\" width=\"640\" height=\"427\" srcset=\"https:\/\/noticiasmercedinas.com\/site\/wp-content\/uploads\/2023\/04\/mariano_bermudez_IMG_6439.jpg 640w, https:\/\/noticiasmercedinas.com\/site\/wp-content\/uploads\/2023\/04\/mariano_bermudez_IMG_6439-300x200.jpg 300w\" sizes=\"auto, (max-width: 640px) 100vw, 640px\" \/><figcaption id=\"caption-attachment-113584\" class=\"wp-caption-text\">Mariano Berm\u00fadez, dirigente scout mercedino del Grupo Aprisco<\/figcaption><\/figure>\n<p>Tal cual se hab\u00eda anticipado, por estas horas comenz\u00f3 el ciclo anual de actividades del movimiento scout en la ciudad de Mercedes.<\/p>\n<p>Todos los que quieran ser parte del movimiento, empezar las actividades o ayudar con algo pueden comunicarse con <strong>Paulo Aranda<\/strong> (Grupo San Vicente de Paul) celular 2324 55-1068 o <strong>Mariano Bermudez<\/strong> (Grupo Aprisco) celular 2324697321.<\/p>\n<p>En un mundo cada vez m\u00e1s conectado y tecnol\u00f3gico, el Movimiento Scout ofrece una oportunidad \u00fanica para que los j\u00f3venes se involucren en actividades al aire libre, adquieran habilidades pr\u00e1cticas y aprendan valores importantes como la responsabilidad, la empat\u00eda y el trabajo en equipo.<\/p>\n<p>Las actividades del Movimiento Scout var\u00edan seg\u00fan el grupo y la regi\u00f3n, pero siempre incluyen campamentos, senderismo, exploraci\u00f3n de la naturaleza, talleres de manualidades. Estas actividades son importantes porque fomentan la salud f\u00edsica y mental al proporcionar oportunidades para estar activo, disfrutar de la naturaleza, desconectar de la tecnolog\u00eda y ayudan a los j\u00f3venes a desarrollar habilidades pr\u00e1cticas, como cocinar, construir refugios y trabajar con herramientas. Estas habilidades pueden ser \u00fatiles en la vida diaria y en futuras carreras profesionales.<\/p>\n<blockquote><p>Las actividades son importantes porque fomentan la salud f\u00edsica y mental al proporcionar oportunidades para estar activo, disfrutar de la naturaleza, desconectar de la tecnolog\u00eda y ayudan a los j\u00f3venes a desarrollar habilidades pr\u00e1cticas, como cocinar, construir refugios y trabajar con herramientas.<\/p><\/blockquote>\n<p>Adem\u00e1s, el Movimiento Scout inculca valores importantes como la honestidad, la responsabilidad y la empat\u00eda. Los Scouts tambi\u00e9n aprenden a trabajar en equipo y a liderar a otros, lo que es valioso tanto en la vida personal como en la profesional.<\/p>\n<p>El Movimiento Scout tambi\u00e9n tiene una dimensi\u00f3n social importante. Los Scouts se unen en una comunidad global de j\u00f3venes que comparten intereses y valores comunes. Esto les brinda la oportunidad de interactuar con personas de diferentes or\u00edgenes y culturas, fomentando la tolerancia y el respeto por la diversidad.<\/p>\n<p>Las actividades del Scouts siguen siendo importantes hoy en d\u00eda por su capacidad para fomentar la salud f\u00edsica y mental, desarrollar habilidades pr\u00e1cticas, inculcar valores importantes y fomentar la inclusi\u00f3n y la diversidad. Sigue siendo una opci\u00f3n atractiva para los j\u00f3venes que buscan una experiencia enriquecedora y significativa<\/p>\n<p>En la sociedad actual, donde la tecnolog\u00eda y la vida urbana pueden separar a las personas de la naturaleza y las experiencias al aire libre, el m\u00e9todo scout es m\u00e1s importante que nunca. Los j\u00f3venes de hoy en d\u00eda necesitan aprender a colaborar y trabajar en equipo, as\u00ed como a ser independientes y responsables. Tambi\u00e9n tiene un impacto positivo en la salud mental de los j\u00f3venes, l pasar tiempo en la naturaleza, los j\u00f3venes pueden reducir el estr\u00e9s y mejorar su bienestar emocional. La exploraci\u00f3n y el aprendizaje de nuevas habilidades tambi\u00e9n fomentan la confianza en s\u00ed mismos y en su capacidad para enfrentar desaf\u00edos.<\/p>\n<p><strong>El m<\/strong><strong>\u00e9<\/strong><strong>todo scout es una herramienta valiosa en la sociedad actual para ayudar a los j\u00f3venes a desarrollar habilidades sociales y emocionales, as\u00ed como valores importantes como la responsabilidad, el liderazgo y la ciudadan\u00ed<\/strong><strong>a global. Fomenta la conexi<\/strong><strong>\u00f3n con la naturaleza y la salud mental, y les brinda la oportunidad de explorar y aprender en un entorno seguro y de apoyo.<\/strong><\/p>\n","protected":false},"excerpt":{"rendered":"<p>\u25a0 Una oportunidad \u00fanica para que los j\u00f3venes se involucren en actividades al aire libre, adquieran habilidades pr\u00e1cticas y aprendan valores importantes como la responsabilidad, la empat\u00eda y el trabajo en equipo.<\/p>\n","protected":false},"author":16,"featured_media":113584,"comment_status":"closed","ping_status":"closed","sticky":false,"template":"","format":"standard","meta":{"footnotes":""},"categories":[3],"tags":[2115,16714,12340,4777],"class_list":["post-113652","post","type-post","status-publish","format-standard","has-post-thumbnail","hentry","category-sociedad","tag-mariano-bermudez","tag-movimiento-scout","tag-paulo-aranda","tag-scouts"],"yoast_head":"<!-- This site is optimized with the Yoast SEO plugin v27.5 - https:\/\/yoast.com\/product\/yoast-seo-wordpress\/ -->\n<title>Grupos scouts iniciaron sus actividades anuales en Mercedes e invitan a sumarse<\/title>\n<meta name=\"robots\" content=\"index, follow, max-snippet:-1, max-image-preview:large, max-video-preview:-1\" \/>\n<link rel=\"canonical\" href=\"https:\/\/noticiasmercedinas.com\/site\/2023\/04\/27\/grupos-scouts-iniciaron-sus-actividades-anuales-en-mercedes-e-invitan-a-sumarse\/\" \/>\n<meta property=\"og:locale\" content=\"es_ES\" \/>\n<meta property=\"og:type\" content=\"article\" \/>\n<meta property=\"og:title\" content=\"Grupos scouts iniciaron sus actividades anuales en Mercedes e invitan a sumarse\" \/>\n<meta property=\"og:description\" content=\"\u25a0 Una oportunidad \u00fanica para que los j\u00f3venes se involucren en actividades al aire libre, adquieran habilidades pr\u00e1cticas y aprendan valores importantes como la responsabilidad, la empat\u00eda y el trabajo en equipo.\" \/>\n<meta property=\"og:url\" content=\"https:\/\/noticiasmercedinas.com\/site\/2023\/04\/27\/grupos-scouts-iniciaron-sus-actividades-anuales-en-mercedes-e-invitan-a-sumarse\/\" \/>\n<meta property=\"og:site_name\" content=\"NOTICIASMERCEDINAS.COM\" \/>\n<meta property=\"article:publisher\" content=\"https:\/\/www.facebook.com\/noticiasmercedinas\/\" \/>\n<meta property=\"article:published_time\" content=\"2023-04-27T17:45:37+00:00\" \/>\n<meta property=\"article:modified_time\" content=\"2023-04-27T17:47:21+00:00\" \/>\n<meta property=\"og:image\" content=\"https:\/\/noticiasmercedinas.com\/site\/wp-content\/uploads\/2023\/04\/mariano_bermudez_IMG_6439.jpg\" \/>\n\t<meta property=\"og:image:width\" content=\"640\" \/>\n\t<meta property=\"og:image:height\" content=\"427\" \/>\n\t<meta property=\"og:image:type\" content=\"image\/jpeg\" \/>\n<meta name=\"author\" content=\"NOTICIASMERCEDINAS.COM\" \/>\n<meta name=\"twitter:card\" content=\"summary_large_image\" \/>\n<meta name=\"twitter:creator\" content=\"@notmercedinas\" \/>\n<meta name=\"twitter:site\" content=\"@notmercedinas\" \/>\n<meta name=\"twitter:label1\" content=\"Escrito por\" \/>\n\t<meta name=\"twitter:data1\" content=\"NOTICIASMERCEDINAS.COM\" \/>\n\t<meta name=\"twitter:label2\" content=\"Tiempo de lectura\" \/>\n\t<meta name=\"twitter:data2\" content=\"3 minutos\" \/>\n<script type=\"application\/ld+json\" class=\"yoast-schema-graph\">{\"@context\":\"https:\\\/\\\/schema.org\",\"@graph\":[{\"@type\":\"Article\",\"@id\":\"https:\\\/\\\/noticiasmercedinas.com\\\/site\\\/2023\\\/04\\\/27\\\/grupos-scouts-iniciaron-sus-actividades-anuales-en-mercedes-e-invitan-a-sumarse\\\/#article\",\"isPartOf\":{\"@id\":\"https:\\\/\\\/noticiasmercedinas.com\\\/site\\\/2023\\\/04\\\/27\\\/grupos-scouts-iniciaron-sus-actividades-anuales-en-mercedes-e-invitan-a-sumarse\\\/\"},\"author\":{\"name\":\"NOTICIASMERCEDINAS.COM\",\"@id\":\"https:\\\/\\\/noticiasmercedinas.com\\\/site\\\/#\\\/schema\\\/person\\\/84b59c099c28ff2e8b77d4ceec5d8063\"},\"headline\":\"Grupos scouts iniciaron sus actividades anuales en Mercedes e invitan a sumarse\",\"datePublished\":\"2023-04-27T17:45:37+00:00\",\"dateModified\":\"2023-04-27T17:47:21+00:00\",\"mainEntityOfPage\":{\"@id\":\"https:\\\/\\\/noticiasmercedinas.com\\\/site\\\/2023\\\/04\\\/27\\\/grupos-scouts-iniciaron-sus-actividades-anuales-en-mercedes-e-invitan-a-sumarse\\\/\"},\"wordCount\":599,\"publisher\":{\"@id\":\"https:\\\/\\\/noticiasmercedinas.com\\\/site\\\/#organization\"},\"image\":{\"@id\":\"https:\\\/\\\/noticiasmercedinas.com\\\/site\\\/2023\\\/04\\\/27\\\/grupos-scouts-iniciaron-sus-actividades-anuales-en-mercedes-e-invitan-a-sumarse\\\/#primaryimage\"},\"thumbnailUrl\":\"https:\\\/\\\/noticiasmercedinas.com\\\/site\\\/wp-content\\\/uploads\\\/2023\\\/04\\\/mariano_bermudez_IMG_6439.jpg\",\"keywords\":[\"Mariano Berm\u00fadez\",\"Movimiento Scout\",\"Paulo Aranda\",\"scouts\"],\"articleSection\":[\"Sociedad\"],\"inLanguage\":\"es\"},{\"@type\":\"WebPage\",\"@id\":\"https:\\\/\\\/noticiasmercedinas.com\\\/site\\\/2023\\\/04\\\/27\\\/grupos-scouts-iniciaron-sus-actividades-anuales-en-mercedes-e-invitan-a-sumarse\\\/\",\"url\":\"https:\\\/\\\/noticiasmercedinas.com\\\/site\\\/2023\\\/04\\\/27\\\/grupos-scouts-iniciaron-sus-actividades-anuales-en-mercedes-e-invitan-a-sumarse\\\/\",\"name\":\"Grupos scouts iniciaron sus actividades anuales en Mercedes e invitan a sumarse\",\"isPartOf\":{\"@id\":\"https:\\\/\\\/noticiasmercedinas.com\\\/site\\\/#website\"},\"primaryImageOfPage\":{\"@id\":\"https:\\\/\\\/noticiasmercedinas.com\\\/site\\\/2023\\\/04\\\/27\\\/grupos-scouts-iniciaron-sus-actividades-anuales-en-mercedes-e-invitan-a-sumarse\\\/#primaryimage\"},\"image\":{\"@id\":\"https:\\\/\\\/noticiasmercedinas.com\\\/site\\\/2023\\\/04\\\/27\\\/grupos-scouts-iniciaron-sus-actividades-anuales-en-mercedes-e-invitan-a-sumarse\\\/#primaryimage\"},\"thumbnailUrl\":\"https:\\\/\\\/noticiasmercedinas.com\\\/site\\\/wp-content\\\/uploads\\\/2023\\\/04\\\/mariano_bermudez_IMG_6439.jpg\",\"datePublished\":\"2023-04-27T17:45:37+00:00\",\"dateModified\":\"2023-04-27T17:47:21+00:00\",\"breadcrumb\":{\"@id\":\"https:\\\/\\\/noticiasmercedinas.com\\\/site\\\/2023\\\/04\\\/27\\\/grupos-scouts-iniciaron-sus-actividades-anuales-en-mercedes-e-invitan-a-sumarse\\\/#breadcrumb\"},\"inLanguage\":\"es\",\"potentialAction\":[{\"@type\":\"ReadAction\",\"target\":[\"https:\\\/\\\/noticiasmercedinas.com\\\/site\\\/2023\\\/04\\\/27\\\/grupos-scouts-iniciaron-sus-actividades-anuales-en-mercedes-e-invitan-a-sumarse\\\/\"]}]},{\"@type\":\"ImageObject\",\"inLanguage\":\"es\",\"@id\":\"https:\\\/\\\/noticiasmercedinas.com\\\/site\\\/2023\\\/04\\\/27\\\/grupos-scouts-iniciaron-sus-actividades-anuales-en-mercedes-e-invitan-a-sumarse\\\/#primaryimage\",\"url\":\"https:\\\/\\\/noticiasmercedinas.com\\\/site\\\/wp-content\\\/uploads\\\/2023\\\/04\\\/mariano_bermudez_IMG_6439.jpg\",\"contentUrl\":\"https:\\\/\\\/noticiasmercedinas.com\\\/site\\\/wp-content\\\/uploads\\\/2023\\\/04\\\/mariano_bermudez_IMG_6439.jpg\",\"width\":640,\"height\":427},{\"@type\":\"BreadcrumbList\",\"@id\":\"https:\\\/\\\/noticiasmercedinas.com\\\/site\\\/2023\\\/04\\\/27\\\/grupos-scouts-iniciaron-sus-actividades-anuales-en-mercedes-e-invitan-a-sumarse\\\/#breadcrumb\",\"itemListElement\":[{\"@type\":\"ListItem\",\"position\":1,\"name\":\"Portada\",\"item\":\"https:\\\/\\\/noticiasmercedinas.com\\\/site\\\/\"},{\"@type\":\"ListItem\",\"position\":2,\"name\":\"Grupos scouts iniciaron sus actividades anuales en Mercedes e invitan a sumarse\"}]},{\"@type\":\"WebSite\",\"@id\":\"https:\\\/\\\/noticiasmercedinas.com\\\/site\\\/#website\",\"url\":\"https:\\\/\\\/noticiasmercedinas.com\\\/site\\\/\",\"name\":\"NOTICIASMERCEDINAS.COM\",\"description\":\"Mercedes, Buenos Aires, Argentina\",\"publisher\":{\"@id\":\"https:\\\/\\\/noticiasmercedinas.com\\\/site\\\/#organization\"},\"potentialAction\":[{\"@type\":\"SearchAction\",\"target\":{\"@type\":\"EntryPoint\",\"urlTemplate\":\"https:\\\/\\\/noticiasmercedinas.com\\\/site\\\/?s={search_term_string}\"},\"query-input\":{\"@type\":\"PropertyValueSpecification\",\"valueRequired\":true,\"valueName\":\"search_term_string\"}}],\"inLanguage\":\"es\"},{\"@type\":\"Organization\",\"@id\":\"https:\\\/\\\/noticiasmercedinas.com\\\/site\\\/#organization\",\"name\":\"NOTICIASMERCEDINAS.COM\",\"url\":\"https:\\\/\\\/noticiasmercedinas.com\\\/site\\\/\",\"logo\":{\"@type\":\"ImageObject\",\"inLanguage\":\"es\",\"@id\":\"https:\\\/\\\/noticiasmercedinas.com\\\/site\\\/#\\\/schema\\\/logo\\\/image\\\/\",\"url\":\"https:\\\/\\\/noticiasmercedinas.com\\\/site\\\/wp-content\\\/uploads\\\/2020\\\/06\\\/LOGO-512.jpg\",\"contentUrl\":\"https:\\\/\\\/noticiasmercedinas.com\\\/site\\\/wp-content\\\/uploads\\\/2020\\\/06\\\/LOGO-512.jpg\",\"width\":512,\"height\":512,\"caption\":\"NOTICIASMERCEDINAS.COM\"},\"image\":{\"@id\":\"https:\\\/\\\/noticiasmercedinas.com\\\/site\\\/#\\\/schema\\\/logo\\\/image\\\/\"},\"sameAs\":[\"https:\\\/\\\/www.facebook.com\\\/noticiasmercedinas\\\/\",\"https:\\\/\\\/x.com\\\/notmercedinas\",\"https:\\\/\\\/www.instagram.com\\\/noticiasmercedinas\\\/\"]},{\"@type\":\"Person\",\"@id\":\"https:\\\/\\\/noticiasmercedinas.com\\\/site\\\/#\\\/schema\\\/person\\\/84b59c099c28ff2e8b77d4ceec5d8063\",\"name\":\"NOTICIASMERCEDINAS.COM\",\"image\":{\"@type\":\"ImageObject\",\"inLanguage\":\"es\",\"@id\":\"https:\\\/\\\/secure.gravatar.com\\\/avatar\\\/4dfbf16b4d17945bfb6341b2d19043457132fcf478a5ee04f42e959fd8f5df0a?s=96&d=mm&r=g\",\"url\":\"https:\\\/\\\/secure.gravatar.com\\\/avatar\\\/4dfbf16b4d17945bfb6341b2d19043457132fcf478a5ee04f42e959fd8f5df0a?s=96&d=mm&r=g\",\"contentUrl\":\"https:\\\/\\\/secure.gravatar.com\\\/avatar\\\/4dfbf16b4d17945bfb6341b2d19043457132fcf478a5ee04f42e959fd8f5df0a?s=96&d=mm&r=g\",\"caption\":\"NOTICIASMERCEDINAS.COM\"},\"url\":\"https:\\\/\\\/noticiasmercedinas.com\\\/site\\\/author\\\/anonimo\\\/\"}]}<\/script>\n<!-- \/ Yoast SEO plugin. -->","yoast_head_json":{"title":"Grupos scouts iniciaron sus actividades anuales en Mercedes e invitan a sumarse","robots":{"index":"index","follow":"follow","max-snippet":"max-snippet:-1","max-image-preview":"max-image-preview:large","max-video-preview":"max-video-preview:-1"},"canonical":"https:\/\/noticiasmercedinas.com\/site\/2023\/04\/27\/grupos-scouts-iniciaron-sus-actividades-anuales-en-mercedes-e-invitan-a-sumarse\/","og_locale":"es_ES","og_type":"article","og_title":"Grupos scouts iniciaron sus actividades anuales en Mercedes e invitan a sumarse","og_description":"\u25a0 Una oportunidad \u00fanica para que los j\u00f3venes se involucren en actividades al aire libre, adquieran habilidades pr\u00e1cticas y aprendan valores importantes como la responsabilidad, la empat\u00eda y el trabajo en equipo.","og_url":"https:\/\/noticiasmercedinas.com\/site\/2023\/04\/27\/grupos-scouts-iniciaron-sus-actividades-anuales-en-mercedes-e-invitan-a-sumarse\/","og_site_name":"NOTICIASMERCEDINAS.COM","article_publisher":"https:\/\/www.facebook.com\/noticiasmercedinas\/","article_published_time":"2023-04-27T17:45:37+00:00","article_modified_time":"2023-04-27T17:47:21+00:00","og_image":[{"width":640,"height":427,"url":"https:\/\/noticiasmercedinas.com\/site\/wp-content\/uploads\/2023\/04\/mariano_bermudez_IMG_6439.jpg","type":"image\/jpeg"}],"author":"NOTICIASMERCEDINAS.COM","twitter_card":"summary_large_image","twitter_creator":"@notmercedinas","twitter_site":"@notmercedinas","twitter_misc":{"Escrito por":"NOTICIASMERCEDINAS.COM","Tiempo de lectura":"3 minutos"},"schema":{"@context":"https:\/\/schema.org","@graph":[{"@type":"Article","@id":"https:\/\/noticiasmercedinas.com\/site\/2023\/04\/27\/grupos-scouts-iniciaron-sus-actividades-anuales-en-mercedes-e-invitan-a-sumarse\/#article","isPartOf":{"@id":"https:\/\/noticiasmercedinas.com\/site\/2023\/04\/27\/grupos-scouts-iniciaron-sus-actividades-anuales-en-mercedes-e-invitan-a-sumarse\/"},"author":{"name":"NOTICIASMERCEDINAS.COM","@id":"https:\/\/noticiasmercedinas.com\/site\/#\/schema\/person\/84b59c099c28ff2e8b77d4ceec5d8063"},"headline":"Grupos scouts iniciaron sus actividades anuales en Mercedes e invitan a sumarse","datePublished":"2023-04-27T17:45:37+00:00","dateModified":"2023-04-27T17:47:21+00:00","mainEntityOfPage":{"@id":"https:\/\/noticiasmercedinas.com\/site\/2023\/04\/27\/grupos-scouts-iniciaron-sus-actividades-anuales-en-mercedes-e-invitan-a-sumarse\/"},"wordCount":599,"publisher":{"@id":"https:\/\/noticiasmercedinas.com\/site\/#organization"},"image":{"@id":"https:\/\/noticiasmercedinas.com\/site\/2023\/04\/27\/grupos-scouts-iniciaron-sus-actividades-anuales-en-mercedes-e-invitan-a-sumarse\/#primaryimage"},"thumbnailUrl":"https:\/\/noticiasmercedinas.com\/site\/wp-content\/uploads\/2023\/04\/mariano_bermudez_IMG_6439.jpg","keywords":["Mariano Berm\u00fadez","Movimiento Scout","Paulo Aranda","scouts"],"articleSection":["Sociedad"],"inLanguage":"es"},{"@type":"WebPage","@id":"https:\/\/noticiasmercedinas.com\/site\/2023\/04\/27\/grupos-scouts-iniciaron-sus-actividades-anuales-en-mercedes-e-invitan-a-sumarse\/","url":"https:\/\/noticiasmercedinas.com\/site\/2023\/04\/27\/grupos-scouts-iniciaron-sus-actividades-anuales-en-mercedes-e-invitan-a-sumarse\/","name":"Grupos scouts iniciaron sus actividades anuales en Mercedes e invitan a sumarse","isPartOf":{"@id":"https:\/\/noticiasmercedinas.com\/site\/#website"},"primaryImageOfPage":{"@id":"https:\/\/noticiasmercedinas.com\/site\/2023\/04\/27\/grupos-scouts-iniciaron-sus-actividades-anuales-en-mercedes-e-invitan-a-sumarse\/#primaryimage"},"image":{"@id":"https:\/\/noticiasmercedinas.com\/site\/2023\/04\/27\/grupos-scouts-iniciaron-sus-actividades-anuales-en-mercedes-e-invitan-a-sumarse\/#primaryimage"},"thumbnailUrl":"https:\/\/noticiasmercedinas.com\/site\/wp-content\/uploads\/2023\/04\/mariano_bermudez_IMG_6439.jpg","datePublished":"2023-04-27T17:45:37+00:00","dateModified":"2023-04-27T17:47:21+00:00","breadcrumb":{"@id":"https:\/\/noticiasmercedinas.com\/site\/2023\/04\/27\/grupos-scouts-iniciaron-sus-actividades-anuales-en-mercedes-e-invitan-a-sumarse\/#breadcrumb"},"inLanguage":"es","potentialAction":[{"@type":"ReadAction","target":["https:\/\/noticiasmercedinas.com\/site\/2023\/04\/27\/grupos-scouts-iniciaron-sus-actividades-anuales-en-mercedes-e-invitan-a-sumarse\/"]}]},{"@type":"ImageObject","inLanguage":"es","@id":"https:\/\/noticiasmercedinas.com\/site\/2023\/04\/27\/grupos-scouts-iniciaron-sus-actividades-anuales-en-mercedes-e-invitan-a-sumarse\/#primaryimage","url":"https:\/\/noticiasmercedinas.com\/site\/wp-content\/uploads\/2023\/04\/mariano_bermudez_IMG_6439.jpg","contentUrl":"https:\/\/noticiasmercedinas.com\/site\/wp-content\/uploads\/2023\/04\/mariano_bermudez_IMG_6439.jpg","width":640,"height":427},{"@type":"BreadcrumbList","@id":"https:\/\/noticiasmercedinas.com\/site\/2023\/04\/27\/grupos-scouts-iniciaron-sus-actividades-anuales-en-mercedes-e-invitan-a-sumarse\/#breadcrumb","itemListElement":[{"@type":"ListItem","position":1,"name":"Portada","item":"https:\/\/noticiasmercedinas.com\/site\/"},{"@type":"ListItem","position":2,"name":"Grupos scouts iniciaron sus actividades anuales en Mercedes e invitan a sumarse"}]},{"@type":"WebSite","@id":"https:\/\/noticiasmercedinas.com\/site\/#website","url":"https:\/\/noticiasmercedinas.com\/site\/","name":"NOTICIASMERCEDINAS.COM","description":"Mercedes, Buenos Aires, Argentina","publisher":{"@id":"https:\/\/noticiasmercedinas.com\/site\/#organization"},"potentialAction":[{"@type":"SearchAction","target":{"@type":"EntryPoint","urlTemplate":"https:\/\/noticiasmercedinas.com\/site\/?s={search_term_string}"},"query-input":{"@type":"PropertyValueSpecification","valueRequired":true,"valueName":"search_term_string"}}],"inLanguage":"es"},{"@type":"Organization","@id":"https:\/\/noticiasmercedinas.com\/site\/#organization","name":"NOTICIASMERCEDINAS.COM","url":"https:\/\/noticiasmercedinas.com\/site\/","logo":{"@type":"ImageObject","inLanguage":"es","@id":"https:\/\/noticiasmercedinas.com\/site\/#\/schema\/logo\/image\/","url":"https:\/\/noticiasmercedinas.com\/site\/wp-content\/uploads\/2020\/06\/LOGO-512.jpg","contentUrl":"https:\/\/noticiasmercedinas.com\/site\/wp-content\/uploads\/2020\/06\/LOGO-512.jpg","width":512,"height":512,"caption":"NOTICIASMERCEDINAS.COM"},"image":{"@id":"https:\/\/noticiasmercedinas.com\/site\/#\/schema\/logo\/image\/"},"sameAs":["https:\/\/www.facebook.com\/noticiasmercedinas\/","https:\/\/x.com\/notmercedinas","https:\/\/www.instagram.com\/noticiasmercedinas\/"]},{"@type":"Person","@id":"https:\/\/noticiasmercedinas.com\/site\/#\/schema\/person\/84b59c099c28ff2e8b77d4ceec5d8063","name":"NOTICIASMERCEDINAS.COM","image":{"@type":"ImageObject","inLanguage":"es","@id":"https:\/\/secure.gravatar.com\/avatar\/4dfbf16b4d17945bfb6341b2d19043457132fcf478a5ee04f42e959fd8f5df0a?s=96&d=mm&r=g","url":"https:\/\/secure.gravatar.com\/avatar\/4dfbf16b4d17945bfb6341b2d19043457132fcf478a5ee04f42e959fd8f5df0a?s=96&d=mm&r=g","contentUrl":"https:\/\/secure.gravatar.com\/avatar\/4dfbf16b4d17945bfb6341b2d19043457132fcf478a5ee04f42e959fd8f5df0a?s=96&d=mm&r=g","caption":"NOTICIASMERCEDINAS.COM"},"url":"https:\/\/noticiasmercedinas.com\/site\/author\/anonimo\/"}]}},"amp_enabled":true,"_links":{"self":[{"href":"https:\/\/noticiasmercedinas.com\/site\/wp-json\/wp\/v2\/posts\/113652","targetHints":{"allow":["GET"]}}],"collection":[{"href":"https:\/\/noticiasmercedinas.com\/site\/wp-json\/wp\/v2\/posts"}],"about":[{"href":"https:\/\/noticiasmercedinas.com\/site\/wp-json\/wp\/v2\/types\/post"}],"author":[{"embeddable":true,"href":"https:\/\/noticiasmercedinas.com\/site\/wp-json\/wp\/v2\/users\/16"}],"replies":[{"embeddable":true,"href":"https:\/\/noticiasmercedinas.com\/site\/wp-json\/wp\/v2\/comments?post=113652"}],"version-history":[{"count":2,"href":"https:\/\/noticiasmercedinas.com\/site\/wp-json\/wp\/v2\/posts\/113652\/revisions"}],"predecessor-version":[{"id":113654,"href":"https:\/\/noticiasmercedinas.com\/site\/wp-json\/wp\/v2\/posts\/113652\/revisions\/113654"}],"wp:featuredmedia":[{"embeddable":true,"href":"https:\/\/noticiasmercedinas.com\/site\/wp-json\/wp\/v2\/media\/113584"}],"wp:attachment":[{"href":"https:\/\/noticiasmercedinas.com\/site\/wp-json\/wp\/v2\/media?parent=113652"}],"wp:term":[{"taxonomy":"category","embeddable":true,"href":"https:\/\/noticiasmercedinas.com\/site\/wp-json\/wp\/v2\/categories?post=113652"},{"taxonomy":"post_tag","embeddable":true,"href":"https:\/\/noticiasmercedinas.com\/site\/wp-json\/wp\/v2\/tags?post=113652"}],"curies":[{"name":"wp","href":"https:\/\/api.w.org\/{rel}","templated":true}]}}