{"id":113753,"date":"2023-04-28T16:38:10","date_gmt":"2023-04-28T19:38:10","guid":{"rendered":"https:\/\/noticiasmercedinas.com\/site\/?p=113753"},"modified":"2023-04-28T17:00:03","modified_gmt":"2023-04-28T20:00:03","slug":"maquinaria-recorre-el-tramo-villars-mercedes-para-poder-llegar-a-una-pronta-habilitacion-de-las-vias","status":"publish","type":"post","link":"https:\/\/noticiasmercedinas.com\/site\/2023\/04\/28\/maquinaria-recorre-el-tramo-villars-mercedes-para-poder-llegar-a-una-pronta-habilitacion-de-las-vias\/","title":{"rendered":"Maquinaria recorre el tramo Villars &#8211; Mercedes para poder llegar a una pronta habilitaci\u00f3n de las v\u00edas"},"content":{"rendered":"<figure id=\"attachment_113754\" aria-describedby=\"caption-attachment-113754\" style=\"width: 640px\" class=\"wp-caption alignnone\"><img loading=\"lazy\" decoding=\"async\" class=\"wp-image-113754 size-large\" src=\"https:\/\/noticiasmercedinas.com\/site\/wp-content\/uploads\/2023\/04\/explo1-1024x768.jpg\" alt=\"\" width=\"640\" height=\"480\" srcset=\"https:\/\/noticiasmercedinas.com\/site\/wp-content\/uploads\/2023\/04\/explo1-1024x768.jpg 1024w, https:\/\/noticiasmercedinas.com\/site\/wp-content\/uploads\/2023\/04\/explo1-300x225.jpg 300w, https:\/\/noticiasmercedinas.com\/site\/wp-content\/uploads\/2023\/04\/explo1-768x576.jpg 768w, https:\/\/noticiasmercedinas.com\/site\/wp-content\/uploads\/2023\/04\/explo1-1536x1152.jpg 1536w, https:\/\/noticiasmercedinas.com\/site\/wp-content\/uploads\/2023\/04\/explo1-80x60.jpg 80w, https:\/\/noticiasmercedinas.com\/site\/wp-content\/uploads\/2023\/04\/explo1-160x120.jpg 160w, https:\/\/noticiasmercedinas.com\/site\/wp-content\/uploads\/2023\/04\/explo1-100x75.jpg 100w, https:\/\/noticiasmercedinas.com\/site\/wp-content\/uploads\/2023\/04\/explo1-200x150.jpg 200w, https:\/\/noticiasmercedinas.com\/site\/wp-content\/uploads\/2023\/04\/explo1-180x135.jpg 180w, https:\/\/noticiasmercedinas.com\/site\/wp-content\/uploads\/2023\/04\/explo1-360x270.jpg 360w, https:\/\/noticiasmercedinas.com\/site\/wp-content\/uploads\/2023\/04\/explo1-238x178.jpg 238w, https:\/\/noticiasmercedinas.com\/site\/wp-content\/uploads\/2023\/04\/explo1-476x356.jpg 476w, https:\/\/noticiasmercedinas.com\/site\/wp-content\/uploads\/2023\/04\/explo1-640x480.jpg 640w, https:\/\/noticiasmercedinas.com\/site\/wp-content\/uploads\/2023\/04\/explo1-1280x960.jpg 1280w, https:\/\/noticiasmercedinas.com\/site\/wp-content\/uploads\/2023\/04\/explo1-681x511.jpg 681w, https:\/\/noticiasmercedinas.com\/site\/wp-content\/uploads\/2023\/04\/explo1-1362x1022.jpg 1362w, https:\/\/noticiasmercedinas.com\/site\/wp-content\/uploads\/2023\/04\/explo1.jpg 1600w\" sizes=\"auto, (max-width: 640px) 100vw, 640px\" \/><figcaption id=\"caption-attachment-113754\" class=\"wp-caption-text\">La m\u00e1quina de exploraci\u00f3n de v\u00edas en el viejo puente elevado de hierro que cruza el FFCC Sarmiento.<\/figcaption><\/figure>\n<p>Por estos d\u00edas se pudo ver nuevamente en v\u00edas del ferrocarril Belgrano Cargas, en el, partido de Mercedes, maquinaria espec\u00edfica que recorre el tramo para poder llegar a una pronta habilitaci\u00f3n de las v\u00edas detectando partes con falencias y peligros para que circulen las formaciones. Es que el plan de la empresa a cargo de ferrocarriles, Trenes Argentinos, es que vuelva a circular pronto el tren en el tramo Villars \u2013 Mercedes.<\/p>\n<p>La exploraci\u00f3n de v\u00edas para que circule el tren hasta Mercedes es una realidad por estos d\u00edas e incluye tareas de desmalezamiento que permitieron la llegada del cami\u00f3n v\u00eda amarillo.<\/p>\n<p><img loading=\"lazy\" decoding=\"async\" class=\"alignnone size-full wp-image-113757\" src=\"https:\/\/noticiasmercedinas.com\/site\/wp-content\/uploads\/2023\/04\/ramales.jpg\" alt=\"\" width=\"640\" height=\"505\" srcset=\"https:\/\/noticiasmercedinas.com\/site\/wp-content\/uploads\/2023\/04\/ramales.jpg 640w, https:\/\/noticiasmercedinas.com\/site\/wp-content\/uploads\/2023\/04\/ramales-300x237.jpg 300w\" sizes=\"auto, (max-width: 640px) 100vw, 640px\" \/><\/p>\n<p>Trenes Argentinos Operaciones (SOSFE) ya logr\u00f3 que el tren de pasajeros de este ramal llegue a Villars en el mes de diciembre del 2022, tras 29 a\u00f1os de inactividad en el ramal que va de Gonz\u00e1lez Cat\u00e1n a Marcos Paz y que tiene como objetivo la llegada <a href=\"https:\/\/noticiasmercedinas.com\/site\/2022\/05\/24\/navarro-trabajos-para-la-pronta-vuelta-del-tren-a-la-localidad\/\">nuevamente del tren a Navarro, tal cual se coment\u00f3 recientemente<\/a>.<\/p>\n<p>Este a\u00f1o adem\u00e1s desde SOFSE lo que se intenta es reactivar el tramo de v\u00edas de unos 50 kil\u00f3metros de extensi\u00f3n y hacer circular el ferrocarril desde Villars hasta la ciudad de Mercedes, por la trocha angosta.<\/p>\n<p>Justamente en Mercedes hay un proyecto de Tren Tur\u00edstico entre la cabecera de la ciudad y las localidades de Altamira y Jorge Born (Tom\u00e1s Jofr\u00e9) cuyas estaciones fueron remodeladas y refuncionalizadas, que se ver\u00eda beneficiado con estos trabajos.<\/p>\n<figure id=\"attachment_113755\" aria-describedby=\"caption-attachment-113755\" style=\"width: 1024px\" class=\"wp-caption alignnone\"><img loading=\"lazy\" decoding=\"async\" class=\"wp-image-113755 size-full\" src=\"https:\/\/noticiasmercedinas.com\/site\/wp-content\/uploads\/2023\/04\/explo.jpg\" alt=\"\" width=\"1024\" height=\"768\" srcset=\"https:\/\/noticiasmercedinas.com\/site\/wp-content\/uploads\/2023\/04\/explo.jpg 1024w, https:\/\/noticiasmercedinas.com\/site\/wp-content\/uploads\/2023\/04\/explo-300x225.jpg 300w, https:\/\/noticiasmercedinas.com\/site\/wp-content\/uploads\/2023\/04\/explo-768x576.jpg 768w, https:\/\/noticiasmercedinas.com\/site\/wp-content\/uploads\/2023\/04\/explo-80x60.jpg 80w, https:\/\/noticiasmercedinas.com\/site\/wp-content\/uploads\/2023\/04\/explo-160x120.jpg 160w, https:\/\/noticiasmercedinas.com\/site\/wp-content\/uploads\/2023\/04\/explo-100x75.jpg 100w, https:\/\/noticiasmercedinas.com\/site\/wp-content\/uploads\/2023\/04\/explo-200x150.jpg 200w, https:\/\/noticiasmercedinas.com\/site\/wp-content\/uploads\/2023\/04\/explo-180x135.jpg 180w, https:\/\/noticiasmercedinas.com\/site\/wp-content\/uploads\/2023\/04\/explo-360x270.jpg 360w, https:\/\/noticiasmercedinas.com\/site\/wp-content\/uploads\/2023\/04\/explo-238x178.jpg 238w, https:\/\/noticiasmercedinas.com\/site\/wp-content\/uploads\/2023\/04\/explo-476x356.jpg 476w, https:\/\/noticiasmercedinas.com\/site\/wp-content\/uploads\/2023\/04\/explo-640x480.jpg 640w, https:\/\/noticiasmercedinas.com\/site\/wp-content\/uploads\/2023\/04\/explo-681x511.jpg 681w\" sizes=\"auto, (max-width: 1024px) 100vw, 1024px\" \/><figcaption id=\"caption-attachment-113755\" class=\"wp-caption-text\">El proyecto de Tren Tur\u00edstico con legada a Tom\u00e1s Jofr\u00e9 se ver\u00eda beneficiado<\/figcaption><\/figure>\n","protected":false},"excerpt":{"rendered":"<p>\u25a0 La exploraci\u00f3n de v\u00edas para que circule el tren por el FFCC Belgrano es una realidad por estos d\u00edas e incluye tareas de desmalezamiento que permitieron la llegada del cami\u00f3n v\u00eda amarillo a la cabecera<\/p>\n","protected":false},"author":16,"featured_media":113754,"comment_status":"closed","ping_status":"closed","sticky":false,"template":"","format":"standard","meta":{"footnotes":""},"categories":[3],"tags":[10699,1116,10147],"class_list":["post-113753","post","type-post","status-publish","format-standard","has-post-thumbnail","hentry","category-sociedad","tag-ffcc-belgrano","tag-tren","tag-vias"],"yoast_head":"<!-- This site is optimized with the Yoast SEO plugin v27.4 - https:\/\/yoast.com\/product\/yoast-seo-wordpress\/ -->\n<title>Maquinaria recorre el tramo Villars - Mercedes para poder llegar a una pronta habilitaci\u00f3n de las v\u00edas<\/title>\n<meta name=\"robots\" content=\"index, follow, max-snippet:-1, max-image-preview:large, max-video-preview:-1\" \/>\n<link rel=\"canonical\" href=\"https:\/\/noticiasmercedinas.com\/site\/2023\/04\/28\/maquinaria-recorre-el-tramo-villars-mercedes-para-poder-llegar-a-una-pronta-habilitacion-de-las-vias\/\" \/>\n<meta property=\"og:locale\" content=\"es_ES\" \/>\n<meta property=\"og:type\" content=\"article\" \/>\n<meta property=\"og:title\" content=\"Maquinaria recorre el tramo Villars - Mercedes para poder llegar a una pronta habilitaci\u00f3n de las v\u00edas\" \/>\n<meta property=\"og:description\" content=\"\u25a0 La exploraci\u00f3n de v\u00edas para que circule el tren por el FFCC Belgrano es una realidad por estos d\u00edas e incluye tareas de desmalezamiento que permitieron la llegada del cami\u00f3n v\u00eda amarillo a la cabecera\" \/>\n<meta property=\"og:url\" content=\"https:\/\/noticiasmercedinas.com\/site\/2023\/04\/28\/maquinaria-recorre-el-tramo-villars-mercedes-para-poder-llegar-a-una-pronta-habilitacion-de-las-vias\/\" \/>\n<meta property=\"og:site_name\" content=\"NOTICIASMERCEDINAS.COM\" \/>\n<meta property=\"article:publisher\" content=\"https:\/\/www.facebook.com\/noticiasmercedinas\/\" \/>\n<meta property=\"article:published_time\" content=\"2023-04-28T19:38:10+00:00\" \/>\n<meta property=\"article:modified_time\" content=\"2023-04-28T20:00:03+00:00\" \/>\n<meta property=\"og:image\" content=\"https:\/\/noticiasmercedinas.com\/site\/wp-content\/uploads\/2023\/04\/explo1.jpg\" \/>\n\t<meta property=\"og:image:width\" content=\"1600\" \/>\n\t<meta property=\"og:image:height\" content=\"1200\" \/>\n\t<meta property=\"og:image:type\" content=\"image\/jpeg\" \/>\n<meta name=\"author\" content=\"NOTICIASMERCEDINAS.COM\" \/>\n<meta name=\"twitter:card\" content=\"summary_large_image\" \/>\n<meta name=\"twitter:creator\" content=\"@notmercedinas\" \/>\n<meta name=\"twitter:site\" content=\"@notmercedinas\" \/>\n<meta name=\"twitter:label1\" content=\"Escrito por\" \/>\n\t<meta name=\"twitter:data1\" content=\"NOTICIASMERCEDINAS.COM\" \/>\n\t<meta name=\"twitter:label2\" content=\"Tiempo de lectura\" \/>\n\t<meta name=\"twitter:data2\" content=\"2 minutos\" \/>\n<script type=\"application\/ld+json\" class=\"yoast-schema-graph\">{\"@context\":\"https:\\\/\\\/schema.org\",\"@graph\":[{\"@type\":\"Article\",\"@id\":\"https:\\\/\\\/noticiasmercedinas.com\\\/site\\\/2023\\\/04\\\/28\\\/maquinaria-recorre-el-tramo-villars-mercedes-para-poder-llegar-a-una-pronta-habilitacion-de-las-vias\\\/#article\",\"isPartOf\":{\"@id\":\"https:\\\/\\\/noticiasmercedinas.com\\\/site\\\/2023\\\/04\\\/28\\\/maquinaria-recorre-el-tramo-villars-mercedes-para-poder-llegar-a-una-pronta-habilitacion-de-las-vias\\\/\"},\"author\":{\"name\":\"NOTICIASMERCEDINAS.COM\",\"@id\":\"https:\\\/\\\/noticiasmercedinas.com\\\/site\\\/#\\\/schema\\\/person\\\/84b59c099c28ff2e8b77d4ceec5d8063\"},\"headline\":\"Maquinaria recorre el tramo Villars &#8211; Mercedes para poder llegar a una pronta habilitaci\u00f3n de las v\u00edas\",\"datePublished\":\"2023-04-28T19:38:10+00:00\",\"dateModified\":\"2023-04-28T20:00:03+00:00\",\"mainEntityOfPage\":{\"@id\":\"https:\\\/\\\/noticiasmercedinas.com\\\/site\\\/2023\\\/04\\\/28\\\/maquinaria-recorre-el-tramo-villars-mercedes-para-poder-llegar-a-una-pronta-habilitacion-de-las-vias\\\/\"},\"wordCount\":321,\"publisher\":{\"@id\":\"https:\\\/\\\/noticiasmercedinas.com\\\/site\\\/#organization\"},\"image\":{\"@id\":\"https:\\\/\\\/noticiasmercedinas.com\\\/site\\\/2023\\\/04\\\/28\\\/maquinaria-recorre-el-tramo-villars-mercedes-para-poder-llegar-a-una-pronta-habilitacion-de-las-vias\\\/#primaryimage\"},\"thumbnailUrl\":\"https:\\\/\\\/noticiasmercedinas.com\\\/site\\\/wp-content\\\/uploads\\\/2023\\\/04\\\/explo1.jpg\",\"keywords\":[\"ffcc Belgrano\",\"Tren\",\"vias\"],\"articleSection\":[\"Sociedad\"],\"inLanguage\":\"es\"},{\"@type\":\"WebPage\",\"@id\":\"https:\\\/\\\/noticiasmercedinas.com\\\/site\\\/2023\\\/04\\\/28\\\/maquinaria-recorre-el-tramo-villars-mercedes-para-poder-llegar-a-una-pronta-habilitacion-de-las-vias\\\/\",\"url\":\"https:\\\/\\\/noticiasmercedinas.com\\\/site\\\/2023\\\/04\\\/28\\\/maquinaria-recorre-el-tramo-villars-mercedes-para-poder-llegar-a-una-pronta-habilitacion-de-las-vias\\\/\",\"name\":\"Maquinaria recorre el tramo Villars - Mercedes para poder llegar a una pronta habilitaci\u00f3n de las v\u00edas\",\"isPartOf\":{\"@id\":\"https:\\\/\\\/noticiasmercedinas.com\\\/site\\\/#website\"},\"primaryImageOfPage\":{\"@id\":\"https:\\\/\\\/noticiasmercedinas.com\\\/site\\\/2023\\\/04\\\/28\\\/maquinaria-recorre-el-tramo-villars-mercedes-para-poder-llegar-a-una-pronta-habilitacion-de-las-vias\\\/#primaryimage\"},\"image\":{\"@id\":\"https:\\\/\\\/noticiasmercedinas.com\\\/site\\\/2023\\\/04\\\/28\\\/maquinaria-recorre-el-tramo-villars-mercedes-para-poder-llegar-a-una-pronta-habilitacion-de-las-vias\\\/#primaryimage\"},\"thumbnailUrl\":\"https:\\\/\\\/noticiasmercedinas.com\\\/site\\\/wp-content\\\/uploads\\\/2023\\\/04\\\/explo1.jpg\",\"datePublished\":\"2023-04-28T19:38:10+00:00\",\"dateModified\":\"2023-04-28T20:00:03+00:00\",\"breadcrumb\":{\"@id\":\"https:\\\/\\\/noticiasmercedinas.com\\\/site\\\/2023\\\/04\\\/28\\\/maquinaria-recorre-el-tramo-villars-mercedes-para-poder-llegar-a-una-pronta-habilitacion-de-las-vias\\\/#breadcrumb\"},\"inLanguage\":\"es\",\"potentialAction\":[{\"@type\":\"ReadAction\",\"target\":[\"https:\\\/\\\/noticiasmercedinas.com\\\/site\\\/2023\\\/04\\\/28\\\/maquinaria-recorre-el-tramo-villars-mercedes-para-poder-llegar-a-una-pronta-habilitacion-de-las-vias\\\/\"]}]},{\"@type\":\"ImageObject\",\"inLanguage\":\"es\",\"@id\":\"https:\\\/\\\/noticiasmercedinas.com\\\/site\\\/2023\\\/04\\\/28\\\/maquinaria-recorre-el-tramo-villars-mercedes-para-poder-llegar-a-una-pronta-habilitacion-de-las-vias\\\/#primaryimage\",\"url\":\"https:\\\/\\\/noticiasmercedinas.com\\\/site\\\/wp-content\\\/uploads\\\/2023\\\/04\\\/explo1.jpg\",\"contentUrl\":\"https:\\\/\\\/noticiasmercedinas.com\\\/site\\\/wp-content\\\/uploads\\\/2023\\\/04\\\/explo1.jpg\",\"width\":1600,\"height\":1200},{\"@type\":\"BreadcrumbList\",\"@id\":\"https:\\\/\\\/noticiasmercedinas.com\\\/site\\\/2023\\\/04\\\/28\\\/maquinaria-recorre-el-tramo-villars-mercedes-para-poder-llegar-a-una-pronta-habilitacion-de-las-vias\\\/#breadcrumb\",\"itemListElement\":[{\"@type\":\"ListItem\",\"position\":1,\"name\":\"Portada\",\"item\":\"https:\\\/\\\/noticiasmercedinas.com\\\/site\\\/\"},{\"@type\":\"ListItem\",\"position\":2,\"name\":\"Maquinaria recorre el tramo Villars &#8211; Mercedes para poder llegar a una pronta habilitaci\u00f3n de las v\u00edas\"}]},{\"@type\":\"WebSite\",\"@id\":\"https:\\\/\\\/noticiasmercedinas.com\\\/site\\\/#website\",\"url\":\"https:\\\/\\\/noticiasmercedinas.com\\\/site\\\/\",\"name\":\"NOTICIASMERCEDINAS.COM\",\"description\":\"Mercedes, Buenos Aires, Argentina\",\"publisher\":{\"@id\":\"https:\\\/\\\/noticiasmercedinas.com\\\/site\\\/#organization\"},\"potentialAction\":[{\"@type\":\"SearchAction\",\"target\":{\"@type\":\"EntryPoint\",\"urlTemplate\":\"https:\\\/\\\/noticiasmercedinas.com\\\/site\\\/?s={search_term_string}\"},\"query-input\":{\"@type\":\"PropertyValueSpecification\",\"valueRequired\":true,\"valueName\":\"search_term_string\"}}],\"inLanguage\":\"es\"},{\"@type\":\"Organization\",\"@id\":\"https:\\\/\\\/noticiasmercedinas.com\\\/site\\\/#organization\",\"name\":\"NOTICIASMERCEDINAS.COM\",\"url\":\"https:\\\/\\\/noticiasmercedinas.com\\\/site\\\/\",\"logo\":{\"@type\":\"ImageObject\",\"inLanguage\":\"es\",\"@id\":\"https:\\\/\\\/noticiasmercedinas.com\\\/site\\\/#\\\/schema\\\/logo\\\/image\\\/\",\"url\":\"https:\\\/\\\/noticiasmercedinas.com\\\/site\\\/wp-content\\\/uploads\\\/2020\\\/06\\\/LOGO-512.jpg\",\"contentUrl\":\"https:\\\/\\\/noticiasmercedinas.com\\\/site\\\/wp-content\\\/uploads\\\/2020\\\/06\\\/LOGO-512.jpg\",\"width\":512,\"height\":512,\"caption\":\"NOTICIASMERCEDINAS.COM\"},\"image\":{\"@id\":\"https:\\\/\\\/noticiasmercedinas.com\\\/site\\\/#\\\/schema\\\/logo\\\/image\\\/\"},\"sameAs\":[\"https:\\\/\\\/www.facebook.com\\\/noticiasmercedinas\\\/\",\"https:\\\/\\\/x.com\\\/notmercedinas\",\"https:\\\/\\\/www.instagram.com\\\/noticiasmercedinas\\\/\"]},{\"@type\":\"Person\",\"@id\":\"https:\\\/\\\/noticiasmercedinas.com\\\/site\\\/#\\\/schema\\\/person\\\/84b59c099c28ff2e8b77d4ceec5d8063\",\"name\":\"NOTICIASMERCEDINAS.COM\",\"image\":{\"@type\":\"ImageObject\",\"inLanguage\":\"es\",\"@id\":\"https:\\\/\\\/secure.gravatar.com\\\/avatar\\\/4dfbf16b4d17945bfb6341b2d19043457132fcf478a5ee04f42e959fd8f5df0a?s=96&d=mm&r=g\",\"url\":\"https:\\\/\\\/secure.gravatar.com\\\/avatar\\\/4dfbf16b4d17945bfb6341b2d19043457132fcf478a5ee04f42e959fd8f5df0a?s=96&d=mm&r=g\",\"contentUrl\":\"https:\\\/\\\/secure.gravatar.com\\\/avatar\\\/4dfbf16b4d17945bfb6341b2d19043457132fcf478a5ee04f42e959fd8f5df0a?s=96&d=mm&r=g\",\"caption\":\"NOTICIASMERCEDINAS.COM\"},\"url\":\"https:\\\/\\\/noticiasmercedinas.com\\\/site\\\/author\\\/anonimo\\\/\"}]}<\/script>\n<!-- \/ Yoast SEO plugin. -->","yoast_head_json":{"title":"Maquinaria recorre el tramo Villars - Mercedes para poder llegar a una pronta habilitaci\u00f3n de las v\u00edas","robots":{"index":"index","follow":"follow","max-snippet":"max-snippet:-1","max-image-preview":"max-image-preview:large","max-video-preview":"max-video-preview:-1"},"canonical":"https:\/\/noticiasmercedinas.com\/site\/2023\/04\/28\/maquinaria-recorre-el-tramo-villars-mercedes-para-poder-llegar-a-una-pronta-habilitacion-de-las-vias\/","og_locale":"es_ES","og_type":"article","og_title":"Maquinaria recorre el tramo Villars - Mercedes para poder llegar a una pronta habilitaci\u00f3n de las v\u00edas","og_description":"\u25a0 La exploraci\u00f3n de v\u00edas para que circule el tren por el FFCC Belgrano es una realidad por estos d\u00edas e incluye tareas de desmalezamiento que permitieron la llegada del cami\u00f3n v\u00eda amarillo a la cabecera","og_url":"https:\/\/noticiasmercedinas.com\/site\/2023\/04\/28\/maquinaria-recorre-el-tramo-villars-mercedes-para-poder-llegar-a-una-pronta-habilitacion-de-las-vias\/","og_site_name":"NOTICIASMERCEDINAS.COM","article_publisher":"https:\/\/www.facebook.com\/noticiasmercedinas\/","article_published_time":"2023-04-28T19:38:10+00:00","article_modified_time":"2023-04-28T20:00:03+00:00","og_image":[{"width":1600,"height":1200,"url":"https:\/\/noticiasmercedinas.com\/site\/wp-content\/uploads\/2023\/04\/explo1.jpg","type":"image\/jpeg"}],"author":"NOTICIASMERCEDINAS.COM","twitter_card":"summary_large_image","twitter_creator":"@notmercedinas","twitter_site":"@notmercedinas","twitter_misc":{"Escrito por":"NOTICIASMERCEDINAS.COM","Tiempo de lectura":"2 minutos"},"schema":{"@context":"https:\/\/schema.org","@graph":[{"@type":"Article","@id":"https:\/\/noticiasmercedinas.com\/site\/2023\/04\/28\/maquinaria-recorre-el-tramo-villars-mercedes-para-poder-llegar-a-una-pronta-habilitacion-de-las-vias\/#article","isPartOf":{"@id":"https:\/\/noticiasmercedinas.com\/site\/2023\/04\/28\/maquinaria-recorre-el-tramo-villars-mercedes-para-poder-llegar-a-una-pronta-habilitacion-de-las-vias\/"},"author":{"name":"NOTICIASMERCEDINAS.COM","@id":"https:\/\/noticiasmercedinas.com\/site\/#\/schema\/person\/84b59c099c28ff2e8b77d4ceec5d8063"},"headline":"Maquinaria recorre el tramo Villars &#8211; Mercedes para poder llegar a una pronta habilitaci\u00f3n de las v\u00edas","datePublished":"2023-04-28T19:38:10+00:00","dateModified":"2023-04-28T20:00:03+00:00","mainEntityOfPage":{"@id":"https:\/\/noticiasmercedinas.com\/site\/2023\/04\/28\/maquinaria-recorre-el-tramo-villars-mercedes-para-poder-llegar-a-una-pronta-habilitacion-de-las-vias\/"},"wordCount":321,"publisher":{"@id":"https:\/\/noticiasmercedinas.com\/site\/#organization"},"image":{"@id":"https:\/\/noticiasmercedinas.com\/site\/2023\/04\/28\/maquinaria-recorre-el-tramo-villars-mercedes-para-poder-llegar-a-una-pronta-habilitacion-de-las-vias\/#primaryimage"},"thumbnailUrl":"https:\/\/noticiasmercedinas.com\/site\/wp-content\/uploads\/2023\/04\/explo1.jpg","keywords":["ffcc Belgrano","Tren","vias"],"articleSection":["Sociedad"],"inLanguage":"es"},{"@type":"WebPage","@id":"https:\/\/noticiasmercedinas.com\/site\/2023\/04\/28\/maquinaria-recorre-el-tramo-villars-mercedes-para-poder-llegar-a-una-pronta-habilitacion-de-las-vias\/","url":"https:\/\/noticiasmercedinas.com\/site\/2023\/04\/28\/maquinaria-recorre-el-tramo-villars-mercedes-para-poder-llegar-a-una-pronta-habilitacion-de-las-vias\/","name":"Maquinaria recorre el tramo Villars - Mercedes para poder llegar a una pronta habilitaci\u00f3n de las v\u00edas","isPartOf":{"@id":"https:\/\/noticiasmercedinas.com\/site\/#website"},"primaryImageOfPage":{"@id":"https:\/\/noticiasmercedinas.com\/site\/2023\/04\/28\/maquinaria-recorre-el-tramo-villars-mercedes-para-poder-llegar-a-una-pronta-habilitacion-de-las-vias\/#primaryimage"},"image":{"@id":"https:\/\/noticiasmercedinas.com\/site\/2023\/04\/28\/maquinaria-recorre-el-tramo-villars-mercedes-para-poder-llegar-a-una-pronta-habilitacion-de-las-vias\/#primaryimage"},"thumbnailUrl":"https:\/\/noticiasmercedinas.com\/site\/wp-content\/uploads\/2023\/04\/explo1.jpg","datePublished":"2023-04-28T19:38:10+00:00","dateModified":"2023-04-28T20:00:03+00:00","breadcrumb":{"@id":"https:\/\/noticiasmercedinas.com\/site\/2023\/04\/28\/maquinaria-recorre-el-tramo-villars-mercedes-para-poder-llegar-a-una-pronta-habilitacion-de-las-vias\/#breadcrumb"},"inLanguage":"es","potentialAction":[{"@type":"ReadAction","target":["https:\/\/noticiasmercedinas.com\/site\/2023\/04\/28\/maquinaria-recorre-el-tramo-villars-mercedes-para-poder-llegar-a-una-pronta-habilitacion-de-las-vias\/"]}]},{"@type":"ImageObject","inLanguage":"es","@id":"https:\/\/noticiasmercedinas.com\/site\/2023\/04\/28\/maquinaria-recorre-el-tramo-villars-mercedes-para-poder-llegar-a-una-pronta-habilitacion-de-las-vias\/#primaryimage","url":"https:\/\/noticiasmercedinas.com\/site\/wp-content\/uploads\/2023\/04\/explo1.jpg","contentUrl":"https:\/\/noticiasmercedinas.com\/site\/wp-content\/uploads\/2023\/04\/explo1.jpg","width":1600,"height":1200},{"@type":"BreadcrumbList","@id":"https:\/\/noticiasmercedinas.com\/site\/2023\/04\/28\/maquinaria-recorre-el-tramo-villars-mercedes-para-poder-llegar-a-una-pronta-habilitacion-de-las-vias\/#breadcrumb","itemListElement":[{"@type":"ListItem","position":1,"name":"Portada","item":"https:\/\/noticiasmercedinas.com\/site\/"},{"@type":"ListItem","position":2,"name":"Maquinaria recorre el tramo Villars &#8211; Mercedes para poder llegar a una pronta habilitaci\u00f3n de las v\u00edas"}]},{"@type":"WebSite","@id":"https:\/\/noticiasmercedinas.com\/site\/#website","url":"https:\/\/noticiasmercedinas.com\/site\/","name":"NOTICIASMERCEDINAS.COM","description":"Mercedes, Buenos Aires, Argentina","publisher":{"@id":"https:\/\/noticiasmercedinas.com\/site\/#organization"},"potentialAction":[{"@type":"SearchAction","target":{"@type":"EntryPoint","urlTemplate":"https:\/\/noticiasmercedinas.com\/site\/?s={search_term_string}"},"query-input":{"@type":"PropertyValueSpecification","valueRequired":true,"valueName":"search_term_string"}}],"inLanguage":"es"},{"@type":"Organization","@id":"https:\/\/noticiasmercedinas.com\/site\/#organization","name":"NOTICIASMERCEDINAS.COM","url":"https:\/\/noticiasmercedinas.com\/site\/","logo":{"@type":"ImageObject","inLanguage":"es","@id":"https:\/\/noticiasmercedinas.com\/site\/#\/schema\/logo\/image\/","url":"https:\/\/noticiasmercedinas.com\/site\/wp-content\/uploads\/2020\/06\/LOGO-512.jpg","contentUrl":"https:\/\/noticiasmercedinas.com\/site\/wp-content\/uploads\/2020\/06\/LOGO-512.jpg","width":512,"height":512,"caption":"NOTICIASMERCEDINAS.COM"},"image":{"@id":"https:\/\/noticiasmercedinas.com\/site\/#\/schema\/logo\/image\/"},"sameAs":["https:\/\/www.facebook.com\/noticiasmercedinas\/","https:\/\/x.com\/notmercedinas","https:\/\/www.instagram.com\/noticiasmercedinas\/"]},{"@type":"Person","@id":"https:\/\/noticiasmercedinas.com\/site\/#\/schema\/person\/84b59c099c28ff2e8b77d4ceec5d8063","name":"NOTICIASMERCEDINAS.COM","image":{"@type":"ImageObject","inLanguage":"es","@id":"https:\/\/secure.gravatar.com\/avatar\/4dfbf16b4d17945bfb6341b2d19043457132fcf478a5ee04f42e959fd8f5df0a?s=96&d=mm&r=g","url":"https:\/\/secure.gravatar.com\/avatar\/4dfbf16b4d17945bfb6341b2d19043457132fcf478a5ee04f42e959fd8f5df0a?s=96&d=mm&r=g","contentUrl":"https:\/\/secure.gravatar.com\/avatar\/4dfbf16b4d17945bfb6341b2d19043457132fcf478a5ee04f42e959fd8f5df0a?s=96&d=mm&r=g","caption":"NOTICIASMERCEDINAS.COM"},"url":"https:\/\/noticiasmercedinas.com\/site\/author\/anonimo\/"}]}},"amp_enabled":true,"_links":{"self":[{"href":"https:\/\/noticiasmercedinas.com\/site\/wp-json\/wp\/v2\/posts\/113753","targetHints":{"allow":["GET"]}}],"collection":[{"href":"https:\/\/noticiasmercedinas.com\/site\/wp-json\/wp\/v2\/posts"}],"about":[{"href":"https:\/\/noticiasmercedinas.com\/site\/wp-json\/wp\/v2\/types\/post"}],"author":[{"embeddable":true,"href":"https:\/\/noticiasmercedinas.com\/site\/wp-json\/wp\/v2\/users\/16"}],"replies":[{"embeddable":true,"href":"https:\/\/noticiasmercedinas.com\/site\/wp-json\/wp\/v2\/comments?post=113753"}],"version-history":[{"count":3,"href":"https:\/\/noticiasmercedinas.com\/site\/wp-json\/wp\/v2\/posts\/113753\/revisions"}],"predecessor-version":[{"id":113759,"href":"https:\/\/noticiasmercedinas.com\/site\/wp-json\/wp\/v2\/posts\/113753\/revisions\/113759"}],"wp:featuredmedia":[{"embeddable":true,"href":"https:\/\/noticiasmercedinas.com\/site\/wp-json\/wp\/v2\/media\/113754"}],"wp:attachment":[{"href":"https:\/\/noticiasmercedinas.com\/site\/wp-json\/wp\/v2\/media?parent=113753"}],"wp:term":[{"taxonomy":"category","embeddable":true,"href":"https:\/\/noticiasmercedinas.com\/site\/wp-json\/wp\/v2\/categories?post=113753"},{"taxonomy":"post_tag","embeddable":true,"href":"https:\/\/noticiasmercedinas.com\/site\/wp-json\/wp\/v2\/tags?post=113753"}],"curies":[{"name":"wp","href":"https:\/\/api.w.org\/{rel}","templated":true}]}}