{"id":113826,"date":"2023-04-30T09:23:02","date_gmt":"2023-04-30T12:23:02","guid":{"rendered":"https:\/\/noticiasmercedinas.com\/site\/?p=113826"},"modified":"2023-04-30T09:23:02","modified_gmt":"2023-04-30T12:23:02","slug":"marcadores-que-fue-dejando-el-infanto-juvenil","status":"publish","type":"post","link":"https:\/\/noticiasmercedinas.com\/site\/2023\/04\/30\/marcadores-que-fue-dejando-el-infanto-juvenil\/","title":{"rendered":"Marcadores que fue dejando el Infanto Juvenil"},"content":{"rendered":"<figure id=\"attachment_113827\" aria-describedby=\"caption-attachment-113827\" style=\"width: 640px\" class=\"wp-caption alignnone\"><img loading=\"lazy\" decoding=\"async\" class=\"wp-image-113827 size-full\" src=\"https:\/\/noticiasmercedinas.com\/site\/wp-content\/uploads\/2023\/04\/IMG_5647.jpg\" alt=\"\" width=\"640\" height=\"386\" srcset=\"https:\/\/noticiasmercedinas.com\/site\/wp-content\/uploads\/2023\/04\/IMG_5647.jpg 640w, https:\/\/noticiasmercedinas.com\/site\/wp-content\/uploads\/2023\/04\/IMG_5647-300x181.jpg 300w\" sizes=\"auto, (max-width: 640px) 100vw, 640px\" \/><figcaption id=\"caption-attachment-113827\" class=\"wp-caption-text\">Quilmes y Defensores, uno de los cruces del s\u00e1bado.<\/figcaption><\/figure>\n<p>Fue en la ma\u00f1ana y tarde del s\u00e1bado que el Infanto Juvenil de la Liga Mercedina de F\u00fatbol cumpli\u00f3 con la sexta fecha, dejando la 2013 con dos punteros como Estudiante y El Front\u00f3n con 16 puntos, Quilmes y Juventud tienen 15. En la 2012 lidera V\u00e9lez con 15, lo siguen Quilmes 14 y El Front\u00f3n 13. La 2011 muestra a Mercedes en la cima con 16, 14 Estudiantes y 13 Carteros.<\/p>\n<p>En la continuidad de los primeros lugares la 2010 Mercedes y Estudiantes 16 m\u00e1s Carteros, tres punteros, El Front\u00f3n, Palometas y Pabell\u00f3n siguen con 9, la 2009 al momento de Mercedes con 11, Estudiantes 10 y Uni\u00f3n 8. En 2008 Mercedes marcha al frente con 16 puntos, V\u00e9lez 15 y Ateneo 13. \u00a0POr \u00faltimo, en la Quinta el primero es Defensores 16, Mercedes y Ateneo 12. <strong><\/p>\n<p>Categor\u00eda 2013<br \/>\n<\/strong>Estudiantes 1 \u2013 Mercedes 2.<br \/>\nAteneo 0 \u2013 Uni\u00f3n 1.<br \/>\nJuventud 1 \u2013 El Front\u00f3n 1.<br \/>\nQuilmes 6 \u2013 Defensores 0.<br \/>\nCarteros\u00a0 1 \u2013 Talleres 0.<br \/>\nV\u00e9lez 0 \u2013 Trocha 1.<br \/>\nGowland 1 \u2013 Holanda 2.<\/p>\n<p><strong>Categor\u00eda 2012<br \/>\n<\/strong>Estudiantes 2 \u2013 Mercedes 2.<br \/>\nAteneo \u2013 Uni\u00f3n 0.<br \/>\nJuventud 0 \u2013 El Front\u00f3n 0.<br \/>\nQuilmes 1 \u2013 Defensores 2.<br \/>\nCarteros 4 \u2013 Talleres 0.<br \/>\nV\u00e9lez 1 \u2013 Trocha 0.<br \/>\nGowland\u00a0 0 \u2013 Holanda 1.<\/p>\n<p><strong>Categor\u00eda 2011<br \/>\n<\/strong>Palometas 3 \u2013 La Tijera 0.<br \/>\nEstudiantes 0 \u2013 Mercedes 0.<br \/>\nJuventud 1 \u2013 El Front\u00f3n 2.<br \/>\nQuilmes 0 \u2013 Defensores 0.<br \/>\nCarteros 1 \u2013 Pabell\u00f3n 0.<br \/>\nV\u00e9lez 1 \u2013 Trocha 0.<\/p>\n<p><strong>Categor\u00eda 2010<br \/>\n<\/strong>Palometas 3 \u2013 La Tijera 1.<br \/>\nEstudiantes 0 \u2013 Mercedes 0.<br \/>\nAteneo 0 \u2013 Uni\u00f3n 6.<br \/>\nJuventud 0 \u2013 El Front\u00f3n 3.<br \/>\nQuilmes 3 \u2013 Defensores 1.<br \/>\nCarteros 2 \u2013 Pabell\u00f3n 0.<br \/>\nV\u00e9lez 2 \u2013 Trocha 1.<br \/>\nGowland 4 \u2013 Holanda 0.<\/p>\n<p><strong>Categor\u00eda 2009<br \/>\n<\/strong>Estudiantes 2 \u2013 Mercedes 2.<br \/>\nAteneo 1 \u2013 Uni\u00f3n 2.<br \/>\nJuventud 0 \u2013 El Front\u00f3n 4.<br \/>\nQuilmes 1 \u2013 Defensores 1.<\/p>\n<p><strong>Categor\u00eda 2008<br \/>\n<\/strong>Palometas 2 \u2013 La Tijera 0.<br \/>\nEstudiantes 1 \u2013 Mercedes 4.<br \/>\nAteneo 1 \u2013 Uni\u00f3n 1.<br \/>\nJuventud 3 \u2013 El Front\u00f3n 0.<br \/>\nQuilmes 1 \u2013 Defensores 3.<br \/>\nCarteros 3 \u2013 Pabell\u00f3n 1.<br \/>\nV\u00e9lez 4 \u2013 Trocha 0.<br \/>\nEl Tim\u00f3n 6 \u2013 Holanda 0.<\/p>\n<p><strong>Quinta Divisi\u00f3n<br \/>\n<\/strong>Palometas 3 \u2013 La Tijera 3.<br \/>\nEstudiantes 2 \u2013 Mercedes 1.<br \/>\nAteneo 3 \u2013 Uni\u00f3n 0.<br \/>\nJuventud 1 \u2013 El Front\u00f3n 2.<br \/>\nQuilmes 0 \u2013 Defensores 3.<br \/>\nCarteros 0 \u2013 Pabell\u00f3n 2.<br \/>\nV\u00e9lez 2 \u2013 Trocha 1.<br \/>\nEl Tim\u00f3n 2 \u2013 Holanda 2.<\/p>\n<p><strong>Pr\u00f3xima fecha<\/strong><br \/>\nLa Tijeras vs. Ateneo.<br \/>\nEl Front\u00f3n vs. Estudiantes.<br \/>\nDefensores vs. Palometas.<br \/>\nMercedes vs. Carteros.<br \/>\nUni\u00f3n vs. V\u00e9lez.<br \/>\nHolanda vs. Juventud.<br \/>\nQuilmes vs. Gowland \u2013 El Tim\u00f3n.<br \/>\nTrocha vs. Talleres \u2013 Pabell\u00f3n.<\/p>\n","protected":false},"excerpt":{"rendered":"<p>\u25a0 Ayer se jug\u00f3 la sexta fecha en cancha de 9 y 11 jugadores. Se destacaron los cruces de Estudiantes y Club Mercedes. Defensores sigue al frente en la Quinta divisi\u00f3n. V\u00e9lez es puntero en 2012.<\/p>\n","protected":false},"author":6,"featured_media":113827,"comment_status":"closed","ping_status":"closed","sticky":false,"template":"","format":"standard","meta":{"footnotes":""},"categories":[5],"tags":[766,3346],"class_list":["post-113826","post","type-post","status-publish","format-standard","has-post-thumbnail","hentry","category-deportes","tag-infanto-juvenil","tag-liga-mercedina-de-futbol"],"yoast_head":"<!-- This site is optimized with the Yoast SEO plugin v28.3 - https:\/\/yoast.com\/product\/yoast-seo-wordpress\/ -->\n<title>Marcadores que fue dejando el Infanto Juvenil<\/title>\n<meta name=\"robots\" content=\"index, follow, max-snippet:-1, max-image-preview:large, max-video-preview:-1\" \/>\n<link rel=\"canonical\" href=\"https:\/\/noticiasmercedinas.com\/site\/2023\/04\/30\/marcadores-que-fue-dejando-el-infanto-juvenil\/\" \/>\n<meta property=\"og:locale\" content=\"es_ES\" \/>\n<meta property=\"og:type\" content=\"article\" \/>\n<meta property=\"og:title\" content=\"Marcadores que fue dejando el Infanto Juvenil\" \/>\n<meta property=\"og:description\" content=\"\u25a0 Ayer se jug\u00f3 la sexta fecha en cancha de 9 y 11 jugadores. Se destacaron los cruces de Estudiantes y Club Mercedes. Defensores sigue al frente en la Quinta divisi\u00f3n. V\u00e9lez es puntero en 2012.\" \/>\n<meta property=\"og:url\" content=\"https:\/\/noticiasmercedinas.com\/site\/2023\/04\/30\/marcadores-que-fue-dejando-el-infanto-juvenil\/\" \/>\n<meta property=\"og:site_name\" content=\"NOTICIASMERCEDINAS.COM\" \/>\n<meta property=\"article:publisher\" content=\"https:\/\/www.facebook.com\/noticiasmercedinas\/\" \/>\n<meta property=\"article:published_time\" content=\"2023-04-30T12:23:02+00:00\" \/>\n<meta property=\"og:image\" content=\"https:\/\/noticiasmercedinas.com\/site\/wp-content\/uploads\/2023\/04\/IMG_5647.jpg\" \/>\n\t<meta property=\"og:image:width\" content=\"640\" \/>\n\t<meta property=\"og:image:height\" content=\"386\" \/>\n\t<meta property=\"og:image:type\" content=\"image\/jpeg\" \/>\n<meta name=\"author\" content=\"Juan Dagnino NOTICIASMERCEDINAS.COM\" \/>\n<meta name=\"twitter:card\" content=\"summary_large_image\" \/>\n<meta name=\"twitter:creator\" content=\"@notmercedinas\" \/>\n<meta name=\"twitter:site\" content=\"@notmercedinas\" \/>\n<meta name=\"twitter:label1\" content=\"Escrito por\" \/>\n\t<meta name=\"twitter:data1\" content=\"Juan Dagnino NOTICIASMERCEDINAS.COM\" \/>\n\t<meta name=\"twitter:label2\" content=\"Tiempo de lectura\" \/>\n\t<meta name=\"twitter:data2\" content=\"3 minutos\" \/>\n<script type=\"application\/ld+json\" class=\"yoast-schema-graph\">{\"@context\":\"https:\\\/\\\/schema.org\",\"@graph\":[{\"@type\":\"Article\",\"@id\":\"https:\\\/\\\/noticiasmercedinas.com\\\/site\\\/2023\\\/04\\\/30\\\/marcadores-que-fue-dejando-el-infanto-juvenil\\\/#article\",\"isPartOf\":{\"@id\":\"https:\\\/\\\/noticiasmercedinas.com\\\/site\\\/2023\\\/04\\\/30\\\/marcadores-que-fue-dejando-el-infanto-juvenil\\\/\"},\"author\":{\"name\":\"Juan Dagnino NOTICIASMERCEDINAS.COM\",\"@id\":\"https:\\\/\\\/noticiasmercedinas.com\\\/site\\\/#\\\/schema\\\/person\\\/8f2f09d666ef40986eba4a5e6f2a06f9\"},\"headline\":\"Marcadores que fue dejando el Infanto Juvenil\",\"datePublished\":\"2023-04-30T12:23:02+00:00\",\"mainEntityOfPage\":{\"@id\":\"https:\\\/\\\/noticiasmercedinas.com\\\/site\\\/2023\\\/04\\\/30\\\/marcadores-que-fue-dejando-el-infanto-juvenil\\\/\"},\"wordCount\":335,\"publisher\":{\"@id\":\"https:\\\/\\\/noticiasmercedinas.com\\\/site\\\/#organization\"},\"image\":{\"@id\":\"https:\\\/\\\/noticiasmercedinas.com\\\/site\\\/2023\\\/04\\\/30\\\/marcadores-que-fue-dejando-el-infanto-juvenil\\\/#primaryimage\"},\"thumbnailUrl\":\"https:\\\/\\\/noticiasmercedinas.com\\\/site\\\/wp-content\\\/uploads\\\/2023\\\/04\\\/IMG_5647.jpg\",\"keywords\":[\"infanto juvenil\",\"Liga Mercedina de F\u00fatbol\"],\"articleSection\":[\"Deportes\"],\"inLanguage\":\"es\"},{\"@type\":\"WebPage\",\"@id\":\"https:\\\/\\\/noticiasmercedinas.com\\\/site\\\/2023\\\/04\\\/30\\\/marcadores-que-fue-dejando-el-infanto-juvenil\\\/\",\"url\":\"https:\\\/\\\/noticiasmercedinas.com\\\/site\\\/2023\\\/04\\\/30\\\/marcadores-que-fue-dejando-el-infanto-juvenil\\\/\",\"name\":\"Marcadores que fue dejando el Infanto Juvenil\",\"isPartOf\":{\"@id\":\"https:\\\/\\\/noticiasmercedinas.com\\\/site\\\/#website\"},\"primaryImageOfPage\":{\"@id\":\"https:\\\/\\\/noticiasmercedinas.com\\\/site\\\/2023\\\/04\\\/30\\\/marcadores-que-fue-dejando-el-infanto-juvenil\\\/#primaryimage\"},\"image\":{\"@id\":\"https:\\\/\\\/noticiasmercedinas.com\\\/site\\\/2023\\\/04\\\/30\\\/marcadores-que-fue-dejando-el-infanto-juvenil\\\/#primaryimage\"},\"thumbnailUrl\":\"https:\\\/\\\/noticiasmercedinas.com\\\/site\\\/wp-content\\\/uploads\\\/2023\\\/04\\\/IMG_5647.jpg\",\"datePublished\":\"2023-04-30T12:23:02+00:00\",\"breadcrumb\":{\"@id\":\"https:\\\/\\\/noticiasmercedinas.com\\\/site\\\/2023\\\/04\\\/30\\\/marcadores-que-fue-dejando-el-infanto-juvenil\\\/#breadcrumb\"},\"inLanguage\":\"es\",\"potentialAction\":[{\"@type\":\"ReadAction\",\"target\":[\"https:\\\/\\\/noticiasmercedinas.com\\\/site\\\/2023\\\/04\\\/30\\\/marcadores-que-fue-dejando-el-infanto-juvenil\\\/\"]}]},{\"@type\":\"ImageObject\",\"inLanguage\":\"es\",\"@id\":\"https:\\\/\\\/noticiasmercedinas.com\\\/site\\\/2023\\\/04\\\/30\\\/marcadores-que-fue-dejando-el-infanto-juvenil\\\/#primaryimage\",\"url\":\"https:\\\/\\\/noticiasmercedinas.com\\\/site\\\/wp-content\\\/uploads\\\/2023\\\/04\\\/IMG_5647.jpg\",\"contentUrl\":\"https:\\\/\\\/noticiasmercedinas.com\\\/site\\\/wp-content\\\/uploads\\\/2023\\\/04\\\/IMG_5647.jpg\",\"width\":640,\"height\":386},{\"@type\":\"BreadcrumbList\",\"@id\":\"https:\\\/\\\/noticiasmercedinas.com\\\/site\\\/2023\\\/04\\\/30\\\/marcadores-que-fue-dejando-el-infanto-juvenil\\\/#breadcrumb\",\"itemListElement\":[{\"@type\":\"ListItem\",\"position\":1,\"name\":\"Portada\",\"item\":\"https:\\\/\\\/noticiasmercedinas.com\\\/site\\\/\"},{\"@type\":\"ListItem\",\"position\":2,\"name\":\"Marcadores que fue dejando el Infanto Juvenil\"}]},{\"@type\":\"WebSite\",\"@id\":\"https:\\\/\\\/noticiasmercedinas.com\\\/site\\\/#website\",\"url\":\"https:\\\/\\\/noticiasmercedinas.com\\\/site\\\/\",\"name\":\"NOTICIASMERCEDINAS.COM\",\"description\":\"Mercedes, Buenos Aires, Argentina\",\"publisher\":{\"@id\":\"https:\\\/\\\/noticiasmercedinas.com\\\/site\\\/#organization\"},\"potentialAction\":[{\"@type\":\"SearchAction\",\"target\":{\"@type\":\"EntryPoint\",\"urlTemplate\":\"https:\\\/\\\/noticiasmercedinas.com\\\/site\\\/?s={search_term_string}\"},\"query-input\":{\"@type\":\"PropertyValueSpecification\",\"valueRequired\":true,\"valueName\":\"search_term_string\"}}],\"inLanguage\":\"es\"},{\"@type\":\"Organization\",\"@id\":\"https:\\\/\\\/noticiasmercedinas.com\\\/site\\\/#organization\",\"name\":\"NOTICIASMERCEDINAS.COM\",\"url\":\"https:\\\/\\\/noticiasmercedinas.com\\\/site\\\/\",\"logo\":{\"@type\":\"ImageObject\",\"inLanguage\":\"es\",\"@id\":\"https:\\\/\\\/noticiasmercedinas.com\\\/site\\\/#\\\/schema\\\/logo\\\/image\\\/\",\"url\":\"https:\\\/\\\/noticiasmercedinas.com\\\/site\\\/wp-content\\\/uploads\\\/2020\\\/06\\\/LOGO-512.jpg\",\"contentUrl\":\"https:\\\/\\\/noticiasmercedinas.com\\\/site\\\/wp-content\\\/uploads\\\/2020\\\/06\\\/LOGO-512.jpg\",\"width\":512,\"height\":512,\"caption\":\"NOTICIASMERCEDINAS.COM\"},\"image\":{\"@id\":\"https:\\\/\\\/noticiasmercedinas.com\\\/site\\\/#\\\/schema\\\/logo\\\/image\\\/\"},\"sameAs\":[\"https:\\\/\\\/www.facebook.com\\\/noticiasmercedinas\\\/\",\"https:\\\/\\\/x.com\\\/notmercedinas\",\"https:\\\/\\\/www.instagram.com\\\/noticiasmercedinas\\\/\"]},{\"@type\":\"Person\",\"@id\":\"https:\\\/\\\/noticiasmercedinas.com\\\/site\\\/#\\\/schema\\\/person\\\/8f2f09d666ef40986eba4a5e6f2a06f9\",\"name\":\"Juan Dagnino NOTICIASMERCEDINAS.COM\",\"image\":{\"@type\":\"ImageObject\",\"inLanguage\":\"es\",\"@id\":\"https:\\\/\\\/secure.gravatar.com\\\/avatar\\\/fc7059a769f5a3cae65fadb228a3e4accf3a64b4b2305020d0a27e6d5333c91b?s=96&d=mm&r=g\",\"url\":\"https:\\\/\\\/secure.gravatar.com\\\/avatar\\\/fc7059a769f5a3cae65fadb228a3e4accf3a64b4b2305020d0a27e6d5333c91b?s=96&d=mm&r=g\",\"contentUrl\":\"https:\\\/\\\/secure.gravatar.com\\\/avatar\\\/fc7059a769f5a3cae65fadb228a3e4accf3a64b4b2305020d0a27e6d5333c91b?s=96&d=mm&r=g\",\"caption\":\"Juan Dagnino NOTICIASMERCEDINAS.COM\"},\"url\":\"https:\\\/\\\/noticiasmercedinas.com\\\/site\\\/author\\\/juandagnino\\\/\"}]}<\/script>\n<!-- \/ Yoast SEO plugin. -->","yoast_head_json":{"title":"Marcadores que fue dejando el Infanto Juvenil","robots":{"index":"index","follow":"follow","max-snippet":"max-snippet:-1","max-image-preview":"max-image-preview:large","max-video-preview":"max-video-preview:-1"},"canonical":"https:\/\/noticiasmercedinas.com\/site\/2023\/04\/30\/marcadores-que-fue-dejando-el-infanto-juvenil\/","og_locale":"es_ES","og_type":"article","og_title":"Marcadores que fue dejando el Infanto Juvenil","og_description":"\u25a0 Ayer se jug\u00f3 la sexta fecha en cancha de 9 y 11 jugadores. Se destacaron los cruces de Estudiantes y Club Mercedes. Defensores sigue al frente en la Quinta divisi\u00f3n. V\u00e9lez es puntero en 2012.","og_url":"https:\/\/noticiasmercedinas.com\/site\/2023\/04\/30\/marcadores-que-fue-dejando-el-infanto-juvenil\/","og_site_name":"NOTICIASMERCEDINAS.COM","article_publisher":"https:\/\/www.facebook.com\/noticiasmercedinas\/","article_published_time":"2023-04-30T12:23:02+00:00","og_image":[{"width":640,"height":386,"url":"https:\/\/noticiasmercedinas.com\/site\/wp-content\/uploads\/2023\/04\/IMG_5647.jpg","type":"image\/jpeg"}],"author":"Juan Dagnino NOTICIASMERCEDINAS.COM","twitter_card":"summary_large_image","twitter_creator":"@notmercedinas","twitter_site":"@notmercedinas","twitter_misc":{"Escrito por":"Juan Dagnino NOTICIASMERCEDINAS.COM","Tiempo de lectura":"3 minutos"},"schema":{"@context":"https:\/\/schema.org","@graph":[{"@type":"Article","@id":"https:\/\/noticiasmercedinas.com\/site\/2023\/04\/30\/marcadores-que-fue-dejando-el-infanto-juvenil\/#article","isPartOf":{"@id":"https:\/\/noticiasmercedinas.com\/site\/2023\/04\/30\/marcadores-que-fue-dejando-el-infanto-juvenil\/"},"author":{"name":"Juan Dagnino NOTICIASMERCEDINAS.COM","@id":"https:\/\/noticiasmercedinas.com\/site\/#\/schema\/person\/8f2f09d666ef40986eba4a5e6f2a06f9"},"headline":"Marcadores que fue dejando el Infanto Juvenil","datePublished":"2023-04-30T12:23:02+00:00","mainEntityOfPage":{"@id":"https:\/\/noticiasmercedinas.com\/site\/2023\/04\/30\/marcadores-que-fue-dejando-el-infanto-juvenil\/"},"wordCount":335,"publisher":{"@id":"https:\/\/noticiasmercedinas.com\/site\/#organization"},"image":{"@id":"https:\/\/noticiasmercedinas.com\/site\/2023\/04\/30\/marcadores-que-fue-dejando-el-infanto-juvenil\/#primaryimage"},"thumbnailUrl":"https:\/\/noticiasmercedinas.com\/site\/wp-content\/uploads\/2023\/04\/IMG_5647.jpg","keywords":["infanto juvenil","Liga Mercedina de F\u00fatbol"],"articleSection":["Deportes"],"inLanguage":"es"},{"@type":"WebPage","@id":"https:\/\/noticiasmercedinas.com\/site\/2023\/04\/30\/marcadores-que-fue-dejando-el-infanto-juvenil\/","url":"https:\/\/noticiasmercedinas.com\/site\/2023\/04\/30\/marcadores-que-fue-dejando-el-infanto-juvenil\/","name":"Marcadores que fue dejando el Infanto Juvenil","isPartOf":{"@id":"https:\/\/noticiasmercedinas.com\/site\/#website"},"primaryImageOfPage":{"@id":"https:\/\/noticiasmercedinas.com\/site\/2023\/04\/30\/marcadores-que-fue-dejando-el-infanto-juvenil\/#primaryimage"},"image":{"@id":"https:\/\/noticiasmercedinas.com\/site\/2023\/04\/30\/marcadores-que-fue-dejando-el-infanto-juvenil\/#primaryimage"},"thumbnailUrl":"https:\/\/noticiasmercedinas.com\/site\/wp-content\/uploads\/2023\/04\/IMG_5647.jpg","datePublished":"2023-04-30T12:23:02+00:00","breadcrumb":{"@id":"https:\/\/noticiasmercedinas.com\/site\/2023\/04\/30\/marcadores-que-fue-dejando-el-infanto-juvenil\/#breadcrumb"},"inLanguage":"es","potentialAction":[{"@type":"ReadAction","target":["https:\/\/noticiasmercedinas.com\/site\/2023\/04\/30\/marcadores-que-fue-dejando-el-infanto-juvenil\/"]}]},{"@type":"ImageObject","inLanguage":"es","@id":"https:\/\/noticiasmercedinas.com\/site\/2023\/04\/30\/marcadores-que-fue-dejando-el-infanto-juvenil\/#primaryimage","url":"https:\/\/noticiasmercedinas.com\/site\/wp-content\/uploads\/2023\/04\/IMG_5647.jpg","contentUrl":"https:\/\/noticiasmercedinas.com\/site\/wp-content\/uploads\/2023\/04\/IMG_5647.jpg","width":640,"height":386},{"@type":"BreadcrumbList","@id":"https:\/\/noticiasmercedinas.com\/site\/2023\/04\/30\/marcadores-que-fue-dejando-el-infanto-juvenil\/#breadcrumb","itemListElement":[{"@type":"ListItem","position":1,"name":"Portada","item":"https:\/\/noticiasmercedinas.com\/site\/"},{"@type":"ListItem","position":2,"name":"Marcadores que fue dejando el Infanto Juvenil"}]},{"@type":"WebSite","@id":"https:\/\/noticiasmercedinas.com\/site\/#website","url":"https:\/\/noticiasmercedinas.com\/site\/","name":"NOTICIASMERCEDINAS.COM","description":"Mercedes, Buenos Aires, Argentina","publisher":{"@id":"https:\/\/noticiasmercedinas.com\/site\/#organization"},"potentialAction":[{"@type":"SearchAction","target":{"@type":"EntryPoint","urlTemplate":"https:\/\/noticiasmercedinas.com\/site\/?s={search_term_string}"},"query-input":{"@type":"PropertyValueSpecification","valueRequired":true,"valueName":"search_term_string"}}],"inLanguage":"es"},{"@type":"Organization","@id":"https:\/\/noticiasmercedinas.com\/site\/#organization","name":"NOTICIASMERCEDINAS.COM","url":"https:\/\/noticiasmercedinas.com\/site\/","logo":{"@type":"ImageObject","inLanguage":"es","@id":"https:\/\/noticiasmercedinas.com\/site\/#\/schema\/logo\/image\/","url":"https:\/\/noticiasmercedinas.com\/site\/wp-content\/uploads\/2020\/06\/LOGO-512.jpg","contentUrl":"https:\/\/noticiasmercedinas.com\/site\/wp-content\/uploads\/2020\/06\/LOGO-512.jpg","width":512,"height":512,"caption":"NOTICIASMERCEDINAS.COM"},"image":{"@id":"https:\/\/noticiasmercedinas.com\/site\/#\/schema\/logo\/image\/"},"sameAs":["https:\/\/www.facebook.com\/noticiasmercedinas\/","https:\/\/x.com\/notmercedinas","https:\/\/www.instagram.com\/noticiasmercedinas\/"]},{"@type":"Person","@id":"https:\/\/noticiasmercedinas.com\/site\/#\/schema\/person\/8f2f09d666ef40986eba4a5e6f2a06f9","name":"Juan Dagnino NOTICIASMERCEDINAS.COM","image":{"@type":"ImageObject","inLanguage":"es","@id":"https:\/\/secure.gravatar.com\/avatar\/fc7059a769f5a3cae65fadb228a3e4accf3a64b4b2305020d0a27e6d5333c91b?s=96&d=mm&r=g","url":"https:\/\/secure.gravatar.com\/avatar\/fc7059a769f5a3cae65fadb228a3e4accf3a64b4b2305020d0a27e6d5333c91b?s=96&d=mm&r=g","contentUrl":"https:\/\/secure.gravatar.com\/avatar\/fc7059a769f5a3cae65fadb228a3e4accf3a64b4b2305020d0a27e6d5333c91b?s=96&d=mm&r=g","caption":"Juan Dagnino NOTICIASMERCEDINAS.COM"},"url":"https:\/\/noticiasmercedinas.com\/site\/author\/juandagnino\/"}]}},"amp_enabled":true,"_links":{"self":[{"href":"https:\/\/noticiasmercedinas.com\/site\/wp-json\/wp\/v2\/posts\/113826","targetHints":{"allow":["GET"]}}],"collection":[{"href":"https:\/\/noticiasmercedinas.com\/site\/wp-json\/wp\/v2\/posts"}],"about":[{"href":"https:\/\/noticiasmercedinas.com\/site\/wp-json\/wp\/v2\/types\/post"}],"author":[{"embeddable":true,"href":"https:\/\/noticiasmercedinas.com\/site\/wp-json\/wp\/v2\/users\/6"}],"replies":[{"embeddable":true,"href":"https:\/\/noticiasmercedinas.com\/site\/wp-json\/wp\/v2\/comments?post=113826"}],"version-history":[{"count":1,"href":"https:\/\/noticiasmercedinas.com\/site\/wp-json\/wp\/v2\/posts\/113826\/revisions"}],"predecessor-version":[{"id":113828,"href":"https:\/\/noticiasmercedinas.com\/site\/wp-json\/wp\/v2\/posts\/113826\/revisions\/113828"}],"wp:featuredmedia":[{"embeddable":true,"href":"https:\/\/noticiasmercedinas.com\/site\/wp-json\/wp\/v2\/media\/113827"}],"wp:attachment":[{"href":"https:\/\/noticiasmercedinas.com\/site\/wp-json\/wp\/v2\/media?parent=113826"}],"wp:term":[{"taxonomy":"category","embeddable":true,"href":"https:\/\/noticiasmercedinas.com\/site\/wp-json\/wp\/v2\/categories?post=113826"},{"taxonomy":"post_tag","embeddable":true,"href":"https:\/\/noticiasmercedinas.com\/site\/wp-json\/wp\/v2\/tags?post=113826"}],"curies":[{"name":"wp","href":"https:\/\/api.w.org\/{rel}","templated":true}]}}