{"id":113875,"date":"2023-05-01T10:30:48","date_gmt":"2023-05-01T13:30:48","guid":{"rendered":"https:\/\/noticiasmercedinas.com\/site\/?p=113875"},"modified":"2023-05-01T10:30:48","modified_gmt":"2023-05-01T13:30:48","slug":"transporte-unos-900-beneficiarios-recibieron-su-pase-multimodal-en-mercedes","status":"publish","type":"post","link":"https:\/\/noticiasmercedinas.com\/site\/2023\/05\/01\/transporte-unos-900-beneficiarios-recibieron-su-pase-multimodal-en-mercedes\/","title":{"rendered":"Transporte: unos 900 beneficiarios recibieron su pase multimodal en Mercedes"},"content":{"rendered":"<p><img loading=\"lazy\" decoding=\"async\" class=\"alignnone size-large wp-image-113877\" src=\"https:\/\/noticiasmercedinas.com\/site\/wp-content\/uploads\/2023\/05\/entregapasesmultimodales.2-1024x682.jpg\" alt=\"\" width=\"640\" height=\"426\" srcset=\"https:\/\/noticiasmercedinas.com\/site\/wp-content\/uploads\/2023\/05\/entregapasesmultimodales.2-1024x682.jpg 1024w, https:\/\/noticiasmercedinas.com\/site\/wp-content\/uploads\/2023\/05\/entregapasesmultimodales.2-300x200.jpg 300w, https:\/\/noticiasmercedinas.com\/site\/wp-content\/uploads\/2023\/05\/entregapasesmultimodales.2-768x512.jpg 768w, https:\/\/noticiasmercedinas.com\/site\/wp-content\/uploads\/2023\/05\/entregapasesmultimodales.2-640x427.jpg 640w, https:\/\/noticiasmercedinas.com\/site\/wp-content\/uploads\/2023\/05\/entregapasesmultimodales.2-1280x853.jpg 1280w, https:\/\/noticiasmercedinas.com\/site\/wp-content\/uploads\/2023\/05\/entregapasesmultimodales.2-681x454.jpg 681w, https:\/\/noticiasmercedinas.com\/site\/wp-content\/uploads\/2023\/05\/entregapasesmultimodales.2.jpg 1319w\" sizes=\"auto, (max-width: 640px) 100vw, 640px\" \/><\/p>\n<p>El Municipio de Mercedes, a trav\u00e9s de la Direcci\u00f3n de Discapacidad y en un trabajo articulado con el Ministerio de Transporte de la provincia de Buenos Aires, realiz\u00f3 la entrega de 900 pases libres multimodal &#8211;pases libres provinciales&#8211; a vecinos de la ciudad. Adem\u00e1s, se realiz\u00f3 un operativo de consultas y reclamos en este sentido.<\/p>\n<p>El intendente <strong>Juan Ignacio Ustarroz<\/strong>, expres\u00f3 en la ocasi\u00f3n: \u201cEstamos muy felices con esta iniciativa, donde no s\u00f3lo se estar\u00e1n entregando una importante cantidad de Pases Libres Multimodal para vecinos de nuestra ciudad, sino que, adem\u00e1s, en un gran trabajo de la Direcci\u00f3n de Discapacidad, los mismos se entregar\u00e1n cargados\u201d .<\/p>\n<p>\u201cSe trata de una intervenci\u00f3n muy completa, donde hay equipos de atenci\u00f3n, dando la posibilidad tambi\u00e9n de aprovechar este espacio para hacer los reclamos que se necesiten hacer\u201d, indic\u00f3 Ustarroz.<\/p>\n<p>\u201cPoder estar entregando estos pases, para nosotros es una satisfacci\u00f3n muy grande, porque entendemos que es una manera de acompa\u00f1ar y acercar un derecho a vecinos que lo necesitan\u201d remarc\u00f3 el intendente Ustarroz.<\/p>\n<p>Por su parte, <strong>Tatiana L\u00f3pez<\/strong>, directora de Discapacidad, se\u00f1al\u00f3: \u201cCon estos pases podr\u00e1n viajar gratuitamente en toda la provincia de Buenos Aires. Los mismos son entregados cuando la persona presenta el certificado \u00fanico de discapacidad. Lo que nosotros hicimos desde la Direcci\u00f3n es facilitar para que el pase llegue de manera r\u00e1pida y sencilla\u201d y apunt\u00f3 que \u201cya todos los pases est\u00e1n cargados, el ministro de Transporte de la Provincia comenz\u00f3 a facilitar esta entrega de pases por lo que hoy tenemos casi 900 para entregar\u201d.<\/p>\n<p>Asimismo, la directora de Discapacidad manifest\u00f3 que \u201ceste operativo estar\u00e1 enmarcado, adem\u00e1s de la entrega, en los reclamos y est\u00e1 el equipo de la Agencia Nacional de Discapacidad para asesorar y consultar sobre estados de pensiones\u201d.<\/p>\n<p><strong>\u00bfQu\u00e9 es el Pase Libre Multimodal y qui\u00e9nes pueden acceder?<br \/>\n<\/strong>El Pase Libre Multimodal es una credencial emitida por la Subsecretaria de Transporte de la provincia de Buenos Aires, que se utiliza como \u00fanico instrumento de acceso a la gratuidad en el transporte p\u00fablico, para todas aquellas personas que acrediten su condici\u00f3n de beneficiarias.<\/p>\n<p><img loading=\"lazy\" decoding=\"async\" class=\"alignnone size-large wp-image-113876\" src=\"https:\/\/noticiasmercedinas.com\/site\/wp-content\/uploads\/2023\/05\/entregapasesmultimodales-1024x715.jpg\" alt=\"\" width=\"640\" height=\"447\" srcset=\"https:\/\/noticiasmercedinas.com\/site\/wp-content\/uploads\/2023\/05\/entregapasesmultimodales-1024x715.jpg 1024w, https:\/\/noticiasmercedinas.com\/site\/wp-content\/uploads\/2023\/05\/entregapasesmultimodales-300x209.jpg 300w, https:\/\/noticiasmercedinas.com\/site\/wp-content\/uploads\/2023\/05\/entregapasesmultimodales-768x536.jpg 768w, https:\/\/noticiasmercedinas.com\/site\/wp-content\/uploads\/2023\/05\/entregapasesmultimodales-640x447.jpg 640w, https:\/\/noticiasmercedinas.com\/site\/wp-content\/uploads\/2023\/05\/entregapasesmultimodales-681x475.jpg 681w, https:\/\/noticiasmercedinas.com\/site\/wp-content\/uploads\/2023\/05\/entregapasesmultimodales.jpg 1259w\" sizes=\"auto, (max-width: 640px) 100vw, 640px\" \/><\/p>\n","protected":false},"excerpt":{"rendered":"<p>\u25a0 A trav\u00e9s de la Direcci\u00f3n de Discapacidad y en un trabajo articulado con el Ministerio de Transporte de la provincia de Buenos Aires se realiz\u00f3 la entrega<\/p>\n","protected":false},"author":16,"featured_media":113877,"comment_status":"closed","ping_status":"closed","sticky":false,"template":"","format":"standard","meta":{"footnotes":""},"categories":[3],"tags":[5888,266,16730,12208,69],"class_list":["post-113875","post","type-post","status-publish","format-standard","has-post-thumbnail","hentry","category-sociedad","tag-direccion-de-discapacidad-municipal","tag-juan-ignacio-ustarroz","tag-pase-libre-multimodal","tag-subsecretaria-de-transporte-de-la-provincia","tag-tatiana-lopez"],"yoast_head":"<!-- This site is optimized with the Yoast SEO plugin v27.5 - https:\/\/yoast.com\/product\/yoast-seo-wordpress\/ -->\n<title>Transporte: unos 900 beneficiarios recibieron su pase multimodal en Mercedes<\/title>\n<meta name=\"robots\" content=\"index, follow, max-snippet:-1, max-image-preview:large, max-video-preview:-1\" \/>\n<link rel=\"canonical\" href=\"https:\/\/noticiasmercedinas.com\/site\/2023\/05\/01\/transporte-unos-900-beneficiarios-recibieron-su-pase-multimodal-en-mercedes\/\" \/>\n<meta property=\"og:locale\" content=\"es_ES\" \/>\n<meta property=\"og:type\" content=\"article\" \/>\n<meta property=\"og:title\" content=\"Transporte: unos 900 beneficiarios recibieron su pase multimodal en Mercedes\" \/>\n<meta property=\"og:description\" content=\"\u25a0 A trav\u00e9s de la Direcci\u00f3n de Discapacidad y en un trabajo articulado con el Ministerio de Transporte de la provincia de Buenos Aires se realiz\u00f3 la entrega\" \/>\n<meta property=\"og:url\" content=\"https:\/\/noticiasmercedinas.com\/site\/2023\/05\/01\/transporte-unos-900-beneficiarios-recibieron-su-pase-multimodal-en-mercedes\/\" \/>\n<meta property=\"og:site_name\" content=\"NOTICIASMERCEDINAS.COM\" \/>\n<meta property=\"article:publisher\" content=\"https:\/\/www.facebook.com\/noticiasmercedinas\/\" \/>\n<meta property=\"article:published_time\" content=\"2023-05-01T13:30:48+00:00\" \/>\n<meta property=\"og:image\" content=\"https:\/\/noticiasmercedinas.com\/site\/wp-content\/uploads\/2023\/05\/entregapasesmultimodales.2.jpg\" \/>\n\t<meta property=\"og:image:width\" content=\"1319\" \/>\n\t<meta property=\"og:image:height\" content=\"879\" \/>\n\t<meta property=\"og:image:type\" content=\"image\/jpeg\" \/>\n<meta name=\"author\" content=\"NOTICIASMERCEDINAS.COM\" \/>\n<meta name=\"twitter:card\" content=\"summary_large_image\" \/>\n<meta name=\"twitter:creator\" content=\"@notmercedinas\" \/>\n<meta name=\"twitter:site\" content=\"@notmercedinas\" \/>\n<meta name=\"twitter:label1\" content=\"Escrito por\" \/>\n\t<meta name=\"twitter:data1\" content=\"NOTICIASMERCEDINAS.COM\" \/>\n\t<meta name=\"twitter:label2\" content=\"Tiempo de lectura\" \/>\n\t<meta name=\"twitter:data2\" content=\"2 minutos\" \/>\n<script type=\"application\/ld+json\" class=\"yoast-schema-graph\">{\"@context\":\"https:\\\/\\\/schema.org\",\"@graph\":[{\"@type\":\"Article\",\"@id\":\"https:\\\/\\\/noticiasmercedinas.com\\\/site\\\/2023\\\/05\\\/01\\\/transporte-unos-900-beneficiarios-recibieron-su-pase-multimodal-en-mercedes\\\/#article\",\"isPartOf\":{\"@id\":\"https:\\\/\\\/noticiasmercedinas.com\\\/site\\\/2023\\\/05\\\/01\\\/transporte-unos-900-beneficiarios-recibieron-su-pase-multimodal-en-mercedes\\\/\"},\"author\":{\"name\":\"NOTICIASMERCEDINAS.COM\",\"@id\":\"https:\\\/\\\/noticiasmercedinas.com\\\/site\\\/#\\\/schema\\\/person\\\/84b59c099c28ff2e8b77d4ceec5d8063\"},\"headline\":\"Transporte: unos 900 beneficiarios recibieron su pase multimodal en Mercedes\",\"datePublished\":\"2023-05-01T13:30:48+00:00\",\"mainEntityOfPage\":{\"@id\":\"https:\\\/\\\/noticiasmercedinas.com\\\/site\\\/2023\\\/05\\\/01\\\/transporte-unos-900-beneficiarios-recibieron-su-pase-multimodal-en-mercedes\\\/\"},\"wordCount\":375,\"publisher\":{\"@id\":\"https:\\\/\\\/noticiasmercedinas.com\\\/site\\\/#organization\"},\"image\":{\"@id\":\"https:\\\/\\\/noticiasmercedinas.com\\\/site\\\/2023\\\/05\\\/01\\\/transporte-unos-900-beneficiarios-recibieron-su-pase-multimodal-en-mercedes\\\/#primaryimage\"},\"thumbnailUrl\":\"https:\\\/\\\/noticiasmercedinas.com\\\/site\\\/wp-content\\\/uploads\\\/2023\\\/05\\\/entregapasesmultimodales.2.jpg\",\"keywords\":[\"Direcci\u00f3n de Discapacidad Municipal\",\"juan ignacio ustarroz\",\"pase libre multimodal\",\"Subsecretar\u00eda de Transporte de la Provincia\",\"tatiana lopez\"],\"articleSection\":[\"Sociedad\"],\"inLanguage\":\"es\"},{\"@type\":\"WebPage\",\"@id\":\"https:\\\/\\\/noticiasmercedinas.com\\\/site\\\/2023\\\/05\\\/01\\\/transporte-unos-900-beneficiarios-recibieron-su-pase-multimodal-en-mercedes\\\/\",\"url\":\"https:\\\/\\\/noticiasmercedinas.com\\\/site\\\/2023\\\/05\\\/01\\\/transporte-unos-900-beneficiarios-recibieron-su-pase-multimodal-en-mercedes\\\/\",\"name\":\"Transporte: unos 900 beneficiarios recibieron su pase multimodal en Mercedes\",\"isPartOf\":{\"@id\":\"https:\\\/\\\/noticiasmercedinas.com\\\/site\\\/#website\"},\"primaryImageOfPage\":{\"@id\":\"https:\\\/\\\/noticiasmercedinas.com\\\/site\\\/2023\\\/05\\\/01\\\/transporte-unos-900-beneficiarios-recibieron-su-pase-multimodal-en-mercedes\\\/#primaryimage\"},\"image\":{\"@id\":\"https:\\\/\\\/noticiasmercedinas.com\\\/site\\\/2023\\\/05\\\/01\\\/transporte-unos-900-beneficiarios-recibieron-su-pase-multimodal-en-mercedes\\\/#primaryimage\"},\"thumbnailUrl\":\"https:\\\/\\\/noticiasmercedinas.com\\\/site\\\/wp-content\\\/uploads\\\/2023\\\/05\\\/entregapasesmultimodales.2.jpg\",\"datePublished\":\"2023-05-01T13:30:48+00:00\",\"breadcrumb\":{\"@id\":\"https:\\\/\\\/noticiasmercedinas.com\\\/site\\\/2023\\\/05\\\/01\\\/transporte-unos-900-beneficiarios-recibieron-su-pase-multimodal-en-mercedes\\\/#breadcrumb\"},\"inLanguage\":\"es\",\"potentialAction\":[{\"@type\":\"ReadAction\",\"target\":[\"https:\\\/\\\/noticiasmercedinas.com\\\/site\\\/2023\\\/05\\\/01\\\/transporte-unos-900-beneficiarios-recibieron-su-pase-multimodal-en-mercedes\\\/\"]}]},{\"@type\":\"ImageObject\",\"inLanguage\":\"es\",\"@id\":\"https:\\\/\\\/noticiasmercedinas.com\\\/site\\\/2023\\\/05\\\/01\\\/transporte-unos-900-beneficiarios-recibieron-su-pase-multimodal-en-mercedes\\\/#primaryimage\",\"url\":\"https:\\\/\\\/noticiasmercedinas.com\\\/site\\\/wp-content\\\/uploads\\\/2023\\\/05\\\/entregapasesmultimodales.2.jpg\",\"contentUrl\":\"https:\\\/\\\/noticiasmercedinas.com\\\/site\\\/wp-content\\\/uploads\\\/2023\\\/05\\\/entregapasesmultimodales.2.jpg\",\"width\":1319,\"height\":879},{\"@type\":\"BreadcrumbList\",\"@id\":\"https:\\\/\\\/noticiasmercedinas.com\\\/site\\\/2023\\\/05\\\/01\\\/transporte-unos-900-beneficiarios-recibieron-su-pase-multimodal-en-mercedes\\\/#breadcrumb\",\"itemListElement\":[{\"@type\":\"ListItem\",\"position\":1,\"name\":\"Portada\",\"item\":\"https:\\\/\\\/noticiasmercedinas.com\\\/site\\\/\"},{\"@type\":\"ListItem\",\"position\":2,\"name\":\"Transporte: unos 900 beneficiarios recibieron su pase multimodal en Mercedes\"}]},{\"@type\":\"WebSite\",\"@id\":\"https:\\\/\\\/noticiasmercedinas.com\\\/site\\\/#website\",\"url\":\"https:\\\/\\\/noticiasmercedinas.com\\\/site\\\/\",\"name\":\"NOTICIASMERCEDINAS.COM\",\"description\":\"Mercedes, Buenos Aires, Argentina\",\"publisher\":{\"@id\":\"https:\\\/\\\/noticiasmercedinas.com\\\/site\\\/#organization\"},\"potentialAction\":[{\"@type\":\"SearchAction\",\"target\":{\"@type\":\"EntryPoint\",\"urlTemplate\":\"https:\\\/\\\/noticiasmercedinas.com\\\/site\\\/?s={search_term_string}\"},\"query-input\":{\"@type\":\"PropertyValueSpecification\",\"valueRequired\":true,\"valueName\":\"search_term_string\"}}],\"inLanguage\":\"es\"},{\"@type\":\"Organization\",\"@id\":\"https:\\\/\\\/noticiasmercedinas.com\\\/site\\\/#organization\",\"name\":\"NOTICIASMERCEDINAS.COM\",\"url\":\"https:\\\/\\\/noticiasmercedinas.com\\\/site\\\/\",\"logo\":{\"@type\":\"ImageObject\",\"inLanguage\":\"es\",\"@id\":\"https:\\\/\\\/noticiasmercedinas.com\\\/site\\\/#\\\/schema\\\/logo\\\/image\\\/\",\"url\":\"https:\\\/\\\/noticiasmercedinas.com\\\/site\\\/wp-content\\\/uploads\\\/2020\\\/06\\\/LOGO-512.jpg\",\"contentUrl\":\"https:\\\/\\\/noticiasmercedinas.com\\\/site\\\/wp-content\\\/uploads\\\/2020\\\/06\\\/LOGO-512.jpg\",\"width\":512,\"height\":512,\"caption\":\"NOTICIASMERCEDINAS.COM\"},\"image\":{\"@id\":\"https:\\\/\\\/noticiasmercedinas.com\\\/site\\\/#\\\/schema\\\/logo\\\/image\\\/\"},\"sameAs\":[\"https:\\\/\\\/www.facebook.com\\\/noticiasmercedinas\\\/\",\"https:\\\/\\\/x.com\\\/notmercedinas\",\"https:\\\/\\\/www.instagram.com\\\/noticiasmercedinas\\\/\"]},{\"@type\":\"Person\",\"@id\":\"https:\\\/\\\/noticiasmercedinas.com\\\/site\\\/#\\\/schema\\\/person\\\/84b59c099c28ff2e8b77d4ceec5d8063\",\"name\":\"NOTICIASMERCEDINAS.COM\",\"image\":{\"@type\":\"ImageObject\",\"inLanguage\":\"es\",\"@id\":\"https:\\\/\\\/secure.gravatar.com\\\/avatar\\\/4dfbf16b4d17945bfb6341b2d19043457132fcf478a5ee04f42e959fd8f5df0a?s=96&d=mm&r=g\",\"url\":\"https:\\\/\\\/secure.gravatar.com\\\/avatar\\\/4dfbf16b4d17945bfb6341b2d19043457132fcf478a5ee04f42e959fd8f5df0a?s=96&d=mm&r=g\",\"contentUrl\":\"https:\\\/\\\/secure.gravatar.com\\\/avatar\\\/4dfbf16b4d17945bfb6341b2d19043457132fcf478a5ee04f42e959fd8f5df0a?s=96&d=mm&r=g\",\"caption\":\"NOTICIASMERCEDINAS.COM\"},\"url\":\"https:\\\/\\\/noticiasmercedinas.com\\\/site\\\/author\\\/anonimo\\\/\"}]}<\/script>\n<!-- \/ Yoast SEO plugin. -->","yoast_head_json":{"title":"Transporte: unos 900 beneficiarios recibieron su pase multimodal en Mercedes","robots":{"index":"index","follow":"follow","max-snippet":"max-snippet:-1","max-image-preview":"max-image-preview:large","max-video-preview":"max-video-preview:-1"},"canonical":"https:\/\/noticiasmercedinas.com\/site\/2023\/05\/01\/transporte-unos-900-beneficiarios-recibieron-su-pase-multimodal-en-mercedes\/","og_locale":"es_ES","og_type":"article","og_title":"Transporte: unos 900 beneficiarios recibieron su pase multimodal en Mercedes","og_description":"\u25a0 A trav\u00e9s de la Direcci\u00f3n de Discapacidad y en un trabajo articulado con el Ministerio de Transporte de la provincia de Buenos Aires se realiz\u00f3 la entrega","og_url":"https:\/\/noticiasmercedinas.com\/site\/2023\/05\/01\/transporte-unos-900-beneficiarios-recibieron-su-pase-multimodal-en-mercedes\/","og_site_name":"NOTICIASMERCEDINAS.COM","article_publisher":"https:\/\/www.facebook.com\/noticiasmercedinas\/","article_published_time":"2023-05-01T13:30:48+00:00","og_image":[{"width":1319,"height":879,"url":"https:\/\/noticiasmercedinas.com\/site\/wp-content\/uploads\/2023\/05\/entregapasesmultimodales.2.jpg","type":"image\/jpeg"}],"author":"NOTICIASMERCEDINAS.COM","twitter_card":"summary_large_image","twitter_creator":"@notmercedinas","twitter_site":"@notmercedinas","twitter_misc":{"Escrito por":"NOTICIASMERCEDINAS.COM","Tiempo de lectura":"2 minutos"},"schema":{"@context":"https:\/\/schema.org","@graph":[{"@type":"Article","@id":"https:\/\/noticiasmercedinas.com\/site\/2023\/05\/01\/transporte-unos-900-beneficiarios-recibieron-su-pase-multimodal-en-mercedes\/#article","isPartOf":{"@id":"https:\/\/noticiasmercedinas.com\/site\/2023\/05\/01\/transporte-unos-900-beneficiarios-recibieron-su-pase-multimodal-en-mercedes\/"},"author":{"name":"NOTICIASMERCEDINAS.COM","@id":"https:\/\/noticiasmercedinas.com\/site\/#\/schema\/person\/84b59c099c28ff2e8b77d4ceec5d8063"},"headline":"Transporte: unos 900 beneficiarios recibieron su pase multimodal en Mercedes","datePublished":"2023-05-01T13:30:48+00:00","mainEntityOfPage":{"@id":"https:\/\/noticiasmercedinas.com\/site\/2023\/05\/01\/transporte-unos-900-beneficiarios-recibieron-su-pase-multimodal-en-mercedes\/"},"wordCount":375,"publisher":{"@id":"https:\/\/noticiasmercedinas.com\/site\/#organization"},"image":{"@id":"https:\/\/noticiasmercedinas.com\/site\/2023\/05\/01\/transporte-unos-900-beneficiarios-recibieron-su-pase-multimodal-en-mercedes\/#primaryimage"},"thumbnailUrl":"https:\/\/noticiasmercedinas.com\/site\/wp-content\/uploads\/2023\/05\/entregapasesmultimodales.2.jpg","keywords":["Direcci\u00f3n de Discapacidad Municipal","juan ignacio ustarroz","pase libre multimodal","Subsecretar\u00eda de Transporte de la Provincia","tatiana lopez"],"articleSection":["Sociedad"],"inLanguage":"es"},{"@type":"WebPage","@id":"https:\/\/noticiasmercedinas.com\/site\/2023\/05\/01\/transporte-unos-900-beneficiarios-recibieron-su-pase-multimodal-en-mercedes\/","url":"https:\/\/noticiasmercedinas.com\/site\/2023\/05\/01\/transporte-unos-900-beneficiarios-recibieron-su-pase-multimodal-en-mercedes\/","name":"Transporte: unos 900 beneficiarios recibieron su pase multimodal en Mercedes","isPartOf":{"@id":"https:\/\/noticiasmercedinas.com\/site\/#website"},"primaryImageOfPage":{"@id":"https:\/\/noticiasmercedinas.com\/site\/2023\/05\/01\/transporte-unos-900-beneficiarios-recibieron-su-pase-multimodal-en-mercedes\/#primaryimage"},"image":{"@id":"https:\/\/noticiasmercedinas.com\/site\/2023\/05\/01\/transporte-unos-900-beneficiarios-recibieron-su-pase-multimodal-en-mercedes\/#primaryimage"},"thumbnailUrl":"https:\/\/noticiasmercedinas.com\/site\/wp-content\/uploads\/2023\/05\/entregapasesmultimodales.2.jpg","datePublished":"2023-05-01T13:30:48+00:00","breadcrumb":{"@id":"https:\/\/noticiasmercedinas.com\/site\/2023\/05\/01\/transporte-unos-900-beneficiarios-recibieron-su-pase-multimodal-en-mercedes\/#breadcrumb"},"inLanguage":"es","potentialAction":[{"@type":"ReadAction","target":["https:\/\/noticiasmercedinas.com\/site\/2023\/05\/01\/transporte-unos-900-beneficiarios-recibieron-su-pase-multimodal-en-mercedes\/"]}]},{"@type":"ImageObject","inLanguage":"es","@id":"https:\/\/noticiasmercedinas.com\/site\/2023\/05\/01\/transporte-unos-900-beneficiarios-recibieron-su-pase-multimodal-en-mercedes\/#primaryimage","url":"https:\/\/noticiasmercedinas.com\/site\/wp-content\/uploads\/2023\/05\/entregapasesmultimodales.2.jpg","contentUrl":"https:\/\/noticiasmercedinas.com\/site\/wp-content\/uploads\/2023\/05\/entregapasesmultimodales.2.jpg","width":1319,"height":879},{"@type":"BreadcrumbList","@id":"https:\/\/noticiasmercedinas.com\/site\/2023\/05\/01\/transporte-unos-900-beneficiarios-recibieron-su-pase-multimodal-en-mercedes\/#breadcrumb","itemListElement":[{"@type":"ListItem","position":1,"name":"Portada","item":"https:\/\/noticiasmercedinas.com\/site\/"},{"@type":"ListItem","position":2,"name":"Transporte: unos 900 beneficiarios recibieron su pase multimodal en Mercedes"}]},{"@type":"WebSite","@id":"https:\/\/noticiasmercedinas.com\/site\/#website","url":"https:\/\/noticiasmercedinas.com\/site\/","name":"NOTICIASMERCEDINAS.COM","description":"Mercedes, Buenos Aires, Argentina","publisher":{"@id":"https:\/\/noticiasmercedinas.com\/site\/#organization"},"potentialAction":[{"@type":"SearchAction","target":{"@type":"EntryPoint","urlTemplate":"https:\/\/noticiasmercedinas.com\/site\/?s={search_term_string}"},"query-input":{"@type":"PropertyValueSpecification","valueRequired":true,"valueName":"search_term_string"}}],"inLanguage":"es"},{"@type":"Organization","@id":"https:\/\/noticiasmercedinas.com\/site\/#organization","name":"NOTICIASMERCEDINAS.COM","url":"https:\/\/noticiasmercedinas.com\/site\/","logo":{"@type":"ImageObject","inLanguage":"es","@id":"https:\/\/noticiasmercedinas.com\/site\/#\/schema\/logo\/image\/","url":"https:\/\/noticiasmercedinas.com\/site\/wp-content\/uploads\/2020\/06\/LOGO-512.jpg","contentUrl":"https:\/\/noticiasmercedinas.com\/site\/wp-content\/uploads\/2020\/06\/LOGO-512.jpg","width":512,"height":512,"caption":"NOTICIASMERCEDINAS.COM"},"image":{"@id":"https:\/\/noticiasmercedinas.com\/site\/#\/schema\/logo\/image\/"},"sameAs":["https:\/\/www.facebook.com\/noticiasmercedinas\/","https:\/\/x.com\/notmercedinas","https:\/\/www.instagram.com\/noticiasmercedinas\/"]},{"@type":"Person","@id":"https:\/\/noticiasmercedinas.com\/site\/#\/schema\/person\/84b59c099c28ff2e8b77d4ceec5d8063","name":"NOTICIASMERCEDINAS.COM","image":{"@type":"ImageObject","inLanguage":"es","@id":"https:\/\/secure.gravatar.com\/avatar\/4dfbf16b4d17945bfb6341b2d19043457132fcf478a5ee04f42e959fd8f5df0a?s=96&d=mm&r=g","url":"https:\/\/secure.gravatar.com\/avatar\/4dfbf16b4d17945bfb6341b2d19043457132fcf478a5ee04f42e959fd8f5df0a?s=96&d=mm&r=g","contentUrl":"https:\/\/secure.gravatar.com\/avatar\/4dfbf16b4d17945bfb6341b2d19043457132fcf478a5ee04f42e959fd8f5df0a?s=96&d=mm&r=g","caption":"NOTICIASMERCEDINAS.COM"},"url":"https:\/\/noticiasmercedinas.com\/site\/author\/anonimo\/"}]}},"amp_enabled":true,"_links":{"self":[{"href":"https:\/\/noticiasmercedinas.com\/site\/wp-json\/wp\/v2\/posts\/113875","targetHints":{"allow":["GET"]}}],"collection":[{"href":"https:\/\/noticiasmercedinas.com\/site\/wp-json\/wp\/v2\/posts"}],"about":[{"href":"https:\/\/noticiasmercedinas.com\/site\/wp-json\/wp\/v2\/types\/post"}],"author":[{"embeddable":true,"href":"https:\/\/noticiasmercedinas.com\/site\/wp-json\/wp\/v2\/users\/16"}],"replies":[{"embeddable":true,"href":"https:\/\/noticiasmercedinas.com\/site\/wp-json\/wp\/v2\/comments?post=113875"}],"version-history":[{"count":1,"href":"https:\/\/noticiasmercedinas.com\/site\/wp-json\/wp\/v2\/posts\/113875\/revisions"}],"predecessor-version":[{"id":113878,"href":"https:\/\/noticiasmercedinas.com\/site\/wp-json\/wp\/v2\/posts\/113875\/revisions\/113878"}],"wp:featuredmedia":[{"embeddable":true,"href":"https:\/\/noticiasmercedinas.com\/site\/wp-json\/wp\/v2\/media\/113877"}],"wp:attachment":[{"href":"https:\/\/noticiasmercedinas.com\/site\/wp-json\/wp\/v2\/media?parent=113875"}],"wp:term":[{"taxonomy":"category","embeddable":true,"href":"https:\/\/noticiasmercedinas.com\/site\/wp-json\/wp\/v2\/categories?post=113875"},{"taxonomy":"post_tag","embeddable":true,"href":"https:\/\/noticiasmercedinas.com\/site\/wp-json\/wp\/v2\/tags?post=113875"}],"curies":[{"name":"wp","href":"https:\/\/api.w.org\/{rel}","templated":true}]}}