{"id":113980,"date":"2023-05-02T16:21:32","date_gmt":"2023-05-02T19:21:32","guid":{"rendered":"https:\/\/noticiasmercedinas.com\/site\/?p=113980"},"modified":"2023-05-02T16:31:30","modified_gmt":"2023-05-02T19:31:30","slug":"mariano-fuaz-dio-catedra-de-fotografia-estenopeica-en-la-patagonia","status":"publish","type":"post","link":"https:\/\/noticiasmercedinas.com\/site\/2023\/05\/02\/mariano-fuaz-dio-catedra-de-fotografia-estenopeica-en-la-patagonia\/","title":{"rendered":"Mariano Fuaz dio c\u00e1tedra de fotograf\u00eda estenopeica en la Patagonia"},"content":{"rendered":"<p><img loading=\"lazy\" decoding=\"async\" class=\"alignnone size-full wp-image-113981\" src=\"https:\/\/noticiasmercedinas.com\/site\/wp-content\/uploads\/2023\/05\/Fuaz_Mariano_fotografia.jpeg\" alt=\"\" width=\"640\" height=\"423\" srcset=\"https:\/\/noticiasmercedinas.com\/site\/wp-content\/uploads\/2023\/05\/Fuaz_Mariano_fotografia.jpeg 640w, https:\/\/noticiasmercedinas.com\/site\/wp-content\/uploads\/2023\/05\/Fuaz_Mariano_fotografia-300x198.jpeg 300w\" sizes=\"auto, (max-width: 640px) 100vw, 640px\" \/><\/p>\n<p>En el marco de los festejos del d\u00eda internacional de la fotograf\u00eda estenopeica, el pasado domingo el mercedino <strong>Mariano Fuaz<\/strong> brind\u00f3 una charla en el festival Pinhole Patagonia 2023, en El Calafate.<\/p>\n<p>\u201cMariano, que de esto sabe, comenz\u00f3 la charla interpelando al p\u00fablico sobre sus motivaciones con lo cual adapto el discurso y el lenguaje de manera inmediata para facilitar el entendimiento de los presentes\u201d, expres\u00f3 Eduardo Aguirre, Coordinador General del festival.<\/p>\n<p>\u201cContratiempos de \u00faltimos momentos hizo que no pudiera llegar en forma presencial al primer Pinhole Patagonia, pero desde entonces y algunos a\u00f1os antes siempre estuvo presente en las convocatorias estenopeicas y fotogr\u00e1ficas al sur del sur, como le decimos a esta parte del planeta\u201d, resalt\u00f3.<\/p>\n<blockquote><p>\u201cComenz\u00f3 la charla interpelando al p\u00fablico sobre sus motivaciones con lo cual adapto el discurso y el lenguaje de manera inmediata\u201d<\/p><\/blockquote>\n<p>\u201cNos deb\u00edamos el privilegio de invitarlo a ser parte y a \u00e9l le asignamos la responsabilidad de llevar adelante el taller libre y gratuito sobre esta t\u00e9cnica\u201d, concluy\u00f3.<\/p>\n<p>Fuaz es dise\u00f1ador gr\u00e1fico y asesor de marca, pero los \u00faltimos 20 a\u00f1os dedic\u00f3 su tiempo a la docencia en fotograf\u00eda. Lo hizo desde su propio espacio \u201cEl Estudio\u201d, a trav\u00e9s de la escuela p\u00fablica y de proyectos personales como el Estenopo Escuela, Ef\u00edmero o Arte Bar Argentina, en nuestra ciudad.<\/p>\n","protected":false},"excerpt":{"rendered":"<p>\u25a0 Brind\u00f3 un taller libre y gratuito en el festival Pinhole Patagonia 2023.<\/p>\n","protected":false},"author":8,"featured_media":113981,"comment_status":"closed","ping_status":"closed","sticky":false,"template":"","format":"standard","meta":{"footnotes":""},"categories":[4],"tags":[558,5046,1777,16746,16745],"class_list":["post-113980","post","type-post","status-publish","format-standard","has-post-thumbnail","hentry","category-cultura","tag-fotografia","tag-fotografia-estenopeica","tag-mariano-fuaz","tag-patagonia","tag-pinhole-patagonia"],"yoast_head":"<!-- This site is optimized with the Yoast SEO plugin v27.4 - https:\/\/yoast.com\/product\/yoast-seo-wordpress\/ -->\n<title>Mariano Fuaz dio c\u00e1tedra de fotograf\u00eda estenopeica en la Patagonia<\/title>\n<meta name=\"robots\" content=\"index, follow, max-snippet:-1, max-image-preview:large, max-video-preview:-1\" \/>\n<link rel=\"canonical\" href=\"https:\/\/noticiasmercedinas.com\/site\/2023\/05\/02\/mariano-fuaz-dio-catedra-de-fotografia-estenopeica-en-la-patagonia\/\" \/>\n<meta property=\"og:locale\" content=\"es_ES\" \/>\n<meta property=\"og:type\" content=\"article\" \/>\n<meta property=\"og:title\" content=\"Mariano Fuaz dio c\u00e1tedra de fotograf\u00eda estenopeica en la Patagonia\" \/>\n<meta property=\"og:description\" content=\"\u25a0 Brind\u00f3 un taller libre y gratuito en el festival Pinhole Patagonia 2023.\" \/>\n<meta property=\"og:url\" content=\"https:\/\/noticiasmercedinas.com\/site\/2023\/05\/02\/mariano-fuaz-dio-catedra-de-fotografia-estenopeica-en-la-patagonia\/\" \/>\n<meta property=\"og:site_name\" content=\"NOTICIASMERCEDINAS.COM\" \/>\n<meta property=\"article:publisher\" content=\"https:\/\/www.facebook.com\/noticiasmercedinas\/\" \/>\n<meta property=\"article:published_time\" content=\"2023-05-02T19:21:32+00:00\" \/>\n<meta property=\"article:modified_time\" content=\"2023-05-02T19:31:30+00:00\" \/>\n<meta property=\"og:image\" content=\"https:\/\/noticiasmercedinas.com\/site\/wp-content\/uploads\/2023\/05\/Fuaz_Mariano_fotografia.jpeg\" \/>\n\t<meta property=\"og:image:width\" content=\"640\" \/>\n\t<meta property=\"og:image:height\" content=\"423\" \/>\n\t<meta property=\"og:image:type\" content=\"image\/jpeg\" \/>\n<meta name=\"author\" content=\"Betina Abalos NOTICIASMERCEDINAS.COM\" \/>\n<meta name=\"twitter:card\" content=\"summary_large_image\" \/>\n<meta name=\"twitter:creator\" content=\"@notmercedinas\" \/>\n<meta name=\"twitter:site\" content=\"@notmercedinas\" \/>\n<meta name=\"twitter:label1\" content=\"Escrito por\" \/>\n\t<meta name=\"twitter:data1\" content=\"Betina Abalos NOTICIASMERCEDINAS.COM\" \/>\n\t<meta name=\"twitter:label2\" content=\"Tiempo de lectura\" \/>\n\t<meta name=\"twitter:data2\" content=\"2 minutos\" \/>\n<script type=\"application\/ld+json\" class=\"yoast-schema-graph\">{\"@context\":\"https:\\\/\\\/schema.org\",\"@graph\":[{\"@type\":\"Article\",\"@id\":\"https:\\\/\\\/noticiasmercedinas.com\\\/site\\\/2023\\\/05\\\/02\\\/mariano-fuaz-dio-catedra-de-fotografia-estenopeica-en-la-patagonia\\\/#article\",\"isPartOf\":{\"@id\":\"https:\\\/\\\/noticiasmercedinas.com\\\/site\\\/2023\\\/05\\\/02\\\/mariano-fuaz-dio-catedra-de-fotografia-estenopeica-en-la-patagonia\\\/\"},\"author\":{\"name\":\"Betina Abalos NOTICIASMERCEDINAS.COM\",\"@id\":\"https:\\\/\\\/noticiasmercedinas.com\\\/site\\\/#\\\/schema\\\/person\\\/b38ec3ed89a3735ef5fecfc1c9adc560\"},\"headline\":\"Mariano Fuaz dio c\u00e1tedra de fotograf\u00eda estenopeica en la Patagonia\",\"datePublished\":\"2023-05-02T19:21:32+00:00\",\"dateModified\":\"2023-05-02T19:31:30+00:00\",\"mainEntityOfPage\":{\"@id\":\"https:\\\/\\\/noticiasmercedinas.com\\\/site\\\/2023\\\/05\\\/02\\\/mariano-fuaz-dio-catedra-de-fotografia-estenopeica-en-la-patagonia\\\/\"},\"wordCount\":242,\"publisher\":{\"@id\":\"https:\\\/\\\/noticiasmercedinas.com\\\/site\\\/#organization\"},\"image\":{\"@id\":\"https:\\\/\\\/noticiasmercedinas.com\\\/site\\\/2023\\\/05\\\/02\\\/mariano-fuaz-dio-catedra-de-fotografia-estenopeica-en-la-patagonia\\\/#primaryimage\"},\"thumbnailUrl\":\"https:\\\/\\\/noticiasmercedinas.com\\\/site\\\/wp-content\\\/uploads\\\/2023\\\/05\\\/Fuaz_Mariano_fotografia.jpeg\",\"keywords\":[\"fotografia\",\"fotografia estenopeica\",\"mariano fuaz\",\"Patagonia\",\"Pinhole Patagonia\"],\"articleSection\":[\"Cultura\"],\"inLanguage\":\"es\"},{\"@type\":\"WebPage\",\"@id\":\"https:\\\/\\\/noticiasmercedinas.com\\\/site\\\/2023\\\/05\\\/02\\\/mariano-fuaz-dio-catedra-de-fotografia-estenopeica-en-la-patagonia\\\/\",\"url\":\"https:\\\/\\\/noticiasmercedinas.com\\\/site\\\/2023\\\/05\\\/02\\\/mariano-fuaz-dio-catedra-de-fotografia-estenopeica-en-la-patagonia\\\/\",\"name\":\"Mariano Fuaz dio c\u00e1tedra de fotograf\u00eda estenopeica en la Patagonia\",\"isPartOf\":{\"@id\":\"https:\\\/\\\/noticiasmercedinas.com\\\/site\\\/#website\"},\"primaryImageOfPage\":{\"@id\":\"https:\\\/\\\/noticiasmercedinas.com\\\/site\\\/2023\\\/05\\\/02\\\/mariano-fuaz-dio-catedra-de-fotografia-estenopeica-en-la-patagonia\\\/#primaryimage\"},\"image\":{\"@id\":\"https:\\\/\\\/noticiasmercedinas.com\\\/site\\\/2023\\\/05\\\/02\\\/mariano-fuaz-dio-catedra-de-fotografia-estenopeica-en-la-patagonia\\\/#primaryimage\"},\"thumbnailUrl\":\"https:\\\/\\\/noticiasmercedinas.com\\\/site\\\/wp-content\\\/uploads\\\/2023\\\/05\\\/Fuaz_Mariano_fotografia.jpeg\",\"datePublished\":\"2023-05-02T19:21:32+00:00\",\"dateModified\":\"2023-05-02T19:31:30+00:00\",\"breadcrumb\":{\"@id\":\"https:\\\/\\\/noticiasmercedinas.com\\\/site\\\/2023\\\/05\\\/02\\\/mariano-fuaz-dio-catedra-de-fotografia-estenopeica-en-la-patagonia\\\/#breadcrumb\"},\"inLanguage\":\"es\",\"potentialAction\":[{\"@type\":\"ReadAction\",\"target\":[\"https:\\\/\\\/noticiasmercedinas.com\\\/site\\\/2023\\\/05\\\/02\\\/mariano-fuaz-dio-catedra-de-fotografia-estenopeica-en-la-patagonia\\\/\"]}]},{\"@type\":\"ImageObject\",\"inLanguage\":\"es\",\"@id\":\"https:\\\/\\\/noticiasmercedinas.com\\\/site\\\/2023\\\/05\\\/02\\\/mariano-fuaz-dio-catedra-de-fotografia-estenopeica-en-la-patagonia\\\/#primaryimage\",\"url\":\"https:\\\/\\\/noticiasmercedinas.com\\\/site\\\/wp-content\\\/uploads\\\/2023\\\/05\\\/Fuaz_Mariano_fotografia.jpeg\",\"contentUrl\":\"https:\\\/\\\/noticiasmercedinas.com\\\/site\\\/wp-content\\\/uploads\\\/2023\\\/05\\\/Fuaz_Mariano_fotografia.jpeg\",\"width\":640,\"height\":423},{\"@type\":\"BreadcrumbList\",\"@id\":\"https:\\\/\\\/noticiasmercedinas.com\\\/site\\\/2023\\\/05\\\/02\\\/mariano-fuaz-dio-catedra-de-fotografia-estenopeica-en-la-patagonia\\\/#breadcrumb\",\"itemListElement\":[{\"@type\":\"ListItem\",\"position\":1,\"name\":\"Portada\",\"item\":\"https:\\\/\\\/noticiasmercedinas.com\\\/site\\\/\"},{\"@type\":\"ListItem\",\"position\":2,\"name\":\"Mariano Fuaz dio c\u00e1tedra de fotograf\u00eda estenopeica en la Patagonia\"}]},{\"@type\":\"WebSite\",\"@id\":\"https:\\\/\\\/noticiasmercedinas.com\\\/site\\\/#website\",\"url\":\"https:\\\/\\\/noticiasmercedinas.com\\\/site\\\/\",\"name\":\"NOTICIASMERCEDINAS.COM\",\"description\":\"Mercedes, Buenos Aires, Argentina\",\"publisher\":{\"@id\":\"https:\\\/\\\/noticiasmercedinas.com\\\/site\\\/#organization\"},\"potentialAction\":[{\"@type\":\"SearchAction\",\"target\":{\"@type\":\"EntryPoint\",\"urlTemplate\":\"https:\\\/\\\/noticiasmercedinas.com\\\/site\\\/?s={search_term_string}\"},\"query-input\":{\"@type\":\"PropertyValueSpecification\",\"valueRequired\":true,\"valueName\":\"search_term_string\"}}],\"inLanguage\":\"es\"},{\"@type\":\"Organization\",\"@id\":\"https:\\\/\\\/noticiasmercedinas.com\\\/site\\\/#organization\",\"name\":\"NOTICIASMERCEDINAS.COM\",\"url\":\"https:\\\/\\\/noticiasmercedinas.com\\\/site\\\/\",\"logo\":{\"@type\":\"ImageObject\",\"inLanguage\":\"es\",\"@id\":\"https:\\\/\\\/noticiasmercedinas.com\\\/site\\\/#\\\/schema\\\/logo\\\/image\\\/\",\"url\":\"https:\\\/\\\/noticiasmercedinas.com\\\/site\\\/wp-content\\\/uploads\\\/2020\\\/06\\\/LOGO-512.jpg\",\"contentUrl\":\"https:\\\/\\\/noticiasmercedinas.com\\\/site\\\/wp-content\\\/uploads\\\/2020\\\/06\\\/LOGO-512.jpg\",\"width\":512,\"height\":512,\"caption\":\"NOTICIASMERCEDINAS.COM\"},\"image\":{\"@id\":\"https:\\\/\\\/noticiasmercedinas.com\\\/site\\\/#\\\/schema\\\/logo\\\/image\\\/\"},\"sameAs\":[\"https:\\\/\\\/www.facebook.com\\\/noticiasmercedinas\\\/\",\"https:\\\/\\\/x.com\\\/notmercedinas\",\"https:\\\/\\\/www.instagram.com\\\/noticiasmercedinas\\\/\"]},{\"@type\":\"Person\",\"@id\":\"https:\\\/\\\/noticiasmercedinas.com\\\/site\\\/#\\\/schema\\\/person\\\/b38ec3ed89a3735ef5fecfc1c9adc560\",\"name\":\"Betina Abalos NOTICIASMERCEDINAS.COM\",\"image\":{\"@type\":\"ImageObject\",\"inLanguage\":\"es\",\"@id\":\"https:\\\/\\\/secure.gravatar.com\\\/avatar\\\/8c86fde6c3b4a08aabce60929a23fa91235f414626598c992897a3e4b0679f33?s=96&d=mm&r=g\",\"url\":\"https:\\\/\\\/secure.gravatar.com\\\/avatar\\\/8c86fde6c3b4a08aabce60929a23fa91235f414626598c992897a3e4b0679f33?s=96&d=mm&r=g\",\"contentUrl\":\"https:\\\/\\\/secure.gravatar.com\\\/avatar\\\/8c86fde6c3b4a08aabce60929a23fa91235f414626598c992897a3e4b0679f33?s=96&d=mm&r=g\",\"caption\":\"Betina Abalos NOTICIASMERCEDINAS.COM\"},\"url\":\"https:\\\/\\\/noticiasmercedinas.com\\\/site\\\/author\\\/betina\\\/\"}]}<\/script>\n<!-- \/ Yoast SEO plugin. -->","yoast_head_json":{"title":"Mariano Fuaz dio c\u00e1tedra de fotograf\u00eda estenopeica en la Patagonia","robots":{"index":"index","follow":"follow","max-snippet":"max-snippet:-1","max-image-preview":"max-image-preview:large","max-video-preview":"max-video-preview:-1"},"canonical":"https:\/\/noticiasmercedinas.com\/site\/2023\/05\/02\/mariano-fuaz-dio-catedra-de-fotografia-estenopeica-en-la-patagonia\/","og_locale":"es_ES","og_type":"article","og_title":"Mariano Fuaz dio c\u00e1tedra de fotograf\u00eda estenopeica en la Patagonia","og_description":"\u25a0 Brind\u00f3 un taller libre y gratuito en el festival Pinhole Patagonia 2023.","og_url":"https:\/\/noticiasmercedinas.com\/site\/2023\/05\/02\/mariano-fuaz-dio-catedra-de-fotografia-estenopeica-en-la-patagonia\/","og_site_name":"NOTICIASMERCEDINAS.COM","article_publisher":"https:\/\/www.facebook.com\/noticiasmercedinas\/","article_published_time":"2023-05-02T19:21:32+00:00","article_modified_time":"2023-05-02T19:31:30+00:00","og_image":[{"width":640,"height":423,"url":"https:\/\/noticiasmercedinas.com\/site\/wp-content\/uploads\/2023\/05\/Fuaz_Mariano_fotografia.jpeg","type":"image\/jpeg"}],"author":"Betina Abalos NOTICIASMERCEDINAS.COM","twitter_card":"summary_large_image","twitter_creator":"@notmercedinas","twitter_site":"@notmercedinas","twitter_misc":{"Escrito por":"Betina Abalos NOTICIASMERCEDINAS.COM","Tiempo de lectura":"2 minutos"},"schema":{"@context":"https:\/\/schema.org","@graph":[{"@type":"Article","@id":"https:\/\/noticiasmercedinas.com\/site\/2023\/05\/02\/mariano-fuaz-dio-catedra-de-fotografia-estenopeica-en-la-patagonia\/#article","isPartOf":{"@id":"https:\/\/noticiasmercedinas.com\/site\/2023\/05\/02\/mariano-fuaz-dio-catedra-de-fotografia-estenopeica-en-la-patagonia\/"},"author":{"name":"Betina Abalos NOTICIASMERCEDINAS.COM","@id":"https:\/\/noticiasmercedinas.com\/site\/#\/schema\/person\/b38ec3ed89a3735ef5fecfc1c9adc560"},"headline":"Mariano Fuaz dio c\u00e1tedra de fotograf\u00eda estenopeica en la Patagonia","datePublished":"2023-05-02T19:21:32+00:00","dateModified":"2023-05-02T19:31:30+00:00","mainEntityOfPage":{"@id":"https:\/\/noticiasmercedinas.com\/site\/2023\/05\/02\/mariano-fuaz-dio-catedra-de-fotografia-estenopeica-en-la-patagonia\/"},"wordCount":242,"publisher":{"@id":"https:\/\/noticiasmercedinas.com\/site\/#organization"},"image":{"@id":"https:\/\/noticiasmercedinas.com\/site\/2023\/05\/02\/mariano-fuaz-dio-catedra-de-fotografia-estenopeica-en-la-patagonia\/#primaryimage"},"thumbnailUrl":"https:\/\/noticiasmercedinas.com\/site\/wp-content\/uploads\/2023\/05\/Fuaz_Mariano_fotografia.jpeg","keywords":["fotografia","fotografia estenopeica","mariano fuaz","Patagonia","Pinhole Patagonia"],"articleSection":["Cultura"],"inLanguage":"es"},{"@type":"WebPage","@id":"https:\/\/noticiasmercedinas.com\/site\/2023\/05\/02\/mariano-fuaz-dio-catedra-de-fotografia-estenopeica-en-la-patagonia\/","url":"https:\/\/noticiasmercedinas.com\/site\/2023\/05\/02\/mariano-fuaz-dio-catedra-de-fotografia-estenopeica-en-la-patagonia\/","name":"Mariano Fuaz dio c\u00e1tedra de fotograf\u00eda estenopeica en la Patagonia","isPartOf":{"@id":"https:\/\/noticiasmercedinas.com\/site\/#website"},"primaryImageOfPage":{"@id":"https:\/\/noticiasmercedinas.com\/site\/2023\/05\/02\/mariano-fuaz-dio-catedra-de-fotografia-estenopeica-en-la-patagonia\/#primaryimage"},"image":{"@id":"https:\/\/noticiasmercedinas.com\/site\/2023\/05\/02\/mariano-fuaz-dio-catedra-de-fotografia-estenopeica-en-la-patagonia\/#primaryimage"},"thumbnailUrl":"https:\/\/noticiasmercedinas.com\/site\/wp-content\/uploads\/2023\/05\/Fuaz_Mariano_fotografia.jpeg","datePublished":"2023-05-02T19:21:32+00:00","dateModified":"2023-05-02T19:31:30+00:00","breadcrumb":{"@id":"https:\/\/noticiasmercedinas.com\/site\/2023\/05\/02\/mariano-fuaz-dio-catedra-de-fotografia-estenopeica-en-la-patagonia\/#breadcrumb"},"inLanguage":"es","potentialAction":[{"@type":"ReadAction","target":["https:\/\/noticiasmercedinas.com\/site\/2023\/05\/02\/mariano-fuaz-dio-catedra-de-fotografia-estenopeica-en-la-patagonia\/"]}]},{"@type":"ImageObject","inLanguage":"es","@id":"https:\/\/noticiasmercedinas.com\/site\/2023\/05\/02\/mariano-fuaz-dio-catedra-de-fotografia-estenopeica-en-la-patagonia\/#primaryimage","url":"https:\/\/noticiasmercedinas.com\/site\/wp-content\/uploads\/2023\/05\/Fuaz_Mariano_fotografia.jpeg","contentUrl":"https:\/\/noticiasmercedinas.com\/site\/wp-content\/uploads\/2023\/05\/Fuaz_Mariano_fotografia.jpeg","width":640,"height":423},{"@type":"BreadcrumbList","@id":"https:\/\/noticiasmercedinas.com\/site\/2023\/05\/02\/mariano-fuaz-dio-catedra-de-fotografia-estenopeica-en-la-patagonia\/#breadcrumb","itemListElement":[{"@type":"ListItem","position":1,"name":"Portada","item":"https:\/\/noticiasmercedinas.com\/site\/"},{"@type":"ListItem","position":2,"name":"Mariano Fuaz dio c\u00e1tedra de fotograf\u00eda estenopeica en la Patagonia"}]},{"@type":"WebSite","@id":"https:\/\/noticiasmercedinas.com\/site\/#website","url":"https:\/\/noticiasmercedinas.com\/site\/","name":"NOTICIASMERCEDINAS.COM","description":"Mercedes, Buenos Aires, Argentina","publisher":{"@id":"https:\/\/noticiasmercedinas.com\/site\/#organization"},"potentialAction":[{"@type":"SearchAction","target":{"@type":"EntryPoint","urlTemplate":"https:\/\/noticiasmercedinas.com\/site\/?s={search_term_string}"},"query-input":{"@type":"PropertyValueSpecification","valueRequired":true,"valueName":"search_term_string"}}],"inLanguage":"es"},{"@type":"Organization","@id":"https:\/\/noticiasmercedinas.com\/site\/#organization","name":"NOTICIASMERCEDINAS.COM","url":"https:\/\/noticiasmercedinas.com\/site\/","logo":{"@type":"ImageObject","inLanguage":"es","@id":"https:\/\/noticiasmercedinas.com\/site\/#\/schema\/logo\/image\/","url":"https:\/\/noticiasmercedinas.com\/site\/wp-content\/uploads\/2020\/06\/LOGO-512.jpg","contentUrl":"https:\/\/noticiasmercedinas.com\/site\/wp-content\/uploads\/2020\/06\/LOGO-512.jpg","width":512,"height":512,"caption":"NOTICIASMERCEDINAS.COM"},"image":{"@id":"https:\/\/noticiasmercedinas.com\/site\/#\/schema\/logo\/image\/"},"sameAs":["https:\/\/www.facebook.com\/noticiasmercedinas\/","https:\/\/x.com\/notmercedinas","https:\/\/www.instagram.com\/noticiasmercedinas\/"]},{"@type":"Person","@id":"https:\/\/noticiasmercedinas.com\/site\/#\/schema\/person\/b38ec3ed89a3735ef5fecfc1c9adc560","name":"Betina Abalos NOTICIASMERCEDINAS.COM","image":{"@type":"ImageObject","inLanguage":"es","@id":"https:\/\/secure.gravatar.com\/avatar\/8c86fde6c3b4a08aabce60929a23fa91235f414626598c992897a3e4b0679f33?s=96&d=mm&r=g","url":"https:\/\/secure.gravatar.com\/avatar\/8c86fde6c3b4a08aabce60929a23fa91235f414626598c992897a3e4b0679f33?s=96&d=mm&r=g","contentUrl":"https:\/\/secure.gravatar.com\/avatar\/8c86fde6c3b4a08aabce60929a23fa91235f414626598c992897a3e4b0679f33?s=96&d=mm&r=g","caption":"Betina Abalos NOTICIASMERCEDINAS.COM"},"url":"https:\/\/noticiasmercedinas.com\/site\/author\/betina\/"}]}},"amp_enabled":true,"_links":{"self":[{"href":"https:\/\/noticiasmercedinas.com\/site\/wp-json\/wp\/v2\/posts\/113980","targetHints":{"allow":["GET"]}}],"collection":[{"href":"https:\/\/noticiasmercedinas.com\/site\/wp-json\/wp\/v2\/posts"}],"about":[{"href":"https:\/\/noticiasmercedinas.com\/site\/wp-json\/wp\/v2\/types\/post"}],"author":[{"embeddable":true,"href":"https:\/\/noticiasmercedinas.com\/site\/wp-json\/wp\/v2\/users\/8"}],"replies":[{"embeddable":true,"href":"https:\/\/noticiasmercedinas.com\/site\/wp-json\/wp\/v2\/comments?post=113980"}],"version-history":[{"count":2,"href":"https:\/\/noticiasmercedinas.com\/site\/wp-json\/wp\/v2\/posts\/113980\/revisions"}],"predecessor-version":[{"id":113983,"href":"https:\/\/noticiasmercedinas.com\/site\/wp-json\/wp\/v2\/posts\/113980\/revisions\/113983"}],"wp:featuredmedia":[{"embeddable":true,"href":"https:\/\/noticiasmercedinas.com\/site\/wp-json\/wp\/v2\/media\/113981"}],"wp:attachment":[{"href":"https:\/\/noticiasmercedinas.com\/site\/wp-json\/wp\/v2\/media?parent=113980"}],"wp:term":[{"taxonomy":"category","embeddable":true,"href":"https:\/\/noticiasmercedinas.com\/site\/wp-json\/wp\/v2\/categories?post=113980"},{"taxonomy":"post_tag","embeddable":true,"href":"https:\/\/noticiasmercedinas.com\/site\/wp-json\/wp\/v2\/tags?post=113980"}],"curies":[{"name":"wp","href":"https:\/\/api.w.org\/{rel}","templated":true}]}}