{"id":11402,"date":"2019-01-28T10:30:02","date_gmt":"2019-01-28T13:30:02","guid":{"rendered":"https:\/\/noticiasmercedinas.com\/site\/?p=11402"},"modified":"2019-01-29T18:33:50","modified_gmt":"2019-01-29T21:33:50","slug":"verano-en-las-plazas-santa-teresita-fue-una-fiesta-en-la-apertura","status":"publish","type":"post","link":"https:\/\/noticiasmercedinas.com\/site\/2019\/01\/28\/verano-en-las-plazas-santa-teresita-fue-una-fiesta-en-la-apertura\/","title":{"rendered":"Verano en las Plazas: Santa Teresita fue una fiesta en la apertura"},"content":{"rendered":"\r\n                <style type=\"text\/css\">\r\n                    \r\n                    #td_uid_1_69f5b170c7761  .td-doubleSlider-2 .td-item1 {\r\n                        background: url(https:\/\/noticiasmercedinas.com\/site\/wp-content\/uploads\/2019\/01\/a7e0eb83-8006-46c0-8c24-a81e93e19dc3-160x120.jpg) 0 0 no-repeat;\r\n                    }\r\n                    #td_uid_1_69f5b170c7761  .td-doubleSlider-2 .td-item2 {\r\n                        background: url(https:\/\/noticiasmercedinas.com\/site\/wp-content\/uploads\/2019\/01\/9dcf7445-a178-4411-a9ed-ca08e93f910a-160x120.jpg) 0 0 no-repeat;\r\n                    }\r\n                    #td_uid_1_69f5b170c7761  .td-doubleSlider-2 .td-item3 {\r\n                        background: url(https:\/\/noticiasmercedinas.com\/site\/wp-content\/uploads\/2019\/01\/0e0947fa-e5af-41ca-82f5-46c4ea451f59-160x120.jpg) 0 0 no-repeat;\r\n                    }\r\n                    #td_uid_1_69f5b170c7761  .td-doubleSlider-2 .td-item4 {\r\n                        background: url(https:\/\/noticiasmercedinas.com\/site\/wp-content\/uploads\/2019\/01\/b648a791-6c48-4950-a2e6-40e5c75d0db1-160x120.jpg) 0 0 no-repeat;\r\n                    }\r\n                <\/style>\r\n\r\n                <div id=\"td_uid_1_69f5b170c7761\" class=\"td-gallery td-slide-on-2-columns\">\r\n                    <div class=\"post_td_gallery\">\r\n                        <div class=\"td-gallery-slide-top\">\r\n                           <div class=\"td-gallery-title\"><\/div>\r\n\r\n                            <div class=\"td-gallery-controls-wrapper\">\r\n                                <div class=\"td-gallery-slide-count\"><span class=\"td-gallery-slide-item-focus\">1<\/span> de 4<\/div>\r\n                                <div class=\"td-gallery-slide-prev-next-but\">\r\n                                    <i class = \"td-icon-left doubleSliderPrevButton\"><\/i>\r\n                                    <i class = \"td-icon-right doubleSliderNextButton\"><\/i>\r\n                                <\/div>\r\n                            <\/div>\r\n                        <\/div>\r\n\r\n                        <div class = \"td-doubleSlider-1 \">\r\n                            <div class = \"td-slider\">\r\n                                \r\n                    <div class = \"td-slide-item td-item1\">\r\n                        <figure class=\"td-slide-galery-figure td-slide-popup-gallery\">\r\n                            <a class=\"slide-gallery-image-link\" href=\"https:\/\/noticiasmercedinas.com\/site\/wp-content\/uploads\/2019\/01\/a7e0eb83-8006-46c0-8c24-a81e93e19dc3.jpg\" title=\"a7e0eb83-8006-46c0-8c24-a81e93e19dc3\"  data-caption=\"\"  data-description=\"\">\r\n                                <img decoding=\"async\" src=\"https:\/\/noticiasmercedinas.com\/site\/wp-content\/uploads\/2019\/01\/a7e0eb83-8006-46c0-8c24-a81e93e19dc3.jpg\" srcset=\"https:\/\/noticiasmercedinas.com\/site\/wp-content\/uploads\/2019\/01\/a7e0eb83-8006-46c0-8c24-a81e93e19dc3.jpg 1280w, https:\/\/noticiasmercedinas.com\/site\/wp-content\/uploads\/2019\/01\/a7e0eb83-8006-46c0-8c24-a81e93e19dc3-300x169.jpg 300w, https:\/\/noticiasmercedinas.com\/site\/wp-content\/uploads\/2019\/01\/a7e0eb83-8006-46c0-8c24-a81e93e19dc3-768x432.jpg 768w, https:\/\/noticiasmercedinas.com\/site\/wp-content\/uploads\/2019\/01\/a7e0eb83-8006-46c0-8c24-a81e93e19dc3-1024x576.jpg 1024w, https:\/\/noticiasmercedinas.com\/site\/wp-content\/uploads\/2019\/01\/a7e0eb83-8006-46c0-8c24-a81e93e19dc3-640x360.jpg 640w, https:\/\/noticiasmercedinas.com\/site\/wp-content\/uploads\/2019\/01\/a7e0eb83-8006-46c0-8c24-a81e93e19dc3-681x383.jpg 681w\" sizes=\"(max-width: 1280px) 100vw, 1280px\" alt=\"\">\r\n                            <\/a>\r\n                            \r\n                        <\/figure>\r\n                    <\/div>\r\n                    <div class = \"td-slide-item td-item2\">\r\n                        <figure class=\"td-slide-galery-figure td-slide-popup-gallery\">\r\n                            <a class=\"slide-gallery-image-link\" href=\"https:\/\/noticiasmercedinas.com\/site\/wp-content\/uploads\/2019\/01\/9dcf7445-a178-4411-a9ed-ca08e93f910a.jpg\" title=\"9dcf7445-a178-4411-a9ed-ca08e93f910a\"  data-caption=\"\"  data-description=\"\">\r\n                                <img decoding=\"async\" src=\"https:\/\/noticiasmercedinas.com\/site\/wp-content\/uploads\/2019\/01\/9dcf7445-a178-4411-a9ed-ca08e93f910a.jpg\" srcset=\"https:\/\/noticiasmercedinas.com\/site\/wp-content\/uploads\/2019\/01\/9dcf7445-a178-4411-a9ed-ca08e93f910a.jpg 1280w, https:\/\/noticiasmercedinas.com\/site\/wp-content\/uploads\/2019\/01\/9dcf7445-a178-4411-a9ed-ca08e93f910a-300x169.jpg 300w, https:\/\/noticiasmercedinas.com\/site\/wp-content\/uploads\/2019\/01\/9dcf7445-a178-4411-a9ed-ca08e93f910a-768x432.jpg 768w, https:\/\/noticiasmercedinas.com\/site\/wp-content\/uploads\/2019\/01\/9dcf7445-a178-4411-a9ed-ca08e93f910a-1024x576.jpg 1024w, https:\/\/noticiasmercedinas.com\/site\/wp-content\/uploads\/2019\/01\/9dcf7445-a178-4411-a9ed-ca08e93f910a-640x360.jpg 640w, https:\/\/noticiasmercedinas.com\/site\/wp-content\/uploads\/2019\/01\/9dcf7445-a178-4411-a9ed-ca08e93f910a-681x383.jpg 681w\" sizes=\"(max-width: 1280px) 100vw, 1280px\" alt=\"\">\r\n                            <\/a>\r\n                            \r\n                        <\/figure>\r\n                    <\/div>\r\n                    <div class = \"td-slide-item td-item3\">\r\n                        <figure class=\"td-slide-galery-figure td-slide-popup-gallery\">\r\n                            <a class=\"slide-gallery-image-link\" href=\"https:\/\/noticiasmercedinas.com\/site\/wp-content\/uploads\/2019\/01\/0e0947fa-e5af-41ca-82f5-46c4ea451f59.jpg\" title=\"0e0947fa-e5af-41ca-82f5-46c4ea451f59\"  data-caption=\"\"  data-description=\"\">\r\n                                <img decoding=\"async\" src=\"https:\/\/noticiasmercedinas.com\/site\/wp-content\/uploads\/2019\/01\/0e0947fa-e5af-41ca-82f5-46c4ea451f59.jpg\" srcset=\"https:\/\/noticiasmercedinas.com\/site\/wp-content\/uploads\/2019\/01\/0e0947fa-e5af-41ca-82f5-46c4ea451f59.jpg 1280w, https:\/\/noticiasmercedinas.com\/site\/wp-content\/uploads\/2019\/01\/0e0947fa-e5af-41ca-82f5-46c4ea451f59-300x169.jpg 300w, https:\/\/noticiasmercedinas.com\/site\/wp-content\/uploads\/2019\/01\/0e0947fa-e5af-41ca-82f5-46c4ea451f59-768x432.jpg 768w, https:\/\/noticiasmercedinas.com\/site\/wp-content\/uploads\/2019\/01\/0e0947fa-e5af-41ca-82f5-46c4ea451f59-1024x576.jpg 1024w, https:\/\/noticiasmercedinas.com\/site\/wp-content\/uploads\/2019\/01\/0e0947fa-e5af-41ca-82f5-46c4ea451f59-640x360.jpg 640w, https:\/\/noticiasmercedinas.com\/site\/wp-content\/uploads\/2019\/01\/0e0947fa-e5af-41ca-82f5-46c4ea451f59-681x383.jpg 681w\" sizes=\"(max-width: 1280px) 100vw, 1280px\" alt=\"\">\r\n                            <\/a>\r\n                            \r\n                        <\/figure>\r\n                    <\/div>\r\n                    <div class = \"td-slide-item td-item4\">\r\n                        <figure class=\"td-slide-galery-figure td-slide-popup-gallery\">\r\n                            <a class=\"slide-gallery-image-link\" href=\"https:\/\/noticiasmercedinas.com\/site\/wp-content\/uploads\/2019\/01\/b648a791-6c48-4950-a2e6-40e5c75d0db1.jpg\" title=\"b648a791-6c48-4950-a2e6-40e5c75d0db1\"  data-caption=\"\"  data-description=\"\">\r\n                                <img decoding=\"async\" src=\"https:\/\/noticiasmercedinas.com\/site\/wp-content\/uploads\/2019\/01\/b648a791-6c48-4950-a2e6-40e5c75d0db1.jpg\" srcset=\"https:\/\/noticiasmercedinas.com\/site\/wp-content\/uploads\/2019\/01\/b648a791-6c48-4950-a2e6-40e5c75d0db1.jpg 1280w, https:\/\/noticiasmercedinas.com\/site\/wp-content\/uploads\/2019\/01\/b648a791-6c48-4950-a2e6-40e5c75d0db1-300x169.jpg 300w, https:\/\/noticiasmercedinas.com\/site\/wp-content\/uploads\/2019\/01\/b648a791-6c48-4950-a2e6-40e5c75d0db1-768x432.jpg 768w, https:\/\/noticiasmercedinas.com\/site\/wp-content\/uploads\/2019\/01\/b648a791-6c48-4950-a2e6-40e5c75d0db1-1024x576.jpg 1024w, https:\/\/noticiasmercedinas.com\/site\/wp-content\/uploads\/2019\/01\/b648a791-6c48-4950-a2e6-40e5c75d0db1-640x360.jpg 640w, https:\/\/noticiasmercedinas.com\/site\/wp-content\/uploads\/2019\/01\/b648a791-6c48-4950-a2e6-40e5c75d0db1-681x383.jpg 681w\" sizes=\"(max-width: 1280px) 100vw, 1280px\" alt=\"\">\r\n                            <\/a>\r\n                            \r\n                        <\/figure>\r\n                    <\/div>\r\n                            <\/div>\r\n                        <\/div>\r\n\r\n                        <div class = \"td-doubleSlider-2\">\r\n                            <div class = \"td-slider\">\r\n                                \r\n                    <div class = \"td-button td-item1\">\r\n                        <div class = \"td-border\"><\/div>\r\n                    <\/div>\r\n                    <div class = \"td-button td-item2\">\r\n                        <div class = \"td-border\"><\/div>\r\n                    <\/div>\r\n                    <div class = \"td-button td-item3\">\r\n                        <div class = \"td-border\"><\/div>\r\n                    <\/div>\r\n                    <div class = \"td-button td-item4\">\r\n                        <div class = \"td-border\"><\/div>\r\n                    <\/div>\r\n                            <\/div>\r\n                        <\/div>\r\n\r\n                    <\/div>\r\n\r\n                <\/div>\r\n                \n<p>Tras dos postergaciones por mal clima, el ciclo M\u00fasica en las Plazas arranc\u00f3 con todo en el barrio Santa Teresita.<\/p>\n<p>\u201cLa sociedad de fomento del Barrio Santa Teresita quiere agradecer la concurrencia y la participaci\u00f3n de los vecinos en este inicio de M\u00fasica en las Plazas que por segunda vez se realiza en nuestro barrio\u201d, destacaron desde el barrio Fabi\u00e1n Brandoni, Mat\u00edas Palmetieri, Karina, In\u00e9s, Carlos y otros integrantes de la Comisi\u00f3n.<\/p>\n<p>Durante la actividad se reconoci\u00f3 desde el municipio al artista Gonzalo Jes\u00fas, del mismo barrio, al grupo Scout autor junto con los ni\u00f1os de ProEba del mural de la Sede, al asador y su esposa, colaboradores incansables.<\/p>\n<p>En los shows estuvo Menta y Lim\u00f3n, ya que dos de sus integrantes son del Santa teresita: Alejo y Santiago. Fue una Fiesta. El concurso de Cumbia fue un \u00e9xito y hubo baile muy participativo.<\/p>\n<p>A la final por el barrio pasaron Fernando Moure y su nieta Romima.<\/p>\n<p>Quien se mostr\u00f3 muy contenta fue la concejala Celeste Burone, quien si bien est\u00e1 en la sociedad de fomento, vive y colabora en el barrio, lleva adelante ProEba y acompa\u00f1a los talleres culturales de folklore y tango. \u201cTenemos que dar las gracias a la Direcci\u00f3n de Cultura, a Prensa, Servicio El\u00e9ctrico, Salud, y personal del Corral\u00f3n\u201d, dijo Burone.<\/p>\n","protected":false},"excerpt":{"rendered":"<p>Tras dos postergaciones por mal clima, el ciclo M\u00fasica en las Plazas arranc\u00f3 con todo en el barrio Santa Teresita. \u201cLa sociedad de fomento del Barrio Santa Teresita quiere agradecer la concurrencia y la participaci\u00f3n de los vecinos en este inicio de M\u00fasica en las Plazas que por segunda vez se realiza en nuestro barrio\u201d, [&hellip;]<\/p>\n","protected":false},"author":2,"featured_media":11404,"comment_status":"open","ping_status":"open","sticky":false,"template":"","format":"standard","meta":{"footnotes":""},"categories":[4],"tags":[234,3420,3303,233],"class_list":["post-11402","post","type-post","status-publish","format-standard","has-post-thumbnail","hentry","category-cultura","tag-celeste-burone","tag-menta-y-limon","tag-musica-en-las-plazas","tag-santa-teresita"],"yoast_head":"<!-- This site is optimized with the Yoast SEO plugin v27.5 - https:\/\/yoast.com\/product\/yoast-seo-wordpress\/ -->\n<title>Verano en las Plazas: Santa Teresita fue una fiesta en la apertura<\/title>\n<meta name=\"robots\" content=\"index, follow, max-snippet:-1, max-image-preview:large, max-video-preview:-1\" \/>\n<link rel=\"canonical\" href=\"https:\/\/noticiasmercedinas.com\/site\/2019\/01\/28\/verano-en-las-plazas-santa-teresita-fue-una-fiesta-en-la-apertura\/\" \/>\n<meta property=\"og:locale\" content=\"es_ES\" \/>\n<meta property=\"og:type\" content=\"article\" \/>\n<meta property=\"og:title\" content=\"Verano en las Plazas: Santa Teresita fue una fiesta en la apertura\" \/>\n<meta property=\"og:description\" content=\"Tras dos postergaciones por mal clima, el ciclo M\u00fasica en las Plazas arranc\u00f3 con todo en el barrio Santa Teresita. \u201cLa sociedad de fomento del Barrio Santa Teresita quiere agradecer la concurrencia y la participaci\u00f3n de los vecinos en este inicio de M\u00fasica en las Plazas que por segunda vez se realiza en nuestro barrio\u201d, [&hellip;]\" \/>\n<meta property=\"og:url\" content=\"https:\/\/noticiasmercedinas.com\/site\/2019\/01\/28\/verano-en-las-plazas-santa-teresita-fue-una-fiesta-en-la-apertura\/\" \/>\n<meta property=\"og:site_name\" content=\"NOTICIASMERCEDINAS.COM\" \/>\n<meta property=\"article:publisher\" content=\"https:\/\/www.facebook.com\/noticiasmercedinas\/\" \/>\n<meta property=\"article:author\" content=\"https:\/\/www.facebook.com\/cristian.falabella\" \/>\n<meta property=\"article:published_time\" content=\"2019-01-28T13:30:02+00:00\" \/>\n<meta property=\"article:modified_time\" content=\"2019-01-29T21:33:50+00:00\" \/>\n<meta property=\"og:image\" content=\"https:\/\/noticiasmercedinas.com\/site\/wp-content\/uploads\/2019\/01\/9dcf7445-a178-4411-a9ed-ca08e93f910a.jpg\" \/>\n\t<meta property=\"og:image:width\" content=\"1280\" \/>\n\t<meta property=\"og:image:height\" content=\"720\" \/>\n\t<meta property=\"og:image:type\" content=\"image\/jpeg\" \/>\n<meta name=\"author\" content=\"Cristian Falabella NOTICIASMERCEDINAS.COM\" \/>\n<meta name=\"twitter:card\" content=\"summary_large_image\" \/>\n<meta name=\"twitter:creator\" content=\"@https:\/\/twitter.com\/NOTMERCEDINAS\" \/>\n<meta name=\"twitter:site\" content=\"@notmercedinas\" \/>\n<meta name=\"twitter:label1\" content=\"Escrito por\" \/>\n\t<meta name=\"twitter:data1\" content=\"Cristian Falabella NOTICIASMERCEDINAS.COM\" \/>\n\t<meta name=\"twitter:label2\" content=\"Tiempo de lectura\" \/>\n\t<meta name=\"twitter:data2\" content=\"1 minuto\" \/>\n<script type=\"application\/ld+json\" class=\"yoast-schema-graph\">{\"@context\":\"https:\\\/\\\/schema.org\",\"@graph\":[{\"@type\":\"Article\",\"@id\":\"https:\\\/\\\/noticiasmercedinas.com\\\/site\\\/2019\\\/01\\\/28\\\/verano-en-las-plazas-santa-teresita-fue-una-fiesta-en-la-apertura\\\/#article\",\"isPartOf\":{\"@id\":\"https:\\\/\\\/noticiasmercedinas.com\\\/site\\\/2019\\\/01\\\/28\\\/verano-en-las-plazas-santa-teresita-fue-una-fiesta-en-la-apertura\\\/\"},\"author\":{\"name\":\"Cristian Falabella NOTICIASMERCEDINAS.COM\",\"@id\":\"https:\\\/\\\/noticiasmercedinas.com\\\/site\\\/#\\\/schema\\\/person\\\/d481a9696a5feaec13a60e2bbd991a6a\"},\"headline\":\"Verano en las Plazas: Santa Teresita fue una fiesta en la apertura\",\"datePublished\":\"2019-01-28T13:30:02+00:00\",\"dateModified\":\"2019-01-29T21:33:50+00:00\",\"mainEntityOfPage\":{\"@id\":\"https:\\\/\\\/noticiasmercedinas.com\\\/site\\\/2019\\\/01\\\/28\\\/verano-en-las-plazas-santa-teresita-fue-una-fiesta-en-la-apertura\\\/\"},\"wordCount\":250,\"commentCount\":0,\"publisher\":{\"@id\":\"https:\\\/\\\/noticiasmercedinas.com\\\/site\\\/#organization\"},\"image\":{\"@id\":\"https:\\\/\\\/noticiasmercedinas.com\\\/site\\\/2019\\\/01\\\/28\\\/verano-en-las-plazas-santa-teresita-fue-una-fiesta-en-la-apertura\\\/#primaryimage\"},\"thumbnailUrl\":\"https:\\\/\\\/noticiasmercedinas.com\\\/site\\\/wp-content\\\/uploads\\\/2019\\\/01\\\/9dcf7445-a178-4411-a9ed-ca08e93f910a.jpg\",\"keywords\":[\"celeste burone\",\"menta y limon\",\"musica en las plazas\",\"santa teresita\"],\"articleSection\":[\"Cultura\"],\"inLanguage\":\"es\",\"potentialAction\":[{\"@type\":\"CommentAction\",\"name\":\"Comment\",\"target\":[\"https:\\\/\\\/noticiasmercedinas.com\\\/site\\\/2019\\\/01\\\/28\\\/verano-en-las-plazas-santa-teresita-fue-una-fiesta-en-la-apertura\\\/#respond\"]}]},{\"@type\":\"WebPage\",\"@id\":\"https:\\\/\\\/noticiasmercedinas.com\\\/site\\\/2019\\\/01\\\/28\\\/verano-en-las-plazas-santa-teresita-fue-una-fiesta-en-la-apertura\\\/\",\"url\":\"https:\\\/\\\/noticiasmercedinas.com\\\/site\\\/2019\\\/01\\\/28\\\/verano-en-las-plazas-santa-teresita-fue-una-fiesta-en-la-apertura\\\/\",\"name\":\"Verano en las Plazas: Santa Teresita fue una fiesta en la apertura\",\"isPartOf\":{\"@id\":\"https:\\\/\\\/noticiasmercedinas.com\\\/site\\\/#website\"},\"primaryImageOfPage\":{\"@id\":\"https:\\\/\\\/noticiasmercedinas.com\\\/site\\\/2019\\\/01\\\/28\\\/verano-en-las-plazas-santa-teresita-fue-una-fiesta-en-la-apertura\\\/#primaryimage\"},\"image\":{\"@id\":\"https:\\\/\\\/noticiasmercedinas.com\\\/site\\\/2019\\\/01\\\/28\\\/verano-en-las-plazas-santa-teresita-fue-una-fiesta-en-la-apertura\\\/#primaryimage\"},\"thumbnailUrl\":\"https:\\\/\\\/noticiasmercedinas.com\\\/site\\\/wp-content\\\/uploads\\\/2019\\\/01\\\/9dcf7445-a178-4411-a9ed-ca08e93f910a.jpg\",\"datePublished\":\"2019-01-28T13:30:02+00:00\",\"dateModified\":\"2019-01-29T21:33:50+00:00\",\"breadcrumb\":{\"@id\":\"https:\\\/\\\/noticiasmercedinas.com\\\/site\\\/2019\\\/01\\\/28\\\/verano-en-las-plazas-santa-teresita-fue-una-fiesta-en-la-apertura\\\/#breadcrumb\"},\"inLanguage\":\"es\",\"potentialAction\":[{\"@type\":\"ReadAction\",\"target\":[\"https:\\\/\\\/noticiasmercedinas.com\\\/site\\\/2019\\\/01\\\/28\\\/verano-en-las-plazas-santa-teresita-fue-una-fiesta-en-la-apertura\\\/\"]}]},{\"@type\":\"ImageObject\",\"inLanguage\":\"es\",\"@id\":\"https:\\\/\\\/noticiasmercedinas.com\\\/site\\\/2019\\\/01\\\/28\\\/verano-en-las-plazas-santa-teresita-fue-una-fiesta-en-la-apertura\\\/#primaryimage\",\"url\":\"https:\\\/\\\/noticiasmercedinas.com\\\/site\\\/wp-content\\\/uploads\\\/2019\\\/01\\\/9dcf7445-a178-4411-a9ed-ca08e93f910a.jpg\",\"contentUrl\":\"https:\\\/\\\/noticiasmercedinas.com\\\/site\\\/wp-content\\\/uploads\\\/2019\\\/01\\\/9dcf7445-a178-4411-a9ed-ca08e93f910a.jpg\",\"width\":1280,\"height\":720},{\"@type\":\"BreadcrumbList\",\"@id\":\"https:\\\/\\\/noticiasmercedinas.com\\\/site\\\/2019\\\/01\\\/28\\\/verano-en-las-plazas-santa-teresita-fue-una-fiesta-en-la-apertura\\\/#breadcrumb\",\"itemListElement\":[{\"@type\":\"ListItem\",\"position\":1,\"name\":\"Portada\",\"item\":\"https:\\\/\\\/noticiasmercedinas.com\\\/site\\\/\"},{\"@type\":\"ListItem\",\"position\":2,\"name\":\"Verano en las Plazas: Santa Teresita fue una fiesta en la apertura\"}]},{\"@type\":\"WebSite\",\"@id\":\"https:\\\/\\\/noticiasmercedinas.com\\\/site\\\/#website\",\"url\":\"https:\\\/\\\/noticiasmercedinas.com\\\/site\\\/\",\"name\":\"NOTICIASMERCEDINAS.COM\",\"description\":\"Mercedes, Buenos Aires, Argentina\",\"publisher\":{\"@id\":\"https:\\\/\\\/noticiasmercedinas.com\\\/site\\\/#organization\"},\"potentialAction\":[{\"@type\":\"SearchAction\",\"target\":{\"@type\":\"EntryPoint\",\"urlTemplate\":\"https:\\\/\\\/noticiasmercedinas.com\\\/site\\\/?s={search_term_string}\"},\"query-input\":{\"@type\":\"PropertyValueSpecification\",\"valueRequired\":true,\"valueName\":\"search_term_string\"}}],\"inLanguage\":\"es\"},{\"@type\":\"Organization\",\"@id\":\"https:\\\/\\\/noticiasmercedinas.com\\\/site\\\/#organization\",\"name\":\"NOTICIASMERCEDINAS.COM\",\"url\":\"https:\\\/\\\/noticiasmercedinas.com\\\/site\\\/\",\"logo\":{\"@type\":\"ImageObject\",\"inLanguage\":\"es\",\"@id\":\"https:\\\/\\\/noticiasmercedinas.com\\\/site\\\/#\\\/schema\\\/logo\\\/image\\\/\",\"url\":\"https:\\\/\\\/noticiasmercedinas.com\\\/site\\\/wp-content\\\/uploads\\\/2020\\\/06\\\/LOGO-512.jpg\",\"contentUrl\":\"https:\\\/\\\/noticiasmercedinas.com\\\/site\\\/wp-content\\\/uploads\\\/2020\\\/06\\\/LOGO-512.jpg\",\"width\":512,\"height\":512,\"caption\":\"NOTICIASMERCEDINAS.COM\"},\"image\":{\"@id\":\"https:\\\/\\\/noticiasmercedinas.com\\\/site\\\/#\\\/schema\\\/logo\\\/image\\\/\"},\"sameAs\":[\"https:\\\/\\\/www.facebook.com\\\/noticiasmercedinas\\\/\",\"https:\\\/\\\/x.com\\\/notmercedinas\",\"https:\\\/\\\/www.instagram.com\\\/noticiasmercedinas\\\/\"]},{\"@type\":\"Person\",\"@id\":\"https:\\\/\\\/noticiasmercedinas.com\\\/site\\\/#\\\/schema\\\/person\\\/d481a9696a5feaec13a60e2bbd991a6a\",\"name\":\"Cristian Falabella NOTICIASMERCEDINAS.COM\",\"image\":{\"@type\":\"ImageObject\",\"inLanguage\":\"es\",\"@id\":\"https:\\\/\\\/secure.gravatar.com\\\/avatar\\\/0dbbfc45970cc46bcd0e57766228574ff3511d6eed045b182f536f0f478c1f06?s=96&d=mm&r=g\",\"url\":\"https:\\\/\\\/secure.gravatar.com\\\/avatar\\\/0dbbfc45970cc46bcd0e57766228574ff3511d6eed045b182f536f0f478c1f06?s=96&d=mm&r=g\",\"contentUrl\":\"https:\\\/\\\/secure.gravatar.com\\\/avatar\\\/0dbbfc45970cc46bcd0e57766228574ff3511d6eed045b182f536f0f478c1f06?s=96&d=mm&r=g\",\"caption\":\"Cristian Falabella NOTICIASMERCEDINAS.COM\"},\"description\":\"Periodista, editor de Noticias Mercedinas. Pas\u00f3 por varias redacciones y emprendimientos de prensa, en distintos formatos y \u00e9pocas. Se especializ\u00f3 --y sigue haci\u00e9ndolo-- en comunicaci\u00f3n en la web y en junio de 2006 fund\u00f3 este diario digital.\",\"sameAs\":[\"https:\\\/\\\/noticiasmercedinas.com\",\"https:\\\/\\\/www.facebook.com\\\/cristian.falabella\",\"https:\\\/\\\/www.instagram.com\\\/noticiasmercedinas\\\/\",\"https:\\\/\\\/x.com\\\/https:\\\/\\\/twitter.com\\\/NOTMERCEDINAS\"],\"url\":\"https:\\\/\\\/noticiasmercedinas.com\\\/site\\\/author\\\/as000384\\\/\"}]}<\/script>\n<!-- \/ Yoast SEO plugin. -->","yoast_head_json":{"title":"Verano en las Plazas: Santa Teresita fue una fiesta en la apertura","robots":{"index":"index","follow":"follow","max-snippet":"max-snippet:-1","max-image-preview":"max-image-preview:large","max-video-preview":"max-video-preview:-1"},"canonical":"https:\/\/noticiasmercedinas.com\/site\/2019\/01\/28\/verano-en-las-plazas-santa-teresita-fue-una-fiesta-en-la-apertura\/","og_locale":"es_ES","og_type":"article","og_title":"Verano en las Plazas: Santa Teresita fue una fiesta en la apertura","og_description":"Tras dos postergaciones por mal clima, el ciclo M\u00fasica en las Plazas arranc\u00f3 con todo en el barrio Santa Teresita. \u201cLa sociedad de fomento del Barrio Santa Teresita quiere agradecer la concurrencia y la participaci\u00f3n de los vecinos en este inicio de M\u00fasica en las Plazas que por segunda vez se realiza en nuestro barrio\u201d, [&hellip;]","og_url":"https:\/\/noticiasmercedinas.com\/site\/2019\/01\/28\/verano-en-las-plazas-santa-teresita-fue-una-fiesta-en-la-apertura\/","og_site_name":"NOTICIASMERCEDINAS.COM","article_publisher":"https:\/\/www.facebook.com\/noticiasmercedinas\/","article_author":"https:\/\/www.facebook.com\/cristian.falabella","article_published_time":"2019-01-28T13:30:02+00:00","article_modified_time":"2019-01-29T21:33:50+00:00","og_image":[{"width":1280,"height":720,"url":"https:\/\/noticiasmercedinas.com\/site\/wp-content\/uploads\/2019\/01\/9dcf7445-a178-4411-a9ed-ca08e93f910a.jpg","type":"image\/jpeg"}],"author":"Cristian Falabella NOTICIASMERCEDINAS.COM","twitter_card":"summary_large_image","twitter_creator":"@https:\/\/twitter.com\/NOTMERCEDINAS","twitter_site":"@notmercedinas","twitter_misc":{"Escrito por":"Cristian Falabella NOTICIASMERCEDINAS.COM","Tiempo de lectura":"1 minuto"},"schema":{"@context":"https:\/\/schema.org","@graph":[{"@type":"Article","@id":"https:\/\/noticiasmercedinas.com\/site\/2019\/01\/28\/verano-en-las-plazas-santa-teresita-fue-una-fiesta-en-la-apertura\/#article","isPartOf":{"@id":"https:\/\/noticiasmercedinas.com\/site\/2019\/01\/28\/verano-en-las-plazas-santa-teresita-fue-una-fiesta-en-la-apertura\/"},"author":{"name":"Cristian Falabella NOTICIASMERCEDINAS.COM","@id":"https:\/\/noticiasmercedinas.com\/site\/#\/schema\/person\/d481a9696a5feaec13a60e2bbd991a6a"},"headline":"Verano en las Plazas: Santa Teresita fue una fiesta en la apertura","datePublished":"2019-01-28T13:30:02+00:00","dateModified":"2019-01-29T21:33:50+00:00","mainEntityOfPage":{"@id":"https:\/\/noticiasmercedinas.com\/site\/2019\/01\/28\/verano-en-las-plazas-santa-teresita-fue-una-fiesta-en-la-apertura\/"},"wordCount":250,"commentCount":0,"publisher":{"@id":"https:\/\/noticiasmercedinas.com\/site\/#organization"},"image":{"@id":"https:\/\/noticiasmercedinas.com\/site\/2019\/01\/28\/verano-en-las-plazas-santa-teresita-fue-una-fiesta-en-la-apertura\/#primaryimage"},"thumbnailUrl":"https:\/\/noticiasmercedinas.com\/site\/wp-content\/uploads\/2019\/01\/9dcf7445-a178-4411-a9ed-ca08e93f910a.jpg","keywords":["celeste burone","menta y limon","musica en las plazas","santa teresita"],"articleSection":["Cultura"],"inLanguage":"es","potentialAction":[{"@type":"CommentAction","name":"Comment","target":["https:\/\/noticiasmercedinas.com\/site\/2019\/01\/28\/verano-en-las-plazas-santa-teresita-fue-una-fiesta-en-la-apertura\/#respond"]}]},{"@type":"WebPage","@id":"https:\/\/noticiasmercedinas.com\/site\/2019\/01\/28\/verano-en-las-plazas-santa-teresita-fue-una-fiesta-en-la-apertura\/","url":"https:\/\/noticiasmercedinas.com\/site\/2019\/01\/28\/verano-en-las-plazas-santa-teresita-fue-una-fiesta-en-la-apertura\/","name":"Verano en las Plazas: Santa Teresita fue una fiesta en la apertura","isPartOf":{"@id":"https:\/\/noticiasmercedinas.com\/site\/#website"},"primaryImageOfPage":{"@id":"https:\/\/noticiasmercedinas.com\/site\/2019\/01\/28\/verano-en-las-plazas-santa-teresita-fue-una-fiesta-en-la-apertura\/#primaryimage"},"image":{"@id":"https:\/\/noticiasmercedinas.com\/site\/2019\/01\/28\/verano-en-las-plazas-santa-teresita-fue-una-fiesta-en-la-apertura\/#primaryimage"},"thumbnailUrl":"https:\/\/noticiasmercedinas.com\/site\/wp-content\/uploads\/2019\/01\/9dcf7445-a178-4411-a9ed-ca08e93f910a.jpg","datePublished":"2019-01-28T13:30:02+00:00","dateModified":"2019-01-29T21:33:50+00:00","breadcrumb":{"@id":"https:\/\/noticiasmercedinas.com\/site\/2019\/01\/28\/verano-en-las-plazas-santa-teresita-fue-una-fiesta-en-la-apertura\/#breadcrumb"},"inLanguage":"es","potentialAction":[{"@type":"ReadAction","target":["https:\/\/noticiasmercedinas.com\/site\/2019\/01\/28\/verano-en-las-plazas-santa-teresita-fue-una-fiesta-en-la-apertura\/"]}]},{"@type":"ImageObject","inLanguage":"es","@id":"https:\/\/noticiasmercedinas.com\/site\/2019\/01\/28\/verano-en-las-plazas-santa-teresita-fue-una-fiesta-en-la-apertura\/#primaryimage","url":"https:\/\/noticiasmercedinas.com\/site\/wp-content\/uploads\/2019\/01\/9dcf7445-a178-4411-a9ed-ca08e93f910a.jpg","contentUrl":"https:\/\/noticiasmercedinas.com\/site\/wp-content\/uploads\/2019\/01\/9dcf7445-a178-4411-a9ed-ca08e93f910a.jpg","width":1280,"height":720},{"@type":"BreadcrumbList","@id":"https:\/\/noticiasmercedinas.com\/site\/2019\/01\/28\/verano-en-las-plazas-santa-teresita-fue-una-fiesta-en-la-apertura\/#breadcrumb","itemListElement":[{"@type":"ListItem","position":1,"name":"Portada","item":"https:\/\/noticiasmercedinas.com\/site\/"},{"@type":"ListItem","position":2,"name":"Verano en las Plazas: Santa Teresita fue una fiesta en la apertura"}]},{"@type":"WebSite","@id":"https:\/\/noticiasmercedinas.com\/site\/#website","url":"https:\/\/noticiasmercedinas.com\/site\/","name":"NOTICIASMERCEDINAS.COM","description":"Mercedes, Buenos Aires, Argentina","publisher":{"@id":"https:\/\/noticiasmercedinas.com\/site\/#organization"},"potentialAction":[{"@type":"SearchAction","target":{"@type":"EntryPoint","urlTemplate":"https:\/\/noticiasmercedinas.com\/site\/?s={search_term_string}"},"query-input":{"@type":"PropertyValueSpecification","valueRequired":true,"valueName":"search_term_string"}}],"inLanguage":"es"},{"@type":"Organization","@id":"https:\/\/noticiasmercedinas.com\/site\/#organization","name":"NOTICIASMERCEDINAS.COM","url":"https:\/\/noticiasmercedinas.com\/site\/","logo":{"@type":"ImageObject","inLanguage":"es","@id":"https:\/\/noticiasmercedinas.com\/site\/#\/schema\/logo\/image\/","url":"https:\/\/noticiasmercedinas.com\/site\/wp-content\/uploads\/2020\/06\/LOGO-512.jpg","contentUrl":"https:\/\/noticiasmercedinas.com\/site\/wp-content\/uploads\/2020\/06\/LOGO-512.jpg","width":512,"height":512,"caption":"NOTICIASMERCEDINAS.COM"},"image":{"@id":"https:\/\/noticiasmercedinas.com\/site\/#\/schema\/logo\/image\/"},"sameAs":["https:\/\/www.facebook.com\/noticiasmercedinas\/","https:\/\/x.com\/notmercedinas","https:\/\/www.instagram.com\/noticiasmercedinas\/"]},{"@type":"Person","@id":"https:\/\/noticiasmercedinas.com\/site\/#\/schema\/person\/d481a9696a5feaec13a60e2bbd991a6a","name":"Cristian Falabella NOTICIASMERCEDINAS.COM","image":{"@type":"ImageObject","inLanguage":"es","@id":"https:\/\/secure.gravatar.com\/avatar\/0dbbfc45970cc46bcd0e57766228574ff3511d6eed045b182f536f0f478c1f06?s=96&d=mm&r=g","url":"https:\/\/secure.gravatar.com\/avatar\/0dbbfc45970cc46bcd0e57766228574ff3511d6eed045b182f536f0f478c1f06?s=96&d=mm&r=g","contentUrl":"https:\/\/secure.gravatar.com\/avatar\/0dbbfc45970cc46bcd0e57766228574ff3511d6eed045b182f536f0f478c1f06?s=96&d=mm&r=g","caption":"Cristian Falabella NOTICIASMERCEDINAS.COM"},"description":"Periodista, editor de Noticias Mercedinas. Pas\u00f3 por varias redacciones y emprendimientos de prensa, en distintos formatos y \u00e9pocas. Se especializ\u00f3 --y sigue haci\u00e9ndolo-- en comunicaci\u00f3n en la web y en junio de 2006 fund\u00f3 este diario digital.","sameAs":["https:\/\/noticiasmercedinas.com","https:\/\/www.facebook.com\/cristian.falabella","https:\/\/www.instagram.com\/noticiasmercedinas\/","https:\/\/x.com\/https:\/\/twitter.com\/NOTMERCEDINAS"],"url":"https:\/\/noticiasmercedinas.com\/site\/author\/as000384\/"}]}},"amp_enabled":true,"_links":{"self":[{"href":"https:\/\/noticiasmercedinas.com\/site\/wp-json\/wp\/v2\/posts\/11402","targetHints":{"allow":["GET"]}}],"collection":[{"href":"https:\/\/noticiasmercedinas.com\/site\/wp-json\/wp\/v2\/posts"}],"about":[{"href":"https:\/\/noticiasmercedinas.com\/site\/wp-json\/wp\/v2\/types\/post"}],"author":[{"embeddable":true,"href":"https:\/\/noticiasmercedinas.com\/site\/wp-json\/wp\/v2\/users\/2"}],"replies":[{"embeddable":true,"href":"https:\/\/noticiasmercedinas.com\/site\/wp-json\/wp\/v2\/comments?post=11402"}],"version-history":[{"count":2,"href":"https:\/\/noticiasmercedinas.com\/site\/wp-json\/wp\/v2\/posts\/11402\/revisions"}],"predecessor-version":[{"id":11409,"href":"https:\/\/noticiasmercedinas.com\/site\/wp-json\/wp\/v2\/posts\/11402\/revisions\/11409"}],"wp:featuredmedia":[{"embeddable":true,"href":"https:\/\/noticiasmercedinas.com\/site\/wp-json\/wp\/v2\/media\/11404"}],"wp:attachment":[{"href":"https:\/\/noticiasmercedinas.com\/site\/wp-json\/wp\/v2\/media?parent=11402"}],"wp:term":[{"taxonomy":"category","embeddable":true,"href":"https:\/\/noticiasmercedinas.com\/site\/wp-json\/wp\/v2\/categories?post=11402"},{"taxonomy":"post_tag","embeddable":true,"href":"https:\/\/noticiasmercedinas.com\/site\/wp-json\/wp\/v2\/tags?post=11402"}],"curies":[{"name":"wp","href":"https:\/\/api.w.org\/{rel}","templated":true}]}}