{"id":114056,"date":"2023-05-03T17:25:42","date_gmt":"2023-05-03T20:25:42","guid":{"rendered":"https:\/\/noticiasmercedinas.com\/site\/?p=114056"},"modified":"2023-05-03T17:25:42","modified_gmt":"2023-05-03T20:25:42","slug":"queremos-que-la-educacion-verdaderamente-este-como-prioridad","status":"publish","type":"post","link":"https:\/\/noticiasmercedinas.com\/site\/2023\/05\/03\/queremos-que-la-educacion-verdaderamente-este-como-prioridad\/","title":{"rendered":"\u201cQueremos que la educaci\u00f3n verdaderamente est\u00e9 como prioridad\u201d"},"content":{"rendered":"<p><img loading=\"lazy\" decoding=\"async\" class=\"alignnone size-full wp-image-114057\" src=\"https:\/\/noticiasmercedinas.com\/site\/wp-content\/uploads\/2023\/05\/ferra00.jpg\" alt=\"\" width=\"640\" height=\"458\" srcset=\"https:\/\/noticiasmercedinas.com\/site\/wp-content\/uploads\/2023\/05\/ferra00.jpg 640w, https:\/\/noticiasmercedinas.com\/site\/wp-content\/uploads\/2023\/05\/ferra00-300x215.jpg 300w\" sizes=\"auto, (max-width: 640px) 100vw, 640px\" \/><\/p>\n<p>Consejeros de Juntos de toda la Provincia de Buenos Aires se reunieron con el director de Consejos Escolares para compartir inquietudes y buscar soluciones a problemas que se presentan en las escuelas bonaerenses. De nuestra ciudad participaron los consejeros <strong>Silvia Moreno<\/strong> y <strong>Agust\u00edn Ferrarotti.<\/strong><\/p>\n<p>El encuentro congreg\u00f3 en la ciudad de La Plata a m\u00e1s de 40 consejeros de diversos lugares de la provincia. Las problem\u00e1ticas son diversas y particulares de cada distrito.\u00a0 Seg\u00fan se indic\u00f3, uno de los mayores problemas se encuentra en los precios. Ello repercute en muchos aspectos de la labor diaria.<\/p>\n<p>\u201cLos valores de los alimentos y cubrir una buena alimentaci\u00f3n para nuestros estudiantes cada d\u00eda es m\u00e1s complicado. Los valores en los \u00faltimos meses no se han modificado y tristemente tenemos que estar coordinando qu\u00e9 llega a los comedores escolares\u201d, sostuvo Ferrarotti al respecto y se\u00f1al\u00f3 que los \u201cvalores pocos estables dificultan las licitaciones\u201d: \u201cMuchas est\u00e1n largamente desiertas y ello acarrea la falta de obras y recursos que llegan a las escuelas. Hay que cuidar cada peso y estar atentos a proveedores y necesidades de los comedores. Cuidar las cantidades y calidades es nuestro objetivo\u201d, comparti\u00f3 Ferrarrotti.<\/p>\n<blockquote><p>\u00abLa secundaria 13 hace a\u00f1os se est\u00e1 por construir. En el 2020 estuvo el Ministro Trotta en la puerta del colegio augurando su inicio. Hoy, en mayo de 2023, seguimos sin ver un solo ladrillo en movimiento\u00bb<\/p><\/blockquote>\n<p>El consejero del Pro, que es parte de la comisi\u00f3n de Infraestructura, manifest\u00f3 la dificultad en las licitaciones. \u00abEs el caso por ejemplo de la secundaria 13, que hace a\u00f1os se est\u00e1 por construir. En el 2020 estuvo en ese momento el Ministro Trotta en la puerta del colegio augurando su inicio. Hoy, en mayo de 2023 seguimos sin ver un solo ladrillo en movimiento\u00bb, dijo.<\/p>\n<p>\u201cSeguiremos acompa\u00f1ando la educaci\u00f3n de Mercedes. Comprometiendo intendente con recursos del Fondo Educativo, porque los recursos que env\u00eda la provincia no alcanzan\u201d, indic\u00f3.<\/p>\n<p>\u201cEn este 2023 queremos que la educaci\u00f3n verdaderamente est\u00e9 como prioridad. Ojal\u00e1 llegue el momento por ejemplo de la primaria y Jard\u00edn de Goldney, postergada hace a\u00f1os, y hay planificaciones para secundarias muy necesarias en nuestra ciudad\u201d, complet\u00f3.<\/p>\n<p><img loading=\"lazy\" decoding=\"async\" class=\"alignnone size-full wp-image-114058\" src=\"https:\/\/noticiasmercedinas.com\/site\/wp-content\/uploads\/2023\/05\/ferra01.jpg\" alt=\"\" width=\"640\" height=\"429\" srcset=\"https:\/\/noticiasmercedinas.com\/site\/wp-content\/uploads\/2023\/05\/ferra01.jpg 640w, https:\/\/noticiasmercedinas.com\/site\/wp-content\/uploads\/2023\/05\/ferra01-300x201.jpg 300w, https:\/\/noticiasmercedinas.com\/site\/wp-content\/uploads\/2023\/05\/ferra01-537x360.jpg 537w\" sizes=\"auto, (max-width: 640px) 100vw, 640px\" \/><\/p>\n","protected":false},"excerpt":{"rendered":"<p>\u25a0 El consejero de Juntos, Agust\u00edn Ferrarotti, fue parte de una reuni\u00f3n con el director de Consejos Escolares. \u201cCubrir una buena alimentaci\u00f3n cada d\u00eda es m\u00e1s complicado\u201d, se\u00f1al\u00f3<\/p>\n","protected":false},"author":16,"featured_media":114057,"comment_status":"closed","ping_status":"closed","sticky":false,"template":"","format":"standard","meta":{"footnotes":""},"categories":[15755,16],"tags":[13302,267,12447,817,13301],"class_list":["post-114056","post","type-post","status-publish","format-standard","has-post-thumbnail","hentry","category-educacion","category-politica","tag-agustin-ferrarotti","tag-consejo-escolar","tag-juntos","tag-pro","tag-silvia-moreno"],"yoast_head":"<!-- This site is optimized with the Yoast SEO plugin v27.5 - https:\/\/yoast.com\/product\/yoast-seo-wordpress\/ -->\n<title>\u201cQueremos que la educaci\u00f3n verdaderamente est\u00e9 como prioridad\u201d<\/title>\n<meta name=\"robots\" content=\"index, follow, max-snippet:-1, max-image-preview:large, max-video-preview:-1\" \/>\n<link rel=\"canonical\" href=\"https:\/\/noticiasmercedinas.com\/site\/2023\/05\/03\/queremos-que-la-educacion-verdaderamente-este-como-prioridad\/\" \/>\n<meta property=\"og:locale\" content=\"es_ES\" \/>\n<meta property=\"og:type\" content=\"article\" \/>\n<meta property=\"og:title\" content=\"\u201cQueremos que la educaci\u00f3n verdaderamente est\u00e9 como prioridad\u201d\" \/>\n<meta property=\"og:description\" content=\"\u25a0 El consejero de Juntos, Agust\u00edn Ferrarotti, fue parte de una reuni\u00f3n con el director de Consejos Escolares. \u201cCubrir una buena alimentaci\u00f3n cada d\u00eda es m\u00e1s complicado\u201d, se\u00f1al\u00f3\" \/>\n<meta property=\"og:url\" content=\"https:\/\/noticiasmercedinas.com\/site\/2023\/05\/03\/queremos-que-la-educacion-verdaderamente-este-como-prioridad\/\" \/>\n<meta property=\"og:site_name\" content=\"NOTICIASMERCEDINAS.COM\" \/>\n<meta property=\"article:publisher\" content=\"https:\/\/www.facebook.com\/noticiasmercedinas\/\" \/>\n<meta property=\"article:published_time\" content=\"2023-05-03T20:25:42+00:00\" \/>\n<meta property=\"og:image\" content=\"https:\/\/noticiasmercedinas.com\/site\/wp-content\/uploads\/2023\/05\/ferra00.jpg\" \/>\n\t<meta property=\"og:image:width\" content=\"640\" \/>\n\t<meta property=\"og:image:height\" content=\"458\" \/>\n\t<meta property=\"og:image:type\" content=\"image\/jpeg\" \/>\n<meta name=\"author\" content=\"NOTICIASMERCEDINAS.COM\" \/>\n<meta name=\"twitter:card\" content=\"summary_large_image\" \/>\n<meta name=\"twitter:creator\" content=\"@notmercedinas\" \/>\n<meta name=\"twitter:site\" content=\"@notmercedinas\" \/>\n<meta name=\"twitter:label1\" content=\"Escrito por\" \/>\n\t<meta name=\"twitter:data1\" content=\"NOTICIASMERCEDINAS.COM\" \/>\n\t<meta name=\"twitter:label2\" content=\"Tiempo de lectura\" \/>\n\t<meta name=\"twitter:data2\" content=\"3 minutos\" \/>\n<script type=\"application\/ld+json\" class=\"yoast-schema-graph\">{\"@context\":\"https:\\\/\\\/schema.org\",\"@graph\":[{\"@type\":\"Article\",\"@id\":\"https:\\\/\\\/noticiasmercedinas.com\\\/site\\\/2023\\\/05\\\/03\\\/queremos-que-la-educacion-verdaderamente-este-como-prioridad\\\/#article\",\"isPartOf\":{\"@id\":\"https:\\\/\\\/noticiasmercedinas.com\\\/site\\\/2023\\\/05\\\/03\\\/queremos-que-la-educacion-verdaderamente-este-como-prioridad\\\/\"},\"author\":{\"name\":\"NOTICIASMERCEDINAS.COM\",\"@id\":\"https:\\\/\\\/noticiasmercedinas.com\\\/site\\\/#\\\/schema\\\/person\\\/84b59c099c28ff2e8b77d4ceec5d8063\"},\"headline\":\"\u201cQueremos que la educaci\u00f3n verdaderamente est\u00e9 como prioridad\u201d\",\"datePublished\":\"2023-05-03T20:25:42+00:00\",\"mainEntityOfPage\":{\"@id\":\"https:\\\/\\\/noticiasmercedinas.com\\\/site\\\/2023\\\/05\\\/03\\\/queremos-que-la-educacion-verdaderamente-este-como-prioridad\\\/\"},\"wordCount\":375,\"publisher\":{\"@id\":\"https:\\\/\\\/noticiasmercedinas.com\\\/site\\\/#organization\"},\"image\":{\"@id\":\"https:\\\/\\\/noticiasmercedinas.com\\\/site\\\/2023\\\/05\\\/03\\\/queremos-que-la-educacion-verdaderamente-este-como-prioridad\\\/#primaryimage\"},\"thumbnailUrl\":\"https:\\\/\\\/noticiasmercedinas.com\\\/site\\\/wp-content\\\/uploads\\\/2023\\\/05\\\/ferra00.jpg\",\"keywords\":[\"Agust\u00edn Ferrarotti\",\"consejo escolar\",\"Juntos\",\"Pro\",\"Silvia Moreno\"],\"articleSection\":[\"Educacion\",\"Politica\"],\"inLanguage\":\"es\"},{\"@type\":\"WebPage\",\"@id\":\"https:\\\/\\\/noticiasmercedinas.com\\\/site\\\/2023\\\/05\\\/03\\\/queremos-que-la-educacion-verdaderamente-este-como-prioridad\\\/\",\"url\":\"https:\\\/\\\/noticiasmercedinas.com\\\/site\\\/2023\\\/05\\\/03\\\/queremos-que-la-educacion-verdaderamente-este-como-prioridad\\\/\",\"name\":\"\u201cQueremos que la educaci\u00f3n verdaderamente est\u00e9 como prioridad\u201d\",\"isPartOf\":{\"@id\":\"https:\\\/\\\/noticiasmercedinas.com\\\/site\\\/#website\"},\"primaryImageOfPage\":{\"@id\":\"https:\\\/\\\/noticiasmercedinas.com\\\/site\\\/2023\\\/05\\\/03\\\/queremos-que-la-educacion-verdaderamente-este-como-prioridad\\\/#primaryimage\"},\"image\":{\"@id\":\"https:\\\/\\\/noticiasmercedinas.com\\\/site\\\/2023\\\/05\\\/03\\\/queremos-que-la-educacion-verdaderamente-este-como-prioridad\\\/#primaryimage\"},\"thumbnailUrl\":\"https:\\\/\\\/noticiasmercedinas.com\\\/site\\\/wp-content\\\/uploads\\\/2023\\\/05\\\/ferra00.jpg\",\"datePublished\":\"2023-05-03T20:25:42+00:00\",\"breadcrumb\":{\"@id\":\"https:\\\/\\\/noticiasmercedinas.com\\\/site\\\/2023\\\/05\\\/03\\\/queremos-que-la-educacion-verdaderamente-este-como-prioridad\\\/#breadcrumb\"},\"inLanguage\":\"es\",\"potentialAction\":[{\"@type\":\"ReadAction\",\"target\":[\"https:\\\/\\\/noticiasmercedinas.com\\\/site\\\/2023\\\/05\\\/03\\\/queremos-que-la-educacion-verdaderamente-este-como-prioridad\\\/\"]}]},{\"@type\":\"ImageObject\",\"inLanguage\":\"es\",\"@id\":\"https:\\\/\\\/noticiasmercedinas.com\\\/site\\\/2023\\\/05\\\/03\\\/queremos-que-la-educacion-verdaderamente-este-como-prioridad\\\/#primaryimage\",\"url\":\"https:\\\/\\\/noticiasmercedinas.com\\\/site\\\/wp-content\\\/uploads\\\/2023\\\/05\\\/ferra00.jpg\",\"contentUrl\":\"https:\\\/\\\/noticiasmercedinas.com\\\/site\\\/wp-content\\\/uploads\\\/2023\\\/05\\\/ferra00.jpg\",\"width\":640,\"height\":458},{\"@type\":\"BreadcrumbList\",\"@id\":\"https:\\\/\\\/noticiasmercedinas.com\\\/site\\\/2023\\\/05\\\/03\\\/queremos-que-la-educacion-verdaderamente-este-como-prioridad\\\/#breadcrumb\",\"itemListElement\":[{\"@type\":\"ListItem\",\"position\":1,\"name\":\"Portada\",\"item\":\"https:\\\/\\\/noticiasmercedinas.com\\\/site\\\/\"},{\"@type\":\"ListItem\",\"position\":2,\"name\":\"\u201cQueremos que la educaci\u00f3n verdaderamente est\u00e9 como prioridad\u201d\"}]},{\"@type\":\"WebSite\",\"@id\":\"https:\\\/\\\/noticiasmercedinas.com\\\/site\\\/#website\",\"url\":\"https:\\\/\\\/noticiasmercedinas.com\\\/site\\\/\",\"name\":\"NOTICIASMERCEDINAS.COM\",\"description\":\"Mercedes, Buenos Aires, Argentina\",\"publisher\":{\"@id\":\"https:\\\/\\\/noticiasmercedinas.com\\\/site\\\/#organization\"},\"potentialAction\":[{\"@type\":\"SearchAction\",\"target\":{\"@type\":\"EntryPoint\",\"urlTemplate\":\"https:\\\/\\\/noticiasmercedinas.com\\\/site\\\/?s={search_term_string}\"},\"query-input\":{\"@type\":\"PropertyValueSpecification\",\"valueRequired\":true,\"valueName\":\"search_term_string\"}}],\"inLanguage\":\"es\"},{\"@type\":\"Organization\",\"@id\":\"https:\\\/\\\/noticiasmercedinas.com\\\/site\\\/#organization\",\"name\":\"NOTICIASMERCEDINAS.COM\",\"url\":\"https:\\\/\\\/noticiasmercedinas.com\\\/site\\\/\",\"logo\":{\"@type\":\"ImageObject\",\"inLanguage\":\"es\",\"@id\":\"https:\\\/\\\/noticiasmercedinas.com\\\/site\\\/#\\\/schema\\\/logo\\\/image\\\/\",\"url\":\"https:\\\/\\\/noticiasmercedinas.com\\\/site\\\/wp-content\\\/uploads\\\/2020\\\/06\\\/LOGO-512.jpg\",\"contentUrl\":\"https:\\\/\\\/noticiasmercedinas.com\\\/site\\\/wp-content\\\/uploads\\\/2020\\\/06\\\/LOGO-512.jpg\",\"width\":512,\"height\":512,\"caption\":\"NOTICIASMERCEDINAS.COM\"},\"image\":{\"@id\":\"https:\\\/\\\/noticiasmercedinas.com\\\/site\\\/#\\\/schema\\\/logo\\\/image\\\/\"},\"sameAs\":[\"https:\\\/\\\/www.facebook.com\\\/noticiasmercedinas\\\/\",\"https:\\\/\\\/x.com\\\/notmercedinas\",\"https:\\\/\\\/www.instagram.com\\\/noticiasmercedinas\\\/\"]},{\"@type\":\"Person\",\"@id\":\"https:\\\/\\\/noticiasmercedinas.com\\\/site\\\/#\\\/schema\\\/person\\\/84b59c099c28ff2e8b77d4ceec5d8063\",\"name\":\"NOTICIASMERCEDINAS.COM\",\"image\":{\"@type\":\"ImageObject\",\"inLanguage\":\"es\",\"@id\":\"https:\\\/\\\/secure.gravatar.com\\\/avatar\\\/4dfbf16b4d17945bfb6341b2d19043457132fcf478a5ee04f42e959fd8f5df0a?s=96&d=mm&r=g\",\"url\":\"https:\\\/\\\/secure.gravatar.com\\\/avatar\\\/4dfbf16b4d17945bfb6341b2d19043457132fcf478a5ee04f42e959fd8f5df0a?s=96&d=mm&r=g\",\"contentUrl\":\"https:\\\/\\\/secure.gravatar.com\\\/avatar\\\/4dfbf16b4d17945bfb6341b2d19043457132fcf478a5ee04f42e959fd8f5df0a?s=96&d=mm&r=g\",\"caption\":\"NOTICIASMERCEDINAS.COM\"},\"url\":\"https:\\\/\\\/noticiasmercedinas.com\\\/site\\\/author\\\/anonimo\\\/\"}]}<\/script>\n<!-- \/ Yoast SEO plugin. -->","yoast_head_json":{"title":"\u201cQueremos que la educaci\u00f3n verdaderamente est\u00e9 como prioridad\u201d","robots":{"index":"index","follow":"follow","max-snippet":"max-snippet:-1","max-image-preview":"max-image-preview:large","max-video-preview":"max-video-preview:-1"},"canonical":"https:\/\/noticiasmercedinas.com\/site\/2023\/05\/03\/queremos-que-la-educacion-verdaderamente-este-como-prioridad\/","og_locale":"es_ES","og_type":"article","og_title":"\u201cQueremos que la educaci\u00f3n verdaderamente est\u00e9 como prioridad\u201d","og_description":"\u25a0 El consejero de Juntos, Agust\u00edn Ferrarotti, fue parte de una reuni\u00f3n con el director de Consejos Escolares. \u201cCubrir una buena alimentaci\u00f3n cada d\u00eda es m\u00e1s complicado\u201d, se\u00f1al\u00f3","og_url":"https:\/\/noticiasmercedinas.com\/site\/2023\/05\/03\/queremos-que-la-educacion-verdaderamente-este-como-prioridad\/","og_site_name":"NOTICIASMERCEDINAS.COM","article_publisher":"https:\/\/www.facebook.com\/noticiasmercedinas\/","article_published_time":"2023-05-03T20:25:42+00:00","og_image":[{"width":640,"height":458,"url":"https:\/\/noticiasmercedinas.com\/site\/wp-content\/uploads\/2023\/05\/ferra00.jpg","type":"image\/jpeg"}],"author":"NOTICIASMERCEDINAS.COM","twitter_card":"summary_large_image","twitter_creator":"@notmercedinas","twitter_site":"@notmercedinas","twitter_misc":{"Escrito por":"NOTICIASMERCEDINAS.COM","Tiempo de lectura":"3 minutos"},"schema":{"@context":"https:\/\/schema.org","@graph":[{"@type":"Article","@id":"https:\/\/noticiasmercedinas.com\/site\/2023\/05\/03\/queremos-que-la-educacion-verdaderamente-este-como-prioridad\/#article","isPartOf":{"@id":"https:\/\/noticiasmercedinas.com\/site\/2023\/05\/03\/queremos-que-la-educacion-verdaderamente-este-como-prioridad\/"},"author":{"name":"NOTICIASMERCEDINAS.COM","@id":"https:\/\/noticiasmercedinas.com\/site\/#\/schema\/person\/84b59c099c28ff2e8b77d4ceec5d8063"},"headline":"\u201cQueremos que la educaci\u00f3n verdaderamente est\u00e9 como prioridad\u201d","datePublished":"2023-05-03T20:25:42+00:00","mainEntityOfPage":{"@id":"https:\/\/noticiasmercedinas.com\/site\/2023\/05\/03\/queremos-que-la-educacion-verdaderamente-este-como-prioridad\/"},"wordCount":375,"publisher":{"@id":"https:\/\/noticiasmercedinas.com\/site\/#organization"},"image":{"@id":"https:\/\/noticiasmercedinas.com\/site\/2023\/05\/03\/queremos-que-la-educacion-verdaderamente-este-como-prioridad\/#primaryimage"},"thumbnailUrl":"https:\/\/noticiasmercedinas.com\/site\/wp-content\/uploads\/2023\/05\/ferra00.jpg","keywords":["Agust\u00edn Ferrarotti","consejo escolar","Juntos","Pro","Silvia Moreno"],"articleSection":["Educacion","Politica"],"inLanguage":"es"},{"@type":"WebPage","@id":"https:\/\/noticiasmercedinas.com\/site\/2023\/05\/03\/queremos-que-la-educacion-verdaderamente-este-como-prioridad\/","url":"https:\/\/noticiasmercedinas.com\/site\/2023\/05\/03\/queremos-que-la-educacion-verdaderamente-este-como-prioridad\/","name":"\u201cQueremos que la educaci\u00f3n verdaderamente est\u00e9 como prioridad\u201d","isPartOf":{"@id":"https:\/\/noticiasmercedinas.com\/site\/#website"},"primaryImageOfPage":{"@id":"https:\/\/noticiasmercedinas.com\/site\/2023\/05\/03\/queremos-que-la-educacion-verdaderamente-este-como-prioridad\/#primaryimage"},"image":{"@id":"https:\/\/noticiasmercedinas.com\/site\/2023\/05\/03\/queremos-que-la-educacion-verdaderamente-este-como-prioridad\/#primaryimage"},"thumbnailUrl":"https:\/\/noticiasmercedinas.com\/site\/wp-content\/uploads\/2023\/05\/ferra00.jpg","datePublished":"2023-05-03T20:25:42+00:00","breadcrumb":{"@id":"https:\/\/noticiasmercedinas.com\/site\/2023\/05\/03\/queremos-que-la-educacion-verdaderamente-este-como-prioridad\/#breadcrumb"},"inLanguage":"es","potentialAction":[{"@type":"ReadAction","target":["https:\/\/noticiasmercedinas.com\/site\/2023\/05\/03\/queremos-que-la-educacion-verdaderamente-este-como-prioridad\/"]}]},{"@type":"ImageObject","inLanguage":"es","@id":"https:\/\/noticiasmercedinas.com\/site\/2023\/05\/03\/queremos-que-la-educacion-verdaderamente-este-como-prioridad\/#primaryimage","url":"https:\/\/noticiasmercedinas.com\/site\/wp-content\/uploads\/2023\/05\/ferra00.jpg","contentUrl":"https:\/\/noticiasmercedinas.com\/site\/wp-content\/uploads\/2023\/05\/ferra00.jpg","width":640,"height":458},{"@type":"BreadcrumbList","@id":"https:\/\/noticiasmercedinas.com\/site\/2023\/05\/03\/queremos-que-la-educacion-verdaderamente-este-como-prioridad\/#breadcrumb","itemListElement":[{"@type":"ListItem","position":1,"name":"Portada","item":"https:\/\/noticiasmercedinas.com\/site\/"},{"@type":"ListItem","position":2,"name":"\u201cQueremos que la educaci\u00f3n verdaderamente est\u00e9 como prioridad\u201d"}]},{"@type":"WebSite","@id":"https:\/\/noticiasmercedinas.com\/site\/#website","url":"https:\/\/noticiasmercedinas.com\/site\/","name":"NOTICIASMERCEDINAS.COM","description":"Mercedes, Buenos Aires, Argentina","publisher":{"@id":"https:\/\/noticiasmercedinas.com\/site\/#organization"},"potentialAction":[{"@type":"SearchAction","target":{"@type":"EntryPoint","urlTemplate":"https:\/\/noticiasmercedinas.com\/site\/?s={search_term_string}"},"query-input":{"@type":"PropertyValueSpecification","valueRequired":true,"valueName":"search_term_string"}}],"inLanguage":"es"},{"@type":"Organization","@id":"https:\/\/noticiasmercedinas.com\/site\/#organization","name":"NOTICIASMERCEDINAS.COM","url":"https:\/\/noticiasmercedinas.com\/site\/","logo":{"@type":"ImageObject","inLanguage":"es","@id":"https:\/\/noticiasmercedinas.com\/site\/#\/schema\/logo\/image\/","url":"https:\/\/noticiasmercedinas.com\/site\/wp-content\/uploads\/2020\/06\/LOGO-512.jpg","contentUrl":"https:\/\/noticiasmercedinas.com\/site\/wp-content\/uploads\/2020\/06\/LOGO-512.jpg","width":512,"height":512,"caption":"NOTICIASMERCEDINAS.COM"},"image":{"@id":"https:\/\/noticiasmercedinas.com\/site\/#\/schema\/logo\/image\/"},"sameAs":["https:\/\/www.facebook.com\/noticiasmercedinas\/","https:\/\/x.com\/notmercedinas","https:\/\/www.instagram.com\/noticiasmercedinas\/"]},{"@type":"Person","@id":"https:\/\/noticiasmercedinas.com\/site\/#\/schema\/person\/84b59c099c28ff2e8b77d4ceec5d8063","name":"NOTICIASMERCEDINAS.COM","image":{"@type":"ImageObject","inLanguage":"es","@id":"https:\/\/secure.gravatar.com\/avatar\/4dfbf16b4d17945bfb6341b2d19043457132fcf478a5ee04f42e959fd8f5df0a?s=96&d=mm&r=g","url":"https:\/\/secure.gravatar.com\/avatar\/4dfbf16b4d17945bfb6341b2d19043457132fcf478a5ee04f42e959fd8f5df0a?s=96&d=mm&r=g","contentUrl":"https:\/\/secure.gravatar.com\/avatar\/4dfbf16b4d17945bfb6341b2d19043457132fcf478a5ee04f42e959fd8f5df0a?s=96&d=mm&r=g","caption":"NOTICIASMERCEDINAS.COM"},"url":"https:\/\/noticiasmercedinas.com\/site\/author\/anonimo\/"}]}},"amp_enabled":true,"_links":{"self":[{"href":"https:\/\/noticiasmercedinas.com\/site\/wp-json\/wp\/v2\/posts\/114056","targetHints":{"allow":["GET"]}}],"collection":[{"href":"https:\/\/noticiasmercedinas.com\/site\/wp-json\/wp\/v2\/posts"}],"about":[{"href":"https:\/\/noticiasmercedinas.com\/site\/wp-json\/wp\/v2\/types\/post"}],"author":[{"embeddable":true,"href":"https:\/\/noticiasmercedinas.com\/site\/wp-json\/wp\/v2\/users\/16"}],"replies":[{"embeddable":true,"href":"https:\/\/noticiasmercedinas.com\/site\/wp-json\/wp\/v2\/comments?post=114056"}],"version-history":[{"count":1,"href":"https:\/\/noticiasmercedinas.com\/site\/wp-json\/wp\/v2\/posts\/114056\/revisions"}],"predecessor-version":[{"id":114059,"href":"https:\/\/noticiasmercedinas.com\/site\/wp-json\/wp\/v2\/posts\/114056\/revisions\/114059"}],"wp:featuredmedia":[{"embeddable":true,"href":"https:\/\/noticiasmercedinas.com\/site\/wp-json\/wp\/v2\/media\/114057"}],"wp:attachment":[{"href":"https:\/\/noticiasmercedinas.com\/site\/wp-json\/wp\/v2\/media?parent=114056"}],"wp:term":[{"taxonomy":"category","embeddable":true,"href":"https:\/\/noticiasmercedinas.com\/site\/wp-json\/wp\/v2\/categories?post=114056"},{"taxonomy":"post_tag","embeddable":true,"href":"https:\/\/noticiasmercedinas.com\/site\/wp-json\/wp\/v2\/tags?post=114056"}],"curies":[{"name":"wp","href":"https:\/\/api.w.org\/{rel}","templated":true}]}}