{"id":114060,"date":"2023-05-03T18:21:38","date_gmt":"2023-05-03T21:21:38","guid":{"rendered":"https:\/\/noticiasmercedinas.com\/site\/?p=114060"},"modified":"2023-05-04T11:01:56","modified_gmt":"2023-05-04T14:01:56","slug":"el-ballet-santa-cecilia-realiza-un-festival-a-total-beneficio-de-los-bomberos-voluntarios","status":"publish","type":"post","link":"https:\/\/noticiasmercedinas.com\/site\/2023\/05\/03\/el-ballet-santa-cecilia-realiza-un-festival-a-total-beneficio-de-los-bomberos-voluntarios\/","title":{"rendered":"El ballet Santa Cecilia realiza un festival a total beneficio de los Bomberos Voluntarios"},"content":{"rendered":"<p><img loading=\"lazy\" decoding=\"async\" class=\"alignnone size-full wp-image-114061\" src=\"https:\/\/noticiasmercedinas.com\/site\/wp-content\/uploads\/2023\/05\/Bomberos.jpeg\" alt=\"\" width=\"640\" height=\"427\" srcset=\"https:\/\/noticiasmercedinas.com\/site\/wp-content\/uploads\/2023\/05\/Bomberos.jpeg 640w, https:\/\/noticiasmercedinas.com\/site\/wp-content\/uploads\/2023\/05\/Bomberos-300x200.jpeg 300w\" sizes=\"auto, (max-width: 640px) 100vw, 640px\" \/><\/p>\n<p>El ballet Santa Cecilia organiza una nueva edici\u00f3n de su ya tradicional espect\u00e1culo solidario de danzas a beneficio de las instituciones que lo requieren.<\/p>\n<p>En esta ocasi\u00f3n lo recaudado ser\u00e1 para los Bomberos Voluntarios de Mercedes, en su 80 aniversario y la entrada tendr\u00e1 un valor de 500 pesos, el pr\u00f3ximo s\u00e1bado 13 de mayo, desde las 21.<\/p>\n<blockquote><p>Presentar\u00e1n su espect\u00e1culo \u201cApasionados, Baila Argentina\u00bb, un paseo bailado por todas las provincias argentinas.<\/p><\/blockquote>\n<p>Se realizar\u00e1 en el Teatro Argentino, donde presentar\u00e1n su espect\u00e1culo \u201cApasionados, Baila Argentina\u00bbun hermoso paseo bailado por todas las provincias de nuestra Argentina.<\/p>\n<p>Entrevistada por <em>Noticias Mercedinas<\/em> <strong>Romina Bufager,<\/strong> Directora del ballet, cont\u00f3 que a\u00f1os atr\u00e1s colaboraron de la misma manera con La Granja Arco Iris, el Jard\u00edn Maternal El Honguito, Cerelmer, Club Uni\u00f3n, Instituto Lowe, Juntos sin Diferencias, de la ciudad de Suipacha, la Escuela Vamos Creciendo y los Veteranos de Malvinas, entre otros.<\/p>\n<p><img loading=\"lazy\" decoding=\"async\" class=\"alignnone size-full wp-image-114062\" src=\"https:\/\/noticiasmercedinas.com\/site\/wp-content\/uploads\/2023\/05\/Flyer_Bomberos_solidario.jpeg\" alt=\"\" width=\"640\" height=\"1076\" srcset=\"https:\/\/noticiasmercedinas.com\/site\/wp-content\/uploads\/2023\/05\/Flyer_Bomberos_solidario.jpeg 640w, https:\/\/noticiasmercedinas.com\/site\/wp-content\/uploads\/2023\/05\/Flyer_Bomberos_solidario-178x300.jpeg 178w, https:\/\/noticiasmercedinas.com\/site\/wp-content\/uploads\/2023\/05\/Flyer_Bomberos_solidario-609x1024.jpeg 609w\" sizes=\"auto, (max-width: 640px) 100vw, 640px\" \/><\/p>\n","protected":false},"excerpt":{"rendered":"<p>\u25a0 Ser\u00e1 el pr\u00f3ximo s\u00e1bado 13 de mayo, desde las 21 en el Teatro Argentino, con una entrada de 500 pesos.<\/p>\n","protected":false},"author":8,"featured_media":114061,"comment_status":"closed","ping_status":"closed","sticky":false,"template":"","format":"standard","meta":{"footnotes":""},"categories":[4],"tags":[16753,16754,1940,1795,510,1942],"class_list":["post-114060","post","type-post","status-publish","format-standard","has-post-thumbnail","hentry","category-cultura","tag-apasionados","tag-baila-argentina","tag-ballet-santa-cecilia","tag-beneficio","tag-cultura","tag-romina-bufager"],"yoast_head":"<!-- This site is optimized with the Yoast SEO plugin v27.4 - https:\/\/yoast.com\/product\/yoast-seo-wordpress\/ -->\n<title>El ballet Santa Cecilia realiza un festival a total beneficio de los Bomberos Voluntarios<\/title>\n<meta name=\"robots\" content=\"index, follow, max-snippet:-1, max-image-preview:large, max-video-preview:-1\" \/>\n<link rel=\"canonical\" href=\"https:\/\/noticiasmercedinas.com\/site\/2023\/05\/03\/el-ballet-santa-cecilia-realiza-un-festival-a-total-beneficio-de-los-bomberos-voluntarios\/\" \/>\n<meta property=\"og:locale\" content=\"es_ES\" \/>\n<meta property=\"og:type\" content=\"article\" \/>\n<meta property=\"og:title\" content=\"El ballet Santa Cecilia realiza un festival a total beneficio de los Bomberos Voluntarios\" \/>\n<meta property=\"og:description\" content=\"\u25a0 Ser\u00e1 el pr\u00f3ximo s\u00e1bado 13 de mayo, desde las 21 en el Teatro Argentino, con una entrada de 500 pesos.\" \/>\n<meta property=\"og:url\" content=\"https:\/\/noticiasmercedinas.com\/site\/2023\/05\/03\/el-ballet-santa-cecilia-realiza-un-festival-a-total-beneficio-de-los-bomberos-voluntarios\/\" \/>\n<meta property=\"og:site_name\" content=\"NOTICIASMERCEDINAS.COM\" \/>\n<meta property=\"article:publisher\" content=\"https:\/\/www.facebook.com\/noticiasmercedinas\/\" \/>\n<meta property=\"article:published_time\" content=\"2023-05-03T21:21:38+00:00\" \/>\n<meta property=\"article:modified_time\" content=\"2023-05-04T14:01:56+00:00\" \/>\n<meta property=\"og:image\" content=\"https:\/\/noticiasmercedinas.com\/site\/wp-content\/uploads\/2023\/05\/Bomberos.jpeg\" \/>\n\t<meta property=\"og:image:width\" content=\"640\" \/>\n\t<meta property=\"og:image:height\" content=\"427\" \/>\n\t<meta property=\"og:image:type\" content=\"image\/jpeg\" \/>\n<meta name=\"author\" content=\"Betina Abalos NOTICIASMERCEDINAS.COM\" \/>\n<meta name=\"twitter:card\" content=\"summary_large_image\" \/>\n<meta name=\"twitter:creator\" content=\"@notmercedinas\" \/>\n<meta name=\"twitter:site\" content=\"@notmercedinas\" \/>\n<meta name=\"twitter:label1\" content=\"Escrito por\" \/>\n\t<meta name=\"twitter:data1\" content=\"Betina Abalos NOTICIASMERCEDINAS.COM\" \/>\n\t<meta name=\"twitter:label2\" content=\"Tiempo de lectura\" \/>\n\t<meta name=\"twitter:data2\" content=\"2 minutos\" \/>\n<script type=\"application\/ld+json\" class=\"yoast-schema-graph\">{\"@context\":\"https:\\\/\\\/schema.org\",\"@graph\":[{\"@type\":\"Article\",\"@id\":\"https:\\\/\\\/noticiasmercedinas.com\\\/site\\\/2023\\\/05\\\/03\\\/el-ballet-santa-cecilia-realiza-un-festival-a-total-beneficio-de-los-bomberos-voluntarios\\\/#article\",\"isPartOf\":{\"@id\":\"https:\\\/\\\/noticiasmercedinas.com\\\/site\\\/2023\\\/05\\\/03\\\/el-ballet-santa-cecilia-realiza-un-festival-a-total-beneficio-de-los-bomberos-voluntarios\\\/\"},\"author\":{\"name\":\"Betina Abalos NOTICIASMERCEDINAS.COM\",\"@id\":\"https:\\\/\\\/noticiasmercedinas.com\\\/site\\\/#\\\/schema\\\/person\\\/b38ec3ed89a3735ef5fecfc1c9adc560\"},\"headline\":\"El ballet Santa Cecilia realiza un festival a total beneficio de los Bomberos Voluntarios\",\"datePublished\":\"2023-05-03T21:21:38+00:00\",\"dateModified\":\"2023-05-04T14:01:56+00:00\",\"mainEntityOfPage\":{\"@id\":\"https:\\\/\\\/noticiasmercedinas.com\\\/site\\\/2023\\\/05\\\/03\\\/el-ballet-santa-cecilia-realiza-un-festival-a-total-beneficio-de-los-bomberos-voluntarios\\\/\"},\"wordCount\":171,\"publisher\":{\"@id\":\"https:\\\/\\\/noticiasmercedinas.com\\\/site\\\/#organization\"},\"image\":{\"@id\":\"https:\\\/\\\/noticiasmercedinas.com\\\/site\\\/2023\\\/05\\\/03\\\/el-ballet-santa-cecilia-realiza-un-festival-a-total-beneficio-de-los-bomberos-voluntarios\\\/#primaryimage\"},\"thumbnailUrl\":\"https:\\\/\\\/noticiasmercedinas.com\\\/site\\\/wp-content\\\/uploads\\\/2023\\\/05\\\/Bomberos.jpeg\",\"keywords\":[\"Apasionados\",\"Baila Argentina\",\"ballet santa cecilia\",\"beneficio\",\"cultura\",\"romina bufager\"],\"articleSection\":[\"Cultura\"],\"inLanguage\":\"es\"},{\"@type\":\"WebPage\",\"@id\":\"https:\\\/\\\/noticiasmercedinas.com\\\/site\\\/2023\\\/05\\\/03\\\/el-ballet-santa-cecilia-realiza-un-festival-a-total-beneficio-de-los-bomberos-voluntarios\\\/\",\"url\":\"https:\\\/\\\/noticiasmercedinas.com\\\/site\\\/2023\\\/05\\\/03\\\/el-ballet-santa-cecilia-realiza-un-festival-a-total-beneficio-de-los-bomberos-voluntarios\\\/\",\"name\":\"El ballet Santa Cecilia realiza un festival a total beneficio de los Bomberos Voluntarios\",\"isPartOf\":{\"@id\":\"https:\\\/\\\/noticiasmercedinas.com\\\/site\\\/#website\"},\"primaryImageOfPage\":{\"@id\":\"https:\\\/\\\/noticiasmercedinas.com\\\/site\\\/2023\\\/05\\\/03\\\/el-ballet-santa-cecilia-realiza-un-festival-a-total-beneficio-de-los-bomberos-voluntarios\\\/#primaryimage\"},\"image\":{\"@id\":\"https:\\\/\\\/noticiasmercedinas.com\\\/site\\\/2023\\\/05\\\/03\\\/el-ballet-santa-cecilia-realiza-un-festival-a-total-beneficio-de-los-bomberos-voluntarios\\\/#primaryimage\"},\"thumbnailUrl\":\"https:\\\/\\\/noticiasmercedinas.com\\\/site\\\/wp-content\\\/uploads\\\/2023\\\/05\\\/Bomberos.jpeg\",\"datePublished\":\"2023-05-03T21:21:38+00:00\",\"dateModified\":\"2023-05-04T14:01:56+00:00\",\"breadcrumb\":{\"@id\":\"https:\\\/\\\/noticiasmercedinas.com\\\/site\\\/2023\\\/05\\\/03\\\/el-ballet-santa-cecilia-realiza-un-festival-a-total-beneficio-de-los-bomberos-voluntarios\\\/#breadcrumb\"},\"inLanguage\":\"es\",\"potentialAction\":[{\"@type\":\"ReadAction\",\"target\":[\"https:\\\/\\\/noticiasmercedinas.com\\\/site\\\/2023\\\/05\\\/03\\\/el-ballet-santa-cecilia-realiza-un-festival-a-total-beneficio-de-los-bomberos-voluntarios\\\/\"]}]},{\"@type\":\"ImageObject\",\"inLanguage\":\"es\",\"@id\":\"https:\\\/\\\/noticiasmercedinas.com\\\/site\\\/2023\\\/05\\\/03\\\/el-ballet-santa-cecilia-realiza-un-festival-a-total-beneficio-de-los-bomberos-voluntarios\\\/#primaryimage\",\"url\":\"https:\\\/\\\/noticiasmercedinas.com\\\/site\\\/wp-content\\\/uploads\\\/2023\\\/05\\\/Bomberos.jpeg\",\"contentUrl\":\"https:\\\/\\\/noticiasmercedinas.com\\\/site\\\/wp-content\\\/uploads\\\/2023\\\/05\\\/Bomberos.jpeg\",\"width\":640,\"height\":427},{\"@type\":\"BreadcrumbList\",\"@id\":\"https:\\\/\\\/noticiasmercedinas.com\\\/site\\\/2023\\\/05\\\/03\\\/el-ballet-santa-cecilia-realiza-un-festival-a-total-beneficio-de-los-bomberos-voluntarios\\\/#breadcrumb\",\"itemListElement\":[{\"@type\":\"ListItem\",\"position\":1,\"name\":\"Portada\",\"item\":\"https:\\\/\\\/noticiasmercedinas.com\\\/site\\\/\"},{\"@type\":\"ListItem\",\"position\":2,\"name\":\"El ballet Santa Cecilia realiza un festival a total beneficio de los Bomberos Voluntarios\"}]},{\"@type\":\"WebSite\",\"@id\":\"https:\\\/\\\/noticiasmercedinas.com\\\/site\\\/#website\",\"url\":\"https:\\\/\\\/noticiasmercedinas.com\\\/site\\\/\",\"name\":\"NOTICIASMERCEDINAS.COM\",\"description\":\"Mercedes, Buenos Aires, Argentina\",\"publisher\":{\"@id\":\"https:\\\/\\\/noticiasmercedinas.com\\\/site\\\/#organization\"},\"potentialAction\":[{\"@type\":\"SearchAction\",\"target\":{\"@type\":\"EntryPoint\",\"urlTemplate\":\"https:\\\/\\\/noticiasmercedinas.com\\\/site\\\/?s={search_term_string}\"},\"query-input\":{\"@type\":\"PropertyValueSpecification\",\"valueRequired\":true,\"valueName\":\"search_term_string\"}}],\"inLanguage\":\"es\"},{\"@type\":\"Organization\",\"@id\":\"https:\\\/\\\/noticiasmercedinas.com\\\/site\\\/#organization\",\"name\":\"NOTICIASMERCEDINAS.COM\",\"url\":\"https:\\\/\\\/noticiasmercedinas.com\\\/site\\\/\",\"logo\":{\"@type\":\"ImageObject\",\"inLanguage\":\"es\",\"@id\":\"https:\\\/\\\/noticiasmercedinas.com\\\/site\\\/#\\\/schema\\\/logo\\\/image\\\/\",\"url\":\"https:\\\/\\\/noticiasmercedinas.com\\\/site\\\/wp-content\\\/uploads\\\/2020\\\/06\\\/LOGO-512.jpg\",\"contentUrl\":\"https:\\\/\\\/noticiasmercedinas.com\\\/site\\\/wp-content\\\/uploads\\\/2020\\\/06\\\/LOGO-512.jpg\",\"width\":512,\"height\":512,\"caption\":\"NOTICIASMERCEDINAS.COM\"},\"image\":{\"@id\":\"https:\\\/\\\/noticiasmercedinas.com\\\/site\\\/#\\\/schema\\\/logo\\\/image\\\/\"},\"sameAs\":[\"https:\\\/\\\/www.facebook.com\\\/noticiasmercedinas\\\/\",\"https:\\\/\\\/x.com\\\/notmercedinas\",\"https:\\\/\\\/www.instagram.com\\\/noticiasmercedinas\\\/\"]},{\"@type\":\"Person\",\"@id\":\"https:\\\/\\\/noticiasmercedinas.com\\\/site\\\/#\\\/schema\\\/person\\\/b38ec3ed89a3735ef5fecfc1c9adc560\",\"name\":\"Betina Abalos NOTICIASMERCEDINAS.COM\",\"image\":{\"@type\":\"ImageObject\",\"inLanguage\":\"es\",\"@id\":\"https:\\\/\\\/secure.gravatar.com\\\/avatar\\\/8c86fde6c3b4a08aabce60929a23fa91235f414626598c992897a3e4b0679f33?s=96&d=mm&r=g\",\"url\":\"https:\\\/\\\/secure.gravatar.com\\\/avatar\\\/8c86fde6c3b4a08aabce60929a23fa91235f414626598c992897a3e4b0679f33?s=96&d=mm&r=g\",\"contentUrl\":\"https:\\\/\\\/secure.gravatar.com\\\/avatar\\\/8c86fde6c3b4a08aabce60929a23fa91235f414626598c992897a3e4b0679f33?s=96&d=mm&r=g\",\"caption\":\"Betina Abalos NOTICIASMERCEDINAS.COM\"},\"url\":\"https:\\\/\\\/noticiasmercedinas.com\\\/site\\\/author\\\/betina\\\/\"}]}<\/script>\n<!-- \/ Yoast SEO plugin. -->","yoast_head_json":{"title":"El ballet Santa Cecilia realiza un festival a total beneficio de los Bomberos Voluntarios","robots":{"index":"index","follow":"follow","max-snippet":"max-snippet:-1","max-image-preview":"max-image-preview:large","max-video-preview":"max-video-preview:-1"},"canonical":"https:\/\/noticiasmercedinas.com\/site\/2023\/05\/03\/el-ballet-santa-cecilia-realiza-un-festival-a-total-beneficio-de-los-bomberos-voluntarios\/","og_locale":"es_ES","og_type":"article","og_title":"El ballet Santa Cecilia realiza un festival a total beneficio de los Bomberos Voluntarios","og_description":"\u25a0 Ser\u00e1 el pr\u00f3ximo s\u00e1bado 13 de mayo, desde las 21 en el Teatro Argentino, con una entrada de 500 pesos.","og_url":"https:\/\/noticiasmercedinas.com\/site\/2023\/05\/03\/el-ballet-santa-cecilia-realiza-un-festival-a-total-beneficio-de-los-bomberos-voluntarios\/","og_site_name":"NOTICIASMERCEDINAS.COM","article_publisher":"https:\/\/www.facebook.com\/noticiasmercedinas\/","article_published_time":"2023-05-03T21:21:38+00:00","article_modified_time":"2023-05-04T14:01:56+00:00","og_image":[{"width":640,"height":427,"url":"https:\/\/noticiasmercedinas.com\/site\/wp-content\/uploads\/2023\/05\/Bomberos.jpeg","type":"image\/jpeg"}],"author":"Betina Abalos NOTICIASMERCEDINAS.COM","twitter_card":"summary_large_image","twitter_creator":"@notmercedinas","twitter_site":"@notmercedinas","twitter_misc":{"Escrito por":"Betina Abalos NOTICIASMERCEDINAS.COM","Tiempo de lectura":"2 minutos"},"schema":{"@context":"https:\/\/schema.org","@graph":[{"@type":"Article","@id":"https:\/\/noticiasmercedinas.com\/site\/2023\/05\/03\/el-ballet-santa-cecilia-realiza-un-festival-a-total-beneficio-de-los-bomberos-voluntarios\/#article","isPartOf":{"@id":"https:\/\/noticiasmercedinas.com\/site\/2023\/05\/03\/el-ballet-santa-cecilia-realiza-un-festival-a-total-beneficio-de-los-bomberos-voluntarios\/"},"author":{"name":"Betina Abalos NOTICIASMERCEDINAS.COM","@id":"https:\/\/noticiasmercedinas.com\/site\/#\/schema\/person\/b38ec3ed89a3735ef5fecfc1c9adc560"},"headline":"El ballet Santa Cecilia realiza un festival a total beneficio de los Bomberos Voluntarios","datePublished":"2023-05-03T21:21:38+00:00","dateModified":"2023-05-04T14:01:56+00:00","mainEntityOfPage":{"@id":"https:\/\/noticiasmercedinas.com\/site\/2023\/05\/03\/el-ballet-santa-cecilia-realiza-un-festival-a-total-beneficio-de-los-bomberos-voluntarios\/"},"wordCount":171,"publisher":{"@id":"https:\/\/noticiasmercedinas.com\/site\/#organization"},"image":{"@id":"https:\/\/noticiasmercedinas.com\/site\/2023\/05\/03\/el-ballet-santa-cecilia-realiza-un-festival-a-total-beneficio-de-los-bomberos-voluntarios\/#primaryimage"},"thumbnailUrl":"https:\/\/noticiasmercedinas.com\/site\/wp-content\/uploads\/2023\/05\/Bomberos.jpeg","keywords":["Apasionados","Baila Argentina","ballet santa cecilia","beneficio","cultura","romina bufager"],"articleSection":["Cultura"],"inLanguage":"es"},{"@type":"WebPage","@id":"https:\/\/noticiasmercedinas.com\/site\/2023\/05\/03\/el-ballet-santa-cecilia-realiza-un-festival-a-total-beneficio-de-los-bomberos-voluntarios\/","url":"https:\/\/noticiasmercedinas.com\/site\/2023\/05\/03\/el-ballet-santa-cecilia-realiza-un-festival-a-total-beneficio-de-los-bomberos-voluntarios\/","name":"El ballet Santa Cecilia realiza un festival a total beneficio de los Bomberos Voluntarios","isPartOf":{"@id":"https:\/\/noticiasmercedinas.com\/site\/#website"},"primaryImageOfPage":{"@id":"https:\/\/noticiasmercedinas.com\/site\/2023\/05\/03\/el-ballet-santa-cecilia-realiza-un-festival-a-total-beneficio-de-los-bomberos-voluntarios\/#primaryimage"},"image":{"@id":"https:\/\/noticiasmercedinas.com\/site\/2023\/05\/03\/el-ballet-santa-cecilia-realiza-un-festival-a-total-beneficio-de-los-bomberos-voluntarios\/#primaryimage"},"thumbnailUrl":"https:\/\/noticiasmercedinas.com\/site\/wp-content\/uploads\/2023\/05\/Bomberos.jpeg","datePublished":"2023-05-03T21:21:38+00:00","dateModified":"2023-05-04T14:01:56+00:00","breadcrumb":{"@id":"https:\/\/noticiasmercedinas.com\/site\/2023\/05\/03\/el-ballet-santa-cecilia-realiza-un-festival-a-total-beneficio-de-los-bomberos-voluntarios\/#breadcrumb"},"inLanguage":"es","potentialAction":[{"@type":"ReadAction","target":["https:\/\/noticiasmercedinas.com\/site\/2023\/05\/03\/el-ballet-santa-cecilia-realiza-un-festival-a-total-beneficio-de-los-bomberos-voluntarios\/"]}]},{"@type":"ImageObject","inLanguage":"es","@id":"https:\/\/noticiasmercedinas.com\/site\/2023\/05\/03\/el-ballet-santa-cecilia-realiza-un-festival-a-total-beneficio-de-los-bomberos-voluntarios\/#primaryimage","url":"https:\/\/noticiasmercedinas.com\/site\/wp-content\/uploads\/2023\/05\/Bomberos.jpeg","contentUrl":"https:\/\/noticiasmercedinas.com\/site\/wp-content\/uploads\/2023\/05\/Bomberos.jpeg","width":640,"height":427},{"@type":"BreadcrumbList","@id":"https:\/\/noticiasmercedinas.com\/site\/2023\/05\/03\/el-ballet-santa-cecilia-realiza-un-festival-a-total-beneficio-de-los-bomberos-voluntarios\/#breadcrumb","itemListElement":[{"@type":"ListItem","position":1,"name":"Portada","item":"https:\/\/noticiasmercedinas.com\/site\/"},{"@type":"ListItem","position":2,"name":"El ballet Santa Cecilia realiza un festival a total beneficio de los Bomberos Voluntarios"}]},{"@type":"WebSite","@id":"https:\/\/noticiasmercedinas.com\/site\/#website","url":"https:\/\/noticiasmercedinas.com\/site\/","name":"NOTICIASMERCEDINAS.COM","description":"Mercedes, Buenos Aires, Argentina","publisher":{"@id":"https:\/\/noticiasmercedinas.com\/site\/#organization"},"potentialAction":[{"@type":"SearchAction","target":{"@type":"EntryPoint","urlTemplate":"https:\/\/noticiasmercedinas.com\/site\/?s={search_term_string}"},"query-input":{"@type":"PropertyValueSpecification","valueRequired":true,"valueName":"search_term_string"}}],"inLanguage":"es"},{"@type":"Organization","@id":"https:\/\/noticiasmercedinas.com\/site\/#organization","name":"NOTICIASMERCEDINAS.COM","url":"https:\/\/noticiasmercedinas.com\/site\/","logo":{"@type":"ImageObject","inLanguage":"es","@id":"https:\/\/noticiasmercedinas.com\/site\/#\/schema\/logo\/image\/","url":"https:\/\/noticiasmercedinas.com\/site\/wp-content\/uploads\/2020\/06\/LOGO-512.jpg","contentUrl":"https:\/\/noticiasmercedinas.com\/site\/wp-content\/uploads\/2020\/06\/LOGO-512.jpg","width":512,"height":512,"caption":"NOTICIASMERCEDINAS.COM"},"image":{"@id":"https:\/\/noticiasmercedinas.com\/site\/#\/schema\/logo\/image\/"},"sameAs":["https:\/\/www.facebook.com\/noticiasmercedinas\/","https:\/\/x.com\/notmercedinas","https:\/\/www.instagram.com\/noticiasmercedinas\/"]},{"@type":"Person","@id":"https:\/\/noticiasmercedinas.com\/site\/#\/schema\/person\/b38ec3ed89a3735ef5fecfc1c9adc560","name":"Betina Abalos NOTICIASMERCEDINAS.COM","image":{"@type":"ImageObject","inLanguage":"es","@id":"https:\/\/secure.gravatar.com\/avatar\/8c86fde6c3b4a08aabce60929a23fa91235f414626598c992897a3e4b0679f33?s=96&d=mm&r=g","url":"https:\/\/secure.gravatar.com\/avatar\/8c86fde6c3b4a08aabce60929a23fa91235f414626598c992897a3e4b0679f33?s=96&d=mm&r=g","contentUrl":"https:\/\/secure.gravatar.com\/avatar\/8c86fde6c3b4a08aabce60929a23fa91235f414626598c992897a3e4b0679f33?s=96&d=mm&r=g","caption":"Betina Abalos NOTICIASMERCEDINAS.COM"},"url":"https:\/\/noticiasmercedinas.com\/site\/author\/betina\/"}]}},"amp_enabled":true,"_links":{"self":[{"href":"https:\/\/noticiasmercedinas.com\/site\/wp-json\/wp\/v2\/posts\/114060","targetHints":{"allow":["GET"]}}],"collection":[{"href":"https:\/\/noticiasmercedinas.com\/site\/wp-json\/wp\/v2\/posts"}],"about":[{"href":"https:\/\/noticiasmercedinas.com\/site\/wp-json\/wp\/v2\/types\/post"}],"author":[{"embeddable":true,"href":"https:\/\/noticiasmercedinas.com\/site\/wp-json\/wp\/v2\/users\/8"}],"replies":[{"embeddable":true,"href":"https:\/\/noticiasmercedinas.com\/site\/wp-json\/wp\/v2\/comments?post=114060"}],"version-history":[{"count":5,"href":"https:\/\/noticiasmercedinas.com\/site\/wp-json\/wp\/v2\/posts\/114060\/revisions"}],"predecessor-version":[{"id":114094,"href":"https:\/\/noticiasmercedinas.com\/site\/wp-json\/wp\/v2\/posts\/114060\/revisions\/114094"}],"wp:featuredmedia":[{"embeddable":true,"href":"https:\/\/noticiasmercedinas.com\/site\/wp-json\/wp\/v2\/media\/114061"}],"wp:attachment":[{"href":"https:\/\/noticiasmercedinas.com\/site\/wp-json\/wp\/v2\/media?parent=114060"}],"wp:term":[{"taxonomy":"category","embeddable":true,"href":"https:\/\/noticiasmercedinas.com\/site\/wp-json\/wp\/v2\/categories?post=114060"},{"taxonomy":"post_tag","embeddable":true,"href":"https:\/\/noticiasmercedinas.com\/site\/wp-json\/wp\/v2\/tags?post=114060"}],"curies":[{"name":"wp","href":"https:\/\/api.w.org\/{rel}","templated":true}]}}