{"id":11417,"date":"2019-01-28T16:22:36","date_gmt":"2019-01-28T19:22:36","guid":{"rendered":"https:\/\/noticiasmercedinas.com\/site\/?p=11417"},"modified":"2019-01-28T16:23:47","modified_gmt":"2019-01-28T19:23:47","slug":"helados-artesanales-tass-con-empuje-familiar","status":"publish","type":"post","link":"https:\/\/noticiasmercedinas.com\/site\/2019\/01\/28\/helados-artesanales-tass-con-empuje-familiar\/","title":{"rendered":"Helados artesanales Tass, con empuje familiar"},"content":{"rendered":"<p><img loading=\"lazy\" decoding=\"async\" class=\"alignnone size-full wp-image-11419\" src=\"https:\/\/noticiasmercedinas.com\/site\/wp-content\/uploads\/2019\/01\/24f8d6d9-6666-4671-90c8-4b2508d6c1f5.jpg\" alt=\"\" width=\"640\" height=\"371\" srcset=\"https:\/\/noticiasmercedinas.com\/site\/wp-content\/uploads\/2019\/01\/24f8d6d9-6666-4671-90c8-4b2508d6c1f5.jpg 640w, https:\/\/noticiasmercedinas.com\/site\/wp-content\/uploads\/2019\/01\/24f8d6d9-6666-4671-90c8-4b2508d6c1f5-300x174.jpg 300w\" sizes=\"auto, (max-width: 640px) 100vw, 640px\" \/><\/p>\n<p>En la calle 14 n\u00famero 378, entre 15 y 17, este s\u00e1bado abri\u00f3 una helader\u00eda artesanal de producci\u00f3n familiar que tiene sabores nuevos y productos de excelente calidad a precios competitivos. Se trata de <strong>Tass helados artesanales<\/strong>, un emprendimiento familiar que est\u00e1 siendo muy bien recibido por la comunidad local. Algunos de los sabores llamativos que poseen son de mate o de cerveza, y tambi\u00e9n tienen combinaciones poco frecuentes y exquisitas como las vainillas con uvas al rum, por ejemplo, adem\u00e1s de sabores preparados para ni\u00f1os.<\/p>\n<p>Los Tassara iniciaron un negocio en una \u00e9poca propicia del a\u00f1o para el rubro, pero apostando a un emprendimiento en un momento que para muchos es complicado en la econom\u00eda. Aunque con el empuje familiar todo es posible y arrancaron con todo, este s\u00e1bado.<\/p>\n<p><img loading=\"lazy\" decoding=\"async\" class=\"alignnone size-full wp-image-11420\" src=\"https:\/\/noticiasmercedinas.com\/site\/wp-content\/uploads\/2019\/01\/50618289_388561111902955_2969083451178745856_n.jpg\" alt=\"\" width=\"960\" height=\"597\" srcset=\"https:\/\/noticiasmercedinas.com\/site\/wp-content\/uploads\/2019\/01\/50618289_388561111902955_2969083451178745856_n.jpg 960w, https:\/\/noticiasmercedinas.com\/site\/wp-content\/uploads\/2019\/01\/50618289_388561111902955_2969083451178745856_n-300x187.jpg 300w, https:\/\/noticiasmercedinas.com\/site\/wp-content\/uploads\/2019\/01\/50618289_388561111902955_2969083451178745856_n-768x478.jpg 768w, https:\/\/noticiasmercedinas.com\/site\/wp-content\/uploads\/2019\/01\/50618289_388561111902955_2969083451178745856_n-640x398.jpg 640w, https:\/\/noticiasmercedinas.com\/site\/wp-content\/uploads\/2019\/01\/50618289_388561111902955_2969083451178745856_n-681x423.jpg 681w\" sizes=\"auto, (max-width: 960px) 100vw, 960px\" \/><\/p>\n<p><strong>Hern\u00e1n<\/strong> y <strong>Marta Tassara<\/strong> y sus hijas <strong>Giuliana<\/strong> (22), <strong>Tatiana<\/strong> (19) y <strong>Tiziana<\/strong> (14) apuestan a esta nueva firma y se involucraron de lleno en el negocio de la helader\u00eda artesanal.<\/p>\n<p>Cuentan que el fuerte de trabajo familiar siempre fue el campo, pero con las dificultades para conseguir personal para las tareas rurales, Hern\u00e1n Tassara comenz\u00f3 a pensar en nuevos rumbos para la econom\u00eda y el sost\u00e9n de su hogar. Y as\u00ed surgi\u00f3 la helader\u00eda, capacit\u00e1ndose en la elaboraci\u00f3n artesanal con certificaci\u00f3n universitaria y la b\u00fasqueda incesante de f\u00f3rmulas y secretos tradicionales para perfeccionarse.<\/p>\n<p>\u201cMi marido estuvo toda la vida en el campo, peor ante la falta de gente para trabajar pens\u00f3 en dedicarse a otra cosa. Fue complicado tomar la decisi\u00f3n porque tenemos una familia con tres hijas estudiando, dos en Buenos Aires. No fue algo sencillo de decidir, pero como todos tiramos para el mismo lado fue m\u00e1s f\u00e1cil\u201d, coment\u00f3 Marta y destac\u00f3 que tardaron meses en poner a punto el local, que era un galp\u00f3n de la familia donde en una \u00e9poca hubo un mercado de frutas y verduras. \u201cNos dio el ok el municipio, tramitamos las habilitaciones y aqu\u00ed estamos. Es una calle muy transitada, no tan alejada del centro, y estamos teniendo una muy buena aceptaci\u00f3n\u201d, indic\u00f3 y dej\u00f3 en claro que el helado que comercializan es fabricado en el lugar, con productos de primera calidad y elaboraci\u00f3n propia y artesanal.<\/p>\n<p><img loading=\"lazy\" decoding=\"async\" class=\"alignnone size-full wp-image-11421\" src=\"https:\/\/noticiasmercedinas.com\/site\/wp-content\/uploads\/2019\/01\/50940306_389110981847968_5373197176140726272_n.jpg\" alt=\"\" width=\"720\" height=\"960\" srcset=\"https:\/\/noticiasmercedinas.com\/site\/wp-content\/uploads\/2019\/01\/50940306_389110981847968_5373197176140726272_n.jpg 720w, https:\/\/noticiasmercedinas.com\/site\/wp-content\/uploads\/2019\/01\/50940306_389110981847968_5373197176140726272_n-225x300.jpg 225w, https:\/\/noticiasmercedinas.com\/site\/wp-content\/uploads\/2019\/01\/50940306_389110981847968_5373197176140726272_n-640x853.jpg 640w, https:\/\/noticiasmercedinas.com\/site\/wp-content\/uploads\/2019\/01\/50940306_389110981847968_5373197176140726272_n-681x908.jpg 681w\" sizes=\"auto, (max-width: 720px) 100vw, 720px\" \/><\/p>\n<p>En <strong>Tass<\/strong> tratan de lograr un sabor especial y muy cuidado de cada uno de los gustos disponibles. Trabajan de 10 a 00 horas, en esta temporada inicial, de lunes a lunes. En breve incorporar\u00e1n cafeter\u00eda, por lo que abrir\u00edan m\u00e1s temprano. \u201cTodos los que han pasado y probaron nuestros helados se han ido muy conformes, e incluso vuelven y eso nos gratifica\u201d, dice la mujer y destaca que todo en la helader\u00eda se hizo en familia, incluso el logo, la elecci\u00f3n del nombre de la marca y la estructura del local. \u201cComenzamos en agosto, nuestra idea era abrir en noviembre, pero pudimos hacerlo en orden y en regla el s\u00e1bado pasado\u201d, explica.<\/p>\n<p>En esta inauguraci\u00f3n el kilo de helado arranc\u00f3 a 350 pesos, y la idea es tener ofertas y promociones, sobre todo a trav\u00e9s de las redes sociales Facebook e Instagram, donde ya est\u00e1n presentes.<\/p>\n<p><strong>Tass helados artesanales<br \/>\n<\/strong><strong>Calle 14 N\u00ba 378 entre 15 y 17<br \/>\n<\/strong><strong>Facebook: <a href=\"https:\/\/www.facebook.com\/Helados-Tass-388431498582583\">\u201cHelados Tass\u201d<\/a><br \/>\n<\/strong><strong>Instagram: <a href=\"https:\/\/www.instagram.com\/helados.tass\/\">@helados.tass<\/a><br \/>\n<\/strong><strong>Tel\u00e9fono: 2324-645788<\/strong><strong><br \/>\n<\/strong><\/p>\n<p><img loading=\"lazy\" decoding=\"async\" class=\"alignnone size-full wp-image-11422\" src=\"https:\/\/noticiasmercedinas.com\/site\/wp-content\/uploads\/2019\/01\/50656833_388916825200717_7408380997152014336_n.jpg\" alt=\"\" width=\"960\" height=\"720\" srcset=\"https:\/\/noticiasmercedinas.com\/site\/wp-content\/uploads\/2019\/01\/50656833_388916825200717_7408380997152014336_n.jpg 960w, https:\/\/noticiasmercedinas.com\/site\/wp-content\/uploads\/2019\/01\/50656833_388916825200717_7408380997152014336_n-300x225.jpg 300w, https:\/\/noticiasmercedinas.com\/site\/wp-content\/uploads\/2019\/01\/50656833_388916825200717_7408380997152014336_n-768x576.jpg 768w, https:\/\/noticiasmercedinas.com\/site\/wp-content\/uploads\/2019\/01\/50656833_388916825200717_7408380997152014336_n-80x60.jpg 80w, https:\/\/noticiasmercedinas.com\/site\/wp-content\/uploads\/2019\/01\/50656833_388916825200717_7408380997152014336_n-160x120.jpg 160w, https:\/\/noticiasmercedinas.com\/site\/wp-content\/uploads\/2019\/01\/50656833_388916825200717_7408380997152014336_n-100x75.jpg 100w, https:\/\/noticiasmercedinas.com\/site\/wp-content\/uploads\/2019\/01\/50656833_388916825200717_7408380997152014336_n-200x150.jpg 200w, https:\/\/noticiasmercedinas.com\/site\/wp-content\/uploads\/2019\/01\/50656833_388916825200717_7408380997152014336_n-180x135.jpg 180w, https:\/\/noticiasmercedinas.com\/site\/wp-content\/uploads\/2019\/01\/50656833_388916825200717_7408380997152014336_n-360x270.jpg 360w, https:\/\/noticiasmercedinas.com\/site\/wp-content\/uploads\/2019\/01\/50656833_388916825200717_7408380997152014336_n-238x178.jpg 238w, https:\/\/noticiasmercedinas.com\/site\/wp-content\/uploads\/2019\/01\/50656833_388916825200717_7408380997152014336_n-476x356.jpg 476w, https:\/\/noticiasmercedinas.com\/site\/wp-content\/uploads\/2019\/01\/50656833_388916825200717_7408380997152014336_n-640x480.jpg 640w, https:\/\/noticiasmercedinas.com\/site\/wp-content\/uploads\/2019\/01\/50656833_388916825200717_7408380997152014336_n-681x511.jpg 681w\" sizes=\"auto, (max-width: 960px) 100vw, 960px\" \/><\/p>\n<p><img loading=\"lazy\" decoding=\"async\" class=\"alignnone size-full wp-image-11423\" src=\"https:\/\/noticiasmercedinas.com\/site\/wp-content\/uploads\/2019\/01\/51280279_389349405157459_4720067155909935104_n.jpg\" alt=\"\" width=\"720\" height=\"960\" srcset=\"https:\/\/noticiasmercedinas.com\/site\/wp-content\/uploads\/2019\/01\/51280279_389349405157459_4720067155909935104_n.jpg 720w, https:\/\/noticiasmercedinas.com\/site\/wp-content\/uploads\/2019\/01\/51280279_389349405157459_4720067155909935104_n-225x300.jpg 225w, https:\/\/noticiasmercedinas.com\/site\/wp-content\/uploads\/2019\/01\/51280279_389349405157459_4720067155909935104_n-640x853.jpg 640w, https:\/\/noticiasmercedinas.com\/site\/wp-content\/uploads\/2019\/01\/51280279_389349405157459_4720067155909935104_n-681x908.jpg 681w\" sizes=\"auto, (max-width: 720px) 100vw, 720px\" \/><\/p>\n<p>&nbsp;<\/p>\n","protected":false},"excerpt":{"rendered":"<p>En la calle 14 n\u00famero 378, entre 15 y 17, este s\u00e1bado abri\u00f3 una helader\u00eda artesanal de producci\u00f3n familiar que tiene sabores nuevos y productos de excelente calidad a precios competitivos. Se trata de Tass helados artesanales, un emprendimiento familiar que est\u00e1 siendo muy bien recibido por la comunidad local. Algunos de los sabores llamativos [&hellip;]<\/p>\n","protected":false},"author":2,"featured_media":11419,"comment_status":"open","ping_status":"open","sticky":false,"template":"","format":"standard","meta":{"footnotes":""},"categories":[74],"tags":[3426,3422,600,2036,3423,3424,3425],"class_list":["post-11417","post","type-post","status-publish","format-standard","has-post-thumbnail","hentry","category-emprendimientos","tag-emprendimiento-familiar","tag-familia-tassara","tag-helados","tag-helados-artesanales","tag-hernan-tassara","tag-marta-tassara","tag-tass"],"yoast_head":"<!-- This site is optimized with the Yoast SEO plugin v27.5 - https:\/\/yoast.com\/product\/yoast-seo-wordpress\/ -->\n<title>Helados artesanales Tass, con empuje familiar<\/title>\n<meta name=\"robots\" content=\"index, follow, max-snippet:-1, max-image-preview:large, max-video-preview:-1\" \/>\n<link rel=\"canonical\" href=\"https:\/\/noticiasmercedinas.com\/site\/2019\/01\/28\/helados-artesanales-tass-con-empuje-familiar\/\" \/>\n<meta property=\"og:locale\" content=\"es_ES\" \/>\n<meta property=\"og:type\" content=\"article\" \/>\n<meta property=\"og:title\" content=\"Helados artesanales Tass, con empuje familiar\" \/>\n<meta property=\"og:description\" content=\"En la calle 14 n\u00famero 378, entre 15 y 17, este s\u00e1bado abri\u00f3 una helader\u00eda artesanal de producci\u00f3n familiar que tiene sabores nuevos y productos de excelente calidad a precios competitivos. Se trata de Tass helados artesanales, un emprendimiento familiar que est\u00e1 siendo muy bien recibido por la comunidad local. Algunos de los sabores llamativos [&hellip;]\" \/>\n<meta property=\"og:url\" content=\"https:\/\/noticiasmercedinas.com\/site\/2019\/01\/28\/helados-artesanales-tass-con-empuje-familiar\/\" \/>\n<meta property=\"og:site_name\" content=\"NOTICIASMERCEDINAS.COM\" \/>\n<meta property=\"article:publisher\" content=\"https:\/\/www.facebook.com\/noticiasmercedinas\/\" \/>\n<meta property=\"article:author\" content=\"https:\/\/www.facebook.com\/cristian.falabella\" \/>\n<meta property=\"article:published_time\" content=\"2019-01-28T19:22:36+00:00\" \/>\n<meta property=\"article:modified_time\" content=\"2019-01-28T19:23:47+00:00\" \/>\n<meta property=\"og:image\" content=\"https:\/\/noticiasmercedinas.com\/site\/wp-content\/uploads\/2019\/01\/24f8d6d9-6666-4671-90c8-4b2508d6c1f5.jpg\" \/>\n\t<meta property=\"og:image:width\" content=\"640\" \/>\n\t<meta property=\"og:image:height\" content=\"371\" \/>\n\t<meta property=\"og:image:type\" content=\"image\/jpeg\" \/>\n<meta name=\"author\" content=\"Cristian Falabella NOTICIASMERCEDINAS.COM\" \/>\n<meta name=\"twitter:card\" content=\"summary_large_image\" \/>\n<meta name=\"twitter:creator\" content=\"@https:\/\/twitter.com\/NOTMERCEDINAS\" \/>\n<meta name=\"twitter:site\" content=\"@notmercedinas\" \/>\n<meta name=\"twitter:label1\" content=\"Escrito por\" \/>\n\t<meta name=\"twitter:data1\" content=\"Cristian Falabella NOTICIASMERCEDINAS.COM\" \/>\n\t<meta name=\"twitter:label2\" content=\"Tiempo de lectura\" \/>\n\t<meta name=\"twitter:data2\" content=\"3 minutos\" \/>\n<script type=\"application\/ld+json\" class=\"yoast-schema-graph\">{\"@context\":\"https:\\\/\\\/schema.org\",\"@graph\":[{\"@type\":\"Article\",\"@id\":\"https:\\\/\\\/noticiasmercedinas.com\\\/site\\\/2019\\\/01\\\/28\\\/helados-artesanales-tass-con-empuje-familiar\\\/#article\",\"isPartOf\":{\"@id\":\"https:\\\/\\\/noticiasmercedinas.com\\\/site\\\/2019\\\/01\\\/28\\\/helados-artesanales-tass-con-empuje-familiar\\\/\"},\"author\":{\"name\":\"Cristian Falabella NOTICIASMERCEDINAS.COM\",\"@id\":\"https:\\\/\\\/noticiasmercedinas.com\\\/site\\\/#\\\/schema\\\/person\\\/d481a9696a5feaec13a60e2bbd991a6a\"},\"headline\":\"Helados artesanales Tass, con empuje familiar\",\"datePublished\":\"2019-01-28T19:22:36+00:00\",\"dateModified\":\"2019-01-28T19:23:47+00:00\",\"mainEntityOfPage\":{\"@id\":\"https:\\\/\\\/noticiasmercedinas.com\\\/site\\\/2019\\\/01\\\/28\\\/helados-artesanales-tass-con-empuje-familiar\\\/\"},\"wordCount\":563,\"commentCount\":0,\"publisher\":{\"@id\":\"https:\\\/\\\/noticiasmercedinas.com\\\/site\\\/#organization\"},\"image\":{\"@id\":\"https:\\\/\\\/noticiasmercedinas.com\\\/site\\\/2019\\\/01\\\/28\\\/helados-artesanales-tass-con-empuje-familiar\\\/#primaryimage\"},\"thumbnailUrl\":\"https:\\\/\\\/noticiasmercedinas.com\\\/site\\\/wp-content\\\/uploads\\\/2019\\\/01\\\/24f8d6d9-6666-4671-90c8-4b2508d6c1f5.jpg\",\"keywords\":[\"emprendimiento familiar\",\"familia tassara\",\"helados\",\"helados artesanales\",\"hernan tassara\",\"marta tassara\",\"tass\"],\"articleSection\":[\"Emprendimientos\"],\"inLanguage\":\"es\",\"potentialAction\":[{\"@type\":\"CommentAction\",\"name\":\"Comment\",\"target\":[\"https:\\\/\\\/noticiasmercedinas.com\\\/site\\\/2019\\\/01\\\/28\\\/helados-artesanales-tass-con-empuje-familiar\\\/#respond\"]}]},{\"@type\":\"WebPage\",\"@id\":\"https:\\\/\\\/noticiasmercedinas.com\\\/site\\\/2019\\\/01\\\/28\\\/helados-artesanales-tass-con-empuje-familiar\\\/\",\"url\":\"https:\\\/\\\/noticiasmercedinas.com\\\/site\\\/2019\\\/01\\\/28\\\/helados-artesanales-tass-con-empuje-familiar\\\/\",\"name\":\"Helados artesanales Tass, con empuje familiar\",\"isPartOf\":{\"@id\":\"https:\\\/\\\/noticiasmercedinas.com\\\/site\\\/#website\"},\"primaryImageOfPage\":{\"@id\":\"https:\\\/\\\/noticiasmercedinas.com\\\/site\\\/2019\\\/01\\\/28\\\/helados-artesanales-tass-con-empuje-familiar\\\/#primaryimage\"},\"image\":{\"@id\":\"https:\\\/\\\/noticiasmercedinas.com\\\/site\\\/2019\\\/01\\\/28\\\/helados-artesanales-tass-con-empuje-familiar\\\/#primaryimage\"},\"thumbnailUrl\":\"https:\\\/\\\/noticiasmercedinas.com\\\/site\\\/wp-content\\\/uploads\\\/2019\\\/01\\\/24f8d6d9-6666-4671-90c8-4b2508d6c1f5.jpg\",\"datePublished\":\"2019-01-28T19:22:36+00:00\",\"dateModified\":\"2019-01-28T19:23:47+00:00\",\"breadcrumb\":{\"@id\":\"https:\\\/\\\/noticiasmercedinas.com\\\/site\\\/2019\\\/01\\\/28\\\/helados-artesanales-tass-con-empuje-familiar\\\/#breadcrumb\"},\"inLanguage\":\"es\",\"potentialAction\":[{\"@type\":\"ReadAction\",\"target\":[\"https:\\\/\\\/noticiasmercedinas.com\\\/site\\\/2019\\\/01\\\/28\\\/helados-artesanales-tass-con-empuje-familiar\\\/\"]}]},{\"@type\":\"ImageObject\",\"inLanguage\":\"es\",\"@id\":\"https:\\\/\\\/noticiasmercedinas.com\\\/site\\\/2019\\\/01\\\/28\\\/helados-artesanales-tass-con-empuje-familiar\\\/#primaryimage\",\"url\":\"https:\\\/\\\/noticiasmercedinas.com\\\/site\\\/wp-content\\\/uploads\\\/2019\\\/01\\\/24f8d6d9-6666-4671-90c8-4b2508d6c1f5.jpg\",\"contentUrl\":\"https:\\\/\\\/noticiasmercedinas.com\\\/site\\\/wp-content\\\/uploads\\\/2019\\\/01\\\/24f8d6d9-6666-4671-90c8-4b2508d6c1f5.jpg\",\"width\":640,\"height\":371},{\"@type\":\"BreadcrumbList\",\"@id\":\"https:\\\/\\\/noticiasmercedinas.com\\\/site\\\/2019\\\/01\\\/28\\\/helados-artesanales-tass-con-empuje-familiar\\\/#breadcrumb\",\"itemListElement\":[{\"@type\":\"ListItem\",\"position\":1,\"name\":\"Portada\",\"item\":\"https:\\\/\\\/noticiasmercedinas.com\\\/site\\\/\"},{\"@type\":\"ListItem\",\"position\":2,\"name\":\"Helados artesanales Tass, con empuje familiar\"}]},{\"@type\":\"WebSite\",\"@id\":\"https:\\\/\\\/noticiasmercedinas.com\\\/site\\\/#website\",\"url\":\"https:\\\/\\\/noticiasmercedinas.com\\\/site\\\/\",\"name\":\"NOTICIASMERCEDINAS.COM\",\"description\":\"Mercedes, Buenos Aires, Argentina\",\"publisher\":{\"@id\":\"https:\\\/\\\/noticiasmercedinas.com\\\/site\\\/#organization\"},\"potentialAction\":[{\"@type\":\"SearchAction\",\"target\":{\"@type\":\"EntryPoint\",\"urlTemplate\":\"https:\\\/\\\/noticiasmercedinas.com\\\/site\\\/?s={search_term_string}\"},\"query-input\":{\"@type\":\"PropertyValueSpecification\",\"valueRequired\":true,\"valueName\":\"search_term_string\"}}],\"inLanguage\":\"es\"},{\"@type\":\"Organization\",\"@id\":\"https:\\\/\\\/noticiasmercedinas.com\\\/site\\\/#organization\",\"name\":\"NOTICIASMERCEDINAS.COM\",\"url\":\"https:\\\/\\\/noticiasmercedinas.com\\\/site\\\/\",\"logo\":{\"@type\":\"ImageObject\",\"inLanguage\":\"es\",\"@id\":\"https:\\\/\\\/noticiasmercedinas.com\\\/site\\\/#\\\/schema\\\/logo\\\/image\\\/\",\"url\":\"https:\\\/\\\/noticiasmercedinas.com\\\/site\\\/wp-content\\\/uploads\\\/2020\\\/06\\\/LOGO-512.jpg\",\"contentUrl\":\"https:\\\/\\\/noticiasmercedinas.com\\\/site\\\/wp-content\\\/uploads\\\/2020\\\/06\\\/LOGO-512.jpg\",\"width\":512,\"height\":512,\"caption\":\"NOTICIASMERCEDINAS.COM\"},\"image\":{\"@id\":\"https:\\\/\\\/noticiasmercedinas.com\\\/site\\\/#\\\/schema\\\/logo\\\/image\\\/\"},\"sameAs\":[\"https:\\\/\\\/www.facebook.com\\\/noticiasmercedinas\\\/\",\"https:\\\/\\\/x.com\\\/notmercedinas\",\"https:\\\/\\\/www.instagram.com\\\/noticiasmercedinas\\\/\"]},{\"@type\":\"Person\",\"@id\":\"https:\\\/\\\/noticiasmercedinas.com\\\/site\\\/#\\\/schema\\\/person\\\/d481a9696a5feaec13a60e2bbd991a6a\",\"name\":\"Cristian Falabella NOTICIASMERCEDINAS.COM\",\"image\":{\"@type\":\"ImageObject\",\"inLanguage\":\"es\",\"@id\":\"https:\\\/\\\/secure.gravatar.com\\\/avatar\\\/0dbbfc45970cc46bcd0e57766228574ff3511d6eed045b182f536f0f478c1f06?s=96&d=mm&r=g\",\"url\":\"https:\\\/\\\/secure.gravatar.com\\\/avatar\\\/0dbbfc45970cc46bcd0e57766228574ff3511d6eed045b182f536f0f478c1f06?s=96&d=mm&r=g\",\"contentUrl\":\"https:\\\/\\\/secure.gravatar.com\\\/avatar\\\/0dbbfc45970cc46bcd0e57766228574ff3511d6eed045b182f536f0f478c1f06?s=96&d=mm&r=g\",\"caption\":\"Cristian Falabella NOTICIASMERCEDINAS.COM\"},\"description\":\"Periodista, editor de Noticias Mercedinas. Pas\u00f3 por varias redacciones y emprendimientos de prensa, en distintos formatos y \u00e9pocas. Se especializ\u00f3 --y sigue haci\u00e9ndolo-- en comunicaci\u00f3n en la web y en junio de 2006 fund\u00f3 este diario digital.\",\"sameAs\":[\"https:\\\/\\\/noticiasmercedinas.com\",\"https:\\\/\\\/www.facebook.com\\\/cristian.falabella\",\"https:\\\/\\\/www.instagram.com\\\/noticiasmercedinas\\\/\",\"https:\\\/\\\/x.com\\\/https:\\\/\\\/twitter.com\\\/NOTMERCEDINAS\"],\"url\":\"https:\\\/\\\/noticiasmercedinas.com\\\/site\\\/author\\\/as000384\\\/\"}]}<\/script>\n<!-- \/ Yoast SEO plugin. -->","yoast_head_json":{"title":"Helados artesanales Tass, con empuje familiar","robots":{"index":"index","follow":"follow","max-snippet":"max-snippet:-1","max-image-preview":"max-image-preview:large","max-video-preview":"max-video-preview:-1"},"canonical":"https:\/\/noticiasmercedinas.com\/site\/2019\/01\/28\/helados-artesanales-tass-con-empuje-familiar\/","og_locale":"es_ES","og_type":"article","og_title":"Helados artesanales Tass, con empuje familiar","og_description":"En la calle 14 n\u00famero 378, entre 15 y 17, este s\u00e1bado abri\u00f3 una helader\u00eda artesanal de producci\u00f3n familiar que tiene sabores nuevos y productos de excelente calidad a precios competitivos. Se trata de Tass helados artesanales, un emprendimiento familiar que est\u00e1 siendo muy bien recibido por la comunidad local. Algunos de los sabores llamativos [&hellip;]","og_url":"https:\/\/noticiasmercedinas.com\/site\/2019\/01\/28\/helados-artesanales-tass-con-empuje-familiar\/","og_site_name":"NOTICIASMERCEDINAS.COM","article_publisher":"https:\/\/www.facebook.com\/noticiasmercedinas\/","article_author":"https:\/\/www.facebook.com\/cristian.falabella","article_published_time":"2019-01-28T19:22:36+00:00","article_modified_time":"2019-01-28T19:23:47+00:00","og_image":[{"width":640,"height":371,"url":"https:\/\/noticiasmercedinas.com\/site\/wp-content\/uploads\/2019\/01\/24f8d6d9-6666-4671-90c8-4b2508d6c1f5.jpg","type":"image\/jpeg"}],"author":"Cristian Falabella NOTICIASMERCEDINAS.COM","twitter_card":"summary_large_image","twitter_creator":"@https:\/\/twitter.com\/NOTMERCEDINAS","twitter_site":"@notmercedinas","twitter_misc":{"Escrito por":"Cristian Falabella NOTICIASMERCEDINAS.COM","Tiempo de lectura":"3 minutos"},"schema":{"@context":"https:\/\/schema.org","@graph":[{"@type":"Article","@id":"https:\/\/noticiasmercedinas.com\/site\/2019\/01\/28\/helados-artesanales-tass-con-empuje-familiar\/#article","isPartOf":{"@id":"https:\/\/noticiasmercedinas.com\/site\/2019\/01\/28\/helados-artesanales-tass-con-empuje-familiar\/"},"author":{"name":"Cristian Falabella NOTICIASMERCEDINAS.COM","@id":"https:\/\/noticiasmercedinas.com\/site\/#\/schema\/person\/d481a9696a5feaec13a60e2bbd991a6a"},"headline":"Helados artesanales Tass, con empuje familiar","datePublished":"2019-01-28T19:22:36+00:00","dateModified":"2019-01-28T19:23:47+00:00","mainEntityOfPage":{"@id":"https:\/\/noticiasmercedinas.com\/site\/2019\/01\/28\/helados-artesanales-tass-con-empuje-familiar\/"},"wordCount":563,"commentCount":0,"publisher":{"@id":"https:\/\/noticiasmercedinas.com\/site\/#organization"},"image":{"@id":"https:\/\/noticiasmercedinas.com\/site\/2019\/01\/28\/helados-artesanales-tass-con-empuje-familiar\/#primaryimage"},"thumbnailUrl":"https:\/\/noticiasmercedinas.com\/site\/wp-content\/uploads\/2019\/01\/24f8d6d9-6666-4671-90c8-4b2508d6c1f5.jpg","keywords":["emprendimiento familiar","familia tassara","helados","helados artesanales","hernan tassara","marta tassara","tass"],"articleSection":["Emprendimientos"],"inLanguage":"es","potentialAction":[{"@type":"CommentAction","name":"Comment","target":["https:\/\/noticiasmercedinas.com\/site\/2019\/01\/28\/helados-artesanales-tass-con-empuje-familiar\/#respond"]}]},{"@type":"WebPage","@id":"https:\/\/noticiasmercedinas.com\/site\/2019\/01\/28\/helados-artesanales-tass-con-empuje-familiar\/","url":"https:\/\/noticiasmercedinas.com\/site\/2019\/01\/28\/helados-artesanales-tass-con-empuje-familiar\/","name":"Helados artesanales Tass, con empuje familiar","isPartOf":{"@id":"https:\/\/noticiasmercedinas.com\/site\/#website"},"primaryImageOfPage":{"@id":"https:\/\/noticiasmercedinas.com\/site\/2019\/01\/28\/helados-artesanales-tass-con-empuje-familiar\/#primaryimage"},"image":{"@id":"https:\/\/noticiasmercedinas.com\/site\/2019\/01\/28\/helados-artesanales-tass-con-empuje-familiar\/#primaryimage"},"thumbnailUrl":"https:\/\/noticiasmercedinas.com\/site\/wp-content\/uploads\/2019\/01\/24f8d6d9-6666-4671-90c8-4b2508d6c1f5.jpg","datePublished":"2019-01-28T19:22:36+00:00","dateModified":"2019-01-28T19:23:47+00:00","breadcrumb":{"@id":"https:\/\/noticiasmercedinas.com\/site\/2019\/01\/28\/helados-artesanales-tass-con-empuje-familiar\/#breadcrumb"},"inLanguage":"es","potentialAction":[{"@type":"ReadAction","target":["https:\/\/noticiasmercedinas.com\/site\/2019\/01\/28\/helados-artesanales-tass-con-empuje-familiar\/"]}]},{"@type":"ImageObject","inLanguage":"es","@id":"https:\/\/noticiasmercedinas.com\/site\/2019\/01\/28\/helados-artesanales-tass-con-empuje-familiar\/#primaryimage","url":"https:\/\/noticiasmercedinas.com\/site\/wp-content\/uploads\/2019\/01\/24f8d6d9-6666-4671-90c8-4b2508d6c1f5.jpg","contentUrl":"https:\/\/noticiasmercedinas.com\/site\/wp-content\/uploads\/2019\/01\/24f8d6d9-6666-4671-90c8-4b2508d6c1f5.jpg","width":640,"height":371},{"@type":"BreadcrumbList","@id":"https:\/\/noticiasmercedinas.com\/site\/2019\/01\/28\/helados-artesanales-tass-con-empuje-familiar\/#breadcrumb","itemListElement":[{"@type":"ListItem","position":1,"name":"Portada","item":"https:\/\/noticiasmercedinas.com\/site\/"},{"@type":"ListItem","position":2,"name":"Helados artesanales Tass, con empuje familiar"}]},{"@type":"WebSite","@id":"https:\/\/noticiasmercedinas.com\/site\/#website","url":"https:\/\/noticiasmercedinas.com\/site\/","name":"NOTICIASMERCEDINAS.COM","description":"Mercedes, Buenos Aires, Argentina","publisher":{"@id":"https:\/\/noticiasmercedinas.com\/site\/#organization"},"potentialAction":[{"@type":"SearchAction","target":{"@type":"EntryPoint","urlTemplate":"https:\/\/noticiasmercedinas.com\/site\/?s={search_term_string}"},"query-input":{"@type":"PropertyValueSpecification","valueRequired":true,"valueName":"search_term_string"}}],"inLanguage":"es"},{"@type":"Organization","@id":"https:\/\/noticiasmercedinas.com\/site\/#organization","name":"NOTICIASMERCEDINAS.COM","url":"https:\/\/noticiasmercedinas.com\/site\/","logo":{"@type":"ImageObject","inLanguage":"es","@id":"https:\/\/noticiasmercedinas.com\/site\/#\/schema\/logo\/image\/","url":"https:\/\/noticiasmercedinas.com\/site\/wp-content\/uploads\/2020\/06\/LOGO-512.jpg","contentUrl":"https:\/\/noticiasmercedinas.com\/site\/wp-content\/uploads\/2020\/06\/LOGO-512.jpg","width":512,"height":512,"caption":"NOTICIASMERCEDINAS.COM"},"image":{"@id":"https:\/\/noticiasmercedinas.com\/site\/#\/schema\/logo\/image\/"},"sameAs":["https:\/\/www.facebook.com\/noticiasmercedinas\/","https:\/\/x.com\/notmercedinas","https:\/\/www.instagram.com\/noticiasmercedinas\/"]},{"@type":"Person","@id":"https:\/\/noticiasmercedinas.com\/site\/#\/schema\/person\/d481a9696a5feaec13a60e2bbd991a6a","name":"Cristian Falabella NOTICIASMERCEDINAS.COM","image":{"@type":"ImageObject","inLanguage":"es","@id":"https:\/\/secure.gravatar.com\/avatar\/0dbbfc45970cc46bcd0e57766228574ff3511d6eed045b182f536f0f478c1f06?s=96&d=mm&r=g","url":"https:\/\/secure.gravatar.com\/avatar\/0dbbfc45970cc46bcd0e57766228574ff3511d6eed045b182f536f0f478c1f06?s=96&d=mm&r=g","contentUrl":"https:\/\/secure.gravatar.com\/avatar\/0dbbfc45970cc46bcd0e57766228574ff3511d6eed045b182f536f0f478c1f06?s=96&d=mm&r=g","caption":"Cristian Falabella NOTICIASMERCEDINAS.COM"},"description":"Periodista, editor de Noticias Mercedinas. Pas\u00f3 por varias redacciones y emprendimientos de prensa, en distintos formatos y \u00e9pocas. Se especializ\u00f3 --y sigue haci\u00e9ndolo-- en comunicaci\u00f3n en la web y en junio de 2006 fund\u00f3 este diario digital.","sameAs":["https:\/\/noticiasmercedinas.com","https:\/\/www.facebook.com\/cristian.falabella","https:\/\/www.instagram.com\/noticiasmercedinas\/","https:\/\/x.com\/https:\/\/twitter.com\/NOTMERCEDINAS"],"url":"https:\/\/noticiasmercedinas.com\/site\/author\/as000384\/"}]}},"amp_enabled":true,"_links":{"self":[{"href":"https:\/\/noticiasmercedinas.com\/site\/wp-json\/wp\/v2\/posts\/11417","targetHints":{"allow":["GET"]}}],"collection":[{"href":"https:\/\/noticiasmercedinas.com\/site\/wp-json\/wp\/v2\/posts"}],"about":[{"href":"https:\/\/noticiasmercedinas.com\/site\/wp-json\/wp\/v2\/types\/post"}],"author":[{"embeddable":true,"href":"https:\/\/noticiasmercedinas.com\/site\/wp-json\/wp\/v2\/users\/2"}],"replies":[{"embeddable":true,"href":"https:\/\/noticiasmercedinas.com\/site\/wp-json\/wp\/v2\/comments?post=11417"}],"version-history":[{"count":2,"href":"https:\/\/noticiasmercedinas.com\/site\/wp-json\/wp\/v2\/posts\/11417\/revisions"}],"predecessor-version":[{"id":11426,"href":"https:\/\/noticiasmercedinas.com\/site\/wp-json\/wp\/v2\/posts\/11417\/revisions\/11426"}],"wp:featuredmedia":[{"embeddable":true,"href":"https:\/\/noticiasmercedinas.com\/site\/wp-json\/wp\/v2\/media\/11419"}],"wp:attachment":[{"href":"https:\/\/noticiasmercedinas.com\/site\/wp-json\/wp\/v2\/media?parent=11417"}],"wp:term":[{"taxonomy":"category","embeddable":true,"href":"https:\/\/noticiasmercedinas.com\/site\/wp-json\/wp\/v2\/categories?post=11417"},{"taxonomy":"post_tag","embeddable":true,"href":"https:\/\/noticiasmercedinas.com\/site\/wp-json\/wp\/v2\/tags?post=11417"}],"curies":[{"name":"wp","href":"https:\/\/api.w.org\/{rel}","templated":true}]}}