{"id":114372,"date":"2023-05-07T22:28:38","date_gmt":"2023-05-08T01:28:38","guid":{"rendered":"https:\/\/noticiasmercedinas.com\/site\/?p=114372"},"modified":"2023-05-07T22:28:38","modified_gmt":"2023-05-08T01:28:38","slug":"habra-una-charla-abierta-con-un-luthier-en-el-conservatorio-de-musica","status":"publish","type":"post","link":"https:\/\/noticiasmercedinas.com\/site\/2023\/05\/07\/habra-una-charla-abierta-con-un-luthier-en-el-conservatorio-de-musica\/","title":{"rendered":"Habr\u00e1 una charla abierta con un luthier, en el Conservatorio de M\u00fasica"},"content":{"rendered":"<p><img loading=\"lazy\" decoding=\"async\" class=\"alignnone size-large wp-image-114373\" src=\"https:\/\/noticiasmercedinas.com\/site\/wp-content\/uploads\/2023\/05\/342974943_1315769372359090_2652479151103810561_n-1024x576.jpg\" alt=\"\" width=\"640\" height=\"360\" srcset=\"https:\/\/noticiasmercedinas.com\/site\/wp-content\/uploads\/2023\/05\/342974943_1315769372359090_2652479151103810561_n-1024x576.jpg 1024w, https:\/\/noticiasmercedinas.com\/site\/wp-content\/uploads\/2023\/05\/342974943_1315769372359090_2652479151103810561_n-300x169.jpg 300w, https:\/\/noticiasmercedinas.com\/site\/wp-content\/uploads\/2023\/05\/342974943_1315769372359090_2652479151103810561_n-768x432.jpg 768w, https:\/\/noticiasmercedinas.com\/site\/wp-content\/uploads\/2023\/05\/342974943_1315769372359090_2652479151103810561_n-640x360.jpg 640w, https:\/\/noticiasmercedinas.com\/site\/wp-content\/uploads\/2023\/05\/342974943_1315769372359090_2652479151103810561_n-681x383.jpg 681w, https:\/\/noticiasmercedinas.com\/site\/wp-content\/uploads\/2023\/05\/342974943_1315769372359090_2652479151103810561_n.jpg 1040w\" sizes=\"auto, (max-width: 640px) 100vw, 640px\" \/><\/p>\n<p>El Conservatorio de M\u00fasica de Mercedes se complace en anunciar la visita del destacado luthier <strong>Pablo Toscanin<\/strong>i, quien brindar\u00e1 una charla sobre la construcci\u00f3n y mantenimiento de guitarras y otros instrumentos de cuerda.<\/p>\n<p>La charla, que es abierta a toda la comunidad del conservatorio, amigos y conocidos interesados en el tema, se llevar\u00e1 a cabo el pr\u00f3ximo lunes 8 de mayo a las 13 horas en las instalaciones del conservatorio, ubicado en la calle 12 n\u00b0 520.<\/p>\n<p>Durante la actividad, los asistentes tendr\u00e1n la oportunidad de aprender m\u00e1s sobre la construcci\u00f3n de instrumentos de cuerda, as\u00ed como tambi\u00e9n sobre su mantenimiento y cuidado. Adem\u00e1s, podr\u00e1n despejar sus dudas y hacer consultas al reconocido Luthier Pablo Toscanini.<\/p>\n<p>La actividad es totalmente gratuita y no requiere inscripci\u00f3n previa. Todos est\u00e1n invitados a asistir y disfrutar de esta interesante charla sobre la construcci\u00f3n y mantenimiento de guitarras y otros instrumentos de cuerda.<\/p>\n<p>La invitaci\u00f3n abierta es en el Conservatorio de M\u00fasica de Mercedes.<\/p>\n","protected":false},"excerpt":{"rendered":"<p>\u25a0 Pablo Toscanini brindar\u00e1 una charla sobre la construcci\u00f3n y mantenimiento de guitarras y otros instrumentos de cuerda, este lunes 8 desde las 13 horas, en la calle 12 n\u00b0 520<\/p>\n","protected":false},"author":16,"featured_media":114373,"comment_status":"closed","ping_status":"closed","sticky":false,"template":"","format":"standard","meta":{"footnotes":""},"categories":[4],"tags":[13073,16785,16786],"class_list":["post-114372","post","type-post","status-publish","format-standard","has-post-thumbnail","hentry","category-cultura","tag-conservatorio-de-musica-de-mercedes","tag-luthier","tag-pablo-toscanini"],"yoast_head":"<!-- This site is optimized with the Yoast SEO plugin v27.5 - https:\/\/yoast.com\/product\/yoast-seo-wordpress\/ -->\n<title>Habr\u00e1 una charla abierta con un luthier, en el Conservatorio de M\u00fasica<\/title>\n<meta name=\"robots\" content=\"index, follow, max-snippet:-1, max-image-preview:large, max-video-preview:-1\" \/>\n<link rel=\"canonical\" href=\"https:\/\/noticiasmercedinas.com\/site\/2023\/05\/07\/habra-una-charla-abierta-con-un-luthier-en-el-conservatorio-de-musica\/\" \/>\n<meta property=\"og:locale\" content=\"es_ES\" \/>\n<meta property=\"og:type\" content=\"article\" \/>\n<meta property=\"og:title\" content=\"Habr\u00e1 una charla abierta con un luthier, en el Conservatorio de M\u00fasica\" \/>\n<meta property=\"og:description\" content=\"\u25a0 Pablo Toscanini brindar\u00e1 una charla sobre la construcci\u00f3n y mantenimiento de guitarras y otros instrumentos de cuerda, este lunes 8 desde las 13 horas, en la calle 12 n\u00b0 520\" \/>\n<meta property=\"og:url\" content=\"https:\/\/noticiasmercedinas.com\/site\/2023\/05\/07\/habra-una-charla-abierta-con-un-luthier-en-el-conservatorio-de-musica\/\" \/>\n<meta property=\"og:site_name\" content=\"NOTICIASMERCEDINAS.COM\" \/>\n<meta property=\"article:publisher\" content=\"https:\/\/www.facebook.com\/noticiasmercedinas\/\" \/>\n<meta property=\"article:published_time\" content=\"2023-05-08T01:28:38+00:00\" \/>\n<meta property=\"og:image\" content=\"https:\/\/noticiasmercedinas.com\/site\/wp-content\/uploads\/2023\/05\/342974943_1315769372359090_2652479151103810561_n.jpg\" \/>\n\t<meta property=\"og:image:width\" content=\"1040\" \/>\n\t<meta property=\"og:image:height\" content=\"585\" \/>\n\t<meta property=\"og:image:type\" content=\"image\/jpeg\" \/>\n<meta name=\"author\" content=\"NOTICIASMERCEDINAS.COM\" \/>\n<meta name=\"twitter:card\" content=\"summary_large_image\" \/>\n<meta name=\"twitter:creator\" content=\"@notmercedinas\" \/>\n<meta name=\"twitter:site\" content=\"@notmercedinas\" \/>\n<meta name=\"twitter:label1\" content=\"Escrito por\" \/>\n\t<meta name=\"twitter:data1\" content=\"NOTICIASMERCEDINAS.COM\" \/>\n\t<meta name=\"twitter:label2\" content=\"Tiempo de lectura\" \/>\n\t<meta name=\"twitter:data2\" content=\"1 minuto\" \/>\n<script type=\"application\/ld+json\" class=\"yoast-schema-graph\">{\"@context\":\"https:\\\/\\\/schema.org\",\"@graph\":[{\"@type\":\"Article\",\"@id\":\"https:\\\/\\\/noticiasmercedinas.com\\\/site\\\/2023\\\/05\\\/07\\\/habra-una-charla-abierta-con-un-luthier-en-el-conservatorio-de-musica\\\/#article\",\"isPartOf\":{\"@id\":\"https:\\\/\\\/noticiasmercedinas.com\\\/site\\\/2023\\\/05\\\/07\\\/habra-una-charla-abierta-con-un-luthier-en-el-conservatorio-de-musica\\\/\"},\"author\":{\"name\":\"NOTICIASMERCEDINAS.COM\",\"@id\":\"https:\\\/\\\/noticiasmercedinas.com\\\/site\\\/#\\\/schema\\\/person\\\/84b59c099c28ff2e8b77d4ceec5d8063\"},\"headline\":\"Habr\u00e1 una charla abierta con un luthier, en el Conservatorio de M\u00fasica\",\"datePublished\":\"2023-05-08T01:28:38+00:00\",\"mainEntityOfPage\":{\"@id\":\"https:\\\/\\\/noticiasmercedinas.com\\\/site\\\/2023\\\/05\\\/07\\\/habra-una-charla-abierta-con-un-luthier-en-el-conservatorio-de-musica\\\/\"},\"wordCount\":183,\"publisher\":{\"@id\":\"https:\\\/\\\/noticiasmercedinas.com\\\/site\\\/#organization\"},\"image\":{\"@id\":\"https:\\\/\\\/noticiasmercedinas.com\\\/site\\\/2023\\\/05\\\/07\\\/habra-una-charla-abierta-con-un-luthier-en-el-conservatorio-de-musica\\\/#primaryimage\"},\"thumbnailUrl\":\"https:\\\/\\\/noticiasmercedinas.com\\\/site\\\/wp-content\\\/uploads\\\/2023\\\/05\\\/342974943_1315769372359090_2652479151103810561_n.jpg\",\"keywords\":[\"Conservatorio de M\u00fasica de Mercedes\",\"luthier\",\"pablo toscanini\"],\"articleSection\":[\"Cultura\"],\"inLanguage\":\"es\"},{\"@type\":\"WebPage\",\"@id\":\"https:\\\/\\\/noticiasmercedinas.com\\\/site\\\/2023\\\/05\\\/07\\\/habra-una-charla-abierta-con-un-luthier-en-el-conservatorio-de-musica\\\/\",\"url\":\"https:\\\/\\\/noticiasmercedinas.com\\\/site\\\/2023\\\/05\\\/07\\\/habra-una-charla-abierta-con-un-luthier-en-el-conservatorio-de-musica\\\/\",\"name\":\"Habr\u00e1 una charla abierta con un luthier, en el Conservatorio de M\u00fasica\",\"isPartOf\":{\"@id\":\"https:\\\/\\\/noticiasmercedinas.com\\\/site\\\/#website\"},\"primaryImageOfPage\":{\"@id\":\"https:\\\/\\\/noticiasmercedinas.com\\\/site\\\/2023\\\/05\\\/07\\\/habra-una-charla-abierta-con-un-luthier-en-el-conservatorio-de-musica\\\/#primaryimage\"},\"image\":{\"@id\":\"https:\\\/\\\/noticiasmercedinas.com\\\/site\\\/2023\\\/05\\\/07\\\/habra-una-charla-abierta-con-un-luthier-en-el-conservatorio-de-musica\\\/#primaryimage\"},\"thumbnailUrl\":\"https:\\\/\\\/noticiasmercedinas.com\\\/site\\\/wp-content\\\/uploads\\\/2023\\\/05\\\/342974943_1315769372359090_2652479151103810561_n.jpg\",\"datePublished\":\"2023-05-08T01:28:38+00:00\",\"breadcrumb\":{\"@id\":\"https:\\\/\\\/noticiasmercedinas.com\\\/site\\\/2023\\\/05\\\/07\\\/habra-una-charla-abierta-con-un-luthier-en-el-conservatorio-de-musica\\\/#breadcrumb\"},\"inLanguage\":\"es\",\"potentialAction\":[{\"@type\":\"ReadAction\",\"target\":[\"https:\\\/\\\/noticiasmercedinas.com\\\/site\\\/2023\\\/05\\\/07\\\/habra-una-charla-abierta-con-un-luthier-en-el-conservatorio-de-musica\\\/\"]}]},{\"@type\":\"ImageObject\",\"inLanguage\":\"es\",\"@id\":\"https:\\\/\\\/noticiasmercedinas.com\\\/site\\\/2023\\\/05\\\/07\\\/habra-una-charla-abierta-con-un-luthier-en-el-conservatorio-de-musica\\\/#primaryimage\",\"url\":\"https:\\\/\\\/noticiasmercedinas.com\\\/site\\\/wp-content\\\/uploads\\\/2023\\\/05\\\/342974943_1315769372359090_2652479151103810561_n.jpg\",\"contentUrl\":\"https:\\\/\\\/noticiasmercedinas.com\\\/site\\\/wp-content\\\/uploads\\\/2023\\\/05\\\/342974943_1315769372359090_2652479151103810561_n.jpg\",\"width\":1040,\"height\":585},{\"@type\":\"BreadcrumbList\",\"@id\":\"https:\\\/\\\/noticiasmercedinas.com\\\/site\\\/2023\\\/05\\\/07\\\/habra-una-charla-abierta-con-un-luthier-en-el-conservatorio-de-musica\\\/#breadcrumb\",\"itemListElement\":[{\"@type\":\"ListItem\",\"position\":1,\"name\":\"Portada\",\"item\":\"https:\\\/\\\/noticiasmercedinas.com\\\/site\\\/\"},{\"@type\":\"ListItem\",\"position\":2,\"name\":\"Habr\u00e1 una charla abierta con un luthier, en el Conservatorio de M\u00fasica\"}]},{\"@type\":\"WebSite\",\"@id\":\"https:\\\/\\\/noticiasmercedinas.com\\\/site\\\/#website\",\"url\":\"https:\\\/\\\/noticiasmercedinas.com\\\/site\\\/\",\"name\":\"NOTICIASMERCEDINAS.COM\",\"description\":\"Mercedes, Buenos Aires, Argentina\",\"publisher\":{\"@id\":\"https:\\\/\\\/noticiasmercedinas.com\\\/site\\\/#organization\"},\"potentialAction\":[{\"@type\":\"SearchAction\",\"target\":{\"@type\":\"EntryPoint\",\"urlTemplate\":\"https:\\\/\\\/noticiasmercedinas.com\\\/site\\\/?s={search_term_string}\"},\"query-input\":{\"@type\":\"PropertyValueSpecification\",\"valueRequired\":true,\"valueName\":\"search_term_string\"}}],\"inLanguage\":\"es\"},{\"@type\":\"Organization\",\"@id\":\"https:\\\/\\\/noticiasmercedinas.com\\\/site\\\/#organization\",\"name\":\"NOTICIASMERCEDINAS.COM\",\"url\":\"https:\\\/\\\/noticiasmercedinas.com\\\/site\\\/\",\"logo\":{\"@type\":\"ImageObject\",\"inLanguage\":\"es\",\"@id\":\"https:\\\/\\\/noticiasmercedinas.com\\\/site\\\/#\\\/schema\\\/logo\\\/image\\\/\",\"url\":\"https:\\\/\\\/noticiasmercedinas.com\\\/site\\\/wp-content\\\/uploads\\\/2020\\\/06\\\/LOGO-512.jpg\",\"contentUrl\":\"https:\\\/\\\/noticiasmercedinas.com\\\/site\\\/wp-content\\\/uploads\\\/2020\\\/06\\\/LOGO-512.jpg\",\"width\":512,\"height\":512,\"caption\":\"NOTICIASMERCEDINAS.COM\"},\"image\":{\"@id\":\"https:\\\/\\\/noticiasmercedinas.com\\\/site\\\/#\\\/schema\\\/logo\\\/image\\\/\"},\"sameAs\":[\"https:\\\/\\\/www.facebook.com\\\/noticiasmercedinas\\\/\",\"https:\\\/\\\/x.com\\\/notmercedinas\",\"https:\\\/\\\/www.instagram.com\\\/noticiasmercedinas\\\/\"]},{\"@type\":\"Person\",\"@id\":\"https:\\\/\\\/noticiasmercedinas.com\\\/site\\\/#\\\/schema\\\/person\\\/84b59c099c28ff2e8b77d4ceec5d8063\",\"name\":\"NOTICIASMERCEDINAS.COM\",\"image\":{\"@type\":\"ImageObject\",\"inLanguage\":\"es\",\"@id\":\"https:\\\/\\\/secure.gravatar.com\\\/avatar\\\/4dfbf16b4d17945bfb6341b2d19043457132fcf478a5ee04f42e959fd8f5df0a?s=96&d=mm&r=g\",\"url\":\"https:\\\/\\\/secure.gravatar.com\\\/avatar\\\/4dfbf16b4d17945bfb6341b2d19043457132fcf478a5ee04f42e959fd8f5df0a?s=96&d=mm&r=g\",\"contentUrl\":\"https:\\\/\\\/secure.gravatar.com\\\/avatar\\\/4dfbf16b4d17945bfb6341b2d19043457132fcf478a5ee04f42e959fd8f5df0a?s=96&d=mm&r=g\",\"caption\":\"NOTICIASMERCEDINAS.COM\"},\"url\":\"https:\\\/\\\/noticiasmercedinas.com\\\/site\\\/author\\\/anonimo\\\/\"}]}<\/script>\n<!-- \/ Yoast SEO plugin. -->","yoast_head_json":{"title":"Habr\u00e1 una charla abierta con un luthier, en el Conservatorio de M\u00fasica","robots":{"index":"index","follow":"follow","max-snippet":"max-snippet:-1","max-image-preview":"max-image-preview:large","max-video-preview":"max-video-preview:-1"},"canonical":"https:\/\/noticiasmercedinas.com\/site\/2023\/05\/07\/habra-una-charla-abierta-con-un-luthier-en-el-conservatorio-de-musica\/","og_locale":"es_ES","og_type":"article","og_title":"Habr\u00e1 una charla abierta con un luthier, en el Conservatorio de M\u00fasica","og_description":"\u25a0 Pablo Toscanini brindar\u00e1 una charla sobre la construcci\u00f3n y mantenimiento de guitarras y otros instrumentos de cuerda, este lunes 8 desde las 13 horas, en la calle 12 n\u00b0 520","og_url":"https:\/\/noticiasmercedinas.com\/site\/2023\/05\/07\/habra-una-charla-abierta-con-un-luthier-en-el-conservatorio-de-musica\/","og_site_name":"NOTICIASMERCEDINAS.COM","article_publisher":"https:\/\/www.facebook.com\/noticiasmercedinas\/","article_published_time":"2023-05-08T01:28:38+00:00","og_image":[{"width":1040,"height":585,"url":"https:\/\/noticiasmercedinas.com\/site\/wp-content\/uploads\/2023\/05\/342974943_1315769372359090_2652479151103810561_n.jpg","type":"image\/jpeg"}],"author":"NOTICIASMERCEDINAS.COM","twitter_card":"summary_large_image","twitter_creator":"@notmercedinas","twitter_site":"@notmercedinas","twitter_misc":{"Escrito por":"NOTICIASMERCEDINAS.COM","Tiempo de lectura":"1 minuto"},"schema":{"@context":"https:\/\/schema.org","@graph":[{"@type":"Article","@id":"https:\/\/noticiasmercedinas.com\/site\/2023\/05\/07\/habra-una-charla-abierta-con-un-luthier-en-el-conservatorio-de-musica\/#article","isPartOf":{"@id":"https:\/\/noticiasmercedinas.com\/site\/2023\/05\/07\/habra-una-charla-abierta-con-un-luthier-en-el-conservatorio-de-musica\/"},"author":{"name":"NOTICIASMERCEDINAS.COM","@id":"https:\/\/noticiasmercedinas.com\/site\/#\/schema\/person\/84b59c099c28ff2e8b77d4ceec5d8063"},"headline":"Habr\u00e1 una charla abierta con un luthier, en el Conservatorio de M\u00fasica","datePublished":"2023-05-08T01:28:38+00:00","mainEntityOfPage":{"@id":"https:\/\/noticiasmercedinas.com\/site\/2023\/05\/07\/habra-una-charla-abierta-con-un-luthier-en-el-conservatorio-de-musica\/"},"wordCount":183,"publisher":{"@id":"https:\/\/noticiasmercedinas.com\/site\/#organization"},"image":{"@id":"https:\/\/noticiasmercedinas.com\/site\/2023\/05\/07\/habra-una-charla-abierta-con-un-luthier-en-el-conservatorio-de-musica\/#primaryimage"},"thumbnailUrl":"https:\/\/noticiasmercedinas.com\/site\/wp-content\/uploads\/2023\/05\/342974943_1315769372359090_2652479151103810561_n.jpg","keywords":["Conservatorio de M\u00fasica de Mercedes","luthier","pablo toscanini"],"articleSection":["Cultura"],"inLanguage":"es"},{"@type":"WebPage","@id":"https:\/\/noticiasmercedinas.com\/site\/2023\/05\/07\/habra-una-charla-abierta-con-un-luthier-en-el-conservatorio-de-musica\/","url":"https:\/\/noticiasmercedinas.com\/site\/2023\/05\/07\/habra-una-charla-abierta-con-un-luthier-en-el-conservatorio-de-musica\/","name":"Habr\u00e1 una charla abierta con un luthier, en el Conservatorio de M\u00fasica","isPartOf":{"@id":"https:\/\/noticiasmercedinas.com\/site\/#website"},"primaryImageOfPage":{"@id":"https:\/\/noticiasmercedinas.com\/site\/2023\/05\/07\/habra-una-charla-abierta-con-un-luthier-en-el-conservatorio-de-musica\/#primaryimage"},"image":{"@id":"https:\/\/noticiasmercedinas.com\/site\/2023\/05\/07\/habra-una-charla-abierta-con-un-luthier-en-el-conservatorio-de-musica\/#primaryimage"},"thumbnailUrl":"https:\/\/noticiasmercedinas.com\/site\/wp-content\/uploads\/2023\/05\/342974943_1315769372359090_2652479151103810561_n.jpg","datePublished":"2023-05-08T01:28:38+00:00","breadcrumb":{"@id":"https:\/\/noticiasmercedinas.com\/site\/2023\/05\/07\/habra-una-charla-abierta-con-un-luthier-en-el-conservatorio-de-musica\/#breadcrumb"},"inLanguage":"es","potentialAction":[{"@type":"ReadAction","target":["https:\/\/noticiasmercedinas.com\/site\/2023\/05\/07\/habra-una-charla-abierta-con-un-luthier-en-el-conservatorio-de-musica\/"]}]},{"@type":"ImageObject","inLanguage":"es","@id":"https:\/\/noticiasmercedinas.com\/site\/2023\/05\/07\/habra-una-charla-abierta-con-un-luthier-en-el-conservatorio-de-musica\/#primaryimage","url":"https:\/\/noticiasmercedinas.com\/site\/wp-content\/uploads\/2023\/05\/342974943_1315769372359090_2652479151103810561_n.jpg","contentUrl":"https:\/\/noticiasmercedinas.com\/site\/wp-content\/uploads\/2023\/05\/342974943_1315769372359090_2652479151103810561_n.jpg","width":1040,"height":585},{"@type":"BreadcrumbList","@id":"https:\/\/noticiasmercedinas.com\/site\/2023\/05\/07\/habra-una-charla-abierta-con-un-luthier-en-el-conservatorio-de-musica\/#breadcrumb","itemListElement":[{"@type":"ListItem","position":1,"name":"Portada","item":"https:\/\/noticiasmercedinas.com\/site\/"},{"@type":"ListItem","position":2,"name":"Habr\u00e1 una charla abierta con un luthier, en el Conservatorio de M\u00fasica"}]},{"@type":"WebSite","@id":"https:\/\/noticiasmercedinas.com\/site\/#website","url":"https:\/\/noticiasmercedinas.com\/site\/","name":"NOTICIASMERCEDINAS.COM","description":"Mercedes, Buenos Aires, Argentina","publisher":{"@id":"https:\/\/noticiasmercedinas.com\/site\/#organization"},"potentialAction":[{"@type":"SearchAction","target":{"@type":"EntryPoint","urlTemplate":"https:\/\/noticiasmercedinas.com\/site\/?s={search_term_string}"},"query-input":{"@type":"PropertyValueSpecification","valueRequired":true,"valueName":"search_term_string"}}],"inLanguage":"es"},{"@type":"Organization","@id":"https:\/\/noticiasmercedinas.com\/site\/#organization","name":"NOTICIASMERCEDINAS.COM","url":"https:\/\/noticiasmercedinas.com\/site\/","logo":{"@type":"ImageObject","inLanguage":"es","@id":"https:\/\/noticiasmercedinas.com\/site\/#\/schema\/logo\/image\/","url":"https:\/\/noticiasmercedinas.com\/site\/wp-content\/uploads\/2020\/06\/LOGO-512.jpg","contentUrl":"https:\/\/noticiasmercedinas.com\/site\/wp-content\/uploads\/2020\/06\/LOGO-512.jpg","width":512,"height":512,"caption":"NOTICIASMERCEDINAS.COM"},"image":{"@id":"https:\/\/noticiasmercedinas.com\/site\/#\/schema\/logo\/image\/"},"sameAs":["https:\/\/www.facebook.com\/noticiasmercedinas\/","https:\/\/x.com\/notmercedinas","https:\/\/www.instagram.com\/noticiasmercedinas\/"]},{"@type":"Person","@id":"https:\/\/noticiasmercedinas.com\/site\/#\/schema\/person\/84b59c099c28ff2e8b77d4ceec5d8063","name":"NOTICIASMERCEDINAS.COM","image":{"@type":"ImageObject","inLanguage":"es","@id":"https:\/\/secure.gravatar.com\/avatar\/4dfbf16b4d17945bfb6341b2d19043457132fcf478a5ee04f42e959fd8f5df0a?s=96&d=mm&r=g","url":"https:\/\/secure.gravatar.com\/avatar\/4dfbf16b4d17945bfb6341b2d19043457132fcf478a5ee04f42e959fd8f5df0a?s=96&d=mm&r=g","contentUrl":"https:\/\/secure.gravatar.com\/avatar\/4dfbf16b4d17945bfb6341b2d19043457132fcf478a5ee04f42e959fd8f5df0a?s=96&d=mm&r=g","caption":"NOTICIASMERCEDINAS.COM"},"url":"https:\/\/noticiasmercedinas.com\/site\/author\/anonimo\/"}]}},"amp_enabled":true,"_links":{"self":[{"href":"https:\/\/noticiasmercedinas.com\/site\/wp-json\/wp\/v2\/posts\/114372","targetHints":{"allow":["GET"]}}],"collection":[{"href":"https:\/\/noticiasmercedinas.com\/site\/wp-json\/wp\/v2\/posts"}],"about":[{"href":"https:\/\/noticiasmercedinas.com\/site\/wp-json\/wp\/v2\/types\/post"}],"author":[{"embeddable":true,"href":"https:\/\/noticiasmercedinas.com\/site\/wp-json\/wp\/v2\/users\/16"}],"replies":[{"embeddable":true,"href":"https:\/\/noticiasmercedinas.com\/site\/wp-json\/wp\/v2\/comments?post=114372"}],"version-history":[{"count":1,"href":"https:\/\/noticiasmercedinas.com\/site\/wp-json\/wp\/v2\/posts\/114372\/revisions"}],"predecessor-version":[{"id":114374,"href":"https:\/\/noticiasmercedinas.com\/site\/wp-json\/wp\/v2\/posts\/114372\/revisions\/114374"}],"wp:featuredmedia":[{"embeddable":true,"href":"https:\/\/noticiasmercedinas.com\/site\/wp-json\/wp\/v2\/media\/114373"}],"wp:attachment":[{"href":"https:\/\/noticiasmercedinas.com\/site\/wp-json\/wp\/v2\/media?parent=114372"}],"wp:term":[{"taxonomy":"category","embeddable":true,"href":"https:\/\/noticiasmercedinas.com\/site\/wp-json\/wp\/v2\/categories?post=114372"},{"taxonomy":"post_tag","embeddable":true,"href":"https:\/\/noticiasmercedinas.com\/site\/wp-json\/wp\/v2\/tags?post=114372"}],"curies":[{"name":"wp","href":"https:\/\/api.w.org\/{rel}","templated":true}]}}