{"id":114744,"date":"2023-05-12T20:03:07","date_gmt":"2023-05-12T23:03:07","guid":{"rendered":"https:\/\/noticiasmercedinas.com\/site\/?p=114744"},"modified":"2023-05-12T20:31:16","modified_gmt":"2023-05-12T23:31:16","slug":"concejales-de-juntos-piden-informacion-sobre-albergue-canino","status":"publish","type":"post","link":"https:\/\/noticiasmercedinas.com\/site\/2023\/05\/12\/concejales-de-juntos-piden-informacion-sobre-albergue-canino\/","title":{"rendered":"Concejales de Juntos piden informaci\u00f3n sobre Albergue Canino"},"content":{"rendered":"<p><a href=\"https:\/\/noticiasmercedinas.com\/site\/wp-content\/uploads\/2023\/05\/perro.jpeg\"><img loading=\"lazy\" decoding=\"async\" class=\"alignnone size-full wp-image-114745\" src=\"https:\/\/noticiasmercedinas.com\/site\/wp-content\/uploads\/2023\/05\/perro.jpeg\" alt=\"\" width=\"640\" height=\"419\" srcset=\"https:\/\/noticiasmercedinas.com\/site\/wp-content\/uploads\/2023\/05\/perro.jpeg 640w, https:\/\/noticiasmercedinas.com\/site\/wp-content\/uploads\/2023\/05\/perro-300x196.jpeg 300w\" sizes=\"auto, (max-width: 640px) 100vw, 640px\" \/><\/a><\/p>\n<p>El <strong>bloque de concejales de<\/strong> <strong>Juntos<\/strong> present\u00f3 un pedido de informes sobre el <strong>Albergue Canino Municipal<\/strong>, en el que requiere al Departamento Ejecutivo conocer su cantidad de personal y las actividades que desarrollan sus encargados con los animales alojados en la dependencia.<\/p>\n<p>Los ediles opositores tambi\u00e9n requiere saber qu\u00e9 tratamientos veterinarios reciben, quienes los realizan, si se realizan castraciones, a cargo de qui\u00e9n est\u00e1 la alimentaci\u00f3n, y el tiempo de estad\u00eda promedio de los animales, c\u00f3mo llegan y c\u00f3mo es el proceso de salida.<\/p>\n<p>\u201cLos concejales se\u00f1alaron en el proyecto que \u201ccuando una persona convive con un animal asume las obligaciones y responsabilidades de procurarle vivienda, alimentaci\u00f3n, atenci\u00f3n de la salud, contenci\u00f3n y un buen trato durante su vida.<\/p>\n<blockquote><p>\u201cCuando una persona convive con un animal asume obligaciones y responsabilidades\u201d<\/p><\/blockquote>\n<p>Puntualizaron que \u201cdentro del bienestar animal existen las cinco libertades que deben gozar las mascotas y representan un compromiso que se asume en el rol de tenedores responsables\u201d:<\/p>\n<p>1 &#8211; Libertad de alimentaci\u00f3n e hidrataci\u00f3n<br \/>\n2 \u2013 Libertad de ambiente apropiado<br \/>\n3 \u2013 Libertad de buena salud<br \/>\n4 \u2013 Libertad de bienestar emocional<br \/>\n5 \u2013 Libertad de expresar su comportamiento natural o normal<\/p>\n","protected":false},"excerpt":{"rendered":"<p>\u25a0 Piden conocer la cantidad de personal y el trato que se da a los perros. Reclaman tenencia responsable y bienestar animal, entre otros puntos.<\/p>\n","protected":false},"author":3,"featured_media":114745,"comment_status":"closed","ping_status":"closed","sticky":false,"template":"","format":"standard","meta":{"footnotes":""},"categories":[16],"tags":[16841,16842,15663],"class_list":["post-114744","post","type-post","status-publish","format-standard","has-post-thumbnail","hentry","category-politica","tag-albergue-canino","tag-bienestar-animal","tag-juntos-por-el-cambo"],"yoast_head":"<!-- This site is optimized with the Yoast SEO plugin v27.4 - https:\/\/yoast.com\/product\/yoast-seo-wordpress\/ -->\n<title>Concejales de Juntos piden informaci\u00f3n sobre Albergue Canino<\/title>\n<meta name=\"robots\" content=\"index, follow, max-snippet:-1, max-image-preview:large, max-video-preview:-1\" \/>\n<link rel=\"canonical\" href=\"https:\/\/noticiasmercedinas.com\/site\/2023\/05\/12\/concejales-de-juntos-piden-informacion-sobre-albergue-canino\/\" \/>\n<meta property=\"og:locale\" content=\"es_ES\" \/>\n<meta property=\"og:type\" content=\"article\" \/>\n<meta property=\"og:title\" content=\"Concejales de Juntos piden informaci\u00f3n sobre Albergue Canino\" \/>\n<meta property=\"og:description\" content=\"\u25a0 Piden conocer la cantidad de personal y el trato que se da a los perros. Reclaman tenencia responsable y bienestar animal, entre otros puntos.\" \/>\n<meta property=\"og:url\" content=\"https:\/\/noticiasmercedinas.com\/site\/2023\/05\/12\/concejales-de-juntos-piden-informacion-sobre-albergue-canino\/\" \/>\n<meta property=\"og:site_name\" content=\"NOTICIASMERCEDINAS.COM\" \/>\n<meta property=\"article:publisher\" content=\"https:\/\/www.facebook.com\/noticiasmercedinas\/\" \/>\n<meta property=\"article:published_time\" content=\"2023-05-12T23:03:07+00:00\" \/>\n<meta property=\"article:modified_time\" content=\"2023-05-12T23:31:16+00:00\" \/>\n<meta property=\"og:image\" content=\"https:\/\/noticiasmercedinas.com\/site\/wp-content\/uploads\/2023\/05\/perro.jpeg\" \/>\n\t<meta property=\"og:image:width\" content=\"640\" \/>\n\t<meta property=\"og:image:height\" content=\"419\" \/>\n\t<meta property=\"og:image:type\" content=\"image\/jpeg\" \/>\n<meta name=\"author\" content=\"Adrian Terrizzano NOTICIASMERCEDINAS.COM\" \/>\n<meta name=\"twitter:card\" content=\"summary_large_image\" \/>\n<meta name=\"twitter:creator\" content=\"@https:\/\/twitter.com\/AdrianTerri\" \/>\n<meta name=\"twitter:site\" content=\"@notmercedinas\" \/>\n<meta name=\"twitter:label1\" content=\"Escrito por\" \/>\n\t<meta name=\"twitter:data1\" content=\"Adrian Terrizzano NOTICIASMERCEDINAS.COM\" \/>\n\t<meta name=\"twitter:label2\" content=\"Tiempo de lectura\" \/>\n\t<meta name=\"twitter:data2\" content=\"2 minutos\" \/>\n<script type=\"application\/ld+json\" class=\"yoast-schema-graph\">{\"@context\":\"https:\\\/\\\/schema.org\",\"@graph\":[{\"@type\":\"Article\",\"@id\":\"https:\\\/\\\/noticiasmercedinas.com\\\/site\\\/2023\\\/05\\\/12\\\/concejales-de-juntos-piden-informacion-sobre-albergue-canino\\\/#article\",\"isPartOf\":{\"@id\":\"https:\\\/\\\/noticiasmercedinas.com\\\/site\\\/2023\\\/05\\\/12\\\/concejales-de-juntos-piden-informacion-sobre-albergue-canino\\\/\"},\"author\":{\"name\":\"Adrian Terrizzano NOTICIASMERCEDINAS.COM\",\"@id\":\"https:\\\/\\\/noticiasmercedinas.com\\\/site\\\/#\\\/schema\\\/person\\\/45cbccca776c0c5524a6d2a8f1b04acd\"},\"headline\":\"Concejales de Juntos piden informaci\u00f3n sobre Albergue Canino\",\"datePublished\":\"2023-05-12T23:03:07+00:00\",\"dateModified\":\"2023-05-12T23:31:16+00:00\",\"mainEntityOfPage\":{\"@id\":\"https:\\\/\\\/noticiasmercedinas.com\\\/site\\\/2023\\\/05\\\/12\\\/concejales-de-juntos-piden-informacion-sobre-albergue-canino\\\/\"},\"wordCount\":205,\"publisher\":{\"@id\":\"https:\\\/\\\/noticiasmercedinas.com\\\/site\\\/#organization\"},\"image\":{\"@id\":\"https:\\\/\\\/noticiasmercedinas.com\\\/site\\\/2023\\\/05\\\/12\\\/concejales-de-juntos-piden-informacion-sobre-albergue-canino\\\/#primaryimage\"},\"thumbnailUrl\":\"https:\\\/\\\/noticiasmercedinas.com\\\/site\\\/wp-content\\\/uploads\\\/2023\\\/05\\\/perro.jpeg\",\"keywords\":[\"Albergue canino\",\"bienestar animal\",\"juntos por el cambo\"],\"articleSection\":[\"Politica\"],\"inLanguage\":\"es\"},{\"@type\":\"WebPage\",\"@id\":\"https:\\\/\\\/noticiasmercedinas.com\\\/site\\\/2023\\\/05\\\/12\\\/concejales-de-juntos-piden-informacion-sobre-albergue-canino\\\/\",\"url\":\"https:\\\/\\\/noticiasmercedinas.com\\\/site\\\/2023\\\/05\\\/12\\\/concejales-de-juntos-piden-informacion-sobre-albergue-canino\\\/\",\"name\":\"Concejales de Juntos piden informaci\u00f3n sobre Albergue Canino\",\"isPartOf\":{\"@id\":\"https:\\\/\\\/noticiasmercedinas.com\\\/site\\\/#website\"},\"primaryImageOfPage\":{\"@id\":\"https:\\\/\\\/noticiasmercedinas.com\\\/site\\\/2023\\\/05\\\/12\\\/concejales-de-juntos-piden-informacion-sobre-albergue-canino\\\/#primaryimage\"},\"image\":{\"@id\":\"https:\\\/\\\/noticiasmercedinas.com\\\/site\\\/2023\\\/05\\\/12\\\/concejales-de-juntos-piden-informacion-sobre-albergue-canino\\\/#primaryimage\"},\"thumbnailUrl\":\"https:\\\/\\\/noticiasmercedinas.com\\\/site\\\/wp-content\\\/uploads\\\/2023\\\/05\\\/perro.jpeg\",\"datePublished\":\"2023-05-12T23:03:07+00:00\",\"dateModified\":\"2023-05-12T23:31:16+00:00\",\"breadcrumb\":{\"@id\":\"https:\\\/\\\/noticiasmercedinas.com\\\/site\\\/2023\\\/05\\\/12\\\/concejales-de-juntos-piden-informacion-sobre-albergue-canino\\\/#breadcrumb\"},\"inLanguage\":\"es\",\"potentialAction\":[{\"@type\":\"ReadAction\",\"target\":[\"https:\\\/\\\/noticiasmercedinas.com\\\/site\\\/2023\\\/05\\\/12\\\/concejales-de-juntos-piden-informacion-sobre-albergue-canino\\\/\"]}]},{\"@type\":\"ImageObject\",\"inLanguage\":\"es\",\"@id\":\"https:\\\/\\\/noticiasmercedinas.com\\\/site\\\/2023\\\/05\\\/12\\\/concejales-de-juntos-piden-informacion-sobre-albergue-canino\\\/#primaryimage\",\"url\":\"https:\\\/\\\/noticiasmercedinas.com\\\/site\\\/wp-content\\\/uploads\\\/2023\\\/05\\\/perro.jpeg\",\"contentUrl\":\"https:\\\/\\\/noticiasmercedinas.com\\\/site\\\/wp-content\\\/uploads\\\/2023\\\/05\\\/perro.jpeg\",\"width\":640,\"height\":419},{\"@type\":\"BreadcrumbList\",\"@id\":\"https:\\\/\\\/noticiasmercedinas.com\\\/site\\\/2023\\\/05\\\/12\\\/concejales-de-juntos-piden-informacion-sobre-albergue-canino\\\/#breadcrumb\",\"itemListElement\":[{\"@type\":\"ListItem\",\"position\":1,\"name\":\"Portada\",\"item\":\"https:\\\/\\\/noticiasmercedinas.com\\\/site\\\/\"},{\"@type\":\"ListItem\",\"position\":2,\"name\":\"Concejales de Juntos piden informaci\u00f3n sobre Albergue Canino\"}]},{\"@type\":\"WebSite\",\"@id\":\"https:\\\/\\\/noticiasmercedinas.com\\\/site\\\/#website\",\"url\":\"https:\\\/\\\/noticiasmercedinas.com\\\/site\\\/\",\"name\":\"NOTICIASMERCEDINAS.COM\",\"description\":\"Mercedes, Buenos Aires, Argentina\",\"publisher\":{\"@id\":\"https:\\\/\\\/noticiasmercedinas.com\\\/site\\\/#organization\"},\"potentialAction\":[{\"@type\":\"SearchAction\",\"target\":{\"@type\":\"EntryPoint\",\"urlTemplate\":\"https:\\\/\\\/noticiasmercedinas.com\\\/site\\\/?s={search_term_string}\"},\"query-input\":{\"@type\":\"PropertyValueSpecification\",\"valueRequired\":true,\"valueName\":\"search_term_string\"}}],\"inLanguage\":\"es\"},{\"@type\":\"Organization\",\"@id\":\"https:\\\/\\\/noticiasmercedinas.com\\\/site\\\/#organization\",\"name\":\"NOTICIASMERCEDINAS.COM\",\"url\":\"https:\\\/\\\/noticiasmercedinas.com\\\/site\\\/\",\"logo\":{\"@type\":\"ImageObject\",\"inLanguage\":\"es\",\"@id\":\"https:\\\/\\\/noticiasmercedinas.com\\\/site\\\/#\\\/schema\\\/logo\\\/image\\\/\",\"url\":\"https:\\\/\\\/noticiasmercedinas.com\\\/site\\\/wp-content\\\/uploads\\\/2020\\\/06\\\/LOGO-512.jpg\",\"contentUrl\":\"https:\\\/\\\/noticiasmercedinas.com\\\/site\\\/wp-content\\\/uploads\\\/2020\\\/06\\\/LOGO-512.jpg\",\"width\":512,\"height\":512,\"caption\":\"NOTICIASMERCEDINAS.COM\"},\"image\":{\"@id\":\"https:\\\/\\\/noticiasmercedinas.com\\\/site\\\/#\\\/schema\\\/logo\\\/image\\\/\"},\"sameAs\":[\"https:\\\/\\\/www.facebook.com\\\/noticiasmercedinas\\\/\",\"https:\\\/\\\/x.com\\\/notmercedinas\",\"https:\\\/\\\/www.instagram.com\\\/noticiasmercedinas\\\/\"]},{\"@type\":\"Person\",\"@id\":\"https:\\\/\\\/noticiasmercedinas.com\\\/site\\\/#\\\/schema\\\/person\\\/45cbccca776c0c5524a6d2a8f1b04acd\",\"name\":\"Adrian Terrizzano NOTICIASMERCEDINAS.COM\",\"image\":{\"@type\":\"ImageObject\",\"inLanguage\":\"es\",\"@id\":\"https:\\\/\\\/secure.gravatar.com\\\/avatar\\\/9bfd6dcfcf5cc28d74f7cefd9e87a6220d73f42949c5456b2b67674334db8bee?s=96&d=mm&r=g\",\"url\":\"https:\\\/\\\/secure.gravatar.com\\\/avatar\\\/9bfd6dcfcf5cc28d74f7cefd9e87a6220d73f42949c5456b2b67674334db8bee?s=96&d=mm&r=g\",\"contentUrl\":\"https:\\\/\\\/secure.gravatar.com\\\/avatar\\\/9bfd6dcfcf5cc28d74f7cefd9e87a6220d73f42949c5456b2b67674334db8bee?s=96&d=mm&r=g\",\"caption\":\"Adrian Terrizzano NOTICIASMERCEDINAS.COM\"},\"description\":\"Periodista experimentado. Aprendi\u00f3 el oficio en medios gr\u00e1ficos y digitales, comerciales, institucionales y comunitarios, radio y televisi\u00f3n. Actualmente en Noticias Mercedinas, Radio L\u00edder de Luj\u00e1n y Centro de Producci\u00f3n Audiovisual UNLu.\",\"sameAs\":[\"https:\\\/\\\/www.linkedin.com\\\/in\\\/adri\u00e1n-terrizzano-53795630\\\/\",\"https:\\\/\\\/x.com\\\/https:\\\/\\\/twitter.com\\\/AdrianTerri\"],\"url\":\"https:\\\/\\\/noticiasmercedinas.com\\\/site\\\/author\\\/adrian-terrizzano\\\/\"}]}<\/script>\n<!-- \/ Yoast SEO plugin. -->","yoast_head_json":{"title":"Concejales de Juntos piden informaci\u00f3n sobre Albergue Canino","robots":{"index":"index","follow":"follow","max-snippet":"max-snippet:-1","max-image-preview":"max-image-preview:large","max-video-preview":"max-video-preview:-1"},"canonical":"https:\/\/noticiasmercedinas.com\/site\/2023\/05\/12\/concejales-de-juntos-piden-informacion-sobre-albergue-canino\/","og_locale":"es_ES","og_type":"article","og_title":"Concejales de Juntos piden informaci\u00f3n sobre Albergue Canino","og_description":"\u25a0 Piden conocer la cantidad de personal y el trato que se da a los perros. Reclaman tenencia responsable y bienestar animal, entre otros puntos.","og_url":"https:\/\/noticiasmercedinas.com\/site\/2023\/05\/12\/concejales-de-juntos-piden-informacion-sobre-albergue-canino\/","og_site_name":"NOTICIASMERCEDINAS.COM","article_publisher":"https:\/\/www.facebook.com\/noticiasmercedinas\/","article_published_time":"2023-05-12T23:03:07+00:00","article_modified_time":"2023-05-12T23:31:16+00:00","og_image":[{"width":640,"height":419,"url":"https:\/\/noticiasmercedinas.com\/site\/wp-content\/uploads\/2023\/05\/perro.jpeg","type":"image\/jpeg"}],"author":"Adrian Terrizzano NOTICIASMERCEDINAS.COM","twitter_card":"summary_large_image","twitter_creator":"@https:\/\/twitter.com\/AdrianTerri","twitter_site":"@notmercedinas","twitter_misc":{"Escrito por":"Adrian Terrizzano NOTICIASMERCEDINAS.COM","Tiempo de lectura":"2 minutos"},"schema":{"@context":"https:\/\/schema.org","@graph":[{"@type":"Article","@id":"https:\/\/noticiasmercedinas.com\/site\/2023\/05\/12\/concejales-de-juntos-piden-informacion-sobre-albergue-canino\/#article","isPartOf":{"@id":"https:\/\/noticiasmercedinas.com\/site\/2023\/05\/12\/concejales-de-juntos-piden-informacion-sobre-albergue-canino\/"},"author":{"name":"Adrian Terrizzano NOTICIASMERCEDINAS.COM","@id":"https:\/\/noticiasmercedinas.com\/site\/#\/schema\/person\/45cbccca776c0c5524a6d2a8f1b04acd"},"headline":"Concejales de Juntos piden informaci\u00f3n sobre Albergue Canino","datePublished":"2023-05-12T23:03:07+00:00","dateModified":"2023-05-12T23:31:16+00:00","mainEntityOfPage":{"@id":"https:\/\/noticiasmercedinas.com\/site\/2023\/05\/12\/concejales-de-juntos-piden-informacion-sobre-albergue-canino\/"},"wordCount":205,"publisher":{"@id":"https:\/\/noticiasmercedinas.com\/site\/#organization"},"image":{"@id":"https:\/\/noticiasmercedinas.com\/site\/2023\/05\/12\/concejales-de-juntos-piden-informacion-sobre-albergue-canino\/#primaryimage"},"thumbnailUrl":"https:\/\/noticiasmercedinas.com\/site\/wp-content\/uploads\/2023\/05\/perro.jpeg","keywords":["Albergue canino","bienestar animal","juntos por el cambo"],"articleSection":["Politica"],"inLanguage":"es"},{"@type":"WebPage","@id":"https:\/\/noticiasmercedinas.com\/site\/2023\/05\/12\/concejales-de-juntos-piden-informacion-sobre-albergue-canino\/","url":"https:\/\/noticiasmercedinas.com\/site\/2023\/05\/12\/concejales-de-juntos-piden-informacion-sobre-albergue-canino\/","name":"Concejales de Juntos piden informaci\u00f3n sobre Albergue Canino","isPartOf":{"@id":"https:\/\/noticiasmercedinas.com\/site\/#website"},"primaryImageOfPage":{"@id":"https:\/\/noticiasmercedinas.com\/site\/2023\/05\/12\/concejales-de-juntos-piden-informacion-sobre-albergue-canino\/#primaryimage"},"image":{"@id":"https:\/\/noticiasmercedinas.com\/site\/2023\/05\/12\/concejales-de-juntos-piden-informacion-sobre-albergue-canino\/#primaryimage"},"thumbnailUrl":"https:\/\/noticiasmercedinas.com\/site\/wp-content\/uploads\/2023\/05\/perro.jpeg","datePublished":"2023-05-12T23:03:07+00:00","dateModified":"2023-05-12T23:31:16+00:00","breadcrumb":{"@id":"https:\/\/noticiasmercedinas.com\/site\/2023\/05\/12\/concejales-de-juntos-piden-informacion-sobre-albergue-canino\/#breadcrumb"},"inLanguage":"es","potentialAction":[{"@type":"ReadAction","target":["https:\/\/noticiasmercedinas.com\/site\/2023\/05\/12\/concejales-de-juntos-piden-informacion-sobre-albergue-canino\/"]}]},{"@type":"ImageObject","inLanguage":"es","@id":"https:\/\/noticiasmercedinas.com\/site\/2023\/05\/12\/concejales-de-juntos-piden-informacion-sobre-albergue-canino\/#primaryimage","url":"https:\/\/noticiasmercedinas.com\/site\/wp-content\/uploads\/2023\/05\/perro.jpeg","contentUrl":"https:\/\/noticiasmercedinas.com\/site\/wp-content\/uploads\/2023\/05\/perro.jpeg","width":640,"height":419},{"@type":"BreadcrumbList","@id":"https:\/\/noticiasmercedinas.com\/site\/2023\/05\/12\/concejales-de-juntos-piden-informacion-sobre-albergue-canino\/#breadcrumb","itemListElement":[{"@type":"ListItem","position":1,"name":"Portada","item":"https:\/\/noticiasmercedinas.com\/site\/"},{"@type":"ListItem","position":2,"name":"Concejales de Juntos piden informaci\u00f3n sobre Albergue Canino"}]},{"@type":"WebSite","@id":"https:\/\/noticiasmercedinas.com\/site\/#website","url":"https:\/\/noticiasmercedinas.com\/site\/","name":"NOTICIASMERCEDINAS.COM","description":"Mercedes, Buenos Aires, Argentina","publisher":{"@id":"https:\/\/noticiasmercedinas.com\/site\/#organization"},"potentialAction":[{"@type":"SearchAction","target":{"@type":"EntryPoint","urlTemplate":"https:\/\/noticiasmercedinas.com\/site\/?s={search_term_string}"},"query-input":{"@type":"PropertyValueSpecification","valueRequired":true,"valueName":"search_term_string"}}],"inLanguage":"es"},{"@type":"Organization","@id":"https:\/\/noticiasmercedinas.com\/site\/#organization","name":"NOTICIASMERCEDINAS.COM","url":"https:\/\/noticiasmercedinas.com\/site\/","logo":{"@type":"ImageObject","inLanguage":"es","@id":"https:\/\/noticiasmercedinas.com\/site\/#\/schema\/logo\/image\/","url":"https:\/\/noticiasmercedinas.com\/site\/wp-content\/uploads\/2020\/06\/LOGO-512.jpg","contentUrl":"https:\/\/noticiasmercedinas.com\/site\/wp-content\/uploads\/2020\/06\/LOGO-512.jpg","width":512,"height":512,"caption":"NOTICIASMERCEDINAS.COM"},"image":{"@id":"https:\/\/noticiasmercedinas.com\/site\/#\/schema\/logo\/image\/"},"sameAs":["https:\/\/www.facebook.com\/noticiasmercedinas\/","https:\/\/x.com\/notmercedinas","https:\/\/www.instagram.com\/noticiasmercedinas\/"]},{"@type":"Person","@id":"https:\/\/noticiasmercedinas.com\/site\/#\/schema\/person\/45cbccca776c0c5524a6d2a8f1b04acd","name":"Adrian Terrizzano NOTICIASMERCEDINAS.COM","image":{"@type":"ImageObject","inLanguage":"es","@id":"https:\/\/secure.gravatar.com\/avatar\/9bfd6dcfcf5cc28d74f7cefd9e87a6220d73f42949c5456b2b67674334db8bee?s=96&d=mm&r=g","url":"https:\/\/secure.gravatar.com\/avatar\/9bfd6dcfcf5cc28d74f7cefd9e87a6220d73f42949c5456b2b67674334db8bee?s=96&d=mm&r=g","contentUrl":"https:\/\/secure.gravatar.com\/avatar\/9bfd6dcfcf5cc28d74f7cefd9e87a6220d73f42949c5456b2b67674334db8bee?s=96&d=mm&r=g","caption":"Adrian Terrizzano NOTICIASMERCEDINAS.COM"},"description":"Periodista experimentado. Aprendi\u00f3 el oficio en medios gr\u00e1ficos y digitales, comerciales, institucionales y comunitarios, radio y televisi\u00f3n. Actualmente en Noticias Mercedinas, Radio L\u00edder de Luj\u00e1n y Centro de Producci\u00f3n Audiovisual UNLu.","sameAs":["https:\/\/www.linkedin.com\/in\/adri\u00e1n-terrizzano-53795630\/","https:\/\/x.com\/https:\/\/twitter.com\/AdrianTerri"],"url":"https:\/\/noticiasmercedinas.com\/site\/author\/adrian-terrizzano\/"}]}},"amp_enabled":true,"_links":{"self":[{"href":"https:\/\/noticiasmercedinas.com\/site\/wp-json\/wp\/v2\/posts\/114744","targetHints":{"allow":["GET"]}}],"collection":[{"href":"https:\/\/noticiasmercedinas.com\/site\/wp-json\/wp\/v2\/posts"}],"about":[{"href":"https:\/\/noticiasmercedinas.com\/site\/wp-json\/wp\/v2\/types\/post"}],"author":[{"embeddable":true,"href":"https:\/\/noticiasmercedinas.com\/site\/wp-json\/wp\/v2\/users\/3"}],"replies":[{"embeddable":true,"href":"https:\/\/noticiasmercedinas.com\/site\/wp-json\/wp\/v2\/comments?post=114744"}],"version-history":[{"count":2,"href":"https:\/\/noticiasmercedinas.com\/site\/wp-json\/wp\/v2\/posts\/114744\/revisions"}],"predecessor-version":[{"id":114747,"href":"https:\/\/noticiasmercedinas.com\/site\/wp-json\/wp\/v2\/posts\/114744\/revisions\/114747"}],"wp:featuredmedia":[{"embeddable":true,"href":"https:\/\/noticiasmercedinas.com\/site\/wp-json\/wp\/v2\/media\/114745"}],"wp:attachment":[{"href":"https:\/\/noticiasmercedinas.com\/site\/wp-json\/wp\/v2\/media?parent=114744"}],"wp:term":[{"taxonomy":"category","embeddable":true,"href":"https:\/\/noticiasmercedinas.com\/site\/wp-json\/wp\/v2\/categories?post=114744"},{"taxonomy":"post_tag","embeddable":true,"href":"https:\/\/noticiasmercedinas.com\/site\/wp-json\/wp\/v2\/tags?post=114744"}],"curies":[{"name":"wp","href":"https:\/\/api.w.org\/{rel}","templated":true}]}}