{"id":115110,"date":"2023-05-16T20:10:35","date_gmt":"2023-05-16T23:10:35","guid":{"rendered":"https:\/\/noticiasmercedinas.com\/site\/?p=115110"},"modified":"2023-05-16T20:10:35","modified_gmt":"2023-05-16T23:10:35","slug":"estan-los-arbitros-para-la-penultima-fecha-de-la-primera-d-2","status":"publish","type":"post","link":"https:\/\/noticiasmercedinas.com\/site\/2023\/05\/16\/estan-los-arbitros-para-la-penultima-fecha-de-la-primera-d-2\/","title":{"rendered":"Est\u00e1n los \u00e1rbitros para la pen\u00faltima fecha de la Primera D"},"content":{"rendered":"<figure id=\"attachment_115111\" aria-describedby=\"caption-attachment-115111\" style=\"width: 640px\" class=\"wp-caption alignnone\"><img loading=\"lazy\" decoding=\"async\" class=\"wp-image-115111 size-full\" src=\"https:\/\/noticiasmercedinas.com\/site\/wp-content\/uploads\/2023\/05\/IMG_9839.jpg\" alt=\"\" width=\"640\" height=\"386\" srcset=\"https:\/\/noticiasmercedinas.com\/site\/wp-content\/uploads\/2023\/05\/IMG_9839.jpg 640w, https:\/\/noticiasmercedinas.com\/site\/wp-content\/uploads\/2023\/05\/IMG_9839-300x181.jpg 300w\" sizes=\"auto, (max-width: 640px) 100vw, 640px\" \/><figcaption id=\"caption-attachment-115111\" class=\"wp-caption-text\">Club Mercedes vuelve a jugar este s\u00e1bado en Rosario.<\/figcaption><\/figure>\n<p>Para este s\u00e1bado 20, lunes 22 y martes 23 se vendr\u00e1 la d\u00e9cima fecha de la Primera D, con Club Mercedes visitando a Argentino en Rosario en horas de la tarde. No podr\u00e1 estar por llegar a las 5 amarillas el defensor Blas De Los Santos, mientras tanto el equipo se entrenar\u00e1 hasta el jueves por la noche en el campo de deporte de H\u00e9roes de Malvinas y 60.<\/p>\n<p>Libre quedar\u00e1 el puntero Defensores de Cambaceres por lo que a partir de los resultados que se den podr\u00eda cambiar la cima, la fecha que se disputar\u00e1 ser\u00e1 la pen\u00faltima para quedar luego el cierre y la definici\u00f3n de quien se quedar\u00e1 con la plaza en la Copa Argentina 2024. Todo el programa de partidos y designaciones arbitrales:<br \/>\n<strong><br \/>\nD\u00e9cima fecha<br \/>\nS\u00e1bado 20<\/strong><br \/>\nA las 14 Argentino vs. Club Mercedes.<strong><br \/>\n<\/strong><strong>\u00c1rbitro:<\/strong> Jes\u00fas Girett.<br \/>\n<strong>Asistente 1:<\/strong> Sebasti\u00e1n Pumetti.<br \/>\n<strong>Asistente 2:<\/strong> Bruno Castillo.<br \/>\n<strong>Cuarto \u00e1rbitro:<\/strong> Mart\u00edn Morenza.<\/p>\n<p>A las 14 Ballester vs. Barracas.<br \/>\n<strong>Arbitro:<\/strong> Axel Pogge.<\/p>\n<p><strong>Lunes 22<\/strong><strong><br \/>\nCancha:\u00a0<\/strong>Malvinas.<strong><br \/>\n<\/strong>A las 15.30 Mu\u00f1iz vs. Paraguayo.<br \/>\n<strong>Arbitro: <\/strong>Rodrigo Villalba.<strong><\/p>\n<p>Cancha:\u00a0<\/strong>Ituzaing\u00f3.<br \/>\nA las 15.30 Espa\u00f1ol vs. El Porvenir.<br \/>\n<strong>Arbitro:<\/strong> Joaqu\u00edn Rodr\u00edguez.<\/p>\n<p><strong>Martes 23<\/strong><strong><br \/>\n<\/strong>A las 14 Lugano vs. Juventud.<br \/>\n<strong>Arbitro:<\/strong> Braian Rodr\u00edguez.<strong><\/p>\n<p>Libre:<\/strong>\u00a0Defensores de Cambaceres.<\/p>\n","protected":false},"excerpt":{"rendered":"<p>\u25a0 La d\u00e9cima jornada presenta el cruce de Argentino y Club Mercedes en Rosario este s\u00e1bado desde las 14. Jes\u00fas Girett ser\u00e1 el juez principal. Habr\u00e1 otros encuentros el lunes 22 y martes 23. <\/p>\n","protected":false},"author":6,"featured_media":115111,"comment_status":"closed","ping_status":"closed","sticky":false,"template":"","format":"standard","meta":{"footnotes":""},"categories":[5],"tags":[6424,14602,135,11935],"class_list":["post-115110","post","type-post","status-publish","format-standard","has-post-thumbnail","hentry","category-deportes","tag-afa","tag-argentino-de-rosario","tag-club-mercedes","tag-primera-d"],"yoast_head":"<!-- This site is optimized with the Yoast SEO plugin v27.5 - https:\/\/yoast.com\/product\/yoast-seo-wordpress\/ -->\n<title>Est\u00e1n los \u00e1rbitros para la pen\u00faltima fecha de la Primera D<\/title>\n<meta name=\"robots\" content=\"index, follow, max-snippet:-1, max-image-preview:large, max-video-preview:-1\" \/>\n<link rel=\"canonical\" href=\"https:\/\/noticiasmercedinas.com\/site\/2023\/05\/16\/estan-los-arbitros-para-la-penultima-fecha-de-la-primera-d-2\/\" \/>\n<meta property=\"og:locale\" content=\"es_ES\" \/>\n<meta property=\"og:type\" content=\"article\" \/>\n<meta property=\"og:title\" content=\"Est\u00e1n los \u00e1rbitros para la pen\u00faltima fecha de la Primera D\" \/>\n<meta property=\"og:description\" content=\"\u25a0 La d\u00e9cima jornada presenta el cruce de Argentino y Club Mercedes en Rosario este s\u00e1bado desde las 14. Jes\u00fas Girett ser\u00e1 el juez principal. Habr\u00e1 otros encuentros el lunes 22 y martes 23.\" \/>\n<meta property=\"og:url\" content=\"https:\/\/noticiasmercedinas.com\/site\/2023\/05\/16\/estan-los-arbitros-para-la-penultima-fecha-de-la-primera-d-2\/\" \/>\n<meta property=\"og:site_name\" content=\"NOTICIASMERCEDINAS.COM\" \/>\n<meta property=\"article:publisher\" content=\"https:\/\/www.facebook.com\/noticiasmercedinas\/\" \/>\n<meta property=\"article:published_time\" content=\"2023-05-16T23:10:35+00:00\" \/>\n<meta property=\"og:image\" content=\"https:\/\/noticiasmercedinas.com\/site\/wp-content\/uploads\/2023\/05\/IMG_9839.jpg\" \/>\n\t<meta property=\"og:image:width\" content=\"640\" \/>\n\t<meta property=\"og:image:height\" content=\"386\" \/>\n\t<meta property=\"og:image:type\" content=\"image\/jpeg\" \/>\n<meta name=\"author\" content=\"Juan Dagnino NOTICIASMERCEDINAS.COM\" \/>\n<meta name=\"twitter:card\" content=\"summary_large_image\" \/>\n<meta name=\"twitter:creator\" content=\"@notmercedinas\" \/>\n<meta name=\"twitter:site\" content=\"@notmercedinas\" \/>\n<meta name=\"twitter:label1\" content=\"Escrito por\" \/>\n\t<meta name=\"twitter:data1\" content=\"Juan Dagnino NOTICIASMERCEDINAS.COM\" \/>\n\t<meta name=\"twitter:label2\" content=\"Tiempo de lectura\" \/>\n\t<meta name=\"twitter:data2\" content=\"2 minutos\" \/>\n<script type=\"application\/ld+json\" class=\"yoast-schema-graph\">{\"@context\":\"https:\\\/\\\/schema.org\",\"@graph\":[{\"@type\":\"Article\",\"@id\":\"https:\\\/\\\/noticiasmercedinas.com\\\/site\\\/2023\\\/05\\\/16\\\/estan-los-arbitros-para-la-penultima-fecha-de-la-primera-d-2\\\/#article\",\"isPartOf\":{\"@id\":\"https:\\\/\\\/noticiasmercedinas.com\\\/site\\\/2023\\\/05\\\/16\\\/estan-los-arbitros-para-la-penultima-fecha-de-la-primera-d-2\\\/\"},\"author\":{\"name\":\"Juan Dagnino NOTICIASMERCEDINAS.COM\",\"@id\":\"https:\\\/\\\/noticiasmercedinas.com\\\/site\\\/#\\\/schema\\\/person\\\/8f2f09d666ef40986eba4a5e6f2a06f9\"},\"headline\":\"Est\u00e1n los \u00e1rbitros para la pen\u00faltima fecha de la Primera D\",\"datePublished\":\"2023-05-16T23:10:35+00:00\",\"mainEntityOfPage\":{\"@id\":\"https:\\\/\\\/noticiasmercedinas.com\\\/site\\\/2023\\\/05\\\/16\\\/estan-los-arbitros-para-la-penultima-fecha-de-la-primera-d-2\\\/\"},\"wordCount\":232,\"publisher\":{\"@id\":\"https:\\\/\\\/noticiasmercedinas.com\\\/site\\\/#organization\"},\"image\":{\"@id\":\"https:\\\/\\\/noticiasmercedinas.com\\\/site\\\/2023\\\/05\\\/16\\\/estan-los-arbitros-para-la-penultima-fecha-de-la-primera-d-2\\\/#primaryimage\"},\"thumbnailUrl\":\"https:\\\/\\\/noticiasmercedinas.com\\\/site\\\/wp-content\\\/uploads\\\/2023\\\/05\\\/IMG_9839.jpg\",\"keywords\":[\"AFA\",\"Argentino de Rosario\",\"club mercedes\",\"Primera D\"],\"articleSection\":[\"Deportes\"],\"inLanguage\":\"es\"},{\"@type\":\"WebPage\",\"@id\":\"https:\\\/\\\/noticiasmercedinas.com\\\/site\\\/2023\\\/05\\\/16\\\/estan-los-arbitros-para-la-penultima-fecha-de-la-primera-d-2\\\/\",\"url\":\"https:\\\/\\\/noticiasmercedinas.com\\\/site\\\/2023\\\/05\\\/16\\\/estan-los-arbitros-para-la-penultima-fecha-de-la-primera-d-2\\\/\",\"name\":\"Est\u00e1n los \u00e1rbitros para la pen\u00faltima fecha de la Primera D\",\"isPartOf\":{\"@id\":\"https:\\\/\\\/noticiasmercedinas.com\\\/site\\\/#website\"},\"primaryImageOfPage\":{\"@id\":\"https:\\\/\\\/noticiasmercedinas.com\\\/site\\\/2023\\\/05\\\/16\\\/estan-los-arbitros-para-la-penultima-fecha-de-la-primera-d-2\\\/#primaryimage\"},\"image\":{\"@id\":\"https:\\\/\\\/noticiasmercedinas.com\\\/site\\\/2023\\\/05\\\/16\\\/estan-los-arbitros-para-la-penultima-fecha-de-la-primera-d-2\\\/#primaryimage\"},\"thumbnailUrl\":\"https:\\\/\\\/noticiasmercedinas.com\\\/site\\\/wp-content\\\/uploads\\\/2023\\\/05\\\/IMG_9839.jpg\",\"datePublished\":\"2023-05-16T23:10:35+00:00\",\"breadcrumb\":{\"@id\":\"https:\\\/\\\/noticiasmercedinas.com\\\/site\\\/2023\\\/05\\\/16\\\/estan-los-arbitros-para-la-penultima-fecha-de-la-primera-d-2\\\/#breadcrumb\"},\"inLanguage\":\"es\",\"potentialAction\":[{\"@type\":\"ReadAction\",\"target\":[\"https:\\\/\\\/noticiasmercedinas.com\\\/site\\\/2023\\\/05\\\/16\\\/estan-los-arbitros-para-la-penultima-fecha-de-la-primera-d-2\\\/\"]}]},{\"@type\":\"ImageObject\",\"inLanguage\":\"es\",\"@id\":\"https:\\\/\\\/noticiasmercedinas.com\\\/site\\\/2023\\\/05\\\/16\\\/estan-los-arbitros-para-la-penultima-fecha-de-la-primera-d-2\\\/#primaryimage\",\"url\":\"https:\\\/\\\/noticiasmercedinas.com\\\/site\\\/wp-content\\\/uploads\\\/2023\\\/05\\\/IMG_9839.jpg\",\"contentUrl\":\"https:\\\/\\\/noticiasmercedinas.com\\\/site\\\/wp-content\\\/uploads\\\/2023\\\/05\\\/IMG_9839.jpg\",\"width\":640,\"height\":386},{\"@type\":\"BreadcrumbList\",\"@id\":\"https:\\\/\\\/noticiasmercedinas.com\\\/site\\\/2023\\\/05\\\/16\\\/estan-los-arbitros-para-la-penultima-fecha-de-la-primera-d-2\\\/#breadcrumb\",\"itemListElement\":[{\"@type\":\"ListItem\",\"position\":1,\"name\":\"Portada\",\"item\":\"https:\\\/\\\/noticiasmercedinas.com\\\/site\\\/\"},{\"@type\":\"ListItem\",\"position\":2,\"name\":\"Est\u00e1n los \u00e1rbitros para la pen\u00faltima fecha de la Primera D\"}]},{\"@type\":\"WebSite\",\"@id\":\"https:\\\/\\\/noticiasmercedinas.com\\\/site\\\/#website\",\"url\":\"https:\\\/\\\/noticiasmercedinas.com\\\/site\\\/\",\"name\":\"NOTICIASMERCEDINAS.COM\",\"description\":\"Mercedes, Buenos Aires, Argentina\",\"publisher\":{\"@id\":\"https:\\\/\\\/noticiasmercedinas.com\\\/site\\\/#organization\"},\"potentialAction\":[{\"@type\":\"SearchAction\",\"target\":{\"@type\":\"EntryPoint\",\"urlTemplate\":\"https:\\\/\\\/noticiasmercedinas.com\\\/site\\\/?s={search_term_string}\"},\"query-input\":{\"@type\":\"PropertyValueSpecification\",\"valueRequired\":true,\"valueName\":\"search_term_string\"}}],\"inLanguage\":\"es\"},{\"@type\":\"Organization\",\"@id\":\"https:\\\/\\\/noticiasmercedinas.com\\\/site\\\/#organization\",\"name\":\"NOTICIASMERCEDINAS.COM\",\"url\":\"https:\\\/\\\/noticiasmercedinas.com\\\/site\\\/\",\"logo\":{\"@type\":\"ImageObject\",\"inLanguage\":\"es\",\"@id\":\"https:\\\/\\\/noticiasmercedinas.com\\\/site\\\/#\\\/schema\\\/logo\\\/image\\\/\",\"url\":\"https:\\\/\\\/noticiasmercedinas.com\\\/site\\\/wp-content\\\/uploads\\\/2020\\\/06\\\/LOGO-512.jpg\",\"contentUrl\":\"https:\\\/\\\/noticiasmercedinas.com\\\/site\\\/wp-content\\\/uploads\\\/2020\\\/06\\\/LOGO-512.jpg\",\"width\":512,\"height\":512,\"caption\":\"NOTICIASMERCEDINAS.COM\"},\"image\":{\"@id\":\"https:\\\/\\\/noticiasmercedinas.com\\\/site\\\/#\\\/schema\\\/logo\\\/image\\\/\"},\"sameAs\":[\"https:\\\/\\\/www.facebook.com\\\/noticiasmercedinas\\\/\",\"https:\\\/\\\/x.com\\\/notmercedinas\",\"https:\\\/\\\/www.instagram.com\\\/noticiasmercedinas\\\/\"]},{\"@type\":\"Person\",\"@id\":\"https:\\\/\\\/noticiasmercedinas.com\\\/site\\\/#\\\/schema\\\/person\\\/8f2f09d666ef40986eba4a5e6f2a06f9\",\"name\":\"Juan Dagnino NOTICIASMERCEDINAS.COM\",\"image\":{\"@type\":\"ImageObject\",\"inLanguage\":\"es\",\"@id\":\"https:\\\/\\\/secure.gravatar.com\\\/avatar\\\/fc7059a769f5a3cae65fadb228a3e4accf3a64b4b2305020d0a27e6d5333c91b?s=96&d=mm&r=g\",\"url\":\"https:\\\/\\\/secure.gravatar.com\\\/avatar\\\/fc7059a769f5a3cae65fadb228a3e4accf3a64b4b2305020d0a27e6d5333c91b?s=96&d=mm&r=g\",\"contentUrl\":\"https:\\\/\\\/secure.gravatar.com\\\/avatar\\\/fc7059a769f5a3cae65fadb228a3e4accf3a64b4b2305020d0a27e6d5333c91b?s=96&d=mm&r=g\",\"caption\":\"Juan Dagnino NOTICIASMERCEDINAS.COM\"},\"url\":\"https:\\\/\\\/noticiasmercedinas.com\\\/site\\\/author\\\/juandagnino\\\/\"}]}<\/script>\n<!-- \/ Yoast SEO plugin. -->","yoast_head_json":{"title":"Est\u00e1n los \u00e1rbitros para la pen\u00faltima fecha de la Primera D","robots":{"index":"index","follow":"follow","max-snippet":"max-snippet:-1","max-image-preview":"max-image-preview:large","max-video-preview":"max-video-preview:-1"},"canonical":"https:\/\/noticiasmercedinas.com\/site\/2023\/05\/16\/estan-los-arbitros-para-la-penultima-fecha-de-la-primera-d-2\/","og_locale":"es_ES","og_type":"article","og_title":"Est\u00e1n los \u00e1rbitros para la pen\u00faltima fecha de la Primera D","og_description":"\u25a0 La d\u00e9cima jornada presenta el cruce de Argentino y Club Mercedes en Rosario este s\u00e1bado desde las 14. Jes\u00fas Girett ser\u00e1 el juez principal. Habr\u00e1 otros encuentros el lunes 22 y martes 23.","og_url":"https:\/\/noticiasmercedinas.com\/site\/2023\/05\/16\/estan-los-arbitros-para-la-penultima-fecha-de-la-primera-d-2\/","og_site_name":"NOTICIASMERCEDINAS.COM","article_publisher":"https:\/\/www.facebook.com\/noticiasmercedinas\/","article_published_time":"2023-05-16T23:10:35+00:00","og_image":[{"width":640,"height":386,"url":"https:\/\/noticiasmercedinas.com\/site\/wp-content\/uploads\/2023\/05\/IMG_9839.jpg","type":"image\/jpeg"}],"author":"Juan Dagnino NOTICIASMERCEDINAS.COM","twitter_card":"summary_large_image","twitter_creator":"@notmercedinas","twitter_site":"@notmercedinas","twitter_misc":{"Escrito por":"Juan Dagnino NOTICIASMERCEDINAS.COM","Tiempo de lectura":"2 minutos"},"schema":{"@context":"https:\/\/schema.org","@graph":[{"@type":"Article","@id":"https:\/\/noticiasmercedinas.com\/site\/2023\/05\/16\/estan-los-arbitros-para-la-penultima-fecha-de-la-primera-d-2\/#article","isPartOf":{"@id":"https:\/\/noticiasmercedinas.com\/site\/2023\/05\/16\/estan-los-arbitros-para-la-penultima-fecha-de-la-primera-d-2\/"},"author":{"name":"Juan Dagnino NOTICIASMERCEDINAS.COM","@id":"https:\/\/noticiasmercedinas.com\/site\/#\/schema\/person\/8f2f09d666ef40986eba4a5e6f2a06f9"},"headline":"Est\u00e1n los \u00e1rbitros para la pen\u00faltima fecha de la Primera D","datePublished":"2023-05-16T23:10:35+00:00","mainEntityOfPage":{"@id":"https:\/\/noticiasmercedinas.com\/site\/2023\/05\/16\/estan-los-arbitros-para-la-penultima-fecha-de-la-primera-d-2\/"},"wordCount":232,"publisher":{"@id":"https:\/\/noticiasmercedinas.com\/site\/#organization"},"image":{"@id":"https:\/\/noticiasmercedinas.com\/site\/2023\/05\/16\/estan-los-arbitros-para-la-penultima-fecha-de-la-primera-d-2\/#primaryimage"},"thumbnailUrl":"https:\/\/noticiasmercedinas.com\/site\/wp-content\/uploads\/2023\/05\/IMG_9839.jpg","keywords":["AFA","Argentino de Rosario","club mercedes","Primera D"],"articleSection":["Deportes"],"inLanguage":"es"},{"@type":"WebPage","@id":"https:\/\/noticiasmercedinas.com\/site\/2023\/05\/16\/estan-los-arbitros-para-la-penultima-fecha-de-la-primera-d-2\/","url":"https:\/\/noticiasmercedinas.com\/site\/2023\/05\/16\/estan-los-arbitros-para-la-penultima-fecha-de-la-primera-d-2\/","name":"Est\u00e1n los \u00e1rbitros para la pen\u00faltima fecha de la Primera D","isPartOf":{"@id":"https:\/\/noticiasmercedinas.com\/site\/#website"},"primaryImageOfPage":{"@id":"https:\/\/noticiasmercedinas.com\/site\/2023\/05\/16\/estan-los-arbitros-para-la-penultima-fecha-de-la-primera-d-2\/#primaryimage"},"image":{"@id":"https:\/\/noticiasmercedinas.com\/site\/2023\/05\/16\/estan-los-arbitros-para-la-penultima-fecha-de-la-primera-d-2\/#primaryimage"},"thumbnailUrl":"https:\/\/noticiasmercedinas.com\/site\/wp-content\/uploads\/2023\/05\/IMG_9839.jpg","datePublished":"2023-05-16T23:10:35+00:00","breadcrumb":{"@id":"https:\/\/noticiasmercedinas.com\/site\/2023\/05\/16\/estan-los-arbitros-para-la-penultima-fecha-de-la-primera-d-2\/#breadcrumb"},"inLanguage":"es","potentialAction":[{"@type":"ReadAction","target":["https:\/\/noticiasmercedinas.com\/site\/2023\/05\/16\/estan-los-arbitros-para-la-penultima-fecha-de-la-primera-d-2\/"]}]},{"@type":"ImageObject","inLanguage":"es","@id":"https:\/\/noticiasmercedinas.com\/site\/2023\/05\/16\/estan-los-arbitros-para-la-penultima-fecha-de-la-primera-d-2\/#primaryimage","url":"https:\/\/noticiasmercedinas.com\/site\/wp-content\/uploads\/2023\/05\/IMG_9839.jpg","contentUrl":"https:\/\/noticiasmercedinas.com\/site\/wp-content\/uploads\/2023\/05\/IMG_9839.jpg","width":640,"height":386},{"@type":"BreadcrumbList","@id":"https:\/\/noticiasmercedinas.com\/site\/2023\/05\/16\/estan-los-arbitros-para-la-penultima-fecha-de-la-primera-d-2\/#breadcrumb","itemListElement":[{"@type":"ListItem","position":1,"name":"Portada","item":"https:\/\/noticiasmercedinas.com\/site\/"},{"@type":"ListItem","position":2,"name":"Est\u00e1n los \u00e1rbitros para la pen\u00faltima fecha de la Primera D"}]},{"@type":"WebSite","@id":"https:\/\/noticiasmercedinas.com\/site\/#website","url":"https:\/\/noticiasmercedinas.com\/site\/","name":"NOTICIASMERCEDINAS.COM","description":"Mercedes, Buenos Aires, Argentina","publisher":{"@id":"https:\/\/noticiasmercedinas.com\/site\/#organization"},"potentialAction":[{"@type":"SearchAction","target":{"@type":"EntryPoint","urlTemplate":"https:\/\/noticiasmercedinas.com\/site\/?s={search_term_string}"},"query-input":{"@type":"PropertyValueSpecification","valueRequired":true,"valueName":"search_term_string"}}],"inLanguage":"es"},{"@type":"Organization","@id":"https:\/\/noticiasmercedinas.com\/site\/#organization","name":"NOTICIASMERCEDINAS.COM","url":"https:\/\/noticiasmercedinas.com\/site\/","logo":{"@type":"ImageObject","inLanguage":"es","@id":"https:\/\/noticiasmercedinas.com\/site\/#\/schema\/logo\/image\/","url":"https:\/\/noticiasmercedinas.com\/site\/wp-content\/uploads\/2020\/06\/LOGO-512.jpg","contentUrl":"https:\/\/noticiasmercedinas.com\/site\/wp-content\/uploads\/2020\/06\/LOGO-512.jpg","width":512,"height":512,"caption":"NOTICIASMERCEDINAS.COM"},"image":{"@id":"https:\/\/noticiasmercedinas.com\/site\/#\/schema\/logo\/image\/"},"sameAs":["https:\/\/www.facebook.com\/noticiasmercedinas\/","https:\/\/x.com\/notmercedinas","https:\/\/www.instagram.com\/noticiasmercedinas\/"]},{"@type":"Person","@id":"https:\/\/noticiasmercedinas.com\/site\/#\/schema\/person\/8f2f09d666ef40986eba4a5e6f2a06f9","name":"Juan Dagnino NOTICIASMERCEDINAS.COM","image":{"@type":"ImageObject","inLanguage":"es","@id":"https:\/\/secure.gravatar.com\/avatar\/fc7059a769f5a3cae65fadb228a3e4accf3a64b4b2305020d0a27e6d5333c91b?s=96&d=mm&r=g","url":"https:\/\/secure.gravatar.com\/avatar\/fc7059a769f5a3cae65fadb228a3e4accf3a64b4b2305020d0a27e6d5333c91b?s=96&d=mm&r=g","contentUrl":"https:\/\/secure.gravatar.com\/avatar\/fc7059a769f5a3cae65fadb228a3e4accf3a64b4b2305020d0a27e6d5333c91b?s=96&d=mm&r=g","caption":"Juan Dagnino NOTICIASMERCEDINAS.COM"},"url":"https:\/\/noticiasmercedinas.com\/site\/author\/juandagnino\/"}]}},"amp_enabled":true,"_links":{"self":[{"href":"https:\/\/noticiasmercedinas.com\/site\/wp-json\/wp\/v2\/posts\/115110","targetHints":{"allow":["GET"]}}],"collection":[{"href":"https:\/\/noticiasmercedinas.com\/site\/wp-json\/wp\/v2\/posts"}],"about":[{"href":"https:\/\/noticiasmercedinas.com\/site\/wp-json\/wp\/v2\/types\/post"}],"author":[{"embeddable":true,"href":"https:\/\/noticiasmercedinas.com\/site\/wp-json\/wp\/v2\/users\/6"}],"replies":[{"embeddable":true,"href":"https:\/\/noticiasmercedinas.com\/site\/wp-json\/wp\/v2\/comments?post=115110"}],"version-history":[{"count":1,"href":"https:\/\/noticiasmercedinas.com\/site\/wp-json\/wp\/v2\/posts\/115110\/revisions"}],"predecessor-version":[{"id":115113,"href":"https:\/\/noticiasmercedinas.com\/site\/wp-json\/wp\/v2\/posts\/115110\/revisions\/115113"}],"wp:featuredmedia":[{"embeddable":true,"href":"https:\/\/noticiasmercedinas.com\/site\/wp-json\/wp\/v2\/media\/115111"}],"wp:attachment":[{"href":"https:\/\/noticiasmercedinas.com\/site\/wp-json\/wp\/v2\/media?parent=115110"}],"wp:term":[{"taxonomy":"category","embeddable":true,"href":"https:\/\/noticiasmercedinas.com\/site\/wp-json\/wp\/v2\/categories?post=115110"},{"taxonomy":"post_tag","embeddable":true,"href":"https:\/\/noticiasmercedinas.com\/site\/wp-json\/wp\/v2\/tags?post=115110"}],"curies":[{"name":"wp","href":"https:\/\/api.w.org\/{rel}","templated":true}]}}