{"id":115367,"date":"2023-05-19T22:33:33","date_gmt":"2023-05-20T01:33:33","guid":{"rendered":"https:\/\/noticiasmercedinas.com\/site\/?p=115367"},"modified":"2023-05-19T22:42:55","modified_gmt":"2023-05-20T01:42:55","slug":"josefina-marcel-presenta-su-espectaculo-de-fusion-musical-en-el-museo-de-arte-de-mercedes","status":"publish","type":"post","link":"https:\/\/noticiasmercedinas.com\/site\/2023\/05\/19\/josefina-marcel-presenta-su-espectaculo-de-fusion-musical-en-el-museo-de-arte-de-mercedes\/","title":{"rendered":"Jo Marcel presenta su espect\u00e1culo de fusi\u00f3n musical en el Museo de Arte de Mercedes"},"content":{"rendered":"<p><img loading=\"lazy\" decoding=\"async\" class=\"alignnone size-full wp-image-115373\" src=\"https:\/\/noticiasmercedinas.com\/site\/wp-content\/uploads\/2023\/05\/jo_marcel.jpg\" alt=\"\" width=\"640\" height=\"443\" srcset=\"https:\/\/noticiasmercedinas.com\/site\/wp-content\/uploads\/2023\/05\/jo_marcel.jpg 640w, https:\/\/noticiasmercedinas.com\/site\/wp-content\/uploads\/2023\/05\/jo_marcel-300x208.jpg 300w\" sizes=\"auto, (max-width: 640px) 100vw, 640px\" \/><\/p>\n<p>El Museo de Arte de Mercedes se prepara para recibir a los amantes de la m\u00fasica en un evento especial este domingo 21 de mayo a las 18:30 horas. En el marco de los \u00abAc\u00fasticos en los Museos\u00bb, la talentosa <strong>Jo Marcel<\/strong> se presentar\u00e1 con un espect\u00e1culo de fusi\u00f3n musical que promete deleitar al p\u00fablico con un amplio repertorio que abarca g\u00e9neros como canci\u00f3n, indie, folk y pop.<\/p>\n<p>Con una propuesta art\u00edstica enriquecedora, Jo Marcel ha convocado a destacados m\u00fasicos para acompa\u00f1arla en el escenario. Rulo Godar, Franco Di Catarina y Franco Ram\u00edrez &#8211;quien confirm\u00f3 su participaci\u00f3n a \u00faltimo momento&#8211; ser\u00e1n algunos de los invitados especiales que compartir\u00e1n su talento junto a la artista.<\/p>\n<p>Pero el espect\u00e1culo no solo se limitar\u00e1 a la m\u00fasica, sino que tambi\u00e9n contar\u00e1 con la presencia de talentosos bailarines. Peumayen, a cargo de la danza, dar\u00e1 un toque especial al evento con su elegancia y destreza sobre el escenario. Manuel Alfonso, Anah\u00ed Vega y Leonela Damele ser\u00e1n los protagonistas de este cautivador despliegue de movimientos.<\/p>\n<blockquote><p>Jo Marcel promete un \u00abviaje musical diverso y emocionante\u00bb. Se podr\u00e1n disfrutar temas de m\u00fasica latinoamericana en su esencia, desde el folklore hasta el rock nacional, pasando por composiciones propias de la artista.<\/p><\/blockquote>\n<p>En cuanto al repertorio, Jo Marcel promete un \u00abviaje musical diverso y emocionante\u00bb. Se podr\u00e1n disfrutar temas de m\u00fasica latinoamericana en su esencia, desde el folklore hasta el rock nacional, pasando por composiciones propias de la artista. Adem\u00e1s, dijo que \u00abno faltar\u00e1n g\u00e9neros como el candombe, la cumbia y el vallenato\u00bb, que a\u00f1adir\u00e1n ritmo y alegr\u00eda al espect\u00e1culo.<\/p>\n<p>La cita es en el Museo de Arte de Mercedes, ubicado en la calle 23 entre 18 y 16. Con entrada gratuita, el evento invita a disfrutar la m\u00fasica y la danza fusionadas.<\/p>\n<p><img loading=\"lazy\" decoding=\"async\" class=\"alignnone size-large wp-image-115368\" src=\"https:\/\/noticiasmercedinas.com\/site\/wp-content\/uploads\/2023\/05\/Acusticos-1024x1024.jpg\" alt=\"\" width=\"640\" height=\"640\" srcset=\"https:\/\/noticiasmercedinas.com\/site\/wp-content\/uploads\/2023\/05\/Acusticos-1024x1024.jpg 1024w, https:\/\/noticiasmercedinas.com\/site\/wp-content\/uploads\/2023\/05\/Acusticos-300x300.jpg 300w, https:\/\/noticiasmercedinas.com\/site\/wp-content\/uploads\/2023\/05\/Acusticos-150x150.jpg 150w, https:\/\/noticiasmercedinas.com\/site\/wp-content\/uploads\/2023\/05\/Acusticos-768x768.jpg 768w, https:\/\/noticiasmercedinas.com\/site\/wp-content\/uploads\/2023\/05\/Acusticos-640x640.jpg 640w, https:\/\/noticiasmercedinas.com\/site\/wp-content\/uploads\/2023\/05\/Acusticos-681x681.jpg 681w, https:\/\/noticiasmercedinas.com\/site\/wp-content\/uploads\/2023\/05\/Acusticos.jpg 1080w\" sizes=\"auto, (max-width: 640px) 100vw, 640px\" \/><\/p>\n","protected":false},"excerpt":{"rendered":"<p>\u25a0 Este domingo 21 de mayo a las 18:30 horas, en el marco de los \u00abAc\u00fasticos en los Museos\u00bb. Con entrada gratuita, el evento invita a disfrutar la m\u00fasica y la danza fusionadas.<\/p>\n","protected":false},"author":16,"featured_media":115373,"comment_status":"closed","ping_status":"closed","sticky":false,"template":"","format":"standard","meta":{"footnotes":""},"categories":[4],"tags":[4692,7280,9028,87,3802],"class_list":["post-115367","post","type-post","status-publish","format-standard","has-post-thumbnail","hentry","category-cultura","tag-franco-di-catarina","tag-franco-ramirez","tag-jo-marcel","tag-museo-de-arte","tag-rulo-godar"],"yoast_head":"<!-- This site is optimized with the Yoast SEO plugin v27.4 - https:\/\/yoast.com\/product\/yoast-seo-wordpress\/ -->\n<title>Jo Marcel presenta su espect\u00e1culo de fusi\u00f3n musical en el Museo de Arte de Mercedes<\/title>\n<meta name=\"robots\" content=\"index, follow, max-snippet:-1, max-image-preview:large, max-video-preview:-1\" \/>\n<link rel=\"canonical\" href=\"https:\/\/noticiasmercedinas.com\/site\/2023\/05\/19\/josefina-marcel-presenta-su-espectaculo-de-fusion-musical-en-el-museo-de-arte-de-mercedes\/\" \/>\n<meta property=\"og:locale\" content=\"es_ES\" \/>\n<meta property=\"og:type\" content=\"article\" \/>\n<meta property=\"og:title\" content=\"Jo Marcel presenta su espect\u00e1culo de fusi\u00f3n musical en el Museo de Arte de Mercedes\" \/>\n<meta property=\"og:description\" content=\"\u25a0 Este domingo 21 de mayo a las 18:30 horas, en el marco de los &quot;Ac\u00fasticos en los Museos&quot;. Con entrada gratuita, el evento invita a disfrutar la m\u00fasica y la danza fusionadas.\" \/>\n<meta property=\"og:url\" content=\"https:\/\/noticiasmercedinas.com\/site\/2023\/05\/19\/josefina-marcel-presenta-su-espectaculo-de-fusion-musical-en-el-museo-de-arte-de-mercedes\/\" \/>\n<meta property=\"og:site_name\" content=\"NOTICIASMERCEDINAS.COM\" \/>\n<meta property=\"article:publisher\" content=\"https:\/\/www.facebook.com\/noticiasmercedinas\/\" \/>\n<meta property=\"article:published_time\" content=\"2023-05-20T01:33:33+00:00\" \/>\n<meta property=\"article:modified_time\" content=\"2023-05-20T01:42:55+00:00\" \/>\n<meta property=\"og:image\" content=\"https:\/\/noticiasmercedinas.com\/site\/wp-content\/uploads\/2023\/05\/jo_marcel.jpg\" \/>\n\t<meta property=\"og:image:width\" content=\"640\" \/>\n\t<meta property=\"og:image:height\" content=\"443\" \/>\n\t<meta property=\"og:image:type\" content=\"image\/jpeg\" \/>\n<meta name=\"author\" content=\"NOTICIASMERCEDINAS.COM\" \/>\n<meta name=\"twitter:card\" content=\"summary_large_image\" \/>\n<meta name=\"twitter:creator\" content=\"@notmercedinas\" \/>\n<meta name=\"twitter:site\" content=\"@notmercedinas\" \/>\n<meta name=\"twitter:label1\" content=\"Escrito por\" \/>\n\t<meta name=\"twitter:data1\" content=\"NOTICIASMERCEDINAS.COM\" \/>\n\t<meta name=\"twitter:label2\" content=\"Tiempo de lectura\" \/>\n\t<meta name=\"twitter:data2\" content=\"2 minutos\" \/>\n<script type=\"application\/ld+json\" class=\"yoast-schema-graph\">{\"@context\":\"https:\\\/\\\/schema.org\",\"@graph\":[{\"@type\":\"Article\",\"@id\":\"https:\\\/\\\/noticiasmercedinas.com\\\/site\\\/2023\\\/05\\\/19\\\/josefina-marcel-presenta-su-espectaculo-de-fusion-musical-en-el-museo-de-arte-de-mercedes\\\/#article\",\"isPartOf\":{\"@id\":\"https:\\\/\\\/noticiasmercedinas.com\\\/site\\\/2023\\\/05\\\/19\\\/josefina-marcel-presenta-su-espectaculo-de-fusion-musical-en-el-museo-de-arte-de-mercedes\\\/\"},\"author\":{\"name\":\"NOTICIASMERCEDINAS.COM\",\"@id\":\"https:\\\/\\\/noticiasmercedinas.com\\\/site\\\/#\\\/schema\\\/person\\\/84b59c099c28ff2e8b77d4ceec5d8063\"},\"headline\":\"Jo Marcel presenta su espect\u00e1culo de fusi\u00f3n musical en el Museo de Arte de Mercedes\",\"datePublished\":\"2023-05-20T01:33:33+00:00\",\"dateModified\":\"2023-05-20T01:42:55+00:00\",\"mainEntityOfPage\":{\"@id\":\"https:\\\/\\\/noticiasmercedinas.com\\\/site\\\/2023\\\/05\\\/19\\\/josefina-marcel-presenta-su-espectaculo-de-fusion-musical-en-el-museo-de-arte-de-mercedes\\\/\"},\"wordCount\":336,\"publisher\":{\"@id\":\"https:\\\/\\\/noticiasmercedinas.com\\\/site\\\/#organization\"},\"image\":{\"@id\":\"https:\\\/\\\/noticiasmercedinas.com\\\/site\\\/2023\\\/05\\\/19\\\/josefina-marcel-presenta-su-espectaculo-de-fusion-musical-en-el-museo-de-arte-de-mercedes\\\/#primaryimage\"},\"thumbnailUrl\":\"https:\\\/\\\/noticiasmercedinas.com\\\/site\\\/wp-content\\\/uploads\\\/2023\\\/05\\\/jo_marcel.jpg\",\"keywords\":[\"Franco Di Catarina\",\"Franco Ram\u00edrez\",\"jo Marcel\",\"museo de arte\",\"Rulo Godar\"],\"articleSection\":[\"Cultura\"],\"inLanguage\":\"es\"},{\"@type\":\"WebPage\",\"@id\":\"https:\\\/\\\/noticiasmercedinas.com\\\/site\\\/2023\\\/05\\\/19\\\/josefina-marcel-presenta-su-espectaculo-de-fusion-musical-en-el-museo-de-arte-de-mercedes\\\/\",\"url\":\"https:\\\/\\\/noticiasmercedinas.com\\\/site\\\/2023\\\/05\\\/19\\\/josefina-marcel-presenta-su-espectaculo-de-fusion-musical-en-el-museo-de-arte-de-mercedes\\\/\",\"name\":\"Jo Marcel presenta su espect\u00e1culo de fusi\u00f3n musical en el Museo de Arte de Mercedes\",\"isPartOf\":{\"@id\":\"https:\\\/\\\/noticiasmercedinas.com\\\/site\\\/#website\"},\"primaryImageOfPage\":{\"@id\":\"https:\\\/\\\/noticiasmercedinas.com\\\/site\\\/2023\\\/05\\\/19\\\/josefina-marcel-presenta-su-espectaculo-de-fusion-musical-en-el-museo-de-arte-de-mercedes\\\/#primaryimage\"},\"image\":{\"@id\":\"https:\\\/\\\/noticiasmercedinas.com\\\/site\\\/2023\\\/05\\\/19\\\/josefina-marcel-presenta-su-espectaculo-de-fusion-musical-en-el-museo-de-arte-de-mercedes\\\/#primaryimage\"},\"thumbnailUrl\":\"https:\\\/\\\/noticiasmercedinas.com\\\/site\\\/wp-content\\\/uploads\\\/2023\\\/05\\\/jo_marcel.jpg\",\"datePublished\":\"2023-05-20T01:33:33+00:00\",\"dateModified\":\"2023-05-20T01:42:55+00:00\",\"breadcrumb\":{\"@id\":\"https:\\\/\\\/noticiasmercedinas.com\\\/site\\\/2023\\\/05\\\/19\\\/josefina-marcel-presenta-su-espectaculo-de-fusion-musical-en-el-museo-de-arte-de-mercedes\\\/#breadcrumb\"},\"inLanguage\":\"es\",\"potentialAction\":[{\"@type\":\"ReadAction\",\"target\":[\"https:\\\/\\\/noticiasmercedinas.com\\\/site\\\/2023\\\/05\\\/19\\\/josefina-marcel-presenta-su-espectaculo-de-fusion-musical-en-el-museo-de-arte-de-mercedes\\\/\"]}]},{\"@type\":\"ImageObject\",\"inLanguage\":\"es\",\"@id\":\"https:\\\/\\\/noticiasmercedinas.com\\\/site\\\/2023\\\/05\\\/19\\\/josefina-marcel-presenta-su-espectaculo-de-fusion-musical-en-el-museo-de-arte-de-mercedes\\\/#primaryimage\",\"url\":\"https:\\\/\\\/noticiasmercedinas.com\\\/site\\\/wp-content\\\/uploads\\\/2023\\\/05\\\/jo_marcel.jpg\",\"contentUrl\":\"https:\\\/\\\/noticiasmercedinas.com\\\/site\\\/wp-content\\\/uploads\\\/2023\\\/05\\\/jo_marcel.jpg\",\"width\":640,\"height\":443},{\"@type\":\"BreadcrumbList\",\"@id\":\"https:\\\/\\\/noticiasmercedinas.com\\\/site\\\/2023\\\/05\\\/19\\\/josefina-marcel-presenta-su-espectaculo-de-fusion-musical-en-el-museo-de-arte-de-mercedes\\\/#breadcrumb\",\"itemListElement\":[{\"@type\":\"ListItem\",\"position\":1,\"name\":\"Portada\",\"item\":\"https:\\\/\\\/noticiasmercedinas.com\\\/site\\\/\"},{\"@type\":\"ListItem\",\"position\":2,\"name\":\"Jo Marcel presenta su espect\u00e1culo de fusi\u00f3n musical en el Museo de Arte de Mercedes\"}]},{\"@type\":\"WebSite\",\"@id\":\"https:\\\/\\\/noticiasmercedinas.com\\\/site\\\/#website\",\"url\":\"https:\\\/\\\/noticiasmercedinas.com\\\/site\\\/\",\"name\":\"NOTICIASMERCEDINAS.COM\",\"description\":\"Mercedes, Buenos Aires, Argentina\",\"publisher\":{\"@id\":\"https:\\\/\\\/noticiasmercedinas.com\\\/site\\\/#organization\"},\"potentialAction\":[{\"@type\":\"SearchAction\",\"target\":{\"@type\":\"EntryPoint\",\"urlTemplate\":\"https:\\\/\\\/noticiasmercedinas.com\\\/site\\\/?s={search_term_string}\"},\"query-input\":{\"@type\":\"PropertyValueSpecification\",\"valueRequired\":true,\"valueName\":\"search_term_string\"}}],\"inLanguage\":\"es\"},{\"@type\":\"Organization\",\"@id\":\"https:\\\/\\\/noticiasmercedinas.com\\\/site\\\/#organization\",\"name\":\"NOTICIASMERCEDINAS.COM\",\"url\":\"https:\\\/\\\/noticiasmercedinas.com\\\/site\\\/\",\"logo\":{\"@type\":\"ImageObject\",\"inLanguage\":\"es\",\"@id\":\"https:\\\/\\\/noticiasmercedinas.com\\\/site\\\/#\\\/schema\\\/logo\\\/image\\\/\",\"url\":\"https:\\\/\\\/noticiasmercedinas.com\\\/site\\\/wp-content\\\/uploads\\\/2020\\\/06\\\/LOGO-512.jpg\",\"contentUrl\":\"https:\\\/\\\/noticiasmercedinas.com\\\/site\\\/wp-content\\\/uploads\\\/2020\\\/06\\\/LOGO-512.jpg\",\"width\":512,\"height\":512,\"caption\":\"NOTICIASMERCEDINAS.COM\"},\"image\":{\"@id\":\"https:\\\/\\\/noticiasmercedinas.com\\\/site\\\/#\\\/schema\\\/logo\\\/image\\\/\"},\"sameAs\":[\"https:\\\/\\\/www.facebook.com\\\/noticiasmercedinas\\\/\",\"https:\\\/\\\/x.com\\\/notmercedinas\",\"https:\\\/\\\/www.instagram.com\\\/noticiasmercedinas\\\/\"]},{\"@type\":\"Person\",\"@id\":\"https:\\\/\\\/noticiasmercedinas.com\\\/site\\\/#\\\/schema\\\/person\\\/84b59c099c28ff2e8b77d4ceec5d8063\",\"name\":\"NOTICIASMERCEDINAS.COM\",\"image\":{\"@type\":\"ImageObject\",\"inLanguage\":\"es\",\"@id\":\"https:\\\/\\\/secure.gravatar.com\\\/avatar\\\/4dfbf16b4d17945bfb6341b2d19043457132fcf478a5ee04f42e959fd8f5df0a?s=96&d=mm&r=g\",\"url\":\"https:\\\/\\\/secure.gravatar.com\\\/avatar\\\/4dfbf16b4d17945bfb6341b2d19043457132fcf478a5ee04f42e959fd8f5df0a?s=96&d=mm&r=g\",\"contentUrl\":\"https:\\\/\\\/secure.gravatar.com\\\/avatar\\\/4dfbf16b4d17945bfb6341b2d19043457132fcf478a5ee04f42e959fd8f5df0a?s=96&d=mm&r=g\",\"caption\":\"NOTICIASMERCEDINAS.COM\"},\"url\":\"https:\\\/\\\/noticiasmercedinas.com\\\/site\\\/author\\\/anonimo\\\/\"}]}<\/script>\n<!-- \/ Yoast SEO plugin. -->","yoast_head_json":{"title":"Jo Marcel presenta su espect\u00e1culo de fusi\u00f3n musical en el Museo de Arte de Mercedes","robots":{"index":"index","follow":"follow","max-snippet":"max-snippet:-1","max-image-preview":"max-image-preview:large","max-video-preview":"max-video-preview:-1"},"canonical":"https:\/\/noticiasmercedinas.com\/site\/2023\/05\/19\/josefina-marcel-presenta-su-espectaculo-de-fusion-musical-en-el-museo-de-arte-de-mercedes\/","og_locale":"es_ES","og_type":"article","og_title":"Jo Marcel presenta su espect\u00e1culo de fusi\u00f3n musical en el Museo de Arte de Mercedes","og_description":"\u25a0 Este domingo 21 de mayo a las 18:30 horas, en el marco de los \"Ac\u00fasticos en los Museos\". Con entrada gratuita, el evento invita a disfrutar la m\u00fasica y la danza fusionadas.","og_url":"https:\/\/noticiasmercedinas.com\/site\/2023\/05\/19\/josefina-marcel-presenta-su-espectaculo-de-fusion-musical-en-el-museo-de-arte-de-mercedes\/","og_site_name":"NOTICIASMERCEDINAS.COM","article_publisher":"https:\/\/www.facebook.com\/noticiasmercedinas\/","article_published_time":"2023-05-20T01:33:33+00:00","article_modified_time":"2023-05-20T01:42:55+00:00","og_image":[{"width":640,"height":443,"url":"https:\/\/noticiasmercedinas.com\/site\/wp-content\/uploads\/2023\/05\/jo_marcel.jpg","type":"image\/jpeg"}],"author":"NOTICIASMERCEDINAS.COM","twitter_card":"summary_large_image","twitter_creator":"@notmercedinas","twitter_site":"@notmercedinas","twitter_misc":{"Escrito por":"NOTICIASMERCEDINAS.COM","Tiempo de lectura":"2 minutos"},"schema":{"@context":"https:\/\/schema.org","@graph":[{"@type":"Article","@id":"https:\/\/noticiasmercedinas.com\/site\/2023\/05\/19\/josefina-marcel-presenta-su-espectaculo-de-fusion-musical-en-el-museo-de-arte-de-mercedes\/#article","isPartOf":{"@id":"https:\/\/noticiasmercedinas.com\/site\/2023\/05\/19\/josefina-marcel-presenta-su-espectaculo-de-fusion-musical-en-el-museo-de-arte-de-mercedes\/"},"author":{"name":"NOTICIASMERCEDINAS.COM","@id":"https:\/\/noticiasmercedinas.com\/site\/#\/schema\/person\/84b59c099c28ff2e8b77d4ceec5d8063"},"headline":"Jo Marcel presenta su espect\u00e1culo de fusi\u00f3n musical en el Museo de Arte de Mercedes","datePublished":"2023-05-20T01:33:33+00:00","dateModified":"2023-05-20T01:42:55+00:00","mainEntityOfPage":{"@id":"https:\/\/noticiasmercedinas.com\/site\/2023\/05\/19\/josefina-marcel-presenta-su-espectaculo-de-fusion-musical-en-el-museo-de-arte-de-mercedes\/"},"wordCount":336,"publisher":{"@id":"https:\/\/noticiasmercedinas.com\/site\/#organization"},"image":{"@id":"https:\/\/noticiasmercedinas.com\/site\/2023\/05\/19\/josefina-marcel-presenta-su-espectaculo-de-fusion-musical-en-el-museo-de-arte-de-mercedes\/#primaryimage"},"thumbnailUrl":"https:\/\/noticiasmercedinas.com\/site\/wp-content\/uploads\/2023\/05\/jo_marcel.jpg","keywords":["Franco Di Catarina","Franco Ram\u00edrez","jo Marcel","museo de arte","Rulo Godar"],"articleSection":["Cultura"],"inLanguage":"es"},{"@type":"WebPage","@id":"https:\/\/noticiasmercedinas.com\/site\/2023\/05\/19\/josefina-marcel-presenta-su-espectaculo-de-fusion-musical-en-el-museo-de-arte-de-mercedes\/","url":"https:\/\/noticiasmercedinas.com\/site\/2023\/05\/19\/josefina-marcel-presenta-su-espectaculo-de-fusion-musical-en-el-museo-de-arte-de-mercedes\/","name":"Jo Marcel presenta su espect\u00e1culo de fusi\u00f3n musical en el Museo de Arte de Mercedes","isPartOf":{"@id":"https:\/\/noticiasmercedinas.com\/site\/#website"},"primaryImageOfPage":{"@id":"https:\/\/noticiasmercedinas.com\/site\/2023\/05\/19\/josefina-marcel-presenta-su-espectaculo-de-fusion-musical-en-el-museo-de-arte-de-mercedes\/#primaryimage"},"image":{"@id":"https:\/\/noticiasmercedinas.com\/site\/2023\/05\/19\/josefina-marcel-presenta-su-espectaculo-de-fusion-musical-en-el-museo-de-arte-de-mercedes\/#primaryimage"},"thumbnailUrl":"https:\/\/noticiasmercedinas.com\/site\/wp-content\/uploads\/2023\/05\/jo_marcel.jpg","datePublished":"2023-05-20T01:33:33+00:00","dateModified":"2023-05-20T01:42:55+00:00","breadcrumb":{"@id":"https:\/\/noticiasmercedinas.com\/site\/2023\/05\/19\/josefina-marcel-presenta-su-espectaculo-de-fusion-musical-en-el-museo-de-arte-de-mercedes\/#breadcrumb"},"inLanguage":"es","potentialAction":[{"@type":"ReadAction","target":["https:\/\/noticiasmercedinas.com\/site\/2023\/05\/19\/josefina-marcel-presenta-su-espectaculo-de-fusion-musical-en-el-museo-de-arte-de-mercedes\/"]}]},{"@type":"ImageObject","inLanguage":"es","@id":"https:\/\/noticiasmercedinas.com\/site\/2023\/05\/19\/josefina-marcel-presenta-su-espectaculo-de-fusion-musical-en-el-museo-de-arte-de-mercedes\/#primaryimage","url":"https:\/\/noticiasmercedinas.com\/site\/wp-content\/uploads\/2023\/05\/jo_marcel.jpg","contentUrl":"https:\/\/noticiasmercedinas.com\/site\/wp-content\/uploads\/2023\/05\/jo_marcel.jpg","width":640,"height":443},{"@type":"BreadcrumbList","@id":"https:\/\/noticiasmercedinas.com\/site\/2023\/05\/19\/josefina-marcel-presenta-su-espectaculo-de-fusion-musical-en-el-museo-de-arte-de-mercedes\/#breadcrumb","itemListElement":[{"@type":"ListItem","position":1,"name":"Portada","item":"https:\/\/noticiasmercedinas.com\/site\/"},{"@type":"ListItem","position":2,"name":"Jo Marcel presenta su espect\u00e1culo de fusi\u00f3n musical en el Museo de Arte de Mercedes"}]},{"@type":"WebSite","@id":"https:\/\/noticiasmercedinas.com\/site\/#website","url":"https:\/\/noticiasmercedinas.com\/site\/","name":"NOTICIASMERCEDINAS.COM","description":"Mercedes, Buenos Aires, Argentina","publisher":{"@id":"https:\/\/noticiasmercedinas.com\/site\/#organization"},"potentialAction":[{"@type":"SearchAction","target":{"@type":"EntryPoint","urlTemplate":"https:\/\/noticiasmercedinas.com\/site\/?s={search_term_string}"},"query-input":{"@type":"PropertyValueSpecification","valueRequired":true,"valueName":"search_term_string"}}],"inLanguage":"es"},{"@type":"Organization","@id":"https:\/\/noticiasmercedinas.com\/site\/#organization","name":"NOTICIASMERCEDINAS.COM","url":"https:\/\/noticiasmercedinas.com\/site\/","logo":{"@type":"ImageObject","inLanguage":"es","@id":"https:\/\/noticiasmercedinas.com\/site\/#\/schema\/logo\/image\/","url":"https:\/\/noticiasmercedinas.com\/site\/wp-content\/uploads\/2020\/06\/LOGO-512.jpg","contentUrl":"https:\/\/noticiasmercedinas.com\/site\/wp-content\/uploads\/2020\/06\/LOGO-512.jpg","width":512,"height":512,"caption":"NOTICIASMERCEDINAS.COM"},"image":{"@id":"https:\/\/noticiasmercedinas.com\/site\/#\/schema\/logo\/image\/"},"sameAs":["https:\/\/www.facebook.com\/noticiasmercedinas\/","https:\/\/x.com\/notmercedinas","https:\/\/www.instagram.com\/noticiasmercedinas\/"]},{"@type":"Person","@id":"https:\/\/noticiasmercedinas.com\/site\/#\/schema\/person\/84b59c099c28ff2e8b77d4ceec5d8063","name":"NOTICIASMERCEDINAS.COM","image":{"@type":"ImageObject","inLanguage":"es","@id":"https:\/\/secure.gravatar.com\/avatar\/4dfbf16b4d17945bfb6341b2d19043457132fcf478a5ee04f42e959fd8f5df0a?s=96&d=mm&r=g","url":"https:\/\/secure.gravatar.com\/avatar\/4dfbf16b4d17945bfb6341b2d19043457132fcf478a5ee04f42e959fd8f5df0a?s=96&d=mm&r=g","contentUrl":"https:\/\/secure.gravatar.com\/avatar\/4dfbf16b4d17945bfb6341b2d19043457132fcf478a5ee04f42e959fd8f5df0a?s=96&d=mm&r=g","caption":"NOTICIASMERCEDINAS.COM"},"url":"https:\/\/noticiasmercedinas.com\/site\/author\/anonimo\/"}]}},"amp_enabled":true,"_links":{"self":[{"href":"https:\/\/noticiasmercedinas.com\/site\/wp-json\/wp\/v2\/posts\/115367","targetHints":{"allow":["GET"]}}],"collection":[{"href":"https:\/\/noticiasmercedinas.com\/site\/wp-json\/wp\/v2\/posts"}],"about":[{"href":"https:\/\/noticiasmercedinas.com\/site\/wp-json\/wp\/v2\/types\/post"}],"author":[{"embeddable":true,"href":"https:\/\/noticiasmercedinas.com\/site\/wp-json\/wp\/v2\/users\/16"}],"replies":[{"embeddable":true,"href":"https:\/\/noticiasmercedinas.com\/site\/wp-json\/wp\/v2\/comments?post=115367"}],"version-history":[{"count":4,"href":"https:\/\/noticiasmercedinas.com\/site\/wp-json\/wp\/v2\/posts\/115367\/revisions"}],"predecessor-version":[{"id":115374,"href":"https:\/\/noticiasmercedinas.com\/site\/wp-json\/wp\/v2\/posts\/115367\/revisions\/115374"}],"wp:featuredmedia":[{"embeddable":true,"href":"https:\/\/noticiasmercedinas.com\/site\/wp-json\/wp\/v2\/media\/115373"}],"wp:attachment":[{"href":"https:\/\/noticiasmercedinas.com\/site\/wp-json\/wp\/v2\/media?parent=115367"}],"wp:term":[{"taxonomy":"category","embeddable":true,"href":"https:\/\/noticiasmercedinas.com\/site\/wp-json\/wp\/v2\/categories?post=115367"},{"taxonomy":"post_tag","embeddable":true,"href":"https:\/\/noticiasmercedinas.com\/site\/wp-json\/wp\/v2\/tags?post=115367"}],"curies":[{"name":"wp","href":"https:\/\/api.w.org\/{rel}","templated":true}]}}