{"id":115423,"date":"2023-05-20T21:31:28","date_gmt":"2023-05-21T00:31:28","guid":{"rendered":"https:\/\/noticiasmercedinas.com\/site\/?p=115423"},"modified":"2023-05-21T15:58:32","modified_gmt":"2023-05-21T18:58:32","slug":"trocha-no-abandona-el-camino-correcto","status":"publish","type":"post","link":"https:\/\/noticiasmercedinas.com\/site\/2023\/05\/20\/trocha-no-abandona-el-camino-correcto\/","title":{"rendered":"Trocha no abandona el camino correcto"},"content":{"rendered":"<figure id=\"attachment_115428\" aria-describedby=\"caption-attachment-115428\" style=\"width: 640px\" class=\"wp-caption alignnone\"><img loading=\"lazy\" decoding=\"async\" class=\"wp-image-115428 size-full\" src=\"https:\/\/noticiasmercedinas.com\/site\/wp-content\/uploads\/2023\/05\/IMG_6392.jpg\" alt=\"\" width=\"640\" height=\"397\" srcset=\"https:\/\/noticiasmercedinas.com\/site\/wp-content\/uploads\/2023\/05\/IMG_6392.jpg 640w, https:\/\/noticiasmercedinas.com\/site\/wp-content\/uploads\/2023\/05\/IMG_6392-300x186.jpg 300w\" sizes=\"auto, (max-width: 640px) 100vw, 640px\" \/><figcaption id=\"caption-attachment-115428\" class=\"wp-caption-text\">Castro de Trocha ante Cruz y Feij\u00f3 de Carteros.<\/figcaption><\/figure>\n<p>En la cancha de la Liga Mercedina de F\u00fatbol, este s\u00e1bado 20 de mayo se dio inicio a la d\u00e9cima fecha de Primera Divisi\u00f3n. El terreno de juego presentaba sectores complicados y otros en mejores condiciones, lo cual afect\u00f3 el desarrollo de los partidos. Adem\u00e1s, hubo un partido m\u00e1s en la ciudad de Marcos Paz. La acci\u00f3n continuar\u00e1 este domingo 21, a excepci\u00f3n del encuentro suspendido en Suipacha, donde La Tijera era local frente a El Front\u00f3n.<\/p>\n<p>En el estadio H\u00e9roes de Malvinas y 65, Col\u00f3n tom\u00f3 la delantera con un marcador de 2-0 sobre AMEFIP ATILRA, alej\u00e1ndose de la zona comprometida. Sin embargo, el equipo rival logr\u00f3 descontar y, en el complemento, igual\u00f3 el marcador para finalmente llevarse la victoria por 3-2, lo cual era crucial para ellos. En Marcos Paz, hubo m\u00e1s f\u00fatbol con la contundente victoria de Pabell\u00f3n sobre El Tim\u00f3n. El \u00faltimo campe\u00f3n de la Liga contin\u00faa en la lucha por el ascenso.<\/p>\n<p>Por \u00faltimo, el partido m\u00e1s destacado fue el que enfrent\u00f3 al l\u00edder, Trocha, contra un equipo de Carteros que estaba saliendo de la zona de descenso. Durante un primer tiempo discreto, el \u00abCarbonero\u00bb logr\u00f3 acertar en la definici\u00f3n, aprovechando un error del arquero Benedetti en el \u00e1rea embarrada. Gallo y Sigona marcaron los goles para el 2-0. Luego, en el complemento, lleg\u00f3 el golazo de Jaime para sellar la victoria de Trocha y mantener un invicto de 10 fechas hasta el momento.<br \/>\n<strong><br \/>\nCarteros 0:<\/strong> Diego Benedetti, Jonathan Ronsoni, Facundo Feij\u00f3, Federico Fern\u00e1ndez, Franco Torres, Braian Moyano, Oscar Morales, Mat\u00edas Giles, Marcelo Aguirre, Nazareno Cruz y Nicol\u00e1s Leguizam\u00f3n. <strong>DT:<\/strong> Marcelo Torre. <strong>Relevos:<\/strong> Facundo Maciel, Yael Mart\u00ednez, Mauricio Galv\u00e1n y Adri\u00e1n Aguilera.<\/p>\n<p><strong>Trocha 3:<\/strong> Francisco Laporta, Iv\u00e1n Portillo, Sim\u00f3n Magad\u00e1n, Agust\u00edn Uviz, Adri\u00e1n Castro, Barrera, Lucas Gallo, Nicol\u00e1s Benedetti, Mauro Sigona, Nahuel Santiago y Gonzalo Jaime. <strong>DT:<\/strong> Juan Ignacio Men\u00e9ndez. <strong>Relevos:<\/strong> Quevedo.<\/p>\n<p><strong>Goles en el PT:<\/strong> A los 40\u2019 Gallo y a los 43\u2019 Sigona para Trocha.<br \/>\n<strong>Gol en el ST:<\/strong> A los 19\u2019 Jaime para Trocha.<br \/>\n<strong>Cambios:<\/strong> Laurino por Magad\u00e1n, Padula por Castro, Tiberi por Sigona, Tafetani por Gallo y D\u00edaz por\u00a0 Jaime en Trocha. Gonzalo Mora por Fern\u00e1ndez, Juan Torres por Giles en Carteros.<br \/>\n<strong>Arbitro:<\/strong> Rom\u00e1n Grande (AAM).<br \/>\n<strong>Expulsados:<\/strong> Feij\u00f3 en Carteros y Tafatani en Trocha.<\/p>\n<p><strong>Col\u00f3n 2:<\/strong> Gustavo Cerisola y Jerem\u00eda B\u00e1rzola.<br \/>\n<strong>AMEFIP 3:<\/strong> Eduardo Taborda, Franco Enleip y Francisco Bianchi.<br \/>\n<strong>Arbitro:<\/strong> Jos\u00e9 Silvero (AAM).<br \/>\n<strong>Expulsado: <\/strong>Mat\u00edas Verd\u00fan en col\u00f3n.<\/p>\n<p><strong>Pabell\u00f3n Argentino 5:<\/strong> Juan Castelano, Gonzalo Castelano, Uriel Acosta, Bautista Olgiati y Mat\u00edas Paolacci.<br \/>\n<strong>El Tim\u00f3n 1: <\/strong>Sebasti\u00e1n Mosca.<strong><br \/>\nArbitro:<\/strong> Sergio Monz\u00f3n (CADEP).<\/p>\n<p><img loading=\"lazy\" decoding=\"async\" class=\"alignnone size-full wp-image-115458\" src=\"https:\/\/noticiasmercedinas.com\/site\/wp-content\/uploads\/2023\/05\/Primera-division-A-8.jpg\" alt=\"\" width=\"640\" height=\"438\" srcset=\"https:\/\/noticiasmercedinas.com\/site\/wp-content\/uploads\/2023\/05\/Primera-division-A-8.jpg 640w, https:\/\/noticiasmercedinas.com\/site\/wp-content\/uploads\/2023\/05\/Primera-division-A-8-300x205.jpg 300w\" sizes=\"auto, (max-width: 640px) 100vw, 640px\" \/><br \/>\n<strong><br \/>\nDomingo 21 de mayo<br \/>\nCancha:<\/strong> Liga Mercedina.<br \/>\n<strong>Segunda<\/strong><br \/>\nA las 11 Holanda vs. Talleres.<br \/>\nA las 13 Defensores vs. Gowland.<\/p>\n<p><strong>Primera<\/strong><br \/>\n<strong>Cancha:<\/strong> Liga Mercedina.<br \/>\nA las 15 Mercedes vs. Juventud.<br \/>\nA las17 Ateneo vs. Estudiantes.<\/p>\n<p><strong>Segunda<\/strong><br \/>\n<strong>Cancha:<\/strong> Atl\u00e9tico Marcos Paz.<br \/>\nA las 13 Atl\u00e9tico Marcos Paz vs. Palometas.<\/p>\n<p><strong>Segunda<\/strong><br \/>\n<strong>Cancha:<\/strong> Quilmes.<br \/>\nA las 13.30 All Haz vs. Atl\u00e9tico General Rodr\u00edguez.<\/p>\n<p><strong>Primera<\/strong><br \/>\n<strong>Cancha: <\/strong>Quilmes.<br \/>\nA las 15.30 Quilmes vs. V\u00e9lez Sarsfield.<\/p>\n<p><strong>Cancha:<\/strong> Municipal de Suipacha.<br \/>\nA las 16 La Tijera vs. El Front\u00f3n (suspendido)<\/p>\n<p><strong>Reserva<br \/>\n<\/strong>Este s\u00e1bado s\u00f3lo se jug\u00f3 un encuentro y los restantes programados fueron suspendidos, este domingo 21 seguir\u00e1 la fecha de Reserva.<br \/>\n<strong><br \/>\nPabell\u00f3n Argentino 5:<\/strong> Ger\u00f3nimo Norbedo, Gast\u00f3n Bianchi, Franco Viola, Federico Gonz\u00e1lez y Valent\u00edn Salpurido.<br \/>\n<strong>El Tim\u00f3n 1: <\/strong>Tom\u00e1s Rodr\u00edguez.<\/p>\n<p><strong>Domingo 21 de mayo<br \/>\nCancha:<\/strong> Atl\u00e9tico Marcos Paz.<br \/>\nA las 11 Atl\u00e9tico Marcos Paz vs. Palometas.<\/p>\n<p><strong>Cancha:<\/strong> Mercedes.<br \/>\nA las 13 Mercedes vs. Juventud.<\/p>\n<p><strong>Cancha:<\/strong> Ateneo.<br \/>\nA las 14 Ateneo vs. Estudiantes.<br \/>\nA las 16 All Haz vs. Atl\u00e9tico General Rodr\u00edguez.<\/p>\n<p><strong>Cancha: <\/strong>Carteros.<br \/>\nA las 15 Carteros vs. Trocha.<br \/>\n<strong><br \/>\nCancha: <\/strong>Municipal de Suipacha.<br \/>\nA las 14 La Tijera vs. El Front\u00f3n (Suspendido)<\/p>\n","protected":false},"excerpt":{"rendered":"<p>\u25a0 En la apertura de la d\u00e9cima fecha le gan\u00f3 3-0 a Carteros para estirar su invicto y liderato. Pabell\u00f3n goleo en Marcos Paz a Tim\u00f3n y en la Liga lo dio vuelta AMEFIP ante Col\u00f3n por 3-2. El domingo sigue el futbol.<\/p>\n","protected":false},"author":6,"featured_media":115428,"comment_status":"closed","ping_status":"closed","sticky":false,"template":"","format":"standard","meta":{"footnotes":""},"categories":[5],"tags":[3346,14140,592,14141],"class_list":["post-115423","post","type-post","status-publish","format-standard","has-post-thumbnail","hentry","category-deportes","tag-liga-mercedina-de-futbol","tag-primera-division-a","tag-reserva","tag-segunda-division-a"],"yoast_head":"<!-- This site is optimized with the Yoast SEO plugin v27.4 - https:\/\/yoast.com\/product\/yoast-seo-wordpress\/ -->\n<title>Trocha no abandona el camino correcto<\/title>\n<meta name=\"robots\" content=\"index, follow, max-snippet:-1, max-image-preview:large, max-video-preview:-1\" \/>\n<link rel=\"canonical\" href=\"https:\/\/noticiasmercedinas.com\/site\/2023\/05\/20\/trocha-no-abandona-el-camino-correcto\/\" \/>\n<meta property=\"og:locale\" content=\"es_ES\" \/>\n<meta property=\"og:type\" content=\"article\" \/>\n<meta property=\"og:title\" content=\"Trocha no abandona el camino correcto\" \/>\n<meta property=\"og:description\" content=\"\u25a0 En la apertura de la d\u00e9cima fecha le gan\u00f3 3-0 a Carteros para estirar su invicto y liderato. Pabell\u00f3n goleo en Marcos Paz a Tim\u00f3n y en la Liga lo dio vuelta AMEFIP ante Col\u00f3n por 3-2. El domingo sigue el futbol.\" \/>\n<meta property=\"og:url\" content=\"https:\/\/noticiasmercedinas.com\/site\/2023\/05\/20\/trocha-no-abandona-el-camino-correcto\/\" \/>\n<meta property=\"og:site_name\" content=\"NOTICIASMERCEDINAS.COM\" \/>\n<meta property=\"article:publisher\" content=\"https:\/\/www.facebook.com\/noticiasmercedinas\/\" \/>\n<meta property=\"article:published_time\" content=\"2023-05-21T00:31:28+00:00\" \/>\n<meta property=\"article:modified_time\" content=\"2023-05-21T18:58:32+00:00\" \/>\n<meta property=\"og:image\" content=\"https:\/\/noticiasmercedinas.com\/site\/wp-content\/uploads\/2023\/05\/IMG_6392.jpg\" \/>\n\t<meta property=\"og:image:width\" content=\"640\" \/>\n\t<meta property=\"og:image:height\" content=\"397\" \/>\n\t<meta property=\"og:image:type\" content=\"image\/jpeg\" \/>\n<meta name=\"author\" content=\"Juan Dagnino NOTICIASMERCEDINAS.COM\" \/>\n<meta name=\"twitter:card\" content=\"summary_large_image\" \/>\n<meta name=\"twitter:creator\" content=\"@notmercedinas\" \/>\n<meta name=\"twitter:site\" content=\"@notmercedinas\" \/>\n<meta name=\"twitter:label1\" content=\"Escrito por\" \/>\n\t<meta name=\"twitter:data1\" content=\"Juan Dagnino NOTICIASMERCEDINAS.COM\" \/>\n\t<meta name=\"twitter:label2\" content=\"Tiempo de lectura\" \/>\n\t<meta name=\"twitter:data2\" content=\"4 minutos\" \/>\n<script type=\"application\/ld+json\" class=\"yoast-schema-graph\">{\"@context\":\"https:\\\/\\\/schema.org\",\"@graph\":[{\"@type\":\"Article\",\"@id\":\"https:\\\/\\\/noticiasmercedinas.com\\\/site\\\/2023\\\/05\\\/20\\\/trocha-no-abandona-el-camino-correcto\\\/#article\",\"isPartOf\":{\"@id\":\"https:\\\/\\\/noticiasmercedinas.com\\\/site\\\/2023\\\/05\\\/20\\\/trocha-no-abandona-el-camino-correcto\\\/\"},\"author\":{\"name\":\"Juan Dagnino NOTICIASMERCEDINAS.COM\",\"@id\":\"https:\\\/\\\/noticiasmercedinas.com\\\/site\\\/#\\\/schema\\\/person\\\/8f2f09d666ef40986eba4a5e6f2a06f9\"},\"headline\":\"Trocha no abandona el camino correcto\",\"datePublished\":\"2023-05-21T00:31:28+00:00\",\"dateModified\":\"2023-05-21T18:58:32+00:00\",\"mainEntityOfPage\":{\"@id\":\"https:\\\/\\\/noticiasmercedinas.com\\\/site\\\/2023\\\/05\\\/20\\\/trocha-no-abandona-el-camino-correcto\\\/\"},\"wordCount\":669,\"publisher\":{\"@id\":\"https:\\\/\\\/noticiasmercedinas.com\\\/site\\\/#organization\"},\"image\":{\"@id\":\"https:\\\/\\\/noticiasmercedinas.com\\\/site\\\/2023\\\/05\\\/20\\\/trocha-no-abandona-el-camino-correcto\\\/#primaryimage\"},\"thumbnailUrl\":\"https:\\\/\\\/noticiasmercedinas.com\\\/site\\\/wp-content\\\/uploads\\\/2023\\\/05\\\/IMG_6392.jpg\",\"keywords\":[\"Liga Mercedina de F\u00fatbol\",\"primera divisi\u00f3n a\",\"reserva\",\"segunda divisi\u00f3n a\"],\"articleSection\":[\"Deportes\"],\"inLanguage\":\"es\"},{\"@type\":\"WebPage\",\"@id\":\"https:\\\/\\\/noticiasmercedinas.com\\\/site\\\/2023\\\/05\\\/20\\\/trocha-no-abandona-el-camino-correcto\\\/\",\"url\":\"https:\\\/\\\/noticiasmercedinas.com\\\/site\\\/2023\\\/05\\\/20\\\/trocha-no-abandona-el-camino-correcto\\\/\",\"name\":\"Trocha no abandona el camino correcto\",\"isPartOf\":{\"@id\":\"https:\\\/\\\/noticiasmercedinas.com\\\/site\\\/#website\"},\"primaryImageOfPage\":{\"@id\":\"https:\\\/\\\/noticiasmercedinas.com\\\/site\\\/2023\\\/05\\\/20\\\/trocha-no-abandona-el-camino-correcto\\\/#primaryimage\"},\"image\":{\"@id\":\"https:\\\/\\\/noticiasmercedinas.com\\\/site\\\/2023\\\/05\\\/20\\\/trocha-no-abandona-el-camino-correcto\\\/#primaryimage\"},\"thumbnailUrl\":\"https:\\\/\\\/noticiasmercedinas.com\\\/site\\\/wp-content\\\/uploads\\\/2023\\\/05\\\/IMG_6392.jpg\",\"datePublished\":\"2023-05-21T00:31:28+00:00\",\"dateModified\":\"2023-05-21T18:58:32+00:00\",\"breadcrumb\":{\"@id\":\"https:\\\/\\\/noticiasmercedinas.com\\\/site\\\/2023\\\/05\\\/20\\\/trocha-no-abandona-el-camino-correcto\\\/#breadcrumb\"},\"inLanguage\":\"es\",\"potentialAction\":[{\"@type\":\"ReadAction\",\"target\":[\"https:\\\/\\\/noticiasmercedinas.com\\\/site\\\/2023\\\/05\\\/20\\\/trocha-no-abandona-el-camino-correcto\\\/\"]}]},{\"@type\":\"ImageObject\",\"inLanguage\":\"es\",\"@id\":\"https:\\\/\\\/noticiasmercedinas.com\\\/site\\\/2023\\\/05\\\/20\\\/trocha-no-abandona-el-camino-correcto\\\/#primaryimage\",\"url\":\"https:\\\/\\\/noticiasmercedinas.com\\\/site\\\/wp-content\\\/uploads\\\/2023\\\/05\\\/IMG_6392.jpg\",\"contentUrl\":\"https:\\\/\\\/noticiasmercedinas.com\\\/site\\\/wp-content\\\/uploads\\\/2023\\\/05\\\/IMG_6392.jpg\",\"width\":640,\"height\":397},{\"@type\":\"BreadcrumbList\",\"@id\":\"https:\\\/\\\/noticiasmercedinas.com\\\/site\\\/2023\\\/05\\\/20\\\/trocha-no-abandona-el-camino-correcto\\\/#breadcrumb\",\"itemListElement\":[{\"@type\":\"ListItem\",\"position\":1,\"name\":\"Portada\",\"item\":\"https:\\\/\\\/noticiasmercedinas.com\\\/site\\\/\"},{\"@type\":\"ListItem\",\"position\":2,\"name\":\"Trocha no abandona el camino correcto\"}]},{\"@type\":\"WebSite\",\"@id\":\"https:\\\/\\\/noticiasmercedinas.com\\\/site\\\/#website\",\"url\":\"https:\\\/\\\/noticiasmercedinas.com\\\/site\\\/\",\"name\":\"NOTICIASMERCEDINAS.COM\",\"description\":\"Mercedes, Buenos Aires, Argentina\",\"publisher\":{\"@id\":\"https:\\\/\\\/noticiasmercedinas.com\\\/site\\\/#organization\"},\"potentialAction\":[{\"@type\":\"SearchAction\",\"target\":{\"@type\":\"EntryPoint\",\"urlTemplate\":\"https:\\\/\\\/noticiasmercedinas.com\\\/site\\\/?s={search_term_string}\"},\"query-input\":{\"@type\":\"PropertyValueSpecification\",\"valueRequired\":true,\"valueName\":\"search_term_string\"}}],\"inLanguage\":\"es\"},{\"@type\":\"Organization\",\"@id\":\"https:\\\/\\\/noticiasmercedinas.com\\\/site\\\/#organization\",\"name\":\"NOTICIASMERCEDINAS.COM\",\"url\":\"https:\\\/\\\/noticiasmercedinas.com\\\/site\\\/\",\"logo\":{\"@type\":\"ImageObject\",\"inLanguage\":\"es\",\"@id\":\"https:\\\/\\\/noticiasmercedinas.com\\\/site\\\/#\\\/schema\\\/logo\\\/image\\\/\",\"url\":\"https:\\\/\\\/noticiasmercedinas.com\\\/site\\\/wp-content\\\/uploads\\\/2020\\\/06\\\/LOGO-512.jpg\",\"contentUrl\":\"https:\\\/\\\/noticiasmercedinas.com\\\/site\\\/wp-content\\\/uploads\\\/2020\\\/06\\\/LOGO-512.jpg\",\"width\":512,\"height\":512,\"caption\":\"NOTICIASMERCEDINAS.COM\"},\"image\":{\"@id\":\"https:\\\/\\\/noticiasmercedinas.com\\\/site\\\/#\\\/schema\\\/logo\\\/image\\\/\"},\"sameAs\":[\"https:\\\/\\\/www.facebook.com\\\/noticiasmercedinas\\\/\",\"https:\\\/\\\/x.com\\\/notmercedinas\",\"https:\\\/\\\/www.instagram.com\\\/noticiasmercedinas\\\/\"]},{\"@type\":\"Person\",\"@id\":\"https:\\\/\\\/noticiasmercedinas.com\\\/site\\\/#\\\/schema\\\/person\\\/8f2f09d666ef40986eba4a5e6f2a06f9\",\"name\":\"Juan Dagnino NOTICIASMERCEDINAS.COM\",\"image\":{\"@type\":\"ImageObject\",\"inLanguage\":\"es\",\"@id\":\"https:\\\/\\\/secure.gravatar.com\\\/avatar\\\/fc7059a769f5a3cae65fadb228a3e4accf3a64b4b2305020d0a27e6d5333c91b?s=96&d=mm&r=g\",\"url\":\"https:\\\/\\\/secure.gravatar.com\\\/avatar\\\/fc7059a769f5a3cae65fadb228a3e4accf3a64b4b2305020d0a27e6d5333c91b?s=96&d=mm&r=g\",\"contentUrl\":\"https:\\\/\\\/secure.gravatar.com\\\/avatar\\\/fc7059a769f5a3cae65fadb228a3e4accf3a64b4b2305020d0a27e6d5333c91b?s=96&d=mm&r=g\",\"caption\":\"Juan Dagnino NOTICIASMERCEDINAS.COM\"},\"url\":\"https:\\\/\\\/noticiasmercedinas.com\\\/site\\\/author\\\/juandagnino\\\/\"}]}<\/script>\n<!-- \/ Yoast SEO plugin. -->","yoast_head_json":{"title":"Trocha no abandona el camino correcto","robots":{"index":"index","follow":"follow","max-snippet":"max-snippet:-1","max-image-preview":"max-image-preview:large","max-video-preview":"max-video-preview:-1"},"canonical":"https:\/\/noticiasmercedinas.com\/site\/2023\/05\/20\/trocha-no-abandona-el-camino-correcto\/","og_locale":"es_ES","og_type":"article","og_title":"Trocha no abandona el camino correcto","og_description":"\u25a0 En la apertura de la d\u00e9cima fecha le gan\u00f3 3-0 a Carteros para estirar su invicto y liderato. Pabell\u00f3n goleo en Marcos Paz a Tim\u00f3n y en la Liga lo dio vuelta AMEFIP ante Col\u00f3n por 3-2. El domingo sigue el futbol.","og_url":"https:\/\/noticiasmercedinas.com\/site\/2023\/05\/20\/trocha-no-abandona-el-camino-correcto\/","og_site_name":"NOTICIASMERCEDINAS.COM","article_publisher":"https:\/\/www.facebook.com\/noticiasmercedinas\/","article_published_time":"2023-05-21T00:31:28+00:00","article_modified_time":"2023-05-21T18:58:32+00:00","og_image":[{"width":640,"height":397,"url":"https:\/\/noticiasmercedinas.com\/site\/wp-content\/uploads\/2023\/05\/IMG_6392.jpg","type":"image\/jpeg"}],"author":"Juan Dagnino NOTICIASMERCEDINAS.COM","twitter_card":"summary_large_image","twitter_creator":"@notmercedinas","twitter_site":"@notmercedinas","twitter_misc":{"Escrito por":"Juan Dagnino NOTICIASMERCEDINAS.COM","Tiempo de lectura":"4 minutos"},"schema":{"@context":"https:\/\/schema.org","@graph":[{"@type":"Article","@id":"https:\/\/noticiasmercedinas.com\/site\/2023\/05\/20\/trocha-no-abandona-el-camino-correcto\/#article","isPartOf":{"@id":"https:\/\/noticiasmercedinas.com\/site\/2023\/05\/20\/trocha-no-abandona-el-camino-correcto\/"},"author":{"name":"Juan Dagnino NOTICIASMERCEDINAS.COM","@id":"https:\/\/noticiasmercedinas.com\/site\/#\/schema\/person\/8f2f09d666ef40986eba4a5e6f2a06f9"},"headline":"Trocha no abandona el camino correcto","datePublished":"2023-05-21T00:31:28+00:00","dateModified":"2023-05-21T18:58:32+00:00","mainEntityOfPage":{"@id":"https:\/\/noticiasmercedinas.com\/site\/2023\/05\/20\/trocha-no-abandona-el-camino-correcto\/"},"wordCount":669,"publisher":{"@id":"https:\/\/noticiasmercedinas.com\/site\/#organization"},"image":{"@id":"https:\/\/noticiasmercedinas.com\/site\/2023\/05\/20\/trocha-no-abandona-el-camino-correcto\/#primaryimage"},"thumbnailUrl":"https:\/\/noticiasmercedinas.com\/site\/wp-content\/uploads\/2023\/05\/IMG_6392.jpg","keywords":["Liga Mercedina de F\u00fatbol","primera divisi\u00f3n a","reserva","segunda divisi\u00f3n a"],"articleSection":["Deportes"],"inLanguage":"es"},{"@type":"WebPage","@id":"https:\/\/noticiasmercedinas.com\/site\/2023\/05\/20\/trocha-no-abandona-el-camino-correcto\/","url":"https:\/\/noticiasmercedinas.com\/site\/2023\/05\/20\/trocha-no-abandona-el-camino-correcto\/","name":"Trocha no abandona el camino correcto","isPartOf":{"@id":"https:\/\/noticiasmercedinas.com\/site\/#website"},"primaryImageOfPage":{"@id":"https:\/\/noticiasmercedinas.com\/site\/2023\/05\/20\/trocha-no-abandona-el-camino-correcto\/#primaryimage"},"image":{"@id":"https:\/\/noticiasmercedinas.com\/site\/2023\/05\/20\/trocha-no-abandona-el-camino-correcto\/#primaryimage"},"thumbnailUrl":"https:\/\/noticiasmercedinas.com\/site\/wp-content\/uploads\/2023\/05\/IMG_6392.jpg","datePublished":"2023-05-21T00:31:28+00:00","dateModified":"2023-05-21T18:58:32+00:00","breadcrumb":{"@id":"https:\/\/noticiasmercedinas.com\/site\/2023\/05\/20\/trocha-no-abandona-el-camino-correcto\/#breadcrumb"},"inLanguage":"es","potentialAction":[{"@type":"ReadAction","target":["https:\/\/noticiasmercedinas.com\/site\/2023\/05\/20\/trocha-no-abandona-el-camino-correcto\/"]}]},{"@type":"ImageObject","inLanguage":"es","@id":"https:\/\/noticiasmercedinas.com\/site\/2023\/05\/20\/trocha-no-abandona-el-camino-correcto\/#primaryimage","url":"https:\/\/noticiasmercedinas.com\/site\/wp-content\/uploads\/2023\/05\/IMG_6392.jpg","contentUrl":"https:\/\/noticiasmercedinas.com\/site\/wp-content\/uploads\/2023\/05\/IMG_6392.jpg","width":640,"height":397},{"@type":"BreadcrumbList","@id":"https:\/\/noticiasmercedinas.com\/site\/2023\/05\/20\/trocha-no-abandona-el-camino-correcto\/#breadcrumb","itemListElement":[{"@type":"ListItem","position":1,"name":"Portada","item":"https:\/\/noticiasmercedinas.com\/site\/"},{"@type":"ListItem","position":2,"name":"Trocha no abandona el camino correcto"}]},{"@type":"WebSite","@id":"https:\/\/noticiasmercedinas.com\/site\/#website","url":"https:\/\/noticiasmercedinas.com\/site\/","name":"NOTICIASMERCEDINAS.COM","description":"Mercedes, Buenos Aires, Argentina","publisher":{"@id":"https:\/\/noticiasmercedinas.com\/site\/#organization"},"potentialAction":[{"@type":"SearchAction","target":{"@type":"EntryPoint","urlTemplate":"https:\/\/noticiasmercedinas.com\/site\/?s={search_term_string}"},"query-input":{"@type":"PropertyValueSpecification","valueRequired":true,"valueName":"search_term_string"}}],"inLanguage":"es"},{"@type":"Organization","@id":"https:\/\/noticiasmercedinas.com\/site\/#organization","name":"NOTICIASMERCEDINAS.COM","url":"https:\/\/noticiasmercedinas.com\/site\/","logo":{"@type":"ImageObject","inLanguage":"es","@id":"https:\/\/noticiasmercedinas.com\/site\/#\/schema\/logo\/image\/","url":"https:\/\/noticiasmercedinas.com\/site\/wp-content\/uploads\/2020\/06\/LOGO-512.jpg","contentUrl":"https:\/\/noticiasmercedinas.com\/site\/wp-content\/uploads\/2020\/06\/LOGO-512.jpg","width":512,"height":512,"caption":"NOTICIASMERCEDINAS.COM"},"image":{"@id":"https:\/\/noticiasmercedinas.com\/site\/#\/schema\/logo\/image\/"},"sameAs":["https:\/\/www.facebook.com\/noticiasmercedinas\/","https:\/\/x.com\/notmercedinas","https:\/\/www.instagram.com\/noticiasmercedinas\/"]},{"@type":"Person","@id":"https:\/\/noticiasmercedinas.com\/site\/#\/schema\/person\/8f2f09d666ef40986eba4a5e6f2a06f9","name":"Juan Dagnino NOTICIASMERCEDINAS.COM","image":{"@type":"ImageObject","inLanguage":"es","@id":"https:\/\/secure.gravatar.com\/avatar\/fc7059a769f5a3cae65fadb228a3e4accf3a64b4b2305020d0a27e6d5333c91b?s=96&d=mm&r=g","url":"https:\/\/secure.gravatar.com\/avatar\/fc7059a769f5a3cae65fadb228a3e4accf3a64b4b2305020d0a27e6d5333c91b?s=96&d=mm&r=g","contentUrl":"https:\/\/secure.gravatar.com\/avatar\/fc7059a769f5a3cae65fadb228a3e4accf3a64b4b2305020d0a27e6d5333c91b?s=96&d=mm&r=g","caption":"Juan Dagnino NOTICIASMERCEDINAS.COM"},"url":"https:\/\/noticiasmercedinas.com\/site\/author\/juandagnino\/"}]}},"amp_enabled":true,"_links":{"self":[{"href":"https:\/\/noticiasmercedinas.com\/site\/wp-json\/wp\/v2\/posts\/115423","targetHints":{"allow":["GET"]}}],"collection":[{"href":"https:\/\/noticiasmercedinas.com\/site\/wp-json\/wp\/v2\/posts"}],"about":[{"href":"https:\/\/noticiasmercedinas.com\/site\/wp-json\/wp\/v2\/types\/post"}],"author":[{"embeddable":true,"href":"https:\/\/noticiasmercedinas.com\/site\/wp-json\/wp\/v2\/users\/6"}],"replies":[{"embeddable":true,"href":"https:\/\/noticiasmercedinas.com\/site\/wp-json\/wp\/v2\/comments?post=115423"}],"version-history":[{"count":4,"href":"https:\/\/noticiasmercedinas.com\/site\/wp-json\/wp\/v2\/posts\/115423\/revisions"}],"predecessor-version":[{"id":115465,"href":"https:\/\/noticiasmercedinas.com\/site\/wp-json\/wp\/v2\/posts\/115423\/revisions\/115465"}],"wp:featuredmedia":[{"embeddable":true,"href":"https:\/\/noticiasmercedinas.com\/site\/wp-json\/wp\/v2\/media\/115428"}],"wp:attachment":[{"href":"https:\/\/noticiasmercedinas.com\/site\/wp-json\/wp\/v2\/media?parent=115423"}],"wp:term":[{"taxonomy":"category","embeddable":true,"href":"https:\/\/noticiasmercedinas.com\/site\/wp-json\/wp\/v2\/categories?post=115423"},{"taxonomy":"post_tag","embeddable":true,"href":"https:\/\/noticiasmercedinas.com\/site\/wp-json\/wp\/v2\/tags?post=115423"}],"curies":[{"name":"wp","href":"https:\/\/api.w.org\/{rel}","templated":true}]}}