{"id":115425,"date":"2023-05-20T21:26:35","date_gmt":"2023-05-21T00:26:35","guid":{"rendered":"https:\/\/noticiasmercedinas.com\/site\/?p=115425"},"modified":"2023-05-20T21:29:28","modified_gmt":"2023-05-21T00:29:28","slug":"segun-de-pedro-la-juventud-argentina-va-a-ser-la-gran-protagonista-de-esta-campana","status":"publish","type":"post","link":"https:\/\/noticiasmercedinas.com\/site\/2023\/05\/20\/segun-de-pedro-la-juventud-argentina-va-a-ser-la-gran-protagonista-de-esta-campana\/","title":{"rendered":"Seg\u00fan De Pedro, \u00abla juventud argentina va a ser la gran protagonista de esta campa\u00f1a\u00bb"},"content":{"rendered":"<div dir=\"auto\"><img loading=\"lazy\" decoding=\"async\" class=\"alignnone size-full wp-image-115426\" src=\"https:\/\/noticiasmercedinas.com\/site\/wp-content\/uploads\/2023\/05\/DSC01825.jpg\" alt=\"\" width=\"640\" height=\"457\" srcset=\"https:\/\/noticiasmercedinas.com\/site\/wp-content\/uploads\/2023\/05\/DSC01825.jpg 640w, https:\/\/noticiasmercedinas.com\/site\/wp-content\/uploads\/2023\/05\/DSC01825-300x214.jpg 300w\" sizes=\"auto, (max-width: 640px) 100vw, 640px\" \/><\/div>\n<div dir=\"auto\"><\/div>\n<div dir=\"auto\">El ministro del Interior, Wado de Pedro, asegur\u00f3 esta tarde que \u00abla juventud argentina va a ser la gran protagonista de esta campa\u00f1a\u00bb, al encabezar esta tarde en Florencio Varela el Plenario de la Juventud de las Organizaciones Pol\u00edticas junto al intendente de la localidad, Andr\u00e9s Watson. En ese marco, convoc\u00f3 a despertar a las nuevas generaciones para que sean los j\u00f3venes quienes \u201cresuelvan de una vez por todas un proyecto nacional a favor de las mayor\u00edas\u201d.<\/div>\n<div dir=\"auto\"><\/div>\n<div dir=\"auto\">\u201cEstamos ante un hecho hist\u00f3rico, el jueves tenemos que reventar la plaza, tenemos que acompa\u00f1ar a la compa\u00f1era Cristina Fern\u00e1ndez de Kirchner porque defenderla es defender la inclusi\u00f3n, los derechos de los ni\u00f1os, la industria nacional y la soberan\u00eda\u201d afirm\u00f3 el ministro en el acto que tambi\u00e9n cont\u00f3 con la participaci\u00f3n del diputado nacional del Frente de Todos, Julio Pereyra.<\/div>\n<div dir=\"auto\"><\/div>\n<div dir=\"auto\">De Pedro, le habl\u00f3 a la juventud presente y les asegur\u00f3\u00a0 que \u201cvamos a comenzar a caminar cada rinc\u00f3n de la Argentina para so\u00f1ar con un proyecto, con un programa y con dirigentes que pongan lo que tengan que poner para resolver de una vez por todas un proyecto nacional a favor de las mayor\u00edas\u201d y as\u00ed poder \u201crecuperar la gran clase media argentina\u201d<\/div>\n<div dir=\"auto\"><\/div>\n<div dir=\"auto\">Luego, el titular de la cartera de Interior dijo estar orgulloso de lo que hizo el peronismo en Varela, y resalt\u00f3 la importancia de que existan la Universidad Nacional Arturo Jauretche (UNAJ) y el Hospital de Alta Complejidad El Cruce N\u00e9stor Carlos Kirchner, y critic\u00f3 a aquellos \u201cque dicen que est\u00e1n a favor de la ley de la selva, que el Estado no sirve para nada\u201d porque \u201cquieren volver a que unos pocos vivan a costa del esfuerzo y el sacrificio de millones de argentinos y argentinas\u201d<\/div>\n<div dir=\"auto\"><\/div>\n<div dir=\"auto\">Wado de Pedro, a la vez, cont\u00f3 a los j\u00f3venes su historia personal con N\u00e9stor Kirchner, y evoc\u00f3 una particular an\u00e9cdota que involucraba a Pereyra: \u00abUna de las primeras charlas me pregunt\u00f3 qu\u00e9 tecnolog\u00eda us\u00e1bamos para la militancia y cre\u00ed que me hablaba del celular. Pero no, me dijo que el celu no, sino el Excel, las listas, cuadr\u00edculas, barrio por barrio\u00bb.<\/div>\n","protected":false},"excerpt":{"rendered":"<p>\u25a0 En Florencio Varela convoc\u00f3 a despertar a las nuevas generaciones para que sean los j\u00f3venes quienes \u201cresuelvan de una vez por todas un proyecto nacional a favor de las mayor\u00edas\u201d.<\/p>\n","protected":false},"author":16,"featured_media":115426,"comment_status":"closed","ping_status":"closed","sticky":false,"template":"","format":"standard","meta":{"footnotes":""},"categories":[16],"tags":[14662,4963],"class_list":["post-115425","post","type-post","status-publish","format-standard","has-post-thumbnail","hentry","category-politica","tag-elecciones-2023","tag-wado-de-pedro"],"yoast_head":"<!-- This site is optimized with the Yoast SEO plugin v27.4 - https:\/\/yoast.com\/product\/yoast-seo-wordpress\/ -->\n<title>Seg\u00fan De Pedro, &quot;la juventud argentina va a ser la gran protagonista de esta campa\u00f1a&quot;<\/title>\n<meta name=\"robots\" content=\"index, follow, max-snippet:-1, max-image-preview:large, max-video-preview:-1\" \/>\n<link rel=\"canonical\" href=\"https:\/\/noticiasmercedinas.com\/site\/2023\/05\/20\/segun-de-pedro-la-juventud-argentina-va-a-ser-la-gran-protagonista-de-esta-campana\/\" \/>\n<meta property=\"og:locale\" content=\"es_ES\" \/>\n<meta property=\"og:type\" content=\"article\" \/>\n<meta property=\"og:title\" content=\"Seg\u00fan De Pedro, &quot;la juventud argentina va a ser la gran protagonista de esta campa\u00f1a&quot;\" \/>\n<meta property=\"og:description\" content=\"\u25a0 En Florencio Varela convoc\u00f3 a despertar a las nuevas generaciones para que sean los j\u00f3venes quienes \u201cresuelvan de una vez por todas un proyecto nacional a favor de las mayor\u00edas\u201d.\" \/>\n<meta property=\"og:url\" content=\"https:\/\/noticiasmercedinas.com\/site\/2023\/05\/20\/segun-de-pedro-la-juventud-argentina-va-a-ser-la-gran-protagonista-de-esta-campana\/\" \/>\n<meta property=\"og:site_name\" content=\"NOTICIASMERCEDINAS.COM\" \/>\n<meta property=\"article:publisher\" content=\"https:\/\/www.facebook.com\/noticiasmercedinas\/\" \/>\n<meta property=\"article:published_time\" content=\"2023-05-21T00:26:35+00:00\" \/>\n<meta property=\"article:modified_time\" content=\"2023-05-21T00:29:28+00:00\" \/>\n<meta property=\"og:image\" content=\"https:\/\/noticiasmercedinas.com\/site\/wp-content\/uploads\/2023\/05\/DSC01825.jpg\" \/>\n\t<meta property=\"og:image:width\" content=\"640\" \/>\n\t<meta property=\"og:image:height\" content=\"457\" \/>\n\t<meta property=\"og:image:type\" content=\"image\/jpeg\" \/>\n<meta name=\"author\" content=\"NOTICIASMERCEDINAS.COM\" \/>\n<meta name=\"twitter:card\" content=\"summary_large_image\" \/>\n<meta name=\"twitter:creator\" content=\"@notmercedinas\" \/>\n<meta name=\"twitter:site\" content=\"@notmercedinas\" \/>\n<meta name=\"twitter:label1\" content=\"Escrito por\" \/>\n\t<meta name=\"twitter:data1\" content=\"NOTICIASMERCEDINAS.COM\" \/>\n\t<meta name=\"twitter:label2\" content=\"Tiempo de lectura\" \/>\n\t<meta name=\"twitter:data2\" content=\"2 minutos\" \/>\n<script type=\"application\/ld+json\" class=\"yoast-schema-graph\">{\"@context\":\"https:\\\/\\\/schema.org\",\"@graph\":[{\"@type\":\"Article\",\"@id\":\"https:\\\/\\\/noticiasmercedinas.com\\\/site\\\/2023\\\/05\\\/20\\\/segun-de-pedro-la-juventud-argentina-va-a-ser-la-gran-protagonista-de-esta-campana\\\/#article\",\"isPartOf\":{\"@id\":\"https:\\\/\\\/noticiasmercedinas.com\\\/site\\\/2023\\\/05\\\/20\\\/segun-de-pedro-la-juventud-argentina-va-a-ser-la-gran-protagonista-de-esta-campana\\\/\"},\"author\":{\"name\":\"NOTICIASMERCEDINAS.COM\",\"@id\":\"https:\\\/\\\/noticiasmercedinas.com\\\/site\\\/#\\\/schema\\\/person\\\/84b59c099c28ff2e8b77d4ceec5d8063\"},\"headline\":\"Seg\u00fan De Pedro, \u00abla juventud argentina va a ser la gran protagonista de esta campa\u00f1a\u00bb\",\"datePublished\":\"2023-05-21T00:26:35+00:00\",\"dateModified\":\"2023-05-21T00:29:28+00:00\",\"mainEntityOfPage\":{\"@id\":\"https:\\\/\\\/noticiasmercedinas.com\\\/site\\\/2023\\\/05\\\/20\\\/segun-de-pedro-la-juventud-argentina-va-a-ser-la-gran-protagonista-de-esta-campana\\\/\"},\"wordCount\":392,\"publisher\":{\"@id\":\"https:\\\/\\\/noticiasmercedinas.com\\\/site\\\/#organization\"},\"image\":{\"@id\":\"https:\\\/\\\/noticiasmercedinas.com\\\/site\\\/2023\\\/05\\\/20\\\/segun-de-pedro-la-juventud-argentina-va-a-ser-la-gran-protagonista-de-esta-campana\\\/#primaryimage\"},\"thumbnailUrl\":\"https:\\\/\\\/noticiasmercedinas.com\\\/site\\\/wp-content\\\/uploads\\\/2023\\\/05\\\/DSC01825.jpg\",\"keywords\":[\"elecciones 2023\",\"wado de pedro\"],\"articleSection\":[\"Politica\"],\"inLanguage\":\"es\"},{\"@type\":\"WebPage\",\"@id\":\"https:\\\/\\\/noticiasmercedinas.com\\\/site\\\/2023\\\/05\\\/20\\\/segun-de-pedro-la-juventud-argentina-va-a-ser-la-gran-protagonista-de-esta-campana\\\/\",\"url\":\"https:\\\/\\\/noticiasmercedinas.com\\\/site\\\/2023\\\/05\\\/20\\\/segun-de-pedro-la-juventud-argentina-va-a-ser-la-gran-protagonista-de-esta-campana\\\/\",\"name\":\"Seg\u00fan De Pedro, \\\"la juventud argentina va a ser la gran protagonista de esta campa\u00f1a\\\"\",\"isPartOf\":{\"@id\":\"https:\\\/\\\/noticiasmercedinas.com\\\/site\\\/#website\"},\"primaryImageOfPage\":{\"@id\":\"https:\\\/\\\/noticiasmercedinas.com\\\/site\\\/2023\\\/05\\\/20\\\/segun-de-pedro-la-juventud-argentina-va-a-ser-la-gran-protagonista-de-esta-campana\\\/#primaryimage\"},\"image\":{\"@id\":\"https:\\\/\\\/noticiasmercedinas.com\\\/site\\\/2023\\\/05\\\/20\\\/segun-de-pedro-la-juventud-argentina-va-a-ser-la-gran-protagonista-de-esta-campana\\\/#primaryimage\"},\"thumbnailUrl\":\"https:\\\/\\\/noticiasmercedinas.com\\\/site\\\/wp-content\\\/uploads\\\/2023\\\/05\\\/DSC01825.jpg\",\"datePublished\":\"2023-05-21T00:26:35+00:00\",\"dateModified\":\"2023-05-21T00:29:28+00:00\",\"breadcrumb\":{\"@id\":\"https:\\\/\\\/noticiasmercedinas.com\\\/site\\\/2023\\\/05\\\/20\\\/segun-de-pedro-la-juventud-argentina-va-a-ser-la-gran-protagonista-de-esta-campana\\\/#breadcrumb\"},\"inLanguage\":\"es\",\"potentialAction\":[{\"@type\":\"ReadAction\",\"target\":[\"https:\\\/\\\/noticiasmercedinas.com\\\/site\\\/2023\\\/05\\\/20\\\/segun-de-pedro-la-juventud-argentina-va-a-ser-la-gran-protagonista-de-esta-campana\\\/\"]}]},{\"@type\":\"ImageObject\",\"inLanguage\":\"es\",\"@id\":\"https:\\\/\\\/noticiasmercedinas.com\\\/site\\\/2023\\\/05\\\/20\\\/segun-de-pedro-la-juventud-argentina-va-a-ser-la-gran-protagonista-de-esta-campana\\\/#primaryimage\",\"url\":\"https:\\\/\\\/noticiasmercedinas.com\\\/site\\\/wp-content\\\/uploads\\\/2023\\\/05\\\/DSC01825.jpg\",\"contentUrl\":\"https:\\\/\\\/noticiasmercedinas.com\\\/site\\\/wp-content\\\/uploads\\\/2023\\\/05\\\/DSC01825.jpg\",\"width\":640,\"height\":457},{\"@type\":\"BreadcrumbList\",\"@id\":\"https:\\\/\\\/noticiasmercedinas.com\\\/site\\\/2023\\\/05\\\/20\\\/segun-de-pedro-la-juventud-argentina-va-a-ser-la-gran-protagonista-de-esta-campana\\\/#breadcrumb\",\"itemListElement\":[{\"@type\":\"ListItem\",\"position\":1,\"name\":\"Portada\",\"item\":\"https:\\\/\\\/noticiasmercedinas.com\\\/site\\\/\"},{\"@type\":\"ListItem\",\"position\":2,\"name\":\"Seg\u00fan De Pedro, \u00abla juventud argentina va a ser la gran protagonista de esta campa\u00f1a\u00bb\"}]},{\"@type\":\"WebSite\",\"@id\":\"https:\\\/\\\/noticiasmercedinas.com\\\/site\\\/#website\",\"url\":\"https:\\\/\\\/noticiasmercedinas.com\\\/site\\\/\",\"name\":\"NOTICIASMERCEDINAS.COM\",\"description\":\"Mercedes, Buenos Aires, Argentina\",\"publisher\":{\"@id\":\"https:\\\/\\\/noticiasmercedinas.com\\\/site\\\/#organization\"},\"potentialAction\":[{\"@type\":\"SearchAction\",\"target\":{\"@type\":\"EntryPoint\",\"urlTemplate\":\"https:\\\/\\\/noticiasmercedinas.com\\\/site\\\/?s={search_term_string}\"},\"query-input\":{\"@type\":\"PropertyValueSpecification\",\"valueRequired\":true,\"valueName\":\"search_term_string\"}}],\"inLanguage\":\"es\"},{\"@type\":\"Organization\",\"@id\":\"https:\\\/\\\/noticiasmercedinas.com\\\/site\\\/#organization\",\"name\":\"NOTICIASMERCEDINAS.COM\",\"url\":\"https:\\\/\\\/noticiasmercedinas.com\\\/site\\\/\",\"logo\":{\"@type\":\"ImageObject\",\"inLanguage\":\"es\",\"@id\":\"https:\\\/\\\/noticiasmercedinas.com\\\/site\\\/#\\\/schema\\\/logo\\\/image\\\/\",\"url\":\"https:\\\/\\\/noticiasmercedinas.com\\\/site\\\/wp-content\\\/uploads\\\/2020\\\/06\\\/LOGO-512.jpg\",\"contentUrl\":\"https:\\\/\\\/noticiasmercedinas.com\\\/site\\\/wp-content\\\/uploads\\\/2020\\\/06\\\/LOGO-512.jpg\",\"width\":512,\"height\":512,\"caption\":\"NOTICIASMERCEDINAS.COM\"},\"image\":{\"@id\":\"https:\\\/\\\/noticiasmercedinas.com\\\/site\\\/#\\\/schema\\\/logo\\\/image\\\/\"},\"sameAs\":[\"https:\\\/\\\/www.facebook.com\\\/noticiasmercedinas\\\/\",\"https:\\\/\\\/x.com\\\/notmercedinas\",\"https:\\\/\\\/www.instagram.com\\\/noticiasmercedinas\\\/\"]},{\"@type\":\"Person\",\"@id\":\"https:\\\/\\\/noticiasmercedinas.com\\\/site\\\/#\\\/schema\\\/person\\\/84b59c099c28ff2e8b77d4ceec5d8063\",\"name\":\"NOTICIASMERCEDINAS.COM\",\"image\":{\"@type\":\"ImageObject\",\"inLanguage\":\"es\",\"@id\":\"https:\\\/\\\/secure.gravatar.com\\\/avatar\\\/4dfbf16b4d17945bfb6341b2d19043457132fcf478a5ee04f42e959fd8f5df0a?s=96&d=mm&r=g\",\"url\":\"https:\\\/\\\/secure.gravatar.com\\\/avatar\\\/4dfbf16b4d17945bfb6341b2d19043457132fcf478a5ee04f42e959fd8f5df0a?s=96&d=mm&r=g\",\"contentUrl\":\"https:\\\/\\\/secure.gravatar.com\\\/avatar\\\/4dfbf16b4d17945bfb6341b2d19043457132fcf478a5ee04f42e959fd8f5df0a?s=96&d=mm&r=g\",\"caption\":\"NOTICIASMERCEDINAS.COM\"},\"url\":\"https:\\\/\\\/noticiasmercedinas.com\\\/site\\\/author\\\/anonimo\\\/\"}]}<\/script>\n<!-- \/ Yoast SEO plugin. -->","yoast_head_json":{"title":"Seg\u00fan De Pedro, \"la juventud argentina va a ser la gran protagonista de esta campa\u00f1a\"","robots":{"index":"index","follow":"follow","max-snippet":"max-snippet:-1","max-image-preview":"max-image-preview:large","max-video-preview":"max-video-preview:-1"},"canonical":"https:\/\/noticiasmercedinas.com\/site\/2023\/05\/20\/segun-de-pedro-la-juventud-argentina-va-a-ser-la-gran-protagonista-de-esta-campana\/","og_locale":"es_ES","og_type":"article","og_title":"Seg\u00fan De Pedro, \"la juventud argentina va a ser la gran protagonista de esta campa\u00f1a\"","og_description":"\u25a0 En Florencio Varela convoc\u00f3 a despertar a las nuevas generaciones para que sean los j\u00f3venes quienes \u201cresuelvan de una vez por todas un proyecto nacional a favor de las mayor\u00edas\u201d.","og_url":"https:\/\/noticiasmercedinas.com\/site\/2023\/05\/20\/segun-de-pedro-la-juventud-argentina-va-a-ser-la-gran-protagonista-de-esta-campana\/","og_site_name":"NOTICIASMERCEDINAS.COM","article_publisher":"https:\/\/www.facebook.com\/noticiasmercedinas\/","article_published_time":"2023-05-21T00:26:35+00:00","article_modified_time":"2023-05-21T00:29:28+00:00","og_image":[{"width":640,"height":457,"url":"https:\/\/noticiasmercedinas.com\/site\/wp-content\/uploads\/2023\/05\/DSC01825.jpg","type":"image\/jpeg"}],"author":"NOTICIASMERCEDINAS.COM","twitter_card":"summary_large_image","twitter_creator":"@notmercedinas","twitter_site":"@notmercedinas","twitter_misc":{"Escrito por":"NOTICIASMERCEDINAS.COM","Tiempo de lectura":"2 minutos"},"schema":{"@context":"https:\/\/schema.org","@graph":[{"@type":"Article","@id":"https:\/\/noticiasmercedinas.com\/site\/2023\/05\/20\/segun-de-pedro-la-juventud-argentina-va-a-ser-la-gran-protagonista-de-esta-campana\/#article","isPartOf":{"@id":"https:\/\/noticiasmercedinas.com\/site\/2023\/05\/20\/segun-de-pedro-la-juventud-argentina-va-a-ser-la-gran-protagonista-de-esta-campana\/"},"author":{"name":"NOTICIASMERCEDINAS.COM","@id":"https:\/\/noticiasmercedinas.com\/site\/#\/schema\/person\/84b59c099c28ff2e8b77d4ceec5d8063"},"headline":"Seg\u00fan De Pedro, \u00abla juventud argentina va a ser la gran protagonista de esta campa\u00f1a\u00bb","datePublished":"2023-05-21T00:26:35+00:00","dateModified":"2023-05-21T00:29:28+00:00","mainEntityOfPage":{"@id":"https:\/\/noticiasmercedinas.com\/site\/2023\/05\/20\/segun-de-pedro-la-juventud-argentina-va-a-ser-la-gran-protagonista-de-esta-campana\/"},"wordCount":392,"publisher":{"@id":"https:\/\/noticiasmercedinas.com\/site\/#organization"},"image":{"@id":"https:\/\/noticiasmercedinas.com\/site\/2023\/05\/20\/segun-de-pedro-la-juventud-argentina-va-a-ser-la-gran-protagonista-de-esta-campana\/#primaryimage"},"thumbnailUrl":"https:\/\/noticiasmercedinas.com\/site\/wp-content\/uploads\/2023\/05\/DSC01825.jpg","keywords":["elecciones 2023","wado de pedro"],"articleSection":["Politica"],"inLanguage":"es"},{"@type":"WebPage","@id":"https:\/\/noticiasmercedinas.com\/site\/2023\/05\/20\/segun-de-pedro-la-juventud-argentina-va-a-ser-la-gran-protagonista-de-esta-campana\/","url":"https:\/\/noticiasmercedinas.com\/site\/2023\/05\/20\/segun-de-pedro-la-juventud-argentina-va-a-ser-la-gran-protagonista-de-esta-campana\/","name":"Seg\u00fan De Pedro, \"la juventud argentina va a ser la gran protagonista de esta campa\u00f1a\"","isPartOf":{"@id":"https:\/\/noticiasmercedinas.com\/site\/#website"},"primaryImageOfPage":{"@id":"https:\/\/noticiasmercedinas.com\/site\/2023\/05\/20\/segun-de-pedro-la-juventud-argentina-va-a-ser-la-gran-protagonista-de-esta-campana\/#primaryimage"},"image":{"@id":"https:\/\/noticiasmercedinas.com\/site\/2023\/05\/20\/segun-de-pedro-la-juventud-argentina-va-a-ser-la-gran-protagonista-de-esta-campana\/#primaryimage"},"thumbnailUrl":"https:\/\/noticiasmercedinas.com\/site\/wp-content\/uploads\/2023\/05\/DSC01825.jpg","datePublished":"2023-05-21T00:26:35+00:00","dateModified":"2023-05-21T00:29:28+00:00","breadcrumb":{"@id":"https:\/\/noticiasmercedinas.com\/site\/2023\/05\/20\/segun-de-pedro-la-juventud-argentina-va-a-ser-la-gran-protagonista-de-esta-campana\/#breadcrumb"},"inLanguage":"es","potentialAction":[{"@type":"ReadAction","target":["https:\/\/noticiasmercedinas.com\/site\/2023\/05\/20\/segun-de-pedro-la-juventud-argentina-va-a-ser-la-gran-protagonista-de-esta-campana\/"]}]},{"@type":"ImageObject","inLanguage":"es","@id":"https:\/\/noticiasmercedinas.com\/site\/2023\/05\/20\/segun-de-pedro-la-juventud-argentina-va-a-ser-la-gran-protagonista-de-esta-campana\/#primaryimage","url":"https:\/\/noticiasmercedinas.com\/site\/wp-content\/uploads\/2023\/05\/DSC01825.jpg","contentUrl":"https:\/\/noticiasmercedinas.com\/site\/wp-content\/uploads\/2023\/05\/DSC01825.jpg","width":640,"height":457},{"@type":"BreadcrumbList","@id":"https:\/\/noticiasmercedinas.com\/site\/2023\/05\/20\/segun-de-pedro-la-juventud-argentina-va-a-ser-la-gran-protagonista-de-esta-campana\/#breadcrumb","itemListElement":[{"@type":"ListItem","position":1,"name":"Portada","item":"https:\/\/noticiasmercedinas.com\/site\/"},{"@type":"ListItem","position":2,"name":"Seg\u00fan De Pedro, \u00abla juventud argentina va a ser la gran protagonista de esta campa\u00f1a\u00bb"}]},{"@type":"WebSite","@id":"https:\/\/noticiasmercedinas.com\/site\/#website","url":"https:\/\/noticiasmercedinas.com\/site\/","name":"NOTICIASMERCEDINAS.COM","description":"Mercedes, Buenos Aires, Argentina","publisher":{"@id":"https:\/\/noticiasmercedinas.com\/site\/#organization"},"potentialAction":[{"@type":"SearchAction","target":{"@type":"EntryPoint","urlTemplate":"https:\/\/noticiasmercedinas.com\/site\/?s={search_term_string}"},"query-input":{"@type":"PropertyValueSpecification","valueRequired":true,"valueName":"search_term_string"}}],"inLanguage":"es"},{"@type":"Organization","@id":"https:\/\/noticiasmercedinas.com\/site\/#organization","name":"NOTICIASMERCEDINAS.COM","url":"https:\/\/noticiasmercedinas.com\/site\/","logo":{"@type":"ImageObject","inLanguage":"es","@id":"https:\/\/noticiasmercedinas.com\/site\/#\/schema\/logo\/image\/","url":"https:\/\/noticiasmercedinas.com\/site\/wp-content\/uploads\/2020\/06\/LOGO-512.jpg","contentUrl":"https:\/\/noticiasmercedinas.com\/site\/wp-content\/uploads\/2020\/06\/LOGO-512.jpg","width":512,"height":512,"caption":"NOTICIASMERCEDINAS.COM"},"image":{"@id":"https:\/\/noticiasmercedinas.com\/site\/#\/schema\/logo\/image\/"},"sameAs":["https:\/\/www.facebook.com\/noticiasmercedinas\/","https:\/\/x.com\/notmercedinas","https:\/\/www.instagram.com\/noticiasmercedinas\/"]},{"@type":"Person","@id":"https:\/\/noticiasmercedinas.com\/site\/#\/schema\/person\/84b59c099c28ff2e8b77d4ceec5d8063","name":"NOTICIASMERCEDINAS.COM","image":{"@type":"ImageObject","inLanguage":"es","@id":"https:\/\/secure.gravatar.com\/avatar\/4dfbf16b4d17945bfb6341b2d19043457132fcf478a5ee04f42e959fd8f5df0a?s=96&d=mm&r=g","url":"https:\/\/secure.gravatar.com\/avatar\/4dfbf16b4d17945bfb6341b2d19043457132fcf478a5ee04f42e959fd8f5df0a?s=96&d=mm&r=g","contentUrl":"https:\/\/secure.gravatar.com\/avatar\/4dfbf16b4d17945bfb6341b2d19043457132fcf478a5ee04f42e959fd8f5df0a?s=96&d=mm&r=g","caption":"NOTICIASMERCEDINAS.COM"},"url":"https:\/\/noticiasmercedinas.com\/site\/author\/anonimo\/"}]}},"amp_enabled":true,"_links":{"self":[{"href":"https:\/\/noticiasmercedinas.com\/site\/wp-json\/wp\/v2\/posts\/115425","targetHints":{"allow":["GET"]}}],"collection":[{"href":"https:\/\/noticiasmercedinas.com\/site\/wp-json\/wp\/v2\/posts"}],"about":[{"href":"https:\/\/noticiasmercedinas.com\/site\/wp-json\/wp\/v2\/types\/post"}],"author":[{"embeddable":true,"href":"https:\/\/noticiasmercedinas.com\/site\/wp-json\/wp\/v2\/users\/16"}],"replies":[{"embeddable":true,"href":"https:\/\/noticiasmercedinas.com\/site\/wp-json\/wp\/v2\/comments?post=115425"}],"version-history":[{"count":3,"href":"https:\/\/noticiasmercedinas.com\/site\/wp-json\/wp\/v2\/posts\/115425\/revisions"}],"predecessor-version":[{"id":115430,"href":"https:\/\/noticiasmercedinas.com\/site\/wp-json\/wp\/v2\/posts\/115425\/revisions\/115430"}],"wp:featuredmedia":[{"embeddable":true,"href":"https:\/\/noticiasmercedinas.com\/site\/wp-json\/wp\/v2\/media\/115426"}],"wp:attachment":[{"href":"https:\/\/noticiasmercedinas.com\/site\/wp-json\/wp\/v2\/media?parent=115425"}],"wp:term":[{"taxonomy":"category","embeddable":true,"href":"https:\/\/noticiasmercedinas.com\/site\/wp-json\/wp\/v2\/categories?post=115425"},{"taxonomy":"post_tag","embeddable":true,"href":"https:\/\/noticiasmercedinas.com\/site\/wp-json\/wp\/v2\/tags?post=115425"}],"curies":[{"name":"wp","href":"https:\/\/api.w.org\/{rel}","templated":true}]}}