{"id":11555,"date":"2019-01-30T23:17:00","date_gmt":"2019-01-31T02:17:00","guid":{"rendered":"https:\/\/noticiasmercedinas.com\/site\/?p=11555"},"modified":"2019-01-30T23:17:00","modified_gmt":"2019-01-31T02:17:00","slug":"pabellon-gana-en-el-federacion-norte","status":"publish","type":"post","link":"https:\/\/noticiasmercedinas.com\/site\/2019\/01\/30\/pabellon-gana-en-el-federacion-norte\/","title":{"rendered":"Pabell\u00f3n gana en el Federaci\u00f3n Norte"},"content":{"rendered":"<p><img loading=\"lazy\" decoding=\"async\" class=\"alignnone size-full wp-image-11556\" src=\"https:\/\/noticiasmercedinas.com\/site\/wp-content\/uploads\/2019\/01\/IMG_0457.jpg\" alt=\"\" width=\"650\" height=\"409\" srcset=\"https:\/\/noticiasmercedinas.com\/site\/wp-content\/uploads\/2019\/01\/IMG_0457.jpg 650w, https:\/\/noticiasmercedinas.com\/site\/wp-content\/uploads\/2019\/01\/IMG_0457-300x189.jpg 300w, https:\/\/noticiasmercedinas.com\/site\/wp-content\/uploads\/2019\/01\/IMG_0457-640x403.jpg 640w\" sizes=\"auto, (max-width: 650px) 100vw, 650px\" \/><br \/>\nEste mi\u00e9rcoles 30, en cancha de la Liga Mercedina, ATILRA de la Liga de Luj\u00e1n fue local por el torneo de la Federaci\u00f3n Norte tras las suspensi\u00f3n del \u00faltimo s\u00e1bado 26 en el escenario de Alem en la localidad de General Rodr\u00edguez.<\/p>\n<p>Fue victoria de Pabell\u00f3n que ven\u00eda de empatar 1-1 ante Central Buenos Aires en Marcos Paz, de esta manera los de Juan Achucarro quedaron como puntero de la zona disputada la segunda fecha donde qued\u00f3 libre el conjunto zarate\u00f1o.<\/p>\n<p>Los goles fueron llegado para Pabell\u00f3n desde los 15\u2019 del primer tiempo para estirar luego la ventaja y cerrar una noche con goleada con s\u00f3lo el descuento del elenco de ATILRA. Ampliaron a cifra los hermanos Paulerena y el mercedino Mat\u00edas Silea por parida doble.<\/p>\n<p><strong>Pabell\u00f3n 5:<\/strong> Alexis Arias, Juan Paulerena, Bernardo Paulerena y Mat\u00edas Silea 2.<br \/>\n<strong>ATILRA 1: <\/strong>Jonathan Isasi.<br \/>\n<strong>Arbitro:<\/strong> Juan Bruno (Liga de San Antonio de Areco).<\/p>\n<p><strong>Posiciones:<\/strong> 1\u00b0 Pabell\u00f3n 4 punto, 2\u00b0 Central Buenos Aires 1 y 3\u00b0 ATILRA 0 unidad.<\/p>\n<p><strong>Pr\u00f3xima fecha<\/strong><br \/>\nCentral Buenos Aires vs. ATILRA.<br \/>\n<strong>Libre:<\/strong> Pabell\u00f3n.<\/p>\n","protected":false},"excerpt":{"rendered":"<p>Este mi\u00e9rcoles 30, en cancha de la Liga Mercedina, ATILRA de la Liga de Luj\u00e1n fue local por el torneo de la Federaci\u00f3n Norte tras las suspensi\u00f3n del \u00faltimo s\u00e1bado 26 en el escenario de Alem en la localidad de General Rodr\u00edguez. Fue victoria de Pabell\u00f3n que ven\u00eda de empatar 1-1 ante Central Buenos Aires [&hellip;]<\/p>\n","protected":false},"author":6,"featured_media":11556,"comment_status":"open","ping_status":"open","sticky":false,"template":"","format":"standard","meta":{"footnotes":""},"categories":[5],"tags":[96,3410],"class_list":["post-11555","post","type-post","status-publish","format-standard","has-post-thumbnail","hentry","category-deportes","tag-pabellon","tag-torneo-federacion-norte"],"yoast_head":"<!-- This site is optimized with the Yoast SEO plugin v27.5 - https:\/\/yoast.com\/product\/yoast-seo-wordpress\/ -->\n<title>Pabell\u00f3n gana en el Federaci\u00f3n Norte<\/title>\n<meta name=\"robots\" content=\"index, follow, max-snippet:-1, max-image-preview:large, max-video-preview:-1\" \/>\n<link rel=\"canonical\" href=\"https:\/\/noticiasmercedinas.com\/site\/2019\/01\/30\/pabellon-gana-en-el-federacion-norte\/\" \/>\n<meta property=\"og:locale\" content=\"es_ES\" \/>\n<meta property=\"og:type\" content=\"article\" \/>\n<meta property=\"og:title\" content=\"Pabell\u00f3n gana en el Federaci\u00f3n Norte\" \/>\n<meta property=\"og:description\" content=\"Este mi\u00e9rcoles 30, en cancha de la Liga Mercedina, ATILRA de la Liga de Luj\u00e1n fue local por el torneo de la Federaci\u00f3n Norte tras las suspensi\u00f3n del \u00faltimo s\u00e1bado 26 en el escenario de Alem en la localidad de General Rodr\u00edguez. Fue victoria de Pabell\u00f3n que ven\u00eda de empatar 1-1 ante Central Buenos Aires [&hellip;]\" \/>\n<meta property=\"og:url\" content=\"https:\/\/noticiasmercedinas.com\/site\/2019\/01\/30\/pabellon-gana-en-el-federacion-norte\/\" \/>\n<meta property=\"og:site_name\" content=\"NOTICIASMERCEDINAS.COM\" \/>\n<meta property=\"article:publisher\" content=\"https:\/\/www.facebook.com\/noticiasmercedinas\/\" \/>\n<meta property=\"article:published_time\" content=\"2019-01-31T02:17:00+00:00\" \/>\n<meta property=\"og:image\" content=\"https:\/\/noticiasmercedinas.com\/site\/wp-content\/uploads\/2019\/01\/IMG_0457.jpg\" \/>\n\t<meta property=\"og:image:width\" content=\"650\" \/>\n\t<meta property=\"og:image:height\" content=\"409\" \/>\n\t<meta property=\"og:image:type\" content=\"image\/jpeg\" \/>\n<meta name=\"author\" content=\"Juan Dagnino NOTICIASMERCEDINAS.COM\" \/>\n<meta name=\"twitter:card\" content=\"summary_large_image\" \/>\n<meta name=\"twitter:creator\" content=\"@notmercedinas\" \/>\n<meta name=\"twitter:site\" content=\"@notmercedinas\" \/>\n<meta name=\"twitter:label1\" content=\"Escrito por\" \/>\n\t<meta name=\"twitter:data1\" content=\"Juan Dagnino NOTICIASMERCEDINAS.COM\" \/>\n\t<meta name=\"twitter:label2\" content=\"Tiempo de lectura\" \/>\n\t<meta name=\"twitter:data2\" content=\"1 minuto\" \/>\n<script type=\"application\/ld+json\" class=\"yoast-schema-graph\">{\"@context\":\"https:\\\/\\\/schema.org\",\"@graph\":[{\"@type\":\"Article\",\"@id\":\"https:\\\/\\\/noticiasmercedinas.com\\\/site\\\/2019\\\/01\\\/30\\\/pabellon-gana-en-el-federacion-norte\\\/#article\",\"isPartOf\":{\"@id\":\"https:\\\/\\\/noticiasmercedinas.com\\\/site\\\/2019\\\/01\\\/30\\\/pabellon-gana-en-el-federacion-norte\\\/\"},\"author\":{\"name\":\"Juan Dagnino NOTICIASMERCEDINAS.COM\",\"@id\":\"https:\\\/\\\/noticiasmercedinas.com\\\/site\\\/#\\\/schema\\\/person\\\/8f2f09d666ef40986eba4a5e6f2a06f9\"},\"headline\":\"Pabell\u00f3n gana en el Federaci\u00f3n Norte\",\"datePublished\":\"2019-01-31T02:17:00+00:00\",\"mainEntityOfPage\":{\"@id\":\"https:\\\/\\\/noticiasmercedinas.com\\\/site\\\/2019\\\/01\\\/30\\\/pabellon-gana-en-el-federacion-norte\\\/\"},\"wordCount\":188,\"commentCount\":0,\"publisher\":{\"@id\":\"https:\\\/\\\/noticiasmercedinas.com\\\/site\\\/#organization\"},\"image\":{\"@id\":\"https:\\\/\\\/noticiasmercedinas.com\\\/site\\\/2019\\\/01\\\/30\\\/pabellon-gana-en-el-federacion-norte\\\/#primaryimage\"},\"thumbnailUrl\":\"https:\\\/\\\/noticiasmercedinas.com\\\/site\\\/wp-content\\\/uploads\\\/2019\\\/01\\\/IMG_0457.jpg\",\"keywords\":[\"pabellon\",\"Torneo Federaci\u00f3n Norte\"],\"articleSection\":[\"Deportes\"],\"inLanguage\":\"es\",\"potentialAction\":[{\"@type\":\"CommentAction\",\"name\":\"Comment\",\"target\":[\"https:\\\/\\\/noticiasmercedinas.com\\\/site\\\/2019\\\/01\\\/30\\\/pabellon-gana-en-el-federacion-norte\\\/#respond\"]}]},{\"@type\":\"WebPage\",\"@id\":\"https:\\\/\\\/noticiasmercedinas.com\\\/site\\\/2019\\\/01\\\/30\\\/pabellon-gana-en-el-federacion-norte\\\/\",\"url\":\"https:\\\/\\\/noticiasmercedinas.com\\\/site\\\/2019\\\/01\\\/30\\\/pabellon-gana-en-el-federacion-norte\\\/\",\"name\":\"Pabell\u00f3n gana en el Federaci\u00f3n Norte\",\"isPartOf\":{\"@id\":\"https:\\\/\\\/noticiasmercedinas.com\\\/site\\\/#website\"},\"primaryImageOfPage\":{\"@id\":\"https:\\\/\\\/noticiasmercedinas.com\\\/site\\\/2019\\\/01\\\/30\\\/pabellon-gana-en-el-federacion-norte\\\/#primaryimage\"},\"image\":{\"@id\":\"https:\\\/\\\/noticiasmercedinas.com\\\/site\\\/2019\\\/01\\\/30\\\/pabellon-gana-en-el-federacion-norte\\\/#primaryimage\"},\"thumbnailUrl\":\"https:\\\/\\\/noticiasmercedinas.com\\\/site\\\/wp-content\\\/uploads\\\/2019\\\/01\\\/IMG_0457.jpg\",\"datePublished\":\"2019-01-31T02:17:00+00:00\",\"breadcrumb\":{\"@id\":\"https:\\\/\\\/noticiasmercedinas.com\\\/site\\\/2019\\\/01\\\/30\\\/pabellon-gana-en-el-federacion-norte\\\/#breadcrumb\"},\"inLanguage\":\"es\",\"potentialAction\":[{\"@type\":\"ReadAction\",\"target\":[\"https:\\\/\\\/noticiasmercedinas.com\\\/site\\\/2019\\\/01\\\/30\\\/pabellon-gana-en-el-federacion-norte\\\/\"]}]},{\"@type\":\"ImageObject\",\"inLanguage\":\"es\",\"@id\":\"https:\\\/\\\/noticiasmercedinas.com\\\/site\\\/2019\\\/01\\\/30\\\/pabellon-gana-en-el-federacion-norte\\\/#primaryimage\",\"url\":\"https:\\\/\\\/noticiasmercedinas.com\\\/site\\\/wp-content\\\/uploads\\\/2019\\\/01\\\/IMG_0457.jpg\",\"contentUrl\":\"https:\\\/\\\/noticiasmercedinas.com\\\/site\\\/wp-content\\\/uploads\\\/2019\\\/01\\\/IMG_0457.jpg\",\"width\":650,\"height\":409},{\"@type\":\"BreadcrumbList\",\"@id\":\"https:\\\/\\\/noticiasmercedinas.com\\\/site\\\/2019\\\/01\\\/30\\\/pabellon-gana-en-el-federacion-norte\\\/#breadcrumb\",\"itemListElement\":[{\"@type\":\"ListItem\",\"position\":1,\"name\":\"Portada\",\"item\":\"https:\\\/\\\/noticiasmercedinas.com\\\/site\\\/\"},{\"@type\":\"ListItem\",\"position\":2,\"name\":\"Pabell\u00f3n gana en el Federaci\u00f3n Norte\"}]},{\"@type\":\"WebSite\",\"@id\":\"https:\\\/\\\/noticiasmercedinas.com\\\/site\\\/#website\",\"url\":\"https:\\\/\\\/noticiasmercedinas.com\\\/site\\\/\",\"name\":\"NOTICIASMERCEDINAS.COM\",\"description\":\"Mercedes, Buenos Aires, Argentina\",\"publisher\":{\"@id\":\"https:\\\/\\\/noticiasmercedinas.com\\\/site\\\/#organization\"},\"potentialAction\":[{\"@type\":\"SearchAction\",\"target\":{\"@type\":\"EntryPoint\",\"urlTemplate\":\"https:\\\/\\\/noticiasmercedinas.com\\\/site\\\/?s={search_term_string}\"},\"query-input\":{\"@type\":\"PropertyValueSpecification\",\"valueRequired\":true,\"valueName\":\"search_term_string\"}}],\"inLanguage\":\"es\"},{\"@type\":\"Organization\",\"@id\":\"https:\\\/\\\/noticiasmercedinas.com\\\/site\\\/#organization\",\"name\":\"NOTICIASMERCEDINAS.COM\",\"url\":\"https:\\\/\\\/noticiasmercedinas.com\\\/site\\\/\",\"logo\":{\"@type\":\"ImageObject\",\"inLanguage\":\"es\",\"@id\":\"https:\\\/\\\/noticiasmercedinas.com\\\/site\\\/#\\\/schema\\\/logo\\\/image\\\/\",\"url\":\"https:\\\/\\\/noticiasmercedinas.com\\\/site\\\/wp-content\\\/uploads\\\/2020\\\/06\\\/LOGO-512.jpg\",\"contentUrl\":\"https:\\\/\\\/noticiasmercedinas.com\\\/site\\\/wp-content\\\/uploads\\\/2020\\\/06\\\/LOGO-512.jpg\",\"width\":512,\"height\":512,\"caption\":\"NOTICIASMERCEDINAS.COM\"},\"image\":{\"@id\":\"https:\\\/\\\/noticiasmercedinas.com\\\/site\\\/#\\\/schema\\\/logo\\\/image\\\/\"},\"sameAs\":[\"https:\\\/\\\/www.facebook.com\\\/noticiasmercedinas\\\/\",\"https:\\\/\\\/x.com\\\/notmercedinas\",\"https:\\\/\\\/www.instagram.com\\\/noticiasmercedinas\\\/\"]},{\"@type\":\"Person\",\"@id\":\"https:\\\/\\\/noticiasmercedinas.com\\\/site\\\/#\\\/schema\\\/person\\\/8f2f09d666ef40986eba4a5e6f2a06f9\",\"name\":\"Juan Dagnino NOTICIASMERCEDINAS.COM\",\"image\":{\"@type\":\"ImageObject\",\"inLanguage\":\"es\",\"@id\":\"https:\\\/\\\/secure.gravatar.com\\\/avatar\\\/fc7059a769f5a3cae65fadb228a3e4accf3a64b4b2305020d0a27e6d5333c91b?s=96&d=mm&r=g\",\"url\":\"https:\\\/\\\/secure.gravatar.com\\\/avatar\\\/fc7059a769f5a3cae65fadb228a3e4accf3a64b4b2305020d0a27e6d5333c91b?s=96&d=mm&r=g\",\"contentUrl\":\"https:\\\/\\\/secure.gravatar.com\\\/avatar\\\/fc7059a769f5a3cae65fadb228a3e4accf3a64b4b2305020d0a27e6d5333c91b?s=96&d=mm&r=g\",\"caption\":\"Juan Dagnino NOTICIASMERCEDINAS.COM\"},\"url\":\"https:\\\/\\\/noticiasmercedinas.com\\\/site\\\/author\\\/juandagnino\\\/\"}]}<\/script>\n<!-- \/ Yoast SEO plugin. -->","yoast_head_json":{"title":"Pabell\u00f3n gana en el Federaci\u00f3n Norte","robots":{"index":"index","follow":"follow","max-snippet":"max-snippet:-1","max-image-preview":"max-image-preview:large","max-video-preview":"max-video-preview:-1"},"canonical":"https:\/\/noticiasmercedinas.com\/site\/2019\/01\/30\/pabellon-gana-en-el-federacion-norte\/","og_locale":"es_ES","og_type":"article","og_title":"Pabell\u00f3n gana en el Federaci\u00f3n Norte","og_description":"Este mi\u00e9rcoles 30, en cancha de la Liga Mercedina, ATILRA de la Liga de Luj\u00e1n fue local por el torneo de la Federaci\u00f3n Norte tras las suspensi\u00f3n del \u00faltimo s\u00e1bado 26 en el escenario de Alem en la localidad de General Rodr\u00edguez. Fue victoria de Pabell\u00f3n que ven\u00eda de empatar 1-1 ante Central Buenos Aires [&hellip;]","og_url":"https:\/\/noticiasmercedinas.com\/site\/2019\/01\/30\/pabellon-gana-en-el-federacion-norte\/","og_site_name":"NOTICIASMERCEDINAS.COM","article_publisher":"https:\/\/www.facebook.com\/noticiasmercedinas\/","article_published_time":"2019-01-31T02:17:00+00:00","og_image":[{"width":650,"height":409,"url":"https:\/\/noticiasmercedinas.com\/site\/wp-content\/uploads\/2019\/01\/IMG_0457.jpg","type":"image\/jpeg"}],"author":"Juan Dagnino NOTICIASMERCEDINAS.COM","twitter_card":"summary_large_image","twitter_creator":"@notmercedinas","twitter_site":"@notmercedinas","twitter_misc":{"Escrito por":"Juan Dagnino NOTICIASMERCEDINAS.COM","Tiempo de lectura":"1 minuto"},"schema":{"@context":"https:\/\/schema.org","@graph":[{"@type":"Article","@id":"https:\/\/noticiasmercedinas.com\/site\/2019\/01\/30\/pabellon-gana-en-el-federacion-norte\/#article","isPartOf":{"@id":"https:\/\/noticiasmercedinas.com\/site\/2019\/01\/30\/pabellon-gana-en-el-federacion-norte\/"},"author":{"name":"Juan Dagnino NOTICIASMERCEDINAS.COM","@id":"https:\/\/noticiasmercedinas.com\/site\/#\/schema\/person\/8f2f09d666ef40986eba4a5e6f2a06f9"},"headline":"Pabell\u00f3n gana en el Federaci\u00f3n Norte","datePublished":"2019-01-31T02:17:00+00:00","mainEntityOfPage":{"@id":"https:\/\/noticiasmercedinas.com\/site\/2019\/01\/30\/pabellon-gana-en-el-federacion-norte\/"},"wordCount":188,"commentCount":0,"publisher":{"@id":"https:\/\/noticiasmercedinas.com\/site\/#organization"},"image":{"@id":"https:\/\/noticiasmercedinas.com\/site\/2019\/01\/30\/pabellon-gana-en-el-federacion-norte\/#primaryimage"},"thumbnailUrl":"https:\/\/noticiasmercedinas.com\/site\/wp-content\/uploads\/2019\/01\/IMG_0457.jpg","keywords":["pabellon","Torneo Federaci\u00f3n Norte"],"articleSection":["Deportes"],"inLanguage":"es","potentialAction":[{"@type":"CommentAction","name":"Comment","target":["https:\/\/noticiasmercedinas.com\/site\/2019\/01\/30\/pabellon-gana-en-el-federacion-norte\/#respond"]}]},{"@type":"WebPage","@id":"https:\/\/noticiasmercedinas.com\/site\/2019\/01\/30\/pabellon-gana-en-el-federacion-norte\/","url":"https:\/\/noticiasmercedinas.com\/site\/2019\/01\/30\/pabellon-gana-en-el-federacion-norte\/","name":"Pabell\u00f3n gana en el Federaci\u00f3n Norte","isPartOf":{"@id":"https:\/\/noticiasmercedinas.com\/site\/#website"},"primaryImageOfPage":{"@id":"https:\/\/noticiasmercedinas.com\/site\/2019\/01\/30\/pabellon-gana-en-el-federacion-norte\/#primaryimage"},"image":{"@id":"https:\/\/noticiasmercedinas.com\/site\/2019\/01\/30\/pabellon-gana-en-el-federacion-norte\/#primaryimage"},"thumbnailUrl":"https:\/\/noticiasmercedinas.com\/site\/wp-content\/uploads\/2019\/01\/IMG_0457.jpg","datePublished":"2019-01-31T02:17:00+00:00","breadcrumb":{"@id":"https:\/\/noticiasmercedinas.com\/site\/2019\/01\/30\/pabellon-gana-en-el-federacion-norte\/#breadcrumb"},"inLanguage":"es","potentialAction":[{"@type":"ReadAction","target":["https:\/\/noticiasmercedinas.com\/site\/2019\/01\/30\/pabellon-gana-en-el-federacion-norte\/"]}]},{"@type":"ImageObject","inLanguage":"es","@id":"https:\/\/noticiasmercedinas.com\/site\/2019\/01\/30\/pabellon-gana-en-el-federacion-norte\/#primaryimage","url":"https:\/\/noticiasmercedinas.com\/site\/wp-content\/uploads\/2019\/01\/IMG_0457.jpg","contentUrl":"https:\/\/noticiasmercedinas.com\/site\/wp-content\/uploads\/2019\/01\/IMG_0457.jpg","width":650,"height":409},{"@type":"BreadcrumbList","@id":"https:\/\/noticiasmercedinas.com\/site\/2019\/01\/30\/pabellon-gana-en-el-federacion-norte\/#breadcrumb","itemListElement":[{"@type":"ListItem","position":1,"name":"Portada","item":"https:\/\/noticiasmercedinas.com\/site\/"},{"@type":"ListItem","position":2,"name":"Pabell\u00f3n gana en el Federaci\u00f3n Norte"}]},{"@type":"WebSite","@id":"https:\/\/noticiasmercedinas.com\/site\/#website","url":"https:\/\/noticiasmercedinas.com\/site\/","name":"NOTICIASMERCEDINAS.COM","description":"Mercedes, Buenos Aires, Argentina","publisher":{"@id":"https:\/\/noticiasmercedinas.com\/site\/#organization"},"potentialAction":[{"@type":"SearchAction","target":{"@type":"EntryPoint","urlTemplate":"https:\/\/noticiasmercedinas.com\/site\/?s={search_term_string}"},"query-input":{"@type":"PropertyValueSpecification","valueRequired":true,"valueName":"search_term_string"}}],"inLanguage":"es"},{"@type":"Organization","@id":"https:\/\/noticiasmercedinas.com\/site\/#organization","name":"NOTICIASMERCEDINAS.COM","url":"https:\/\/noticiasmercedinas.com\/site\/","logo":{"@type":"ImageObject","inLanguage":"es","@id":"https:\/\/noticiasmercedinas.com\/site\/#\/schema\/logo\/image\/","url":"https:\/\/noticiasmercedinas.com\/site\/wp-content\/uploads\/2020\/06\/LOGO-512.jpg","contentUrl":"https:\/\/noticiasmercedinas.com\/site\/wp-content\/uploads\/2020\/06\/LOGO-512.jpg","width":512,"height":512,"caption":"NOTICIASMERCEDINAS.COM"},"image":{"@id":"https:\/\/noticiasmercedinas.com\/site\/#\/schema\/logo\/image\/"},"sameAs":["https:\/\/www.facebook.com\/noticiasmercedinas\/","https:\/\/x.com\/notmercedinas","https:\/\/www.instagram.com\/noticiasmercedinas\/"]},{"@type":"Person","@id":"https:\/\/noticiasmercedinas.com\/site\/#\/schema\/person\/8f2f09d666ef40986eba4a5e6f2a06f9","name":"Juan Dagnino NOTICIASMERCEDINAS.COM","image":{"@type":"ImageObject","inLanguage":"es","@id":"https:\/\/secure.gravatar.com\/avatar\/fc7059a769f5a3cae65fadb228a3e4accf3a64b4b2305020d0a27e6d5333c91b?s=96&d=mm&r=g","url":"https:\/\/secure.gravatar.com\/avatar\/fc7059a769f5a3cae65fadb228a3e4accf3a64b4b2305020d0a27e6d5333c91b?s=96&d=mm&r=g","contentUrl":"https:\/\/secure.gravatar.com\/avatar\/fc7059a769f5a3cae65fadb228a3e4accf3a64b4b2305020d0a27e6d5333c91b?s=96&d=mm&r=g","caption":"Juan Dagnino NOTICIASMERCEDINAS.COM"},"url":"https:\/\/noticiasmercedinas.com\/site\/author\/juandagnino\/"}]}},"amp_enabled":true,"_links":{"self":[{"href":"https:\/\/noticiasmercedinas.com\/site\/wp-json\/wp\/v2\/posts\/11555","targetHints":{"allow":["GET"]}}],"collection":[{"href":"https:\/\/noticiasmercedinas.com\/site\/wp-json\/wp\/v2\/posts"}],"about":[{"href":"https:\/\/noticiasmercedinas.com\/site\/wp-json\/wp\/v2\/types\/post"}],"author":[{"embeddable":true,"href":"https:\/\/noticiasmercedinas.com\/site\/wp-json\/wp\/v2\/users\/6"}],"replies":[{"embeddable":true,"href":"https:\/\/noticiasmercedinas.com\/site\/wp-json\/wp\/v2\/comments?post=11555"}],"version-history":[{"count":1,"href":"https:\/\/noticiasmercedinas.com\/site\/wp-json\/wp\/v2\/posts\/11555\/revisions"}],"predecessor-version":[{"id":11557,"href":"https:\/\/noticiasmercedinas.com\/site\/wp-json\/wp\/v2\/posts\/11555\/revisions\/11557"}],"wp:featuredmedia":[{"embeddable":true,"href":"https:\/\/noticiasmercedinas.com\/site\/wp-json\/wp\/v2\/media\/11556"}],"wp:attachment":[{"href":"https:\/\/noticiasmercedinas.com\/site\/wp-json\/wp\/v2\/media?parent=11555"}],"wp:term":[{"taxonomy":"category","embeddable":true,"href":"https:\/\/noticiasmercedinas.com\/site\/wp-json\/wp\/v2\/categories?post=11555"},{"taxonomy":"post_tag","embeddable":true,"href":"https:\/\/noticiasmercedinas.com\/site\/wp-json\/wp\/v2\/tags?post=11555"}],"curies":[{"name":"wp","href":"https:\/\/api.w.org\/{rel}","templated":true}]}}