{"id":11559,"date":"2019-01-30T23:51:25","date_gmt":"2019-01-31T02:51:25","guid":{"rendered":"https:\/\/noticiasmercedinas.com\/site\/2019\/01\/30\/establecieron-las-fechas-para-los-cursos-prematrimoniales-de-2019\/"},"modified":"2019-01-30T23:51:25","modified_gmt":"2019-01-31T02:51:25","slug":"establecieron-las-fechas-para-los-cursos-prematrimoniales-de-2019","status":"publish","type":"post","link":"https:\/\/noticiasmercedinas.com\/site\/2019\/01\/30\/establecieron-las-fechas-para-los-cursos-prematrimoniales-de-2019\/","title":{"rendered":"Establecieron las fechas para los cursos prematrimoniales de 2019"},"content":{"rendered":"<p><strong>Los encuentros ser\u00e1n los domingos 10 de marzo, 23 de junio, 1 de septiembre y 10 de noviembre. Los Cursos Prematrimoniales son dictados por integrantes del Equipo de Pastoral Prematrimonial de Mercedes<\/strong><\/p>\n<p><img loading=\"lazy\" decoding=\"async\" class=\"alignnone wp-image-11558 size-full\" src=\"https:\/\/noticiasmercedinas.com\/site\/wp-content\/uploads\/2019\/01\/IMG-20190130-WA0063.jpg\" width=\"640\" height=\"360\" data-temp-aztec-id=\"d8414c99-f0d8-4f48-ba66-66acaee90320\" srcset=\"https:\/\/noticiasmercedinas.com\/site\/wp-content\/uploads\/2019\/01\/IMG-20190130-WA0063.jpg 640w, https:\/\/noticiasmercedinas.com\/site\/wp-content\/uploads\/2019\/01\/IMG-20190130-WA0063-300x169.jpg 300w\" sizes=\"auto, (max-width: 640px) 100vw, 640px\" \/><\/p>\n<p>Se acordaron las fechas para este 2019 en el grupo de cursos prematrimoniales, por lo que aquellos que piensen en casarse en el a\u00f1o ya pueden ir agendandolas e inscribi\u00e9ndose.<\/p>\n<p>Quedaron ya establecidos, entonces, los encuentros para el a\u00f1o 2019: ser\u00e1n los domingos 10 de marzo, 23 de junio, 1 de septiembre y 10 de noviembre.<\/p>\n<p>Con la idea de que aquellos que est\u00e1n por casarse por Iglesia puedan asistir al desarrollo de fundamentos firmes para un matrimonio duradero, los Cursos Prematrimoniales son dictados por integrantes del Equipo de Pastoral Prematrimonial de Mercedes, y el venidero domingo 10 de marzo ser\u00e1 la primera fecha en que se podr\u00e1 asistir al desarrollo de los mismos.<\/p>\n<p>Los cursos est\u00e1n a cargo de laicos que integran esta pastoral y tendr\u00e1n la presencia de un sacerdote que colabora con el aspecto de formaci\u00f3n espiritual y con la misa de cierre. Se llevan adelante siempre los d\u00edas domingo, en cuatro fechas en las que se podr\u00e1 optar en el a\u00f1o calendario, y est\u00e1n pensados para los novios que se est\u00e1n preparando a recibir el Sacramento del Matrimonio.<\/p>\n<p>Los cursos se dictan en la Escuela Parroquial de calles 15 y 114, de manera gratuita y finalizando la jornada con la participaci\u00f3n en una misa. El Curso es com\u00fan para todas las parroquias de Mercedes, y la inscripci\u00f3n para ser parte debe hacerse de manera previa en cada una de las parroquias o comunic\u00e1ndose con el grupo.<\/p>\n<p>El curso consta de una serie de charlas en las que se profundizan temas como la pareja, la comunicaci\u00f3n en el matrimonio, amor y comuni\u00f3n, paternidad responsable, significado del matrimonio cristiano, sexualidad, familia y espiritualidad conyugal, entre otros.<\/p>\n<p>Para comunicarse con la intenci\u00f3n de inscribirse o hacer mayores consultas hay que llamar al 02324-423935, al 02324-15575094, al 02324-15469841, escribir un email a cursosprematrimoniales@gmail.com o unirse al grupo de Facebook \u201cCursos Prematrimoniales Mercedes\u201d.<\/p>\n","protected":false},"excerpt":{"rendered":"<p>Los encuentros ser\u00e1n los domingos 10 de marzo, 23 de junio, 1 de septiembre y 10 de noviembre. Los Cursos Prematrimoniales son dictados por integrantes del Equipo de Pastoral Prematrimonial de Mercedes Se acordaron las fechas para este 2019 en el grupo de cursos prematrimoniales, por lo que aquellos que piensen en casarse en el [&hellip;]<\/p>\n","protected":false},"author":2,"featured_media":11558,"comment_status":"open","ping_status":"open","sticky":false,"template":"","format":"standard","meta":{"footnotes":""},"categories":[3],"tags":[1085,3473],"class_list":["post-11559","post","type-post","status-publish","format-standard","has-post-thumbnail","hentry","category-sociedad","tag-cursos","tag-matrimonio"],"yoast_head":"<!-- This site is optimized with the Yoast SEO plugin v28.3 - https:\/\/yoast.com\/product\/yoast-seo-wordpress\/ -->\n<title>Establecieron las fechas para los cursos prematrimoniales de 2019<\/title>\n<meta name=\"robots\" content=\"index, follow, max-snippet:-1, max-image-preview:large, max-video-preview:-1\" \/>\n<link rel=\"canonical\" href=\"https:\/\/noticiasmercedinas.com\/site\/2019\/01\/30\/establecieron-las-fechas-para-los-cursos-prematrimoniales-de-2019\/\" \/>\n<meta property=\"og:locale\" content=\"es_ES\" \/>\n<meta property=\"og:type\" content=\"article\" \/>\n<meta property=\"og:title\" content=\"Establecieron las fechas para los cursos prematrimoniales de 2019\" \/>\n<meta property=\"og:description\" content=\"Los encuentros ser\u00e1n los domingos 10 de marzo, 23 de junio, 1 de septiembre y 10 de noviembre. Los Cursos Prematrimoniales son dictados por integrantes del Equipo de Pastoral Prematrimonial de Mercedes Se acordaron las fechas para este 2019 en el grupo de cursos prematrimoniales, por lo que aquellos que piensen en casarse en el [&hellip;]\" \/>\n<meta property=\"og:url\" content=\"https:\/\/noticiasmercedinas.com\/site\/2019\/01\/30\/establecieron-las-fechas-para-los-cursos-prematrimoniales-de-2019\/\" \/>\n<meta property=\"og:site_name\" content=\"NOTICIASMERCEDINAS.COM\" \/>\n<meta property=\"article:publisher\" content=\"https:\/\/www.facebook.com\/noticiasmercedinas\/\" \/>\n<meta property=\"article:author\" content=\"https:\/\/www.facebook.com\/cristian.falabella\" \/>\n<meta property=\"article:published_time\" content=\"2019-01-31T02:51:25+00:00\" \/>\n<meta property=\"og:image\" content=\"https:\/\/noticiasmercedinas.com\/site\/wp-content\/uploads\/2019\/01\/IMG-20190130-WA0063.jpg\" \/>\n\t<meta property=\"og:image:width\" content=\"640\" \/>\n\t<meta property=\"og:image:height\" content=\"360\" \/>\n\t<meta property=\"og:image:type\" content=\"image\/jpeg\" \/>\n<meta name=\"author\" content=\"Cristian Falabella NOTICIASMERCEDINAS.COM\" \/>\n<meta name=\"twitter:card\" content=\"summary_large_image\" \/>\n<meta name=\"twitter:creator\" content=\"@https:\/\/twitter.com\/NOTMERCEDINAS\" \/>\n<meta name=\"twitter:site\" content=\"@notmercedinas\" \/>\n<meta name=\"twitter:label1\" content=\"Escrito por\" \/>\n\t<meta name=\"twitter:data1\" content=\"Cristian Falabella NOTICIASMERCEDINAS.COM\" \/>\n\t<meta name=\"twitter:label2\" content=\"Tiempo de lectura\" \/>\n\t<meta name=\"twitter:data2\" content=\"2 minutos\" \/>\n<script type=\"application\/ld+json\" class=\"yoast-schema-graph\">{\"@context\":\"https:\\\/\\\/schema.org\",\"@graph\":[{\"@type\":\"Article\",\"@id\":\"https:\\\/\\\/noticiasmercedinas.com\\\/site\\\/2019\\\/01\\\/30\\\/establecieron-las-fechas-para-los-cursos-prematrimoniales-de-2019\\\/#article\",\"isPartOf\":{\"@id\":\"https:\\\/\\\/noticiasmercedinas.com\\\/site\\\/2019\\\/01\\\/30\\\/establecieron-las-fechas-para-los-cursos-prematrimoniales-de-2019\\\/\"},\"author\":{\"name\":\"Cristian Falabella NOTICIASMERCEDINAS.COM\",\"@id\":\"https:\\\/\\\/noticiasmercedinas.com\\\/site\\\/#\\\/schema\\\/person\\\/d481a9696a5feaec13a60e2bbd991a6a\"},\"headline\":\"Establecieron las fechas para los cursos prematrimoniales de 2019\",\"datePublished\":\"2019-01-31T02:51:25+00:00\",\"mainEntityOfPage\":{\"@id\":\"https:\\\/\\\/noticiasmercedinas.com\\\/site\\\/2019\\\/01\\\/30\\\/establecieron-las-fechas-para-los-cursos-prematrimoniales-de-2019\\\/\"},\"wordCount\":361,\"commentCount\":0,\"publisher\":{\"@id\":\"https:\\\/\\\/noticiasmercedinas.com\\\/site\\\/#organization\"},\"image\":{\"@id\":\"https:\\\/\\\/noticiasmercedinas.com\\\/site\\\/2019\\\/01\\\/30\\\/establecieron-las-fechas-para-los-cursos-prematrimoniales-de-2019\\\/#primaryimage\"},\"thumbnailUrl\":\"https:\\\/\\\/noticiasmercedinas.com\\\/site\\\/wp-content\\\/uploads\\\/2019\\\/01\\\/IMG-20190130-WA0063.jpg\",\"keywords\":[\"cursos\",\"matrimonio\"],\"articleSection\":[\"Sociedad\"],\"inLanguage\":\"es\",\"potentialAction\":[{\"@type\":\"CommentAction\",\"name\":\"Comment\",\"target\":[\"https:\\\/\\\/noticiasmercedinas.com\\\/site\\\/2019\\\/01\\\/30\\\/establecieron-las-fechas-para-los-cursos-prematrimoniales-de-2019\\\/#respond\"]}]},{\"@type\":\"WebPage\",\"@id\":\"https:\\\/\\\/noticiasmercedinas.com\\\/site\\\/2019\\\/01\\\/30\\\/establecieron-las-fechas-para-los-cursos-prematrimoniales-de-2019\\\/\",\"url\":\"https:\\\/\\\/noticiasmercedinas.com\\\/site\\\/2019\\\/01\\\/30\\\/establecieron-las-fechas-para-los-cursos-prematrimoniales-de-2019\\\/\",\"name\":\"Establecieron las fechas para los cursos prematrimoniales de 2019\",\"isPartOf\":{\"@id\":\"https:\\\/\\\/noticiasmercedinas.com\\\/site\\\/#website\"},\"primaryImageOfPage\":{\"@id\":\"https:\\\/\\\/noticiasmercedinas.com\\\/site\\\/2019\\\/01\\\/30\\\/establecieron-las-fechas-para-los-cursos-prematrimoniales-de-2019\\\/#primaryimage\"},\"image\":{\"@id\":\"https:\\\/\\\/noticiasmercedinas.com\\\/site\\\/2019\\\/01\\\/30\\\/establecieron-las-fechas-para-los-cursos-prematrimoniales-de-2019\\\/#primaryimage\"},\"thumbnailUrl\":\"https:\\\/\\\/noticiasmercedinas.com\\\/site\\\/wp-content\\\/uploads\\\/2019\\\/01\\\/IMG-20190130-WA0063.jpg\",\"datePublished\":\"2019-01-31T02:51:25+00:00\",\"breadcrumb\":{\"@id\":\"https:\\\/\\\/noticiasmercedinas.com\\\/site\\\/2019\\\/01\\\/30\\\/establecieron-las-fechas-para-los-cursos-prematrimoniales-de-2019\\\/#breadcrumb\"},\"inLanguage\":\"es\",\"potentialAction\":[{\"@type\":\"ReadAction\",\"target\":[\"https:\\\/\\\/noticiasmercedinas.com\\\/site\\\/2019\\\/01\\\/30\\\/establecieron-las-fechas-para-los-cursos-prematrimoniales-de-2019\\\/\"]}]},{\"@type\":\"ImageObject\",\"inLanguage\":\"es\",\"@id\":\"https:\\\/\\\/noticiasmercedinas.com\\\/site\\\/2019\\\/01\\\/30\\\/establecieron-las-fechas-para-los-cursos-prematrimoniales-de-2019\\\/#primaryimage\",\"url\":\"https:\\\/\\\/noticiasmercedinas.com\\\/site\\\/wp-content\\\/uploads\\\/2019\\\/01\\\/IMG-20190130-WA0063.jpg\",\"contentUrl\":\"https:\\\/\\\/noticiasmercedinas.com\\\/site\\\/wp-content\\\/uploads\\\/2019\\\/01\\\/IMG-20190130-WA0063.jpg\",\"width\":640,\"height\":360},{\"@type\":\"BreadcrumbList\",\"@id\":\"https:\\\/\\\/noticiasmercedinas.com\\\/site\\\/2019\\\/01\\\/30\\\/establecieron-las-fechas-para-los-cursos-prematrimoniales-de-2019\\\/#breadcrumb\",\"itemListElement\":[{\"@type\":\"ListItem\",\"position\":1,\"name\":\"Portada\",\"item\":\"https:\\\/\\\/noticiasmercedinas.com\\\/site\\\/\"},{\"@type\":\"ListItem\",\"position\":2,\"name\":\"Establecieron las fechas para los cursos prematrimoniales de 2019\"}]},{\"@type\":\"WebSite\",\"@id\":\"https:\\\/\\\/noticiasmercedinas.com\\\/site\\\/#website\",\"url\":\"https:\\\/\\\/noticiasmercedinas.com\\\/site\\\/\",\"name\":\"NOTICIASMERCEDINAS.COM\",\"description\":\"Mercedes, Buenos Aires, Argentina\",\"publisher\":{\"@id\":\"https:\\\/\\\/noticiasmercedinas.com\\\/site\\\/#organization\"},\"potentialAction\":[{\"@type\":\"SearchAction\",\"target\":{\"@type\":\"EntryPoint\",\"urlTemplate\":\"https:\\\/\\\/noticiasmercedinas.com\\\/site\\\/?s={search_term_string}\"},\"query-input\":{\"@type\":\"PropertyValueSpecification\",\"valueRequired\":true,\"valueName\":\"search_term_string\"}}],\"inLanguage\":\"es\"},{\"@type\":\"Organization\",\"@id\":\"https:\\\/\\\/noticiasmercedinas.com\\\/site\\\/#organization\",\"name\":\"NOTICIASMERCEDINAS.COM\",\"url\":\"https:\\\/\\\/noticiasmercedinas.com\\\/site\\\/\",\"logo\":{\"@type\":\"ImageObject\",\"inLanguage\":\"es\",\"@id\":\"https:\\\/\\\/noticiasmercedinas.com\\\/site\\\/#\\\/schema\\\/logo\\\/image\\\/\",\"url\":\"https:\\\/\\\/noticiasmercedinas.com\\\/site\\\/wp-content\\\/uploads\\\/2020\\\/06\\\/LOGO-512.jpg\",\"contentUrl\":\"https:\\\/\\\/noticiasmercedinas.com\\\/site\\\/wp-content\\\/uploads\\\/2020\\\/06\\\/LOGO-512.jpg\",\"width\":512,\"height\":512,\"caption\":\"NOTICIASMERCEDINAS.COM\"},\"image\":{\"@id\":\"https:\\\/\\\/noticiasmercedinas.com\\\/site\\\/#\\\/schema\\\/logo\\\/image\\\/\"},\"sameAs\":[\"https:\\\/\\\/www.facebook.com\\\/noticiasmercedinas\\\/\",\"https:\\\/\\\/x.com\\\/notmercedinas\",\"https:\\\/\\\/www.instagram.com\\\/noticiasmercedinas\\\/\"]},{\"@type\":\"Person\",\"@id\":\"https:\\\/\\\/noticiasmercedinas.com\\\/site\\\/#\\\/schema\\\/person\\\/d481a9696a5feaec13a60e2bbd991a6a\",\"name\":\"Cristian Falabella NOTICIASMERCEDINAS.COM\",\"image\":{\"@type\":\"ImageObject\",\"inLanguage\":\"es\",\"@id\":\"https:\\\/\\\/secure.gravatar.com\\\/avatar\\\/0dbbfc45970cc46bcd0e57766228574ff3511d6eed045b182f536f0f478c1f06?s=96&d=mm&r=g\",\"url\":\"https:\\\/\\\/secure.gravatar.com\\\/avatar\\\/0dbbfc45970cc46bcd0e57766228574ff3511d6eed045b182f536f0f478c1f06?s=96&d=mm&r=g\",\"contentUrl\":\"https:\\\/\\\/secure.gravatar.com\\\/avatar\\\/0dbbfc45970cc46bcd0e57766228574ff3511d6eed045b182f536f0f478c1f06?s=96&d=mm&r=g\",\"caption\":\"Cristian Falabella NOTICIASMERCEDINAS.COM\"},\"description\":\"Periodista, editor de Noticias Mercedinas. Pas\u00f3 por varias redacciones y emprendimientos de prensa, en distintos formatos y \u00e9pocas. Se especializ\u00f3 --y sigue haci\u00e9ndolo-- en comunicaci\u00f3n en la web y en junio de 2006 fund\u00f3 este diario digital.\",\"sameAs\":[\"https:\\\/\\\/noticiasmercedinas.com\",\"https:\\\/\\\/www.facebook.com\\\/cristian.falabella\",\"https:\\\/\\\/www.instagram.com\\\/noticiasmercedinas\\\/\",\"https:\\\/\\\/x.com\\\/https:\\\/\\\/twitter.com\\\/NOTMERCEDINAS\"],\"url\":\"https:\\\/\\\/noticiasmercedinas.com\\\/site\\\/author\\\/as000384\\\/\"}]}<\/script>\n<!-- \/ Yoast SEO plugin. -->","yoast_head_json":{"title":"Establecieron las fechas para los cursos prematrimoniales de 2019","robots":{"index":"index","follow":"follow","max-snippet":"max-snippet:-1","max-image-preview":"max-image-preview:large","max-video-preview":"max-video-preview:-1"},"canonical":"https:\/\/noticiasmercedinas.com\/site\/2019\/01\/30\/establecieron-las-fechas-para-los-cursos-prematrimoniales-de-2019\/","og_locale":"es_ES","og_type":"article","og_title":"Establecieron las fechas para los cursos prematrimoniales de 2019","og_description":"Los encuentros ser\u00e1n los domingos 10 de marzo, 23 de junio, 1 de septiembre y 10 de noviembre. Los Cursos Prematrimoniales son dictados por integrantes del Equipo de Pastoral Prematrimonial de Mercedes Se acordaron las fechas para este 2019 en el grupo de cursos prematrimoniales, por lo que aquellos que piensen en casarse en el [&hellip;]","og_url":"https:\/\/noticiasmercedinas.com\/site\/2019\/01\/30\/establecieron-las-fechas-para-los-cursos-prematrimoniales-de-2019\/","og_site_name":"NOTICIASMERCEDINAS.COM","article_publisher":"https:\/\/www.facebook.com\/noticiasmercedinas\/","article_author":"https:\/\/www.facebook.com\/cristian.falabella","article_published_time":"2019-01-31T02:51:25+00:00","og_image":[{"width":640,"height":360,"url":"https:\/\/noticiasmercedinas.com\/site\/wp-content\/uploads\/2019\/01\/IMG-20190130-WA0063.jpg","type":"image\/jpeg"}],"author":"Cristian Falabella NOTICIASMERCEDINAS.COM","twitter_card":"summary_large_image","twitter_creator":"@https:\/\/twitter.com\/NOTMERCEDINAS","twitter_site":"@notmercedinas","twitter_misc":{"Escrito por":"Cristian Falabella NOTICIASMERCEDINAS.COM","Tiempo de lectura":"2 minutos"},"schema":{"@context":"https:\/\/schema.org","@graph":[{"@type":"Article","@id":"https:\/\/noticiasmercedinas.com\/site\/2019\/01\/30\/establecieron-las-fechas-para-los-cursos-prematrimoniales-de-2019\/#article","isPartOf":{"@id":"https:\/\/noticiasmercedinas.com\/site\/2019\/01\/30\/establecieron-las-fechas-para-los-cursos-prematrimoniales-de-2019\/"},"author":{"name":"Cristian Falabella NOTICIASMERCEDINAS.COM","@id":"https:\/\/noticiasmercedinas.com\/site\/#\/schema\/person\/d481a9696a5feaec13a60e2bbd991a6a"},"headline":"Establecieron las fechas para los cursos prematrimoniales de 2019","datePublished":"2019-01-31T02:51:25+00:00","mainEntityOfPage":{"@id":"https:\/\/noticiasmercedinas.com\/site\/2019\/01\/30\/establecieron-las-fechas-para-los-cursos-prematrimoniales-de-2019\/"},"wordCount":361,"commentCount":0,"publisher":{"@id":"https:\/\/noticiasmercedinas.com\/site\/#organization"},"image":{"@id":"https:\/\/noticiasmercedinas.com\/site\/2019\/01\/30\/establecieron-las-fechas-para-los-cursos-prematrimoniales-de-2019\/#primaryimage"},"thumbnailUrl":"https:\/\/noticiasmercedinas.com\/site\/wp-content\/uploads\/2019\/01\/IMG-20190130-WA0063.jpg","keywords":["cursos","matrimonio"],"articleSection":["Sociedad"],"inLanguage":"es","potentialAction":[{"@type":"CommentAction","name":"Comment","target":["https:\/\/noticiasmercedinas.com\/site\/2019\/01\/30\/establecieron-las-fechas-para-los-cursos-prematrimoniales-de-2019\/#respond"]}]},{"@type":"WebPage","@id":"https:\/\/noticiasmercedinas.com\/site\/2019\/01\/30\/establecieron-las-fechas-para-los-cursos-prematrimoniales-de-2019\/","url":"https:\/\/noticiasmercedinas.com\/site\/2019\/01\/30\/establecieron-las-fechas-para-los-cursos-prematrimoniales-de-2019\/","name":"Establecieron las fechas para los cursos prematrimoniales de 2019","isPartOf":{"@id":"https:\/\/noticiasmercedinas.com\/site\/#website"},"primaryImageOfPage":{"@id":"https:\/\/noticiasmercedinas.com\/site\/2019\/01\/30\/establecieron-las-fechas-para-los-cursos-prematrimoniales-de-2019\/#primaryimage"},"image":{"@id":"https:\/\/noticiasmercedinas.com\/site\/2019\/01\/30\/establecieron-las-fechas-para-los-cursos-prematrimoniales-de-2019\/#primaryimage"},"thumbnailUrl":"https:\/\/noticiasmercedinas.com\/site\/wp-content\/uploads\/2019\/01\/IMG-20190130-WA0063.jpg","datePublished":"2019-01-31T02:51:25+00:00","breadcrumb":{"@id":"https:\/\/noticiasmercedinas.com\/site\/2019\/01\/30\/establecieron-las-fechas-para-los-cursos-prematrimoniales-de-2019\/#breadcrumb"},"inLanguage":"es","potentialAction":[{"@type":"ReadAction","target":["https:\/\/noticiasmercedinas.com\/site\/2019\/01\/30\/establecieron-las-fechas-para-los-cursos-prematrimoniales-de-2019\/"]}]},{"@type":"ImageObject","inLanguage":"es","@id":"https:\/\/noticiasmercedinas.com\/site\/2019\/01\/30\/establecieron-las-fechas-para-los-cursos-prematrimoniales-de-2019\/#primaryimage","url":"https:\/\/noticiasmercedinas.com\/site\/wp-content\/uploads\/2019\/01\/IMG-20190130-WA0063.jpg","contentUrl":"https:\/\/noticiasmercedinas.com\/site\/wp-content\/uploads\/2019\/01\/IMG-20190130-WA0063.jpg","width":640,"height":360},{"@type":"BreadcrumbList","@id":"https:\/\/noticiasmercedinas.com\/site\/2019\/01\/30\/establecieron-las-fechas-para-los-cursos-prematrimoniales-de-2019\/#breadcrumb","itemListElement":[{"@type":"ListItem","position":1,"name":"Portada","item":"https:\/\/noticiasmercedinas.com\/site\/"},{"@type":"ListItem","position":2,"name":"Establecieron las fechas para los cursos prematrimoniales de 2019"}]},{"@type":"WebSite","@id":"https:\/\/noticiasmercedinas.com\/site\/#website","url":"https:\/\/noticiasmercedinas.com\/site\/","name":"NOTICIASMERCEDINAS.COM","description":"Mercedes, Buenos Aires, Argentina","publisher":{"@id":"https:\/\/noticiasmercedinas.com\/site\/#organization"},"potentialAction":[{"@type":"SearchAction","target":{"@type":"EntryPoint","urlTemplate":"https:\/\/noticiasmercedinas.com\/site\/?s={search_term_string}"},"query-input":{"@type":"PropertyValueSpecification","valueRequired":true,"valueName":"search_term_string"}}],"inLanguage":"es"},{"@type":"Organization","@id":"https:\/\/noticiasmercedinas.com\/site\/#organization","name":"NOTICIASMERCEDINAS.COM","url":"https:\/\/noticiasmercedinas.com\/site\/","logo":{"@type":"ImageObject","inLanguage":"es","@id":"https:\/\/noticiasmercedinas.com\/site\/#\/schema\/logo\/image\/","url":"https:\/\/noticiasmercedinas.com\/site\/wp-content\/uploads\/2020\/06\/LOGO-512.jpg","contentUrl":"https:\/\/noticiasmercedinas.com\/site\/wp-content\/uploads\/2020\/06\/LOGO-512.jpg","width":512,"height":512,"caption":"NOTICIASMERCEDINAS.COM"},"image":{"@id":"https:\/\/noticiasmercedinas.com\/site\/#\/schema\/logo\/image\/"},"sameAs":["https:\/\/www.facebook.com\/noticiasmercedinas\/","https:\/\/x.com\/notmercedinas","https:\/\/www.instagram.com\/noticiasmercedinas\/"]},{"@type":"Person","@id":"https:\/\/noticiasmercedinas.com\/site\/#\/schema\/person\/d481a9696a5feaec13a60e2bbd991a6a","name":"Cristian Falabella NOTICIASMERCEDINAS.COM","image":{"@type":"ImageObject","inLanguage":"es","@id":"https:\/\/secure.gravatar.com\/avatar\/0dbbfc45970cc46bcd0e57766228574ff3511d6eed045b182f536f0f478c1f06?s=96&d=mm&r=g","url":"https:\/\/secure.gravatar.com\/avatar\/0dbbfc45970cc46bcd0e57766228574ff3511d6eed045b182f536f0f478c1f06?s=96&d=mm&r=g","contentUrl":"https:\/\/secure.gravatar.com\/avatar\/0dbbfc45970cc46bcd0e57766228574ff3511d6eed045b182f536f0f478c1f06?s=96&d=mm&r=g","caption":"Cristian Falabella NOTICIASMERCEDINAS.COM"},"description":"Periodista, editor de Noticias Mercedinas. Pas\u00f3 por varias redacciones y emprendimientos de prensa, en distintos formatos y \u00e9pocas. Se especializ\u00f3 --y sigue haci\u00e9ndolo-- en comunicaci\u00f3n en la web y en junio de 2006 fund\u00f3 este diario digital.","sameAs":["https:\/\/noticiasmercedinas.com","https:\/\/www.facebook.com\/cristian.falabella","https:\/\/www.instagram.com\/noticiasmercedinas\/","https:\/\/x.com\/https:\/\/twitter.com\/NOTMERCEDINAS"],"url":"https:\/\/noticiasmercedinas.com\/site\/author\/as000384\/"}]}},"amp_enabled":true,"_links":{"self":[{"href":"https:\/\/noticiasmercedinas.com\/site\/wp-json\/wp\/v2\/posts\/11559","targetHints":{"allow":["GET"]}}],"collection":[{"href":"https:\/\/noticiasmercedinas.com\/site\/wp-json\/wp\/v2\/posts"}],"about":[{"href":"https:\/\/noticiasmercedinas.com\/site\/wp-json\/wp\/v2\/types\/post"}],"author":[{"embeddable":true,"href":"https:\/\/noticiasmercedinas.com\/site\/wp-json\/wp\/v2\/users\/2"}],"replies":[{"embeddable":true,"href":"https:\/\/noticiasmercedinas.com\/site\/wp-json\/wp\/v2\/comments?post=11559"}],"version-history":[{"count":0,"href":"https:\/\/noticiasmercedinas.com\/site\/wp-json\/wp\/v2\/posts\/11559\/revisions"}],"wp:featuredmedia":[{"embeddable":true,"href":"https:\/\/noticiasmercedinas.com\/site\/wp-json\/wp\/v2\/media\/11558"}],"wp:attachment":[{"href":"https:\/\/noticiasmercedinas.com\/site\/wp-json\/wp\/v2\/media?parent=11559"}],"wp:term":[{"taxonomy":"category","embeddable":true,"href":"https:\/\/noticiasmercedinas.com\/site\/wp-json\/wp\/v2\/categories?post=11559"},{"taxonomy":"post_tag","embeddable":true,"href":"https:\/\/noticiasmercedinas.com\/site\/wp-json\/wp\/v2\/tags?post=11559"}],"curies":[{"name":"wp","href":"https:\/\/api.w.org\/{rel}","templated":true}]}}