{"id":115595,"date":"2023-05-23T08:36:02","date_gmt":"2023-05-23T11:36:02","guid":{"rendered":"https:\/\/noticiasmercedinas.com\/site\/?p=115595"},"modified":"2023-05-23T08:36:02","modified_gmt":"2023-05-23T11:36:02","slug":"carlos-selva-ojala-sergio-massa-se-decidiera-para-ser-presidente","status":"publish","type":"post","link":"https:\/\/noticiasmercedinas.com\/site\/2023\/05\/23\/carlos-selva-ojala-sergio-massa-se-decidiera-para-ser-presidente\/","title":{"rendered":"Carlos Selva: \u00abOjal\u00e1 Sergio Massa se decidiera para ser presidente\u00bb"},"content":{"rendered":"<p><img loading=\"lazy\" decoding=\"async\" class=\"alignnone size-full wp-image-110155\" src=\"https:\/\/noticiasmercedinas.com\/site\/wp-content\/uploads\/2023\/03\/carlos_selvaIMG_6000.jpg\" alt=\"\" width=\"640\" height=\"427\" srcset=\"https:\/\/noticiasmercedinas.com\/site\/wp-content\/uploads\/2023\/03\/carlos_selvaIMG_6000.jpg 640w, https:\/\/noticiasmercedinas.com\/site\/wp-content\/uploads\/2023\/03\/carlos_selvaIMG_6000-300x200.jpg 300w\" sizes=\"auto, (max-width: 640px) 100vw, 640px\" \/><\/p>\n<p>En un comunicado donde resalta la figura de <strong>Cristina Kirchner<\/strong> por la construcci\u00f3n de 2019 y el rol del ministro de Econom\u00eda, <strong>Sergio Massa<\/strong>, por asumir el cargo en 2022, el Frente Renovador le pidi\u00f3 a Alberto Fern\u00e1ndez que convoque a una mesa pol\u00edtica.<\/p>\n<p>\u00abOjal\u00e1 Sergio se decidiera para ser presidente. Hay que tener un orden pol\u00edtico y generar confianza\u00bb, sostuvo en este sentido <strong>Carlos Selva<\/strong>, diputado del Frente Renovador, para quien \u201cmuchos dirigentes envidian la capacidad de Sergio Massa\u201d, ya que \u201c\u00e9l pone todo para cumplir cuando asume responsabilidades\u201d.<\/p>\n<blockquote><p>Seg\u00fan Selva, \u201cmuchos dirigentes envidian la capacidad de Sergio Massa\u201d, ya que \u201c\u00e9l pone todo para cumplir cuando asume responsabilidades\u201d.<\/p><\/blockquote>\n<p>\u201cEste es un momento muy complejo. Fijamos una posici\u00f3n p\u00fablica con respecto a nuestro espacio, pero no se puede agotar ah\u00ed el consenso. Hay temas que no se deben quedar en lo partidario, pensando en el beneficio de los argentinos\u201d, afirm\u00f3 Selva.<\/p>\n<p>\u201cEsta es una de las crisis econ\u00f3micas m\u00e1s complejas y requiere que de aqu\u00ed hacia adelante veamos qu\u00e9 le vamos a proponer a la sociedad,\u201d dijo Selva en <em>Radio Continental<\/em> y remarc\u00f3 que Cristina Fern\u00e1ndez \u201cfue sincera\u201d cuando dijo que \u201cel ministro Sergio Massa agarr\u00f3 una papa caliente\u201d.<\/p>\n<p><strong>El mensaje del Frente Renovador<br \/>\n<\/strong>Hace tres a\u00f1os el Frente Renovador fue parte fundacional de un espacio pol\u00edtico que naci\u00f3 del compromiso y la generosidad.<\/p>\n<p>En el 2019, la candidata con mayor representatividad social cedi\u00f3 espacio y, de la misma<br \/>\nmanera, todos cedimos para construir una coalici\u00f3n amplia y lograr confuir en el armado del Frente de Todos.<\/p>\n<p>De cara a estas elecciones, aspiramos a que se manifieste el mismo esp\u00edritu de unidad y generosidad para construir una estrategia competitiva. Una estrategia que surja de la capacidad de entender el voto estrat\u00e9gico que se expresa entre las PASO y la primera vuelta, y entre la primera y la segunda vuelta.<\/p>\n<p>Estamos convencidos y convencidas de que no existe orden econ\u00f3mico si no est\u00e1 acompa\u00f1ado de estabilidad pol\u00edtica. Con ese convencimiento como motor, es que el Frente Renovador ofreci\u00f3 a uno de sus mejores cuadros para presidir el Ministerio de Econom\u00eda, en uno de los momentos m\u00e1s \u00e1lgidos y delicados que le toc\u00f3 atravesar al pa\u00eds en los \u00faltimos tiempos. Cuando muchos hablaban de asamblea legislativa y helic\u00f3ptero, se abandon\u00f3 la comodidad del di\u00e1logo parlamentario para pasar a la acci\u00f3n, logrando contener la crisis.<\/p>\n<p>Lo que pretendemos es que esa acci\u00f3n no se vea lastimada por diferencias internas que pongan en riesgo la estabilidad econ\u00f3mica necesaria para culminar esta etapa de gobierno y empezar el nuevo sendero de crecimiento y desarrollo que precisa la Argentina.<br \/>\nnormativa de uso redes sociales julio 2020<\/p>\n<p>Asimismo, es necesario poner en evidencia que el pa\u00eds atraviesa una de las peores sequ\u00edas de su historia y, por lo tanto, resulta imperativo encauzar los mayores esfuerzos de Gobierno en encontrar instrumentos para compensar las consecuencias sin costos sociales.<\/p>\n<p>Para finalizar, le solicitamos al presidente del Partido Justicialista, como la fuerza pol\u00edtica m\u00e1s importante del Frente de Todos, que convoque a los principales referentes de la coalici\u00f3n de manera individual, as\u00ed como tambi\u00e9n a una mesa de fuerzas pol\u00edticas, a los efectos de discutir y dise\u00f1ar, en conjunto, la mejor estrategia de cara a este proceso eleccionario.<\/p>\n<p>Estar a la altura del momento hist\u00f3rico requiere del esfuerzo de todos y de todas para hacer prevalecer la generosidad, el compromiso y la construcci\u00f3n colectiva de un proyecto competitivo, que le devuelva a los argentinos y argentinas la esperanza y la posibilidad de creer en un mejor pa\u00eds.<\/p>\n<p><em>Rub\u00e9n Eslaiman, <\/em><em>Presidente FR Buenos Aires<\/em><br \/>\n<em>Pablo Mirolo, <\/em><em>Presidente FR Nacional<\/em><br \/>\n<em>Cecilia Moreau<\/em><br \/>\n<em>Carlos Selva<\/em><br \/>\n<em>Juan Andreotti<\/em><br \/>\n<em>Mariano Arcioni<\/em><\/p>\n","protected":false},"excerpt":{"rendered":"<p>\u25a0 El diputado remarc\u00f3 que Cristina Fern\u00e1ndez \u201cfue sincera\u201d cuando dijo que \u201cel ministro Sergio Massa agarr\u00f3 una papa caliente\u201d. El Frente Renovador emiti\u00f3 un comunicado<\/p>\n","protected":false},"author":16,"featured_media":110155,"comment_status":"closed","ping_status":"closed","sticky":false,"template":"","format":"standard","meta":{"footnotes":""},"categories":[16],"tags":[318,14662,1276,1297],"class_list":["post-115595","post","type-post","status-publish","format-standard","has-post-thumbnail","hentry","category-politica","tag-carlos-selva","tag-elecciones-2023","tag-frente-renovador","tag-sergio-massa"],"yoast_head":"<!-- This site is optimized with the Yoast SEO plugin v27.4 - https:\/\/yoast.com\/product\/yoast-seo-wordpress\/ -->\n<title>Carlos Selva: &quot;Ojal\u00e1 Sergio Massa se decidiera para ser presidente&quot;<\/title>\n<meta name=\"robots\" content=\"index, follow, max-snippet:-1, max-image-preview:large, max-video-preview:-1\" \/>\n<link rel=\"canonical\" href=\"https:\/\/noticiasmercedinas.com\/site\/2023\/05\/23\/carlos-selva-ojala-sergio-massa-se-decidiera-para-ser-presidente\/\" \/>\n<meta property=\"og:locale\" content=\"es_ES\" \/>\n<meta property=\"og:type\" content=\"article\" \/>\n<meta property=\"og:title\" content=\"Carlos Selva: &quot;Ojal\u00e1 Sergio Massa se decidiera para ser presidente&quot;\" \/>\n<meta property=\"og:description\" content=\"\u25a0 El diputado remarc\u00f3 que Cristina Fern\u00e1ndez \u201cfue sincera\u201d cuando dijo que \u201cel ministro Sergio Massa agarr\u00f3 una papa caliente\u201d. El Frente Renovador emiti\u00f3 un comunicado\" \/>\n<meta property=\"og:url\" content=\"https:\/\/noticiasmercedinas.com\/site\/2023\/05\/23\/carlos-selva-ojala-sergio-massa-se-decidiera-para-ser-presidente\/\" \/>\n<meta property=\"og:site_name\" content=\"NOTICIASMERCEDINAS.COM\" \/>\n<meta property=\"article:publisher\" content=\"https:\/\/www.facebook.com\/noticiasmercedinas\/\" \/>\n<meta property=\"article:published_time\" content=\"2023-05-23T11:36:02+00:00\" \/>\n<meta property=\"og:image\" content=\"https:\/\/noticiasmercedinas.com\/site\/wp-content\/uploads\/2023\/03\/carlos_selvaIMG_6000.jpg\" \/>\n\t<meta property=\"og:image:width\" content=\"640\" \/>\n\t<meta property=\"og:image:height\" content=\"427\" \/>\n\t<meta property=\"og:image:type\" content=\"image\/jpeg\" \/>\n<meta name=\"author\" content=\"NOTICIASMERCEDINAS.COM\" \/>\n<meta name=\"twitter:card\" content=\"summary_large_image\" \/>\n<meta name=\"twitter:creator\" content=\"@notmercedinas\" \/>\n<meta name=\"twitter:site\" content=\"@notmercedinas\" \/>\n<meta name=\"twitter:label1\" content=\"Escrito por\" \/>\n\t<meta name=\"twitter:data1\" content=\"NOTICIASMERCEDINAS.COM\" \/>\n\t<meta name=\"twitter:label2\" content=\"Tiempo de lectura\" \/>\n\t<meta name=\"twitter:data2\" content=\"3 minutos\" \/>\n<script type=\"application\/ld+json\" class=\"yoast-schema-graph\">{\"@context\":\"https:\\\/\\\/schema.org\",\"@graph\":[{\"@type\":\"Article\",\"@id\":\"https:\\\/\\\/noticiasmercedinas.com\\\/site\\\/2023\\\/05\\\/23\\\/carlos-selva-ojala-sergio-massa-se-decidiera-para-ser-presidente\\\/#article\",\"isPartOf\":{\"@id\":\"https:\\\/\\\/noticiasmercedinas.com\\\/site\\\/2023\\\/05\\\/23\\\/carlos-selva-ojala-sergio-massa-se-decidiera-para-ser-presidente\\\/\"},\"author\":{\"name\":\"NOTICIASMERCEDINAS.COM\",\"@id\":\"https:\\\/\\\/noticiasmercedinas.com\\\/site\\\/#\\\/schema\\\/person\\\/84b59c099c28ff2e8b77d4ceec5d8063\"},\"headline\":\"Carlos Selva: \u00abOjal\u00e1 Sergio Massa se decidiera para ser presidente\u00bb\",\"datePublished\":\"2023-05-23T11:36:02+00:00\",\"mainEntityOfPage\":{\"@id\":\"https:\\\/\\\/noticiasmercedinas.com\\\/site\\\/2023\\\/05\\\/23\\\/carlos-selva-ojala-sergio-massa-se-decidiera-para-ser-presidente\\\/\"},\"wordCount\":652,\"publisher\":{\"@id\":\"https:\\\/\\\/noticiasmercedinas.com\\\/site\\\/#organization\"},\"image\":{\"@id\":\"https:\\\/\\\/noticiasmercedinas.com\\\/site\\\/2023\\\/05\\\/23\\\/carlos-selva-ojala-sergio-massa-se-decidiera-para-ser-presidente\\\/#primaryimage\"},\"thumbnailUrl\":\"https:\\\/\\\/noticiasmercedinas.com\\\/site\\\/wp-content\\\/uploads\\\/2023\\\/03\\\/carlos_selvaIMG_6000.jpg\",\"keywords\":[\"carlos selva\",\"elecciones 2023\",\"frente renovador\",\"sergio massa\"],\"articleSection\":[\"Politica\"],\"inLanguage\":\"es\"},{\"@type\":\"WebPage\",\"@id\":\"https:\\\/\\\/noticiasmercedinas.com\\\/site\\\/2023\\\/05\\\/23\\\/carlos-selva-ojala-sergio-massa-se-decidiera-para-ser-presidente\\\/\",\"url\":\"https:\\\/\\\/noticiasmercedinas.com\\\/site\\\/2023\\\/05\\\/23\\\/carlos-selva-ojala-sergio-massa-se-decidiera-para-ser-presidente\\\/\",\"name\":\"Carlos Selva: \\\"Ojal\u00e1 Sergio Massa se decidiera para ser presidente\\\"\",\"isPartOf\":{\"@id\":\"https:\\\/\\\/noticiasmercedinas.com\\\/site\\\/#website\"},\"primaryImageOfPage\":{\"@id\":\"https:\\\/\\\/noticiasmercedinas.com\\\/site\\\/2023\\\/05\\\/23\\\/carlos-selva-ojala-sergio-massa-se-decidiera-para-ser-presidente\\\/#primaryimage\"},\"image\":{\"@id\":\"https:\\\/\\\/noticiasmercedinas.com\\\/site\\\/2023\\\/05\\\/23\\\/carlos-selva-ojala-sergio-massa-se-decidiera-para-ser-presidente\\\/#primaryimage\"},\"thumbnailUrl\":\"https:\\\/\\\/noticiasmercedinas.com\\\/site\\\/wp-content\\\/uploads\\\/2023\\\/03\\\/carlos_selvaIMG_6000.jpg\",\"datePublished\":\"2023-05-23T11:36:02+00:00\",\"breadcrumb\":{\"@id\":\"https:\\\/\\\/noticiasmercedinas.com\\\/site\\\/2023\\\/05\\\/23\\\/carlos-selva-ojala-sergio-massa-se-decidiera-para-ser-presidente\\\/#breadcrumb\"},\"inLanguage\":\"es\",\"potentialAction\":[{\"@type\":\"ReadAction\",\"target\":[\"https:\\\/\\\/noticiasmercedinas.com\\\/site\\\/2023\\\/05\\\/23\\\/carlos-selva-ojala-sergio-massa-se-decidiera-para-ser-presidente\\\/\"]}]},{\"@type\":\"ImageObject\",\"inLanguage\":\"es\",\"@id\":\"https:\\\/\\\/noticiasmercedinas.com\\\/site\\\/2023\\\/05\\\/23\\\/carlos-selva-ojala-sergio-massa-se-decidiera-para-ser-presidente\\\/#primaryimage\",\"url\":\"https:\\\/\\\/noticiasmercedinas.com\\\/site\\\/wp-content\\\/uploads\\\/2023\\\/03\\\/carlos_selvaIMG_6000.jpg\",\"contentUrl\":\"https:\\\/\\\/noticiasmercedinas.com\\\/site\\\/wp-content\\\/uploads\\\/2023\\\/03\\\/carlos_selvaIMG_6000.jpg\",\"width\":640,\"height\":427},{\"@type\":\"BreadcrumbList\",\"@id\":\"https:\\\/\\\/noticiasmercedinas.com\\\/site\\\/2023\\\/05\\\/23\\\/carlos-selva-ojala-sergio-massa-se-decidiera-para-ser-presidente\\\/#breadcrumb\",\"itemListElement\":[{\"@type\":\"ListItem\",\"position\":1,\"name\":\"Portada\",\"item\":\"https:\\\/\\\/noticiasmercedinas.com\\\/site\\\/\"},{\"@type\":\"ListItem\",\"position\":2,\"name\":\"Carlos Selva: \u00abOjal\u00e1 Sergio Massa se decidiera para ser presidente\u00bb\"}]},{\"@type\":\"WebSite\",\"@id\":\"https:\\\/\\\/noticiasmercedinas.com\\\/site\\\/#website\",\"url\":\"https:\\\/\\\/noticiasmercedinas.com\\\/site\\\/\",\"name\":\"NOTICIASMERCEDINAS.COM\",\"description\":\"Mercedes, Buenos Aires, Argentina\",\"publisher\":{\"@id\":\"https:\\\/\\\/noticiasmercedinas.com\\\/site\\\/#organization\"},\"potentialAction\":[{\"@type\":\"SearchAction\",\"target\":{\"@type\":\"EntryPoint\",\"urlTemplate\":\"https:\\\/\\\/noticiasmercedinas.com\\\/site\\\/?s={search_term_string}\"},\"query-input\":{\"@type\":\"PropertyValueSpecification\",\"valueRequired\":true,\"valueName\":\"search_term_string\"}}],\"inLanguage\":\"es\"},{\"@type\":\"Organization\",\"@id\":\"https:\\\/\\\/noticiasmercedinas.com\\\/site\\\/#organization\",\"name\":\"NOTICIASMERCEDINAS.COM\",\"url\":\"https:\\\/\\\/noticiasmercedinas.com\\\/site\\\/\",\"logo\":{\"@type\":\"ImageObject\",\"inLanguage\":\"es\",\"@id\":\"https:\\\/\\\/noticiasmercedinas.com\\\/site\\\/#\\\/schema\\\/logo\\\/image\\\/\",\"url\":\"https:\\\/\\\/noticiasmercedinas.com\\\/site\\\/wp-content\\\/uploads\\\/2020\\\/06\\\/LOGO-512.jpg\",\"contentUrl\":\"https:\\\/\\\/noticiasmercedinas.com\\\/site\\\/wp-content\\\/uploads\\\/2020\\\/06\\\/LOGO-512.jpg\",\"width\":512,\"height\":512,\"caption\":\"NOTICIASMERCEDINAS.COM\"},\"image\":{\"@id\":\"https:\\\/\\\/noticiasmercedinas.com\\\/site\\\/#\\\/schema\\\/logo\\\/image\\\/\"},\"sameAs\":[\"https:\\\/\\\/www.facebook.com\\\/noticiasmercedinas\\\/\",\"https:\\\/\\\/x.com\\\/notmercedinas\",\"https:\\\/\\\/www.instagram.com\\\/noticiasmercedinas\\\/\"]},{\"@type\":\"Person\",\"@id\":\"https:\\\/\\\/noticiasmercedinas.com\\\/site\\\/#\\\/schema\\\/person\\\/84b59c099c28ff2e8b77d4ceec5d8063\",\"name\":\"NOTICIASMERCEDINAS.COM\",\"image\":{\"@type\":\"ImageObject\",\"inLanguage\":\"es\",\"@id\":\"https:\\\/\\\/secure.gravatar.com\\\/avatar\\\/4dfbf16b4d17945bfb6341b2d19043457132fcf478a5ee04f42e959fd8f5df0a?s=96&d=mm&r=g\",\"url\":\"https:\\\/\\\/secure.gravatar.com\\\/avatar\\\/4dfbf16b4d17945bfb6341b2d19043457132fcf478a5ee04f42e959fd8f5df0a?s=96&d=mm&r=g\",\"contentUrl\":\"https:\\\/\\\/secure.gravatar.com\\\/avatar\\\/4dfbf16b4d17945bfb6341b2d19043457132fcf478a5ee04f42e959fd8f5df0a?s=96&d=mm&r=g\",\"caption\":\"NOTICIASMERCEDINAS.COM\"},\"url\":\"https:\\\/\\\/noticiasmercedinas.com\\\/site\\\/author\\\/anonimo\\\/\"}]}<\/script>\n<!-- \/ Yoast SEO plugin. -->","yoast_head_json":{"title":"Carlos Selva: \"Ojal\u00e1 Sergio Massa se decidiera para ser presidente\"","robots":{"index":"index","follow":"follow","max-snippet":"max-snippet:-1","max-image-preview":"max-image-preview:large","max-video-preview":"max-video-preview:-1"},"canonical":"https:\/\/noticiasmercedinas.com\/site\/2023\/05\/23\/carlos-selva-ojala-sergio-massa-se-decidiera-para-ser-presidente\/","og_locale":"es_ES","og_type":"article","og_title":"Carlos Selva: \"Ojal\u00e1 Sergio Massa se decidiera para ser presidente\"","og_description":"\u25a0 El diputado remarc\u00f3 que Cristina Fern\u00e1ndez \u201cfue sincera\u201d cuando dijo que \u201cel ministro Sergio Massa agarr\u00f3 una papa caliente\u201d. El Frente Renovador emiti\u00f3 un comunicado","og_url":"https:\/\/noticiasmercedinas.com\/site\/2023\/05\/23\/carlos-selva-ojala-sergio-massa-se-decidiera-para-ser-presidente\/","og_site_name":"NOTICIASMERCEDINAS.COM","article_publisher":"https:\/\/www.facebook.com\/noticiasmercedinas\/","article_published_time":"2023-05-23T11:36:02+00:00","og_image":[{"width":640,"height":427,"url":"https:\/\/noticiasmercedinas.com\/site\/wp-content\/uploads\/2023\/03\/carlos_selvaIMG_6000.jpg","type":"image\/jpeg"}],"author":"NOTICIASMERCEDINAS.COM","twitter_card":"summary_large_image","twitter_creator":"@notmercedinas","twitter_site":"@notmercedinas","twitter_misc":{"Escrito por":"NOTICIASMERCEDINAS.COM","Tiempo de lectura":"3 minutos"},"schema":{"@context":"https:\/\/schema.org","@graph":[{"@type":"Article","@id":"https:\/\/noticiasmercedinas.com\/site\/2023\/05\/23\/carlos-selva-ojala-sergio-massa-se-decidiera-para-ser-presidente\/#article","isPartOf":{"@id":"https:\/\/noticiasmercedinas.com\/site\/2023\/05\/23\/carlos-selva-ojala-sergio-massa-se-decidiera-para-ser-presidente\/"},"author":{"name":"NOTICIASMERCEDINAS.COM","@id":"https:\/\/noticiasmercedinas.com\/site\/#\/schema\/person\/84b59c099c28ff2e8b77d4ceec5d8063"},"headline":"Carlos Selva: \u00abOjal\u00e1 Sergio Massa se decidiera para ser presidente\u00bb","datePublished":"2023-05-23T11:36:02+00:00","mainEntityOfPage":{"@id":"https:\/\/noticiasmercedinas.com\/site\/2023\/05\/23\/carlos-selva-ojala-sergio-massa-se-decidiera-para-ser-presidente\/"},"wordCount":652,"publisher":{"@id":"https:\/\/noticiasmercedinas.com\/site\/#organization"},"image":{"@id":"https:\/\/noticiasmercedinas.com\/site\/2023\/05\/23\/carlos-selva-ojala-sergio-massa-se-decidiera-para-ser-presidente\/#primaryimage"},"thumbnailUrl":"https:\/\/noticiasmercedinas.com\/site\/wp-content\/uploads\/2023\/03\/carlos_selvaIMG_6000.jpg","keywords":["carlos selva","elecciones 2023","frente renovador","sergio massa"],"articleSection":["Politica"],"inLanguage":"es"},{"@type":"WebPage","@id":"https:\/\/noticiasmercedinas.com\/site\/2023\/05\/23\/carlos-selva-ojala-sergio-massa-se-decidiera-para-ser-presidente\/","url":"https:\/\/noticiasmercedinas.com\/site\/2023\/05\/23\/carlos-selva-ojala-sergio-massa-se-decidiera-para-ser-presidente\/","name":"Carlos Selva: \"Ojal\u00e1 Sergio Massa se decidiera para ser presidente\"","isPartOf":{"@id":"https:\/\/noticiasmercedinas.com\/site\/#website"},"primaryImageOfPage":{"@id":"https:\/\/noticiasmercedinas.com\/site\/2023\/05\/23\/carlos-selva-ojala-sergio-massa-se-decidiera-para-ser-presidente\/#primaryimage"},"image":{"@id":"https:\/\/noticiasmercedinas.com\/site\/2023\/05\/23\/carlos-selva-ojala-sergio-massa-se-decidiera-para-ser-presidente\/#primaryimage"},"thumbnailUrl":"https:\/\/noticiasmercedinas.com\/site\/wp-content\/uploads\/2023\/03\/carlos_selvaIMG_6000.jpg","datePublished":"2023-05-23T11:36:02+00:00","breadcrumb":{"@id":"https:\/\/noticiasmercedinas.com\/site\/2023\/05\/23\/carlos-selva-ojala-sergio-massa-se-decidiera-para-ser-presidente\/#breadcrumb"},"inLanguage":"es","potentialAction":[{"@type":"ReadAction","target":["https:\/\/noticiasmercedinas.com\/site\/2023\/05\/23\/carlos-selva-ojala-sergio-massa-se-decidiera-para-ser-presidente\/"]}]},{"@type":"ImageObject","inLanguage":"es","@id":"https:\/\/noticiasmercedinas.com\/site\/2023\/05\/23\/carlos-selva-ojala-sergio-massa-se-decidiera-para-ser-presidente\/#primaryimage","url":"https:\/\/noticiasmercedinas.com\/site\/wp-content\/uploads\/2023\/03\/carlos_selvaIMG_6000.jpg","contentUrl":"https:\/\/noticiasmercedinas.com\/site\/wp-content\/uploads\/2023\/03\/carlos_selvaIMG_6000.jpg","width":640,"height":427},{"@type":"BreadcrumbList","@id":"https:\/\/noticiasmercedinas.com\/site\/2023\/05\/23\/carlos-selva-ojala-sergio-massa-se-decidiera-para-ser-presidente\/#breadcrumb","itemListElement":[{"@type":"ListItem","position":1,"name":"Portada","item":"https:\/\/noticiasmercedinas.com\/site\/"},{"@type":"ListItem","position":2,"name":"Carlos Selva: \u00abOjal\u00e1 Sergio Massa se decidiera para ser presidente\u00bb"}]},{"@type":"WebSite","@id":"https:\/\/noticiasmercedinas.com\/site\/#website","url":"https:\/\/noticiasmercedinas.com\/site\/","name":"NOTICIASMERCEDINAS.COM","description":"Mercedes, Buenos Aires, Argentina","publisher":{"@id":"https:\/\/noticiasmercedinas.com\/site\/#organization"},"potentialAction":[{"@type":"SearchAction","target":{"@type":"EntryPoint","urlTemplate":"https:\/\/noticiasmercedinas.com\/site\/?s={search_term_string}"},"query-input":{"@type":"PropertyValueSpecification","valueRequired":true,"valueName":"search_term_string"}}],"inLanguage":"es"},{"@type":"Organization","@id":"https:\/\/noticiasmercedinas.com\/site\/#organization","name":"NOTICIASMERCEDINAS.COM","url":"https:\/\/noticiasmercedinas.com\/site\/","logo":{"@type":"ImageObject","inLanguage":"es","@id":"https:\/\/noticiasmercedinas.com\/site\/#\/schema\/logo\/image\/","url":"https:\/\/noticiasmercedinas.com\/site\/wp-content\/uploads\/2020\/06\/LOGO-512.jpg","contentUrl":"https:\/\/noticiasmercedinas.com\/site\/wp-content\/uploads\/2020\/06\/LOGO-512.jpg","width":512,"height":512,"caption":"NOTICIASMERCEDINAS.COM"},"image":{"@id":"https:\/\/noticiasmercedinas.com\/site\/#\/schema\/logo\/image\/"},"sameAs":["https:\/\/www.facebook.com\/noticiasmercedinas\/","https:\/\/x.com\/notmercedinas","https:\/\/www.instagram.com\/noticiasmercedinas\/"]},{"@type":"Person","@id":"https:\/\/noticiasmercedinas.com\/site\/#\/schema\/person\/84b59c099c28ff2e8b77d4ceec5d8063","name":"NOTICIASMERCEDINAS.COM","image":{"@type":"ImageObject","inLanguage":"es","@id":"https:\/\/secure.gravatar.com\/avatar\/4dfbf16b4d17945bfb6341b2d19043457132fcf478a5ee04f42e959fd8f5df0a?s=96&d=mm&r=g","url":"https:\/\/secure.gravatar.com\/avatar\/4dfbf16b4d17945bfb6341b2d19043457132fcf478a5ee04f42e959fd8f5df0a?s=96&d=mm&r=g","contentUrl":"https:\/\/secure.gravatar.com\/avatar\/4dfbf16b4d17945bfb6341b2d19043457132fcf478a5ee04f42e959fd8f5df0a?s=96&d=mm&r=g","caption":"NOTICIASMERCEDINAS.COM"},"url":"https:\/\/noticiasmercedinas.com\/site\/author\/anonimo\/"}]}},"amp_enabled":true,"_links":{"self":[{"href":"https:\/\/noticiasmercedinas.com\/site\/wp-json\/wp\/v2\/posts\/115595","targetHints":{"allow":["GET"]}}],"collection":[{"href":"https:\/\/noticiasmercedinas.com\/site\/wp-json\/wp\/v2\/posts"}],"about":[{"href":"https:\/\/noticiasmercedinas.com\/site\/wp-json\/wp\/v2\/types\/post"}],"author":[{"embeddable":true,"href":"https:\/\/noticiasmercedinas.com\/site\/wp-json\/wp\/v2\/users\/16"}],"replies":[{"embeddable":true,"href":"https:\/\/noticiasmercedinas.com\/site\/wp-json\/wp\/v2\/comments?post=115595"}],"version-history":[{"count":1,"href":"https:\/\/noticiasmercedinas.com\/site\/wp-json\/wp\/v2\/posts\/115595\/revisions"}],"predecessor-version":[{"id":115596,"href":"https:\/\/noticiasmercedinas.com\/site\/wp-json\/wp\/v2\/posts\/115595\/revisions\/115596"}],"wp:featuredmedia":[{"embeddable":true,"href":"https:\/\/noticiasmercedinas.com\/site\/wp-json\/wp\/v2\/media\/110155"}],"wp:attachment":[{"href":"https:\/\/noticiasmercedinas.com\/site\/wp-json\/wp\/v2\/media?parent=115595"}],"wp:term":[{"taxonomy":"category","embeddable":true,"href":"https:\/\/noticiasmercedinas.com\/site\/wp-json\/wp\/v2\/categories?post=115595"},{"taxonomy":"post_tag","embeddable":true,"href":"https:\/\/noticiasmercedinas.com\/site\/wp-json\/wp\/v2\/tags?post=115595"}],"curies":[{"name":"wp","href":"https:\/\/api.w.org\/{rel}","templated":true}]}}