{"id":115729,"date":"2023-05-25T10:29:03","date_gmt":"2023-05-25T13:29:03","guid":{"rendered":"https:\/\/noticiasmercedinas.com\/site\/?p=115729"},"modified":"2023-05-25T10:30:36","modified_gmt":"2023-05-25T13:30:36","slug":"tras-investigacion-detienen-a-mercedino-autor-de-robo-en-barrio-san-antonio","status":"publish","type":"post","link":"https:\/\/noticiasmercedinas.com\/site\/2023\/05\/25\/tras-investigacion-detienen-a-mercedino-autor-de-robo-en-barrio-san-antonio\/","title":{"rendered":"Tras investigaci\u00f3n, detienen a mercedino autor de robo en barrio Santa Teresita"},"content":{"rendered":"<p><img loading=\"lazy\" decoding=\"async\" class=\"alignnone size-full wp-image-115730\" src=\"https:\/\/noticiasmercedinas.com\/site\/wp-content\/uploads\/2023\/05\/objetos.jpg\" alt=\"\" width=\"640\" height=\"452\" srcset=\"https:\/\/noticiasmercedinas.com\/site\/wp-content\/uploads\/2023\/05\/objetos.jpg 640w, https:\/\/noticiasmercedinas.com\/site\/wp-content\/uploads\/2023\/05\/objetos-300x212.jpg 300w\" sizes=\"auto, (max-width: 640px) 100vw, 640px\" \/><\/p>\n<p>Un sujeto que viv\u00eda a pocas cuadras de la casa que rob\u00f3 fue detenido como sospechoso, tras investigaci\u00f3n de lo sucedido.<\/p>\n<p>En marzo se concret\u00f3 un acto delictivo y por entonces a instancias del trabajo de la Justicia y la Polic\u00eda Comunal se abri\u00f3 una investigaci\u00f3n y se concretaron allanamientos que incluyeron acciones de la divisi\u00f3n cient\u00edfica que detectaron huellas digitales en el lugar del hecho. Con ese dato los efectivos continuaron la pesquisa, y finalmente, lograron detener al autor. Ya hab\u00edan recuperado bienes para sus leg\u00edtimos propietarios, pero ahora se supo que lograron cerrar el caso.<\/p>\n<p>Semanas atr\u00e1s en una vivienda del barrio Santa Teresita se roban algunos objetos. La denuncia permiti\u00f3 que la polic\u00eda iniciara la investigaci\u00f3n y entre las acciones ejecutadas se encontr\u00f3 la toma de diversas muestras de car\u00e1cter cient\u00edfico, por lo que una huella digital permiti\u00f3 rastrear en la base de datos policial y determinar una identidad.<\/p>\n<p>Fue entonces que la polic\u00eda concret\u00f3 un allanamiento en nuestra ciudad, recuperando algunos de los elementos sustra\u00eddos a sus leg\u00edtimos propietarios.<\/p>\n<p>Finalmente, el sujeto, que viv\u00eda a pocas cuadras del lugar donde coment\u00f3 el acto delictivo, fue detenido y ahora se encuentra a disposici\u00f3n de la justicia.<\/p>\n<p>Entre los objetos robados, f\u00e1cilmente identificables, la polic\u00eda pudo recuperar un viol\u00edn, su estuche y un equipo de sonido.<\/p>\n","protected":false},"excerpt":{"rendered":"<p>\u25a0 La polic\u00eda concret\u00f3 un allanamiento en nuestra ciudad, recuperando algunos de los elementos sustra\u00eddos. Ahora una huella digital pone al sospechoso a disposici\u00f3n de la justicia.<\/p>\n","protected":false},"author":16,"featured_media":115730,"comment_status":"closed","ping_status":"closed","sticky":false,"template":"","format":"standard","meta":{"footnotes":""},"categories":[7],"tags":[3462,524,688,425,233,47],"class_list":["post-115729","post","type-post","status-publish","format-standard","has-post-thumbnail","hentry","category-policiales","tag-delito","tag-justicia","tag-policia","tag-robo","tag-santa-teresita","tag-seguridad"],"yoast_head":"<!-- This site is optimized with the Yoast SEO plugin v27.5 - https:\/\/yoast.com\/product\/yoast-seo-wordpress\/ -->\n<title>Tras investigaci\u00f3n, detienen a mercedino autor de robo en barrio Santa Teresita<\/title>\n<meta name=\"robots\" content=\"index, follow, max-snippet:-1, max-image-preview:large, max-video-preview:-1\" \/>\n<link rel=\"canonical\" href=\"https:\/\/noticiasmercedinas.com\/site\/2023\/05\/25\/tras-investigacion-detienen-a-mercedino-autor-de-robo-en-barrio-san-antonio\/\" \/>\n<meta property=\"og:locale\" content=\"es_ES\" \/>\n<meta property=\"og:type\" content=\"article\" \/>\n<meta property=\"og:title\" content=\"Tras investigaci\u00f3n, detienen a mercedino autor de robo en barrio Santa Teresita\" \/>\n<meta property=\"og:description\" content=\"\u25a0 La polic\u00eda concret\u00f3 un allanamiento en nuestra ciudad, recuperando algunos de los elementos sustra\u00eddos. Ahora una huella digital pone al sospechoso a disposici\u00f3n de la justicia.\" \/>\n<meta property=\"og:url\" content=\"https:\/\/noticiasmercedinas.com\/site\/2023\/05\/25\/tras-investigacion-detienen-a-mercedino-autor-de-robo-en-barrio-san-antonio\/\" \/>\n<meta property=\"og:site_name\" content=\"NOTICIASMERCEDINAS.COM\" \/>\n<meta property=\"article:publisher\" content=\"https:\/\/www.facebook.com\/noticiasmercedinas\/\" \/>\n<meta property=\"article:published_time\" content=\"2023-05-25T13:29:03+00:00\" \/>\n<meta property=\"article:modified_time\" content=\"2023-05-25T13:30:36+00:00\" \/>\n<meta property=\"og:image\" content=\"https:\/\/noticiasmercedinas.com\/site\/wp-content\/uploads\/2023\/05\/objetos.jpg\" \/>\n\t<meta property=\"og:image:width\" content=\"640\" \/>\n\t<meta property=\"og:image:height\" content=\"452\" \/>\n\t<meta property=\"og:image:type\" content=\"image\/jpeg\" \/>\n<meta name=\"author\" content=\"NOTICIASMERCEDINAS.COM\" \/>\n<meta name=\"twitter:card\" content=\"summary_large_image\" \/>\n<meta name=\"twitter:creator\" content=\"@notmercedinas\" \/>\n<meta name=\"twitter:site\" content=\"@notmercedinas\" \/>\n<meta name=\"twitter:label1\" content=\"Escrito por\" \/>\n\t<meta name=\"twitter:data1\" content=\"NOTICIASMERCEDINAS.COM\" \/>\n\t<meta name=\"twitter:label2\" content=\"Tiempo de lectura\" \/>\n\t<meta name=\"twitter:data2\" content=\"2 minutos\" \/>\n<script type=\"application\/ld+json\" class=\"yoast-schema-graph\">{\"@context\":\"https:\\\/\\\/schema.org\",\"@graph\":[{\"@type\":\"Article\",\"@id\":\"https:\\\/\\\/noticiasmercedinas.com\\\/site\\\/2023\\\/05\\\/25\\\/tras-investigacion-detienen-a-mercedino-autor-de-robo-en-barrio-san-antonio\\\/#article\",\"isPartOf\":{\"@id\":\"https:\\\/\\\/noticiasmercedinas.com\\\/site\\\/2023\\\/05\\\/25\\\/tras-investigacion-detienen-a-mercedino-autor-de-robo-en-barrio-san-antonio\\\/\"},\"author\":{\"name\":\"NOTICIASMERCEDINAS.COM\",\"@id\":\"https:\\\/\\\/noticiasmercedinas.com\\\/site\\\/#\\\/schema\\\/person\\\/84b59c099c28ff2e8b77d4ceec5d8063\"},\"headline\":\"Tras investigaci\u00f3n, detienen a mercedino autor de robo en barrio Santa Teresita\",\"datePublished\":\"2023-05-25T13:29:03+00:00\",\"dateModified\":\"2023-05-25T13:30:36+00:00\",\"mainEntityOfPage\":{\"@id\":\"https:\\\/\\\/noticiasmercedinas.com\\\/site\\\/2023\\\/05\\\/25\\\/tras-investigacion-detienen-a-mercedino-autor-de-robo-en-barrio-san-antonio\\\/\"},\"wordCount\":252,\"publisher\":{\"@id\":\"https:\\\/\\\/noticiasmercedinas.com\\\/site\\\/#organization\"},\"image\":{\"@id\":\"https:\\\/\\\/noticiasmercedinas.com\\\/site\\\/2023\\\/05\\\/25\\\/tras-investigacion-detienen-a-mercedino-autor-de-robo-en-barrio-san-antonio\\\/#primaryimage\"},\"thumbnailUrl\":\"https:\\\/\\\/noticiasmercedinas.com\\\/site\\\/wp-content\\\/uploads\\\/2023\\\/05\\\/objetos.jpg\",\"keywords\":[\"delito\",\"justicia\",\"Polic\u00eda\",\"robo\",\"santa teresita\",\"seguridad\"],\"articleSection\":[\"Seguridad\"],\"inLanguage\":\"es\"},{\"@type\":\"WebPage\",\"@id\":\"https:\\\/\\\/noticiasmercedinas.com\\\/site\\\/2023\\\/05\\\/25\\\/tras-investigacion-detienen-a-mercedino-autor-de-robo-en-barrio-san-antonio\\\/\",\"url\":\"https:\\\/\\\/noticiasmercedinas.com\\\/site\\\/2023\\\/05\\\/25\\\/tras-investigacion-detienen-a-mercedino-autor-de-robo-en-barrio-san-antonio\\\/\",\"name\":\"Tras investigaci\u00f3n, detienen a mercedino autor de robo en barrio Santa Teresita\",\"isPartOf\":{\"@id\":\"https:\\\/\\\/noticiasmercedinas.com\\\/site\\\/#website\"},\"primaryImageOfPage\":{\"@id\":\"https:\\\/\\\/noticiasmercedinas.com\\\/site\\\/2023\\\/05\\\/25\\\/tras-investigacion-detienen-a-mercedino-autor-de-robo-en-barrio-san-antonio\\\/#primaryimage\"},\"image\":{\"@id\":\"https:\\\/\\\/noticiasmercedinas.com\\\/site\\\/2023\\\/05\\\/25\\\/tras-investigacion-detienen-a-mercedino-autor-de-robo-en-barrio-san-antonio\\\/#primaryimage\"},\"thumbnailUrl\":\"https:\\\/\\\/noticiasmercedinas.com\\\/site\\\/wp-content\\\/uploads\\\/2023\\\/05\\\/objetos.jpg\",\"datePublished\":\"2023-05-25T13:29:03+00:00\",\"dateModified\":\"2023-05-25T13:30:36+00:00\",\"breadcrumb\":{\"@id\":\"https:\\\/\\\/noticiasmercedinas.com\\\/site\\\/2023\\\/05\\\/25\\\/tras-investigacion-detienen-a-mercedino-autor-de-robo-en-barrio-san-antonio\\\/#breadcrumb\"},\"inLanguage\":\"es\",\"potentialAction\":[{\"@type\":\"ReadAction\",\"target\":[\"https:\\\/\\\/noticiasmercedinas.com\\\/site\\\/2023\\\/05\\\/25\\\/tras-investigacion-detienen-a-mercedino-autor-de-robo-en-barrio-san-antonio\\\/\"]}]},{\"@type\":\"ImageObject\",\"inLanguage\":\"es\",\"@id\":\"https:\\\/\\\/noticiasmercedinas.com\\\/site\\\/2023\\\/05\\\/25\\\/tras-investigacion-detienen-a-mercedino-autor-de-robo-en-barrio-san-antonio\\\/#primaryimage\",\"url\":\"https:\\\/\\\/noticiasmercedinas.com\\\/site\\\/wp-content\\\/uploads\\\/2023\\\/05\\\/objetos.jpg\",\"contentUrl\":\"https:\\\/\\\/noticiasmercedinas.com\\\/site\\\/wp-content\\\/uploads\\\/2023\\\/05\\\/objetos.jpg\",\"width\":640,\"height\":452},{\"@type\":\"BreadcrumbList\",\"@id\":\"https:\\\/\\\/noticiasmercedinas.com\\\/site\\\/2023\\\/05\\\/25\\\/tras-investigacion-detienen-a-mercedino-autor-de-robo-en-barrio-san-antonio\\\/#breadcrumb\",\"itemListElement\":[{\"@type\":\"ListItem\",\"position\":1,\"name\":\"Portada\",\"item\":\"https:\\\/\\\/noticiasmercedinas.com\\\/site\\\/\"},{\"@type\":\"ListItem\",\"position\":2,\"name\":\"Tras investigaci\u00f3n, detienen a mercedino autor de robo en barrio Santa Teresita\"}]},{\"@type\":\"WebSite\",\"@id\":\"https:\\\/\\\/noticiasmercedinas.com\\\/site\\\/#website\",\"url\":\"https:\\\/\\\/noticiasmercedinas.com\\\/site\\\/\",\"name\":\"NOTICIASMERCEDINAS.COM\",\"description\":\"Mercedes, Buenos Aires, Argentina\",\"publisher\":{\"@id\":\"https:\\\/\\\/noticiasmercedinas.com\\\/site\\\/#organization\"},\"potentialAction\":[{\"@type\":\"SearchAction\",\"target\":{\"@type\":\"EntryPoint\",\"urlTemplate\":\"https:\\\/\\\/noticiasmercedinas.com\\\/site\\\/?s={search_term_string}\"},\"query-input\":{\"@type\":\"PropertyValueSpecification\",\"valueRequired\":true,\"valueName\":\"search_term_string\"}}],\"inLanguage\":\"es\"},{\"@type\":\"Organization\",\"@id\":\"https:\\\/\\\/noticiasmercedinas.com\\\/site\\\/#organization\",\"name\":\"NOTICIASMERCEDINAS.COM\",\"url\":\"https:\\\/\\\/noticiasmercedinas.com\\\/site\\\/\",\"logo\":{\"@type\":\"ImageObject\",\"inLanguage\":\"es\",\"@id\":\"https:\\\/\\\/noticiasmercedinas.com\\\/site\\\/#\\\/schema\\\/logo\\\/image\\\/\",\"url\":\"https:\\\/\\\/noticiasmercedinas.com\\\/site\\\/wp-content\\\/uploads\\\/2020\\\/06\\\/LOGO-512.jpg\",\"contentUrl\":\"https:\\\/\\\/noticiasmercedinas.com\\\/site\\\/wp-content\\\/uploads\\\/2020\\\/06\\\/LOGO-512.jpg\",\"width\":512,\"height\":512,\"caption\":\"NOTICIASMERCEDINAS.COM\"},\"image\":{\"@id\":\"https:\\\/\\\/noticiasmercedinas.com\\\/site\\\/#\\\/schema\\\/logo\\\/image\\\/\"},\"sameAs\":[\"https:\\\/\\\/www.facebook.com\\\/noticiasmercedinas\\\/\",\"https:\\\/\\\/x.com\\\/notmercedinas\",\"https:\\\/\\\/www.instagram.com\\\/noticiasmercedinas\\\/\"]},{\"@type\":\"Person\",\"@id\":\"https:\\\/\\\/noticiasmercedinas.com\\\/site\\\/#\\\/schema\\\/person\\\/84b59c099c28ff2e8b77d4ceec5d8063\",\"name\":\"NOTICIASMERCEDINAS.COM\",\"image\":{\"@type\":\"ImageObject\",\"inLanguage\":\"es\",\"@id\":\"https:\\\/\\\/secure.gravatar.com\\\/avatar\\\/4dfbf16b4d17945bfb6341b2d19043457132fcf478a5ee04f42e959fd8f5df0a?s=96&d=mm&r=g\",\"url\":\"https:\\\/\\\/secure.gravatar.com\\\/avatar\\\/4dfbf16b4d17945bfb6341b2d19043457132fcf478a5ee04f42e959fd8f5df0a?s=96&d=mm&r=g\",\"contentUrl\":\"https:\\\/\\\/secure.gravatar.com\\\/avatar\\\/4dfbf16b4d17945bfb6341b2d19043457132fcf478a5ee04f42e959fd8f5df0a?s=96&d=mm&r=g\",\"caption\":\"NOTICIASMERCEDINAS.COM\"},\"url\":\"https:\\\/\\\/noticiasmercedinas.com\\\/site\\\/author\\\/anonimo\\\/\"}]}<\/script>\n<!-- \/ Yoast SEO plugin. -->","yoast_head_json":{"title":"Tras investigaci\u00f3n, detienen a mercedino autor de robo en barrio Santa Teresita","robots":{"index":"index","follow":"follow","max-snippet":"max-snippet:-1","max-image-preview":"max-image-preview:large","max-video-preview":"max-video-preview:-1"},"canonical":"https:\/\/noticiasmercedinas.com\/site\/2023\/05\/25\/tras-investigacion-detienen-a-mercedino-autor-de-robo-en-barrio-san-antonio\/","og_locale":"es_ES","og_type":"article","og_title":"Tras investigaci\u00f3n, detienen a mercedino autor de robo en barrio Santa Teresita","og_description":"\u25a0 La polic\u00eda concret\u00f3 un allanamiento en nuestra ciudad, recuperando algunos de los elementos sustra\u00eddos. Ahora una huella digital pone al sospechoso a disposici\u00f3n de la justicia.","og_url":"https:\/\/noticiasmercedinas.com\/site\/2023\/05\/25\/tras-investigacion-detienen-a-mercedino-autor-de-robo-en-barrio-san-antonio\/","og_site_name":"NOTICIASMERCEDINAS.COM","article_publisher":"https:\/\/www.facebook.com\/noticiasmercedinas\/","article_published_time":"2023-05-25T13:29:03+00:00","article_modified_time":"2023-05-25T13:30:36+00:00","og_image":[{"width":640,"height":452,"url":"https:\/\/noticiasmercedinas.com\/site\/wp-content\/uploads\/2023\/05\/objetos.jpg","type":"image\/jpeg"}],"author":"NOTICIASMERCEDINAS.COM","twitter_card":"summary_large_image","twitter_creator":"@notmercedinas","twitter_site":"@notmercedinas","twitter_misc":{"Escrito por":"NOTICIASMERCEDINAS.COM","Tiempo de lectura":"2 minutos"},"schema":{"@context":"https:\/\/schema.org","@graph":[{"@type":"Article","@id":"https:\/\/noticiasmercedinas.com\/site\/2023\/05\/25\/tras-investigacion-detienen-a-mercedino-autor-de-robo-en-barrio-san-antonio\/#article","isPartOf":{"@id":"https:\/\/noticiasmercedinas.com\/site\/2023\/05\/25\/tras-investigacion-detienen-a-mercedino-autor-de-robo-en-barrio-san-antonio\/"},"author":{"name":"NOTICIASMERCEDINAS.COM","@id":"https:\/\/noticiasmercedinas.com\/site\/#\/schema\/person\/84b59c099c28ff2e8b77d4ceec5d8063"},"headline":"Tras investigaci\u00f3n, detienen a mercedino autor de robo en barrio Santa Teresita","datePublished":"2023-05-25T13:29:03+00:00","dateModified":"2023-05-25T13:30:36+00:00","mainEntityOfPage":{"@id":"https:\/\/noticiasmercedinas.com\/site\/2023\/05\/25\/tras-investigacion-detienen-a-mercedino-autor-de-robo-en-barrio-san-antonio\/"},"wordCount":252,"publisher":{"@id":"https:\/\/noticiasmercedinas.com\/site\/#organization"},"image":{"@id":"https:\/\/noticiasmercedinas.com\/site\/2023\/05\/25\/tras-investigacion-detienen-a-mercedino-autor-de-robo-en-barrio-san-antonio\/#primaryimage"},"thumbnailUrl":"https:\/\/noticiasmercedinas.com\/site\/wp-content\/uploads\/2023\/05\/objetos.jpg","keywords":["delito","justicia","Polic\u00eda","robo","santa teresita","seguridad"],"articleSection":["Seguridad"],"inLanguage":"es"},{"@type":"WebPage","@id":"https:\/\/noticiasmercedinas.com\/site\/2023\/05\/25\/tras-investigacion-detienen-a-mercedino-autor-de-robo-en-barrio-san-antonio\/","url":"https:\/\/noticiasmercedinas.com\/site\/2023\/05\/25\/tras-investigacion-detienen-a-mercedino-autor-de-robo-en-barrio-san-antonio\/","name":"Tras investigaci\u00f3n, detienen a mercedino autor de robo en barrio Santa Teresita","isPartOf":{"@id":"https:\/\/noticiasmercedinas.com\/site\/#website"},"primaryImageOfPage":{"@id":"https:\/\/noticiasmercedinas.com\/site\/2023\/05\/25\/tras-investigacion-detienen-a-mercedino-autor-de-robo-en-barrio-san-antonio\/#primaryimage"},"image":{"@id":"https:\/\/noticiasmercedinas.com\/site\/2023\/05\/25\/tras-investigacion-detienen-a-mercedino-autor-de-robo-en-barrio-san-antonio\/#primaryimage"},"thumbnailUrl":"https:\/\/noticiasmercedinas.com\/site\/wp-content\/uploads\/2023\/05\/objetos.jpg","datePublished":"2023-05-25T13:29:03+00:00","dateModified":"2023-05-25T13:30:36+00:00","breadcrumb":{"@id":"https:\/\/noticiasmercedinas.com\/site\/2023\/05\/25\/tras-investigacion-detienen-a-mercedino-autor-de-robo-en-barrio-san-antonio\/#breadcrumb"},"inLanguage":"es","potentialAction":[{"@type":"ReadAction","target":["https:\/\/noticiasmercedinas.com\/site\/2023\/05\/25\/tras-investigacion-detienen-a-mercedino-autor-de-robo-en-barrio-san-antonio\/"]}]},{"@type":"ImageObject","inLanguage":"es","@id":"https:\/\/noticiasmercedinas.com\/site\/2023\/05\/25\/tras-investigacion-detienen-a-mercedino-autor-de-robo-en-barrio-san-antonio\/#primaryimage","url":"https:\/\/noticiasmercedinas.com\/site\/wp-content\/uploads\/2023\/05\/objetos.jpg","contentUrl":"https:\/\/noticiasmercedinas.com\/site\/wp-content\/uploads\/2023\/05\/objetos.jpg","width":640,"height":452},{"@type":"BreadcrumbList","@id":"https:\/\/noticiasmercedinas.com\/site\/2023\/05\/25\/tras-investigacion-detienen-a-mercedino-autor-de-robo-en-barrio-san-antonio\/#breadcrumb","itemListElement":[{"@type":"ListItem","position":1,"name":"Portada","item":"https:\/\/noticiasmercedinas.com\/site\/"},{"@type":"ListItem","position":2,"name":"Tras investigaci\u00f3n, detienen a mercedino autor de robo en barrio Santa Teresita"}]},{"@type":"WebSite","@id":"https:\/\/noticiasmercedinas.com\/site\/#website","url":"https:\/\/noticiasmercedinas.com\/site\/","name":"NOTICIASMERCEDINAS.COM","description":"Mercedes, Buenos Aires, Argentina","publisher":{"@id":"https:\/\/noticiasmercedinas.com\/site\/#organization"},"potentialAction":[{"@type":"SearchAction","target":{"@type":"EntryPoint","urlTemplate":"https:\/\/noticiasmercedinas.com\/site\/?s={search_term_string}"},"query-input":{"@type":"PropertyValueSpecification","valueRequired":true,"valueName":"search_term_string"}}],"inLanguage":"es"},{"@type":"Organization","@id":"https:\/\/noticiasmercedinas.com\/site\/#organization","name":"NOTICIASMERCEDINAS.COM","url":"https:\/\/noticiasmercedinas.com\/site\/","logo":{"@type":"ImageObject","inLanguage":"es","@id":"https:\/\/noticiasmercedinas.com\/site\/#\/schema\/logo\/image\/","url":"https:\/\/noticiasmercedinas.com\/site\/wp-content\/uploads\/2020\/06\/LOGO-512.jpg","contentUrl":"https:\/\/noticiasmercedinas.com\/site\/wp-content\/uploads\/2020\/06\/LOGO-512.jpg","width":512,"height":512,"caption":"NOTICIASMERCEDINAS.COM"},"image":{"@id":"https:\/\/noticiasmercedinas.com\/site\/#\/schema\/logo\/image\/"},"sameAs":["https:\/\/www.facebook.com\/noticiasmercedinas\/","https:\/\/x.com\/notmercedinas","https:\/\/www.instagram.com\/noticiasmercedinas\/"]},{"@type":"Person","@id":"https:\/\/noticiasmercedinas.com\/site\/#\/schema\/person\/84b59c099c28ff2e8b77d4ceec5d8063","name":"NOTICIASMERCEDINAS.COM","image":{"@type":"ImageObject","inLanguage":"es","@id":"https:\/\/secure.gravatar.com\/avatar\/4dfbf16b4d17945bfb6341b2d19043457132fcf478a5ee04f42e959fd8f5df0a?s=96&d=mm&r=g","url":"https:\/\/secure.gravatar.com\/avatar\/4dfbf16b4d17945bfb6341b2d19043457132fcf478a5ee04f42e959fd8f5df0a?s=96&d=mm&r=g","contentUrl":"https:\/\/secure.gravatar.com\/avatar\/4dfbf16b4d17945bfb6341b2d19043457132fcf478a5ee04f42e959fd8f5df0a?s=96&d=mm&r=g","caption":"NOTICIASMERCEDINAS.COM"},"url":"https:\/\/noticiasmercedinas.com\/site\/author\/anonimo\/"}]}},"amp_enabled":true,"_links":{"self":[{"href":"https:\/\/noticiasmercedinas.com\/site\/wp-json\/wp\/v2\/posts\/115729","targetHints":{"allow":["GET"]}}],"collection":[{"href":"https:\/\/noticiasmercedinas.com\/site\/wp-json\/wp\/v2\/posts"}],"about":[{"href":"https:\/\/noticiasmercedinas.com\/site\/wp-json\/wp\/v2\/types\/post"}],"author":[{"embeddable":true,"href":"https:\/\/noticiasmercedinas.com\/site\/wp-json\/wp\/v2\/users\/16"}],"replies":[{"embeddable":true,"href":"https:\/\/noticiasmercedinas.com\/site\/wp-json\/wp\/v2\/comments?post=115729"}],"version-history":[{"count":2,"href":"https:\/\/noticiasmercedinas.com\/site\/wp-json\/wp\/v2\/posts\/115729\/revisions"}],"predecessor-version":[{"id":115732,"href":"https:\/\/noticiasmercedinas.com\/site\/wp-json\/wp\/v2\/posts\/115729\/revisions\/115732"}],"wp:featuredmedia":[{"embeddable":true,"href":"https:\/\/noticiasmercedinas.com\/site\/wp-json\/wp\/v2\/media\/115730"}],"wp:attachment":[{"href":"https:\/\/noticiasmercedinas.com\/site\/wp-json\/wp\/v2\/media?parent=115729"}],"wp:term":[{"taxonomy":"category","embeddable":true,"href":"https:\/\/noticiasmercedinas.com\/site\/wp-json\/wp\/v2\/categories?post=115729"},{"taxonomy":"post_tag","embeddable":true,"href":"https:\/\/noticiasmercedinas.com\/site\/wp-json\/wp\/v2\/tags?post=115729"}],"curies":[{"name":"wp","href":"https:\/\/api.w.org\/{rel}","templated":true}]}}