{"id":11581,"date":"2019-01-31T21:54:45","date_gmt":"2019-02-01T00:54:45","guid":{"rendered":"https:\/\/noticiasmercedinas.com\/site\/?p=11581"},"modified":"2019-01-31T21:54:45","modified_gmt":"2019-02-01T00:54:45","slug":"santiago-altube-no-nos-creemos-mas-que-nadie-y-pensamos-en-el-vecino","status":"publish","type":"post","link":"https:\/\/noticiasmercedinas.com\/site\/2019\/01\/31\/santiago-altube-no-nos-creemos-mas-que-nadie-y-pensamos-en-el-vecino\/","title":{"rendered":"Santiago Altube: \u201cNo nos creemos m\u00e1s que nadie y pensamos en el vecino\u201d"},"content":{"rendered":"<p><strong>El concejal del Frente Para la Victoria dijo que lo importante desde la gesti\u00f3n de Ustarroz es escuchar al otro y sus necesidades. Valor\u00f3 que est\u00e9 en marcha una llamativa cantidad de obras en este mes de enero<\/strong><\/p>\n<p><img loading=\"lazy\" decoding=\"async\" class=\"alignnone size-large wp-image-11565\" src=\"https:\/\/noticiasmercedinas.com\/site\/wp-content\/uploads\/2019\/01\/IMG_20190131_121946-1-1024x576.jpg\" alt=\"\" width=\"640\" height=\"360\" srcset=\"https:\/\/noticiasmercedinas.com\/site\/wp-content\/uploads\/2019\/01\/IMG_20190131_121946-1-1024x576.jpg 1024w, https:\/\/noticiasmercedinas.com\/site\/wp-content\/uploads\/2019\/01\/IMG_20190131_121946-1-300x169.jpg 300w, https:\/\/noticiasmercedinas.com\/site\/wp-content\/uploads\/2019\/01\/IMG_20190131_121946-1-768x432.jpg 768w, https:\/\/noticiasmercedinas.com\/site\/wp-content\/uploads\/2019\/01\/IMG_20190131_121946-1-640x360.jpg 640w, https:\/\/noticiasmercedinas.com\/site\/wp-content\/uploads\/2019\/01\/IMG_20190131_121946-1-1280x720.jpg 1280w, https:\/\/noticiasmercedinas.com\/site\/wp-content\/uploads\/2019\/01\/IMG_20190131_121946-1-681x383.jpg 681w, https:\/\/noticiasmercedinas.com\/site\/wp-content\/uploads\/2019\/01\/IMG_20190131_121946-1-1362x766.jpg 1362w\" sizes=\"auto, (max-width: 640px) 100vw, 640px\" \/><\/p>\n<p>Por estos d\u00edas se escucharon algunas cr\u00edticas a la gesti\u00f3n de Juan Ignacio Ustarroz y al desempe\u00f1o del Ejecutivo. Pero m\u00e1s all\u00e1 de eso hay en marcha una llamativa cantidad de obras en este mes de enero, que hoy culmina, cuando generalmente en el municipio las labores se detienen un poco y el receso estival arrastra a los trabajos, cosa que no sucedi\u00f3 en este 2019 y que el concejal <strong>Santiago Altube<\/strong> valor\u00f3.<\/p>\n<p>\u201cEn Mercedes se da un caso excepcional. Se refleja en el presupuesto de este a\u00f1o, se contin\u00faa con obras del a\u00f1o anterior pero otras comienzan en lo inmediato como la avenida 2, la extensi\u00f3n del CAPS del barrio San Francisco y la sociedad de fomento; est\u00e1 en marcha y por finalizar el Espacio de Primera Infancia del Barrio San Justo y el del barrio Malvinas; est\u00e1n en marcha las cloacas en el Parque, empiezan bacheos de importancia, hay zanjeos en barrios, se colocan piedras, se remodelan las Plazas Belgrano y Rivadavia\u2026 Las obras est\u00e1n en marcha y se siguen empezando nuevas\u201d, remarc\u00f3 Altube.<\/p>\n<p>El concejal compar\u00f3 a Mercedes con ciudades vecinas, donde las realidades son bien distintas: \u201cPor mirar solo Luj\u00e1n, all\u00ed vemos el contraste de que los vecinos toman la Municipalidad para exigir obras. Adem\u00e1s hay que tener en cuenta que la provincia pide un pr\u00e9stamo a la ANSES para hacer obras, y todo lo nuestro se hace con recursos propios y de coparticipaci\u00f3n\u201d, explic\u00f3 el concejal del Frente Para la Victoria.<\/p>\n<p>Se llega a esto, seg\u00fan Altube, por \u201cdecisi\u00f3n propia y un camino encarado hace tres a\u00f1os de honestidad y transparencia\u201d, que fue iniciado por el doctor Juan Ignacio Ustarroz: \u201cHay que prepararse, leer, ver otras situaciones, aprender de otros lugares donde se hacen bien las cosas. Y por sobre todas las cosas tener un buen clima de trabajo\u201d, indic\u00f3 Altube. \u201cAdem\u00e1s hay que escuchar a los vecinos, establecer prioridades, no nos creemos m\u00e1s que nadie y tenemos que pensar en direccionar recursos a lo que quieren los vecinos\u201d, ampli\u00f3 el concejal.<\/p>\n<p>Altube tambi\u00e9n menciono las actividades que se realizan a trav\u00e9s de las direcciones y secretar\u00edas de Cultura, Turismo y Comercio, Desarrrollo Social, y Salud. \u201cSon muchos los trabajos y servicios al vecino en marcha. En verano nunca se trabaja igual que en el resto del a\u00f1o, pero en Mercedes eso no se ve. En el ciclo Verano en las Plazas se multiplicaron las fechas, por ejemplo. Y hay que tener en cuenta el clima de trabajo que se vive en esta ciudad, algo que nos han hecho notar quienes vienen desde otras ciudades. De esa manera no hay obst\u00e1culos ni trabas, ni peleas innecesarias. Eso es un punto a favor y es lo que nos plante\u00f3 Ustarroz en su momento: focalizarnos en cosas importantes\u201d, dijo.<\/p>\n<p>En tanto, de cara a este a\u00f1o electoral, y con el objetivo logrado de poder gestionar el municipio y el trabajo parejo en las distintas \u00e1reas, Altube cree que este buen equipo puede brindar muchos buenos candidatos preparados para ocupar bancas legislativas e incluso si fuera necesario reemplazar a Juan Ignacio Ustarroz. \u201cEl intendente apunta a formar cuadros pol\u00edticos de gesti\u00f3n para asumir responsabilidades en la ciudad o en la provincia. Creemos que podremos gobernar la ciudad otros cuatro a\u00f1os, haciendo m\u00e1s cosas y dando lo mejor. La gente ve la calidad de los trabajos que se hacen y Juan Ignacio Ustarroz nos ha pedido eso para reivindicar lo p\u00fablico. Las cosas que hacemos son para todos y todas. Queremos que la gente pueda ir a la pileta del Parque, a la Fiesta de la Cerveza, a los encuentros deportivos como los que se est\u00e1n realizando. Tambi\u00e9n se avanza con las obras de los planes de vivienda e incluso se avanza en los barrios y en el mercado sustentable con el consumo responsable de alimentos sanos, con la idea de compensar este desequilibrio que hay en el mercado por el que a los trabajadores les cuesta cada vez m\u00e1s llegar a fin de mes\u201d, complet\u00f3 Altube, entrevistado por NOTICIASMERCEDINAS.COM<\/p>\n","protected":false},"excerpt":{"rendered":"<p>El concejal del Frente Para la Victoria dijo que lo importante desde la gesti\u00f3n de Ustarroz es escuchar al otro y sus necesidades. Valor\u00f3 que est\u00e9 en marcha una llamativa cantidad de obras en este mes de enero Por estos d\u00edas se escucharon algunas cr\u00edticas a la gesti\u00f3n de Juan Ignacio Ustarroz y al desempe\u00f1o [&hellip;]<\/p>\n","protected":false},"author":2,"featured_media":11565,"comment_status":"open","ping_status":"open","sticky":false,"template":"","format":"standard","meta":{"footnotes":""},"categories":[16],"tags":[243,3178,266,1267],"class_list":["post-11581","post","type-post","status-publish","format-standard","has-post-thumbnail","hentry","category-politica","tag-concejo-deliberante","tag-frente-para-la-victoria","tag-juan-ignacio-ustarroz","tag-santiago-altube"],"yoast_head":"<!-- This site is optimized with the Yoast SEO plugin v27.4 - https:\/\/yoast.com\/product\/yoast-seo-wordpress\/ -->\n<title>Santiago Altube: \u201cNo nos creemos m\u00e1s que nadie y pensamos en el vecino\u201d<\/title>\n<meta name=\"robots\" content=\"index, follow, max-snippet:-1, max-image-preview:large, max-video-preview:-1\" \/>\n<link rel=\"canonical\" href=\"https:\/\/noticiasmercedinas.com\/site\/2019\/01\/31\/santiago-altube-no-nos-creemos-mas-que-nadie-y-pensamos-en-el-vecino\/\" \/>\n<meta property=\"og:locale\" content=\"es_ES\" \/>\n<meta property=\"og:type\" content=\"article\" \/>\n<meta property=\"og:title\" content=\"Santiago Altube: \u201cNo nos creemos m\u00e1s que nadie y pensamos en el vecino\u201d\" \/>\n<meta property=\"og:description\" content=\"El concejal del Frente Para la Victoria dijo que lo importante desde la gesti\u00f3n de Ustarroz es escuchar al otro y sus necesidades. Valor\u00f3 que est\u00e9 en marcha una llamativa cantidad de obras en este mes de enero Por estos d\u00edas se escucharon algunas cr\u00edticas a la gesti\u00f3n de Juan Ignacio Ustarroz y al desempe\u00f1o [&hellip;]\" \/>\n<meta property=\"og:url\" content=\"https:\/\/noticiasmercedinas.com\/site\/2019\/01\/31\/santiago-altube-no-nos-creemos-mas-que-nadie-y-pensamos-en-el-vecino\/\" \/>\n<meta property=\"og:site_name\" content=\"NOTICIASMERCEDINAS.COM\" \/>\n<meta property=\"article:publisher\" content=\"https:\/\/www.facebook.com\/noticiasmercedinas\/\" \/>\n<meta property=\"article:author\" content=\"https:\/\/www.facebook.com\/cristian.falabella\" \/>\n<meta property=\"article:published_time\" content=\"2019-02-01T00:54:45+00:00\" \/>\n<meta property=\"og:image\" content=\"https:\/\/noticiasmercedinas.com\/site\/wp-content\/uploads\/2019\/01\/IMG_20190131_121946-1.jpg\" \/>\n\t<meta property=\"og:image:width\" content=\"2560\" \/>\n\t<meta property=\"og:image:height\" content=\"1440\" \/>\n\t<meta property=\"og:image:type\" content=\"image\/jpeg\" \/>\n<meta name=\"author\" content=\"Cristian Falabella NOTICIASMERCEDINAS.COM\" \/>\n<meta name=\"twitter:card\" content=\"summary_large_image\" \/>\n<meta name=\"twitter:creator\" content=\"@https:\/\/twitter.com\/NOTMERCEDINAS\" \/>\n<meta name=\"twitter:site\" content=\"@notmercedinas\" \/>\n<meta name=\"twitter:label1\" content=\"Escrito por\" \/>\n\t<meta name=\"twitter:data1\" content=\"Cristian Falabella NOTICIASMERCEDINAS.COM\" \/>\n\t<meta name=\"twitter:label2\" content=\"Tiempo de lectura\" \/>\n\t<meta name=\"twitter:data2\" content=\"4 minutos\" \/>\n<script type=\"application\/ld+json\" class=\"yoast-schema-graph\">{\"@context\":\"https:\\\/\\\/schema.org\",\"@graph\":[{\"@type\":\"Article\",\"@id\":\"https:\\\/\\\/noticiasmercedinas.com\\\/site\\\/2019\\\/01\\\/31\\\/santiago-altube-no-nos-creemos-mas-que-nadie-y-pensamos-en-el-vecino\\\/#article\",\"isPartOf\":{\"@id\":\"https:\\\/\\\/noticiasmercedinas.com\\\/site\\\/2019\\\/01\\\/31\\\/santiago-altube-no-nos-creemos-mas-que-nadie-y-pensamos-en-el-vecino\\\/\"},\"author\":{\"name\":\"Cristian Falabella NOTICIASMERCEDINAS.COM\",\"@id\":\"https:\\\/\\\/noticiasmercedinas.com\\\/site\\\/#\\\/schema\\\/person\\\/d481a9696a5feaec13a60e2bbd991a6a\"},\"headline\":\"Santiago Altube: \u201cNo nos creemos m\u00e1s que nadie y pensamos en el vecino\u201d\",\"datePublished\":\"2019-02-01T00:54:45+00:00\",\"mainEntityOfPage\":{\"@id\":\"https:\\\/\\\/noticiasmercedinas.com\\\/site\\\/2019\\\/01\\\/31\\\/santiago-altube-no-nos-creemos-mas-que-nadie-y-pensamos-en-el-vecino\\\/\"},\"wordCount\":757,\"commentCount\":0,\"publisher\":{\"@id\":\"https:\\\/\\\/noticiasmercedinas.com\\\/site\\\/#organization\"},\"image\":{\"@id\":\"https:\\\/\\\/noticiasmercedinas.com\\\/site\\\/2019\\\/01\\\/31\\\/santiago-altube-no-nos-creemos-mas-que-nadie-y-pensamos-en-el-vecino\\\/#primaryimage\"},\"thumbnailUrl\":\"https:\\\/\\\/noticiasmercedinas.com\\\/site\\\/wp-content\\\/uploads\\\/2019\\\/01\\\/IMG_20190131_121946-1.jpg\",\"keywords\":[\"concejo deliberante\",\"frente para la victoria\",\"juan ignacio ustarroz\",\"Santiago Altube\"],\"articleSection\":[\"Politica\"],\"inLanguage\":\"es\",\"potentialAction\":[{\"@type\":\"CommentAction\",\"name\":\"Comment\",\"target\":[\"https:\\\/\\\/noticiasmercedinas.com\\\/site\\\/2019\\\/01\\\/31\\\/santiago-altube-no-nos-creemos-mas-que-nadie-y-pensamos-en-el-vecino\\\/#respond\"]}]},{\"@type\":\"WebPage\",\"@id\":\"https:\\\/\\\/noticiasmercedinas.com\\\/site\\\/2019\\\/01\\\/31\\\/santiago-altube-no-nos-creemos-mas-que-nadie-y-pensamos-en-el-vecino\\\/\",\"url\":\"https:\\\/\\\/noticiasmercedinas.com\\\/site\\\/2019\\\/01\\\/31\\\/santiago-altube-no-nos-creemos-mas-que-nadie-y-pensamos-en-el-vecino\\\/\",\"name\":\"Santiago Altube: \u201cNo nos creemos m\u00e1s que nadie y pensamos en el vecino\u201d\",\"isPartOf\":{\"@id\":\"https:\\\/\\\/noticiasmercedinas.com\\\/site\\\/#website\"},\"primaryImageOfPage\":{\"@id\":\"https:\\\/\\\/noticiasmercedinas.com\\\/site\\\/2019\\\/01\\\/31\\\/santiago-altube-no-nos-creemos-mas-que-nadie-y-pensamos-en-el-vecino\\\/#primaryimage\"},\"image\":{\"@id\":\"https:\\\/\\\/noticiasmercedinas.com\\\/site\\\/2019\\\/01\\\/31\\\/santiago-altube-no-nos-creemos-mas-que-nadie-y-pensamos-en-el-vecino\\\/#primaryimage\"},\"thumbnailUrl\":\"https:\\\/\\\/noticiasmercedinas.com\\\/site\\\/wp-content\\\/uploads\\\/2019\\\/01\\\/IMG_20190131_121946-1.jpg\",\"datePublished\":\"2019-02-01T00:54:45+00:00\",\"breadcrumb\":{\"@id\":\"https:\\\/\\\/noticiasmercedinas.com\\\/site\\\/2019\\\/01\\\/31\\\/santiago-altube-no-nos-creemos-mas-que-nadie-y-pensamos-en-el-vecino\\\/#breadcrumb\"},\"inLanguage\":\"es\",\"potentialAction\":[{\"@type\":\"ReadAction\",\"target\":[\"https:\\\/\\\/noticiasmercedinas.com\\\/site\\\/2019\\\/01\\\/31\\\/santiago-altube-no-nos-creemos-mas-que-nadie-y-pensamos-en-el-vecino\\\/\"]}]},{\"@type\":\"ImageObject\",\"inLanguage\":\"es\",\"@id\":\"https:\\\/\\\/noticiasmercedinas.com\\\/site\\\/2019\\\/01\\\/31\\\/santiago-altube-no-nos-creemos-mas-que-nadie-y-pensamos-en-el-vecino\\\/#primaryimage\",\"url\":\"https:\\\/\\\/noticiasmercedinas.com\\\/site\\\/wp-content\\\/uploads\\\/2019\\\/01\\\/IMG_20190131_121946-1.jpg\",\"contentUrl\":\"https:\\\/\\\/noticiasmercedinas.com\\\/site\\\/wp-content\\\/uploads\\\/2019\\\/01\\\/IMG_20190131_121946-1.jpg\",\"width\":2560,\"height\":1440},{\"@type\":\"BreadcrumbList\",\"@id\":\"https:\\\/\\\/noticiasmercedinas.com\\\/site\\\/2019\\\/01\\\/31\\\/santiago-altube-no-nos-creemos-mas-que-nadie-y-pensamos-en-el-vecino\\\/#breadcrumb\",\"itemListElement\":[{\"@type\":\"ListItem\",\"position\":1,\"name\":\"Portada\",\"item\":\"https:\\\/\\\/noticiasmercedinas.com\\\/site\\\/\"},{\"@type\":\"ListItem\",\"position\":2,\"name\":\"Santiago Altube: \u201cNo nos creemos m\u00e1s que nadie y pensamos en el vecino\u201d\"}]},{\"@type\":\"WebSite\",\"@id\":\"https:\\\/\\\/noticiasmercedinas.com\\\/site\\\/#website\",\"url\":\"https:\\\/\\\/noticiasmercedinas.com\\\/site\\\/\",\"name\":\"NOTICIASMERCEDINAS.COM\",\"description\":\"Mercedes, Buenos Aires, Argentina\",\"publisher\":{\"@id\":\"https:\\\/\\\/noticiasmercedinas.com\\\/site\\\/#organization\"},\"potentialAction\":[{\"@type\":\"SearchAction\",\"target\":{\"@type\":\"EntryPoint\",\"urlTemplate\":\"https:\\\/\\\/noticiasmercedinas.com\\\/site\\\/?s={search_term_string}\"},\"query-input\":{\"@type\":\"PropertyValueSpecification\",\"valueRequired\":true,\"valueName\":\"search_term_string\"}}],\"inLanguage\":\"es\"},{\"@type\":\"Organization\",\"@id\":\"https:\\\/\\\/noticiasmercedinas.com\\\/site\\\/#organization\",\"name\":\"NOTICIASMERCEDINAS.COM\",\"url\":\"https:\\\/\\\/noticiasmercedinas.com\\\/site\\\/\",\"logo\":{\"@type\":\"ImageObject\",\"inLanguage\":\"es\",\"@id\":\"https:\\\/\\\/noticiasmercedinas.com\\\/site\\\/#\\\/schema\\\/logo\\\/image\\\/\",\"url\":\"https:\\\/\\\/noticiasmercedinas.com\\\/site\\\/wp-content\\\/uploads\\\/2020\\\/06\\\/LOGO-512.jpg\",\"contentUrl\":\"https:\\\/\\\/noticiasmercedinas.com\\\/site\\\/wp-content\\\/uploads\\\/2020\\\/06\\\/LOGO-512.jpg\",\"width\":512,\"height\":512,\"caption\":\"NOTICIASMERCEDINAS.COM\"},\"image\":{\"@id\":\"https:\\\/\\\/noticiasmercedinas.com\\\/site\\\/#\\\/schema\\\/logo\\\/image\\\/\"},\"sameAs\":[\"https:\\\/\\\/www.facebook.com\\\/noticiasmercedinas\\\/\",\"https:\\\/\\\/x.com\\\/notmercedinas\",\"https:\\\/\\\/www.instagram.com\\\/noticiasmercedinas\\\/\"]},{\"@type\":\"Person\",\"@id\":\"https:\\\/\\\/noticiasmercedinas.com\\\/site\\\/#\\\/schema\\\/person\\\/d481a9696a5feaec13a60e2bbd991a6a\",\"name\":\"Cristian Falabella NOTICIASMERCEDINAS.COM\",\"image\":{\"@type\":\"ImageObject\",\"inLanguage\":\"es\",\"@id\":\"https:\\\/\\\/secure.gravatar.com\\\/avatar\\\/0dbbfc45970cc46bcd0e57766228574ff3511d6eed045b182f536f0f478c1f06?s=96&d=mm&r=g\",\"url\":\"https:\\\/\\\/secure.gravatar.com\\\/avatar\\\/0dbbfc45970cc46bcd0e57766228574ff3511d6eed045b182f536f0f478c1f06?s=96&d=mm&r=g\",\"contentUrl\":\"https:\\\/\\\/secure.gravatar.com\\\/avatar\\\/0dbbfc45970cc46bcd0e57766228574ff3511d6eed045b182f536f0f478c1f06?s=96&d=mm&r=g\",\"caption\":\"Cristian Falabella NOTICIASMERCEDINAS.COM\"},\"description\":\"Periodista, editor de Noticias Mercedinas. Pas\u00f3 por varias redacciones y emprendimientos de prensa, en distintos formatos y \u00e9pocas. Se especializ\u00f3 --y sigue haci\u00e9ndolo-- en comunicaci\u00f3n en la web y en junio de 2006 fund\u00f3 este diario digital.\",\"sameAs\":[\"https:\\\/\\\/noticiasmercedinas.com\",\"https:\\\/\\\/www.facebook.com\\\/cristian.falabella\",\"https:\\\/\\\/www.instagram.com\\\/noticiasmercedinas\\\/\",\"https:\\\/\\\/x.com\\\/https:\\\/\\\/twitter.com\\\/NOTMERCEDINAS\"],\"url\":\"https:\\\/\\\/noticiasmercedinas.com\\\/site\\\/author\\\/as000384\\\/\"}]}<\/script>\n<!-- \/ Yoast SEO plugin. -->","yoast_head_json":{"title":"Santiago Altube: \u201cNo nos creemos m\u00e1s que nadie y pensamos en el vecino\u201d","robots":{"index":"index","follow":"follow","max-snippet":"max-snippet:-1","max-image-preview":"max-image-preview:large","max-video-preview":"max-video-preview:-1"},"canonical":"https:\/\/noticiasmercedinas.com\/site\/2019\/01\/31\/santiago-altube-no-nos-creemos-mas-que-nadie-y-pensamos-en-el-vecino\/","og_locale":"es_ES","og_type":"article","og_title":"Santiago Altube: \u201cNo nos creemos m\u00e1s que nadie y pensamos en el vecino\u201d","og_description":"El concejal del Frente Para la Victoria dijo que lo importante desde la gesti\u00f3n de Ustarroz es escuchar al otro y sus necesidades. Valor\u00f3 que est\u00e9 en marcha una llamativa cantidad de obras en este mes de enero Por estos d\u00edas se escucharon algunas cr\u00edticas a la gesti\u00f3n de Juan Ignacio Ustarroz y al desempe\u00f1o [&hellip;]","og_url":"https:\/\/noticiasmercedinas.com\/site\/2019\/01\/31\/santiago-altube-no-nos-creemos-mas-que-nadie-y-pensamos-en-el-vecino\/","og_site_name":"NOTICIASMERCEDINAS.COM","article_publisher":"https:\/\/www.facebook.com\/noticiasmercedinas\/","article_author":"https:\/\/www.facebook.com\/cristian.falabella","article_published_time":"2019-02-01T00:54:45+00:00","og_image":[{"width":2560,"height":1440,"url":"https:\/\/noticiasmercedinas.com\/site\/wp-content\/uploads\/2019\/01\/IMG_20190131_121946-1.jpg","type":"image\/jpeg"}],"author":"Cristian Falabella NOTICIASMERCEDINAS.COM","twitter_card":"summary_large_image","twitter_creator":"@https:\/\/twitter.com\/NOTMERCEDINAS","twitter_site":"@notmercedinas","twitter_misc":{"Escrito por":"Cristian Falabella NOTICIASMERCEDINAS.COM","Tiempo de lectura":"4 minutos"},"schema":{"@context":"https:\/\/schema.org","@graph":[{"@type":"Article","@id":"https:\/\/noticiasmercedinas.com\/site\/2019\/01\/31\/santiago-altube-no-nos-creemos-mas-que-nadie-y-pensamos-en-el-vecino\/#article","isPartOf":{"@id":"https:\/\/noticiasmercedinas.com\/site\/2019\/01\/31\/santiago-altube-no-nos-creemos-mas-que-nadie-y-pensamos-en-el-vecino\/"},"author":{"name":"Cristian Falabella NOTICIASMERCEDINAS.COM","@id":"https:\/\/noticiasmercedinas.com\/site\/#\/schema\/person\/d481a9696a5feaec13a60e2bbd991a6a"},"headline":"Santiago Altube: \u201cNo nos creemos m\u00e1s que nadie y pensamos en el vecino\u201d","datePublished":"2019-02-01T00:54:45+00:00","mainEntityOfPage":{"@id":"https:\/\/noticiasmercedinas.com\/site\/2019\/01\/31\/santiago-altube-no-nos-creemos-mas-que-nadie-y-pensamos-en-el-vecino\/"},"wordCount":757,"commentCount":0,"publisher":{"@id":"https:\/\/noticiasmercedinas.com\/site\/#organization"},"image":{"@id":"https:\/\/noticiasmercedinas.com\/site\/2019\/01\/31\/santiago-altube-no-nos-creemos-mas-que-nadie-y-pensamos-en-el-vecino\/#primaryimage"},"thumbnailUrl":"https:\/\/noticiasmercedinas.com\/site\/wp-content\/uploads\/2019\/01\/IMG_20190131_121946-1.jpg","keywords":["concejo deliberante","frente para la victoria","juan ignacio ustarroz","Santiago Altube"],"articleSection":["Politica"],"inLanguage":"es","potentialAction":[{"@type":"CommentAction","name":"Comment","target":["https:\/\/noticiasmercedinas.com\/site\/2019\/01\/31\/santiago-altube-no-nos-creemos-mas-que-nadie-y-pensamos-en-el-vecino\/#respond"]}]},{"@type":"WebPage","@id":"https:\/\/noticiasmercedinas.com\/site\/2019\/01\/31\/santiago-altube-no-nos-creemos-mas-que-nadie-y-pensamos-en-el-vecino\/","url":"https:\/\/noticiasmercedinas.com\/site\/2019\/01\/31\/santiago-altube-no-nos-creemos-mas-que-nadie-y-pensamos-en-el-vecino\/","name":"Santiago Altube: \u201cNo nos creemos m\u00e1s que nadie y pensamos en el vecino\u201d","isPartOf":{"@id":"https:\/\/noticiasmercedinas.com\/site\/#website"},"primaryImageOfPage":{"@id":"https:\/\/noticiasmercedinas.com\/site\/2019\/01\/31\/santiago-altube-no-nos-creemos-mas-que-nadie-y-pensamos-en-el-vecino\/#primaryimage"},"image":{"@id":"https:\/\/noticiasmercedinas.com\/site\/2019\/01\/31\/santiago-altube-no-nos-creemos-mas-que-nadie-y-pensamos-en-el-vecino\/#primaryimage"},"thumbnailUrl":"https:\/\/noticiasmercedinas.com\/site\/wp-content\/uploads\/2019\/01\/IMG_20190131_121946-1.jpg","datePublished":"2019-02-01T00:54:45+00:00","breadcrumb":{"@id":"https:\/\/noticiasmercedinas.com\/site\/2019\/01\/31\/santiago-altube-no-nos-creemos-mas-que-nadie-y-pensamos-en-el-vecino\/#breadcrumb"},"inLanguage":"es","potentialAction":[{"@type":"ReadAction","target":["https:\/\/noticiasmercedinas.com\/site\/2019\/01\/31\/santiago-altube-no-nos-creemos-mas-que-nadie-y-pensamos-en-el-vecino\/"]}]},{"@type":"ImageObject","inLanguage":"es","@id":"https:\/\/noticiasmercedinas.com\/site\/2019\/01\/31\/santiago-altube-no-nos-creemos-mas-que-nadie-y-pensamos-en-el-vecino\/#primaryimage","url":"https:\/\/noticiasmercedinas.com\/site\/wp-content\/uploads\/2019\/01\/IMG_20190131_121946-1.jpg","contentUrl":"https:\/\/noticiasmercedinas.com\/site\/wp-content\/uploads\/2019\/01\/IMG_20190131_121946-1.jpg","width":2560,"height":1440},{"@type":"BreadcrumbList","@id":"https:\/\/noticiasmercedinas.com\/site\/2019\/01\/31\/santiago-altube-no-nos-creemos-mas-que-nadie-y-pensamos-en-el-vecino\/#breadcrumb","itemListElement":[{"@type":"ListItem","position":1,"name":"Portada","item":"https:\/\/noticiasmercedinas.com\/site\/"},{"@type":"ListItem","position":2,"name":"Santiago Altube: \u201cNo nos creemos m\u00e1s que nadie y pensamos en el vecino\u201d"}]},{"@type":"WebSite","@id":"https:\/\/noticiasmercedinas.com\/site\/#website","url":"https:\/\/noticiasmercedinas.com\/site\/","name":"NOTICIASMERCEDINAS.COM","description":"Mercedes, Buenos Aires, Argentina","publisher":{"@id":"https:\/\/noticiasmercedinas.com\/site\/#organization"},"potentialAction":[{"@type":"SearchAction","target":{"@type":"EntryPoint","urlTemplate":"https:\/\/noticiasmercedinas.com\/site\/?s={search_term_string}"},"query-input":{"@type":"PropertyValueSpecification","valueRequired":true,"valueName":"search_term_string"}}],"inLanguage":"es"},{"@type":"Organization","@id":"https:\/\/noticiasmercedinas.com\/site\/#organization","name":"NOTICIASMERCEDINAS.COM","url":"https:\/\/noticiasmercedinas.com\/site\/","logo":{"@type":"ImageObject","inLanguage":"es","@id":"https:\/\/noticiasmercedinas.com\/site\/#\/schema\/logo\/image\/","url":"https:\/\/noticiasmercedinas.com\/site\/wp-content\/uploads\/2020\/06\/LOGO-512.jpg","contentUrl":"https:\/\/noticiasmercedinas.com\/site\/wp-content\/uploads\/2020\/06\/LOGO-512.jpg","width":512,"height":512,"caption":"NOTICIASMERCEDINAS.COM"},"image":{"@id":"https:\/\/noticiasmercedinas.com\/site\/#\/schema\/logo\/image\/"},"sameAs":["https:\/\/www.facebook.com\/noticiasmercedinas\/","https:\/\/x.com\/notmercedinas","https:\/\/www.instagram.com\/noticiasmercedinas\/"]},{"@type":"Person","@id":"https:\/\/noticiasmercedinas.com\/site\/#\/schema\/person\/d481a9696a5feaec13a60e2bbd991a6a","name":"Cristian Falabella NOTICIASMERCEDINAS.COM","image":{"@type":"ImageObject","inLanguage":"es","@id":"https:\/\/secure.gravatar.com\/avatar\/0dbbfc45970cc46bcd0e57766228574ff3511d6eed045b182f536f0f478c1f06?s=96&d=mm&r=g","url":"https:\/\/secure.gravatar.com\/avatar\/0dbbfc45970cc46bcd0e57766228574ff3511d6eed045b182f536f0f478c1f06?s=96&d=mm&r=g","contentUrl":"https:\/\/secure.gravatar.com\/avatar\/0dbbfc45970cc46bcd0e57766228574ff3511d6eed045b182f536f0f478c1f06?s=96&d=mm&r=g","caption":"Cristian Falabella NOTICIASMERCEDINAS.COM"},"description":"Periodista, editor de Noticias Mercedinas. Pas\u00f3 por varias redacciones y emprendimientos de prensa, en distintos formatos y \u00e9pocas. Se especializ\u00f3 --y sigue haci\u00e9ndolo-- en comunicaci\u00f3n en la web y en junio de 2006 fund\u00f3 este diario digital.","sameAs":["https:\/\/noticiasmercedinas.com","https:\/\/www.facebook.com\/cristian.falabella","https:\/\/www.instagram.com\/noticiasmercedinas\/","https:\/\/x.com\/https:\/\/twitter.com\/NOTMERCEDINAS"],"url":"https:\/\/noticiasmercedinas.com\/site\/author\/as000384\/"}]}},"amp_enabled":true,"_links":{"self":[{"href":"https:\/\/noticiasmercedinas.com\/site\/wp-json\/wp\/v2\/posts\/11581","targetHints":{"allow":["GET"]}}],"collection":[{"href":"https:\/\/noticiasmercedinas.com\/site\/wp-json\/wp\/v2\/posts"}],"about":[{"href":"https:\/\/noticiasmercedinas.com\/site\/wp-json\/wp\/v2\/types\/post"}],"author":[{"embeddable":true,"href":"https:\/\/noticiasmercedinas.com\/site\/wp-json\/wp\/v2\/users\/2"}],"replies":[{"embeddable":true,"href":"https:\/\/noticiasmercedinas.com\/site\/wp-json\/wp\/v2\/comments?post=11581"}],"version-history":[{"count":1,"href":"https:\/\/noticiasmercedinas.com\/site\/wp-json\/wp\/v2\/posts\/11581\/revisions"}],"predecessor-version":[{"id":11582,"href":"https:\/\/noticiasmercedinas.com\/site\/wp-json\/wp\/v2\/posts\/11581\/revisions\/11582"}],"wp:featuredmedia":[{"embeddable":true,"href":"https:\/\/noticiasmercedinas.com\/site\/wp-json\/wp\/v2\/media\/11565"}],"wp:attachment":[{"href":"https:\/\/noticiasmercedinas.com\/site\/wp-json\/wp\/v2\/media?parent=11581"}],"wp:term":[{"taxonomy":"category","embeddable":true,"href":"https:\/\/noticiasmercedinas.com\/site\/wp-json\/wp\/v2\/categories?post=11581"},{"taxonomy":"post_tag","embeddable":true,"href":"https:\/\/noticiasmercedinas.com\/site\/wp-json\/wp\/v2\/tags?post=11581"}],"curies":[{"name":"wp","href":"https:\/\/api.w.org\/{rel}","templated":true}]}}