{"id":115814,"date":"2023-05-27T16:50:01","date_gmt":"2023-05-27T19:50:01","guid":{"rendered":"https:\/\/noticiasmercedinas.com\/site\/?p=115814"},"modified":"2023-05-28T11:53:58","modified_gmt":"2023-05-28T14:53:58","slug":"ministros-wado-de-pedro-y-sergio-massa-juntos-en-una-actividad-a-todo-tren-en-mercedes","status":"publish","type":"post","link":"https:\/\/noticiasmercedinas.com\/site\/2023\/05\/27\/ministros-wado-de-pedro-y-sergio-massa-juntos-en-una-actividad-a-todo-tren-en-mercedes\/","title":{"rendered":"Ministros Wado De Pedro y Sergio Massa, juntos, en una actividad a todo tren en Mercedes"},"content":{"rendered":"<p><img loading=\"lazy\" decoding=\"async\" class=\"alignnone size-large wp-image-115815\" src=\"https:\/\/noticiasmercedinas.com\/site\/wp-content\/uploads\/2023\/05\/trenaa-1024x768.jpg\" alt=\"\" width=\"640\" height=\"480\" srcset=\"https:\/\/noticiasmercedinas.com\/site\/wp-content\/uploads\/2023\/05\/trenaa-1024x768.jpg 1024w, https:\/\/noticiasmercedinas.com\/site\/wp-content\/uploads\/2023\/05\/trenaa-300x225.jpg 300w, https:\/\/noticiasmercedinas.com\/site\/wp-content\/uploads\/2023\/05\/trenaa-768x576.jpg 768w, https:\/\/noticiasmercedinas.com\/site\/wp-content\/uploads\/2023\/05\/trenaa-1536x1152.jpg 1536w, https:\/\/noticiasmercedinas.com\/site\/wp-content\/uploads\/2023\/05\/trenaa-80x60.jpg 80w, https:\/\/noticiasmercedinas.com\/site\/wp-content\/uploads\/2023\/05\/trenaa-160x120.jpg 160w, https:\/\/noticiasmercedinas.com\/site\/wp-content\/uploads\/2023\/05\/trenaa-100x75.jpg 100w, https:\/\/noticiasmercedinas.com\/site\/wp-content\/uploads\/2023\/05\/trenaa-200x150.jpg 200w, https:\/\/noticiasmercedinas.com\/site\/wp-content\/uploads\/2023\/05\/trenaa-180x135.jpg 180w, https:\/\/noticiasmercedinas.com\/site\/wp-content\/uploads\/2023\/05\/trenaa-360x270.jpg 360w, https:\/\/noticiasmercedinas.com\/site\/wp-content\/uploads\/2023\/05\/trenaa-238x178.jpg 238w, https:\/\/noticiasmercedinas.com\/site\/wp-content\/uploads\/2023\/05\/trenaa-476x356.jpg 476w, https:\/\/noticiasmercedinas.com\/site\/wp-content\/uploads\/2023\/05\/trenaa-640x480.jpg 640w, https:\/\/noticiasmercedinas.com\/site\/wp-content\/uploads\/2023\/05\/trenaa-1280x960.jpg 1280w, https:\/\/noticiasmercedinas.com\/site\/wp-content\/uploads\/2023\/05\/trenaa-681x511.jpg 681w, https:\/\/noticiasmercedinas.com\/site\/wp-content\/uploads\/2023\/05\/trenaa-1362x1022.jpg 1362w, https:\/\/noticiasmercedinas.com\/site\/wp-content\/uploads\/2023\/05\/trenaa.jpg 1600w\" sizes=\"auto, (max-width: 640px) 100vw, 640px\" \/><\/p>\n<p>La ciudad de Mercedes fue nuevamente epicentro de la actualidad pol\u00edtica este s\u00e1bado al mediod\u00eda, cuando dos de los que suenan como posibles precandidatos a presidente de la Naci\u00f3n por el Frente de Todos compartieran un significativo acto, en la puesta en marcha del recorrido del tren tur\u00edstico por las v\u00edas del Ferrocarril Belgrano entre las localidades de Tom\u00e1s Jofr\u00e9 y Mercedes.<\/p>\n<p>Con un ministro del Interior <strong>Eduardo \u00abWado\u00bb de Pedro<\/strong> que mostr\u00f3 su carisma con todos los que se cruz\u00f3, dio notas, abrazos, selfies y conversaci\u00f3n a quien se le acerc\u00f3, y la presencia de <strong>Sergio Massa<\/strong>, ministro de Econom\u00eda, que se hizo esperar unos minutos pero lleg\u00f3 a la cita junto al diputado <strong>Carlos Selva<\/strong>, referente de su espacio del Frente Renovador en la coalici\u00f3n de Gobierno, el primer viaje oficial del trencito tur\u00edstico fue hist\u00f3rico por varios motivos.<\/p>\n<p>\u00abTodav\u00eda hay tiempo\u00bb, comentaban militantes y funcionarios del FPV local, sobre la definici\u00f3n de las candidaturas en las que los dos ministros parecer\u00edan estar en disputa. Y ellos mostraron su cercan\u00eda e intercambiaron elogios, en medio de la definici\u00f3n de la estrategia electoral del partido a menos de un mes del cierre de listas para las PASO.<\/p>\n<p>De Pedro, en su ciudad natal de Mercedes, elogi\u00f3 el compromiso de Sergio Massa y su disposici\u00f3n para enfrentar los desaf\u00edos pol\u00edticos. Haciendo referencia a un pr\u00f3ximo viaje de Massa a China, De Pedro expres\u00f3: \u00abSergio va a hacer un viaje a China y va a seguir poniendo el cuerpo. Agarr\u00f3 una papa caliente y va a seguir poniendo el cuerpo\u00bb. De Pedro resalt\u00f3 la necesidad de repensar una Argentina nueva con ideas frescas y adaptadas a un mundo en constante cambio.<\/p>\n<p><img loading=\"lazy\" decoding=\"async\" class=\"alignnone size-full wp-image-115818\" src=\"https:\/\/noticiasmercedinas.com\/site\/wp-content\/uploads\/2023\/05\/trochaIMG_7302.jpg\" alt=\"\" width=\"640\" height=\"427\" srcset=\"https:\/\/noticiasmercedinas.com\/site\/wp-content\/uploads\/2023\/05\/trochaIMG_7302.jpg 640w, https:\/\/noticiasmercedinas.com\/site\/wp-content\/uploads\/2023\/05\/trochaIMG_7302-300x200.jpg 300w\" sizes=\"auto, (max-width: 640px) 100vw, 640px\" \/><\/p>\n<p>Por su parte, Sergio Massa devolvi\u00f3 los elogios a De Pedro, destacando su compromiso y dedicaci\u00f3n. Massa afirm\u00f3 que De Pedro proyecta sus sue\u00f1os para una Argentina mejor en su ciudad natal de Mercedes. Rememorando momentos de colaboraci\u00f3n y trabajo conjunto, Massa resalt\u00f3 la importancia de la unidad dentro del Frente de Todos y su visi\u00f3n de construir una Argentina federal, en contraposici\u00f3n a una concentrada en la ciudad de Buenos Aires.<\/p>\n<p>Ambos funcionarios hicieron un llamado a la comunidad, enfoc\u00e1ndose en la necesidad de apoyo y fortaleza para seguir trabajando en una Argentina con igualdad de oportunidades, empleo, salud y educaci\u00f3n. Expresaron su compromiso de \u00abseguir construyendo una Argentina libre, soberana, justa e independiente para todos y todas\u00bb.<\/p>\n<p>El acto tambi\u00e9n cont\u00f3 con la presencia de otros funcionarios, como el ministro de la cartera de Transporte bonaerense, <strong>Jorge D&#8217;Onofrio<\/strong>, el titular de Trenes Argentinos, <strong>Mart\u00edn Marinucci<\/strong>, y dirigentes gremiales. Asimismo, se destac\u00f3 la participaci\u00f3n de vecinos de Tom\u00e1s Jofr\u00e9, reconocida por su oferta gastron\u00f3mica, en la partida, otros de Altamira al paso del tren por esa localidad a baj\u00edsima velocidad, y finalmente de cientos de militantes y vecinos en la esperada culminaci\u00f3n del recorrido en la vieja Estaci\u00f3n Trocha de Mercedes, donde se mont\u00f3 un acto en el que no faltaron ni bombos ni c\u00e1nticos. Y la marcha peronista tambi\u00e9n se enton\u00f3 en la llegada del tren a destino, iniciada por varios emocionados pasajeros.<\/p>\n<p>Antes de los discursos, en el play\u00f3n de la Estaci\u00f3n Trocha, los funcionarios realizaron un viaje en el nuevo tren, acompa\u00f1ados por el ministro de Transporte, <strong>Diego Giuliano<\/strong>, el intendente de Mercedes, <strong>Juan Ustarroz<\/strong>, el de Luj\u00e1n <strong>Leo Boto<\/strong> y dirigentes gremiales ferroviarios.<\/p>\n<p>La ocasi\u00f3n tambi\u00e9n sirvi\u00f3 para mostrar las obras realizadas en el marco del Plan Federal de Revalorizaci\u00f3n y Preservaci\u00f3n del Patrimonio Hist\u00f3rico y Cultural Ferroviario, ejecutado por Trenes Argentinos Capital Humano, con el fin de poner en valor las infraestructuras edilicias que datan de principios del siglo XX en el tramo Mercedes-Tom\u00e1s Jofr\u00e9.<\/p>\n<p><strong>Un lento recorrido<\/strong><br \/>\nEn su trayecto entre Tom\u00e1s Jofr\u00e9 y Mercedes el tren hace un lento recorrido que se justifica en el estado de conservaci\u00f3n de las v\u00edas y puentes, y en la falta de barreras en los pasos a nivel, por lo que la formaci\u00f3n de dos vagones va tocando bocinazos al paso. Son pintorescos los pasajes por Altamira, la zona rural, el paso bajo la autopista 5 y el puente de hierro sobre el Ferrocarril Sarmiento y el San Mart\u00edn.<\/p>\n<p>La formaci\u00f3n en modo tur\u00edstico funcionar\u00e1 los d\u00edas domingo en un solo horario de ida y otro de vuelta entre Tom\u00e1s Jofr\u00e9 y Mercedes.<\/p>\n<p><img loading=\"lazy\" decoding=\"async\" class=\"alignnone size-full wp-image-115817\" src=\"https:\/\/noticiasmercedinas.com\/site\/wp-content\/uploads\/2023\/05\/todosIMG_7256.jpg\" alt=\"\" width=\"640\" height=\"427\" srcset=\"https:\/\/noticiasmercedinas.com\/site\/wp-content\/uploads\/2023\/05\/todosIMG_7256.jpg 640w, https:\/\/noticiasmercedinas.com\/site\/wp-content\/uploads\/2023\/05\/todosIMG_7256-300x200.jpg 300w\" sizes=\"auto, (max-width: 640px) 100vw, 640px\" \/><\/p>\n","protected":false},"excerpt":{"rendered":"<p>\u25a0 Se puso en marcha un recorrido por el Belgrano, revitalizando el ramal.  La formaci\u00f3n en modo tur\u00edstico funcionar\u00e1 los d\u00edas domingo en un solo horario de ida y otro de vuelta entre Tom\u00e1s Jofr\u00e9 y Mercedes.<\/p>\n","protected":false},"author":16,"featured_media":115815,"comment_status":"closed","ping_status":"closed","sticky":false,"template":"","format":"standard","meta":{"footnotes":""},"categories":[16,3],"tags":[1297,1116,9951,4963],"class_list":["post-115814","post","type-post","status-publish","format-standard","has-post-thumbnail","hentry","category-politica","category-sociedad","tag-sergio-massa","tag-tren","tag-tren-turistico","tag-wado-de-pedro"],"yoast_head":"<!-- This site is optimized with the Yoast SEO plugin v27.4 - https:\/\/yoast.com\/product\/yoast-seo-wordpress\/ -->\n<title>Ministros Wado De Pedro y Sergio Massa, juntos, en una actividad a todo tren en Mercedes<\/title>\n<meta name=\"robots\" content=\"index, follow, max-snippet:-1, max-image-preview:large, max-video-preview:-1\" \/>\n<link rel=\"canonical\" href=\"https:\/\/noticiasmercedinas.com\/site\/2023\/05\/27\/ministros-wado-de-pedro-y-sergio-massa-juntos-en-una-actividad-a-todo-tren-en-mercedes\/\" \/>\n<meta property=\"og:locale\" content=\"es_ES\" \/>\n<meta property=\"og:type\" content=\"article\" \/>\n<meta property=\"og:title\" content=\"Ministros Wado De Pedro y Sergio Massa, juntos, en una actividad a todo tren en Mercedes\" \/>\n<meta property=\"og:description\" content=\"\u25a0 Se puso en marcha un recorrido por el Belgrano, revitalizando el ramal. La formaci\u00f3n en modo tur\u00edstico funcionar\u00e1 los d\u00edas domingo en un solo horario de ida y otro de vuelta entre Tom\u00e1s Jofr\u00e9 y Mercedes.\" \/>\n<meta property=\"og:url\" content=\"https:\/\/noticiasmercedinas.com\/site\/2023\/05\/27\/ministros-wado-de-pedro-y-sergio-massa-juntos-en-una-actividad-a-todo-tren-en-mercedes\/\" \/>\n<meta property=\"og:site_name\" content=\"NOTICIASMERCEDINAS.COM\" \/>\n<meta property=\"article:publisher\" content=\"https:\/\/www.facebook.com\/noticiasmercedinas\/\" \/>\n<meta property=\"article:published_time\" content=\"2023-05-27T19:50:01+00:00\" \/>\n<meta property=\"article:modified_time\" content=\"2023-05-28T14:53:58+00:00\" \/>\n<meta property=\"og:image\" content=\"https:\/\/noticiasmercedinas.com\/site\/wp-content\/uploads\/2023\/05\/trenaa.jpg\" \/>\n\t<meta property=\"og:image:width\" content=\"1600\" \/>\n\t<meta property=\"og:image:height\" content=\"1200\" \/>\n\t<meta property=\"og:image:type\" content=\"image\/jpeg\" \/>\n<meta name=\"author\" content=\"NOTICIASMERCEDINAS.COM\" \/>\n<meta name=\"twitter:card\" content=\"summary_large_image\" \/>\n<meta name=\"twitter:creator\" content=\"@notmercedinas\" \/>\n<meta name=\"twitter:site\" content=\"@notmercedinas\" \/>\n<meta name=\"twitter:label1\" content=\"Escrito por\" \/>\n\t<meta name=\"twitter:data1\" content=\"NOTICIASMERCEDINAS.COM\" \/>\n\t<meta name=\"twitter:label2\" content=\"Tiempo de lectura\" \/>\n\t<meta name=\"twitter:data2\" content=\"4 minutos\" \/>\n<script type=\"application\/ld+json\" class=\"yoast-schema-graph\">{\"@context\":\"https:\\\/\\\/schema.org\",\"@graph\":[{\"@type\":\"Article\",\"@id\":\"https:\\\/\\\/noticiasmercedinas.com\\\/site\\\/2023\\\/05\\\/27\\\/ministros-wado-de-pedro-y-sergio-massa-juntos-en-una-actividad-a-todo-tren-en-mercedes\\\/#article\",\"isPartOf\":{\"@id\":\"https:\\\/\\\/noticiasmercedinas.com\\\/site\\\/2023\\\/05\\\/27\\\/ministros-wado-de-pedro-y-sergio-massa-juntos-en-una-actividad-a-todo-tren-en-mercedes\\\/\"},\"author\":{\"name\":\"NOTICIASMERCEDINAS.COM\",\"@id\":\"https:\\\/\\\/noticiasmercedinas.com\\\/site\\\/#\\\/schema\\\/person\\\/84b59c099c28ff2e8b77d4ceec5d8063\"},\"headline\":\"Ministros Wado De Pedro y Sergio Massa, juntos, en una actividad a todo tren en Mercedes\",\"datePublished\":\"2023-05-27T19:50:01+00:00\",\"dateModified\":\"2023-05-28T14:53:58+00:00\",\"mainEntityOfPage\":{\"@id\":\"https:\\\/\\\/noticiasmercedinas.com\\\/site\\\/2023\\\/05\\\/27\\\/ministros-wado-de-pedro-y-sergio-massa-juntos-en-una-actividad-a-todo-tren-en-mercedes\\\/\"},\"wordCount\":790,\"publisher\":{\"@id\":\"https:\\\/\\\/noticiasmercedinas.com\\\/site\\\/#organization\"},\"image\":{\"@id\":\"https:\\\/\\\/noticiasmercedinas.com\\\/site\\\/2023\\\/05\\\/27\\\/ministros-wado-de-pedro-y-sergio-massa-juntos-en-una-actividad-a-todo-tren-en-mercedes\\\/#primaryimage\"},\"thumbnailUrl\":\"https:\\\/\\\/noticiasmercedinas.com\\\/site\\\/wp-content\\\/uploads\\\/2023\\\/05\\\/trenaa.jpg\",\"keywords\":[\"sergio massa\",\"Tren\",\"tren turistico\",\"wado de pedro\"],\"articleSection\":[\"Politica\",\"Sociedad\"],\"inLanguage\":\"es\"},{\"@type\":\"WebPage\",\"@id\":\"https:\\\/\\\/noticiasmercedinas.com\\\/site\\\/2023\\\/05\\\/27\\\/ministros-wado-de-pedro-y-sergio-massa-juntos-en-una-actividad-a-todo-tren-en-mercedes\\\/\",\"url\":\"https:\\\/\\\/noticiasmercedinas.com\\\/site\\\/2023\\\/05\\\/27\\\/ministros-wado-de-pedro-y-sergio-massa-juntos-en-una-actividad-a-todo-tren-en-mercedes\\\/\",\"name\":\"Ministros Wado De Pedro y Sergio Massa, juntos, en una actividad a todo tren en Mercedes\",\"isPartOf\":{\"@id\":\"https:\\\/\\\/noticiasmercedinas.com\\\/site\\\/#website\"},\"primaryImageOfPage\":{\"@id\":\"https:\\\/\\\/noticiasmercedinas.com\\\/site\\\/2023\\\/05\\\/27\\\/ministros-wado-de-pedro-y-sergio-massa-juntos-en-una-actividad-a-todo-tren-en-mercedes\\\/#primaryimage\"},\"image\":{\"@id\":\"https:\\\/\\\/noticiasmercedinas.com\\\/site\\\/2023\\\/05\\\/27\\\/ministros-wado-de-pedro-y-sergio-massa-juntos-en-una-actividad-a-todo-tren-en-mercedes\\\/#primaryimage\"},\"thumbnailUrl\":\"https:\\\/\\\/noticiasmercedinas.com\\\/site\\\/wp-content\\\/uploads\\\/2023\\\/05\\\/trenaa.jpg\",\"datePublished\":\"2023-05-27T19:50:01+00:00\",\"dateModified\":\"2023-05-28T14:53:58+00:00\",\"breadcrumb\":{\"@id\":\"https:\\\/\\\/noticiasmercedinas.com\\\/site\\\/2023\\\/05\\\/27\\\/ministros-wado-de-pedro-y-sergio-massa-juntos-en-una-actividad-a-todo-tren-en-mercedes\\\/#breadcrumb\"},\"inLanguage\":\"es\",\"potentialAction\":[{\"@type\":\"ReadAction\",\"target\":[\"https:\\\/\\\/noticiasmercedinas.com\\\/site\\\/2023\\\/05\\\/27\\\/ministros-wado-de-pedro-y-sergio-massa-juntos-en-una-actividad-a-todo-tren-en-mercedes\\\/\"]}]},{\"@type\":\"ImageObject\",\"inLanguage\":\"es\",\"@id\":\"https:\\\/\\\/noticiasmercedinas.com\\\/site\\\/2023\\\/05\\\/27\\\/ministros-wado-de-pedro-y-sergio-massa-juntos-en-una-actividad-a-todo-tren-en-mercedes\\\/#primaryimage\",\"url\":\"https:\\\/\\\/noticiasmercedinas.com\\\/site\\\/wp-content\\\/uploads\\\/2023\\\/05\\\/trenaa.jpg\",\"contentUrl\":\"https:\\\/\\\/noticiasmercedinas.com\\\/site\\\/wp-content\\\/uploads\\\/2023\\\/05\\\/trenaa.jpg\",\"width\":1600,\"height\":1200},{\"@type\":\"BreadcrumbList\",\"@id\":\"https:\\\/\\\/noticiasmercedinas.com\\\/site\\\/2023\\\/05\\\/27\\\/ministros-wado-de-pedro-y-sergio-massa-juntos-en-una-actividad-a-todo-tren-en-mercedes\\\/#breadcrumb\",\"itemListElement\":[{\"@type\":\"ListItem\",\"position\":1,\"name\":\"Portada\",\"item\":\"https:\\\/\\\/noticiasmercedinas.com\\\/site\\\/\"},{\"@type\":\"ListItem\",\"position\":2,\"name\":\"Ministros Wado De Pedro y Sergio Massa, juntos, en una actividad a todo tren en Mercedes\"}]},{\"@type\":\"WebSite\",\"@id\":\"https:\\\/\\\/noticiasmercedinas.com\\\/site\\\/#website\",\"url\":\"https:\\\/\\\/noticiasmercedinas.com\\\/site\\\/\",\"name\":\"NOTICIASMERCEDINAS.COM\",\"description\":\"Mercedes, Buenos Aires, Argentina\",\"publisher\":{\"@id\":\"https:\\\/\\\/noticiasmercedinas.com\\\/site\\\/#organization\"},\"potentialAction\":[{\"@type\":\"SearchAction\",\"target\":{\"@type\":\"EntryPoint\",\"urlTemplate\":\"https:\\\/\\\/noticiasmercedinas.com\\\/site\\\/?s={search_term_string}\"},\"query-input\":{\"@type\":\"PropertyValueSpecification\",\"valueRequired\":true,\"valueName\":\"search_term_string\"}}],\"inLanguage\":\"es\"},{\"@type\":\"Organization\",\"@id\":\"https:\\\/\\\/noticiasmercedinas.com\\\/site\\\/#organization\",\"name\":\"NOTICIASMERCEDINAS.COM\",\"url\":\"https:\\\/\\\/noticiasmercedinas.com\\\/site\\\/\",\"logo\":{\"@type\":\"ImageObject\",\"inLanguage\":\"es\",\"@id\":\"https:\\\/\\\/noticiasmercedinas.com\\\/site\\\/#\\\/schema\\\/logo\\\/image\\\/\",\"url\":\"https:\\\/\\\/noticiasmercedinas.com\\\/site\\\/wp-content\\\/uploads\\\/2020\\\/06\\\/LOGO-512.jpg\",\"contentUrl\":\"https:\\\/\\\/noticiasmercedinas.com\\\/site\\\/wp-content\\\/uploads\\\/2020\\\/06\\\/LOGO-512.jpg\",\"width\":512,\"height\":512,\"caption\":\"NOTICIASMERCEDINAS.COM\"},\"image\":{\"@id\":\"https:\\\/\\\/noticiasmercedinas.com\\\/site\\\/#\\\/schema\\\/logo\\\/image\\\/\"},\"sameAs\":[\"https:\\\/\\\/www.facebook.com\\\/noticiasmercedinas\\\/\",\"https:\\\/\\\/x.com\\\/notmercedinas\",\"https:\\\/\\\/www.instagram.com\\\/noticiasmercedinas\\\/\"]},{\"@type\":\"Person\",\"@id\":\"https:\\\/\\\/noticiasmercedinas.com\\\/site\\\/#\\\/schema\\\/person\\\/84b59c099c28ff2e8b77d4ceec5d8063\",\"name\":\"NOTICIASMERCEDINAS.COM\",\"image\":{\"@type\":\"ImageObject\",\"inLanguage\":\"es\",\"@id\":\"https:\\\/\\\/secure.gravatar.com\\\/avatar\\\/4dfbf16b4d17945bfb6341b2d19043457132fcf478a5ee04f42e959fd8f5df0a?s=96&d=mm&r=g\",\"url\":\"https:\\\/\\\/secure.gravatar.com\\\/avatar\\\/4dfbf16b4d17945bfb6341b2d19043457132fcf478a5ee04f42e959fd8f5df0a?s=96&d=mm&r=g\",\"contentUrl\":\"https:\\\/\\\/secure.gravatar.com\\\/avatar\\\/4dfbf16b4d17945bfb6341b2d19043457132fcf478a5ee04f42e959fd8f5df0a?s=96&d=mm&r=g\",\"caption\":\"NOTICIASMERCEDINAS.COM\"},\"url\":\"https:\\\/\\\/noticiasmercedinas.com\\\/site\\\/author\\\/anonimo\\\/\"}]}<\/script>\n<!-- \/ Yoast SEO plugin. -->","yoast_head_json":{"title":"Ministros Wado De Pedro y Sergio Massa, juntos, en una actividad a todo tren en Mercedes","robots":{"index":"index","follow":"follow","max-snippet":"max-snippet:-1","max-image-preview":"max-image-preview:large","max-video-preview":"max-video-preview:-1"},"canonical":"https:\/\/noticiasmercedinas.com\/site\/2023\/05\/27\/ministros-wado-de-pedro-y-sergio-massa-juntos-en-una-actividad-a-todo-tren-en-mercedes\/","og_locale":"es_ES","og_type":"article","og_title":"Ministros Wado De Pedro y Sergio Massa, juntos, en una actividad a todo tren en Mercedes","og_description":"\u25a0 Se puso en marcha un recorrido por el Belgrano, revitalizando el ramal. La formaci\u00f3n en modo tur\u00edstico funcionar\u00e1 los d\u00edas domingo en un solo horario de ida y otro de vuelta entre Tom\u00e1s Jofr\u00e9 y Mercedes.","og_url":"https:\/\/noticiasmercedinas.com\/site\/2023\/05\/27\/ministros-wado-de-pedro-y-sergio-massa-juntos-en-una-actividad-a-todo-tren-en-mercedes\/","og_site_name":"NOTICIASMERCEDINAS.COM","article_publisher":"https:\/\/www.facebook.com\/noticiasmercedinas\/","article_published_time":"2023-05-27T19:50:01+00:00","article_modified_time":"2023-05-28T14:53:58+00:00","og_image":[{"width":1600,"height":1200,"url":"https:\/\/noticiasmercedinas.com\/site\/wp-content\/uploads\/2023\/05\/trenaa.jpg","type":"image\/jpeg"}],"author":"NOTICIASMERCEDINAS.COM","twitter_card":"summary_large_image","twitter_creator":"@notmercedinas","twitter_site":"@notmercedinas","twitter_misc":{"Escrito por":"NOTICIASMERCEDINAS.COM","Tiempo de lectura":"4 minutos"},"schema":{"@context":"https:\/\/schema.org","@graph":[{"@type":"Article","@id":"https:\/\/noticiasmercedinas.com\/site\/2023\/05\/27\/ministros-wado-de-pedro-y-sergio-massa-juntos-en-una-actividad-a-todo-tren-en-mercedes\/#article","isPartOf":{"@id":"https:\/\/noticiasmercedinas.com\/site\/2023\/05\/27\/ministros-wado-de-pedro-y-sergio-massa-juntos-en-una-actividad-a-todo-tren-en-mercedes\/"},"author":{"name":"NOTICIASMERCEDINAS.COM","@id":"https:\/\/noticiasmercedinas.com\/site\/#\/schema\/person\/84b59c099c28ff2e8b77d4ceec5d8063"},"headline":"Ministros Wado De Pedro y Sergio Massa, juntos, en una actividad a todo tren en Mercedes","datePublished":"2023-05-27T19:50:01+00:00","dateModified":"2023-05-28T14:53:58+00:00","mainEntityOfPage":{"@id":"https:\/\/noticiasmercedinas.com\/site\/2023\/05\/27\/ministros-wado-de-pedro-y-sergio-massa-juntos-en-una-actividad-a-todo-tren-en-mercedes\/"},"wordCount":790,"publisher":{"@id":"https:\/\/noticiasmercedinas.com\/site\/#organization"},"image":{"@id":"https:\/\/noticiasmercedinas.com\/site\/2023\/05\/27\/ministros-wado-de-pedro-y-sergio-massa-juntos-en-una-actividad-a-todo-tren-en-mercedes\/#primaryimage"},"thumbnailUrl":"https:\/\/noticiasmercedinas.com\/site\/wp-content\/uploads\/2023\/05\/trenaa.jpg","keywords":["sergio massa","Tren","tren turistico","wado de pedro"],"articleSection":["Politica","Sociedad"],"inLanguage":"es"},{"@type":"WebPage","@id":"https:\/\/noticiasmercedinas.com\/site\/2023\/05\/27\/ministros-wado-de-pedro-y-sergio-massa-juntos-en-una-actividad-a-todo-tren-en-mercedes\/","url":"https:\/\/noticiasmercedinas.com\/site\/2023\/05\/27\/ministros-wado-de-pedro-y-sergio-massa-juntos-en-una-actividad-a-todo-tren-en-mercedes\/","name":"Ministros Wado De Pedro y Sergio Massa, juntos, en una actividad a todo tren en Mercedes","isPartOf":{"@id":"https:\/\/noticiasmercedinas.com\/site\/#website"},"primaryImageOfPage":{"@id":"https:\/\/noticiasmercedinas.com\/site\/2023\/05\/27\/ministros-wado-de-pedro-y-sergio-massa-juntos-en-una-actividad-a-todo-tren-en-mercedes\/#primaryimage"},"image":{"@id":"https:\/\/noticiasmercedinas.com\/site\/2023\/05\/27\/ministros-wado-de-pedro-y-sergio-massa-juntos-en-una-actividad-a-todo-tren-en-mercedes\/#primaryimage"},"thumbnailUrl":"https:\/\/noticiasmercedinas.com\/site\/wp-content\/uploads\/2023\/05\/trenaa.jpg","datePublished":"2023-05-27T19:50:01+00:00","dateModified":"2023-05-28T14:53:58+00:00","breadcrumb":{"@id":"https:\/\/noticiasmercedinas.com\/site\/2023\/05\/27\/ministros-wado-de-pedro-y-sergio-massa-juntos-en-una-actividad-a-todo-tren-en-mercedes\/#breadcrumb"},"inLanguage":"es","potentialAction":[{"@type":"ReadAction","target":["https:\/\/noticiasmercedinas.com\/site\/2023\/05\/27\/ministros-wado-de-pedro-y-sergio-massa-juntos-en-una-actividad-a-todo-tren-en-mercedes\/"]}]},{"@type":"ImageObject","inLanguage":"es","@id":"https:\/\/noticiasmercedinas.com\/site\/2023\/05\/27\/ministros-wado-de-pedro-y-sergio-massa-juntos-en-una-actividad-a-todo-tren-en-mercedes\/#primaryimage","url":"https:\/\/noticiasmercedinas.com\/site\/wp-content\/uploads\/2023\/05\/trenaa.jpg","contentUrl":"https:\/\/noticiasmercedinas.com\/site\/wp-content\/uploads\/2023\/05\/trenaa.jpg","width":1600,"height":1200},{"@type":"BreadcrumbList","@id":"https:\/\/noticiasmercedinas.com\/site\/2023\/05\/27\/ministros-wado-de-pedro-y-sergio-massa-juntos-en-una-actividad-a-todo-tren-en-mercedes\/#breadcrumb","itemListElement":[{"@type":"ListItem","position":1,"name":"Portada","item":"https:\/\/noticiasmercedinas.com\/site\/"},{"@type":"ListItem","position":2,"name":"Ministros Wado De Pedro y Sergio Massa, juntos, en una actividad a todo tren en Mercedes"}]},{"@type":"WebSite","@id":"https:\/\/noticiasmercedinas.com\/site\/#website","url":"https:\/\/noticiasmercedinas.com\/site\/","name":"NOTICIASMERCEDINAS.COM","description":"Mercedes, Buenos Aires, Argentina","publisher":{"@id":"https:\/\/noticiasmercedinas.com\/site\/#organization"},"potentialAction":[{"@type":"SearchAction","target":{"@type":"EntryPoint","urlTemplate":"https:\/\/noticiasmercedinas.com\/site\/?s={search_term_string}"},"query-input":{"@type":"PropertyValueSpecification","valueRequired":true,"valueName":"search_term_string"}}],"inLanguage":"es"},{"@type":"Organization","@id":"https:\/\/noticiasmercedinas.com\/site\/#organization","name":"NOTICIASMERCEDINAS.COM","url":"https:\/\/noticiasmercedinas.com\/site\/","logo":{"@type":"ImageObject","inLanguage":"es","@id":"https:\/\/noticiasmercedinas.com\/site\/#\/schema\/logo\/image\/","url":"https:\/\/noticiasmercedinas.com\/site\/wp-content\/uploads\/2020\/06\/LOGO-512.jpg","contentUrl":"https:\/\/noticiasmercedinas.com\/site\/wp-content\/uploads\/2020\/06\/LOGO-512.jpg","width":512,"height":512,"caption":"NOTICIASMERCEDINAS.COM"},"image":{"@id":"https:\/\/noticiasmercedinas.com\/site\/#\/schema\/logo\/image\/"},"sameAs":["https:\/\/www.facebook.com\/noticiasmercedinas\/","https:\/\/x.com\/notmercedinas","https:\/\/www.instagram.com\/noticiasmercedinas\/"]},{"@type":"Person","@id":"https:\/\/noticiasmercedinas.com\/site\/#\/schema\/person\/84b59c099c28ff2e8b77d4ceec5d8063","name":"NOTICIASMERCEDINAS.COM","image":{"@type":"ImageObject","inLanguage":"es","@id":"https:\/\/secure.gravatar.com\/avatar\/4dfbf16b4d17945bfb6341b2d19043457132fcf478a5ee04f42e959fd8f5df0a?s=96&d=mm&r=g","url":"https:\/\/secure.gravatar.com\/avatar\/4dfbf16b4d17945bfb6341b2d19043457132fcf478a5ee04f42e959fd8f5df0a?s=96&d=mm&r=g","contentUrl":"https:\/\/secure.gravatar.com\/avatar\/4dfbf16b4d17945bfb6341b2d19043457132fcf478a5ee04f42e959fd8f5df0a?s=96&d=mm&r=g","caption":"NOTICIASMERCEDINAS.COM"},"url":"https:\/\/noticiasmercedinas.com\/site\/author\/anonimo\/"}]}},"amp_enabled":true,"_links":{"self":[{"href":"https:\/\/noticiasmercedinas.com\/site\/wp-json\/wp\/v2\/posts\/115814","targetHints":{"allow":["GET"]}}],"collection":[{"href":"https:\/\/noticiasmercedinas.com\/site\/wp-json\/wp\/v2\/posts"}],"about":[{"href":"https:\/\/noticiasmercedinas.com\/site\/wp-json\/wp\/v2\/types\/post"}],"author":[{"embeddable":true,"href":"https:\/\/noticiasmercedinas.com\/site\/wp-json\/wp\/v2\/users\/16"}],"replies":[{"embeddable":true,"href":"https:\/\/noticiasmercedinas.com\/site\/wp-json\/wp\/v2\/comments?post=115814"}],"version-history":[{"count":6,"href":"https:\/\/noticiasmercedinas.com\/site\/wp-json\/wp\/v2\/posts\/115814\/revisions"}],"predecessor-version":[{"id":115861,"href":"https:\/\/noticiasmercedinas.com\/site\/wp-json\/wp\/v2\/posts\/115814\/revisions\/115861"}],"wp:featuredmedia":[{"embeddable":true,"href":"https:\/\/noticiasmercedinas.com\/site\/wp-json\/wp\/v2\/media\/115815"}],"wp:attachment":[{"href":"https:\/\/noticiasmercedinas.com\/site\/wp-json\/wp\/v2\/media?parent=115814"}],"wp:term":[{"taxonomy":"category","embeddable":true,"href":"https:\/\/noticiasmercedinas.com\/site\/wp-json\/wp\/v2\/categories?post=115814"},{"taxonomy":"post_tag","embeddable":true,"href":"https:\/\/noticiasmercedinas.com\/site\/wp-json\/wp\/v2\/tags?post=115814"}],"curies":[{"name":"wp","href":"https:\/\/api.w.org\/{rel}","templated":true}]}}