{"id":115822,"date":"2023-05-27T20:22:14","date_gmt":"2023-05-27T23:22:14","guid":{"rendered":"https:\/\/noticiasmercedinas.com\/site\/?p=115822"},"modified":"2023-05-27T20:22:14","modified_gmt":"2023-05-27T23:22:14","slug":"holanda-y-defensores-duenos-de-resultados","status":"publish","type":"post","link":"https:\/\/noticiasmercedinas.com\/site\/2023\/05\/27\/holanda-y-defensores-duenos-de-resultados\/","title":{"rendered":"Holanda y Defensores due\u00f1os de resultados"},"content":{"rendered":"<figure id=\"attachment_115823\" aria-describedby=\"caption-attachment-115823\" style=\"width: 640px\" class=\"wp-caption alignnone\"><img loading=\"lazy\" decoding=\"async\" class=\"wp-image-115823 size-full\" src=\"https:\/\/noticiasmercedinas.com\/site\/wp-content\/uploads\/2023\/05\/IMG_6606.jpg\" alt=\"\" width=\"640\" height=\"409\" srcset=\"https:\/\/noticiasmercedinas.com\/site\/wp-content\/uploads\/2023\/05\/IMG_6606.jpg 640w, https:\/\/noticiasmercedinas.com\/site\/wp-content\/uploads\/2023\/05\/IMG_6606-300x192.jpg 300w\" sizes=\"auto, (max-width: 640px) 100vw, 640px\" \/><figcaption id=\"caption-attachment-115823\" class=\"wp-caption-text\">Holanda due\u00f1o de la pelota ante Talleres.<\/figcaption><\/figure>\n<p>La und\u00e9cima fecha de Segunda comenz\u00f3 a jugarse este s\u00e1bado 27 en cancha de la Liga, sobresaliendo la victoria de Holanda ante Talleres. Es que con los tres puntos extiende su buena campa\u00f1a y por el momento es puntero, All Haz jugar\u00e1 este domingo en cancha de Quilmes y all\u00ed se conocer\u00e1 si cambia la cima.<\/p>\n<p><strong>Holanda 3:<\/strong> Patricio Monteamore, Facundo Sotelo, Dar\u00edo Duarte, Braian Climi\u00f1o, Maximiliano Mart\u00edn, Mauricio Escudero, Bruno Chaparro, Joaqu\u00edn Mosca, Joaqu\u00edn Barrionuevo, Rodrigo Colicigno y Facundo P\u00e9rez. <strong>DT:<\/strong> Diego Miranda. <strong>Relevos:<\/strong> Alejandro Ibaldi y Nicol\u00e1s Romero.<\/p>\n<p><strong>Talleres 0:<\/strong> Catriel Resqu\u00edn, Jorge Pai, Alexander Furriol, Segundo Morales, Alberto Achucarro, Gustavo morales, Marcos Gullo, Luciano Romero, Diego Gorosito, Lautaro Far\u00edas y Sergio Ram\u00edrez. <strong>DT:<\/strong> Javier Debiase. <strong>Relevos:<\/strong> Tom\u00e1s L\u00f3pez y Sergio Ben\u00edtez.<\/p>\n<p><strong>Gol en el PT:<\/strong> A los 28\u2019 Barrionuevo para Holanda.<br \/>\n<strong>Gol en el ST: <\/strong>A los 9\u2019 Chaparro y a los 45\u2019 Branchini para Holanda.<br \/>\n<strong>Cambios:<\/strong> Lucas Branchini por Barrionuevo, Cristian Su\u00e1rez por Mosca, Gonz\u00e1lez por Mart\u00ednez, Francisco Gorosito por P\u00e9rez y Benjam\u00edn Castillo por Chaparro en Holanda. Mario Morales por Furriol y Ezequiel Morales por Gullo en Talleres.<br \/>\n<strong>Arbitro:<\/strong> Diego Gauna (CADEP).<br \/>\n<strong>Expulsado: <\/strong>Duarte en Holanda a los 33\u2019 del PT.<\/p>\n<p><img loading=\"lazy\" decoding=\"async\" class=\"alignnone size-full wp-image-115824\" src=\"https:\/\/noticiasmercedinas.com\/site\/wp-content\/uploads\/2023\/05\/IMG_6615.jpg\" alt=\"\" width=\"640\" height=\"427\" srcset=\"https:\/\/noticiasmercedinas.com\/site\/wp-content\/uploads\/2023\/05\/IMG_6615.jpg 640w, https:\/\/noticiasmercedinas.com\/site\/wp-content\/uploads\/2023\/05\/IMG_6615-300x200.jpg 300w\" sizes=\"auto, (max-width: 640px) 100vw, 640px\" \/><\/p>\n<p>En el restante partido el s\u00e1bado, en Segunda, Gowland de buen primer tiempo complic\u00f3 a Defensores a tal punto de ponerse 0-1 con el cabezazo de Gonz\u00e1lez. Tras la media hora acertar\u00eda en la definici\u00f3n el \u201cCeleste\u201d con Lucero y a partir de all\u00ed el juego fue tomando otro rumbo. Logrando dar vuelta la historia para mantenerse tercero. Gowland termin\u00f3 con 9 producto de dos expulsiones.<\/p>\n<p><strong>Defensores 4:<\/strong> Maximiliano Gim\u00e9nez, Mart\u00edn Ag\u00fcero, Valent\u00edn Ju\u00e1rez, Lucas Ortubia, Franco Ju\u00e1rez, Cristian Lucero, Nicol\u00e1s Villalva, Nicol\u00e1s Montenegro, Leandro Amado, Pablo D\u00edaz y Brian Lucero. <strong>DT: <\/strong>Carlos Molina. <strong>Relevo: <\/strong>Mat\u00edas Ag\u00fcero.<\/p>\n<p><strong>Gowland 1:<\/strong> Franco Trejo, Franco Gim\u00e9nez, Guillermo Larroque, Ignacio Bigongiari, Jonathan Damonte, Fabi\u00e1n Alvarez, Jonathan Acosta, Joel Tust, Sebasti\u00e1n Rodr\u00edguez, Mat\u00edas Gonz\u00e1lez y Mat\u00edas Sansone. <strong>DT:<\/strong> Flores. <strong>Relevo:<\/strong> Julio Maciel.<\/p>\n<p><strong>Gol en el PT:<\/strong> A los 20\u2019 Gonz\u00e1lez para Gowland y a los 33\u2019 B. Lucero para Defensores.<br \/>\n<strong>Gol en el ST: <\/strong>A los 12\u2019 Amado, 40\u2019 D\u00edaz y a los 6\u2019 Alvarez en contra \u00a0para Defensores.<br \/>\n<strong>Cambios:<\/strong> Pedro Larrea por Ortubia, Juli\u00e1n Ag\u00fcero por C. Lucero, Sebasti\u00e1n Casco por Villalva y Thiago Nacimiento por Montenegro en Defensores. Nicol\u00e1s Verd\u00fan por Bigongiari, R\u00faben Madrazo por Rodr\u00edguez, Adri\u00e1n Flores por Acosta, Antonio L\u00f3pez por Sansone y Fabricio Roth por Gonz\u00e1lez. en Gowland.<br \/>\n<strong>Arbitro:<\/strong> Germ\u00e1n Gauna (CADEP).<br \/>\n<strong>Expulsado:<\/strong> A los 5\u2018 del ST Bigongiari en Gowland. A los 47\u2019 del ST Damonte en Gowland.<\/p>\n<p><strong>Cancha:<\/strong> Quilmes.<br \/>\n<strong>Segunda<\/strong><br \/>\nA las 13.30 All Haz vs. Atl\u00e9tico General Rodr\u00edguez.<\/p>\n<p><img loading=\"lazy\" decoding=\"async\" class=\"alignnone size-full wp-image-115825\" src=\"https:\/\/noticiasmercedinas.com\/site\/wp-content\/uploads\/2023\/05\/Segunda-division-A-6.jpg\" alt=\"\" width=\"640\" height=\"300\" srcset=\"https:\/\/noticiasmercedinas.com\/site\/wp-content\/uploads\/2023\/05\/Segunda-division-A-6.jpg 640w, https:\/\/noticiasmercedinas.com\/site\/wp-content\/uploads\/2023\/05\/Segunda-division-A-6-300x141.jpg 300w\" sizes=\"auto, (max-width: 640px) 100vw, 640px\" \/><\/p>\n","protected":false},"excerpt":{"rendered":"<p>\u25a0 Le gan\u00f3 3-0 el \u201cNaranja\u201d a Talleres y es puntero. Fue 4-1 del \u201cCeleste\u201d a Gowland. Este domingo juegan en Quilmes los equipos de All Haz y Atl\u00e9tico General Rodr\u00edguez cerrando la und\u00e9cima fecha de Segunda.  <\/p>\n","protected":false},"author":6,"featured_media":115823,"comment_status":"closed","ping_status":"closed","sticky":false,"template":"","format":"standard","meta":{"footnotes":""},"categories":[5],"tags":[3346,14141],"class_list":["post-115822","post","type-post","status-publish","format-standard","has-post-thumbnail","hentry","category-deportes","tag-liga-mercedina-de-futbol","tag-segunda-division-a"],"yoast_head":"<!-- This site is optimized with the Yoast SEO plugin v27.5 - https:\/\/yoast.com\/product\/yoast-seo-wordpress\/ -->\n<title>Holanda y Defensores due\u00f1os de resultados<\/title>\n<meta name=\"robots\" content=\"index, follow, max-snippet:-1, max-image-preview:large, max-video-preview:-1\" \/>\n<link rel=\"canonical\" href=\"https:\/\/noticiasmercedinas.com\/site\/2023\/05\/27\/holanda-y-defensores-duenos-de-resultados\/\" \/>\n<meta property=\"og:locale\" content=\"es_ES\" \/>\n<meta property=\"og:type\" content=\"article\" \/>\n<meta property=\"og:title\" content=\"Holanda y Defensores due\u00f1os de resultados\" \/>\n<meta property=\"og:description\" content=\"\u25a0 Le gan\u00f3 3-0 el \u201cNaranja\u201d a Talleres y es puntero. Fue 4-1 del \u201cCeleste\u201d a Gowland. Este domingo juegan en Quilmes los equipos de All Haz y Atl\u00e9tico General Rodr\u00edguez cerrando la und\u00e9cima fecha de Segunda.\" \/>\n<meta property=\"og:url\" content=\"https:\/\/noticiasmercedinas.com\/site\/2023\/05\/27\/holanda-y-defensores-duenos-de-resultados\/\" \/>\n<meta property=\"og:site_name\" content=\"NOTICIASMERCEDINAS.COM\" \/>\n<meta property=\"article:publisher\" content=\"https:\/\/www.facebook.com\/noticiasmercedinas\/\" \/>\n<meta property=\"article:published_time\" content=\"2023-05-27T23:22:14+00:00\" \/>\n<meta property=\"og:image\" content=\"https:\/\/noticiasmercedinas.com\/site\/wp-content\/uploads\/2023\/05\/IMG_6606.jpg\" \/>\n\t<meta property=\"og:image:width\" content=\"640\" \/>\n\t<meta property=\"og:image:height\" content=\"409\" \/>\n\t<meta property=\"og:image:type\" content=\"image\/jpeg\" \/>\n<meta name=\"author\" content=\"Juan Dagnino NOTICIASMERCEDINAS.COM\" \/>\n<meta name=\"twitter:card\" content=\"summary_large_image\" \/>\n<meta name=\"twitter:creator\" content=\"@notmercedinas\" \/>\n<meta name=\"twitter:site\" content=\"@notmercedinas\" \/>\n<meta name=\"twitter:label1\" content=\"Escrito por\" \/>\n\t<meta name=\"twitter:data1\" content=\"Juan Dagnino NOTICIASMERCEDINAS.COM\" \/>\n\t<meta name=\"twitter:label2\" content=\"Tiempo de lectura\" \/>\n\t<meta name=\"twitter:data2\" content=\"3 minutos\" \/>\n<script type=\"application\/ld+json\" class=\"yoast-schema-graph\">{\"@context\":\"https:\\\/\\\/schema.org\",\"@graph\":[{\"@type\":\"Article\",\"@id\":\"https:\\\/\\\/noticiasmercedinas.com\\\/site\\\/2023\\\/05\\\/27\\\/holanda-y-defensores-duenos-de-resultados\\\/#article\",\"isPartOf\":{\"@id\":\"https:\\\/\\\/noticiasmercedinas.com\\\/site\\\/2023\\\/05\\\/27\\\/holanda-y-defensores-duenos-de-resultados\\\/\"},\"author\":{\"name\":\"Juan Dagnino NOTICIASMERCEDINAS.COM\",\"@id\":\"https:\\\/\\\/noticiasmercedinas.com\\\/site\\\/#\\\/schema\\\/person\\\/8f2f09d666ef40986eba4a5e6f2a06f9\"},\"headline\":\"Holanda y Defensores due\u00f1os de resultados\",\"datePublished\":\"2023-05-27T23:22:14+00:00\",\"mainEntityOfPage\":{\"@id\":\"https:\\\/\\\/noticiasmercedinas.com\\\/site\\\/2023\\\/05\\\/27\\\/holanda-y-defensores-duenos-de-resultados\\\/\"},\"wordCount\":499,\"publisher\":{\"@id\":\"https:\\\/\\\/noticiasmercedinas.com\\\/site\\\/#organization\"},\"image\":{\"@id\":\"https:\\\/\\\/noticiasmercedinas.com\\\/site\\\/2023\\\/05\\\/27\\\/holanda-y-defensores-duenos-de-resultados\\\/#primaryimage\"},\"thumbnailUrl\":\"https:\\\/\\\/noticiasmercedinas.com\\\/site\\\/wp-content\\\/uploads\\\/2023\\\/05\\\/IMG_6606.jpg\",\"keywords\":[\"Liga Mercedina de F\u00fatbol\",\"segunda divisi\u00f3n a\"],\"articleSection\":[\"Deportes\"],\"inLanguage\":\"es\"},{\"@type\":\"WebPage\",\"@id\":\"https:\\\/\\\/noticiasmercedinas.com\\\/site\\\/2023\\\/05\\\/27\\\/holanda-y-defensores-duenos-de-resultados\\\/\",\"url\":\"https:\\\/\\\/noticiasmercedinas.com\\\/site\\\/2023\\\/05\\\/27\\\/holanda-y-defensores-duenos-de-resultados\\\/\",\"name\":\"Holanda y Defensores due\u00f1os de resultados\",\"isPartOf\":{\"@id\":\"https:\\\/\\\/noticiasmercedinas.com\\\/site\\\/#website\"},\"primaryImageOfPage\":{\"@id\":\"https:\\\/\\\/noticiasmercedinas.com\\\/site\\\/2023\\\/05\\\/27\\\/holanda-y-defensores-duenos-de-resultados\\\/#primaryimage\"},\"image\":{\"@id\":\"https:\\\/\\\/noticiasmercedinas.com\\\/site\\\/2023\\\/05\\\/27\\\/holanda-y-defensores-duenos-de-resultados\\\/#primaryimage\"},\"thumbnailUrl\":\"https:\\\/\\\/noticiasmercedinas.com\\\/site\\\/wp-content\\\/uploads\\\/2023\\\/05\\\/IMG_6606.jpg\",\"datePublished\":\"2023-05-27T23:22:14+00:00\",\"breadcrumb\":{\"@id\":\"https:\\\/\\\/noticiasmercedinas.com\\\/site\\\/2023\\\/05\\\/27\\\/holanda-y-defensores-duenos-de-resultados\\\/#breadcrumb\"},\"inLanguage\":\"es\",\"potentialAction\":[{\"@type\":\"ReadAction\",\"target\":[\"https:\\\/\\\/noticiasmercedinas.com\\\/site\\\/2023\\\/05\\\/27\\\/holanda-y-defensores-duenos-de-resultados\\\/\"]}]},{\"@type\":\"ImageObject\",\"inLanguage\":\"es\",\"@id\":\"https:\\\/\\\/noticiasmercedinas.com\\\/site\\\/2023\\\/05\\\/27\\\/holanda-y-defensores-duenos-de-resultados\\\/#primaryimage\",\"url\":\"https:\\\/\\\/noticiasmercedinas.com\\\/site\\\/wp-content\\\/uploads\\\/2023\\\/05\\\/IMG_6606.jpg\",\"contentUrl\":\"https:\\\/\\\/noticiasmercedinas.com\\\/site\\\/wp-content\\\/uploads\\\/2023\\\/05\\\/IMG_6606.jpg\",\"width\":640,\"height\":409},{\"@type\":\"BreadcrumbList\",\"@id\":\"https:\\\/\\\/noticiasmercedinas.com\\\/site\\\/2023\\\/05\\\/27\\\/holanda-y-defensores-duenos-de-resultados\\\/#breadcrumb\",\"itemListElement\":[{\"@type\":\"ListItem\",\"position\":1,\"name\":\"Portada\",\"item\":\"https:\\\/\\\/noticiasmercedinas.com\\\/site\\\/\"},{\"@type\":\"ListItem\",\"position\":2,\"name\":\"Holanda y Defensores due\u00f1os de resultados\"}]},{\"@type\":\"WebSite\",\"@id\":\"https:\\\/\\\/noticiasmercedinas.com\\\/site\\\/#website\",\"url\":\"https:\\\/\\\/noticiasmercedinas.com\\\/site\\\/\",\"name\":\"NOTICIASMERCEDINAS.COM\",\"description\":\"Mercedes, Buenos Aires, Argentina\",\"publisher\":{\"@id\":\"https:\\\/\\\/noticiasmercedinas.com\\\/site\\\/#organization\"},\"potentialAction\":[{\"@type\":\"SearchAction\",\"target\":{\"@type\":\"EntryPoint\",\"urlTemplate\":\"https:\\\/\\\/noticiasmercedinas.com\\\/site\\\/?s={search_term_string}\"},\"query-input\":{\"@type\":\"PropertyValueSpecification\",\"valueRequired\":true,\"valueName\":\"search_term_string\"}}],\"inLanguage\":\"es\"},{\"@type\":\"Organization\",\"@id\":\"https:\\\/\\\/noticiasmercedinas.com\\\/site\\\/#organization\",\"name\":\"NOTICIASMERCEDINAS.COM\",\"url\":\"https:\\\/\\\/noticiasmercedinas.com\\\/site\\\/\",\"logo\":{\"@type\":\"ImageObject\",\"inLanguage\":\"es\",\"@id\":\"https:\\\/\\\/noticiasmercedinas.com\\\/site\\\/#\\\/schema\\\/logo\\\/image\\\/\",\"url\":\"https:\\\/\\\/noticiasmercedinas.com\\\/site\\\/wp-content\\\/uploads\\\/2020\\\/06\\\/LOGO-512.jpg\",\"contentUrl\":\"https:\\\/\\\/noticiasmercedinas.com\\\/site\\\/wp-content\\\/uploads\\\/2020\\\/06\\\/LOGO-512.jpg\",\"width\":512,\"height\":512,\"caption\":\"NOTICIASMERCEDINAS.COM\"},\"image\":{\"@id\":\"https:\\\/\\\/noticiasmercedinas.com\\\/site\\\/#\\\/schema\\\/logo\\\/image\\\/\"},\"sameAs\":[\"https:\\\/\\\/www.facebook.com\\\/noticiasmercedinas\\\/\",\"https:\\\/\\\/x.com\\\/notmercedinas\",\"https:\\\/\\\/www.instagram.com\\\/noticiasmercedinas\\\/\"]},{\"@type\":\"Person\",\"@id\":\"https:\\\/\\\/noticiasmercedinas.com\\\/site\\\/#\\\/schema\\\/person\\\/8f2f09d666ef40986eba4a5e6f2a06f9\",\"name\":\"Juan Dagnino NOTICIASMERCEDINAS.COM\",\"image\":{\"@type\":\"ImageObject\",\"inLanguage\":\"es\",\"@id\":\"https:\\\/\\\/secure.gravatar.com\\\/avatar\\\/fc7059a769f5a3cae65fadb228a3e4accf3a64b4b2305020d0a27e6d5333c91b?s=96&d=mm&r=g\",\"url\":\"https:\\\/\\\/secure.gravatar.com\\\/avatar\\\/fc7059a769f5a3cae65fadb228a3e4accf3a64b4b2305020d0a27e6d5333c91b?s=96&d=mm&r=g\",\"contentUrl\":\"https:\\\/\\\/secure.gravatar.com\\\/avatar\\\/fc7059a769f5a3cae65fadb228a3e4accf3a64b4b2305020d0a27e6d5333c91b?s=96&d=mm&r=g\",\"caption\":\"Juan Dagnino NOTICIASMERCEDINAS.COM\"},\"url\":\"https:\\\/\\\/noticiasmercedinas.com\\\/site\\\/author\\\/juandagnino\\\/\"}]}<\/script>\n<!-- \/ Yoast SEO plugin. -->","yoast_head_json":{"title":"Holanda y Defensores due\u00f1os de resultados","robots":{"index":"index","follow":"follow","max-snippet":"max-snippet:-1","max-image-preview":"max-image-preview:large","max-video-preview":"max-video-preview:-1"},"canonical":"https:\/\/noticiasmercedinas.com\/site\/2023\/05\/27\/holanda-y-defensores-duenos-de-resultados\/","og_locale":"es_ES","og_type":"article","og_title":"Holanda y Defensores due\u00f1os de resultados","og_description":"\u25a0 Le gan\u00f3 3-0 el \u201cNaranja\u201d a Talleres y es puntero. Fue 4-1 del \u201cCeleste\u201d a Gowland. Este domingo juegan en Quilmes los equipos de All Haz y Atl\u00e9tico General Rodr\u00edguez cerrando la und\u00e9cima fecha de Segunda.","og_url":"https:\/\/noticiasmercedinas.com\/site\/2023\/05\/27\/holanda-y-defensores-duenos-de-resultados\/","og_site_name":"NOTICIASMERCEDINAS.COM","article_publisher":"https:\/\/www.facebook.com\/noticiasmercedinas\/","article_published_time":"2023-05-27T23:22:14+00:00","og_image":[{"width":640,"height":409,"url":"https:\/\/noticiasmercedinas.com\/site\/wp-content\/uploads\/2023\/05\/IMG_6606.jpg","type":"image\/jpeg"}],"author":"Juan Dagnino NOTICIASMERCEDINAS.COM","twitter_card":"summary_large_image","twitter_creator":"@notmercedinas","twitter_site":"@notmercedinas","twitter_misc":{"Escrito por":"Juan Dagnino NOTICIASMERCEDINAS.COM","Tiempo de lectura":"3 minutos"},"schema":{"@context":"https:\/\/schema.org","@graph":[{"@type":"Article","@id":"https:\/\/noticiasmercedinas.com\/site\/2023\/05\/27\/holanda-y-defensores-duenos-de-resultados\/#article","isPartOf":{"@id":"https:\/\/noticiasmercedinas.com\/site\/2023\/05\/27\/holanda-y-defensores-duenos-de-resultados\/"},"author":{"name":"Juan Dagnino NOTICIASMERCEDINAS.COM","@id":"https:\/\/noticiasmercedinas.com\/site\/#\/schema\/person\/8f2f09d666ef40986eba4a5e6f2a06f9"},"headline":"Holanda y Defensores due\u00f1os de resultados","datePublished":"2023-05-27T23:22:14+00:00","mainEntityOfPage":{"@id":"https:\/\/noticiasmercedinas.com\/site\/2023\/05\/27\/holanda-y-defensores-duenos-de-resultados\/"},"wordCount":499,"publisher":{"@id":"https:\/\/noticiasmercedinas.com\/site\/#organization"},"image":{"@id":"https:\/\/noticiasmercedinas.com\/site\/2023\/05\/27\/holanda-y-defensores-duenos-de-resultados\/#primaryimage"},"thumbnailUrl":"https:\/\/noticiasmercedinas.com\/site\/wp-content\/uploads\/2023\/05\/IMG_6606.jpg","keywords":["Liga Mercedina de F\u00fatbol","segunda divisi\u00f3n a"],"articleSection":["Deportes"],"inLanguage":"es"},{"@type":"WebPage","@id":"https:\/\/noticiasmercedinas.com\/site\/2023\/05\/27\/holanda-y-defensores-duenos-de-resultados\/","url":"https:\/\/noticiasmercedinas.com\/site\/2023\/05\/27\/holanda-y-defensores-duenos-de-resultados\/","name":"Holanda y Defensores due\u00f1os de resultados","isPartOf":{"@id":"https:\/\/noticiasmercedinas.com\/site\/#website"},"primaryImageOfPage":{"@id":"https:\/\/noticiasmercedinas.com\/site\/2023\/05\/27\/holanda-y-defensores-duenos-de-resultados\/#primaryimage"},"image":{"@id":"https:\/\/noticiasmercedinas.com\/site\/2023\/05\/27\/holanda-y-defensores-duenos-de-resultados\/#primaryimage"},"thumbnailUrl":"https:\/\/noticiasmercedinas.com\/site\/wp-content\/uploads\/2023\/05\/IMG_6606.jpg","datePublished":"2023-05-27T23:22:14+00:00","breadcrumb":{"@id":"https:\/\/noticiasmercedinas.com\/site\/2023\/05\/27\/holanda-y-defensores-duenos-de-resultados\/#breadcrumb"},"inLanguage":"es","potentialAction":[{"@type":"ReadAction","target":["https:\/\/noticiasmercedinas.com\/site\/2023\/05\/27\/holanda-y-defensores-duenos-de-resultados\/"]}]},{"@type":"ImageObject","inLanguage":"es","@id":"https:\/\/noticiasmercedinas.com\/site\/2023\/05\/27\/holanda-y-defensores-duenos-de-resultados\/#primaryimage","url":"https:\/\/noticiasmercedinas.com\/site\/wp-content\/uploads\/2023\/05\/IMG_6606.jpg","contentUrl":"https:\/\/noticiasmercedinas.com\/site\/wp-content\/uploads\/2023\/05\/IMG_6606.jpg","width":640,"height":409},{"@type":"BreadcrumbList","@id":"https:\/\/noticiasmercedinas.com\/site\/2023\/05\/27\/holanda-y-defensores-duenos-de-resultados\/#breadcrumb","itemListElement":[{"@type":"ListItem","position":1,"name":"Portada","item":"https:\/\/noticiasmercedinas.com\/site\/"},{"@type":"ListItem","position":2,"name":"Holanda y Defensores due\u00f1os de resultados"}]},{"@type":"WebSite","@id":"https:\/\/noticiasmercedinas.com\/site\/#website","url":"https:\/\/noticiasmercedinas.com\/site\/","name":"NOTICIASMERCEDINAS.COM","description":"Mercedes, Buenos Aires, Argentina","publisher":{"@id":"https:\/\/noticiasmercedinas.com\/site\/#organization"},"potentialAction":[{"@type":"SearchAction","target":{"@type":"EntryPoint","urlTemplate":"https:\/\/noticiasmercedinas.com\/site\/?s={search_term_string}"},"query-input":{"@type":"PropertyValueSpecification","valueRequired":true,"valueName":"search_term_string"}}],"inLanguage":"es"},{"@type":"Organization","@id":"https:\/\/noticiasmercedinas.com\/site\/#organization","name":"NOTICIASMERCEDINAS.COM","url":"https:\/\/noticiasmercedinas.com\/site\/","logo":{"@type":"ImageObject","inLanguage":"es","@id":"https:\/\/noticiasmercedinas.com\/site\/#\/schema\/logo\/image\/","url":"https:\/\/noticiasmercedinas.com\/site\/wp-content\/uploads\/2020\/06\/LOGO-512.jpg","contentUrl":"https:\/\/noticiasmercedinas.com\/site\/wp-content\/uploads\/2020\/06\/LOGO-512.jpg","width":512,"height":512,"caption":"NOTICIASMERCEDINAS.COM"},"image":{"@id":"https:\/\/noticiasmercedinas.com\/site\/#\/schema\/logo\/image\/"},"sameAs":["https:\/\/www.facebook.com\/noticiasmercedinas\/","https:\/\/x.com\/notmercedinas","https:\/\/www.instagram.com\/noticiasmercedinas\/"]},{"@type":"Person","@id":"https:\/\/noticiasmercedinas.com\/site\/#\/schema\/person\/8f2f09d666ef40986eba4a5e6f2a06f9","name":"Juan Dagnino NOTICIASMERCEDINAS.COM","image":{"@type":"ImageObject","inLanguage":"es","@id":"https:\/\/secure.gravatar.com\/avatar\/fc7059a769f5a3cae65fadb228a3e4accf3a64b4b2305020d0a27e6d5333c91b?s=96&d=mm&r=g","url":"https:\/\/secure.gravatar.com\/avatar\/fc7059a769f5a3cae65fadb228a3e4accf3a64b4b2305020d0a27e6d5333c91b?s=96&d=mm&r=g","contentUrl":"https:\/\/secure.gravatar.com\/avatar\/fc7059a769f5a3cae65fadb228a3e4accf3a64b4b2305020d0a27e6d5333c91b?s=96&d=mm&r=g","caption":"Juan Dagnino NOTICIASMERCEDINAS.COM"},"url":"https:\/\/noticiasmercedinas.com\/site\/author\/juandagnino\/"}]}},"amp_enabled":true,"_links":{"self":[{"href":"https:\/\/noticiasmercedinas.com\/site\/wp-json\/wp\/v2\/posts\/115822","targetHints":{"allow":["GET"]}}],"collection":[{"href":"https:\/\/noticiasmercedinas.com\/site\/wp-json\/wp\/v2\/posts"}],"about":[{"href":"https:\/\/noticiasmercedinas.com\/site\/wp-json\/wp\/v2\/types\/post"}],"author":[{"embeddable":true,"href":"https:\/\/noticiasmercedinas.com\/site\/wp-json\/wp\/v2\/users\/6"}],"replies":[{"embeddable":true,"href":"https:\/\/noticiasmercedinas.com\/site\/wp-json\/wp\/v2\/comments?post=115822"}],"version-history":[{"count":1,"href":"https:\/\/noticiasmercedinas.com\/site\/wp-json\/wp\/v2\/posts\/115822\/revisions"}],"predecessor-version":[{"id":115826,"href":"https:\/\/noticiasmercedinas.com\/site\/wp-json\/wp\/v2\/posts\/115822\/revisions\/115826"}],"wp:featuredmedia":[{"embeddable":true,"href":"https:\/\/noticiasmercedinas.com\/site\/wp-json\/wp\/v2\/media\/115823"}],"wp:attachment":[{"href":"https:\/\/noticiasmercedinas.com\/site\/wp-json\/wp\/v2\/media?parent=115822"}],"wp:term":[{"taxonomy":"category","embeddable":true,"href":"https:\/\/noticiasmercedinas.com\/site\/wp-json\/wp\/v2\/categories?post=115822"},{"taxonomy":"post_tag","embeddable":true,"href":"https:\/\/noticiasmercedinas.com\/site\/wp-json\/wp\/v2\/tags?post=115822"}],"curies":[{"name":"wp","href":"https:\/\/api.w.org\/{rel}","templated":true}]}}