{"id":115845,"date":"2023-05-27T22:20:40","date_gmt":"2023-05-28T01:20:40","guid":{"rendered":"https:\/\/noticiasmercedinas.com\/site\/?p=115845"},"modified":"2023-05-27T22:20:40","modified_gmt":"2023-05-28T01:20:40","slug":"la-liga-sera-escenario-de-la-definicion-de-la-d","status":"publish","type":"post","link":"https:\/\/noticiasmercedinas.com\/site\/2023\/05\/27\/la-liga-sera-escenario-de-la-definicion-de-la-d\/","title":{"rendered":"La Liga ser\u00e1 escenario de la definici\u00f3n de la D"},"content":{"rendered":"<figure id=\"attachment_115846\" aria-describedby=\"caption-attachment-115846\" style=\"width: 640px\" class=\"wp-caption alignnone\"><img loading=\"lazy\" decoding=\"async\" class=\"wp-image-115846 size-full\" src=\"https:\/\/noticiasmercedinas.com\/site\/wp-content\/uploads\/2023\/05\/IMG_5995.jpg\" alt=\"\" width=\"640\" height=\"427\" srcset=\"https:\/\/noticiasmercedinas.com\/site\/wp-content\/uploads\/2023\/05\/IMG_5995.jpg 640w, https:\/\/noticiasmercedinas.com\/site\/wp-content\/uploads\/2023\/05\/IMG_5995-300x200.jpg 300w\" sizes=\"auto, (max-width: 640px) 100vw, 640px\" \/><figcaption id=\"caption-attachment-115846\" class=\"wp-caption-text\">Ignacio Rodr\u00edguez, citado para el domingo en al Liga.<\/figcaption><\/figure>\n<p>La Primera D finalizar\u00e1 su Primer Torneo con la fecha 11, quedando libre Argentino (Rosario), defini\u00e9ndose entre cuatro aspirantes un lugar en la Copa Argentina 2024. Esos cuatro encuentros se jugar\u00e1n este domingo 28, recibiendo Club Mercedes Mu\u00f1iz en la Liga con la meta de terminar lo mejor posible en la tabla.<\/p>\n<p>La semana previa, en medio de la lluvia, oblig\u00f3 a reprogramar entrenamientos y llevar todo a sitios bajo techo como el gimnasio del CEF N\u00b0 40 el \u00faltimo viernes\u00a0 26, para quedar resuelto horas despu\u00e9s la lista de convocados. Que la integran: Gonzalo Boragno, Juan Pedro Gatti, Thomas Schenone, Alexis Grzesiak, Laureano Torres, Blas De Los Santos y Franco Gatti.<\/p>\n<p>La lista sigue con Mat\u00edas L\u00f3pez, Nahuel Menseguez, Ignacio Rodr\u00edguez, Tomas Chaparro, Rodrigo Nicasio, Domingo de Paola, Santiago Romagnoli, Rodrigo Scarnatto, Genaro S\u00e1nchez Olmos, Juan Rom\u00e1n Cabrera, El\u00edas Vel\u00e1zquez y Franco Cruz. De todos los mencionados saldr\u00e1 el once y banco de relevos para cerrar el Primer Torneo.<\/p>\n<p>En cuanto a la venta de entradas, comenz\u00f3 este s\u00e1bado en Una pasi\u00f3n por la ma\u00f1ana y tarde. El domingo continuar\u00e1 en cancha de la Liga desde las 14. Por otra parte, se conoci\u00f3 una modificaci\u00f3n en el reglamento permitir\u00e1 incorporar tres jugadores hasta el 15 de junio pr\u00f3ximo. Lo mismo suceder\u00e1, ya estaba establecido, entre la 11\u00b0 fecha del Segundo Torneo y el 7 de septiembre.<\/p>\n<p><img loading=\"lazy\" decoding=\"async\" class=\"alignnone size-full wp-image-115847\" src=\"https:\/\/noticiasmercedinas.com\/site\/wp-content\/uploads\/2023\/05\/Primera-Dm2.jpg\" alt=\"\" width=\"640\" height=\"363\" srcset=\"https:\/\/noticiasmercedinas.com\/site\/wp-content\/uploads\/2023\/05\/Primera-Dm2.jpg 640w, https:\/\/noticiasmercedinas.com\/site\/wp-content\/uploads\/2023\/05\/Primera-Dm2-300x170.jpg 300w\" sizes=\"auto, (max-width: 640px) 100vw, 640px\" \/><br \/>\n<strong><br \/>\nDomingo 28<br \/>\nCancha: <\/strong>Liga Mercedina de F\u00fatbol.<br \/>\nClub Mercedes vs. Mu\u00f1iz.<br \/>\n<strong>\u00c1rbitro:<\/strong> Adri\u00e1n N\u00fa\u00f1ez.<br \/>\n<strong>Asistente 1:<\/strong> Maximiliano Montenegro.<br \/>\n<strong>Asistente 2:<\/strong> Enrique Lanz.<br \/>\n<strong>Cuarto \u00e1rbitro:<\/strong> Valent\u00edn Boccacia.<\/p>\n<p>El Porvenir vs. Central Ballester<br \/>\n<strong>\u00c1rbitro:<\/strong> Nicol\u00e1s Jara<\/p>\n<p><strong>Cancha:<\/strong> Deportivo Mor\u00f3n.<br \/>\nSportivo Barracas vs. Lugano.<br \/>\n<strong>\u00c1rbitro:<\/strong> Ramiro Maglio.<\/p>\n<p><strong>Cancha:<\/strong> Malvinas.<br \/>\nJuventud Unida vs. Defensores de Cambaceres.<br \/>\n<strong>\u00c1rbitro:<\/strong> Rodrigo Villalba.<\/p>\n<p><strong>Lunes 29<br \/>\nCancha: <\/strong>Lugano.<br \/>\nDeportivo Paraguayo vs. Espa\u00f1ol.<br \/>\n<strong>\u00c1rbitro:<\/strong> David Cornejo.<\/p>\n","protected":false},"excerpt":{"rendered":"<p>\u25a0 Mu\u00f1iz uno de los candidatos visita a Mercedes este domingo 28. Est\u00e1n los convocados por Walter D\u00edaz para jugar desde las 15.30. La AFA habilit\u00f3 tres incorporaciones para el pr\u00f3ximo torneo. <\/p>\n","protected":false},"author":6,"featured_media":115846,"comment_status":"closed","ping_status":"closed","sticky":false,"template":"","format":"standard","meta":{"footnotes":""},"categories":[5],"tags":[6424,135,14247,11935],"class_list":["post-115845","post","type-post","status-publish","format-standard","has-post-thumbnail","hentry","category-deportes","tag-afa","tag-club-mercedes","tag-deportivo-muniz","tag-primera-d"],"yoast_head":"<!-- This site is optimized with the Yoast SEO plugin v27.5 - https:\/\/yoast.com\/product\/yoast-seo-wordpress\/ -->\n<title>La Liga ser\u00e1 escenario de la definici\u00f3n de la D<\/title>\n<meta name=\"robots\" content=\"index, follow, max-snippet:-1, max-image-preview:large, max-video-preview:-1\" \/>\n<link rel=\"canonical\" href=\"https:\/\/noticiasmercedinas.com\/site\/2023\/05\/27\/la-liga-sera-escenario-de-la-definicion-de-la-d\/\" \/>\n<meta property=\"og:locale\" content=\"es_ES\" \/>\n<meta property=\"og:type\" content=\"article\" \/>\n<meta property=\"og:title\" content=\"La Liga ser\u00e1 escenario de la definici\u00f3n de la D\" \/>\n<meta property=\"og:description\" content=\"\u25a0 Mu\u00f1iz uno de los candidatos visita a Mercedes este domingo 28. Est\u00e1n los convocados por Walter D\u00edaz para jugar desde las 15.30. La AFA habilit\u00f3 tres incorporaciones para el pr\u00f3ximo torneo.\" \/>\n<meta property=\"og:url\" content=\"https:\/\/noticiasmercedinas.com\/site\/2023\/05\/27\/la-liga-sera-escenario-de-la-definicion-de-la-d\/\" \/>\n<meta property=\"og:site_name\" content=\"NOTICIASMERCEDINAS.COM\" \/>\n<meta property=\"article:publisher\" content=\"https:\/\/www.facebook.com\/noticiasmercedinas\/\" \/>\n<meta property=\"article:published_time\" content=\"2023-05-28T01:20:40+00:00\" \/>\n<meta property=\"og:image\" content=\"https:\/\/noticiasmercedinas.com\/site\/wp-content\/uploads\/2023\/05\/IMG_5995.jpg\" \/>\n\t<meta property=\"og:image:width\" content=\"640\" \/>\n\t<meta property=\"og:image:height\" content=\"427\" \/>\n\t<meta property=\"og:image:type\" content=\"image\/jpeg\" \/>\n<meta name=\"author\" content=\"Juan Dagnino NOTICIASMERCEDINAS.COM\" \/>\n<meta name=\"twitter:card\" content=\"summary_large_image\" \/>\n<meta name=\"twitter:creator\" content=\"@notmercedinas\" \/>\n<meta name=\"twitter:site\" content=\"@notmercedinas\" \/>\n<meta name=\"twitter:label1\" content=\"Escrito por\" \/>\n\t<meta name=\"twitter:data1\" content=\"Juan Dagnino NOTICIASMERCEDINAS.COM\" \/>\n\t<meta name=\"twitter:label2\" content=\"Tiempo de lectura\" \/>\n\t<meta name=\"twitter:data2\" content=\"2 minutos\" \/>\n<script type=\"application\/ld+json\" class=\"yoast-schema-graph\">{\"@context\":\"https:\\\/\\\/schema.org\",\"@graph\":[{\"@type\":\"Article\",\"@id\":\"https:\\\/\\\/noticiasmercedinas.com\\\/site\\\/2023\\\/05\\\/27\\\/la-liga-sera-escenario-de-la-definicion-de-la-d\\\/#article\",\"isPartOf\":{\"@id\":\"https:\\\/\\\/noticiasmercedinas.com\\\/site\\\/2023\\\/05\\\/27\\\/la-liga-sera-escenario-de-la-definicion-de-la-d\\\/\"},\"author\":{\"name\":\"Juan Dagnino NOTICIASMERCEDINAS.COM\",\"@id\":\"https:\\\/\\\/noticiasmercedinas.com\\\/site\\\/#\\\/schema\\\/person\\\/8f2f09d666ef40986eba4a5e6f2a06f9\"},\"headline\":\"La Liga ser\u00e1 escenario de la definici\u00f3n de la D\",\"datePublished\":\"2023-05-28T01:20:40+00:00\",\"mainEntityOfPage\":{\"@id\":\"https:\\\/\\\/noticiasmercedinas.com\\\/site\\\/2023\\\/05\\\/27\\\/la-liga-sera-escenario-de-la-definicion-de-la-d\\\/\"},\"wordCount\":332,\"publisher\":{\"@id\":\"https:\\\/\\\/noticiasmercedinas.com\\\/site\\\/#organization\"},\"image\":{\"@id\":\"https:\\\/\\\/noticiasmercedinas.com\\\/site\\\/2023\\\/05\\\/27\\\/la-liga-sera-escenario-de-la-definicion-de-la-d\\\/#primaryimage\"},\"thumbnailUrl\":\"https:\\\/\\\/noticiasmercedinas.com\\\/site\\\/wp-content\\\/uploads\\\/2023\\\/05\\\/IMG_5995.jpg\",\"keywords\":[\"AFA\",\"club mercedes\",\"Deportivo Mu\u00f1iz\",\"Primera D\"],\"articleSection\":[\"Deportes\"],\"inLanguage\":\"es\"},{\"@type\":\"WebPage\",\"@id\":\"https:\\\/\\\/noticiasmercedinas.com\\\/site\\\/2023\\\/05\\\/27\\\/la-liga-sera-escenario-de-la-definicion-de-la-d\\\/\",\"url\":\"https:\\\/\\\/noticiasmercedinas.com\\\/site\\\/2023\\\/05\\\/27\\\/la-liga-sera-escenario-de-la-definicion-de-la-d\\\/\",\"name\":\"La Liga ser\u00e1 escenario de la definici\u00f3n de la D\",\"isPartOf\":{\"@id\":\"https:\\\/\\\/noticiasmercedinas.com\\\/site\\\/#website\"},\"primaryImageOfPage\":{\"@id\":\"https:\\\/\\\/noticiasmercedinas.com\\\/site\\\/2023\\\/05\\\/27\\\/la-liga-sera-escenario-de-la-definicion-de-la-d\\\/#primaryimage\"},\"image\":{\"@id\":\"https:\\\/\\\/noticiasmercedinas.com\\\/site\\\/2023\\\/05\\\/27\\\/la-liga-sera-escenario-de-la-definicion-de-la-d\\\/#primaryimage\"},\"thumbnailUrl\":\"https:\\\/\\\/noticiasmercedinas.com\\\/site\\\/wp-content\\\/uploads\\\/2023\\\/05\\\/IMG_5995.jpg\",\"datePublished\":\"2023-05-28T01:20:40+00:00\",\"breadcrumb\":{\"@id\":\"https:\\\/\\\/noticiasmercedinas.com\\\/site\\\/2023\\\/05\\\/27\\\/la-liga-sera-escenario-de-la-definicion-de-la-d\\\/#breadcrumb\"},\"inLanguage\":\"es\",\"potentialAction\":[{\"@type\":\"ReadAction\",\"target\":[\"https:\\\/\\\/noticiasmercedinas.com\\\/site\\\/2023\\\/05\\\/27\\\/la-liga-sera-escenario-de-la-definicion-de-la-d\\\/\"]}]},{\"@type\":\"ImageObject\",\"inLanguage\":\"es\",\"@id\":\"https:\\\/\\\/noticiasmercedinas.com\\\/site\\\/2023\\\/05\\\/27\\\/la-liga-sera-escenario-de-la-definicion-de-la-d\\\/#primaryimage\",\"url\":\"https:\\\/\\\/noticiasmercedinas.com\\\/site\\\/wp-content\\\/uploads\\\/2023\\\/05\\\/IMG_5995.jpg\",\"contentUrl\":\"https:\\\/\\\/noticiasmercedinas.com\\\/site\\\/wp-content\\\/uploads\\\/2023\\\/05\\\/IMG_5995.jpg\",\"width\":640,\"height\":427},{\"@type\":\"BreadcrumbList\",\"@id\":\"https:\\\/\\\/noticiasmercedinas.com\\\/site\\\/2023\\\/05\\\/27\\\/la-liga-sera-escenario-de-la-definicion-de-la-d\\\/#breadcrumb\",\"itemListElement\":[{\"@type\":\"ListItem\",\"position\":1,\"name\":\"Portada\",\"item\":\"https:\\\/\\\/noticiasmercedinas.com\\\/site\\\/\"},{\"@type\":\"ListItem\",\"position\":2,\"name\":\"La Liga ser\u00e1 escenario de la definici\u00f3n de la D\"}]},{\"@type\":\"WebSite\",\"@id\":\"https:\\\/\\\/noticiasmercedinas.com\\\/site\\\/#website\",\"url\":\"https:\\\/\\\/noticiasmercedinas.com\\\/site\\\/\",\"name\":\"NOTICIASMERCEDINAS.COM\",\"description\":\"Mercedes, Buenos Aires, Argentina\",\"publisher\":{\"@id\":\"https:\\\/\\\/noticiasmercedinas.com\\\/site\\\/#organization\"},\"potentialAction\":[{\"@type\":\"SearchAction\",\"target\":{\"@type\":\"EntryPoint\",\"urlTemplate\":\"https:\\\/\\\/noticiasmercedinas.com\\\/site\\\/?s={search_term_string}\"},\"query-input\":{\"@type\":\"PropertyValueSpecification\",\"valueRequired\":true,\"valueName\":\"search_term_string\"}}],\"inLanguage\":\"es\"},{\"@type\":\"Organization\",\"@id\":\"https:\\\/\\\/noticiasmercedinas.com\\\/site\\\/#organization\",\"name\":\"NOTICIASMERCEDINAS.COM\",\"url\":\"https:\\\/\\\/noticiasmercedinas.com\\\/site\\\/\",\"logo\":{\"@type\":\"ImageObject\",\"inLanguage\":\"es\",\"@id\":\"https:\\\/\\\/noticiasmercedinas.com\\\/site\\\/#\\\/schema\\\/logo\\\/image\\\/\",\"url\":\"https:\\\/\\\/noticiasmercedinas.com\\\/site\\\/wp-content\\\/uploads\\\/2020\\\/06\\\/LOGO-512.jpg\",\"contentUrl\":\"https:\\\/\\\/noticiasmercedinas.com\\\/site\\\/wp-content\\\/uploads\\\/2020\\\/06\\\/LOGO-512.jpg\",\"width\":512,\"height\":512,\"caption\":\"NOTICIASMERCEDINAS.COM\"},\"image\":{\"@id\":\"https:\\\/\\\/noticiasmercedinas.com\\\/site\\\/#\\\/schema\\\/logo\\\/image\\\/\"},\"sameAs\":[\"https:\\\/\\\/www.facebook.com\\\/noticiasmercedinas\\\/\",\"https:\\\/\\\/x.com\\\/notmercedinas\",\"https:\\\/\\\/www.instagram.com\\\/noticiasmercedinas\\\/\"]},{\"@type\":\"Person\",\"@id\":\"https:\\\/\\\/noticiasmercedinas.com\\\/site\\\/#\\\/schema\\\/person\\\/8f2f09d666ef40986eba4a5e6f2a06f9\",\"name\":\"Juan Dagnino NOTICIASMERCEDINAS.COM\",\"image\":{\"@type\":\"ImageObject\",\"inLanguage\":\"es\",\"@id\":\"https:\\\/\\\/secure.gravatar.com\\\/avatar\\\/fc7059a769f5a3cae65fadb228a3e4accf3a64b4b2305020d0a27e6d5333c91b?s=96&d=mm&r=g\",\"url\":\"https:\\\/\\\/secure.gravatar.com\\\/avatar\\\/fc7059a769f5a3cae65fadb228a3e4accf3a64b4b2305020d0a27e6d5333c91b?s=96&d=mm&r=g\",\"contentUrl\":\"https:\\\/\\\/secure.gravatar.com\\\/avatar\\\/fc7059a769f5a3cae65fadb228a3e4accf3a64b4b2305020d0a27e6d5333c91b?s=96&d=mm&r=g\",\"caption\":\"Juan Dagnino NOTICIASMERCEDINAS.COM\"},\"url\":\"https:\\\/\\\/noticiasmercedinas.com\\\/site\\\/author\\\/juandagnino\\\/\"}]}<\/script>\n<!-- \/ Yoast SEO plugin. -->","yoast_head_json":{"title":"La Liga ser\u00e1 escenario de la definici\u00f3n de la D","robots":{"index":"index","follow":"follow","max-snippet":"max-snippet:-1","max-image-preview":"max-image-preview:large","max-video-preview":"max-video-preview:-1"},"canonical":"https:\/\/noticiasmercedinas.com\/site\/2023\/05\/27\/la-liga-sera-escenario-de-la-definicion-de-la-d\/","og_locale":"es_ES","og_type":"article","og_title":"La Liga ser\u00e1 escenario de la definici\u00f3n de la D","og_description":"\u25a0 Mu\u00f1iz uno de los candidatos visita a Mercedes este domingo 28. Est\u00e1n los convocados por Walter D\u00edaz para jugar desde las 15.30. La AFA habilit\u00f3 tres incorporaciones para el pr\u00f3ximo torneo.","og_url":"https:\/\/noticiasmercedinas.com\/site\/2023\/05\/27\/la-liga-sera-escenario-de-la-definicion-de-la-d\/","og_site_name":"NOTICIASMERCEDINAS.COM","article_publisher":"https:\/\/www.facebook.com\/noticiasmercedinas\/","article_published_time":"2023-05-28T01:20:40+00:00","og_image":[{"width":640,"height":427,"url":"https:\/\/noticiasmercedinas.com\/site\/wp-content\/uploads\/2023\/05\/IMG_5995.jpg","type":"image\/jpeg"}],"author":"Juan Dagnino NOTICIASMERCEDINAS.COM","twitter_card":"summary_large_image","twitter_creator":"@notmercedinas","twitter_site":"@notmercedinas","twitter_misc":{"Escrito por":"Juan Dagnino NOTICIASMERCEDINAS.COM","Tiempo de lectura":"2 minutos"},"schema":{"@context":"https:\/\/schema.org","@graph":[{"@type":"Article","@id":"https:\/\/noticiasmercedinas.com\/site\/2023\/05\/27\/la-liga-sera-escenario-de-la-definicion-de-la-d\/#article","isPartOf":{"@id":"https:\/\/noticiasmercedinas.com\/site\/2023\/05\/27\/la-liga-sera-escenario-de-la-definicion-de-la-d\/"},"author":{"name":"Juan Dagnino NOTICIASMERCEDINAS.COM","@id":"https:\/\/noticiasmercedinas.com\/site\/#\/schema\/person\/8f2f09d666ef40986eba4a5e6f2a06f9"},"headline":"La Liga ser\u00e1 escenario de la definici\u00f3n de la D","datePublished":"2023-05-28T01:20:40+00:00","mainEntityOfPage":{"@id":"https:\/\/noticiasmercedinas.com\/site\/2023\/05\/27\/la-liga-sera-escenario-de-la-definicion-de-la-d\/"},"wordCount":332,"publisher":{"@id":"https:\/\/noticiasmercedinas.com\/site\/#organization"},"image":{"@id":"https:\/\/noticiasmercedinas.com\/site\/2023\/05\/27\/la-liga-sera-escenario-de-la-definicion-de-la-d\/#primaryimage"},"thumbnailUrl":"https:\/\/noticiasmercedinas.com\/site\/wp-content\/uploads\/2023\/05\/IMG_5995.jpg","keywords":["AFA","club mercedes","Deportivo Mu\u00f1iz","Primera D"],"articleSection":["Deportes"],"inLanguage":"es"},{"@type":"WebPage","@id":"https:\/\/noticiasmercedinas.com\/site\/2023\/05\/27\/la-liga-sera-escenario-de-la-definicion-de-la-d\/","url":"https:\/\/noticiasmercedinas.com\/site\/2023\/05\/27\/la-liga-sera-escenario-de-la-definicion-de-la-d\/","name":"La Liga ser\u00e1 escenario de la definici\u00f3n de la D","isPartOf":{"@id":"https:\/\/noticiasmercedinas.com\/site\/#website"},"primaryImageOfPage":{"@id":"https:\/\/noticiasmercedinas.com\/site\/2023\/05\/27\/la-liga-sera-escenario-de-la-definicion-de-la-d\/#primaryimage"},"image":{"@id":"https:\/\/noticiasmercedinas.com\/site\/2023\/05\/27\/la-liga-sera-escenario-de-la-definicion-de-la-d\/#primaryimage"},"thumbnailUrl":"https:\/\/noticiasmercedinas.com\/site\/wp-content\/uploads\/2023\/05\/IMG_5995.jpg","datePublished":"2023-05-28T01:20:40+00:00","breadcrumb":{"@id":"https:\/\/noticiasmercedinas.com\/site\/2023\/05\/27\/la-liga-sera-escenario-de-la-definicion-de-la-d\/#breadcrumb"},"inLanguage":"es","potentialAction":[{"@type":"ReadAction","target":["https:\/\/noticiasmercedinas.com\/site\/2023\/05\/27\/la-liga-sera-escenario-de-la-definicion-de-la-d\/"]}]},{"@type":"ImageObject","inLanguage":"es","@id":"https:\/\/noticiasmercedinas.com\/site\/2023\/05\/27\/la-liga-sera-escenario-de-la-definicion-de-la-d\/#primaryimage","url":"https:\/\/noticiasmercedinas.com\/site\/wp-content\/uploads\/2023\/05\/IMG_5995.jpg","contentUrl":"https:\/\/noticiasmercedinas.com\/site\/wp-content\/uploads\/2023\/05\/IMG_5995.jpg","width":640,"height":427},{"@type":"BreadcrumbList","@id":"https:\/\/noticiasmercedinas.com\/site\/2023\/05\/27\/la-liga-sera-escenario-de-la-definicion-de-la-d\/#breadcrumb","itemListElement":[{"@type":"ListItem","position":1,"name":"Portada","item":"https:\/\/noticiasmercedinas.com\/site\/"},{"@type":"ListItem","position":2,"name":"La Liga ser\u00e1 escenario de la definici\u00f3n de la D"}]},{"@type":"WebSite","@id":"https:\/\/noticiasmercedinas.com\/site\/#website","url":"https:\/\/noticiasmercedinas.com\/site\/","name":"NOTICIASMERCEDINAS.COM","description":"Mercedes, Buenos Aires, Argentina","publisher":{"@id":"https:\/\/noticiasmercedinas.com\/site\/#organization"},"potentialAction":[{"@type":"SearchAction","target":{"@type":"EntryPoint","urlTemplate":"https:\/\/noticiasmercedinas.com\/site\/?s={search_term_string}"},"query-input":{"@type":"PropertyValueSpecification","valueRequired":true,"valueName":"search_term_string"}}],"inLanguage":"es"},{"@type":"Organization","@id":"https:\/\/noticiasmercedinas.com\/site\/#organization","name":"NOTICIASMERCEDINAS.COM","url":"https:\/\/noticiasmercedinas.com\/site\/","logo":{"@type":"ImageObject","inLanguage":"es","@id":"https:\/\/noticiasmercedinas.com\/site\/#\/schema\/logo\/image\/","url":"https:\/\/noticiasmercedinas.com\/site\/wp-content\/uploads\/2020\/06\/LOGO-512.jpg","contentUrl":"https:\/\/noticiasmercedinas.com\/site\/wp-content\/uploads\/2020\/06\/LOGO-512.jpg","width":512,"height":512,"caption":"NOTICIASMERCEDINAS.COM"},"image":{"@id":"https:\/\/noticiasmercedinas.com\/site\/#\/schema\/logo\/image\/"},"sameAs":["https:\/\/www.facebook.com\/noticiasmercedinas\/","https:\/\/x.com\/notmercedinas","https:\/\/www.instagram.com\/noticiasmercedinas\/"]},{"@type":"Person","@id":"https:\/\/noticiasmercedinas.com\/site\/#\/schema\/person\/8f2f09d666ef40986eba4a5e6f2a06f9","name":"Juan Dagnino NOTICIASMERCEDINAS.COM","image":{"@type":"ImageObject","inLanguage":"es","@id":"https:\/\/secure.gravatar.com\/avatar\/fc7059a769f5a3cae65fadb228a3e4accf3a64b4b2305020d0a27e6d5333c91b?s=96&d=mm&r=g","url":"https:\/\/secure.gravatar.com\/avatar\/fc7059a769f5a3cae65fadb228a3e4accf3a64b4b2305020d0a27e6d5333c91b?s=96&d=mm&r=g","contentUrl":"https:\/\/secure.gravatar.com\/avatar\/fc7059a769f5a3cae65fadb228a3e4accf3a64b4b2305020d0a27e6d5333c91b?s=96&d=mm&r=g","caption":"Juan Dagnino NOTICIASMERCEDINAS.COM"},"url":"https:\/\/noticiasmercedinas.com\/site\/author\/juandagnino\/"}]}},"amp_enabled":true,"_links":{"self":[{"href":"https:\/\/noticiasmercedinas.com\/site\/wp-json\/wp\/v2\/posts\/115845","targetHints":{"allow":["GET"]}}],"collection":[{"href":"https:\/\/noticiasmercedinas.com\/site\/wp-json\/wp\/v2\/posts"}],"about":[{"href":"https:\/\/noticiasmercedinas.com\/site\/wp-json\/wp\/v2\/types\/post"}],"author":[{"embeddable":true,"href":"https:\/\/noticiasmercedinas.com\/site\/wp-json\/wp\/v2\/users\/6"}],"replies":[{"embeddable":true,"href":"https:\/\/noticiasmercedinas.com\/site\/wp-json\/wp\/v2\/comments?post=115845"}],"version-history":[{"count":1,"href":"https:\/\/noticiasmercedinas.com\/site\/wp-json\/wp\/v2\/posts\/115845\/revisions"}],"predecessor-version":[{"id":115848,"href":"https:\/\/noticiasmercedinas.com\/site\/wp-json\/wp\/v2\/posts\/115845\/revisions\/115848"}],"wp:featuredmedia":[{"embeddable":true,"href":"https:\/\/noticiasmercedinas.com\/site\/wp-json\/wp\/v2\/media\/115846"}],"wp:attachment":[{"href":"https:\/\/noticiasmercedinas.com\/site\/wp-json\/wp\/v2\/media?parent=115845"}],"wp:term":[{"taxonomy":"category","embeddable":true,"href":"https:\/\/noticiasmercedinas.com\/site\/wp-json\/wp\/v2\/categories?post=115845"},{"taxonomy":"post_tag","embeddable":true,"href":"https:\/\/noticiasmercedinas.com\/site\/wp-json\/wp\/v2\/tags?post=115845"}],"curies":[{"name":"wp","href":"https:\/\/api.w.org\/{rel}","templated":true}]}}