{"id":115903,"date":"2023-05-29T09:09:08","date_gmt":"2023-05-29T12:09:08","guid":{"rendered":"https:\/\/noticiasmercedinas.com\/site\/?p=115903"},"modified":"2023-05-29T09:09:08","modified_gmt":"2023-05-29T12:09:08","slug":"exitoso-sorteo-y-primer-viaje-publico-del-tren-turistico-entre-mercedes-y-jofre","status":"publish","type":"post","link":"https:\/\/noticiasmercedinas.com\/site\/2023\/05\/29\/exitoso-sorteo-y-primer-viaje-publico-del-tren-turistico-entre-mercedes-y-jofre\/","title":{"rendered":"Exitoso sorteo y primer viaje p\u00fablico del tren tur\u00edstico entre Mercedes y Jofr\u00e9"},"content":{"rendered":"<p><img loading=\"lazy\" decoding=\"async\" class=\"alignnone size-full wp-image-115907\" src=\"https:\/\/noticiasmercedinas.com\/site\/wp-content\/uploads\/2023\/05\/DSC_0265.jpg\" alt=\"\" width=\"640\" height=\"427\" srcset=\"https:\/\/noticiasmercedinas.com\/site\/wp-content\/uploads\/2023\/05\/DSC_0265.jpg 640w, https:\/\/noticiasmercedinas.com\/site\/wp-content\/uploads\/2023\/05\/DSC_0265-300x200.jpg 300w\" sizes=\"auto, (max-width: 640px) 100vw, 640px\" \/><\/p>\n<p>Este domingo, y tal cual lo previsto, se llev\u00f3 a cabo el primer viaje oficial del tren tur\u00edstico en nuestra localidad, marcando un hito hist\u00f3rico en la recuperaci\u00f3n de una l\u00ednea ferroviaria emblem\u00e1tica. El acontecimiento estuvo acompa\u00f1ado por un sorteo entre los casi mil asistentes, otorgando los primeros 120 pasajes para este hist\u00f3rico viaje.<\/p>\n<p>Desde tempranas horas de la ma\u00f1ana, una gran cantidad de vecinos y vecinas se congregaron en la estaci\u00f3n de La Trocha para disfrutar de esta experiencia \u00fanica. El entusiasmo se hizo palpable en el ambiente, y la expectativa se reflejaba en la emoci\u00f3n de cada uno de los participantes. La oportunidad de viajar en el tren tur\u00edstico despert\u00f3 un sentimiento de alegr\u00eda y nostalgia entre aquellos que presenciaron la recuperaci\u00f3n de esta l\u00ednea ferroviaria.<\/p>\n<p>Entre risas y aplausos, los afortunados ganadores de los pasajes compartieron su felicidad y gratitud. Gisela, una de las beneficiadas, expres\u00f3 su emoci\u00f3n al relatar: \u00abEstamos muy contentos. Ayer nos ganamos el pasaje y hoy vinimos en familia a disfrutar. Salimos desde La Trocha, paramos en Altamira, llegamos a Tom\u00e1s Jofr\u00e9, hicimos un picnic con los ni\u00f1os y luego regresamos\u00bb. Adem\u00e1s, hizo hincapi\u00e9 en el valor sentimental que representa este acontecimiento, ya que su abuelo fue ferroviario, convirtiendo el viaje en una experiencia a\u00fan m\u00e1s significativa.<\/p>\n<p><img loading=\"lazy\" decoding=\"async\" class=\"alignnone size-full wp-image-115905\" src=\"https:\/\/noticiasmercedinas.com\/site\/wp-content\/uploads\/2023\/05\/DSC_0081.jpg\" alt=\"\" width=\"640\" height=\"427\" srcset=\"https:\/\/noticiasmercedinas.com\/site\/wp-content\/uploads\/2023\/05\/DSC_0081.jpg 640w, https:\/\/noticiasmercedinas.com\/site\/wp-content\/uploads\/2023\/05\/DSC_0081-300x200.jpg 300w\" sizes=\"auto, (max-width: 640px) 100vw, 640px\" \/><\/p>\n<blockquote><p>\u00abAyer nos ganamos el pasaje y hoy vinimos en familia a disfrutar. Salimos desde La Trocha, paramos en Altamira, llegamos a Tom\u00e1s Jofr\u00e9, hicimos un picnic con los ni\u00f1os y luego regresamos\u00bb<\/p><\/blockquote>\n<p>Durante el trayecto, los guardas del tren establecieron un v\u00ednculo cercano con los pasajeros, compartiendo historias fascinantes sobre el ferrocarril y la l\u00ednea en particular. Asimismo, se realiz\u00f3 el tradicional \u00abpicado de boleto\u00bb, una pr\u00e1ctica que evoca la nostalgia de tiempos pasados y que gener\u00f3 una sensaci\u00f3n maravillosa entre los viajantes. El regreso de la historia argentina se hizo tangible en este breve pero significativo recorrido entre Mercedes, Altamira y Tom\u00e1s Jofr\u00e9.<\/p>\n<p>El pr\u00f3ximo domingo, el tren tur\u00edstico volver\u00e1 a correr, deteni\u00e9ndose nuevamente en Altamira. Esta parada brindar\u00e1 a los pasajeros la oportunidad de descender, visitar la estaci\u00f3n y disfrutar de la feria local, enriqueciendo a\u00fan m\u00e1s esta experiencia tur\u00edstica y fortaleciendo los lazos entre la comunidad y su patrimonio ferroviario.<\/p>\n<p>La puesta en marcha del tren tur\u00edstico ha despertado una gran expectativa en nuestra localidad, no solo por su valor hist\u00f3rico y cultural, sino tambi\u00e9n por el impulso que brinda al turismo local y la posibilidad de revitalizar espacios olvidados. Este hito marca el comienzo de una nueva etapa en la que los vecinos y visitantes pueden disfrutar de la belleza del paisaje a bordo de un tren que simboliza una \u00e9poca dorada en la historia del transporte argentino.<\/p>\n<p><img loading=\"lazy\" decoding=\"async\" class=\"alignnone size-full wp-image-115904\" src=\"https:\/\/noticiasmercedinas.com\/site\/wp-content\/uploads\/2023\/05\/DSC_0123.jpg\" alt=\"\" width=\"640\" height=\"427\" srcset=\"https:\/\/noticiasmercedinas.com\/site\/wp-content\/uploads\/2023\/05\/DSC_0123.jpg 640w, https:\/\/noticiasmercedinas.com\/site\/wp-content\/uploads\/2023\/05\/DSC_0123-300x200.jpg 300w\" sizes=\"auto, (max-width: 640px) 100vw, 640px\" \/><\/p>\n","protected":false},"excerpt":{"rendered":"<p>\u25a0 Vecinos y vecinas disfrutan de una experiencia \u00fanica en la recuperada l\u00ednea ferroviaria. Un breve pero significativo recorrido entre Mercedes, Altamira y Tom\u00e1s Jofr\u00e9 comienza a tomar forma los domingos<\/p>\n","protected":false},"author":16,"featured_media":115907,"comment_status":"closed","ping_status":"closed","sticky":false,"template":"","format":"standard","meta":{"footnotes":""},"categories":[3],"tags":[2553,199,1116,9951,33],"class_list":["post-115903","post","type-post","status-publish","format-standard","has-post-thumbnail","hentry","category-sociedad","tag-altamira","tag-tomas-jofre","tag-tren","tag-tren-turistico","tag-turismo"],"yoast_head":"<!-- This site is optimized with the Yoast SEO plugin v27.4 - https:\/\/yoast.com\/product\/yoast-seo-wordpress\/ -->\n<title>Exitoso sorteo y primer viaje p\u00fablico del tren tur\u00edstico entre Mercedes y Jofr\u00e9<\/title>\n<meta name=\"robots\" content=\"index, follow, max-snippet:-1, max-image-preview:large, max-video-preview:-1\" \/>\n<link rel=\"canonical\" href=\"https:\/\/noticiasmercedinas.com\/site\/2023\/05\/29\/exitoso-sorteo-y-primer-viaje-publico-del-tren-turistico-entre-mercedes-y-jofre\/\" \/>\n<meta property=\"og:locale\" content=\"es_ES\" \/>\n<meta property=\"og:type\" content=\"article\" \/>\n<meta property=\"og:title\" content=\"Exitoso sorteo y primer viaje p\u00fablico del tren tur\u00edstico entre Mercedes y Jofr\u00e9\" \/>\n<meta property=\"og:description\" content=\"\u25a0 Vecinos y vecinas disfrutan de una experiencia \u00fanica en la recuperada l\u00ednea ferroviaria. Un breve pero significativo recorrido entre Mercedes, Altamira y Tom\u00e1s Jofr\u00e9 comienza a tomar forma los domingos\" \/>\n<meta property=\"og:url\" content=\"https:\/\/noticiasmercedinas.com\/site\/2023\/05\/29\/exitoso-sorteo-y-primer-viaje-publico-del-tren-turistico-entre-mercedes-y-jofre\/\" \/>\n<meta property=\"og:site_name\" content=\"NOTICIASMERCEDINAS.COM\" \/>\n<meta property=\"article:publisher\" content=\"https:\/\/www.facebook.com\/noticiasmercedinas\/\" \/>\n<meta property=\"article:published_time\" content=\"2023-05-29T12:09:08+00:00\" \/>\n<meta property=\"og:image\" content=\"https:\/\/noticiasmercedinas.com\/site\/wp-content\/uploads\/2023\/05\/DSC_0265.jpg\" \/>\n\t<meta property=\"og:image:width\" content=\"640\" \/>\n\t<meta property=\"og:image:height\" content=\"427\" \/>\n\t<meta property=\"og:image:type\" content=\"image\/jpeg\" \/>\n<meta name=\"author\" content=\"NOTICIASMERCEDINAS.COM\" \/>\n<meta name=\"twitter:card\" content=\"summary_large_image\" \/>\n<meta name=\"twitter:creator\" content=\"@notmercedinas\" \/>\n<meta name=\"twitter:site\" content=\"@notmercedinas\" \/>\n<meta name=\"twitter:label1\" content=\"Escrito por\" \/>\n\t<meta name=\"twitter:data1\" content=\"NOTICIASMERCEDINAS.COM\" \/>\n\t<meta name=\"twitter:label2\" content=\"Tiempo de lectura\" \/>\n\t<meta name=\"twitter:data2\" content=\"3 minutos\" \/>\n<script type=\"application\/ld+json\" class=\"yoast-schema-graph\">{\"@context\":\"https:\\\/\\\/schema.org\",\"@graph\":[{\"@type\":\"Article\",\"@id\":\"https:\\\/\\\/noticiasmercedinas.com\\\/site\\\/2023\\\/05\\\/29\\\/exitoso-sorteo-y-primer-viaje-publico-del-tren-turistico-entre-mercedes-y-jofre\\\/#article\",\"isPartOf\":{\"@id\":\"https:\\\/\\\/noticiasmercedinas.com\\\/site\\\/2023\\\/05\\\/29\\\/exitoso-sorteo-y-primer-viaje-publico-del-tren-turistico-entre-mercedes-y-jofre\\\/\"},\"author\":{\"name\":\"NOTICIASMERCEDINAS.COM\",\"@id\":\"https:\\\/\\\/noticiasmercedinas.com\\\/site\\\/#\\\/schema\\\/person\\\/84b59c099c28ff2e8b77d4ceec5d8063\"},\"headline\":\"Exitoso sorteo y primer viaje p\u00fablico del tren tur\u00edstico entre Mercedes y Jofr\u00e9\",\"datePublished\":\"2023-05-29T12:09:08+00:00\",\"mainEntityOfPage\":{\"@id\":\"https:\\\/\\\/noticiasmercedinas.com\\\/site\\\/2023\\\/05\\\/29\\\/exitoso-sorteo-y-primer-viaje-publico-del-tren-turistico-entre-mercedes-y-jofre\\\/\"},\"wordCount\":497,\"publisher\":{\"@id\":\"https:\\\/\\\/noticiasmercedinas.com\\\/site\\\/#organization\"},\"image\":{\"@id\":\"https:\\\/\\\/noticiasmercedinas.com\\\/site\\\/2023\\\/05\\\/29\\\/exitoso-sorteo-y-primer-viaje-publico-del-tren-turistico-entre-mercedes-y-jofre\\\/#primaryimage\"},\"thumbnailUrl\":\"https:\\\/\\\/noticiasmercedinas.com\\\/site\\\/wp-content\\\/uploads\\\/2023\\\/05\\\/DSC_0265.jpg\",\"keywords\":[\"altamira\",\"tomas jofre\",\"Tren\",\"tren turistico\",\"turismo\"],\"articleSection\":[\"Sociedad\"],\"inLanguage\":\"es\"},{\"@type\":\"WebPage\",\"@id\":\"https:\\\/\\\/noticiasmercedinas.com\\\/site\\\/2023\\\/05\\\/29\\\/exitoso-sorteo-y-primer-viaje-publico-del-tren-turistico-entre-mercedes-y-jofre\\\/\",\"url\":\"https:\\\/\\\/noticiasmercedinas.com\\\/site\\\/2023\\\/05\\\/29\\\/exitoso-sorteo-y-primer-viaje-publico-del-tren-turistico-entre-mercedes-y-jofre\\\/\",\"name\":\"Exitoso sorteo y primer viaje p\u00fablico del tren tur\u00edstico entre Mercedes y Jofr\u00e9\",\"isPartOf\":{\"@id\":\"https:\\\/\\\/noticiasmercedinas.com\\\/site\\\/#website\"},\"primaryImageOfPage\":{\"@id\":\"https:\\\/\\\/noticiasmercedinas.com\\\/site\\\/2023\\\/05\\\/29\\\/exitoso-sorteo-y-primer-viaje-publico-del-tren-turistico-entre-mercedes-y-jofre\\\/#primaryimage\"},\"image\":{\"@id\":\"https:\\\/\\\/noticiasmercedinas.com\\\/site\\\/2023\\\/05\\\/29\\\/exitoso-sorteo-y-primer-viaje-publico-del-tren-turistico-entre-mercedes-y-jofre\\\/#primaryimage\"},\"thumbnailUrl\":\"https:\\\/\\\/noticiasmercedinas.com\\\/site\\\/wp-content\\\/uploads\\\/2023\\\/05\\\/DSC_0265.jpg\",\"datePublished\":\"2023-05-29T12:09:08+00:00\",\"breadcrumb\":{\"@id\":\"https:\\\/\\\/noticiasmercedinas.com\\\/site\\\/2023\\\/05\\\/29\\\/exitoso-sorteo-y-primer-viaje-publico-del-tren-turistico-entre-mercedes-y-jofre\\\/#breadcrumb\"},\"inLanguage\":\"es\",\"potentialAction\":[{\"@type\":\"ReadAction\",\"target\":[\"https:\\\/\\\/noticiasmercedinas.com\\\/site\\\/2023\\\/05\\\/29\\\/exitoso-sorteo-y-primer-viaje-publico-del-tren-turistico-entre-mercedes-y-jofre\\\/\"]}]},{\"@type\":\"ImageObject\",\"inLanguage\":\"es\",\"@id\":\"https:\\\/\\\/noticiasmercedinas.com\\\/site\\\/2023\\\/05\\\/29\\\/exitoso-sorteo-y-primer-viaje-publico-del-tren-turistico-entre-mercedes-y-jofre\\\/#primaryimage\",\"url\":\"https:\\\/\\\/noticiasmercedinas.com\\\/site\\\/wp-content\\\/uploads\\\/2023\\\/05\\\/DSC_0265.jpg\",\"contentUrl\":\"https:\\\/\\\/noticiasmercedinas.com\\\/site\\\/wp-content\\\/uploads\\\/2023\\\/05\\\/DSC_0265.jpg\",\"width\":640,\"height\":427},{\"@type\":\"BreadcrumbList\",\"@id\":\"https:\\\/\\\/noticiasmercedinas.com\\\/site\\\/2023\\\/05\\\/29\\\/exitoso-sorteo-y-primer-viaje-publico-del-tren-turistico-entre-mercedes-y-jofre\\\/#breadcrumb\",\"itemListElement\":[{\"@type\":\"ListItem\",\"position\":1,\"name\":\"Portada\",\"item\":\"https:\\\/\\\/noticiasmercedinas.com\\\/site\\\/\"},{\"@type\":\"ListItem\",\"position\":2,\"name\":\"Exitoso sorteo y primer viaje p\u00fablico del tren tur\u00edstico entre Mercedes y Jofr\u00e9\"}]},{\"@type\":\"WebSite\",\"@id\":\"https:\\\/\\\/noticiasmercedinas.com\\\/site\\\/#website\",\"url\":\"https:\\\/\\\/noticiasmercedinas.com\\\/site\\\/\",\"name\":\"NOTICIASMERCEDINAS.COM\",\"description\":\"Mercedes, Buenos Aires, Argentina\",\"publisher\":{\"@id\":\"https:\\\/\\\/noticiasmercedinas.com\\\/site\\\/#organization\"},\"potentialAction\":[{\"@type\":\"SearchAction\",\"target\":{\"@type\":\"EntryPoint\",\"urlTemplate\":\"https:\\\/\\\/noticiasmercedinas.com\\\/site\\\/?s={search_term_string}\"},\"query-input\":{\"@type\":\"PropertyValueSpecification\",\"valueRequired\":true,\"valueName\":\"search_term_string\"}}],\"inLanguage\":\"es\"},{\"@type\":\"Organization\",\"@id\":\"https:\\\/\\\/noticiasmercedinas.com\\\/site\\\/#organization\",\"name\":\"NOTICIASMERCEDINAS.COM\",\"url\":\"https:\\\/\\\/noticiasmercedinas.com\\\/site\\\/\",\"logo\":{\"@type\":\"ImageObject\",\"inLanguage\":\"es\",\"@id\":\"https:\\\/\\\/noticiasmercedinas.com\\\/site\\\/#\\\/schema\\\/logo\\\/image\\\/\",\"url\":\"https:\\\/\\\/noticiasmercedinas.com\\\/site\\\/wp-content\\\/uploads\\\/2020\\\/06\\\/LOGO-512.jpg\",\"contentUrl\":\"https:\\\/\\\/noticiasmercedinas.com\\\/site\\\/wp-content\\\/uploads\\\/2020\\\/06\\\/LOGO-512.jpg\",\"width\":512,\"height\":512,\"caption\":\"NOTICIASMERCEDINAS.COM\"},\"image\":{\"@id\":\"https:\\\/\\\/noticiasmercedinas.com\\\/site\\\/#\\\/schema\\\/logo\\\/image\\\/\"},\"sameAs\":[\"https:\\\/\\\/www.facebook.com\\\/noticiasmercedinas\\\/\",\"https:\\\/\\\/x.com\\\/notmercedinas\",\"https:\\\/\\\/www.instagram.com\\\/noticiasmercedinas\\\/\"]},{\"@type\":\"Person\",\"@id\":\"https:\\\/\\\/noticiasmercedinas.com\\\/site\\\/#\\\/schema\\\/person\\\/84b59c099c28ff2e8b77d4ceec5d8063\",\"name\":\"NOTICIASMERCEDINAS.COM\",\"image\":{\"@type\":\"ImageObject\",\"inLanguage\":\"es\",\"@id\":\"https:\\\/\\\/secure.gravatar.com\\\/avatar\\\/4dfbf16b4d17945bfb6341b2d19043457132fcf478a5ee04f42e959fd8f5df0a?s=96&d=mm&r=g\",\"url\":\"https:\\\/\\\/secure.gravatar.com\\\/avatar\\\/4dfbf16b4d17945bfb6341b2d19043457132fcf478a5ee04f42e959fd8f5df0a?s=96&d=mm&r=g\",\"contentUrl\":\"https:\\\/\\\/secure.gravatar.com\\\/avatar\\\/4dfbf16b4d17945bfb6341b2d19043457132fcf478a5ee04f42e959fd8f5df0a?s=96&d=mm&r=g\",\"caption\":\"NOTICIASMERCEDINAS.COM\"},\"url\":\"https:\\\/\\\/noticiasmercedinas.com\\\/site\\\/author\\\/anonimo\\\/\"}]}<\/script>\n<!-- \/ Yoast SEO plugin. -->","yoast_head_json":{"title":"Exitoso sorteo y primer viaje p\u00fablico del tren tur\u00edstico entre Mercedes y Jofr\u00e9","robots":{"index":"index","follow":"follow","max-snippet":"max-snippet:-1","max-image-preview":"max-image-preview:large","max-video-preview":"max-video-preview:-1"},"canonical":"https:\/\/noticiasmercedinas.com\/site\/2023\/05\/29\/exitoso-sorteo-y-primer-viaje-publico-del-tren-turistico-entre-mercedes-y-jofre\/","og_locale":"es_ES","og_type":"article","og_title":"Exitoso sorteo y primer viaje p\u00fablico del tren tur\u00edstico entre Mercedes y Jofr\u00e9","og_description":"\u25a0 Vecinos y vecinas disfrutan de una experiencia \u00fanica en la recuperada l\u00ednea ferroviaria. Un breve pero significativo recorrido entre Mercedes, Altamira y Tom\u00e1s Jofr\u00e9 comienza a tomar forma los domingos","og_url":"https:\/\/noticiasmercedinas.com\/site\/2023\/05\/29\/exitoso-sorteo-y-primer-viaje-publico-del-tren-turistico-entre-mercedes-y-jofre\/","og_site_name":"NOTICIASMERCEDINAS.COM","article_publisher":"https:\/\/www.facebook.com\/noticiasmercedinas\/","article_published_time":"2023-05-29T12:09:08+00:00","og_image":[{"width":640,"height":427,"url":"https:\/\/noticiasmercedinas.com\/site\/wp-content\/uploads\/2023\/05\/DSC_0265.jpg","type":"image\/jpeg"}],"author":"NOTICIASMERCEDINAS.COM","twitter_card":"summary_large_image","twitter_creator":"@notmercedinas","twitter_site":"@notmercedinas","twitter_misc":{"Escrito por":"NOTICIASMERCEDINAS.COM","Tiempo de lectura":"3 minutos"},"schema":{"@context":"https:\/\/schema.org","@graph":[{"@type":"Article","@id":"https:\/\/noticiasmercedinas.com\/site\/2023\/05\/29\/exitoso-sorteo-y-primer-viaje-publico-del-tren-turistico-entre-mercedes-y-jofre\/#article","isPartOf":{"@id":"https:\/\/noticiasmercedinas.com\/site\/2023\/05\/29\/exitoso-sorteo-y-primer-viaje-publico-del-tren-turistico-entre-mercedes-y-jofre\/"},"author":{"name":"NOTICIASMERCEDINAS.COM","@id":"https:\/\/noticiasmercedinas.com\/site\/#\/schema\/person\/84b59c099c28ff2e8b77d4ceec5d8063"},"headline":"Exitoso sorteo y primer viaje p\u00fablico del tren tur\u00edstico entre Mercedes y Jofr\u00e9","datePublished":"2023-05-29T12:09:08+00:00","mainEntityOfPage":{"@id":"https:\/\/noticiasmercedinas.com\/site\/2023\/05\/29\/exitoso-sorteo-y-primer-viaje-publico-del-tren-turistico-entre-mercedes-y-jofre\/"},"wordCount":497,"publisher":{"@id":"https:\/\/noticiasmercedinas.com\/site\/#organization"},"image":{"@id":"https:\/\/noticiasmercedinas.com\/site\/2023\/05\/29\/exitoso-sorteo-y-primer-viaje-publico-del-tren-turistico-entre-mercedes-y-jofre\/#primaryimage"},"thumbnailUrl":"https:\/\/noticiasmercedinas.com\/site\/wp-content\/uploads\/2023\/05\/DSC_0265.jpg","keywords":["altamira","tomas jofre","Tren","tren turistico","turismo"],"articleSection":["Sociedad"],"inLanguage":"es"},{"@type":"WebPage","@id":"https:\/\/noticiasmercedinas.com\/site\/2023\/05\/29\/exitoso-sorteo-y-primer-viaje-publico-del-tren-turistico-entre-mercedes-y-jofre\/","url":"https:\/\/noticiasmercedinas.com\/site\/2023\/05\/29\/exitoso-sorteo-y-primer-viaje-publico-del-tren-turistico-entre-mercedes-y-jofre\/","name":"Exitoso sorteo y primer viaje p\u00fablico del tren tur\u00edstico entre Mercedes y Jofr\u00e9","isPartOf":{"@id":"https:\/\/noticiasmercedinas.com\/site\/#website"},"primaryImageOfPage":{"@id":"https:\/\/noticiasmercedinas.com\/site\/2023\/05\/29\/exitoso-sorteo-y-primer-viaje-publico-del-tren-turistico-entre-mercedes-y-jofre\/#primaryimage"},"image":{"@id":"https:\/\/noticiasmercedinas.com\/site\/2023\/05\/29\/exitoso-sorteo-y-primer-viaje-publico-del-tren-turistico-entre-mercedes-y-jofre\/#primaryimage"},"thumbnailUrl":"https:\/\/noticiasmercedinas.com\/site\/wp-content\/uploads\/2023\/05\/DSC_0265.jpg","datePublished":"2023-05-29T12:09:08+00:00","breadcrumb":{"@id":"https:\/\/noticiasmercedinas.com\/site\/2023\/05\/29\/exitoso-sorteo-y-primer-viaje-publico-del-tren-turistico-entre-mercedes-y-jofre\/#breadcrumb"},"inLanguage":"es","potentialAction":[{"@type":"ReadAction","target":["https:\/\/noticiasmercedinas.com\/site\/2023\/05\/29\/exitoso-sorteo-y-primer-viaje-publico-del-tren-turistico-entre-mercedes-y-jofre\/"]}]},{"@type":"ImageObject","inLanguage":"es","@id":"https:\/\/noticiasmercedinas.com\/site\/2023\/05\/29\/exitoso-sorteo-y-primer-viaje-publico-del-tren-turistico-entre-mercedes-y-jofre\/#primaryimage","url":"https:\/\/noticiasmercedinas.com\/site\/wp-content\/uploads\/2023\/05\/DSC_0265.jpg","contentUrl":"https:\/\/noticiasmercedinas.com\/site\/wp-content\/uploads\/2023\/05\/DSC_0265.jpg","width":640,"height":427},{"@type":"BreadcrumbList","@id":"https:\/\/noticiasmercedinas.com\/site\/2023\/05\/29\/exitoso-sorteo-y-primer-viaje-publico-del-tren-turistico-entre-mercedes-y-jofre\/#breadcrumb","itemListElement":[{"@type":"ListItem","position":1,"name":"Portada","item":"https:\/\/noticiasmercedinas.com\/site\/"},{"@type":"ListItem","position":2,"name":"Exitoso sorteo y primer viaje p\u00fablico del tren tur\u00edstico entre Mercedes y Jofr\u00e9"}]},{"@type":"WebSite","@id":"https:\/\/noticiasmercedinas.com\/site\/#website","url":"https:\/\/noticiasmercedinas.com\/site\/","name":"NOTICIASMERCEDINAS.COM","description":"Mercedes, Buenos Aires, Argentina","publisher":{"@id":"https:\/\/noticiasmercedinas.com\/site\/#organization"},"potentialAction":[{"@type":"SearchAction","target":{"@type":"EntryPoint","urlTemplate":"https:\/\/noticiasmercedinas.com\/site\/?s={search_term_string}"},"query-input":{"@type":"PropertyValueSpecification","valueRequired":true,"valueName":"search_term_string"}}],"inLanguage":"es"},{"@type":"Organization","@id":"https:\/\/noticiasmercedinas.com\/site\/#organization","name":"NOTICIASMERCEDINAS.COM","url":"https:\/\/noticiasmercedinas.com\/site\/","logo":{"@type":"ImageObject","inLanguage":"es","@id":"https:\/\/noticiasmercedinas.com\/site\/#\/schema\/logo\/image\/","url":"https:\/\/noticiasmercedinas.com\/site\/wp-content\/uploads\/2020\/06\/LOGO-512.jpg","contentUrl":"https:\/\/noticiasmercedinas.com\/site\/wp-content\/uploads\/2020\/06\/LOGO-512.jpg","width":512,"height":512,"caption":"NOTICIASMERCEDINAS.COM"},"image":{"@id":"https:\/\/noticiasmercedinas.com\/site\/#\/schema\/logo\/image\/"},"sameAs":["https:\/\/www.facebook.com\/noticiasmercedinas\/","https:\/\/x.com\/notmercedinas","https:\/\/www.instagram.com\/noticiasmercedinas\/"]},{"@type":"Person","@id":"https:\/\/noticiasmercedinas.com\/site\/#\/schema\/person\/84b59c099c28ff2e8b77d4ceec5d8063","name":"NOTICIASMERCEDINAS.COM","image":{"@type":"ImageObject","inLanguage":"es","@id":"https:\/\/secure.gravatar.com\/avatar\/4dfbf16b4d17945bfb6341b2d19043457132fcf478a5ee04f42e959fd8f5df0a?s=96&d=mm&r=g","url":"https:\/\/secure.gravatar.com\/avatar\/4dfbf16b4d17945bfb6341b2d19043457132fcf478a5ee04f42e959fd8f5df0a?s=96&d=mm&r=g","contentUrl":"https:\/\/secure.gravatar.com\/avatar\/4dfbf16b4d17945bfb6341b2d19043457132fcf478a5ee04f42e959fd8f5df0a?s=96&d=mm&r=g","caption":"NOTICIASMERCEDINAS.COM"},"url":"https:\/\/noticiasmercedinas.com\/site\/author\/anonimo\/"}]}},"amp_enabled":true,"_links":{"self":[{"href":"https:\/\/noticiasmercedinas.com\/site\/wp-json\/wp\/v2\/posts\/115903","targetHints":{"allow":["GET"]}}],"collection":[{"href":"https:\/\/noticiasmercedinas.com\/site\/wp-json\/wp\/v2\/posts"}],"about":[{"href":"https:\/\/noticiasmercedinas.com\/site\/wp-json\/wp\/v2\/types\/post"}],"author":[{"embeddable":true,"href":"https:\/\/noticiasmercedinas.com\/site\/wp-json\/wp\/v2\/users\/16"}],"replies":[{"embeddable":true,"href":"https:\/\/noticiasmercedinas.com\/site\/wp-json\/wp\/v2\/comments?post=115903"}],"version-history":[{"count":1,"href":"https:\/\/noticiasmercedinas.com\/site\/wp-json\/wp\/v2\/posts\/115903\/revisions"}],"predecessor-version":[{"id":115908,"href":"https:\/\/noticiasmercedinas.com\/site\/wp-json\/wp\/v2\/posts\/115903\/revisions\/115908"}],"wp:featuredmedia":[{"embeddable":true,"href":"https:\/\/noticiasmercedinas.com\/site\/wp-json\/wp\/v2\/media\/115907"}],"wp:attachment":[{"href":"https:\/\/noticiasmercedinas.com\/site\/wp-json\/wp\/v2\/media?parent=115903"}],"wp:term":[{"taxonomy":"category","embeddable":true,"href":"https:\/\/noticiasmercedinas.com\/site\/wp-json\/wp\/v2\/categories?post=115903"},{"taxonomy":"post_tag","embeddable":true,"href":"https:\/\/noticiasmercedinas.com\/site\/wp-json\/wp\/v2\/tags?post=115903"}],"curies":[{"name":"wp","href":"https:\/\/api.w.org\/{rel}","templated":true}]}}