{"id":115946,"date":"2023-05-29T11:31:38","date_gmt":"2023-05-29T14:31:38","guid":{"rendered":"https:\/\/noticiasmercedinas.com\/site\/?p=115946"},"modified":"2023-05-29T11:31:38","modified_gmt":"2023-05-29T14:31:38","slug":"coro-polifonico-nacional-de-ciegos-actuara-en-la-iglesia-san-patricio","status":"publish","type":"post","link":"https:\/\/noticiasmercedinas.com\/site\/2023\/05\/29\/coro-polifonico-nacional-de-ciegos-actuara-en-la-iglesia-san-patricio\/","title":{"rendered":"Coro Polif\u00f3nico Nacional de Ciegos actuar\u00e1 en la Iglesia San Patricio"},"content":{"rendered":"<p><img loading=\"lazy\" decoding=\"async\" class=\"alignnone size-full wp-image-115947\" src=\"https:\/\/noticiasmercedinas.com\/site\/wp-content\/uploads\/2023\/05\/CPNC-2.jpg\" alt=\"\" width=\"800\" height=\"534\" srcset=\"https:\/\/noticiasmercedinas.com\/site\/wp-content\/uploads\/2023\/05\/CPNC-2.jpg 800w, https:\/\/noticiasmercedinas.com\/site\/wp-content\/uploads\/2023\/05\/CPNC-2-300x200.jpg 300w, https:\/\/noticiasmercedinas.com\/site\/wp-content\/uploads\/2023\/05\/CPNC-2-768x513.jpg 768w, https:\/\/noticiasmercedinas.com\/site\/wp-content\/uploads\/2023\/05\/CPNC-2-640x427.jpg 640w, https:\/\/noticiasmercedinas.com\/site\/wp-content\/uploads\/2023\/05\/CPNC-2-681x455.jpg 681w\" sizes=\"auto, (max-width: 800px) 100vw, 800px\" \/><\/p>\n<p>El Coro Polif\u00f3nico Nacional de Ciegos \u00abCarlos Roberto Larrimbe\u00bb ofrecer\u00e1 un concierto en la Parroquia San Patricio de Mercedes, como parte de su ciclo de conciertos por la provincia de Buenos Aires.<\/p>\n<p>El pr\u00f3ximo s\u00e1bado 3 de junio, a las 20 horas, el Coro Polif\u00f3nico Nacional de Ciegos \u00abCarlos Roberto Larrimbe\u00bb se presentar\u00e1 en la Parroquia San Patricio. Esta presentaci\u00f3n forma parte de un ciclo de conciertos que el prestigioso elenco coral est\u00e1 ofreciendo por diversas localidades de la provincia, incluyendo La Plata, General Las Heras, Trenque Lauquen, Navarro, entre otros.<\/p>\n<p>Bajo la direcci\u00f3n del Maestro Osvaldo Manzanelli, el Coro Polif\u00f3nico Nacional de Ciegos deleitar\u00e1 al p\u00fablico con un repertorio acad\u00e9mico sacro y popular, compuesto por obras de reconocidos compositores y arregladores nacionales e internacionales. El concierto se llevar\u00e1 a cabo en la Parroquia San Patricio, ubicada en la calle 12 N\u00b0 462.<\/p>\n<p>El elenco, conformado en su totalidad por personas ciegas o con una disminuci\u00f3n visual avanzada, es una instituci\u00f3n de larga trayectoria en el \u00e1mbito musical argentino. Fundado el 2 de febrero de 1947, el Coro Polif\u00f3nico Nacional de Ciegos ha brindado oportunidades art\u00edsticas y un medio de vida estable para sus integrantes, quienes poseen conocimientos musicales, t\u00e9cnica vocal y dominio de la escritura y la musicograf\u00eda Braille.<\/p>\n<p>Seg\u00fan expres\u00f3 David Morales, coreuta del Coro, \u00abrealizar estas giras por la provincia de Buenos Aires nos da la oportunidad de mostrar lo que hacemos, vincularnos y tener un ida y vuelta con el p\u00fablico, recibiendo el afecto de las localidades. Cantaremos obras nacionales y latinoamericanas, y esperamos revivir la alegr\u00eda de la gente en Mercedes, donde ya hemos tenido una experiencia muy positiva en a\u00f1os anteriores\u00bb.<\/p>\n<p>El concierto en la Parroquia San Patricio contar\u00e1 con un programa que incluir\u00e1 composiciones como \u00abLaudate Dominum\u00bb de Josep Vila i Casa\u00f1as, \u00abCrucifixus\u00bb de Antonio Lotti, \u00abTota Pulchra Es\u00bb de Ola Gjeilo, entre otras. Adem\u00e1s, el Coro interpretar\u00e1 una selecci\u00f3n de m\u00fasica popular y folkl\u00f3rica, como \u00abChacarera de las Piedras\u00bb de Atahualpa Yupanqui.<\/p>\n<p>El Coro Polif\u00f3nico Nacional de Ciegos \u00abCarlos Roberto Larrimbe\u00bb es uno de los elencos estables de la Direcci\u00f3n Nacional de Elencos Estables del Ministerio de Cultura de la Naci\u00f3n. Esta direcci\u00f3n tiene como objetivo el desarrollo, el fomento, la difusi\u00f3n y la divulgaci\u00f3n de las expresiones art\u00edsticas y culturales de los elencos nacionales de m\u00fasica y danza. A trav\u00e9s de este ciclo de conciertos, el Coro busca difundir la m\u00fasica y establecer un v\u00ednculo con las diferentes localidades de la provincia de Buenos Aires.<\/p>\n<p><img loading=\"lazy\" decoding=\"async\" class=\"alignnone size-large wp-image-115948\" src=\"https:\/\/noticiasmercedinas.com\/site\/wp-content\/uploads\/2023\/05\/CORO-POLIFONICO-NACIONAL-1x1-OSCURO_Mesa-de-trabajo-1-1024x1024.jpg\" alt=\"\" width=\"640\" height=\"640\" srcset=\"https:\/\/noticiasmercedinas.com\/site\/wp-content\/uploads\/2023\/05\/CORO-POLIFONICO-NACIONAL-1x1-OSCURO_Mesa-de-trabajo-1-1024x1024.jpg 1024w, https:\/\/noticiasmercedinas.com\/site\/wp-content\/uploads\/2023\/05\/CORO-POLIFONICO-NACIONAL-1x1-OSCURO_Mesa-de-trabajo-1-300x300.jpg 300w, https:\/\/noticiasmercedinas.com\/site\/wp-content\/uploads\/2023\/05\/CORO-POLIFONICO-NACIONAL-1x1-OSCURO_Mesa-de-trabajo-1-150x150.jpg 150w, https:\/\/noticiasmercedinas.com\/site\/wp-content\/uploads\/2023\/05\/CORO-POLIFONICO-NACIONAL-1x1-OSCURO_Mesa-de-trabajo-1-768x768.jpg 768w, https:\/\/noticiasmercedinas.com\/site\/wp-content\/uploads\/2023\/05\/CORO-POLIFONICO-NACIONAL-1x1-OSCURO_Mesa-de-trabajo-1-1536x1536.jpg 1536w, https:\/\/noticiasmercedinas.com\/site\/wp-content\/uploads\/2023\/05\/CORO-POLIFONICO-NACIONAL-1x1-OSCURO_Mesa-de-trabajo-1-2048x2048.jpg 2048w, https:\/\/noticiasmercedinas.com\/site\/wp-content\/uploads\/2023\/05\/CORO-POLIFONICO-NACIONAL-1x1-OSCURO_Mesa-de-trabajo-1-640x640.jpg 640w, https:\/\/noticiasmercedinas.com\/site\/wp-content\/uploads\/2023\/05\/CORO-POLIFONICO-NACIONAL-1x1-OSCURO_Mesa-de-trabajo-1-1280x1280.jpg 1280w, https:\/\/noticiasmercedinas.com\/site\/wp-content\/uploads\/2023\/05\/CORO-POLIFONICO-NACIONAL-1x1-OSCURO_Mesa-de-trabajo-1-681x681.jpg 681w, https:\/\/noticiasmercedinas.com\/site\/wp-content\/uploads\/2023\/05\/CORO-POLIFONICO-NACIONAL-1x1-OSCURO_Mesa-de-trabajo-1-1362x1362.jpg 1362w\" sizes=\"auto, (max-width: 640px) 100vw, 640px\" \/><\/p>\n","protected":false},"excerpt":{"rendered":"<p>\u25a0 Como parte de su ciclo de conciertos por la provincia de Buenos Aires, se presentar\u00e1 con entrada libre y gratuita el pr\u00f3ximo s\u00e1bado 3 de junio, a las 20 horas<\/p>\n","protected":false},"author":16,"featured_media":115947,"comment_status":"closed","ping_status":"closed","sticky":false,"template":"","format":"standard","meta":{"footnotes":""},"categories":[4],"tags":[16936,16937,5342],"class_list":["post-115946","post","type-post","status-publish","format-standard","has-post-thumbnail","hentry","category-cultura","tag-coco","tag-coro-polifonico","tag-iglesia-san-patricio"],"yoast_head":"<!-- This site is optimized with the Yoast SEO plugin v27.5 - https:\/\/yoast.com\/product\/yoast-seo-wordpress\/ -->\n<title>Coro Polif\u00f3nico Nacional de Ciegos actuar\u00e1 en la Iglesia San Patricio<\/title>\n<meta name=\"robots\" content=\"index, follow, max-snippet:-1, max-image-preview:large, max-video-preview:-1\" \/>\n<link rel=\"canonical\" href=\"https:\/\/noticiasmercedinas.com\/site\/2023\/05\/29\/coro-polifonico-nacional-de-ciegos-actuara-en-la-iglesia-san-patricio\/\" \/>\n<meta property=\"og:locale\" content=\"es_ES\" \/>\n<meta property=\"og:type\" content=\"article\" \/>\n<meta property=\"og:title\" content=\"Coro Polif\u00f3nico Nacional de Ciegos actuar\u00e1 en la Iglesia San Patricio\" \/>\n<meta property=\"og:description\" content=\"\u25a0 Como parte de su ciclo de conciertos por la provincia de Buenos Aires, se presentar\u00e1 con entrada libre y gratuita el pr\u00f3ximo s\u00e1bado 3 de junio, a las 20 horas\" \/>\n<meta property=\"og:url\" content=\"https:\/\/noticiasmercedinas.com\/site\/2023\/05\/29\/coro-polifonico-nacional-de-ciegos-actuara-en-la-iglesia-san-patricio\/\" \/>\n<meta property=\"og:site_name\" content=\"NOTICIASMERCEDINAS.COM\" \/>\n<meta property=\"article:publisher\" content=\"https:\/\/www.facebook.com\/noticiasmercedinas\/\" \/>\n<meta property=\"article:published_time\" content=\"2023-05-29T14:31:38+00:00\" \/>\n<meta property=\"og:image\" content=\"https:\/\/noticiasmercedinas.com\/site\/wp-content\/uploads\/2023\/05\/CPNC-2.jpg\" \/>\n\t<meta property=\"og:image:width\" content=\"800\" \/>\n\t<meta property=\"og:image:height\" content=\"534\" \/>\n\t<meta property=\"og:image:type\" content=\"image\/jpeg\" \/>\n<meta name=\"author\" content=\"NOTICIASMERCEDINAS.COM\" \/>\n<meta name=\"twitter:card\" content=\"summary_large_image\" \/>\n<meta name=\"twitter:creator\" content=\"@notmercedinas\" \/>\n<meta name=\"twitter:site\" content=\"@notmercedinas\" \/>\n<meta name=\"twitter:label1\" content=\"Escrito por\" \/>\n\t<meta name=\"twitter:data1\" content=\"NOTICIASMERCEDINAS.COM\" \/>\n\t<meta name=\"twitter:label2\" content=\"Tiempo de lectura\" \/>\n\t<meta name=\"twitter:data2\" content=\"3 minutos\" \/>\n<script type=\"application\/ld+json\" class=\"yoast-schema-graph\">{\"@context\":\"https:\\\/\\\/schema.org\",\"@graph\":[{\"@type\":\"Article\",\"@id\":\"https:\\\/\\\/noticiasmercedinas.com\\\/site\\\/2023\\\/05\\\/29\\\/coro-polifonico-nacional-de-ciegos-actuara-en-la-iglesia-san-patricio\\\/#article\",\"isPartOf\":{\"@id\":\"https:\\\/\\\/noticiasmercedinas.com\\\/site\\\/2023\\\/05\\\/29\\\/coro-polifonico-nacional-de-ciegos-actuara-en-la-iglesia-san-patricio\\\/\"},\"author\":{\"name\":\"NOTICIASMERCEDINAS.COM\",\"@id\":\"https:\\\/\\\/noticiasmercedinas.com\\\/site\\\/#\\\/schema\\\/person\\\/84b59c099c28ff2e8b77d4ceec5d8063\"},\"headline\":\"Coro Polif\u00f3nico Nacional de Ciegos actuar\u00e1 en la Iglesia San Patricio\",\"datePublished\":\"2023-05-29T14:31:38+00:00\",\"mainEntityOfPage\":{\"@id\":\"https:\\\/\\\/noticiasmercedinas.com\\\/site\\\/2023\\\/05\\\/29\\\/coro-polifonico-nacional-de-ciegos-actuara-en-la-iglesia-san-patricio\\\/\"},\"wordCount\":455,\"publisher\":{\"@id\":\"https:\\\/\\\/noticiasmercedinas.com\\\/site\\\/#organization\"},\"image\":{\"@id\":\"https:\\\/\\\/noticiasmercedinas.com\\\/site\\\/2023\\\/05\\\/29\\\/coro-polifonico-nacional-de-ciegos-actuara-en-la-iglesia-san-patricio\\\/#primaryimage\"},\"thumbnailUrl\":\"https:\\\/\\\/noticiasmercedinas.com\\\/site\\\/wp-content\\\/uploads\\\/2023\\\/05\\\/CPNC-2.jpg\",\"keywords\":[\"coco\",\"coro polifonico\",\"iglesia san patricio\"],\"articleSection\":[\"Cultura\"],\"inLanguage\":\"es\"},{\"@type\":\"WebPage\",\"@id\":\"https:\\\/\\\/noticiasmercedinas.com\\\/site\\\/2023\\\/05\\\/29\\\/coro-polifonico-nacional-de-ciegos-actuara-en-la-iglesia-san-patricio\\\/\",\"url\":\"https:\\\/\\\/noticiasmercedinas.com\\\/site\\\/2023\\\/05\\\/29\\\/coro-polifonico-nacional-de-ciegos-actuara-en-la-iglesia-san-patricio\\\/\",\"name\":\"Coro Polif\u00f3nico Nacional de Ciegos actuar\u00e1 en la Iglesia San Patricio\",\"isPartOf\":{\"@id\":\"https:\\\/\\\/noticiasmercedinas.com\\\/site\\\/#website\"},\"primaryImageOfPage\":{\"@id\":\"https:\\\/\\\/noticiasmercedinas.com\\\/site\\\/2023\\\/05\\\/29\\\/coro-polifonico-nacional-de-ciegos-actuara-en-la-iglesia-san-patricio\\\/#primaryimage\"},\"image\":{\"@id\":\"https:\\\/\\\/noticiasmercedinas.com\\\/site\\\/2023\\\/05\\\/29\\\/coro-polifonico-nacional-de-ciegos-actuara-en-la-iglesia-san-patricio\\\/#primaryimage\"},\"thumbnailUrl\":\"https:\\\/\\\/noticiasmercedinas.com\\\/site\\\/wp-content\\\/uploads\\\/2023\\\/05\\\/CPNC-2.jpg\",\"datePublished\":\"2023-05-29T14:31:38+00:00\",\"breadcrumb\":{\"@id\":\"https:\\\/\\\/noticiasmercedinas.com\\\/site\\\/2023\\\/05\\\/29\\\/coro-polifonico-nacional-de-ciegos-actuara-en-la-iglesia-san-patricio\\\/#breadcrumb\"},\"inLanguage\":\"es\",\"potentialAction\":[{\"@type\":\"ReadAction\",\"target\":[\"https:\\\/\\\/noticiasmercedinas.com\\\/site\\\/2023\\\/05\\\/29\\\/coro-polifonico-nacional-de-ciegos-actuara-en-la-iglesia-san-patricio\\\/\"]}]},{\"@type\":\"ImageObject\",\"inLanguage\":\"es\",\"@id\":\"https:\\\/\\\/noticiasmercedinas.com\\\/site\\\/2023\\\/05\\\/29\\\/coro-polifonico-nacional-de-ciegos-actuara-en-la-iglesia-san-patricio\\\/#primaryimage\",\"url\":\"https:\\\/\\\/noticiasmercedinas.com\\\/site\\\/wp-content\\\/uploads\\\/2023\\\/05\\\/CPNC-2.jpg\",\"contentUrl\":\"https:\\\/\\\/noticiasmercedinas.com\\\/site\\\/wp-content\\\/uploads\\\/2023\\\/05\\\/CPNC-2.jpg\",\"width\":800,\"height\":534},{\"@type\":\"BreadcrumbList\",\"@id\":\"https:\\\/\\\/noticiasmercedinas.com\\\/site\\\/2023\\\/05\\\/29\\\/coro-polifonico-nacional-de-ciegos-actuara-en-la-iglesia-san-patricio\\\/#breadcrumb\",\"itemListElement\":[{\"@type\":\"ListItem\",\"position\":1,\"name\":\"Portada\",\"item\":\"https:\\\/\\\/noticiasmercedinas.com\\\/site\\\/\"},{\"@type\":\"ListItem\",\"position\":2,\"name\":\"Coro Polif\u00f3nico Nacional de Ciegos actuar\u00e1 en la Iglesia San Patricio\"}]},{\"@type\":\"WebSite\",\"@id\":\"https:\\\/\\\/noticiasmercedinas.com\\\/site\\\/#website\",\"url\":\"https:\\\/\\\/noticiasmercedinas.com\\\/site\\\/\",\"name\":\"NOTICIASMERCEDINAS.COM\",\"description\":\"Mercedes, Buenos Aires, Argentina\",\"publisher\":{\"@id\":\"https:\\\/\\\/noticiasmercedinas.com\\\/site\\\/#organization\"},\"potentialAction\":[{\"@type\":\"SearchAction\",\"target\":{\"@type\":\"EntryPoint\",\"urlTemplate\":\"https:\\\/\\\/noticiasmercedinas.com\\\/site\\\/?s={search_term_string}\"},\"query-input\":{\"@type\":\"PropertyValueSpecification\",\"valueRequired\":true,\"valueName\":\"search_term_string\"}}],\"inLanguage\":\"es\"},{\"@type\":\"Organization\",\"@id\":\"https:\\\/\\\/noticiasmercedinas.com\\\/site\\\/#organization\",\"name\":\"NOTICIASMERCEDINAS.COM\",\"url\":\"https:\\\/\\\/noticiasmercedinas.com\\\/site\\\/\",\"logo\":{\"@type\":\"ImageObject\",\"inLanguage\":\"es\",\"@id\":\"https:\\\/\\\/noticiasmercedinas.com\\\/site\\\/#\\\/schema\\\/logo\\\/image\\\/\",\"url\":\"https:\\\/\\\/noticiasmercedinas.com\\\/site\\\/wp-content\\\/uploads\\\/2020\\\/06\\\/LOGO-512.jpg\",\"contentUrl\":\"https:\\\/\\\/noticiasmercedinas.com\\\/site\\\/wp-content\\\/uploads\\\/2020\\\/06\\\/LOGO-512.jpg\",\"width\":512,\"height\":512,\"caption\":\"NOTICIASMERCEDINAS.COM\"},\"image\":{\"@id\":\"https:\\\/\\\/noticiasmercedinas.com\\\/site\\\/#\\\/schema\\\/logo\\\/image\\\/\"},\"sameAs\":[\"https:\\\/\\\/www.facebook.com\\\/noticiasmercedinas\\\/\",\"https:\\\/\\\/x.com\\\/notmercedinas\",\"https:\\\/\\\/www.instagram.com\\\/noticiasmercedinas\\\/\"]},{\"@type\":\"Person\",\"@id\":\"https:\\\/\\\/noticiasmercedinas.com\\\/site\\\/#\\\/schema\\\/person\\\/84b59c099c28ff2e8b77d4ceec5d8063\",\"name\":\"NOTICIASMERCEDINAS.COM\",\"image\":{\"@type\":\"ImageObject\",\"inLanguage\":\"es\",\"@id\":\"https:\\\/\\\/secure.gravatar.com\\\/avatar\\\/4dfbf16b4d17945bfb6341b2d19043457132fcf478a5ee04f42e959fd8f5df0a?s=96&d=mm&r=g\",\"url\":\"https:\\\/\\\/secure.gravatar.com\\\/avatar\\\/4dfbf16b4d17945bfb6341b2d19043457132fcf478a5ee04f42e959fd8f5df0a?s=96&d=mm&r=g\",\"contentUrl\":\"https:\\\/\\\/secure.gravatar.com\\\/avatar\\\/4dfbf16b4d17945bfb6341b2d19043457132fcf478a5ee04f42e959fd8f5df0a?s=96&d=mm&r=g\",\"caption\":\"NOTICIASMERCEDINAS.COM\"},\"url\":\"https:\\\/\\\/noticiasmercedinas.com\\\/site\\\/author\\\/anonimo\\\/\"}]}<\/script>\n<!-- \/ Yoast SEO plugin. -->","yoast_head_json":{"title":"Coro Polif\u00f3nico Nacional de Ciegos actuar\u00e1 en la Iglesia San Patricio","robots":{"index":"index","follow":"follow","max-snippet":"max-snippet:-1","max-image-preview":"max-image-preview:large","max-video-preview":"max-video-preview:-1"},"canonical":"https:\/\/noticiasmercedinas.com\/site\/2023\/05\/29\/coro-polifonico-nacional-de-ciegos-actuara-en-la-iglesia-san-patricio\/","og_locale":"es_ES","og_type":"article","og_title":"Coro Polif\u00f3nico Nacional de Ciegos actuar\u00e1 en la Iglesia San Patricio","og_description":"\u25a0 Como parte de su ciclo de conciertos por la provincia de Buenos Aires, se presentar\u00e1 con entrada libre y gratuita el pr\u00f3ximo s\u00e1bado 3 de junio, a las 20 horas","og_url":"https:\/\/noticiasmercedinas.com\/site\/2023\/05\/29\/coro-polifonico-nacional-de-ciegos-actuara-en-la-iglesia-san-patricio\/","og_site_name":"NOTICIASMERCEDINAS.COM","article_publisher":"https:\/\/www.facebook.com\/noticiasmercedinas\/","article_published_time":"2023-05-29T14:31:38+00:00","og_image":[{"width":800,"height":534,"url":"https:\/\/noticiasmercedinas.com\/site\/wp-content\/uploads\/2023\/05\/CPNC-2.jpg","type":"image\/jpeg"}],"author":"NOTICIASMERCEDINAS.COM","twitter_card":"summary_large_image","twitter_creator":"@notmercedinas","twitter_site":"@notmercedinas","twitter_misc":{"Escrito por":"NOTICIASMERCEDINAS.COM","Tiempo de lectura":"3 minutos"},"schema":{"@context":"https:\/\/schema.org","@graph":[{"@type":"Article","@id":"https:\/\/noticiasmercedinas.com\/site\/2023\/05\/29\/coro-polifonico-nacional-de-ciegos-actuara-en-la-iglesia-san-patricio\/#article","isPartOf":{"@id":"https:\/\/noticiasmercedinas.com\/site\/2023\/05\/29\/coro-polifonico-nacional-de-ciegos-actuara-en-la-iglesia-san-patricio\/"},"author":{"name":"NOTICIASMERCEDINAS.COM","@id":"https:\/\/noticiasmercedinas.com\/site\/#\/schema\/person\/84b59c099c28ff2e8b77d4ceec5d8063"},"headline":"Coro Polif\u00f3nico Nacional de Ciegos actuar\u00e1 en la Iglesia San Patricio","datePublished":"2023-05-29T14:31:38+00:00","mainEntityOfPage":{"@id":"https:\/\/noticiasmercedinas.com\/site\/2023\/05\/29\/coro-polifonico-nacional-de-ciegos-actuara-en-la-iglesia-san-patricio\/"},"wordCount":455,"publisher":{"@id":"https:\/\/noticiasmercedinas.com\/site\/#organization"},"image":{"@id":"https:\/\/noticiasmercedinas.com\/site\/2023\/05\/29\/coro-polifonico-nacional-de-ciegos-actuara-en-la-iglesia-san-patricio\/#primaryimage"},"thumbnailUrl":"https:\/\/noticiasmercedinas.com\/site\/wp-content\/uploads\/2023\/05\/CPNC-2.jpg","keywords":["coco","coro polifonico","iglesia san patricio"],"articleSection":["Cultura"],"inLanguage":"es"},{"@type":"WebPage","@id":"https:\/\/noticiasmercedinas.com\/site\/2023\/05\/29\/coro-polifonico-nacional-de-ciegos-actuara-en-la-iglesia-san-patricio\/","url":"https:\/\/noticiasmercedinas.com\/site\/2023\/05\/29\/coro-polifonico-nacional-de-ciegos-actuara-en-la-iglesia-san-patricio\/","name":"Coro Polif\u00f3nico Nacional de Ciegos actuar\u00e1 en la Iglesia San Patricio","isPartOf":{"@id":"https:\/\/noticiasmercedinas.com\/site\/#website"},"primaryImageOfPage":{"@id":"https:\/\/noticiasmercedinas.com\/site\/2023\/05\/29\/coro-polifonico-nacional-de-ciegos-actuara-en-la-iglesia-san-patricio\/#primaryimage"},"image":{"@id":"https:\/\/noticiasmercedinas.com\/site\/2023\/05\/29\/coro-polifonico-nacional-de-ciegos-actuara-en-la-iglesia-san-patricio\/#primaryimage"},"thumbnailUrl":"https:\/\/noticiasmercedinas.com\/site\/wp-content\/uploads\/2023\/05\/CPNC-2.jpg","datePublished":"2023-05-29T14:31:38+00:00","breadcrumb":{"@id":"https:\/\/noticiasmercedinas.com\/site\/2023\/05\/29\/coro-polifonico-nacional-de-ciegos-actuara-en-la-iglesia-san-patricio\/#breadcrumb"},"inLanguage":"es","potentialAction":[{"@type":"ReadAction","target":["https:\/\/noticiasmercedinas.com\/site\/2023\/05\/29\/coro-polifonico-nacional-de-ciegos-actuara-en-la-iglesia-san-patricio\/"]}]},{"@type":"ImageObject","inLanguage":"es","@id":"https:\/\/noticiasmercedinas.com\/site\/2023\/05\/29\/coro-polifonico-nacional-de-ciegos-actuara-en-la-iglesia-san-patricio\/#primaryimage","url":"https:\/\/noticiasmercedinas.com\/site\/wp-content\/uploads\/2023\/05\/CPNC-2.jpg","contentUrl":"https:\/\/noticiasmercedinas.com\/site\/wp-content\/uploads\/2023\/05\/CPNC-2.jpg","width":800,"height":534},{"@type":"BreadcrumbList","@id":"https:\/\/noticiasmercedinas.com\/site\/2023\/05\/29\/coro-polifonico-nacional-de-ciegos-actuara-en-la-iglesia-san-patricio\/#breadcrumb","itemListElement":[{"@type":"ListItem","position":1,"name":"Portada","item":"https:\/\/noticiasmercedinas.com\/site\/"},{"@type":"ListItem","position":2,"name":"Coro Polif\u00f3nico Nacional de Ciegos actuar\u00e1 en la Iglesia San Patricio"}]},{"@type":"WebSite","@id":"https:\/\/noticiasmercedinas.com\/site\/#website","url":"https:\/\/noticiasmercedinas.com\/site\/","name":"NOTICIASMERCEDINAS.COM","description":"Mercedes, Buenos Aires, Argentina","publisher":{"@id":"https:\/\/noticiasmercedinas.com\/site\/#organization"},"potentialAction":[{"@type":"SearchAction","target":{"@type":"EntryPoint","urlTemplate":"https:\/\/noticiasmercedinas.com\/site\/?s={search_term_string}"},"query-input":{"@type":"PropertyValueSpecification","valueRequired":true,"valueName":"search_term_string"}}],"inLanguage":"es"},{"@type":"Organization","@id":"https:\/\/noticiasmercedinas.com\/site\/#organization","name":"NOTICIASMERCEDINAS.COM","url":"https:\/\/noticiasmercedinas.com\/site\/","logo":{"@type":"ImageObject","inLanguage":"es","@id":"https:\/\/noticiasmercedinas.com\/site\/#\/schema\/logo\/image\/","url":"https:\/\/noticiasmercedinas.com\/site\/wp-content\/uploads\/2020\/06\/LOGO-512.jpg","contentUrl":"https:\/\/noticiasmercedinas.com\/site\/wp-content\/uploads\/2020\/06\/LOGO-512.jpg","width":512,"height":512,"caption":"NOTICIASMERCEDINAS.COM"},"image":{"@id":"https:\/\/noticiasmercedinas.com\/site\/#\/schema\/logo\/image\/"},"sameAs":["https:\/\/www.facebook.com\/noticiasmercedinas\/","https:\/\/x.com\/notmercedinas","https:\/\/www.instagram.com\/noticiasmercedinas\/"]},{"@type":"Person","@id":"https:\/\/noticiasmercedinas.com\/site\/#\/schema\/person\/84b59c099c28ff2e8b77d4ceec5d8063","name":"NOTICIASMERCEDINAS.COM","image":{"@type":"ImageObject","inLanguage":"es","@id":"https:\/\/secure.gravatar.com\/avatar\/4dfbf16b4d17945bfb6341b2d19043457132fcf478a5ee04f42e959fd8f5df0a?s=96&d=mm&r=g","url":"https:\/\/secure.gravatar.com\/avatar\/4dfbf16b4d17945bfb6341b2d19043457132fcf478a5ee04f42e959fd8f5df0a?s=96&d=mm&r=g","contentUrl":"https:\/\/secure.gravatar.com\/avatar\/4dfbf16b4d17945bfb6341b2d19043457132fcf478a5ee04f42e959fd8f5df0a?s=96&d=mm&r=g","caption":"NOTICIASMERCEDINAS.COM"},"url":"https:\/\/noticiasmercedinas.com\/site\/author\/anonimo\/"}]}},"amp_enabled":true,"_links":{"self":[{"href":"https:\/\/noticiasmercedinas.com\/site\/wp-json\/wp\/v2\/posts\/115946","targetHints":{"allow":["GET"]}}],"collection":[{"href":"https:\/\/noticiasmercedinas.com\/site\/wp-json\/wp\/v2\/posts"}],"about":[{"href":"https:\/\/noticiasmercedinas.com\/site\/wp-json\/wp\/v2\/types\/post"}],"author":[{"embeddable":true,"href":"https:\/\/noticiasmercedinas.com\/site\/wp-json\/wp\/v2\/users\/16"}],"replies":[{"embeddable":true,"href":"https:\/\/noticiasmercedinas.com\/site\/wp-json\/wp\/v2\/comments?post=115946"}],"version-history":[{"count":1,"href":"https:\/\/noticiasmercedinas.com\/site\/wp-json\/wp\/v2\/posts\/115946\/revisions"}],"predecessor-version":[{"id":115949,"href":"https:\/\/noticiasmercedinas.com\/site\/wp-json\/wp\/v2\/posts\/115946\/revisions\/115949"}],"wp:featuredmedia":[{"embeddable":true,"href":"https:\/\/noticiasmercedinas.com\/site\/wp-json\/wp\/v2\/media\/115947"}],"wp:attachment":[{"href":"https:\/\/noticiasmercedinas.com\/site\/wp-json\/wp\/v2\/media?parent=115946"}],"wp:term":[{"taxonomy":"category","embeddable":true,"href":"https:\/\/noticiasmercedinas.com\/site\/wp-json\/wp\/v2\/categories?post=115946"},{"taxonomy":"post_tag","embeddable":true,"href":"https:\/\/noticiasmercedinas.com\/site\/wp-json\/wp\/v2\/tags?post=115946"}],"curies":[{"name":"wp","href":"https:\/\/api.w.org\/{rel}","templated":true}]}}