{"id":116091,"date":"2023-05-31T16:06:57","date_gmt":"2023-05-31T19:06:57","guid":{"rendered":"https:\/\/noticiasmercedinas.com\/site\/?p=116091"},"modified":"2023-05-31T16:06:57","modified_gmt":"2023-05-31T19:06:57","slug":"mercedes-fue-sede-para-los-examenes-de-admision-en-mediacion-prejudicial-obligatoria","status":"publish","type":"post","link":"https:\/\/noticiasmercedinas.com\/site\/2023\/05\/31\/mercedes-fue-sede-para-los-examenes-de-admision-en-mediacion-prejudicial-obligatoria\/","title":{"rendered":"Mercedes fue sede para los ex\u00e1menes de admisi\u00f3n en Mediaci\u00f3n Prejudicial Obligatoria"},"content":{"rendered":"<p><img loading=\"lazy\" decoding=\"async\" class=\"alignnone size-large wp-image-116092\" src=\"https:\/\/noticiasmercedinas.com\/site\/wp-content\/uploads\/2023\/05\/Examenes_CADJM-1024x576.jpeg\" alt=\"\" width=\"640\" height=\"360\" srcset=\"https:\/\/noticiasmercedinas.com\/site\/wp-content\/uploads\/2023\/05\/Examenes_CADJM-1024x576.jpeg 1024w, https:\/\/noticiasmercedinas.com\/site\/wp-content\/uploads\/2023\/05\/Examenes_CADJM-300x169.jpeg 300w, https:\/\/noticiasmercedinas.com\/site\/wp-content\/uploads\/2023\/05\/Examenes_CADJM-768x432.jpeg 768w, https:\/\/noticiasmercedinas.com\/site\/wp-content\/uploads\/2023\/05\/Examenes_CADJM-1536x864.jpeg 1536w, https:\/\/noticiasmercedinas.com\/site\/wp-content\/uploads\/2023\/05\/Examenes_CADJM-640x360.jpeg 640w, https:\/\/noticiasmercedinas.com\/site\/wp-content\/uploads\/2023\/05\/Examenes_CADJM-1280x720.jpeg 1280w, https:\/\/noticiasmercedinas.com\/site\/wp-content\/uploads\/2023\/05\/Examenes_CADJM-681x383.jpeg 681w, https:\/\/noticiasmercedinas.com\/site\/wp-content\/uploads\/2023\/05\/Examenes_CADJM-1362x766.jpeg 1362w, https:\/\/noticiasmercedinas.com\/site\/wp-content\/uploads\/2023\/05\/Examenes_CADJM.jpeg 1600w\" sizes=\"auto, (max-width: 640px) 100vw, 640px\" \/><\/p>\n<p>El Ministerio de Justicia y Derechos Humanos de la Provincia de Buenos Aires llev\u00f3 a cabo los ex\u00e1menes de admisi\u00f3n a los aspirantes a la matr\u00edcula de mediador para actuar en la Mediaci\u00f3n Prejudicial Obligatoria (ley 13951), con una destacada sede en las instalaciones del Colegio de Abogados del Departamento Judicial de Mercedes.<\/p>\n<p>Los ex\u00e1menes de admisi\u00f3n son una parte fundamental en el proceso de selecci\u00f3n de mediadores, tanto para aquellos que deseen ejercer en la Mediaci\u00f3n Prejudicial Obligatoria como para quienes busquen inscribirse en los Centros de Mediaci\u00f3n de los respectivos colegios.<\/p>\n<p>La sede de Mercedes fue elegida junto a otras dos sedes, La Plata y Mar del Plata, para llevar a cabo este importante evento. Las autoridades del Ministerio, la Direcci\u00f3n Provincial de Mediaci\u00f3n y los docentes formadores de la Fundaci\u00f3n CIJUSO, pertenecientes a los Colegios de Abogados de San Isidro, Mor\u00f3n, Lomas de Zamora, La Plata y de la Universidad de La Plata, estuvieron presentes como evaluadores designados por la autoridad de aplicaci\u00f3n.<\/p>\n<p>La sede del Colegio de Abogados de Mercedes fue escogida como un lugar id\u00f3neo para llevar a cabo estos ex\u00e1menes de admisi\u00f3n, lo que refleja el reconocimiento y prestigio de la instituci\u00f3n en el \u00e1mbito jur\u00eddico de la regi\u00f3n.<\/p>\n<p>La Mediaci\u00f3n Prejudicial Obligatoria se ha establecido como una v\u00eda eficiente y efectiva para la resoluci\u00f3n de conflictos legales en la provincia, fomentando la conciliaci\u00f3n y evitando la judicializaci\u00f3n de casos. La elecci\u00f3n de Mercedes como sede para este proceso demuestra la importancia que se le otorga a la regi\u00f3n y a los profesionales del derecho en el impulso de alternativas de resoluci\u00f3n de conflictos.<\/p>\n<p>El Colegio de Abogados del Departamento Judicial de Mercedes se enorgullece de haber sido seleccionado como sede para estos ex\u00e1menes y reafirma su compromiso con la excelencia y el crecimiento profesional en el \u00e1mbito legal.<\/p>\n","protected":false},"excerpt":{"rendered":"<p>\u25a0 Las actividades se realizaron en las instalaciones del Colegio de Abogados del Departamento Judicial de Mercedes. La ciudad fue elegida junto a otras dos sedes: La Plata y Mar del Plata<\/p>\n","protected":false},"author":16,"featured_media":116092,"comment_status":"closed","ping_status":"closed","sticky":false,"template":"","format":"standard","meta":{"footnotes":""},"categories":[3],"tags":[560,14795],"class_list":["post-116091","post","type-post","status-publish","format-standard","has-post-thumbnail","hentry","category-sociedad","tag-colegio-de-abogados","tag-examenes"],"yoast_head":"<!-- This site is optimized with the Yoast SEO plugin v27.5 - https:\/\/yoast.com\/product\/yoast-seo-wordpress\/ -->\n<title>Mercedes fue sede para los ex\u00e1menes de admisi\u00f3n en Mediaci\u00f3n Prejudicial Obligatoria<\/title>\n<meta name=\"robots\" content=\"index, follow, max-snippet:-1, max-image-preview:large, max-video-preview:-1\" \/>\n<link rel=\"canonical\" href=\"https:\/\/noticiasmercedinas.com\/site\/2023\/05\/31\/mercedes-fue-sede-para-los-examenes-de-admision-en-mediacion-prejudicial-obligatoria\/\" \/>\n<meta property=\"og:locale\" content=\"es_ES\" \/>\n<meta property=\"og:type\" content=\"article\" \/>\n<meta property=\"og:title\" content=\"Mercedes fue sede para los ex\u00e1menes de admisi\u00f3n en Mediaci\u00f3n Prejudicial Obligatoria\" \/>\n<meta property=\"og:description\" content=\"\u25a0 Las actividades se realizaron en las instalaciones del Colegio de Abogados del Departamento Judicial de Mercedes. La ciudad fue elegida junto a otras dos sedes: La Plata y Mar del Plata\" \/>\n<meta property=\"og:url\" content=\"https:\/\/noticiasmercedinas.com\/site\/2023\/05\/31\/mercedes-fue-sede-para-los-examenes-de-admision-en-mediacion-prejudicial-obligatoria\/\" \/>\n<meta property=\"og:site_name\" content=\"NOTICIASMERCEDINAS.COM\" \/>\n<meta property=\"article:publisher\" content=\"https:\/\/www.facebook.com\/noticiasmercedinas\/\" \/>\n<meta property=\"article:published_time\" content=\"2023-05-31T19:06:57+00:00\" \/>\n<meta property=\"og:image\" content=\"https:\/\/noticiasmercedinas.com\/site\/wp-content\/uploads\/2023\/05\/Examenes_CADJM.jpeg\" \/>\n\t<meta property=\"og:image:width\" content=\"1600\" \/>\n\t<meta property=\"og:image:height\" content=\"900\" \/>\n\t<meta property=\"og:image:type\" content=\"image\/jpeg\" \/>\n<meta name=\"author\" content=\"NOTICIASMERCEDINAS.COM\" \/>\n<meta name=\"twitter:card\" content=\"summary_large_image\" \/>\n<meta name=\"twitter:creator\" content=\"@notmercedinas\" \/>\n<meta name=\"twitter:site\" content=\"@notmercedinas\" \/>\n<meta name=\"twitter:label1\" content=\"Escrito por\" \/>\n\t<meta name=\"twitter:data1\" content=\"NOTICIASMERCEDINAS.COM\" \/>\n\t<meta name=\"twitter:label2\" content=\"Tiempo de lectura\" \/>\n\t<meta name=\"twitter:data2\" content=\"2 minutos\" \/>\n<script type=\"application\/ld+json\" class=\"yoast-schema-graph\">{\"@context\":\"https:\\\/\\\/schema.org\",\"@graph\":[{\"@type\":\"Article\",\"@id\":\"https:\\\/\\\/noticiasmercedinas.com\\\/site\\\/2023\\\/05\\\/31\\\/mercedes-fue-sede-para-los-examenes-de-admision-en-mediacion-prejudicial-obligatoria\\\/#article\",\"isPartOf\":{\"@id\":\"https:\\\/\\\/noticiasmercedinas.com\\\/site\\\/2023\\\/05\\\/31\\\/mercedes-fue-sede-para-los-examenes-de-admision-en-mediacion-prejudicial-obligatoria\\\/\"},\"author\":{\"name\":\"NOTICIASMERCEDINAS.COM\",\"@id\":\"https:\\\/\\\/noticiasmercedinas.com\\\/site\\\/#\\\/schema\\\/person\\\/84b59c099c28ff2e8b77d4ceec5d8063\"},\"headline\":\"Mercedes fue sede para los ex\u00e1menes de admisi\u00f3n en Mediaci\u00f3n Prejudicial Obligatoria\",\"datePublished\":\"2023-05-31T19:06:57+00:00\",\"mainEntityOfPage\":{\"@id\":\"https:\\\/\\\/noticiasmercedinas.com\\\/site\\\/2023\\\/05\\\/31\\\/mercedes-fue-sede-para-los-examenes-de-admision-en-mediacion-prejudicial-obligatoria\\\/\"},\"wordCount\":348,\"publisher\":{\"@id\":\"https:\\\/\\\/noticiasmercedinas.com\\\/site\\\/#organization\"},\"image\":{\"@id\":\"https:\\\/\\\/noticiasmercedinas.com\\\/site\\\/2023\\\/05\\\/31\\\/mercedes-fue-sede-para-los-examenes-de-admision-en-mediacion-prejudicial-obligatoria\\\/#primaryimage\"},\"thumbnailUrl\":\"https:\\\/\\\/noticiasmercedinas.com\\\/site\\\/wp-content\\\/uploads\\\/2023\\\/05\\\/Examenes_CADJM.jpeg\",\"keywords\":[\"colegio de abogados\",\"examenes\"],\"articleSection\":[\"Sociedad\"],\"inLanguage\":\"es\"},{\"@type\":\"WebPage\",\"@id\":\"https:\\\/\\\/noticiasmercedinas.com\\\/site\\\/2023\\\/05\\\/31\\\/mercedes-fue-sede-para-los-examenes-de-admision-en-mediacion-prejudicial-obligatoria\\\/\",\"url\":\"https:\\\/\\\/noticiasmercedinas.com\\\/site\\\/2023\\\/05\\\/31\\\/mercedes-fue-sede-para-los-examenes-de-admision-en-mediacion-prejudicial-obligatoria\\\/\",\"name\":\"Mercedes fue sede para los ex\u00e1menes de admisi\u00f3n en Mediaci\u00f3n Prejudicial Obligatoria\",\"isPartOf\":{\"@id\":\"https:\\\/\\\/noticiasmercedinas.com\\\/site\\\/#website\"},\"primaryImageOfPage\":{\"@id\":\"https:\\\/\\\/noticiasmercedinas.com\\\/site\\\/2023\\\/05\\\/31\\\/mercedes-fue-sede-para-los-examenes-de-admision-en-mediacion-prejudicial-obligatoria\\\/#primaryimage\"},\"image\":{\"@id\":\"https:\\\/\\\/noticiasmercedinas.com\\\/site\\\/2023\\\/05\\\/31\\\/mercedes-fue-sede-para-los-examenes-de-admision-en-mediacion-prejudicial-obligatoria\\\/#primaryimage\"},\"thumbnailUrl\":\"https:\\\/\\\/noticiasmercedinas.com\\\/site\\\/wp-content\\\/uploads\\\/2023\\\/05\\\/Examenes_CADJM.jpeg\",\"datePublished\":\"2023-05-31T19:06:57+00:00\",\"breadcrumb\":{\"@id\":\"https:\\\/\\\/noticiasmercedinas.com\\\/site\\\/2023\\\/05\\\/31\\\/mercedes-fue-sede-para-los-examenes-de-admision-en-mediacion-prejudicial-obligatoria\\\/#breadcrumb\"},\"inLanguage\":\"es\",\"potentialAction\":[{\"@type\":\"ReadAction\",\"target\":[\"https:\\\/\\\/noticiasmercedinas.com\\\/site\\\/2023\\\/05\\\/31\\\/mercedes-fue-sede-para-los-examenes-de-admision-en-mediacion-prejudicial-obligatoria\\\/\"]}]},{\"@type\":\"ImageObject\",\"inLanguage\":\"es\",\"@id\":\"https:\\\/\\\/noticiasmercedinas.com\\\/site\\\/2023\\\/05\\\/31\\\/mercedes-fue-sede-para-los-examenes-de-admision-en-mediacion-prejudicial-obligatoria\\\/#primaryimage\",\"url\":\"https:\\\/\\\/noticiasmercedinas.com\\\/site\\\/wp-content\\\/uploads\\\/2023\\\/05\\\/Examenes_CADJM.jpeg\",\"contentUrl\":\"https:\\\/\\\/noticiasmercedinas.com\\\/site\\\/wp-content\\\/uploads\\\/2023\\\/05\\\/Examenes_CADJM.jpeg\",\"width\":1600,\"height\":900},{\"@type\":\"BreadcrumbList\",\"@id\":\"https:\\\/\\\/noticiasmercedinas.com\\\/site\\\/2023\\\/05\\\/31\\\/mercedes-fue-sede-para-los-examenes-de-admision-en-mediacion-prejudicial-obligatoria\\\/#breadcrumb\",\"itemListElement\":[{\"@type\":\"ListItem\",\"position\":1,\"name\":\"Portada\",\"item\":\"https:\\\/\\\/noticiasmercedinas.com\\\/site\\\/\"},{\"@type\":\"ListItem\",\"position\":2,\"name\":\"Mercedes fue sede para los ex\u00e1menes de admisi\u00f3n en Mediaci\u00f3n Prejudicial Obligatoria\"}]},{\"@type\":\"WebSite\",\"@id\":\"https:\\\/\\\/noticiasmercedinas.com\\\/site\\\/#website\",\"url\":\"https:\\\/\\\/noticiasmercedinas.com\\\/site\\\/\",\"name\":\"NOTICIASMERCEDINAS.COM\",\"description\":\"Mercedes, Buenos Aires, Argentina\",\"publisher\":{\"@id\":\"https:\\\/\\\/noticiasmercedinas.com\\\/site\\\/#organization\"},\"potentialAction\":[{\"@type\":\"SearchAction\",\"target\":{\"@type\":\"EntryPoint\",\"urlTemplate\":\"https:\\\/\\\/noticiasmercedinas.com\\\/site\\\/?s={search_term_string}\"},\"query-input\":{\"@type\":\"PropertyValueSpecification\",\"valueRequired\":true,\"valueName\":\"search_term_string\"}}],\"inLanguage\":\"es\"},{\"@type\":\"Organization\",\"@id\":\"https:\\\/\\\/noticiasmercedinas.com\\\/site\\\/#organization\",\"name\":\"NOTICIASMERCEDINAS.COM\",\"url\":\"https:\\\/\\\/noticiasmercedinas.com\\\/site\\\/\",\"logo\":{\"@type\":\"ImageObject\",\"inLanguage\":\"es\",\"@id\":\"https:\\\/\\\/noticiasmercedinas.com\\\/site\\\/#\\\/schema\\\/logo\\\/image\\\/\",\"url\":\"https:\\\/\\\/noticiasmercedinas.com\\\/site\\\/wp-content\\\/uploads\\\/2020\\\/06\\\/LOGO-512.jpg\",\"contentUrl\":\"https:\\\/\\\/noticiasmercedinas.com\\\/site\\\/wp-content\\\/uploads\\\/2020\\\/06\\\/LOGO-512.jpg\",\"width\":512,\"height\":512,\"caption\":\"NOTICIASMERCEDINAS.COM\"},\"image\":{\"@id\":\"https:\\\/\\\/noticiasmercedinas.com\\\/site\\\/#\\\/schema\\\/logo\\\/image\\\/\"},\"sameAs\":[\"https:\\\/\\\/www.facebook.com\\\/noticiasmercedinas\\\/\",\"https:\\\/\\\/x.com\\\/notmercedinas\",\"https:\\\/\\\/www.instagram.com\\\/noticiasmercedinas\\\/\"]},{\"@type\":\"Person\",\"@id\":\"https:\\\/\\\/noticiasmercedinas.com\\\/site\\\/#\\\/schema\\\/person\\\/84b59c099c28ff2e8b77d4ceec5d8063\",\"name\":\"NOTICIASMERCEDINAS.COM\",\"image\":{\"@type\":\"ImageObject\",\"inLanguage\":\"es\",\"@id\":\"https:\\\/\\\/secure.gravatar.com\\\/avatar\\\/4dfbf16b4d17945bfb6341b2d19043457132fcf478a5ee04f42e959fd8f5df0a?s=96&d=mm&r=g\",\"url\":\"https:\\\/\\\/secure.gravatar.com\\\/avatar\\\/4dfbf16b4d17945bfb6341b2d19043457132fcf478a5ee04f42e959fd8f5df0a?s=96&d=mm&r=g\",\"contentUrl\":\"https:\\\/\\\/secure.gravatar.com\\\/avatar\\\/4dfbf16b4d17945bfb6341b2d19043457132fcf478a5ee04f42e959fd8f5df0a?s=96&d=mm&r=g\",\"caption\":\"NOTICIASMERCEDINAS.COM\"},\"url\":\"https:\\\/\\\/noticiasmercedinas.com\\\/site\\\/author\\\/anonimo\\\/\"}]}<\/script>\n<!-- \/ Yoast SEO plugin. -->","yoast_head_json":{"title":"Mercedes fue sede para los ex\u00e1menes de admisi\u00f3n en Mediaci\u00f3n Prejudicial Obligatoria","robots":{"index":"index","follow":"follow","max-snippet":"max-snippet:-1","max-image-preview":"max-image-preview:large","max-video-preview":"max-video-preview:-1"},"canonical":"https:\/\/noticiasmercedinas.com\/site\/2023\/05\/31\/mercedes-fue-sede-para-los-examenes-de-admision-en-mediacion-prejudicial-obligatoria\/","og_locale":"es_ES","og_type":"article","og_title":"Mercedes fue sede para los ex\u00e1menes de admisi\u00f3n en Mediaci\u00f3n Prejudicial Obligatoria","og_description":"\u25a0 Las actividades se realizaron en las instalaciones del Colegio de Abogados del Departamento Judicial de Mercedes. La ciudad fue elegida junto a otras dos sedes: La Plata y Mar del Plata","og_url":"https:\/\/noticiasmercedinas.com\/site\/2023\/05\/31\/mercedes-fue-sede-para-los-examenes-de-admision-en-mediacion-prejudicial-obligatoria\/","og_site_name":"NOTICIASMERCEDINAS.COM","article_publisher":"https:\/\/www.facebook.com\/noticiasmercedinas\/","article_published_time":"2023-05-31T19:06:57+00:00","og_image":[{"width":1600,"height":900,"url":"https:\/\/noticiasmercedinas.com\/site\/wp-content\/uploads\/2023\/05\/Examenes_CADJM.jpeg","type":"image\/jpeg"}],"author":"NOTICIASMERCEDINAS.COM","twitter_card":"summary_large_image","twitter_creator":"@notmercedinas","twitter_site":"@notmercedinas","twitter_misc":{"Escrito por":"NOTICIASMERCEDINAS.COM","Tiempo de lectura":"2 minutos"},"schema":{"@context":"https:\/\/schema.org","@graph":[{"@type":"Article","@id":"https:\/\/noticiasmercedinas.com\/site\/2023\/05\/31\/mercedes-fue-sede-para-los-examenes-de-admision-en-mediacion-prejudicial-obligatoria\/#article","isPartOf":{"@id":"https:\/\/noticiasmercedinas.com\/site\/2023\/05\/31\/mercedes-fue-sede-para-los-examenes-de-admision-en-mediacion-prejudicial-obligatoria\/"},"author":{"name":"NOTICIASMERCEDINAS.COM","@id":"https:\/\/noticiasmercedinas.com\/site\/#\/schema\/person\/84b59c099c28ff2e8b77d4ceec5d8063"},"headline":"Mercedes fue sede para los ex\u00e1menes de admisi\u00f3n en Mediaci\u00f3n Prejudicial Obligatoria","datePublished":"2023-05-31T19:06:57+00:00","mainEntityOfPage":{"@id":"https:\/\/noticiasmercedinas.com\/site\/2023\/05\/31\/mercedes-fue-sede-para-los-examenes-de-admision-en-mediacion-prejudicial-obligatoria\/"},"wordCount":348,"publisher":{"@id":"https:\/\/noticiasmercedinas.com\/site\/#organization"},"image":{"@id":"https:\/\/noticiasmercedinas.com\/site\/2023\/05\/31\/mercedes-fue-sede-para-los-examenes-de-admision-en-mediacion-prejudicial-obligatoria\/#primaryimage"},"thumbnailUrl":"https:\/\/noticiasmercedinas.com\/site\/wp-content\/uploads\/2023\/05\/Examenes_CADJM.jpeg","keywords":["colegio de abogados","examenes"],"articleSection":["Sociedad"],"inLanguage":"es"},{"@type":"WebPage","@id":"https:\/\/noticiasmercedinas.com\/site\/2023\/05\/31\/mercedes-fue-sede-para-los-examenes-de-admision-en-mediacion-prejudicial-obligatoria\/","url":"https:\/\/noticiasmercedinas.com\/site\/2023\/05\/31\/mercedes-fue-sede-para-los-examenes-de-admision-en-mediacion-prejudicial-obligatoria\/","name":"Mercedes fue sede para los ex\u00e1menes de admisi\u00f3n en Mediaci\u00f3n Prejudicial Obligatoria","isPartOf":{"@id":"https:\/\/noticiasmercedinas.com\/site\/#website"},"primaryImageOfPage":{"@id":"https:\/\/noticiasmercedinas.com\/site\/2023\/05\/31\/mercedes-fue-sede-para-los-examenes-de-admision-en-mediacion-prejudicial-obligatoria\/#primaryimage"},"image":{"@id":"https:\/\/noticiasmercedinas.com\/site\/2023\/05\/31\/mercedes-fue-sede-para-los-examenes-de-admision-en-mediacion-prejudicial-obligatoria\/#primaryimage"},"thumbnailUrl":"https:\/\/noticiasmercedinas.com\/site\/wp-content\/uploads\/2023\/05\/Examenes_CADJM.jpeg","datePublished":"2023-05-31T19:06:57+00:00","breadcrumb":{"@id":"https:\/\/noticiasmercedinas.com\/site\/2023\/05\/31\/mercedes-fue-sede-para-los-examenes-de-admision-en-mediacion-prejudicial-obligatoria\/#breadcrumb"},"inLanguage":"es","potentialAction":[{"@type":"ReadAction","target":["https:\/\/noticiasmercedinas.com\/site\/2023\/05\/31\/mercedes-fue-sede-para-los-examenes-de-admision-en-mediacion-prejudicial-obligatoria\/"]}]},{"@type":"ImageObject","inLanguage":"es","@id":"https:\/\/noticiasmercedinas.com\/site\/2023\/05\/31\/mercedes-fue-sede-para-los-examenes-de-admision-en-mediacion-prejudicial-obligatoria\/#primaryimage","url":"https:\/\/noticiasmercedinas.com\/site\/wp-content\/uploads\/2023\/05\/Examenes_CADJM.jpeg","contentUrl":"https:\/\/noticiasmercedinas.com\/site\/wp-content\/uploads\/2023\/05\/Examenes_CADJM.jpeg","width":1600,"height":900},{"@type":"BreadcrumbList","@id":"https:\/\/noticiasmercedinas.com\/site\/2023\/05\/31\/mercedes-fue-sede-para-los-examenes-de-admision-en-mediacion-prejudicial-obligatoria\/#breadcrumb","itemListElement":[{"@type":"ListItem","position":1,"name":"Portada","item":"https:\/\/noticiasmercedinas.com\/site\/"},{"@type":"ListItem","position":2,"name":"Mercedes fue sede para los ex\u00e1menes de admisi\u00f3n en Mediaci\u00f3n Prejudicial Obligatoria"}]},{"@type":"WebSite","@id":"https:\/\/noticiasmercedinas.com\/site\/#website","url":"https:\/\/noticiasmercedinas.com\/site\/","name":"NOTICIASMERCEDINAS.COM","description":"Mercedes, Buenos Aires, Argentina","publisher":{"@id":"https:\/\/noticiasmercedinas.com\/site\/#organization"},"potentialAction":[{"@type":"SearchAction","target":{"@type":"EntryPoint","urlTemplate":"https:\/\/noticiasmercedinas.com\/site\/?s={search_term_string}"},"query-input":{"@type":"PropertyValueSpecification","valueRequired":true,"valueName":"search_term_string"}}],"inLanguage":"es"},{"@type":"Organization","@id":"https:\/\/noticiasmercedinas.com\/site\/#organization","name":"NOTICIASMERCEDINAS.COM","url":"https:\/\/noticiasmercedinas.com\/site\/","logo":{"@type":"ImageObject","inLanguage":"es","@id":"https:\/\/noticiasmercedinas.com\/site\/#\/schema\/logo\/image\/","url":"https:\/\/noticiasmercedinas.com\/site\/wp-content\/uploads\/2020\/06\/LOGO-512.jpg","contentUrl":"https:\/\/noticiasmercedinas.com\/site\/wp-content\/uploads\/2020\/06\/LOGO-512.jpg","width":512,"height":512,"caption":"NOTICIASMERCEDINAS.COM"},"image":{"@id":"https:\/\/noticiasmercedinas.com\/site\/#\/schema\/logo\/image\/"},"sameAs":["https:\/\/www.facebook.com\/noticiasmercedinas\/","https:\/\/x.com\/notmercedinas","https:\/\/www.instagram.com\/noticiasmercedinas\/"]},{"@type":"Person","@id":"https:\/\/noticiasmercedinas.com\/site\/#\/schema\/person\/84b59c099c28ff2e8b77d4ceec5d8063","name":"NOTICIASMERCEDINAS.COM","image":{"@type":"ImageObject","inLanguage":"es","@id":"https:\/\/secure.gravatar.com\/avatar\/4dfbf16b4d17945bfb6341b2d19043457132fcf478a5ee04f42e959fd8f5df0a?s=96&d=mm&r=g","url":"https:\/\/secure.gravatar.com\/avatar\/4dfbf16b4d17945bfb6341b2d19043457132fcf478a5ee04f42e959fd8f5df0a?s=96&d=mm&r=g","contentUrl":"https:\/\/secure.gravatar.com\/avatar\/4dfbf16b4d17945bfb6341b2d19043457132fcf478a5ee04f42e959fd8f5df0a?s=96&d=mm&r=g","caption":"NOTICIASMERCEDINAS.COM"},"url":"https:\/\/noticiasmercedinas.com\/site\/author\/anonimo\/"}]}},"amp_enabled":true,"_links":{"self":[{"href":"https:\/\/noticiasmercedinas.com\/site\/wp-json\/wp\/v2\/posts\/116091","targetHints":{"allow":["GET"]}}],"collection":[{"href":"https:\/\/noticiasmercedinas.com\/site\/wp-json\/wp\/v2\/posts"}],"about":[{"href":"https:\/\/noticiasmercedinas.com\/site\/wp-json\/wp\/v2\/types\/post"}],"author":[{"embeddable":true,"href":"https:\/\/noticiasmercedinas.com\/site\/wp-json\/wp\/v2\/users\/16"}],"replies":[{"embeddable":true,"href":"https:\/\/noticiasmercedinas.com\/site\/wp-json\/wp\/v2\/comments?post=116091"}],"version-history":[{"count":1,"href":"https:\/\/noticiasmercedinas.com\/site\/wp-json\/wp\/v2\/posts\/116091\/revisions"}],"predecessor-version":[{"id":116093,"href":"https:\/\/noticiasmercedinas.com\/site\/wp-json\/wp\/v2\/posts\/116091\/revisions\/116093"}],"wp:featuredmedia":[{"embeddable":true,"href":"https:\/\/noticiasmercedinas.com\/site\/wp-json\/wp\/v2\/media\/116092"}],"wp:attachment":[{"href":"https:\/\/noticiasmercedinas.com\/site\/wp-json\/wp\/v2\/media?parent=116091"}],"wp:term":[{"taxonomy":"category","embeddable":true,"href":"https:\/\/noticiasmercedinas.com\/site\/wp-json\/wp\/v2\/categories?post=116091"},{"taxonomy":"post_tag","embeddable":true,"href":"https:\/\/noticiasmercedinas.com\/site\/wp-json\/wp\/v2\/tags?post=116091"}],"curies":[{"name":"wp","href":"https:\/\/api.w.org\/{rel}","templated":true}]}}