{"id":116163,"date":"2023-06-02T08:37:58","date_gmt":"2023-06-02T11:37:58","guid":{"rendered":"https:\/\/noticiasmercedinas.com\/site\/?p=116163"},"modified":"2023-06-02T08:37:58","modified_gmt":"2023-06-02T11:37:58","slug":"ni-una-menos-hubo-encuentro-y-jornada-de-reflexion-con-jovenes-de-la-ciudad","status":"publish","type":"post","link":"https:\/\/noticiasmercedinas.com\/site\/2023\/06\/02\/ni-una-menos-hubo-encuentro-y-jornada-de-reflexion-con-jovenes-de-la-ciudad\/","title":{"rendered":"\u00abNi una menos\u00bb: hubo encuentro y jornada de reflexi\u00f3n con j\u00f3venes de la ciudad"},"content":{"rendered":"<p><img loading=\"lazy\" decoding=\"async\" class=\"alignnone size-full wp-image-116165\" src=\"https:\/\/noticiasmercedinas.com\/site\/wp-content\/uploads\/2023\/06\/DSC09522.jpg\" alt=\"\" width=\"640\" height=\"430\" srcset=\"https:\/\/noticiasmercedinas.com\/site\/wp-content\/uploads\/2023\/06\/DSC09522.jpg 640w, https:\/\/noticiasmercedinas.com\/site\/wp-content\/uploads\/2023\/06\/DSC09522-300x202.jpg 300w, https:\/\/noticiasmercedinas.com\/site\/wp-content\/uploads\/2023\/06\/DSC09522-537x360.jpg 537w\" sizes=\"auto, (max-width: 640px) 100vw, 640px\" \/><\/p>\n<p>En el marco del 3 de junio, d\u00eda que se conmemora el sexto aniversario desde que surgi\u00f3 el movimiento \u201cNi una menos\u201d en Argentina, la direcci\u00f3n de Pol\u00edticas de G\u00e9neros y Diversidad organiza diferentes actividades.<\/p>\n<p>Entre ellas, hubo un encuentro con j\u00f3venes en el Teatro Argentino de nuestra ciudad, donde junto al \u00e1rea de Educaci\u00f3n el objetivo fue que los chicos y chicas pensaran las violencias por motivo de g\u00e9nero, y as\u00ed reflexionar sobre la problem\u00e1tica.<\/p>\n<p>El intendente Juan Ignacio Ustarroz se hizo presente y manifest\u00f3: \u201cEs un orgullo que est\u00e9n hoy ac\u00e1, en esta jornada de reflexi\u00f3n y encuentro\u201d.<\/p>\n<p>\u201cAprovechen este espacio para poder hablar y escuchar, para poder aprender para que entre todos lo que no se puede hacer, lo puedan trabajar expres\u00e1ndose libremente, respetando al que no piensa igual y sintetizar para la construcci\u00f3n de una sociedad mejor\u201d, agreg\u00f3. \u201cQuiero agradecer a todas las escuelas que participaron y pedirles a ustedes \u2013los j\u00f3venes&#8211; que participen activamente, que puedan hablar, aprovechen esta jornada, y nos sigan marcando el camino\u201d.<\/p>\n<p>La directora de Pol\u00edticas de G\u00e9neros y Diversidad, licenciada Guadalupe Gonz\u00e1lez, se\u00f1al\u00f3: \u201cNos llena de alegr\u00eda que seamos tantos, poder contar con el teatro repleto de j\u00f3venes. Para nosotros el 3 de junio representa un hito, nuestra primera salida a la calle de la sociedad para decir basta de violencia con motivo de g\u00e9nero, por lo que esa fecha marca una bisagra en la agenda pol\u00edtica que nos proponemos\u201d.<\/p>\n<p>\u201cY el objetivo de este encuentro es poder hablar y reflexionar los modos en los que nos vinculamos y as\u00ed poder generar h\u00e1bitos m\u00e1s saludables, de intercambio, donde haya igualdad\u201d apunt\u00f3 Gonz\u00e1lez.<\/p>\n<p>Por su parte, el inspector Jefe Distrital de Mercedes, Christian Ponce, dijo que \u201cver hoy a tantos j\u00f3venes es important\u00edsimo, porque muchas veces son ustedes los que nos ense\u00f1an a nosotros, vayamos por m\u00e1s\u201d.<\/p>\n<p><img loading=\"lazy\" decoding=\"async\" class=\"alignnone size-full wp-image-116164\" src=\"https:\/\/noticiasmercedinas.com\/site\/wp-content\/uploads\/2023\/06\/DSC09539.jpg\" alt=\"\" width=\"640\" height=\"376\" srcset=\"https:\/\/noticiasmercedinas.com\/site\/wp-content\/uploads\/2023\/06\/DSC09539.jpg 640w, https:\/\/noticiasmercedinas.com\/site\/wp-content\/uploads\/2023\/06\/DSC09539-300x176.jpg 300w\" sizes=\"auto, (max-width: 640px) 100vw, 640px\" \/><\/p>\n","protected":false},"excerpt":{"rendered":"<p>\u25a0 Se realiz\u00f3 en el Teatro Argentino con mucha concurrencia. El objetivo fue que los chicos y chicas pensaran las violencias por motivo de g\u00e9nero, y as\u00ed reflexionar sobre la problem\u00e1tica.<\/p>\n","protected":false},"author":16,"featured_media":116165,"comment_status":"closed","ping_status":"closed","sticky":false,"template":"","format":"standard","meta":{"footnotes":""},"categories":[3],"tags":[11819,2594,3312],"class_list":["post-116163","post","type-post","status-publish","format-standard","has-post-thumbnail","hentry","category-sociedad","tag-direccion-de-politicas-de-genero-y-diversidad","tag-ni-una-menos","tag-violencia-de-genero"],"yoast_head":"<!-- This site is optimized with the Yoast SEO plugin v27.4 - https:\/\/yoast.com\/product\/yoast-seo-wordpress\/ -->\n<title>&quot;Ni una menos&quot;: hubo encuentro y jornada de reflexi\u00f3n con j\u00f3venes de la ciudad<\/title>\n<meta name=\"robots\" content=\"index, follow, max-snippet:-1, max-image-preview:large, max-video-preview:-1\" \/>\n<link rel=\"canonical\" href=\"https:\/\/noticiasmercedinas.com\/site\/2023\/06\/02\/ni-una-menos-hubo-encuentro-y-jornada-de-reflexion-con-jovenes-de-la-ciudad\/\" \/>\n<meta property=\"og:locale\" content=\"es_ES\" \/>\n<meta property=\"og:type\" content=\"article\" \/>\n<meta property=\"og:title\" content=\"&quot;Ni una menos&quot;: hubo encuentro y jornada de reflexi\u00f3n con j\u00f3venes de la ciudad\" \/>\n<meta property=\"og:description\" content=\"\u25a0 Se realiz\u00f3 en el Teatro Argentino con mucha concurrencia. El objetivo fue que los chicos y chicas pensaran las violencias por motivo de g\u00e9nero, y as\u00ed reflexionar sobre la problem\u00e1tica.\" \/>\n<meta property=\"og:url\" content=\"https:\/\/noticiasmercedinas.com\/site\/2023\/06\/02\/ni-una-menos-hubo-encuentro-y-jornada-de-reflexion-con-jovenes-de-la-ciudad\/\" \/>\n<meta property=\"og:site_name\" content=\"NOTICIASMERCEDINAS.COM\" \/>\n<meta property=\"article:publisher\" content=\"https:\/\/www.facebook.com\/noticiasmercedinas\/\" \/>\n<meta property=\"article:published_time\" content=\"2023-06-02T11:37:58+00:00\" \/>\n<meta property=\"og:image\" content=\"https:\/\/noticiasmercedinas.com\/site\/wp-content\/uploads\/2023\/06\/DSC09522.jpg\" \/>\n\t<meta property=\"og:image:width\" content=\"640\" \/>\n\t<meta property=\"og:image:height\" content=\"430\" \/>\n\t<meta property=\"og:image:type\" content=\"image\/jpeg\" \/>\n<meta name=\"author\" content=\"NOTICIASMERCEDINAS.COM\" \/>\n<meta name=\"twitter:card\" content=\"summary_large_image\" \/>\n<meta name=\"twitter:creator\" content=\"@notmercedinas\" \/>\n<meta name=\"twitter:site\" content=\"@notmercedinas\" \/>\n<meta name=\"twitter:label1\" content=\"Escrito por\" \/>\n\t<meta name=\"twitter:data1\" content=\"NOTICIASMERCEDINAS.COM\" \/>\n\t<meta name=\"twitter:label2\" content=\"Tiempo de lectura\" \/>\n\t<meta name=\"twitter:data2\" content=\"2 minutos\" \/>\n<script type=\"application\/ld+json\" class=\"yoast-schema-graph\">{\"@context\":\"https:\\\/\\\/schema.org\",\"@graph\":[{\"@type\":\"Article\",\"@id\":\"https:\\\/\\\/noticiasmercedinas.com\\\/site\\\/2023\\\/06\\\/02\\\/ni-una-menos-hubo-encuentro-y-jornada-de-reflexion-con-jovenes-de-la-ciudad\\\/#article\",\"isPartOf\":{\"@id\":\"https:\\\/\\\/noticiasmercedinas.com\\\/site\\\/2023\\\/06\\\/02\\\/ni-una-menos-hubo-encuentro-y-jornada-de-reflexion-con-jovenes-de-la-ciudad\\\/\"},\"author\":{\"name\":\"NOTICIASMERCEDINAS.COM\",\"@id\":\"https:\\\/\\\/noticiasmercedinas.com\\\/site\\\/#\\\/schema\\\/person\\\/84b59c099c28ff2e8b77d4ceec5d8063\"},\"headline\":\"\u00abNi una menos\u00bb: hubo encuentro y jornada de reflexi\u00f3n con j\u00f3venes de la ciudad\",\"datePublished\":\"2023-06-02T11:37:58+00:00\",\"mainEntityOfPage\":{\"@id\":\"https:\\\/\\\/noticiasmercedinas.com\\\/site\\\/2023\\\/06\\\/02\\\/ni-una-menos-hubo-encuentro-y-jornada-de-reflexion-con-jovenes-de-la-ciudad\\\/\"},\"wordCount\":348,\"publisher\":{\"@id\":\"https:\\\/\\\/noticiasmercedinas.com\\\/site\\\/#organization\"},\"image\":{\"@id\":\"https:\\\/\\\/noticiasmercedinas.com\\\/site\\\/2023\\\/06\\\/02\\\/ni-una-menos-hubo-encuentro-y-jornada-de-reflexion-con-jovenes-de-la-ciudad\\\/#primaryimage\"},\"thumbnailUrl\":\"https:\\\/\\\/noticiasmercedinas.com\\\/site\\\/wp-content\\\/uploads\\\/2023\\\/06\\\/DSC09522.jpg\",\"keywords\":[\"Direcci\u00f3n de Pol\u00edticas de G\u00e9nero y Diversidad\",\"ni una menos\",\"Violencia de g\u00e9nero\"],\"articleSection\":[\"Sociedad\"],\"inLanguage\":\"es\"},{\"@type\":\"WebPage\",\"@id\":\"https:\\\/\\\/noticiasmercedinas.com\\\/site\\\/2023\\\/06\\\/02\\\/ni-una-menos-hubo-encuentro-y-jornada-de-reflexion-con-jovenes-de-la-ciudad\\\/\",\"url\":\"https:\\\/\\\/noticiasmercedinas.com\\\/site\\\/2023\\\/06\\\/02\\\/ni-una-menos-hubo-encuentro-y-jornada-de-reflexion-con-jovenes-de-la-ciudad\\\/\",\"name\":\"\\\"Ni una menos\\\": hubo encuentro y jornada de reflexi\u00f3n con j\u00f3venes de la ciudad\",\"isPartOf\":{\"@id\":\"https:\\\/\\\/noticiasmercedinas.com\\\/site\\\/#website\"},\"primaryImageOfPage\":{\"@id\":\"https:\\\/\\\/noticiasmercedinas.com\\\/site\\\/2023\\\/06\\\/02\\\/ni-una-menos-hubo-encuentro-y-jornada-de-reflexion-con-jovenes-de-la-ciudad\\\/#primaryimage\"},\"image\":{\"@id\":\"https:\\\/\\\/noticiasmercedinas.com\\\/site\\\/2023\\\/06\\\/02\\\/ni-una-menos-hubo-encuentro-y-jornada-de-reflexion-con-jovenes-de-la-ciudad\\\/#primaryimage\"},\"thumbnailUrl\":\"https:\\\/\\\/noticiasmercedinas.com\\\/site\\\/wp-content\\\/uploads\\\/2023\\\/06\\\/DSC09522.jpg\",\"datePublished\":\"2023-06-02T11:37:58+00:00\",\"breadcrumb\":{\"@id\":\"https:\\\/\\\/noticiasmercedinas.com\\\/site\\\/2023\\\/06\\\/02\\\/ni-una-menos-hubo-encuentro-y-jornada-de-reflexion-con-jovenes-de-la-ciudad\\\/#breadcrumb\"},\"inLanguage\":\"es\",\"potentialAction\":[{\"@type\":\"ReadAction\",\"target\":[\"https:\\\/\\\/noticiasmercedinas.com\\\/site\\\/2023\\\/06\\\/02\\\/ni-una-menos-hubo-encuentro-y-jornada-de-reflexion-con-jovenes-de-la-ciudad\\\/\"]}]},{\"@type\":\"ImageObject\",\"inLanguage\":\"es\",\"@id\":\"https:\\\/\\\/noticiasmercedinas.com\\\/site\\\/2023\\\/06\\\/02\\\/ni-una-menos-hubo-encuentro-y-jornada-de-reflexion-con-jovenes-de-la-ciudad\\\/#primaryimage\",\"url\":\"https:\\\/\\\/noticiasmercedinas.com\\\/site\\\/wp-content\\\/uploads\\\/2023\\\/06\\\/DSC09522.jpg\",\"contentUrl\":\"https:\\\/\\\/noticiasmercedinas.com\\\/site\\\/wp-content\\\/uploads\\\/2023\\\/06\\\/DSC09522.jpg\",\"width\":640,\"height\":430},{\"@type\":\"BreadcrumbList\",\"@id\":\"https:\\\/\\\/noticiasmercedinas.com\\\/site\\\/2023\\\/06\\\/02\\\/ni-una-menos-hubo-encuentro-y-jornada-de-reflexion-con-jovenes-de-la-ciudad\\\/#breadcrumb\",\"itemListElement\":[{\"@type\":\"ListItem\",\"position\":1,\"name\":\"Portada\",\"item\":\"https:\\\/\\\/noticiasmercedinas.com\\\/site\\\/\"},{\"@type\":\"ListItem\",\"position\":2,\"name\":\"\u00abNi una menos\u00bb: hubo encuentro y jornada de reflexi\u00f3n con j\u00f3venes de la ciudad\"}]},{\"@type\":\"WebSite\",\"@id\":\"https:\\\/\\\/noticiasmercedinas.com\\\/site\\\/#website\",\"url\":\"https:\\\/\\\/noticiasmercedinas.com\\\/site\\\/\",\"name\":\"NOTICIASMERCEDINAS.COM\",\"description\":\"Mercedes, Buenos Aires, Argentina\",\"publisher\":{\"@id\":\"https:\\\/\\\/noticiasmercedinas.com\\\/site\\\/#organization\"},\"potentialAction\":[{\"@type\":\"SearchAction\",\"target\":{\"@type\":\"EntryPoint\",\"urlTemplate\":\"https:\\\/\\\/noticiasmercedinas.com\\\/site\\\/?s={search_term_string}\"},\"query-input\":{\"@type\":\"PropertyValueSpecification\",\"valueRequired\":true,\"valueName\":\"search_term_string\"}}],\"inLanguage\":\"es\"},{\"@type\":\"Organization\",\"@id\":\"https:\\\/\\\/noticiasmercedinas.com\\\/site\\\/#organization\",\"name\":\"NOTICIASMERCEDINAS.COM\",\"url\":\"https:\\\/\\\/noticiasmercedinas.com\\\/site\\\/\",\"logo\":{\"@type\":\"ImageObject\",\"inLanguage\":\"es\",\"@id\":\"https:\\\/\\\/noticiasmercedinas.com\\\/site\\\/#\\\/schema\\\/logo\\\/image\\\/\",\"url\":\"https:\\\/\\\/noticiasmercedinas.com\\\/site\\\/wp-content\\\/uploads\\\/2020\\\/06\\\/LOGO-512.jpg\",\"contentUrl\":\"https:\\\/\\\/noticiasmercedinas.com\\\/site\\\/wp-content\\\/uploads\\\/2020\\\/06\\\/LOGO-512.jpg\",\"width\":512,\"height\":512,\"caption\":\"NOTICIASMERCEDINAS.COM\"},\"image\":{\"@id\":\"https:\\\/\\\/noticiasmercedinas.com\\\/site\\\/#\\\/schema\\\/logo\\\/image\\\/\"},\"sameAs\":[\"https:\\\/\\\/www.facebook.com\\\/noticiasmercedinas\\\/\",\"https:\\\/\\\/x.com\\\/notmercedinas\",\"https:\\\/\\\/www.instagram.com\\\/noticiasmercedinas\\\/\"]},{\"@type\":\"Person\",\"@id\":\"https:\\\/\\\/noticiasmercedinas.com\\\/site\\\/#\\\/schema\\\/person\\\/84b59c099c28ff2e8b77d4ceec5d8063\",\"name\":\"NOTICIASMERCEDINAS.COM\",\"image\":{\"@type\":\"ImageObject\",\"inLanguage\":\"es\",\"@id\":\"https:\\\/\\\/secure.gravatar.com\\\/avatar\\\/4dfbf16b4d17945bfb6341b2d19043457132fcf478a5ee04f42e959fd8f5df0a?s=96&d=mm&r=g\",\"url\":\"https:\\\/\\\/secure.gravatar.com\\\/avatar\\\/4dfbf16b4d17945bfb6341b2d19043457132fcf478a5ee04f42e959fd8f5df0a?s=96&d=mm&r=g\",\"contentUrl\":\"https:\\\/\\\/secure.gravatar.com\\\/avatar\\\/4dfbf16b4d17945bfb6341b2d19043457132fcf478a5ee04f42e959fd8f5df0a?s=96&d=mm&r=g\",\"caption\":\"NOTICIASMERCEDINAS.COM\"},\"url\":\"https:\\\/\\\/noticiasmercedinas.com\\\/site\\\/author\\\/anonimo\\\/\"}]}<\/script>\n<!-- \/ Yoast SEO plugin. -->","yoast_head_json":{"title":"\"Ni una menos\": hubo encuentro y jornada de reflexi\u00f3n con j\u00f3venes de la ciudad","robots":{"index":"index","follow":"follow","max-snippet":"max-snippet:-1","max-image-preview":"max-image-preview:large","max-video-preview":"max-video-preview:-1"},"canonical":"https:\/\/noticiasmercedinas.com\/site\/2023\/06\/02\/ni-una-menos-hubo-encuentro-y-jornada-de-reflexion-con-jovenes-de-la-ciudad\/","og_locale":"es_ES","og_type":"article","og_title":"\"Ni una menos\": hubo encuentro y jornada de reflexi\u00f3n con j\u00f3venes de la ciudad","og_description":"\u25a0 Se realiz\u00f3 en el Teatro Argentino con mucha concurrencia. El objetivo fue que los chicos y chicas pensaran las violencias por motivo de g\u00e9nero, y as\u00ed reflexionar sobre la problem\u00e1tica.","og_url":"https:\/\/noticiasmercedinas.com\/site\/2023\/06\/02\/ni-una-menos-hubo-encuentro-y-jornada-de-reflexion-con-jovenes-de-la-ciudad\/","og_site_name":"NOTICIASMERCEDINAS.COM","article_publisher":"https:\/\/www.facebook.com\/noticiasmercedinas\/","article_published_time":"2023-06-02T11:37:58+00:00","og_image":[{"width":640,"height":430,"url":"https:\/\/noticiasmercedinas.com\/site\/wp-content\/uploads\/2023\/06\/DSC09522.jpg","type":"image\/jpeg"}],"author":"NOTICIASMERCEDINAS.COM","twitter_card":"summary_large_image","twitter_creator":"@notmercedinas","twitter_site":"@notmercedinas","twitter_misc":{"Escrito por":"NOTICIASMERCEDINAS.COM","Tiempo de lectura":"2 minutos"},"schema":{"@context":"https:\/\/schema.org","@graph":[{"@type":"Article","@id":"https:\/\/noticiasmercedinas.com\/site\/2023\/06\/02\/ni-una-menos-hubo-encuentro-y-jornada-de-reflexion-con-jovenes-de-la-ciudad\/#article","isPartOf":{"@id":"https:\/\/noticiasmercedinas.com\/site\/2023\/06\/02\/ni-una-menos-hubo-encuentro-y-jornada-de-reflexion-con-jovenes-de-la-ciudad\/"},"author":{"name":"NOTICIASMERCEDINAS.COM","@id":"https:\/\/noticiasmercedinas.com\/site\/#\/schema\/person\/84b59c099c28ff2e8b77d4ceec5d8063"},"headline":"\u00abNi una menos\u00bb: hubo encuentro y jornada de reflexi\u00f3n con j\u00f3venes de la ciudad","datePublished":"2023-06-02T11:37:58+00:00","mainEntityOfPage":{"@id":"https:\/\/noticiasmercedinas.com\/site\/2023\/06\/02\/ni-una-menos-hubo-encuentro-y-jornada-de-reflexion-con-jovenes-de-la-ciudad\/"},"wordCount":348,"publisher":{"@id":"https:\/\/noticiasmercedinas.com\/site\/#organization"},"image":{"@id":"https:\/\/noticiasmercedinas.com\/site\/2023\/06\/02\/ni-una-menos-hubo-encuentro-y-jornada-de-reflexion-con-jovenes-de-la-ciudad\/#primaryimage"},"thumbnailUrl":"https:\/\/noticiasmercedinas.com\/site\/wp-content\/uploads\/2023\/06\/DSC09522.jpg","keywords":["Direcci\u00f3n de Pol\u00edticas de G\u00e9nero y Diversidad","ni una menos","Violencia de g\u00e9nero"],"articleSection":["Sociedad"],"inLanguage":"es"},{"@type":"WebPage","@id":"https:\/\/noticiasmercedinas.com\/site\/2023\/06\/02\/ni-una-menos-hubo-encuentro-y-jornada-de-reflexion-con-jovenes-de-la-ciudad\/","url":"https:\/\/noticiasmercedinas.com\/site\/2023\/06\/02\/ni-una-menos-hubo-encuentro-y-jornada-de-reflexion-con-jovenes-de-la-ciudad\/","name":"\"Ni una menos\": hubo encuentro y jornada de reflexi\u00f3n con j\u00f3venes de la ciudad","isPartOf":{"@id":"https:\/\/noticiasmercedinas.com\/site\/#website"},"primaryImageOfPage":{"@id":"https:\/\/noticiasmercedinas.com\/site\/2023\/06\/02\/ni-una-menos-hubo-encuentro-y-jornada-de-reflexion-con-jovenes-de-la-ciudad\/#primaryimage"},"image":{"@id":"https:\/\/noticiasmercedinas.com\/site\/2023\/06\/02\/ni-una-menos-hubo-encuentro-y-jornada-de-reflexion-con-jovenes-de-la-ciudad\/#primaryimage"},"thumbnailUrl":"https:\/\/noticiasmercedinas.com\/site\/wp-content\/uploads\/2023\/06\/DSC09522.jpg","datePublished":"2023-06-02T11:37:58+00:00","breadcrumb":{"@id":"https:\/\/noticiasmercedinas.com\/site\/2023\/06\/02\/ni-una-menos-hubo-encuentro-y-jornada-de-reflexion-con-jovenes-de-la-ciudad\/#breadcrumb"},"inLanguage":"es","potentialAction":[{"@type":"ReadAction","target":["https:\/\/noticiasmercedinas.com\/site\/2023\/06\/02\/ni-una-menos-hubo-encuentro-y-jornada-de-reflexion-con-jovenes-de-la-ciudad\/"]}]},{"@type":"ImageObject","inLanguage":"es","@id":"https:\/\/noticiasmercedinas.com\/site\/2023\/06\/02\/ni-una-menos-hubo-encuentro-y-jornada-de-reflexion-con-jovenes-de-la-ciudad\/#primaryimage","url":"https:\/\/noticiasmercedinas.com\/site\/wp-content\/uploads\/2023\/06\/DSC09522.jpg","contentUrl":"https:\/\/noticiasmercedinas.com\/site\/wp-content\/uploads\/2023\/06\/DSC09522.jpg","width":640,"height":430},{"@type":"BreadcrumbList","@id":"https:\/\/noticiasmercedinas.com\/site\/2023\/06\/02\/ni-una-menos-hubo-encuentro-y-jornada-de-reflexion-con-jovenes-de-la-ciudad\/#breadcrumb","itemListElement":[{"@type":"ListItem","position":1,"name":"Portada","item":"https:\/\/noticiasmercedinas.com\/site\/"},{"@type":"ListItem","position":2,"name":"\u00abNi una menos\u00bb: hubo encuentro y jornada de reflexi\u00f3n con j\u00f3venes de la ciudad"}]},{"@type":"WebSite","@id":"https:\/\/noticiasmercedinas.com\/site\/#website","url":"https:\/\/noticiasmercedinas.com\/site\/","name":"NOTICIASMERCEDINAS.COM","description":"Mercedes, Buenos Aires, Argentina","publisher":{"@id":"https:\/\/noticiasmercedinas.com\/site\/#organization"},"potentialAction":[{"@type":"SearchAction","target":{"@type":"EntryPoint","urlTemplate":"https:\/\/noticiasmercedinas.com\/site\/?s={search_term_string}"},"query-input":{"@type":"PropertyValueSpecification","valueRequired":true,"valueName":"search_term_string"}}],"inLanguage":"es"},{"@type":"Organization","@id":"https:\/\/noticiasmercedinas.com\/site\/#organization","name":"NOTICIASMERCEDINAS.COM","url":"https:\/\/noticiasmercedinas.com\/site\/","logo":{"@type":"ImageObject","inLanguage":"es","@id":"https:\/\/noticiasmercedinas.com\/site\/#\/schema\/logo\/image\/","url":"https:\/\/noticiasmercedinas.com\/site\/wp-content\/uploads\/2020\/06\/LOGO-512.jpg","contentUrl":"https:\/\/noticiasmercedinas.com\/site\/wp-content\/uploads\/2020\/06\/LOGO-512.jpg","width":512,"height":512,"caption":"NOTICIASMERCEDINAS.COM"},"image":{"@id":"https:\/\/noticiasmercedinas.com\/site\/#\/schema\/logo\/image\/"},"sameAs":["https:\/\/www.facebook.com\/noticiasmercedinas\/","https:\/\/x.com\/notmercedinas","https:\/\/www.instagram.com\/noticiasmercedinas\/"]},{"@type":"Person","@id":"https:\/\/noticiasmercedinas.com\/site\/#\/schema\/person\/84b59c099c28ff2e8b77d4ceec5d8063","name":"NOTICIASMERCEDINAS.COM","image":{"@type":"ImageObject","inLanguage":"es","@id":"https:\/\/secure.gravatar.com\/avatar\/4dfbf16b4d17945bfb6341b2d19043457132fcf478a5ee04f42e959fd8f5df0a?s=96&d=mm&r=g","url":"https:\/\/secure.gravatar.com\/avatar\/4dfbf16b4d17945bfb6341b2d19043457132fcf478a5ee04f42e959fd8f5df0a?s=96&d=mm&r=g","contentUrl":"https:\/\/secure.gravatar.com\/avatar\/4dfbf16b4d17945bfb6341b2d19043457132fcf478a5ee04f42e959fd8f5df0a?s=96&d=mm&r=g","caption":"NOTICIASMERCEDINAS.COM"},"url":"https:\/\/noticiasmercedinas.com\/site\/author\/anonimo\/"}]}},"amp_enabled":true,"_links":{"self":[{"href":"https:\/\/noticiasmercedinas.com\/site\/wp-json\/wp\/v2\/posts\/116163","targetHints":{"allow":["GET"]}}],"collection":[{"href":"https:\/\/noticiasmercedinas.com\/site\/wp-json\/wp\/v2\/posts"}],"about":[{"href":"https:\/\/noticiasmercedinas.com\/site\/wp-json\/wp\/v2\/types\/post"}],"author":[{"embeddable":true,"href":"https:\/\/noticiasmercedinas.com\/site\/wp-json\/wp\/v2\/users\/16"}],"replies":[{"embeddable":true,"href":"https:\/\/noticiasmercedinas.com\/site\/wp-json\/wp\/v2\/comments?post=116163"}],"version-history":[{"count":1,"href":"https:\/\/noticiasmercedinas.com\/site\/wp-json\/wp\/v2\/posts\/116163\/revisions"}],"predecessor-version":[{"id":116166,"href":"https:\/\/noticiasmercedinas.com\/site\/wp-json\/wp\/v2\/posts\/116163\/revisions\/116166"}],"wp:featuredmedia":[{"embeddable":true,"href":"https:\/\/noticiasmercedinas.com\/site\/wp-json\/wp\/v2\/media\/116165"}],"wp:attachment":[{"href":"https:\/\/noticiasmercedinas.com\/site\/wp-json\/wp\/v2\/media?parent=116163"}],"wp:term":[{"taxonomy":"category","embeddable":true,"href":"https:\/\/noticiasmercedinas.com\/site\/wp-json\/wp\/v2\/categories?post=116163"},{"taxonomy":"post_tag","embeddable":true,"href":"https:\/\/noticiasmercedinas.com\/site\/wp-json\/wp\/v2\/tags?post=116163"}],"curies":[{"name":"wp","href":"https:\/\/api.w.org\/{rel}","templated":true}]}}