{"id":116232,"date":"2023-06-02T20:36:52","date_gmt":"2023-06-02T23:36:52","guid":{"rendered":"https:\/\/noticiasmercedinas.com\/site\/?p=116232"},"modified":"2023-06-03T08:51:15","modified_gmt":"2023-06-03T11:51:15","slug":"club-mercedes-inicia-su-participacion-en-otro-torneo-de-la-primera-d","status":"publish","type":"post","link":"https:\/\/noticiasmercedinas.com\/site\/2023\/06\/02\/club-mercedes-inicia-su-participacion-en-otro-torneo-de-la-primera-d\/","title":{"rendered":"Club Mercedes inicia su participaci\u00f3n en otro torneo de la Primera D"},"content":{"rendered":"<figure id=\"attachment_116233\" aria-describedby=\"caption-attachment-116233\" style=\"width: 640px\" class=\"wp-caption alignnone\"><img loading=\"lazy\" decoding=\"async\" class=\"wp-image-116233 size-full\" src=\"https:\/\/noticiasmercedinas.com\/site\/wp-content\/uploads\/2023\/06\/IMG_4550.jpg\" alt=\"\" width=\"640\" height=\"415\" srcset=\"https:\/\/noticiasmercedinas.com\/site\/wp-content\/uploads\/2023\/06\/IMG_4550.jpg 640w, https:\/\/noticiasmercedinas.com\/site\/wp-content\/uploads\/2023\/06\/IMG_4550-300x194.jpg 300w, https:\/\/noticiasmercedinas.com\/site\/wp-content\/uploads\/2023\/06\/IMG_4550-600x388.jpg 600w\" sizes=\"auto, (max-width: 640px) 100vw, 640px\" \/><figcaption id=\"caption-attachment-116233\" class=\"wp-caption-text\">S\u00e1nchez Olmos entre los relevos, Chaparro ser\u00e1 titular en Mercedes.<\/figcaption><\/figure>\n<p>Con otro fixture se inicia este s\u00e1bado 3 de junio la fecha 1 del Segundo Torneo, certamen de la Primera D de la AFA que a diferencia del anterior ser\u00e1 con encuentros de ida y vuelta. El \u00fanico incentivo es una plaza a la Copa Argentina 2024, que ya gan\u00f3 El Porvenir d\u00edas atr\u00e1s y ahora busca un segundo representante para la categor\u00eda.<\/p>\n<p>Club Mercedes, que sigue participando en condici\u00f3n de invitado, no podr\u00e1 acceder al certamen con lo que s\u00f3lo tendr\u00e1 que cumplir con el fixture. En la apertura de la competencia quedar\u00e1 libre Defensores de Cambaceres y el \u201cBlanquinegro\u201d jugar\u00e1 este s\u00e1bado 3 de junio en la Liga teniendo la visita de Argentino de Rosario desde la hora 15.30.<\/p>\n<p>Este viernes 2 comenz\u00f3 la venta anticipada de entradas en Una Pasi\u00f3n y seguir\u00e1 durante la ma\u00f1ana del s\u00e1bado 3, ya por la tarde desde las 14 ser\u00e1 en la propia cancha de la Liga el sitio para adquirir localidades.<\/p>\n<p>En cuanto al equipo, el jueves fue el \u00faltimo entrenamiento con la ausencia de Thom\u00e1s Schenone con molestias cervicales, con ello habr\u00e1 un cambio obligado.<\/p>\n<p>Estar\u00e1n: Gonzalo Boragno en el arco, Alexis Grzesiak, Domingo de Paola, Juan Pedro Gatti y Blas De los Santos en defensa, Mat\u00edas L\u00f3pez, Tom\u00e1s Chaparro, Laureano Torres y Franco Gatti en la zona de volantes para desempe\u00f1arse en la ofensiva Nahuel Menseguez e Ignacio Rodr\u00edguez.<\/p>\n<p>Los dem\u00e1s convocados por Walter D\u00edaz son: Rodrigo Nicasio, Nicol\u00e1s Mart\u00ednez, Santiago Romagnoli, Rodrigo Scarnatto, Genaro S\u00e1nchez Olmos, Franco Cruz , El\u00edas Vel\u00e1zquez y Juan Manuel Culio. \u00a0Un futbolista de los mencionados quedar\u00e1 afuera del banco de relevos.<\/p>\n<p><strong>S\u00e1bado 3 de junio<\/strong><br \/>\nA las 15.30 Club Mercedes vs. Argentino (Rosario).<br \/>\n<strong>\u00c1rbitro:<\/strong> Diego Torres.<br \/>\n<strong>Asistente 1:<\/strong> Federico Machuca.<br \/>\n<strong>Asistente 2:<\/strong> Cristian Rodr\u00edguez.<br \/>\n<strong>Cuarto \u00e1rbitro:<\/strong> Gonzalo Correa.<strong><br \/>\n<\/strong><br \/>\nA las 15.30 Lugano vs. Recreativo Espa\u00f1ol.<br \/>\n<strong>\u00c1rbitro:<\/strong> Jes\u00fas Girett.<\/p>\n<p>A las 15.30 Central Ballester vs. Juventud Unida.<br \/>\n<strong>\u00c1rbitro:<\/strong> Francisco Varano<\/p>\n<p><strong>Lunes 5 (va por DeporTV)<br \/>\nCancha:<\/strong> Deportivo Mor\u00f3n.<br \/>\nA las 15.30 Sportivo Barracas vs. Deportivo Paraguayo.<br \/>\n<strong>\u00c1rbitro:<\/strong> Mart\u00edn Morenza.<\/p>\n<p><strong>Cancha:<\/strong> Atlas.<br \/>\nA las 15.30 Mu\u00f1iz vs. El Porvenir<br \/>\n<strong>\u00c1rbitro:<\/strong> Axel Pogge.<\/p>\n","protected":false},"excerpt":{"rendered":"<p>\u25a0 En la misma condici\u00f3n que las anteriores este s\u00e1bado recibe a Argentino de Rosario en la Liga. El torneo ser\u00e1 de ida y vuelta ofreciendo una plaza a la Copa Argentina 2024.<\/p>\n","protected":false},"author":6,"featured_media":116233,"comment_status":"closed","ping_status":"closed","sticky":false,"template":"","format":"standard","meta":{"footnotes":""},"categories":[5],"tags":[14602,135,3346,11935],"class_list":["post-116232","post","type-post","status-publish","format-standard","has-post-thumbnail","hentry","category-deportes","tag-argentino-de-rosario","tag-club-mercedes","tag-liga-mercedina-de-futbol","tag-primera-d"],"yoast_head":"<!-- This site is optimized with the Yoast SEO plugin v27.5 - https:\/\/yoast.com\/product\/yoast-seo-wordpress\/ -->\n<title>Club Mercedes inicia su participaci\u00f3n en otro torneo de la Primera D<\/title>\n<meta name=\"robots\" content=\"index, follow, max-snippet:-1, max-image-preview:large, max-video-preview:-1\" \/>\n<link rel=\"canonical\" href=\"https:\/\/noticiasmercedinas.com\/site\/2023\/06\/02\/club-mercedes-inicia-su-participacion-en-otro-torneo-de-la-primera-d\/\" \/>\n<meta property=\"og:locale\" content=\"es_ES\" \/>\n<meta property=\"og:type\" content=\"article\" \/>\n<meta property=\"og:title\" content=\"Club Mercedes inicia su participaci\u00f3n en otro torneo de la Primera D\" \/>\n<meta property=\"og:description\" content=\"\u25a0 En la misma condici\u00f3n que las anteriores este s\u00e1bado recibe a Argentino de Rosario en la Liga. El torneo ser\u00e1 de ida y vuelta ofreciendo una plaza a la Copa Argentina 2024.\" \/>\n<meta property=\"og:url\" content=\"https:\/\/noticiasmercedinas.com\/site\/2023\/06\/02\/club-mercedes-inicia-su-participacion-en-otro-torneo-de-la-primera-d\/\" \/>\n<meta property=\"og:site_name\" content=\"NOTICIASMERCEDINAS.COM\" \/>\n<meta property=\"article:publisher\" content=\"https:\/\/www.facebook.com\/noticiasmercedinas\/\" \/>\n<meta property=\"article:published_time\" content=\"2023-06-02T23:36:52+00:00\" \/>\n<meta property=\"article:modified_time\" content=\"2023-06-03T11:51:15+00:00\" \/>\n<meta property=\"og:image\" content=\"https:\/\/noticiasmercedinas.com\/site\/wp-content\/uploads\/2023\/06\/IMG_4550.jpg\" \/>\n\t<meta property=\"og:image:width\" content=\"640\" \/>\n\t<meta property=\"og:image:height\" content=\"415\" \/>\n\t<meta property=\"og:image:type\" content=\"image\/jpeg\" \/>\n<meta name=\"author\" content=\"Juan Dagnino NOTICIASMERCEDINAS.COM\" \/>\n<meta name=\"twitter:card\" content=\"summary_large_image\" \/>\n<meta name=\"twitter:creator\" content=\"@notmercedinas\" \/>\n<meta name=\"twitter:site\" content=\"@notmercedinas\" \/>\n<meta name=\"twitter:label1\" content=\"Escrito por\" \/>\n\t<meta name=\"twitter:data1\" content=\"Juan Dagnino NOTICIASMERCEDINAS.COM\" \/>\n\t<meta name=\"twitter:label2\" content=\"Tiempo de lectura\" \/>\n\t<meta name=\"twitter:data2\" content=\"2 minutos\" \/>\n<script type=\"application\/ld+json\" class=\"yoast-schema-graph\">{\"@context\":\"https:\\\/\\\/schema.org\",\"@graph\":[{\"@type\":\"Article\",\"@id\":\"https:\\\/\\\/noticiasmercedinas.com\\\/site\\\/2023\\\/06\\\/02\\\/club-mercedes-inicia-su-participacion-en-otro-torneo-de-la-primera-d\\\/#article\",\"isPartOf\":{\"@id\":\"https:\\\/\\\/noticiasmercedinas.com\\\/site\\\/2023\\\/06\\\/02\\\/club-mercedes-inicia-su-participacion-en-otro-torneo-de-la-primera-d\\\/\"},\"author\":{\"name\":\"Juan Dagnino NOTICIASMERCEDINAS.COM\",\"@id\":\"https:\\\/\\\/noticiasmercedinas.com\\\/site\\\/#\\\/schema\\\/person\\\/8f2f09d666ef40986eba4a5e6f2a06f9\"},\"headline\":\"Club Mercedes inicia su participaci\u00f3n en otro torneo de la Primera D\",\"datePublished\":\"2023-06-02T23:36:52+00:00\",\"dateModified\":\"2023-06-03T11:51:15+00:00\",\"mainEntityOfPage\":{\"@id\":\"https:\\\/\\\/noticiasmercedinas.com\\\/site\\\/2023\\\/06\\\/02\\\/club-mercedes-inicia-su-participacion-en-otro-torneo-de-la-primera-d\\\/\"},\"wordCount\":392,\"publisher\":{\"@id\":\"https:\\\/\\\/noticiasmercedinas.com\\\/site\\\/#organization\"},\"image\":{\"@id\":\"https:\\\/\\\/noticiasmercedinas.com\\\/site\\\/2023\\\/06\\\/02\\\/club-mercedes-inicia-su-participacion-en-otro-torneo-de-la-primera-d\\\/#primaryimage\"},\"thumbnailUrl\":\"https:\\\/\\\/noticiasmercedinas.com\\\/site\\\/wp-content\\\/uploads\\\/2023\\\/06\\\/IMG_4550.jpg\",\"keywords\":[\"Argentino de Rosario\",\"club mercedes\",\"Liga Mercedina de F\u00fatbol\",\"Primera D\"],\"articleSection\":[\"Deportes\"],\"inLanguage\":\"es\"},{\"@type\":\"WebPage\",\"@id\":\"https:\\\/\\\/noticiasmercedinas.com\\\/site\\\/2023\\\/06\\\/02\\\/club-mercedes-inicia-su-participacion-en-otro-torneo-de-la-primera-d\\\/\",\"url\":\"https:\\\/\\\/noticiasmercedinas.com\\\/site\\\/2023\\\/06\\\/02\\\/club-mercedes-inicia-su-participacion-en-otro-torneo-de-la-primera-d\\\/\",\"name\":\"Club Mercedes inicia su participaci\u00f3n en otro torneo de la Primera D\",\"isPartOf\":{\"@id\":\"https:\\\/\\\/noticiasmercedinas.com\\\/site\\\/#website\"},\"primaryImageOfPage\":{\"@id\":\"https:\\\/\\\/noticiasmercedinas.com\\\/site\\\/2023\\\/06\\\/02\\\/club-mercedes-inicia-su-participacion-en-otro-torneo-de-la-primera-d\\\/#primaryimage\"},\"image\":{\"@id\":\"https:\\\/\\\/noticiasmercedinas.com\\\/site\\\/2023\\\/06\\\/02\\\/club-mercedes-inicia-su-participacion-en-otro-torneo-de-la-primera-d\\\/#primaryimage\"},\"thumbnailUrl\":\"https:\\\/\\\/noticiasmercedinas.com\\\/site\\\/wp-content\\\/uploads\\\/2023\\\/06\\\/IMG_4550.jpg\",\"datePublished\":\"2023-06-02T23:36:52+00:00\",\"dateModified\":\"2023-06-03T11:51:15+00:00\",\"breadcrumb\":{\"@id\":\"https:\\\/\\\/noticiasmercedinas.com\\\/site\\\/2023\\\/06\\\/02\\\/club-mercedes-inicia-su-participacion-en-otro-torneo-de-la-primera-d\\\/#breadcrumb\"},\"inLanguage\":\"es\",\"potentialAction\":[{\"@type\":\"ReadAction\",\"target\":[\"https:\\\/\\\/noticiasmercedinas.com\\\/site\\\/2023\\\/06\\\/02\\\/club-mercedes-inicia-su-participacion-en-otro-torneo-de-la-primera-d\\\/\"]}]},{\"@type\":\"ImageObject\",\"inLanguage\":\"es\",\"@id\":\"https:\\\/\\\/noticiasmercedinas.com\\\/site\\\/2023\\\/06\\\/02\\\/club-mercedes-inicia-su-participacion-en-otro-torneo-de-la-primera-d\\\/#primaryimage\",\"url\":\"https:\\\/\\\/noticiasmercedinas.com\\\/site\\\/wp-content\\\/uploads\\\/2023\\\/06\\\/IMG_4550.jpg\",\"contentUrl\":\"https:\\\/\\\/noticiasmercedinas.com\\\/site\\\/wp-content\\\/uploads\\\/2023\\\/06\\\/IMG_4550.jpg\",\"width\":640,\"height\":415},{\"@type\":\"BreadcrumbList\",\"@id\":\"https:\\\/\\\/noticiasmercedinas.com\\\/site\\\/2023\\\/06\\\/02\\\/club-mercedes-inicia-su-participacion-en-otro-torneo-de-la-primera-d\\\/#breadcrumb\",\"itemListElement\":[{\"@type\":\"ListItem\",\"position\":1,\"name\":\"Portada\",\"item\":\"https:\\\/\\\/noticiasmercedinas.com\\\/site\\\/\"},{\"@type\":\"ListItem\",\"position\":2,\"name\":\"Club Mercedes inicia su participaci\u00f3n en otro torneo de la Primera D\"}]},{\"@type\":\"WebSite\",\"@id\":\"https:\\\/\\\/noticiasmercedinas.com\\\/site\\\/#website\",\"url\":\"https:\\\/\\\/noticiasmercedinas.com\\\/site\\\/\",\"name\":\"NOTICIASMERCEDINAS.COM\",\"description\":\"Mercedes, Buenos Aires, Argentina\",\"publisher\":{\"@id\":\"https:\\\/\\\/noticiasmercedinas.com\\\/site\\\/#organization\"},\"potentialAction\":[{\"@type\":\"SearchAction\",\"target\":{\"@type\":\"EntryPoint\",\"urlTemplate\":\"https:\\\/\\\/noticiasmercedinas.com\\\/site\\\/?s={search_term_string}\"},\"query-input\":{\"@type\":\"PropertyValueSpecification\",\"valueRequired\":true,\"valueName\":\"search_term_string\"}}],\"inLanguage\":\"es\"},{\"@type\":\"Organization\",\"@id\":\"https:\\\/\\\/noticiasmercedinas.com\\\/site\\\/#organization\",\"name\":\"NOTICIASMERCEDINAS.COM\",\"url\":\"https:\\\/\\\/noticiasmercedinas.com\\\/site\\\/\",\"logo\":{\"@type\":\"ImageObject\",\"inLanguage\":\"es\",\"@id\":\"https:\\\/\\\/noticiasmercedinas.com\\\/site\\\/#\\\/schema\\\/logo\\\/image\\\/\",\"url\":\"https:\\\/\\\/noticiasmercedinas.com\\\/site\\\/wp-content\\\/uploads\\\/2020\\\/06\\\/LOGO-512.jpg\",\"contentUrl\":\"https:\\\/\\\/noticiasmercedinas.com\\\/site\\\/wp-content\\\/uploads\\\/2020\\\/06\\\/LOGO-512.jpg\",\"width\":512,\"height\":512,\"caption\":\"NOTICIASMERCEDINAS.COM\"},\"image\":{\"@id\":\"https:\\\/\\\/noticiasmercedinas.com\\\/site\\\/#\\\/schema\\\/logo\\\/image\\\/\"},\"sameAs\":[\"https:\\\/\\\/www.facebook.com\\\/noticiasmercedinas\\\/\",\"https:\\\/\\\/x.com\\\/notmercedinas\",\"https:\\\/\\\/www.instagram.com\\\/noticiasmercedinas\\\/\"]},{\"@type\":\"Person\",\"@id\":\"https:\\\/\\\/noticiasmercedinas.com\\\/site\\\/#\\\/schema\\\/person\\\/8f2f09d666ef40986eba4a5e6f2a06f9\",\"name\":\"Juan Dagnino NOTICIASMERCEDINAS.COM\",\"image\":{\"@type\":\"ImageObject\",\"inLanguage\":\"es\",\"@id\":\"https:\\\/\\\/secure.gravatar.com\\\/avatar\\\/fc7059a769f5a3cae65fadb228a3e4accf3a64b4b2305020d0a27e6d5333c91b?s=96&d=mm&r=g\",\"url\":\"https:\\\/\\\/secure.gravatar.com\\\/avatar\\\/fc7059a769f5a3cae65fadb228a3e4accf3a64b4b2305020d0a27e6d5333c91b?s=96&d=mm&r=g\",\"contentUrl\":\"https:\\\/\\\/secure.gravatar.com\\\/avatar\\\/fc7059a769f5a3cae65fadb228a3e4accf3a64b4b2305020d0a27e6d5333c91b?s=96&d=mm&r=g\",\"caption\":\"Juan Dagnino NOTICIASMERCEDINAS.COM\"},\"url\":\"https:\\\/\\\/noticiasmercedinas.com\\\/site\\\/author\\\/juandagnino\\\/\"}]}<\/script>\n<!-- \/ Yoast SEO plugin. -->","yoast_head_json":{"title":"Club Mercedes inicia su participaci\u00f3n en otro torneo de la Primera D","robots":{"index":"index","follow":"follow","max-snippet":"max-snippet:-1","max-image-preview":"max-image-preview:large","max-video-preview":"max-video-preview:-1"},"canonical":"https:\/\/noticiasmercedinas.com\/site\/2023\/06\/02\/club-mercedes-inicia-su-participacion-en-otro-torneo-de-la-primera-d\/","og_locale":"es_ES","og_type":"article","og_title":"Club Mercedes inicia su participaci\u00f3n en otro torneo de la Primera D","og_description":"\u25a0 En la misma condici\u00f3n que las anteriores este s\u00e1bado recibe a Argentino de Rosario en la Liga. El torneo ser\u00e1 de ida y vuelta ofreciendo una plaza a la Copa Argentina 2024.","og_url":"https:\/\/noticiasmercedinas.com\/site\/2023\/06\/02\/club-mercedes-inicia-su-participacion-en-otro-torneo-de-la-primera-d\/","og_site_name":"NOTICIASMERCEDINAS.COM","article_publisher":"https:\/\/www.facebook.com\/noticiasmercedinas\/","article_published_time":"2023-06-02T23:36:52+00:00","article_modified_time":"2023-06-03T11:51:15+00:00","og_image":[{"width":640,"height":415,"url":"https:\/\/noticiasmercedinas.com\/site\/wp-content\/uploads\/2023\/06\/IMG_4550.jpg","type":"image\/jpeg"}],"author":"Juan Dagnino NOTICIASMERCEDINAS.COM","twitter_card":"summary_large_image","twitter_creator":"@notmercedinas","twitter_site":"@notmercedinas","twitter_misc":{"Escrito por":"Juan Dagnino NOTICIASMERCEDINAS.COM","Tiempo de lectura":"2 minutos"},"schema":{"@context":"https:\/\/schema.org","@graph":[{"@type":"Article","@id":"https:\/\/noticiasmercedinas.com\/site\/2023\/06\/02\/club-mercedes-inicia-su-participacion-en-otro-torneo-de-la-primera-d\/#article","isPartOf":{"@id":"https:\/\/noticiasmercedinas.com\/site\/2023\/06\/02\/club-mercedes-inicia-su-participacion-en-otro-torneo-de-la-primera-d\/"},"author":{"name":"Juan Dagnino NOTICIASMERCEDINAS.COM","@id":"https:\/\/noticiasmercedinas.com\/site\/#\/schema\/person\/8f2f09d666ef40986eba4a5e6f2a06f9"},"headline":"Club Mercedes inicia su participaci\u00f3n en otro torneo de la Primera D","datePublished":"2023-06-02T23:36:52+00:00","dateModified":"2023-06-03T11:51:15+00:00","mainEntityOfPage":{"@id":"https:\/\/noticiasmercedinas.com\/site\/2023\/06\/02\/club-mercedes-inicia-su-participacion-en-otro-torneo-de-la-primera-d\/"},"wordCount":392,"publisher":{"@id":"https:\/\/noticiasmercedinas.com\/site\/#organization"},"image":{"@id":"https:\/\/noticiasmercedinas.com\/site\/2023\/06\/02\/club-mercedes-inicia-su-participacion-en-otro-torneo-de-la-primera-d\/#primaryimage"},"thumbnailUrl":"https:\/\/noticiasmercedinas.com\/site\/wp-content\/uploads\/2023\/06\/IMG_4550.jpg","keywords":["Argentino de Rosario","club mercedes","Liga Mercedina de F\u00fatbol","Primera D"],"articleSection":["Deportes"],"inLanguage":"es"},{"@type":"WebPage","@id":"https:\/\/noticiasmercedinas.com\/site\/2023\/06\/02\/club-mercedes-inicia-su-participacion-en-otro-torneo-de-la-primera-d\/","url":"https:\/\/noticiasmercedinas.com\/site\/2023\/06\/02\/club-mercedes-inicia-su-participacion-en-otro-torneo-de-la-primera-d\/","name":"Club Mercedes inicia su participaci\u00f3n en otro torneo de la Primera D","isPartOf":{"@id":"https:\/\/noticiasmercedinas.com\/site\/#website"},"primaryImageOfPage":{"@id":"https:\/\/noticiasmercedinas.com\/site\/2023\/06\/02\/club-mercedes-inicia-su-participacion-en-otro-torneo-de-la-primera-d\/#primaryimage"},"image":{"@id":"https:\/\/noticiasmercedinas.com\/site\/2023\/06\/02\/club-mercedes-inicia-su-participacion-en-otro-torneo-de-la-primera-d\/#primaryimage"},"thumbnailUrl":"https:\/\/noticiasmercedinas.com\/site\/wp-content\/uploads\/2023\/06\/IMG_4550.jpg","datePublished":"2023-06-02T23:36:52+00:00","dateModified":"2023-06-03T11:51:15+00:00","breadcrumb":{"@id":"https:\/\/noticiasmercedinas.com\/site\/2023\/06\/02\/club-mercedes-inicia-su-participacion-en-otro-torneo-de-la-primera-d\/#breadcrumb"},"inLanguage":"es","potentialAction":[{"@type":"ReadAction","target":["https:\/\/noticiasmercedinas.com\/site\/2023\/06\/02\/club-mercedes-inicia-su-participacion-en-otro-torneo-de-la-primera-d\/"]}]},{"@type":"ImageObject","inLanguage":"es","@id":"https:\/\/noticiasmercedinas.com\/site\/2023\/06\/02\/club-mercedes-inicia-su-participacion-en-otro-torneo-de-la-primera-d\/#primaryimage","url":"https:\/\/noticiasmercedinas.com\/site\/wp-content\/uploads\/2023\/06\/IMG_4550.jpg","contentUrl":"https:\/\/noticiasmercedinas.com\/site\/wp-content\/uploads\/2023\/06\/IMG_4550.jpg","width":640,"height":415},{"@type":"BreadcrumbList","@id":"https:\/\/noticiasmercedinas.com\/site\/2023\/06\/02\/club-mercedes-inicia-su-participacion-en-otro-torneo-de-la-primera-d\/#breadcrumb","itemListElement":[{"@type":"ListItem","position":1,"name":"Portada","item":"https:\/\/noticiasmercedinas.com\/site\/"},{"@type":"ListItem","position":2,"name":"Club Mercedes inicia su participaci\u00f3n en otro torneo de la Primera D"}]},{"@type":"WebSite","@id":"https:\/\/noticiasmercedinas.com\/site\/#website","url":"https:\/\/noticiasmercedinas.com\/site\/","name":"NOTICIASMERCEDINAS.COM","description":"Mercedes, Buenos Aires, Argentina","publisher":{"@id":"https:\/\/noticiasmercedinas.com\/site\/#organization"},"potentialAction":[{"@type":"SearchAction","target":{"@type":"EntryPoint","urlTemplate":"https:\/\/noticiasmercedinas.com\/site\/?s={search_term_string}"},"query-input":{"@type":"PropertyValueSpecification","valueRequired":true,"valueName":"search_term_string"}}],"inLanguage":"es"},{"@type":"Organization","@id":"https:\/\/noticiasmercedinas.com\/site\/#organization","name":"NOTICIASMERCEDINAS.COM","url":"https:\/\/noticiasmercedinas.com\/site\/","logo":{"@type":"ImageObject","inLanguage":"es","@id":"https:\/\/noticiasmercedinas.com\/site\/#\/schema\/logo\/image\/","url":"https:\/\/noticiasmercedinas.com\/site\/wp-content\/uploads\/2020\/06\/LOGO-512.jpg","contentUrl":"https:\/\/noticiasmercedinas.com\/site\/wp-content\/uploads\/2020\/06\/LOGO-512.jpg","width":512,"height":512,"caption":"NOTICIASMERCEDINAS.COM"},"image":{"@id":"https:\/\/noticiasmercedinas.com\/site\/#\/schema\/logo\/image\/"},"sameAs":["https:\/\/www.facebook.com\/noticiasmercedinas\/","https:\/\/x.com\/notmercedinas","https:\/\/www.instagram.com\/noticiasmercedinas\/"]},{"@type":"Person","@id":"https:\/\/noticiasmercedinas.com\/site\/#\/schema\/person\/8f2f09d666ef40986eba4a5e6f2a06f9","name":"Juan Dagnino NOTICIASMERCEDINAS.COM","image":{"@type":"ImageObject","inLanguage":"es","@id":"https:\/\/secure.gravatar.com\/avatar\/fc7059a769f5a3cae65fadb228a3e4accf3a64b4b2305020d0a27e6d5333c91b?s=96&d=mm&r=g","url":"https:\/\/secure.gravatar.com\/avatar\/fc7059a769f5a3cae65fadb228a3e4accf3a64b4b2305020d0a27e6d5333c91b?s=96&d=mm&r=g","contentUrl":"https:\/\/secure.gravatar.com\/avatar\/fc7059a769f5a3cae65fadb228a3e4accf3a64b4b2305020d0a27e6d5333c91b?s=96&d=mm&r=g","caption":"Juan Dagnino NOTICIASMERCEDINAS.COM"},"url":"https:\/\/noticiasmercedinas.com\/site\/author\/juandagnino\/"}]}},"amp_enabled":true,"_links":{"self":[{"href":"https:\/\/noticiasmercedinas.com\/site\/wp-json\/wp\/v2\/posts\/116232","targetHints":{"allow":["GET"]}}],"collection":[{"href":"https:\/\/noticiasmercedinas.com\/site\/wp-json\/wp\/v2\/posts"}],"about":[{"href":"https:\/\/noticiasmercedinas.com\/site\/wp-json\/wp\/v2\/types\/post"}],"author":[{"embeddable":true,"href":"https:\/\/noticiasmercedinas.com\/site\/wp-json\/wp\/v2\/users\/6"}],"replies":[{"embeddable":true,"href":"https:\/\/noticiasmercedinas.com\/site\/wp-json\/wp\/v2\/comments?post=116232"}],"version-history":[{"count":3,"href":"https:\/\/noticiasmercedinas.com\/site\/wp-json\/wp\/v2\/posts\/116232\/revisions"}],"predecessor-version":[{"id":116239,"href":"https:\/\/noticiasmercedinas.com\/site\/wp-json\/wp\/v2\/posts\/116232\/revisions\/116239"}],"wp:featuredmedia":[{"embeddable":true,"href":"https:\/\/noticiasmercedinas.com\/site\/wp-json\/wp\/v2\/media\/116233"}],"wp:attachment":[{"href":"https:\/\/noticiasmercedinas.com\/site\/wp-json\/wp\/v2\/media?parent=116232"}],"wp:term":[{"taxonomy":"category","embeddable":true,"href":"https:\/\/noticiasmercedinas.com\/site\/wp-json\/wp\/v2\/categories?post=116232"},{"taxonomy":"post_tag","embeddable":true,"href":"https:\/\/noticiasmercedinas.com\/site\/wp-json\/wp\/v2\/tags?post=116232"}],"curies":[{"name":"wp","href":"https:\/\/api.w.org\/{rel}","templated":true}]}}