{"id":116271,"date":"2023-06-03T18:38:28","date_gmt":"2023-06-03T21:38:28","guid":{"rendered":"https:\/\/noticiasmercedinas.com\/site\/?p=116271"},"modified":"2023-06-03T18:41:04","modified_gmt":"2023-06-03T21:41:04","slug":"gustavo-sano-del-pd-mercedes-junto-a-villarruel-y-milei-por-una-mejor-seguridad","status":"publish","type":"post","link":"https:\/\/noticiasmercedinas.com\/site\/2023\/06\/03\/gustavo-sano-del-pd-mercedes-junto-a-villarruel-y-milei-por-una-mejor-seguridad\/","title":{"rendered":"Gustavo San\u00f3, del PD Mercedes, junto a Villarruel y Milei por \u00abuna mejor seguridad\u00bb"},"content":{"rendered":"<p><img loading=\"lazy\" decoding=\"async\" class=\"alignnone size-full wp-image-116275\" src=\"https:\/\/noticiasmercedinas.com\/site\/wp-content\/uploads\/2023\/06\/PDSANO.jpg\" alt=\"\" width=\"640\" height=\"473\" srcset=\"https:\/\/noticiasmercedinas.com\/site\/wp-content\/uploads\/2023\/06\/PDSANO.jpg 640w, https:\/\/noticiasmercedinas.com\/site\/wp-content\/uploads\/2023\/06\/PDSANO-300x222.jpg 300w, https:\/\/noticiasmercedinas.com\/site\/wp-content\/uploads\/2023\/06\/PDSANO-80x60.jpg 80w, https:\/\/noticiasmercedinas.com\/site\/wp-content\/uploads\/2023\/06\/PDSANO-100x75.jpg 100w\" sizes=\"auto, (max-width: 640px) 100vw, 640px\" \/><\/p>\n<p><strong>Gustavo San\u00f3<\/strong>, reconocido empresario teatral, referente del Partido Dem\u00f3crata de la ciudad de Mercedes, estuvo presente en el \u00faltimo encuentro con la Diputada Nacional <strong>Victoria Villarruel,<\/strong> quien recientemente fue seleccionada como f\u00f3rmula presidencial junto <strong>Javier Milei.<\/strong><\/p>\n<p>Consultado por este medio, el mercedino cont\u00f3 c\u00f3mo desarrollan su labor y lo que esperan en la ciudad.<\/p>\n<p>\u00abSeguimos trabajando fuerte por tener una mejor seguridad, servicios p\u00fablicos de calidad, y modificar la precariedad de infraestructura que tenemos, todo esto lo venimos trabajando en la mesa liberal conducida por <strong>Nahuel Torres Costa<\/strong>, a quien tambi\u00e9n acompa\u00f1amos las elecciones pasadas, conociendo las propuestas principales que present\u00f3 oportunamente a toda la poblaci\u00f3n\u201d, dijo San\u00f3.<\/p>\n<p>\u201cTenemos muy claro hacia d\u00f3nde vamos y los objetivos a cumplir, por eso quiero hacer extensiva esta invitaci\u00f3n a todos los vecinos, que sepan que nos necesitamos, que sigan acerc\u00e1ndose, que trabajemos codo a codo y que se anoten en <a href=\"http:\/\/www.milei2023.com.ar\">www.milei2023.com.ar<\/a> porque sobre todo debemos cuidar el voto para garantizar democracia. Adem\u00e1s para mantenernos juntos y conectados tenemos Instagram: <a href=\"https:\/\/www.instagram.com\/pdmercedes.bs.as\/\">@pdmercedes.bs.as<\/a>\u201d, agreg\u00f3.<\/p>\n<p>\u201cEstamos convencidos de que Javier Milei junto a Vicky Villarruel ser\u00e1n los conductores de esta Naci\u00f3n y el principio del encarrilamiento de Argentina\u201d, complet\u00f3 San\u00f3.<\/p>\n","protected":false},"excerpt":{"rendered":"<p>\u25a0 El referente del Partido Dem\u00f3crata de Mercedes estuvo en el \u00faltimo encuentro con la Diputada, quien recientemente fue seleccionada como candidata a vicepresidente.<\/p>\n","protected":false},"author":16,"featured_media":116275,"comment_status":"closed","ping_status":"closed","sticky":false,"template":"","format":"standard","meta":{"footnotes":""},"categories":[16],"tags":[16970,14331,16105,16435],"class_list":["post-116271","post","type-post","status-publish","format-standard","has-post-thumbnail","hentry","category-politica","tag-gustavo-sano","tag-javier-milei","tag-partido-democrata","tag-victoria-villarruel"],"yoast_head":"<!-- This site is optimized with the Yoast SEO plugin v27.4 - https:\/\/yoast.com\/product\/yoast-seo-wordpress\/ -->\n<title>Gustavo San\u00f3, del PD Mercedes, junto a Villarruel y Milei por &quot;una mejor seguridad&quot;<\/title>\n<meta name=\"robots\" content=\"index, follow, max-snippet:-1, max-image-preview:large, max-video-preview:-1\" \/>\n<link rel=\"canonical\" href=\"https:\/\/noticiasmercedinas.com\/site\/2023\/06\/03\/gustavo-sano-del-pd-mercedes-junto-a-villarruel-y-milei-por-una-mejor-seguridad\/\" \/>\n<meta property=\"og:locale\" content=\"es_ES\" \/>\n<meta property=\"og:type\" content=\"article\" \/>\n<meta property=\"og:title\" content=\"Gustavo San\u00f3, del PD Mercedes, junto a Villarruel y Milei por &quot;una mejor seguridad&quot;\" \/>\n<meta property=\"og:description\" content=\"\u25a0 El referente del Partido Dem\u00f3crata de Mercedes estuvo en el \u00faltimo encuentro con la Diputada, quien recientemente fue seleccionada como candidata a vicepresidente.\" \/>\n<meta property=\"og:url\" content=\"https:\/\/noticiasmercedinas.com\/site\/2023\/06\/03\/gustavo-sano-del-pd-mercedes-junto-a-villarruel-y-milei-por-una-mejor-seguridad\/\" \/>\n<meta property=\"og:site_name\" content=\"NOTICIASMERCEDINAS.COM\" \/>\n<meta property=\"article:publisher\" content=\"https:\/\/www.facebook.com\/noticiasmercedinas\/\" \/>\n<meta property=\"article:published_time\" content=\"2023-06-03T21:38:28+00:00\" \/>\n<meta property=\"article:modified_time\" content=\"2023-06-03T21:41:04+00:00\" \/>\n<meta property=\"og:image\" content=\"https:\/\/noticiasmercedinas.com\/site\/wp-content\/uploads\/2023\/06\/PDSANO.jpg\" \/>\n\t<meta property=\"og:image:width\" content=\"640\" \/>\n\t<meta property=\"og:image:height\" content=\"473\" \/>\n\t<meta property=\"og:image:type\" content=\"image\/jpeg\" \/>\n<meta name=\"author\" content=\"NOTICIASMERCEDINAS.COM\" \/>\n<meta name=\"twitter:card\" content=\"summary_large_image\" \/>\n<meta name=\"twitter:creator\" content=\"@notmercedinas\" \/>\n<meta name=\"twitter:site\" content=\"@notmercedinas\" \/>\n<meta name=\"twitter:label1\" content=\"Escrito por\" \/>\n\t<meta name=\"twitter:data1\" content=\"NOTICIASMERCEDINAS.COM\" \/>\n\t<meta name=\"twitter:label2\" content=\"Tiempo de lectura\" \/>\n\t<meta name=\"twitter:data2\" content=\"2 minutos\" \/>\n<script type=\"application\/ld+json\" class=\"yoast-schema-graph\">{\"@context\":\"https:\\\/\\\/schema.org\",\"@graph\":[{\"@type\":\"Article\",\"@id\":\"https:\\\/\\\/noticiasmercedinas.com\\\/site\\\/2023\\\/06\\\/03\\\/gustavo-sano-del-pd-mercedes-junto-a-villarruel-y-milei-por-una-mejor-seguridad\\\/#article\",\"isPartOf\":{\"@id\":\"https:\\\/\\\/noticiasmercedinas.com\\\/site\\\/2023\\\/06\\\/03\\\/gustavo-sano-del-pd-mercedes-junto-a-villarruel-y-milei-por-una-mejor-seguridad\\\/\"},\"author\":{\"name\":\"NOTICIASMERCEDINAS.COM\",\"@id\":\"https:\\\/\\\/noticiasmercedinas.com\\\/site\\\/#\\\/schema\\\/person\\\/84b59c099c28ff2e8b77d4ceec5d8063\"},\"headline\":\"Gustavo San\u00f3, del PD Mercedes, junto a Villarruel y Milei por \u00abuna mejor seguridad\u00bb\",\"datePublished\":\"2023-06-03T21:38:28+00:00\",\"dateModified\":\"2023-06-03T21:41:04+00:00\",\"mainEntityOfPage\":{\"@id\":\"https:\\\/\\\/noticiasmercedinas.com\\\/site\\\/2023\\\/06\\\/03\\\/gustavo-sano-del-pd-mercedes-junto-a-villarruel-y-milei-por-una-mejor-seguridad\\\/\"},\"wordCount\":226,\"publisher\":{\"@id\":\"https:\\\/\\\/noticiasmercedinas.com\\\/site\\\/#organization\"},\"image\":{\"@id\":\"https:\\\/\\\/noticiasmercedinas.com\\\/site\\\/2023\\\/06\\\/03\\\/gustavo-sano-del-pd-mercedes-junto-a-villarruel-y-milei-por-una-mejor-seguridad\\\/#primaryimage\"},\"thumbnailUrl\":\"https:\\\/\\\/noticiasmercedinas.com\\\/site\\\/wp-content\\\/uploads\\\/2023\\\/06\\\/PDSANO.jpg\",\"keywords\":[\"gustavo sano\",\"Javier Milei\",\"partido democrata\",\"Victoria Villarruel\"],\"articleSection\":[\"Politica\"],\"inLanguage\":\"es\"},{\"@type\":\"WebPage\",\"@id\":\"https:\\\/\\\/noticiasmercedinas.com\\\/site\\\/2023\\\/06\\\/03\\\/gustavo-sano-del-pd-mercedes-junto-a-villarruel-y-milei-por-una-mejor-seguridad\\\/\",\"url\":\"https:\\\/\\\/noticiasmercedinas.com\\\/site\\\/2023\\\/06\\\/03\\\/gustavo-sano-del-pd-mercedes-junto-a-villarruel-y-milei-por-una-mejor-seguridad\\\/\",\"name\":\"Gustavo San\u00f3, del PD Mercedes, junto a Villarruel y Milei por \\\"una mejor seguridad\\\"\",\"isPartOf\":{\"@id\":\"https:\\\/\\\/noticiasmercedinas.com\\\/site\\\/#website\"},\"primaryImageOfPage\":{\"@id\":\"https:\\\/\\\/noticiasmercedinas.com\\\/site\\\/2023\\\/06\\\/03\\\/gustavo-sano-del-pd-mercedes-junto-a-villarruel-y-milei-por-una-mejor-seguridad\\\/#primaryimage\"},\"image\":{\"@id\":\"https:\\\/\\\/noticiasmercedinas.com\\\/site\\\/2023\\\/06\\\/03\\\/gustavo-sano-del-pd-mercedes-junto-a-villarruel-y-milei-por-una-mejor-seguridad\\\/#primaryimage\"},\"thumbnailUrl\":\"https:\\\/\\\/noticiasmercedinas.com\\\/site\\\/wp-content\\\/uploads\\\/2023\\\/06\\\/PDSANO.jpg\",\"datePublished\":\"2023-06-03T21:38:28+00:00\",\"dateModified\":\"2023-06-03T21:41:04+00:00\",\"breadcrumb\":{\"@id\":\"https:\\\/\\\/noticiasmercedinas.com\\\/site\\\/2023\\\/06\\\/03\\\/gustavo-sano-del-pd-mercedes-junto-a-villarruel-y-milei-por-una-mejor-seguridad\\\/#breadcrumb\"},\"inLanguage\":\"es\",\"potentialAction\":[{\"@type\":\"ReadAction\",\"target\":[\"https:\\\/\\\/noticiasmercedinas.com\\\/site\\\/2023\\\/06\\\/03\\\/gustavo-sano-del-pd-mercedes-junto-a-villarruel-y-milei-por-una-mejor-seguridad\\\/\"]}]},{\"@type\":\"ImageObject\",\"inLanguage\":\"es\",\"@id\":\"https:\\\/\\\/noticiasmercedinas.com\\\/site\\\/2023\\\/06\\\/03\\\/gustavo-sano-del-pd-mercedes-junto-a-villarruel-y-milei-por-una-mejor-seguridad\\\/#primaryimage\",\"url\":\"https:\\\/\\\/noticiasmercedinas.com\\\/site\\\/wp-content\\\/uploads\\\/2023\\\/06\\\/PDSANO.jpg\",\"contentUrl\":\"https:\\\/\\\/noticiasmercedinas.com\\\/site\\\/wp-content\\\/uploads\\\/2023\\\/06\\\/PDSANO.jpg\",\"width\":640,\"height\":473},{\"@type\":\"BreadcrumbList\",\"@id\":\"https:\\\/\\\/noticiasmercedinas.com\\\/site\\\/2023\\\/06\\\/03\\\/gustavo-sano-del-pd-mercedes-junto-a-villarruel-y-milei-por-una-mejor-seguridad\\\/#breadcrumb\",\"itemListElement\":[{\"@type\":\"ListItem\",\"position\":1,\"name\":\"Portada\",\"item\":\"https:\\\/\\\/noticiasmercedinas.com\\\/site\\\/\"},{\"@type\":\"ListItem\",\"position\":2,\"name\":\"Gustavo San\u00f3, del PD Mercedes, junto a Villarruel y Milei por \u00abuna mejor seguridad\u00bb\"}]},{\"@type\":\"WebSite\",\"@id\":\"https:\\\/\\\/noticiasmercedinas.com\\\/site\\\/#website\",\"url\":\"https:\\\/\\\/noticiasmercedinas.com\\\/site\\\/\",\"name\":\"NOTICIASMERCEDINAS.COM\",\"description\":\"Mercedes, Buenos Aires, Argentina\",\"publisher\":{\"@id\":\"https:\\\/\\\/noticiasmercedinas.com\\\/site\\\/#organization\"},\"potentialAction\":[{\"@type\":\"SearchAction\",\"target\":{\"@type\":\"EntryPoint\",\"urlTemplate\":\"https:\\\/\\\/noticiasmercedinas.com\\\/site\\\/?s={search_term_string}\"},\"query-input\":{\"@type\":\"PropertyValueSpecification\",\"valueRequired\":true,\"valueName\":\"search_term_string\"}}],\"inLanguage\":\"es\"},{\"@type\":\"Organization\",\"@id\":\"https:\\\/\\\/noticiasmercedinas.com\\\/site\\\/#organization\",\"name\":\"NOTICIASMERCEDINAS.COM\",\"url\":\"https:\\\/\\\/noticiasmercedinas.com\\\/site\\\/\",\"logo\":{\"@type\":\"ImageObject\",\"inLanguage\":\"es\",\"@id\":\"https:\\\/\\\/noticiasmercedinas.com\\\/site\\\/#\\\/schema\\\/logo\\\/image\\\/\",\"url\":\"https:\\\/\\\/noticiasmercedinas.com\\\/site\\\/wp-content\\\/uploads\\\/2020\\\/06\\\/LOGO-512.jpg\",\"contentUrl\":\"https:\\\/\\\/noticiasmercedinas.com\\\/site\\\/wp-content\\\/uploads\\\/2020\\\/06\\\/LOGO-512.jpg\",\"width\":512,\"height\":512,\"caption\":\"NOTICIASMERCEDINAS.COM\"},\"image\":{\"@id\":\"https:\\\/\\\/noticiasmercedinas.com\\\/site\\\/#\\\/schema\\\/logo\\\/image\\\/\"},\"sameAs\":[\"https:\\\/\\\/www.facebook.com\\\/noticiasmercedinas\\\/\",\"https:\\\/\\\/x.com\\\/notmercedinas\",\"https:\\\/\\\/www.instagram.com\\\/noticiasmercedinas\\\/\"]},{\"@type\":\"Person\",\"@id\":\"https:\\\/\\\/noticiasmercedinas.com\\\/site\\\/#\\\/schema\\\/person\\\/84b59c099c28ff2e8b77d4ceec5d8063\",\"name\":\"NOTICIASMERCEDINAS.COM\",\"image\":{\"@type\":\"ImageObject\",\"inLanguage\":\"es\",\"@id\":\"https:\\\/\\\/secure.gravatar.com\\\/avatar\\\/4dfbf16b4d17945bfb6341b2d19043457132fcf478a5ee04f42e959fd8f5df0a?s=96&d=mm&r=g\",\"url\":\"https:\\\/\\\/secure.gravatar.com\\\/avatar\\\/4dfbf16b4d17945bfb6341b2d19043457132fcf478a5ee04f42e959fd8f5df0a?s=96&d=mm&r=g\",\"contentUrl\":\"https:\\\/\\\/secure.gravatar.com\\\/avatar\\\/4dfbf16b4d17945bfb6341b2d19043457132fcf478a5ee04f42e959fd8f5df0a?s=96&d=mm&r=g\",\"caption\":\"NOTICIASMERCEDINAS.COM\"},\"url\":\"https:\\\/\\\/noticiasmercedinas.com\\\/site\\\/author\\\/anonimo\\\/\"}]}<\/script>\n<!-- \/ Yoast SEO plugin. -->","yoast_head_json":{"title":"Gustavo San\u00f3, del PD Mercedes, junto a Villarruel y Milei por \"una mejor seguridad\"","robots":{"index":"index","follow":"follow","max-snippet":"max-snippet:-1","max-image-preview":"max-image-preview:large","max-video-preview":"max-video-preview:-1"},"canonical":"https:\/\/noticiasmercedinas.com\/site\/2023\/06\/03\/gustavo-sano-del-pd-mercedes-junto-a-villarruel-y-milei-por-una-mejor-seguridad\/","og_locale":"es_ES","og_type":"article","og_title":"Gustavo San\u00f3, del PD Mercedes, junto a Villarruel y Milei por \"una mejor seguridad\"","og_description":"\u25a0 El referente del Partido Dem\u00f3crata de Mercedes estuvo en el \u00faltimo encuentro con la Diputada, quien recientemente fue seleccionada como candidata a vicepresidente.","og_url":"https:\/\/noticiasmercedinas.com\/site\/2023\/06\/03\/gustavo-sano-del-pd-mercedes-junto-a-villarruel-y-milei-por-una-mejor-seguridad\/","og_site_name":"NOTICIASMERCEDINAS.COM","article_publisher":"https:\/\/www.facebook.com\/noticiasmercedinas\/","article_published_time":"2023-06-03T21:38:28+00:00","article_modified_time":"2023-06-03T21:41:04+00:00","og_image":[{"width":640,"height":473,"url":"https:\/\/noticiasmercedinas.com\/site\/wp-content\/uploads\/2023\/06\/PDSANO.jpg","type":"image\/jpeg"}],"author":"NOTICIASMERCEDINAS.COM","twitter_card":"summary_large_image","twitter_creator":"@notmercedinas","twitter_site":"@notmercedinas","twitter_misc":{"Escrito por":"NOTICIASMERCEDINAS.COM","Tiempo de lectura":"2 minutos"},"schema":{"@context":"https:\/\/schema.org","@graph":[{"@type":"Article","@id":"https:\/\/noticiasmercedinas.com\/site\/2023\/06\/03\/gustavo-sano-del-pd-mercedes-junto-a-villarruel-y-milei-por-una-mejor-seguridad\/#article","isPartOf":{"@id":"https:\/\/noticiasmercedinas.com\/site\/2023\/06\/03\/gustavo-sano-del-pd-mercedes-junto-a-villarruel-y-milei-por-una-mejor-seguridad\/"},"author":{"name":"NOTICIASMERCEDINAS.COM","@id":"https:\/\/noticiasmercedinas.com\/site\/#\/schema\/person\/84b59c099c28ff2e8b77d4ceec5d8063"},"headline":"Gustavo San\u00f3, del PD Mercedes, junto a Villarruel y Milei por \u00abuna mejor seguridad\u00bb","datePublished":"2023-06-03T21:38:28+00:00","dateModified":"2023-06-03T21:41:04+00:00","mainEntityOfPage":{"@id":"https:\/\/noticiasmercedinas.com\/site\/2023\/06\/03\/gustavo-sano-del-pd-mercedes-junto-a-villarruel-y-milei-por-una-mejor-seguridad\/"},"wordCount":226,"publisher":{"@id":"https:\/\/noticiasmercedinas.com\/site\/#organization"},"image":{"@id":"https:\/\/noticiasmercedinas.com\/site\/2023\/06\/03\/gustavo-sano-del-pd-mercedes-junto-a-villarruel-y-milei-por-una-mejor-seguridad\/#primaryimage"},"thumbnailUrl":"https:\/\/noticiasmercedinas.com\/site\/wp-content\/uploads\/2023\/06\/PDSANO.jpg","keywords":["gustavo sano","Javier Milei","partido democrata","Victoria Villarruel"],"articleSection":["Politica"],"inLanguage":"es"},{"@type":"WebPage","@id":"https:\/\/noticiasmercedinas.com\/site\/2023\/06\/03\/gustavo-sano-del-pd-mercedes-junto-a-villarruel-y-milei-por-una-mejor-seguridad\/","url":"https:\/\/noticiasmercedinas.com\/site\/2023\/06\/03\/gustavo-sano-del-pd-mercedes-junto-a-villarruel-y-milei-por-una-mejor-seguridad\/","name":"Gustavo San\u00f3, del PD Mercedes, junto a Villarruel y Milei por \"una mejor seguridad\"","isPartOf":{"@id":"https:\/\/noticiasmercedinas.com\/site\/#website"},"primaryImageOfPage":{"@id":"https:\/\/noticiasmercedinas.com\/site\/2023\/06\/03\/gustavo-sano-del-pd-mercedes-junto-a-villarruel-y-milei-por-una-mejor-seguridad\/#primaryimage"},"image":{"@id":"https:\/\/noticiasmercedinas.com\/site\/2023\/06\/03\/gustavo-sano-del-pd-mercedes-junto-a-villarruel-y-milei-por-una-mejor-seguridad\/#primaryimage"},"thumbnailUrl":"https:\/\/noticiasmercedinas.com\/site\/wp-content\/uploads\/2023\/06\/PDSANO.jpg","datePublished":"2023-06-03T21:38:28+00:00","dateModified":"2023-06-03T21:41:04+00:00","breadcrumb":{"@id":"https:\/\/noticiasmercedinas.com\/site\/2023\/06\/03\/gustavo-sano-del-pd-mercedes-junto-a-villarruel-y-milei-por-una-mejor-seguridad\/#breadcrumb"},"inLanguage":"es","potentialAction":[{"@type":"ReadAction","target":["https:\/\/noticiasmercedinas.com\/site\/2023\/06\/03\/gustavo-sano-del-pd-mercedes-junto-a-villarruel-y-milei-por-una-mejor-seguridad\/"]}]},{"@type":"ImageObject","inLanguage":"es","@id":"https:\/\/noticiasmercedinas.com\/site\/2023\/06\/03\/gustavo-sano-del-pd-mercedes-junto-a-villarruel-y-milei-por-una-mejor-seguridad\/#primaryimage","url":"https:\/\/noticiasmercedinas.com\/site\/wp-content\/uploads\/2023\/06\/PDSANO.jpg","contentUrl":"https:\/\/noticiasmercedinas.com\/site\/wp-content\/uploads\/2023\/06\/PDSANO.jpg","width":640,"height":473},{"@type":"BreadcrumbList","@id":"https:\/\/noticiasmercedinas.com\/site\/2023\/06\/03\/gustavo-sano-del-pd-mercedes-junto-a-villarruel-y-milei-por-una-mejor-seguridad\/#breadcrumb","itemListElement":[{"@type":"ListItem","position":1,"name":"Portada","item":"https:\/\/noticiasmercedinas.com\/site\/"},{"@type":"ListItem","position":2,"name":"Gustavo San\u00f3, del PD Mercedes, junto a Villarruel y Milei por \u00abuna mejor seguridad\u00bb"}]},{"@type":"WebSite","@id":"https:\/\/noticiasmercedinas.com\/site\/#website","url":"https:\/\/noticiasmercedinas.com\/site\/","name":"NOTICIASMERCEDINAS.COM","description":"Mercedes, Buenos Aires, Argentina","publisher":{"@id":"https:\/\/noticiasmercedinas.com\/site\/#organization"},"potentialAction":[{"@type":"SearchAction","target":{"@type":"EntryPoint","urlTemplate":"https:\/\/noticiasmercedinas.com\/site\/?s={search_term_string}"},"query-input":{"@type":"PropertyValueSpecification","valueRequired":true,"valueName":"search_term_string"}}],"inLanguage":"es"},{"@type":"Organization","@id":"https:\/\/noticiasmercedinas.com\/site\/#organization","name":"NOTICIASMERCEDINAS.COM","url":"https:\/\/noticiasmercedinas.com\/site\/","logo":{"@type":"ImageObject","inLanguage":"es","@id":"https:\/\/noticiasmercedinas.com\/site\/#\/schema\/logo\/image\/","url":"https:\/\/noticiasmercedinas.com\/site\/wp-content\/uploads\/2020\/06\/LOGO-512.jpg","contentUrl":"https:\/\/noticiasmercedinas.com\/site\/wp-content\/uploads\/2020\/06\/LOGO-512.jpg","width":512,"height":512,"caption":"NOTICIASMERCEDINAS.COM"},"image":{"@id":"https:\/\/noticiasmercedinas.com\/site\/#\/schema\/logo\/image\/"},"sameAs":["https:\/\/www.facebook.com\/noticiasmercedinas\/","https:\/\/x.com\/notmercedinas","https:\/\/www.instagram.com\/noticiasmercedinas\/"]},{"@type":"Person","@id":"https:\/\/noticiasmercedinas.com\/site\/#\/schema\/person\/84b59c099c28ff2e8b77d4ceec5d8063","name":"NOTICIASMERCEDINAS.COM","image":{"@type":"ImageObject","inLanguage":"es","@id":"https:\/\/secure.gravatar.com\/avatar\/4dfbf16b4d17945bfb6341b2d19043457132fcf478a5ee04f42e959fd8f5df0a?s=96&d=mm&r=g","url":"https:\/\/secure.gravatar.com\/avatar\/4dfbf16b4d17945bfb6341b2d19043457132fcf478a5ee04f42e959fd8f5df0a?s=96&d=mm&r=g","contentUrl":"https:\/\/secure.gravatar.com\/avatar\/4dfbf16b4d17945bfb6341b2d19043457132fcf478a5ee04f42e959fd8f5df0a?s=96&d=mm&r=g","caption":"NOTICIASMERCEDINAS.COM"},"url":"https:\/\/noticiasmercedinas.com\/site\/author\/anonimo\/"}]}},"amp_enabled":true,"_links":{"self":[{"href":"https:\/\/noticiasmercedinas.com\/site\/wp-json\/wp\/v2\/posts\/116271","targetHints":{"allow":["GET"]}}],"collection":[{"href":"https:\/\/noticiasmercedinas.com\/site\/wp-json\/wp\/v2\/posts"}],"about":[{"href":"https:\/\/noticiasmercedinas.com\/site\/wp-json\/wp\/v2\/types\/post"}],"author":[{"embeddable":true,"href":"https:\/\/noticiasmercedinas.com\/site\/wp-json\/wp\/v2\/users\/16"}],"replies":[{"embeddable":true,"href":"https:\/\/noticiasmercedinas.com\/site\/wp-json\/wp\/v2\/comments?post=116271"}],"version-history":[{"count":2,"href":"https:\/\/noticiasmercedinas.com\/site\/wp-json\/wp\/v2\/posts\/116271\/revisions"}],"predecessor-version":[{"id":116277,"href":"https:\/\/noticiasmercedinas.com\/site\/wp-json\/wp\/v2\/posts\/116271\/revisions\/116277"}],"wp:featuredmedia":[{"embeddable":true,"href":"https:\/\/noticiasmercedinas.com\/site\/wp-json\/wp\/v2\/media\/116275"}],"wp:attachment":[{"href":"https:\/\/noticiasmercedinas.com\/site\/wp-json\/wp\/v2\/media?parent=116271"}],"wp:term":[{"taxonomy":"category","embeddable":true,"href":"https:\/\/noticiasmercedinas.com\/site\/wp-json\/wp\/v2\/categories?post=116271"},{"taxonomy":"post_tag","embeddable":true,"href":"https:\/\/noticiasmercedinas.com\/site\/wp-json\/wp\/v2\/tags?post=116271"}],"curies":[{"name":"wp","href":"https:\/\/api.w.org\/{rel}","templated":true}]}}