{"id":116289,"date":"2023-06-03T20:06:25","date_gmt":"2023-06-03T23:06:25","guid":{"rendered":"https:\/\/noticiasmercedinas.com\/site\/?p=116289"},"modified":"2023-06-03T20:06:25","modified_gmt":"2023-06-03T23:06:25","slug":"empate-por-lo-que-genero-cada-uno","status":"publish","type":"post","link":"https:\/\/noticiasmercedinas.com\/site\/2023\/06\/03\/empate-por-lo-que-genero-cada-uno\/","title":{"rendered":"Empate por lo que gener\u00f3 cada uno"},"content":{"rendered":"<figure id=\"attachment_116291\" aria-describedby=\"caption-attachment-116291\" style=\"width: 640px\" class=\"wp-caption alignnone\"><img loading=\"lazy\" decoding=\"async\" class=\"wp-image-116291 size-full\" src=\"https:\/\/noticiasmercedinas.com\/site\/wp-content\/uploads\/2023\/06\/IMG_6842.jpg\" alt=\"\" width=\"640\" height=\"427\" srcset=\"https:\/\/noticiasmercedinas.com\/site\/wp-content\/uploads\/2023\/06\/IMG_6842.jpg 640w, https:\/\/noticiasmercedinas.com\/site\/wp-content\/uploads\/2023\/06\/IMG_6842-300x200.jpg 300w\" sizes=\"auto, (max-width: 640px) 100vw, 640px\" \/><figcaption id=\"caption-attachment-116291\" class=\"wp-caption-text\">Rodr\u00edguez busca ganar la pelota a la carrera.<\/figcaption><\/figure>\n<p>Este s\u00e1bado 3 de junio se puso en marcha el Segundo Torneo de la Primera D de la AFA, jug\u00e1ndose tres de los cincos partidos de la primera fecha. Uno de ellos tuvo a Club Mercedes y Argentino de Rosario en cancha de la Liga, que no tuvo un gran acompa\u00f1amiento de p\u00fablico en medio de un d\u00eda repleto de actividad deportiva en la ciudad y los alrededores. Quiz\u00e1s ese sea el motivo de que no llegaran tantos hinchas en H\u00e9roes de Malvinas y 68.<\/p>\n<p>De f\u00fatbol muy poco para destacar de los primeros 45\u2019, un intento de ser dominador de Mercedes en el inicio que se apag\u00f3 y luego alg\u00fan ensayo de Argentino que no llev\u00f3 riesgo al \u00e1rea local. Lo dem\u00e1s fueron imprecisiones, se prestaron la pelota y reci\u00e9n en la agon\u00eda de la primera parte los de Rosario estuvieron muy cerca de marcar con Molina, Boragno le tap\u00f3 el remate, la redonda dio en el palo y rechaz\u00f3 Juan Pedro Gatti para perder el gol en el rebote Giagnoro.<\/p>\n<p>El volumen de juego creci\u00f3 en la segunda mitad, Mercedes apost\u00f3 a m\u00e1s, tuvo buena labor de los hombres de la mitad de la cancha para empezar a arrinconar al rival. \u00a0En 15\u2019 luego de un centro de Francio Gatti se anticip\u00f3 a la salida Fern\u00e1ndez el delantero Menseguez para marcar de cabeza, 1 a 0.\u00a0 Cerca de ampliar estuvo Chaparro, parec\u00eda ser la tarde de los de Walter D\u00edaz que manejaban el partido. Aunque Argentino tendr\u00eda poder de reacci\u00f3n.<\/p>\n<p>La pelota parada fue bien aprovechada y de cabeza Yaszczuk llev\u00f3 el resultado al 1 a 1 en 28\u2019. En algo m\u00e1s de 15\u2019 pudo ser para cualquiera de los dos, teniendo gran protagonismo los arqueros, justo empate para extender una serie de resultados donde Argentino no ha logrado ganarle a Club Mercedes. Se registran dos empates (2-2 y 11-) m\u00e1s dos victorias en Rosario (0-1 y 2-4). Lo que viene para el \u201cBlanquinegro\u201d es quedar libre y en la tercera fecha recibe a Central Ballester.<\/p>\n<p><strong>Club Mercedes 1:<\/strong> Gonzalo Boragno, Juan Pedro Gatti, Blas De los Santos, Alexis Grzesiak, Laureano Torres, Domingo de Paola, Franco Gatti, Mat\u00edas L\u00f3pez, Nahuel Menseguez, Ignacio Rodr\u00edguez y Tom\u00e1s Chaparro. <strong>DT:<\/strong> Walter D\u00edaz. <strong>Relevos:<\/strong>\u00a0 Rodrigo Nicasio, Rodrigo Scarnatto y Genaro S\u00e1nchez Olmos.<\/p>\n<p><strong>Argentino (Rosario) 1:<\/strong> Gast\u00f3n Fern\u00e1ndez, M\u00e1ximo Levrand, Franco Dur\u00e9, Mateo Yaszczuk, Facundo Garc\u00eda, Diego Ram\u00edrez, Emiliano Fern\u00e1ndez, Nelson Avalos, Lucas Molina, Sebasti\u00e1n Pe\u00f1aloza y Bruno Giagnoro. <strong>DT:<\/strong> Leonardo Acoglanis. <strong>Relevos:<\/strong> Franco Ruslender y Tom\u00e1s Binelli.<br \/>\n<strong><br \/>\nGoles en el ST: <\/strong>A los\u00a0 15\u2019 Menseguez para Mercedes y a los 28\u2019 Yaszczuk para Argentino. <strong><br \/>\nCambios: <\/strong>\u00a0Santiago Romagnoli por F. Gatti, Franco Cruz por Rodr\u00edguez, Nicol\u00e1s Mart\u00ednez por Grzesiak y El\u00edas Vel\u00e1zquez por Menseguez en Club Mercedes.\u00a0 Mauro Adam por Dur\u00e9, Jorge Ben\u00edtez por Giagnoro, Franco Mi\u00f1o por Pe\u00f1aloza, Gianluca Barchiesi por Avalo y Rodrigo Gonz\u00e1lez por Molina en Argentino.<strong><br \/>\n\u00c1rbitro:<\/strong> Diego Torres.<\/p>\n<p><strong>Resultados<\/strong><br \/>\n<strong>Lugano 2:<\/strong> Mateo Tarrio y Francisco Recalde.<br \/>\n<strong>Recreativo Espa\u00f1ol 2:<\/strong> Mart\u00edn Ruiz y Ezequiel Gayoso.<\/p>\n<p><strong>Central Ballester 0.<br \/>\nJuventud Unida 1: <\/strong>Nicol\u00e1s Alvarez.<\/p>\n<p><strong>Lunes 5 (va por DeporTV)<br \/>\nCancha:<\/strong> Deportivo Mor\u00f3n.<br \/>\nA las 15.30 Sportivo Barracas vs. Deportivo Paraguayo.<br \/>\n<strong>\u00c1rbitro:<\/strong> Mart\u00edn Morenza.<\/p>\n<p><strong>Cancha:<\/strong> Atlas.<br \/>\nA las 15.30 Mu\u00f1iz vs. El Porvenir<br \/>\n<strong>\u00c1rbitro:<\/strong> Axel Pogge.<\/p>\n<p><strong>Pr\u00f3xima fecha<\/strong><br \/>\nArgentino vs. Central Ballester.<br \/>\nJuventud Unida vs. Sportivo Barracas.<br \/>\nDeportivo paraguayo vs. Lugano.<br \/>\nCentro Espa\u00f1ol vs. Deportivo Mu\u00f1iz.<br \/>\nEl Porvenir vs. Defensores de Cambaceres.<br \/>\n<strong>Libre:<\/strong> Club Mercedes.<\/p>\n","protected":false},"excerpt":{"rendered":"<p>\u25a0  Luego de un flojo primer tiempo sin goles abri\u00f3 la cuenta Menseguez de cabeza en el complemento. La pelota parada fue el arma de Argentino de Rosario que logr\u00f3 el 1 a 1. En la venidera fecha el \u201cBlanquinegro\u201d quedar\u00e1 libre.<\/p>\n","protected":false},"author":6,"featured_media":116291,"comment_status":"closed","ping_status":"closed","sticky":false,"template":"","format":"standard","meta":{"footnotes":""},"categories":[5],"tags":[6424,14602,135,11935],"class_list":["post-116289","post","type-post","status-publish","format-standard","has-post-thumbnail","hentry","category-deportes","tag-afa","tag-argentino-de-rosario","tag-club-mercedes","tag-primera-d"],"yoast_head":"<!-- This site is optimized with the Yoast SEO plugin v27.5 - https:\/\/yoast.com\/product\/yoast-seo-wordpress\/ -->\n<title>Empate por lo que gener\u00f3 cada uno<\/title>\n<meta name=\"robots\" content=\"index, follow, max-snippet:-1, max-image-preview:large, max-video-preview:-1\" \/>\n<link rel=\"canonical\" href=\"https:\/\/noticiasmercedinas.com\/site\/2023\/06\/03\/empate-por-lo-que-genero-cada-uno\/\" \/>\n<meta property=\"og:locale\" content=\"es_ES\" \/>\n<meta property=\"og:type\" content=\"article\" \/>\n<meta property=\"og:title\" content=\"Empate por lo que gener\u00f3 cada uno\" \/>\n<meta property=\"og:description\" content=\"\u25a0 Luego de un flojo primer tiempo sin goles abri\u00f3 la cuenta Menseguez de cabeza en el complemento. La pelota parada fue el arma de Argentino de Rosario que logr\u00f3 el 1 a 1. En la venidera fecha el \u201cBlanquinegro\u201d quedar\u00e1 libre.\" \/>\n<meta property=\"og:url\" content=\"https:\/\/noticiasmercedinas.com\/site\/2023\/06\/03\/empate-por-lo-que-genero-cada-uno\/\" \/>\n<meta property=\"og:site_name\" content=\"NOTICIASMERCEDINAS.COM\" \/>\n<meta property=\"article:publisher\" content=\"https:\/\/www.facebook.com\/noticiasmercedinas\/\" \/>\n<meta property=\"article:published_time\" content=\"2023-06-03T23:06:25+00:00\" \/>\n<meta property=\"og:image\" content=\"https:\/\/noticiasmercedinas.com\/site\/wp-content\/uploads\/2023\/06\/IMG_6842.jpg\" \/>\n\t<meta property=\"og:image:width\" content=\"640\" \/>\n\t<meta property=\"og:image:height\" content=\"427\" \/>\n\t<meta property=\"og:image:type\" content=\"image\/jpeg\" \/>\n<meta name=\"author\" content=\"Juan Dagnino NOTICIASMERCEDINAS.COM\" \/>\n<meta name=\"twitter:card\" content=\"summary_large_image\" \/>\n<meta name=\"twitter:creator\" content=\"@notmercedinas\" \/>\n<meta name=\"twitter:site\" content=\"@notmercedinas\" \/>\n<meta name=\"twitter:label1\" content=\"Escrito por\" \/>\n\t<meta name=\"twitter:data1\" content=\"Juan Dagnino NOTICIASMERCEDINAS.COM\" \/>\n\t<meta name=\"twitter:label2\" content=\"Tiempo de lectura\" \/>\n\t<meta name=\"twitter:data2\" content=\"3 minutos\" \/>\n<script type=\"application\/ld+json\" class=\"yoast-schema-graph\">{\"@context\":\"https:\\\/\\\/schema.org\",\"@graph\":[{\"@type\":\"Article\",\"@id\":\"https:\\\/\\\/noticiasmercedinas.com\\\/site\\\/2023\\\/06\\\/03\\\/empate-por-lo-que-genero-cada-uno\\\/#article\",\"isPartOf\":{\"@id\":\"https:\\\/\\\/noticiasmercedinas.com\\\/site\\\/2023\\\/06\\\/03\\\/empate-por-lo-que-genero-cada-uno\\\/\"},\"author\":{\"name\":\"Juan Dagnino NOTICIASMERCEDINAS.COM\",\"@id\":\"https:\\\/\\\/noticiasmercedinas.com\\\/site\\\/#\\\/schema\\\/person\\\/8f2f09d666ef40986eba4a5e6f2a06f9\"},\"headline\":\"Empate por lo que gener\u00f3 cada uno\",\"datePublished\":\"2023-06-03T23:06:25+00:00\",\"mainEntityOfPage\":{\"@id\":\"https:\\\/\\\/noticiasmercedinas.com\\\/site\\\/2023\\\/06\\\/03\\\/empate-por-lo-que-genero-cada-uno\\\/\"},\"wordCount\":619,\"publisher\":{\"@id\":\"https:\\\/\\\/noticiasmercedinas.com\\\/site\\\/#organization\"},\"image\":{\"@id\":\"https:\\\/\\\/noticiasmercedinas.com\\\/site\\\/2023\\\/06\\\/03\\\/empate-por-lo-que-genero-cada-uno\\\/#primaryimage\"},\"thumbnailUrl\":\"https:\\\/\\\/noticiasmercedinas.com\\\/site\\\/wp-content\\\/uploads\\\/2023\\\/06\\\/IMG_6842.jpg\",\"keywords\":[\"AFA\",\"Argentino de Rosario\",\"club mercedes\",\"Primera D\"],\"articleSection\":[\"Deportes\"],\"inLanguage\":\"es\"},{\"@type\":\"WebPage\",\"@id\":\"https:\\\/\\\/noticiasmercedinas.com\\\/site\\\/2023\\\/06\\\/03\\\/empate-por-lo-que-genero-cada-uno\\\/\",\"url\":\"https:\\\/\\\/noticiasmercedinas.com\\\/site\\\/2023\\\/06\\\/03\\\/empate-por-lo-que-genero-cada-uno\\\/\",\"name\":\"Empate por lo que gener\u00f3 cada uno\",\"isPartOf\":{\"@id\":\"https:\\\/\\\/noticiasmercedinas.com\\\/site\\\/#website\"},\"primaryImageOfPage\":{\"@id\":\"https:\\\/\\\/noticiasmercedinas.com\\\/site\\\/2023\\\/06\\\/03\\\/empate-por-lo-que-genero-cada-uno\\\/#primaryimage\"},\"image\":{\"@id\":\"https:\\\/\\\/noticiasmercedinas.com\\\/site\\\/2023\\\/06\\\/03\\\/empate-por-lo-que-genero-cada-uno\\\/#primaryimage\"},\"thumbnailUrl\":\"https:\\\/\\\/noticiasmercedinas.com\\\/site\\\/wp-content\\\/uploads\\\/2023\\\/06\\\/IMG_6842.jpg\",\"datePublished\":\"2023-06-03T23:06:25+00:00\",\"breadcrumb\":{\"@id\":\"https:\\\/\\\/noticiasmercedinas.com\\\/site\\\/2023\\\/06\\\/03\\\/empate-por-lo-que-genero-cada-uno\\\/#breadcrumb\"},\"inLanguage\":\"es\",\"potentialAction\":[{\"@type\":\"ReadAction\",\"target\":[\"https:\\\/\\\/noticiasmercedinas.com\\\/site\\\/2023\\\/06\\\/03\\\/empate-por-lo-que-genero-cada-uno\\\/\"]}]},{\"@type\":\"ImageObject\",\"inLanguage\":\"es\",\"@id\":\"https:\\\/\\\/noticiasmercedinas.com\\\/site\\\/2023\\\/06\\\/03\\\/empate-por-lo-que-genero-cada-uno\\\/#primaryimage\",\"url\":\"https:\\\/\\\/noticiasmercedinas.com\\\/site\\\/wp-content\\\/uploads\\\/2023\\\/06\\\/IMG_6842.jpg\",\"contentUrl\":\"https:\\\/\\\/noticiasmercedinas.com\\\/site\\\/wp-content\\\/uploads\\\/2023\\\/06\\\/IMG_6842.jpg\",\"width\":640,\"height\":427},{\"@type\":\"BreadcrumbList\",\"@id\":\"https:\\\/\\\/noticiasmercedinas.com\\\/site\\\/2023\\\/06\\\/03\\\/empate-por-lo-que-genero-cada-uno\\\/#breadcrumb\",\"itemListElement\":[{\"@type\":\"ListItem\",\"position\":1,\"name\":\"Portada\",\"item\":\"https:\\\/\\\/noticiasmercedinas.com\\\/site\\\/\"},{\"@type\":\"ListItem\",\"position\":2,\"name\":\"Empate por lo que gener\u00f3 cada uno\"}]},{\"@type\":\"WebSite\",\"@id\":\"https:\\\/\\\/noticiasmercedinas.com\\\/site\\\/#website\",\"url\":\"https:\\\/\\\/noticiasmercedinas.com\\\/site\\\/\",\"name\":\"NOTICIASMERCEDINAS.COM\",\"description\":\"Mercedes, Buenos Aires, Argentina\",\"publisher\":{\"@id\":\"https:\\\/\\\/noticiasmercedinas.com\\\/site\\\/#organization\"},\"potentialAction\":[{\"@type\":\"SearchAction\",\"target\":{\"@type\":\"EntryPoint\",\"urlTemplate\":\"https:\\\/\\\/noticiasmercedinas.com\\\/site\\\/?s={search_term_string}\"},\"query-input\":{\"@type\":\"PropertyValueSpecification\",\"valueRequired\":true,\"valueName\":\"search_term_string\"}}],\"inLanguage\":\"es\"},{\"@type\":\"Organization\",\"@id\":\"https:\\\/\\\/noticiasmercedinas.com\\\/site\\\/#organization\",\"name\":\"NOTICIASMERCEDINAS.COM\",\"url\":\"https:\\\/\\\/noticiasmercedinas.com\\\/site\\\/\",\"logo\":{\"@type\":\"ImageObject\",\"inLanguage\":\"es\",\"@id\":\"https:\\\/\\\/noticiasmercedinas.com\\\/site\\\/#\\\/schema\\\/logo\\\/image\\\/\",\"url\":\"https:\\\/\\\/noticiasmercedinas.com\\\/site\\\/wp-content\\\/uploads\\\/2020\\\/06\\\/LOGO-512.jpg\",\"contentUrl\":\"https:\\\/\\\/noticiasmercedinas.com\\\/site\\\/wp-content\\\/uploads\\\/2020\\\/06\\\/LOGO-512.jpg\",\"width\":512,\"height\":512,\"caption\":\"NOTICIASMERCEDINAS.COM\"},\"image\":{\"@id\":\"https:\\\/\\\/noticiasmercedinas.com\\\/site\\\/#\\\/schema\\\/logo\\\/image\\\/\"},\"sameAs\":[\"https:\\\/\\\/www.facebook.com\\\/noticiasmercedinas\\\/\",\"https:\\\/\\\/x.com\\\/notmercedinas\",\"https:\\\/\\\/www.instagram.com\\\/noticiasmercedinas\\\/\"]},{\"@type\":\"Person\",\"@id\":\"https:\\\/\\\/noticiasmercedinas.com\\\/site\\\/#\\\/schema\\\/person\\\/8f2f09d666ef40986eba4a5e6f2a06f9\",\"name\":\"Juan Dagnino NOTICIASMERCEDINAS.COM\",\"image\":{\"@type\":\"ImageObject\",\"inLanguage\":\"es\",\"@id\":\"https:\\\/\\\/secure.gravatar.com\\\/avatar\\\/fc7059a769f5a3cae65fadb228a3e4accf3a64b4b2305020d0a27e6d5333c91b?s=96&d=mm&r=g\",\"url\":\"https:\\\/\\\/secure.gravatar.com\\\/avatar\\\/fc7059a769f5a3cae65fadb228a3e4accf3a64b4b2305020d0a27e6d5333c91b?s=96&d=mm&r=g\",\"contentUrl\":\"https:\\\/\\\/secure.gravatar.com\\\/avatar\\\/fc7059a769f5a3cae65fadb228a3e4accf3a64b4b2305020d0a27e6d5333c91b?s=96&d=mm&r=g\",\"caption\":\"Juan Dagnino NOTICIASMERCEDINAS.COM\"},\"url\":\"https:\\\/\\\/noticiasmercedinas.com\\\/site\\\/author\\\/juandagnino\\\/\"}]}<\/script>\n<!-- \/ Yoast SEO plugin. -->","yoast_head_json":{"title":"Empate por lo que gener\u00f3 cada uno","robots":{"index":"index","follow":"follow","max-snippet":"max-snippet:-1","max-image-preview":"max-image-preview:large","max-video-preview":"max-video-preview:-1"},"canonical":"https:\/\/noticiasmercedinas.com\/site\/2023\/06\/03\/empate-por-lo-que-genero-cada-uno\/","og_locale":"es_ES","og_type":"article","og_title":"Empate por lo que gener\u00f3 cada uno","og_description":"\u25a0 Luego de un flojo primer tiempo sin goles abri\u00f3 la cuenta Menseguez de cabeza en el complemento. La pelota parada fue el arma de Argentino de Rosario que logr\u00f3 el 1 a 1. En la venidera fecha el \u201cBlanquinegro\u201d quedar\u00e1 libre.","og_url":"https:\/\/noticiasmercedinas.com\/site\/2023\/06\/03\/empate-por-lo-que-genero-cada-uno\/","og_site_name":"NOTICIASMERCEDINAS.COM","article_publisher":"https:\/\/www.facebook.com\/noticiasmercedinas\/","article_published_time":"2023-06-03T23:06:25+00:00","og_image":[{"width":640,"height":427,"url":"https:\/\/noticiasmercedinas.com\/site\/wp-content\/uploads\/2023\/06\/IMG_6842.jpg","type":"image\/jpeg"}],"author":"Juan Dagnino NOTICIASMERCEDINAS.COM","twitter_card":"summary_large_image","twitter_creator":"@notmercedinas","twitter_site":"@notmercedinas","twitter_misc":{"Escrito por":"Juan Dagnino NOTICIASMERCEDINAS.COM","Tiempo de lectura":"3 minutos"},"schema":{"@context":"https:\/\/schema.org","@graph":[{"@type":"Article","@id":"https:\/\/noticiasmercedinas.com\/site\/2023\/06\/03\/empate-por-lo-que-genero-cada-uno\/#article","isPartOf":{"@id":"https:\/\/noticiasmercedinas.com\/site\/2023\/06\/03\/empate-por-lo-que-genero-cada-uno\/"},"author":{"name":"Juan Dagnino NOTICIASMERCEDINAS.COM","@id":"https:\/\/noticiasmercedinas.com\/site\/#\/schema\/person\/8f2f09d666ef40986eba4a5e6f2a06f9"},"headline":"Empate por lo que gener\u00f3 cada uno","datePublished":"2023-06-03T23:06:25+00:00","mainEntityOfPage":{"@id":"https:\/\/noticiasmercedinas.com\/site\/2023\/06\/03\/empate-por-lo-que-genero-cada-uno\/"},"wordCount":619,"publisher":{"@id":"https:\/\/noticiasmercedinas.com\/site\/#organization"},"image":{"@id":"https:\/\/noticiasmercedinas.com\/site\/2023\/06\/03\/empate-por-lo-que-genero-cada-uno\/#primaryimage"},"thumbnailUrl":"https:\/\/noticiasmercedinas.com\/site\/wp-content\/uploads\/2023\/06\/IMG_6842.jpg","keywords":["AFA","Argentino de Rosario","club mercedes","Primera D"],"articleSection":["Deportes"],"inLanguage":"es"},{"@type":"WebPage","@id":"https:\/\/noticiasmercedinas.com\/site\/2023\/06\/03\/empate-por-lo-que-genero-cada-uno\/","url":"https:\/\/noticiasmercedinas.com\/site\/2023\/06\/03\/empate-por-lo-que-genero-cada-uno\/","name":"Empate por lo que gener\u00f3 cada uno","isPartOf":{"@id":"https:\/\/noticiasmercedinas.com\/site\/#website"},"primaryImageOfPage":{"@id":"https:\/\/noticiasmercedinas.com\/site\/2023\/06\/03\/empate-por-lo-que-genero-cada-uno\/#primaryimage"},"image":{"@id":"https:\/\/noticiasmercedinas.com\/site\/2023\/06\/03\/empate-por-lo-que-genero-cada-uno\/#primaryimage"},"thumbnailUrl":"https:\/\/noticiasmercedinas.com\/site\/wp-content\/uploads\/2023\/06\/IMG_6842.jpg","datePublished":"2023-06-03T23:06:25+00:00","breadcrumb":{"@id":"https:\/\/noticiasmercedinas.com\/site\/2023\/06\/03\/empate-por-lo-que-genero-cada-uno\/#breadcrumb"},"inLanguage":"es","potentialAction":[{"@type":"ReadAction","target":["https:\/\/noticiasmercedinas.com\/site\/2023\/06\/03\/empate-por-lo-que-genero-cada-uno\/"]}]},{"@type":"ImageObject","inLanguage":"es","@id":"https:\/\/noticiasmercedinas.com\/site\/2023\/06\/03\/empate-por-lo-que-genero-cada-uno\/#primaryimage","url":"https:\/\/noticiasmercedinas.com\/site\/wp-content\/uploads\/2023\/06\/IMG_6842.jpg","contentUrl":"https:\/\/noticiasmercedinas.com\/site\/wp-content\/uploads\/2023\/06\/IMG_6842.jpg","width":640,"height":427},{"@type":"BreadcrumbList","@id":"https:\/\/noticiasmercedinas.com\/site\/2023\/06\/03\/empate-por-lo-que-genero-cada-uno\/#breadcrumb","itemListElement":[{"@type":"ListItem","position":1,"name":"Portada","item":"https:\/\/noticiasmercedinas.com\/site\/"},{"@type":"ListItem","position":2,"name":"Empate por lo que gener\u00f3 cada uno"}]},{"@type":"WebSite","@id":"https:\/\/noticiasmercedinas.com\/site\/#website","url":"https:\/\/noticiasmercedinas.com\/site\/","name":"NOTICIASMERCEDINAS.COM","description":"Mercedes, Buenos Aires, Argentina","publisher":{"@id":"https:\/\/noticiasmercedinas.com\/site\/#organization"},"potentialAction":[{"@type":"SearchAction","target":{"@type":"EntryPoint","urlTemplate":"https:\/\/noticiasmercedinas.com\/site\/?s={search_term_string}"},"query-input":{"@type":"PropertyValueSpecification","valueRequired":true,"valueName":"search_term_string"}}],"inLanguage":"es"},{"@type":"Organization","@id":"https:\/\/noticiasmercedinas.com\/site\/#organization","name":"NOTICIASMERCEDINAS.COM","url":"https:\/\/noticiasmercedinas.com\/site\/","logo":{"@type":"ImageObject","inLanguage":"es","@id":"https:\/\/noticiasmercedinas.com\/site\/#\/schema\/logo\/image\/","url":"https:\/\/noticiasmercedinas.com\/site\/wp-content\/uploads\/2020\/06\/LOGO-512.jpg","contentUrl":"https:\/\/noticiasmercedinas.com\/site\/wp-content\/uploads\/2020\/06\/LOGO-512.jpg","width":512,"height":512,"caption":"NOTICIASMERCEDINAS.COM"},"image":{"@id":"https:\/\/noticiasmercedinas.com\/site\/#\/schema\/logo\/image\/"},"sameAs":["https:\/\/www.facebook.com\/noticiasmercedinas\/","https:\/\/x.com\/notmercedinas","https:\/\/www.instagram.com\/noticiasmercedinas\/"]},{"@type":"Person","@id":"https:\/\/noticiasmercedinas.com\/site\/#\/schema\/person\/8f2f09d666ef40986eba4a5e6f2a06f9","name":"Juan Dagnino NOTICIASMERCEDINAS.COM","image":{"@type":"ImageObject","inLanguage":"es","@id":"https:\/\/secure.gravatar.com\/avatar\/fc7059a769f5a3cae65fadb228a3e4accf3a64b4b2305020d0a27e6d5333c91b?s=96&d=mm&r=g","url":"https:\/\/secure.gravatar.com\/avatar\/fc7059a769f5a3cae65fadb228a3e4accf3a64b4b2305020d0a27e6d5333c91b?s=96&d=mm&r=g","contentUrl":"https:\/\/secure.gravatar.com\/avatar\/fc7059a769f5a3cae65fadb228a3e4accf3a64b4b2305020d0a27e6d5333c91b?s=96&d=mm&r=g","caption":"Juan Dagnino NOTICIASMERCEDINAS.COM"},"url":"https:\/\/noticiasmercedinas.com\/site\/author\/juandagnino\/"}]}},"amp_enabled":true,"_links":{"self":[{"href":"https:\/\/noticiasmercedinas.com\/site\/wp-json\/wp\/v2\/posts\/116289","targetHints":{"allow":["GET"]}}],"collection":[{"href":"https:\/\/noticiasmercedinas.com\/site\/wp-json\/wp\/v2\/posts"}],"about":[{"href":"https:\/\/noticiasmercedinas.com\/site\/wp-json\/wp\/v2\/types\/post"}],"author":[{"embeddable":true,"href":"https:\/\/noticiasmercedinas.com\/site\/wp-json\/wp\/v2\/users\/6"}],"replies":[{"embeddable":true,"href":"https:\/\/noticiasmercedinas.com\/site\/wp-json\/wp\/v2\/comments?post=116289"}],"version-history":[{"count":1,"href":"https:\/\/noticiasmercedinas.com\/site\/wp-json\/wp\/v2\/posts\/116289\/revisions"}],"predecessor-version":[{"id":116294,"href":"https:\/\/noticiasmercedinas.com\/site\/wp-json\/wp\/v2\/posts\/116289\/revisions\/116294"}],"wp:featuredmedia":[{"embeddable":true,"href":"https:\/\/noticiasmercedinas.com\/site\/wp-json\/wp\/v2\/media\/116291"}],"wp:attachment":[{"href":"https:\/\/noticiasmercedinas.com\/site\/wp-json\/wp\/v2\/media?parent=116289"}],"wp:term":[{"taxonomy":"category","embeddable":true,"href":"https:\/\/noticiasmercedinas.com\/site\/wp-json\/wp\/v2\/categories?post=116289"},{"taxonomy":"post_tag","embeddable":true,"href":"https:\/\/noticiasmercedinas.com\/site\/wp-json\/wp\/v2\/tags?post=116289"}],"curies":[{"name":"wp","href":"https:\/\/api.w.org\/{rel}","templated":true}]}}