{"id":116350,"date":"2023-06-04T21:08:52","date_gmt":"2023-06-05T00:08:52","guid":{"rendered":"https:\/\/noticiasmercedinas.com\/site\/?p=116350"},"modified":"2023-06-04T21:08:52","modified_gmt":"2023-06-05T00:08:52","slug":"tiempos-de-definiciones-y-de-sacar-conclusiones","status":"publish","type":"post","link":"https:\/\/noticiasmercedinas.com\/site\/2023\/06\/04\/tiempos-de-definiciones-y-de-sacar-conclusiones\/","title":{"rendered":"Tiempos de definiciones y de sacar conclusiones"},"content":{"rendered":"<p><img loading=\"lazy\" decoding=\"async\" class=\"alignnone size-full wp-image-114500\" src=\"https:\/\/noticiasmercedinas.com\/site\/wp-content\/uploads\/2023\/05\/deboralacasaIMG_6614.jpg\" alt=\"\" width=\"640\" height=\"456\" srcset=\"https:\/\/noticiasmercedinas.com\/site\/wp-content\/uploads\/2023\/05\/deboralacasaIMG_6614.jpg 640w, https:\/\/noticiasmercedinas.com\/site\/wp-content\/uploads\/2023\/05\/deboralacasaIMG_6614-300x214.jpg 300w\" sizes=\"auto, (max-width: 640px) 100vw, 640px\" \/><\/p>\n<p><em>Por D\u00e9bora Lacasa. <\/em>Nos encontramos a muy pocos d\u00edas de las definiciones pol\u00edticas por las Alianzas y las candidaturas. El actual gobierno pretende presentarse como la alternativa para sacar a la Argentina de esta crisis.<\/p>\n<p>Quienes vociferan que son capaces de tama\u00f1o trabajo son quienes en este momento est\u00e1n en los lugares claves para hacerlo sin demora: Massa, Ministro de Econom\u00eda; De Pedro Ministro del Interior y Kicillof, actual Gobernador de la Provincia de Buenos Aires.<\/p>\n<p>Ellos son quienes adem\u00e1s nos condujeron hasta ac\u00e1, sumieron a todo el pa\u00eds en una espiral inflacionaria que no saben o no quieren contener, porque si supieran y no lo hacen s\u00f3lo podr\u00edamos pensar en sadismo, en que les gusta ver a los argentinos sufrir, y si no lo saben, tampoco lo sabr\u00e1n en pocos meses.<\/p>\n<p>La conclusi\u00f3n es muy simple: no son los indicados para sacarnos de esta crisis. Ninguno de ellos.<\/p>\n<blockquote><p>El actual gobierno desand\u00f3 todo ese camino y atras\u00f3 toda posibilidad de seguir mejorando a niveles impensados, como ning\u00fan pa\u00eds en la regi\u00f3n a quienes tambi\u00e9n afectaron tanto la cuarentena como la guerra.<\/p><\/blockquote>\n<p>Es claro que la respuesta est\u00e1 en otro lado. En quienes, pese al relato del oficialismo del endeudamiento, consiguieron con mucho sacrificio de todos los argentinos sanear las cuentas, disminuir el d\u00e9ficit fiscal, ir conteniendo la inflaci\u00f3n a medida que iban disminuyendo los subsidios y sincerando las tarifas.<\/p>\n<p>Fueron a\u00f1os dif\u00edciles, pero \u00edbamos por el buen camino. El actual gobierno desand\u00f3 todo ese camino y atras\u00f3 toda posibilidad de seguir mejorando a niveles impensados, como ning\u00fan pa\u00eds en la regi\u00f3n a quienes tambi\u00e9n afectaron tanto la cuarentena como la guerra.<\/p>\n<p>Pero ning\u00fan gobierno de la regi\u00f3n fue tan ineficaz como este. \u00bfPor qu\u00e9? Porque nunca le import\u00f3, su \u00fanico objetivo siempre fue la impunidad de la Vice, y para ello trabajaron, a ello se abocaron sin importar nada m\u00e1s. Y esto es exactamente lo que har\u00edan si siguiesen en el Gobierno.<\/p>\n<p>Ya lo dijo Wado De Pedro en una entrevista: solo vive para satisfacer el mandato de Cristina.<\/p>\n<hr \/>\n<p><strong>D\u00e9bora Lacasa es soci\u00f3loga, concejal del bloque Juntos<\/strong><\/p>\n","protected":false},"excerpt":{"rendered":"<p>Por D\u00e9bora Lacasa. Nos encontramos a muy pocos d\u00edas de las definiciones pol\u00edticas por las Alianzas y las candidaturas. El actual gobierno pretende presentarse como la alternativa para sacar a la Argentina de esta crisis. Quienes vociferan que son capaces de tama\u00f1o trabajo son quienes en este momento est\u00e1n en los lugares claves para hacerlo [&hellip;]<\/p>\n","protected":false},"author":16,"featured_media":114500,"comment_status":"closed","ping_status":"closed","sticky":false,"template":"","format":"standard","meta":{"footnotes":""},"categories":[8],"tags":[12446,14662,12633],"class_list":["post-116350","post","type-post","status-publish","format-standard","has-post-thumbnail","hentry","category-opinion","tag-debora-lacasa","tag-elecciones-2023","tag-frente-juntos"],"yoast_head":"<!-- This site is optimized with the Yoast SEO plugin v27.5 - https:\/\/yoast.com\/product\/yoast-seo-wordpress\/ -->\n<title>Tiempos de definiciones y de sacar conclusiones<\/title>\n<meta name=\"robots\" content=\"index, follow, max-snippet:-1, max-image-preview:large, max-video-preview:-1\" \/>\n<link rel=\"canonical\" href=\"https:\/\/noticiasmercedinas.com\/site\/2023\/06\/04\/tiempos-de-definiciones-y-de-sacar-conclusiones\/\" \/>\n<meta property=\"og:locale\" content=\"es_ES\" \/>\n<meta property=\"og:type\" content=\"article\" \/>\n<meta property=\"og:title\" content=\"Tiempos de definiciones y de sacar conclusiones\" \/>\n<meta property=\"og:description\" content=\"Por D\u00e9bora Lacasa. Nos encontramos a muy pocos d\u00edas de las definiciones pol\u00edticas por las Alianzas y las candidaturas. El actual gobierno pretende presentarse como la alternativa para sacar a la Argentina de esta crisis. Quienes vociferan que son capaces de tama\u00f1o trabajo son quienes en este momento est\u00e1n en los lugares claves para hacerlo [&hellip;]\" \/>\n<meta property=\"og:url\" content=\"https:\/\/noticiasmercedinas.com\/site\/2023\/06\/04\/tiempos-de-definiciones-y-de-sacar-conclusiones\/\" \/>\n<meta property=\"og:site_name\" content=\"NOTICIASMERCEDINAS.COM\" \/>\n<meta property=\"article:publisher\" content=\"https:\/\/www.facebook.com\/noticiasmercedinas\/\" \/>\n<meta property=\"article:published_time\" content=\"2023-06-05T00:08:52+00:00\" \/>\n<meta property=\"og:image\" content=\"https:\/\/noticiasmercedinas.com\/site\/wp-content\/uploads\/2023\/05\/deboralacasaIMG_6614.jpg\" \/>\n\t<meta property=\"og:image:width\" content=\"640\" \/>\n\t<meta property=\"og:image:height\" content=\"456\" \/>\n\t<meta property=\"og:image:type\" content=\"image\/jpeg\" \/>\n<meta name=\"author\" content=\"NOTICIASMERCEDINAS.COM\" \/>\n<meta name=\"twitter:card\" content=\"summary_large_image\" \/>\n<meta name=\"twitter:creator\" content=\"@notmercedinas\" \/>\n<meta name=\"twitter:site\" content=\"@notmercedinas\" \/>\n<meta name=\"twitter:label1\" content=\"Escrito por\" \/>\n\t<meta name=\"twitter:data1\" content=\"NOTICIASMERCEDINAS.COM\" \/>\n\t<meta name=\"twitter:label2\" content=\"Tiempo de lectura\" \/>\n\t<meta name=\"twitter:data2\" content=\"2 minutos\" \/>\n<script type=\"application\/ld+json\" class=\"yoast-schema-graph\">{\"@context\":\"https:\\\/\\\/schema.org\",\"@graph\":[{\"@type\":\"Article\",\"@id\":\"https:\\\/\\\/noticiasmercedinas.com\\\/site\\\/2023\\\/06\\\/04\\\/tiempos-de-definiciones-y-de-sacar-conclusiones\\\/#article\",\"isPartOf\":{\"@id\":\"https:\\\/\\\/noticiasmercedinas.com\\\/site\\\/2023\\\/06\\\/04\\\/tiempos-de-definiciones-y-de-sacar-conclusiones\\\/\"},\"author\":{\"name\":\"NOTICIASMERCEDINAS.COM\",\"@id\":\"https:\\\/\\\/noticiasmercedinas.com\\\/site\\\/#\\\/schema\\\/person\\\/84b59c099c28ff2e8b77d4ceec5d8063\"},\"headline\":\"Tiempos de definiciones y de sacar conclusiones\",\"datePublished\":\"2023-06-05T00:08:52+00:00\",\"mainEntityOfPage\":{\"@id\":\"https:\\\/\\\/noticiasmercedinas.com\\\/site\\\/2023\\\/06\\\/04\\\/tiempos-de-definiciones-y-de-sacar-conclusiones\\\/\"},\"wordCount\":385,\"publisher\":{\"@id\":\"https:\\\/\\\/noticiasmercedinas.com\\\/site\\\/#organization\"},\"image\":{\"@id\":\"https:\\\/\\\/noticiasmercedinas.com\\\/site\\\/2023\\\/06\\\/04\\\/tiempos-de-definiciones-y-de-sacar-conclusiones\\\/#primaryimage\"},\"thumbnailUrl\":\"https:\\\/\\\/noticiasmercedinas.com\\\/site\\\/wp-content\\\/uploads\\\/2023\\\/05\\\/deboralacasaIMG_6614.jpg\",\"keywords\":[\"Debora Lacasa\",\"elecciones 2023\",\"frente juntos\"],\"articleSection\":[\"Opinion\"],\"inLanguage\":\"es\"},{\"@type\":\"WebPage\",\"@id\":\"https:\\\/\\\/noticiasmercedinas.com\\\/site\\\/2023\\\/06\\\/04\\\/tiempos-de-definiciones-y-de-sacar-conclusiones\\\/\",\"url\":\"https:\\\/\\\/noticiasmercedinas.com\\\/site\\\/2023\\\/06\\\/04\\\/tiempos-de-definiciones-y-de-sacar-conclusiones\\\/\",\"name\":\"Tiempos de definiciones y de sacar conclusiones\",\"isPartOf\":{\"@id\":\"https:\\\/\\\/noticiasmercedinas.com\\\/site\\\/#website\"},\"primaryImageOfPage\":{\"@id\":\"https:\\\/\\\/noticiasmercedinas.com\\\/site\\\/2023\\\/06\\\/04\\\/tiempos-de-definiciones-y-de-sacar-conclusiones\\\/#primaryimage\"},\"image\":{\"@id\":\"https:\\\/\\\/noticiasmercedinas.com\\\/site\\\/2023\\\/06\\\/04\\\/tiempos-de-definiciones-y-de-sacar-conclusiones\\\/#primaryimage\"},\"thumbnailUrl\":\"https:\\\/\\\/noticiasmercedinas.com\\\/site\\\/wp-content\\\/uploads\\\/2023\\\/05\\\/deboralacasaIMG_6614.jpg\",\"datePublished\":\"2023-06-05T00:08:52+00:00\",\"breadcrumb\":{\"@id\":\"https:\\\/\\\/noticiasmercedinas.com\\\/site\\\/2023\\\/06\\\/04\\\/tiempos-de-definiciones-y-de-sacar-conclusiones\\\/#breadcrumb\"},\"inLanguage\":\"es\",\"potentialAction\":[{\"@type\":\"ReadAction\",\"target\":[\"https:\\\/\\\/noticiasmercedinas.com\\\/site\\\/2023\\\/06\\\/04\\\/tiempos-de-definiciones-y-de-sacar-conclusiones\\\/\"]}]},{\"@type\":\"ImageObject\",\"inLanguage\":\"es\",\"@id\":\"https:\\\/\\\/noticiasmercedinas.com\\\/site\\\/2023\\\/06\\\/04\\\/tiempos-de-definiciones-y-de-sacar-conclusiones\\\/#primaryimage\",\"url\":\"https:\\\/\\\/noticiasmercedinas.com\\\/site\\\/wp-content\\\/uploads\\\/2023\\\/05\\\/deboralacasaIMG_6614.jpg\",\"contentUrl\":\"https:\\\/\\\/noticiasmercedinas.com\\\/site\\\/wp-content\\\/uploads\\\/2023\\\/05\\\/deboralacasaIMG_6614.jpg\",\"width\":640,\"height\":456},{\"@type\":\"BreadcrumbList\",\"@id\":\"https:\\\/\\\/noticiasmercedinas.com\\\/site\\\/2023\\\/06\\\/04\\\/tiempos-de-definiciones-y-de-sacar-conclusiones\\\/#breadcrumb\",\"itemListElement\":[{\"@type\":\"ListItem\",\"position\":1,\"name\":\"Portada\",\"item\":\"https:\\\/\\\/noticiasmercedinas.com\\\/site\\\/\"},{\"@type\":\"ListItem\",\"position\":2,\"name\":\"Tiempos de definiciones y de sacar conclusiones\"}]},{\"@type\":\"WebSite\",\"@id\":\"https:\\\/\\\/noticiasmercedinas.com\\\/site\\\/#website\",\"url\":\"https:\\\/\\\/noticiasmercedinas.com\\\/site\\\/\",\"name\":\"NOTICIASMERCEDINAS.COM\",\"description\":\"Mercedes, Buenos Aires, Argentina\",\"publisher\":{\"@id\":\"https:\\\/\\\/noticiasmercedinas.com\\\/site\\\/#organization\"},\"potentialAction\":[{\"@type\":\"SearchAction\",\"target\":{\"@type\":\"EntryPoint\",\"urlTemplate\":\"https:\\\/\\\/noticiasmercedinas.com\\\/site\\\/?s={search_term_string}\"},\"query-input\":{\"@type\":\"PropertyValueSpecification\",\"valueRequired\":true,\"valueName\":\"search_term_string\"}}],\"inLanguage\":\"es\"},{\"@type\":\"Organization\",\"@id\":\"https:\\\/\\\/noticiasmercedinas.com\\\/site\\\/#organization\",\"name\":\"NOTICIASMERCEDINAS.COM\",\"url\":\"https:\\\/\\\/noticiasmercedinas.com\\\/site\\\/\",\"logo\":{\"@type\":\"ImageObject\",\"inLanguage\":\"es\",\"@id\":\"https:\\\/\\\/noticiasmercedinas.com\\\/site\\\/#\\\/schema\\\/logo\\\/image\\\/\",\"url\":\"https:\\\/\\\/noticiasmercedinas.com\\\/site\\\/wp-content\\\/uploads\\\/2020\\\/06\\\/LOGO-512.jpg\",\"contentUrl\":\"https:\\\/\\\/noticiasmercedinas.com\\\/site\\\/wp-content\\\/uploads\\\/2020\\\/06\\\/LOGO-512.jpg\",\"width\":512,\"height\":512,\"caption\":\"NOTICIASMERCEDINAS.COM\"},\"image\":{\"@id\":\"https:\\\/\\\/noticiasmercedinas.com\\\/site\\\/#\\\/schema\\\/logo\\\/image\\\/\"},\"sameAs\":[\"https:\\\/\\\/www.facebook.com\\\/noticiasmercedinas\\\/\",\"https:\\\/\\\/x.com\\\/notmercedinas\",\"https:\\\/\\\/www.instagram.com\\\/noticiasmercedinas\\\/\"]},{\"@type\":\"Person\",\"@id\":\"https:\\\/\\\/noticiasmercedinas.com\\\/site\\\/#\\\/schema\\\/person\\\/84b59c099c28ff2e8b77d4ceec5d8063\",\"name\":\"NOTICIASMERCEDINAS.COM\",\"image\":{\"@type\":\"ImageObject\",\"inLanguage\":\"es\",\"@id\":\"https:\\\/\\\/secure.gravatar.com\\\/avatar\\\/4dfbf16b4d17945bfb6341b2d19043457132fcf478a5ee04f42e959fd8f5df0a?s=96&d=mm&r=g\",\"url\":\"https:\\\/\\\/secure.gravatar.com\\\/avatar\\\/4dfbf16b4d17945bfb6341b2d19043457132fcf478a5ee04f42e959fd8f5df0a?s=96&d=mm&r=g\",\"contentUrl\":\"https:\\\/\\\/secure.gravatar.com\\\/avatar\\\/4dfbf16b4d17945bfb6341b2d19043457132fcf478a5ee04f42e959fd8f5df0a?s=96&d=mm&r=g\",\"caption\":\"NOTICIASMERCEDINAS.COM\"},\"url\":\"https:\\\/\\\/noticiasmercedinas.com\\\/site\\\/author\\\/anonimo\\\/\"}]}<\/script>\n<!-- \/ Yoast SEO plugin. -->","yoast_head_json":{"title":"Tiempos de definiciones y de sacar conclusiones","robots":{"index":"index","follow":"follow","max-snippet":"max-snippet:-1","max-image-preview":"max-image-preview:large","max-video-preview":"max-video-preview:-1"},"canonical":"https:\/\/noticiasmercedinas.com\/site\/2023\/06\/04\/tiempos-de-definiciones-y-de-sacar-conclusiones\/","og_locale":"es_ES","og_type":"article","og_title":"Tiempos de definiciones y de sacar conclusiones","og_description":"Por D\u00e9bora Lacasa. Nos encontramos a muy pocos d\u00edas de las definiciones pol\u00edticas por las Alianzas y las candidaturas. El actual gobierno pretende presentarse como la alternativa para sacar a la Argentina de esta crisis. Quienes vociferan que son capaces de tama\u00f1o trabajo son quienes en este momento est\u00e1n en los lugares claves para hacerlo [&hellip;]","og_url":"https:\/\/noticiasmercedinas.com\/site\/2023\/06\/04\/tiempos-de-definiciones-y-de-sacar-conclusiones\/","og_site_name":"NOTICIASMERCEDINAS.COM","article_publisher":"https:\/\/www.facebook.com\/noticiasmercedinas\/","article_published_time":"2023-06-05T00:08:52+00:00","og_image":[{"width":640,"height":456,"url":"https:\/\/noticiasmercedinas.com\/site\/wp-content\/uploads\/2023\/05\/deboralacasaIMG_6614.jpg","type":"image\/jpeg"}],"author":"NOTICIASMERCEDINAS.COM","twitter_card":"summary_large_image","twitter_creator":"@notmercedinas","twitter_site":"@notmercedinas","twitter_misc":{"Escrito por":"NOTICIASMERCEDINAS.COM","Tiempo de lectura":"2 minutos"},"schema":{"@context":"https:\/\/schema.org","@graph":[{"@type":"Article","@id":"https:\/\/noticiasmercedinas.com\/site\/2023\/06\/04\/tiempos-de-definiciones-y-de-sacar-conclusiones\/#article","isPartOf":{"@id":"https:\/\/noticiasmercedinas.com\/site\/2023\/06\/04\/tiempos-de-definiciones-y-de-sacar-conclusiones\/"},"author":{"name":"NOTICIASMERCEDINAS.COM","@id":"https:\/\/noticiasmercedinas.com\/site\/#\/schema\/person\/84b59c099c28ff2e8b77d4ceec5d8063"},"headline":"Tiempos de definiciones y de sacar conclusiones","datePublished":"2023-06-05T00:08:52+00:00","mainEntityOfPage":{"@id":"https:\/\/noticiasmercedinas.com\/site\/2023\/06\/04\/tiempos-de-definiciones-y-de-sacar-conclusiones\/"},"wordCount":385,"publisher":{"@id":"https:\/\/noticiasmercedinas.com\/site\/#organization"},"image":{"@id":"https:\/\/noticiasmercedinas.com\/site\/2023\/06\/04\/tiempos-de-definiciones-y-de-sacar-conclusiones\/#primaryimage"},"thumbnailUrl":"https:\/\/noticiasmercedinas.com\/site\/wp-content\/uploads\/2023\/05\/deboralacasaIMG_6614.jpg","keywords":["Debora Lacasa","elecciones 2023","frente juntos"],"articleSection":["Opinion"],"inLanguage":"es"},{"@type":"WebPage","@id":"https:\/\/noticiasmercedinas.com\/site\/2023\/06\/04\/tiempos-de-definiciones-y-de-sacar-conclusiones\/","url":"https:\/\/noticiasmercedinas.com\/site\/2023\/06\/04\/tiempos-de-definiciones-y-de-sacar-conclusiones\/","name":"Tiempos de definiciones y de sacar conclusiones","isPartOf":{"@id":"https:\/\/noticiasmercedinas.com\/site\/#website"},"primaryImageOfPage":{"@id":"https:\/\/noticiasmercedinas.com\/site\/2023\/06\/04\/tiempos-de-definiciones-y-de-sacar-conclusiones\/#primaryimage"},"image":{"@id":"https:\/\/noticiasmercedinas.com\/site\/2023\/06\/04\/tiempos-de-definiciones-y-de-sacar-conclusiones\/#primaryimage"},"thumbnailUrl":"https:\/\/noticiasmercedinas.com\/site\/wp-content\/uploads\/2023\/05\/deboralacasaIMG_6614.jpg","datePublished":"2023-06-05T00:08:52+00:00","breadcrumb":{"@id":"https:\/\/noticiasmercedinas.com\/site\/2023\/06\/04\/tiempos-de-definiciones-y-de-sacar-conclusiones\/#breadcrumb"},"inLanguage":"es","potentialAction":[{"@type":"ReadAction","target":["https:\/\/noticiasmercedinas.com\/site\/2023\/06\/04\/tiempos-de-definiciones-y-de-sacar-conclusiones\/"]}]},{"@type":"ImageObject","inLanguage":"es","@id":"https:\/\/noticiasmercedinas.com\/site\/2023\/06\/04\/tiempos-de-definiciones-y-de-sacar-conclusiones\/#primaryimage","url":"https:\/\/noticiasmercedinas.com\/site\/wp-content\/uploads\/2023\/05\/deboralacasaIMG_6614.jpg","contentUrl":"https:\/\/noticiasmercedinas.com\/site\/wp-content\/uploads\/2023\/05\/deboralacasaIMG_6614.jpg","width":640,"height":456},{"@type":"BreadcrumbList","@id":"https:\/\/noticiasmercedinas.com\/site\/2023\/06\/04\/tiempos-de-definiciones-y-de-sacar-conclusiones\/#breadcrumb","itemListElement":[{"@type":"ListItem","position":1,"name":"Portada","item":"https:\/\/noticiasmercedinas.com\/site\/"},{"@type":"ListItem","position":2,"name":"Tiempos de definiciones y de sacar conclusiones"}]},{"@type":"WebSite","@id":"https:\/\/noticiasmercedinas.com\/site\/#website","url":"https:\/\/noticiasmercedinas.com\/site\/","name":"NOTICIASMERCEDINAS.COM","description":"Mercedes, Buenos Aires, Argentina","publisher":{"@id":"https:\/\/noticiasmercedinas.com\/site\/#organization"},"potentialAction":[{"@type":"SearchAction","target":{"@type":"EntryPoint","urlTemplate":"https:\/\/noticiasmercedinas.com\/site\/?s={search_term_string}"},"query-input":{"@type":"PropertyValueSpecification","valueRequired":true,"valueName":"search_term_string"}}],"inLanguage":"es"},{"@type":"Organization","@id":"https:\/\/noticiasmercedinas.com\/site\/#organization","name":"NOTICIASMERCEDINAS.COM","url":"https:\/\/noticiasmercedinas.com\/site\/","logo":{"@type":"ImageObject","inLanguage":"es","@id":"https:\/\/noticiasmercedinas.com\/site\/#\/schema\/logo\/image\/","url":"https:\/\/noticiasmercedinas.com\/site\/wp-content\/uploads\/2020\/06\/LOGO-512.jpg","contentUrl":"https:\/\/noticiasmercedinas.com\/site\/wp-content\/uploads\/2020\/06\/LOGO-512.jpg","width":512,"height":512,"caption":"NOTICIASMERCEDINAS.COM"},"image":{"@id":"https:\/\/noticiasmercedinas.com\/site\/#\/schema\/logo\/image\/"},"sameAs":["https:\/\/www.facebook.com\/noticiasmercedinas\/","https:\/\/x.com\/notmercedinas","https:\/\/www.instagram.com\/noticiasmercedinas\/"]},{"@type":"Person","@id":"https:\/\/noticiasmercedinas.com\/site\/#\/schema\/person\/84b59c099c28ff2e8b77d4ceec5d8063","name":"NOTICIASMERCEDINAS.COM","image":{"@type":"ImageObject","inLanguage":"es","@id":"https:\/\/secure.gravatar.com\/avatar\/4dfbf16b4d17945bfb6341b2d19043457132fcf478a5ee04f42e959fd8f5df0a?s=96&d=mm&r=g","url":"https:\/\/secure.gravatar.com\/avatar\/4dfbf16b4d17945bfb6341b2d19043457132fcf478a5ee04f42e959fd8f5df0a?s=96&d=mm&r=g","contentUrl":"https:\/\/secure.gravatar.com\/avatar\/4dfbf16b4d17945bfb6341b2d19043457132fcf478a5ee04f42e959fd8f5df0a?s=96&d=mm&r=g","caption":"NOTICIASMERCEDINAS.COM"},"url":"https:\/\/noticiasmercedinas.com\/site\/author\/anonimo\/"}]}},"amp_enabled":true,"_links":{"self":[{"href":"https:\/\/noticiasmercedinas.com\/site\/wp-json\/wp\/v2\/posts\/116350","targetHints":{"allow":["GET"]}}],"collection":[{"href":"https:\/\/noticiasmercedinas.com\/site\/wp-json\/wp\/v2\/posts"}],"about":[{"href":"https:\/\/noticiasmercedinas.com\/site\/wp-json\/wp\/v2\/types\/post"}],"author":[{"embeddable":true,"href":"https:\/\/noticiasmercedinas.com\/site\/wp-json\/wp\/v2\/users\/16"}],"replies":[{"embeddable":true,"href":"https:\/\/noticiasmercedinas.com\/site\/wp-json\/wp\/v2\/comments?post=116350"}],"version-history":[{"count":1,"href":"https:\/\/noticiasmercedinas.com\/site\/wp-json\/wp\/v2\/posts\/116350\/revisions"}],"predecessor-version":[{"id":116352,"href":"https:\/\/noticiasmercedinas.com\/site\/wp-json\/wp\/v2\/posts\/116350\/revisions\/116352"}],"wp:featuredmedia":[{"embeddable":true,"href":"https:\/\/noticiasmercedinas.com\/site\/wp-json\/wp\/v2\/media\/114500"}],"wp:attachment":[{"href":"https:\/\/noticiasmercedinas.com\/site\/wp-json\/wp\/v2\/media?parent=116350"}],"wp:term":[{"taxonomy":"category","embeddable":true,"href":"https:\/\/noticiasmercedinas.com\/site\/wp-json\/wp\/v2\/categories?post=116350"},{"taxonomy":"post_tag","embeddable":true,"href":"https:\/\/noticiasmercedinas.com\/site\/wp-json\/wp\/v2\/tags?post=116350"}],"curies":[{"name":"wp","href":"https:\/\/api.w.org\/{rel}","templated":true}]}}