{"id":1165,"date":"2018-09-05T23:12:31","date_gmt":"2018-09-06T02:12:31","guid":{"rendered":"https:\/\/noticiasmercedinas.com\/site\/?p=1165"},"modified":"2018-09-05T23:12:43","modified_gmt":"2018-09-06T02:12:43","slug":"la-cultural-dumer-activa-la-movida-musical","status":"publish","type":"post","link":"https:\/\/noticiasmercedinas.com\/site\/2018\/09\/05\/la-cultural-dumer-activa-la-movida-musical\/","title":{"rendered":"La Cultural Dumer activa la movida musical"},"content":{"rendered":"<p><strong>La idea de sus impulsores es \u201cconstruir un espacio de referencia para la cultura de la ciudad\u201d. Este s\u00e1bado 8 de septiembre se presenta La Ra\u00edz, desde las 21.30 horas. Adem\u00e1s expondr\u00e1 Marina L\u00f3pez.<\/strong><\/p>\n<p><img loading=\"lazy\" decoding=\"async\" class=\"alignnone size-full wp-image-1166\" src=\"https:\/\/noticiasmercedinas.com\/site\/wp-content\/uploads\/2018\/09\/dumerraiz.jpg\" alt=\"\" width=\"650\" height=\"400\" srcset=\"https:\/\/noticiasmercedinas.com\/site\/wp-content\/uploads\/2018\/09\/dumerraiz.jpg 650w, https:\/\/noticiasmercedinas.com\/site\/wp-content\/uploads\/2018\/09\/dumerraiz-300x185.jpg 300w, https:\/\/noticiasmercedinas.com\/site\/wp-content\/uploads\/2018\/09\/dumerraiz-640x394.jpg 640w\" sizes=\"auto, (max-width: 650px) 100vw, 650px\" \/><\/p>\n<p>El venidero s\u00e1bado 8 de septiembre se presentar\u00e1n con m\u00fasica latinoamericana en La Cultural Dumer, Mariel Solari, Juan Mart\u00edn L\u00f3pez y Marilina Erramuspe quienes conforman La Ra\u00edz. Adem\u00e1s se presentar\u00e1 la muerta \u201cFases\u201d de la artista pl\u00e1stica Marina L\u00f3pez. Ser\u00e1 desde las 21.30 horas.<\/p>\n<p>Consultados sobre cuanto hace qu\u00e9 pusieron a funcionar la Dumer y qu\u00e9 respuesta est\u00e1n teniendo de la gente, desde ese espacio indicaron a este medio que la Cultural Dumer es un \u201cproyecto cultural que surge por las ganas y el deseo de que en Mercedes sucedan m\u00e1s y m\u00e1s cosas\u201d.<\/p>\n<p>\u201cSomos 8 amigos que estamos trabajando en \u00e9l desde enero de este a\u00f1o y que, tras mucho esfuerzo, organizaci\u00f3n y limpieza, pudimos abrir en junio. Desde la apertura a hoy pasaron muchas cosas, muchas personas, sensaciones, historias y an\u00e9cdotas. Hasta el momento estamos felices porque las personas que llegan a la Dumer llegan realmente con ganas de vivir algo nuevo que es, en parte, uno de nuestros deseos: hacer parte de esto a cada uno o una que entra\u201d, sostuvieron.<\/p>\n<p>\u201cTenemos un mont\u00f3n de cosas por ajustar, camino por recorrer. Estamos aprendiendo mucho del p\u00fablico, de los artistas, de nosotros, porque trabajar en equipo es tambi\u00e9n un desaf\u00edo enorme. Hasta hoy no tenemos m\u00e1s que agradecimiento porque de a poco nos van contactando para participar en la Dumer como artistas desde diferentes \u00e1reas visuales, musicales, pl\u00e1sticas, etc\u00e9tera, y el s\u00f3lo hecho de que un artista piense en nuestro espacio para llevar y exponer al p\u00fablico lo que tiene para decir\u00a0 y toda su creatividad es un orgullo, y nos hace saber que estamos yendo por el camino correcto. Ojal\u00e1 que podamos ir creciendo de a poco. Sabemos que est\u00e1 m\u00e1s dif\u00edcil que nunca pero no dejamos de ir por nuestro mayor objetivo: ser proveedores y distribuidores de cultura\u201d, explicaron.<\/p>\n<p>\u201cDeseamos construir un espacio de referencia cultural para Mercedes y para el Oeste pensando en propuestas de calidad y c\u00e1lidas donde las personas entren de una forma y salgan transformadas, ya sea porque aprenden algo en nuestros talleres, porque brindan esos talleres o bien son protagonistas o participantes de un evento art\u00edstico\u201d, completaron.<\/p>\n<p>La Cultural Dumer est\u00e1 ubicada en calle 31 entre 10 y 12, Mercedes.<\/p>\n","protected":false},"excerpt":{"rendered":"<p>La idea de sus impulsores es \u201cconstruir un espacio de referencia para la cultura de la ciudad\u201d. Este s\u00e1bado 8 de septiembre se presenta La Ra\u00edz, desde las 21.30 horas. Adem\u00e1s expondr\u00e1 Marina L\u00f3pez. El venidero s\u00e1bado 8 de septiembre se presentar\u00e1n con m\u00fasica latinoamericana en La Cultural Dumer, Mariel Solari, Juan Mart\u00edn L\u00f3pez y [&hellip;]<\/p>\n","protected":false},"author":2,"featured_media":1166,"comment_status":"open","ping_status":"open","sticky":false,"template":"","format":"standard","meta":{"footnotes":""},"categories":[4],"tags":[510,514,509,508,513,512,511],"class_list":["post-1165","post","type-post","status-publish","format-standard","has-post-thumbnail","hentry","category-cultura","tag-cultura","tag-juan-martin-lopez","tag-la-cultural-dumer","tag-la-raiz","tag-mariel-solari","tag-marilina-eramuspe","tag-musica-latinoamericana"],"yoast_head":"<!-- This site is optimized with the Yoast SEO plugin v27.4 - https:\/\/yoast.com\/product\/yoast-seo-wordpress\/ -->\n<title>La Cultural Dumer activa la movida musical<\/title>\n<meta name=\"robots\" content=\"index, follow, max-snippet:-1, max-image-preview:large, max-video-preview:-1\" \/>\n<link rel=\"canonical\" href=\"https:\/\/noticiasmercedinas.com\/site\/2018\/09\/05\/la-cultural-dumer-activa-la-movida-musical\/\" \/>\n<meta property=\"og:locale\" content=\"es_ES\" \/>\n<meta property=\"og:type\" content=\"article\" \/>\n<meta property=\"og:title\" content=\"La Cultural Dumer activa la movida musical\" \/>\n<meta property=\"og:description\" content=\"La idea de sus impulsores es \u201cconstruir un espacio de referencia para la cultura de la ciudad\u201d. Este s\u00e1bado 8 de septiembre se presenta La Ra\u00edz, desde las 21.30 horas. Adem\u00e1s expondr\u00e1 Marina L\u00f3pez. El venidero s\u00e1bado 8 de septiembre se presentar\u00e1n con m\u00fasica latinoamericana en La Cultural Dumer, Mariel Solari, Juan Mart\u00edn L\u00f3pez y [&hellip;]\" \/>\n<meta property=\"og:url\" content=\"https:\/\/noticiasmercedinas.com\/site\/2018\/09\/05\/la-cultural-dumer-activa-la-movida-musical\/\" \/>\n<meta property=\"og:site_name\" content=\"NOTICIASMERCEDINAS.COM\" \/>\n<meta property=\"article:publisher\" content=\"https:\/\/www.facebook.com\/noticiasmercedinas\/\" \/>\n<meta property=\"article:author\" content=\"https:\/\/www.facebook.com\/cristian.falabella\" \/>\n<meta property=\"article:published_time\" content=\"2018-09-06T02:12:31+00:00\" \/>\n<meta property=\"article:modified_time\" content=\"2018-09-06T02:12:43+00:00\" \/>\n<meta property=\"og:image\" content=\"https:\/\/noticiasmercedinas.com\/site\/wp-content\/uploads\/2018\/09\/dumerraiz.jpg\" \/>\n\t<meta property=\"og:image:width\" content=\"650\" \/>\n\t<meta property=\"og:image:height\" content=\"400\" \/>\n\t<meta property=\"og:image:type\" content=\"image\/jpeg\" \/>\n<meta name=\"author\" content=\"Cristian Falabella NOTICIASMERCEDINAS.COM\" \/>\n<meta name=\"twitter:card\" content=\"summary_large_image\" \/>\n<meta name=\"twitter:creator\" content=\"@https:\/\/twitter.com\/NOTMERCEDINAS\" \/>\n<meta name=\"twitter:site\" content=\"@notmercedinas\" \/>\n<meta name=\"twitter:label1\" content=\"Escrito por\" \/>\n\t<meta name=\"twitter:data1\" content=\"Cristian Falabella NOTICIASMERCEDINAS.COM\" \/>\n\t<meta name=\"twitter:label2\" content=\"Tiempo de lectura\" \/>\n\t<meta name=\"twitter:data2\" content=\"2 minutos\" \/>\n<script type=\"application\/ld+json\" class=\"yoast-schema-graph\">{\"@context\":\"https:\\\/\\\/schema.org\",\"@graph\":[{\"@type\":\"Article\",\"@id\":\"https:\\\/\\\/noticiasmercedinas.com\\\/site\\\/2018\\\/09\\\/05\\\/la-cultural-dumer-activa-la-movida-musical\\\/#article\",\"isPartOf\":{\"@id\":\"https:\\\/\\\/noticiasmercedinas.com\\\/site\\\/2018\\\/09\\\/05\\\/la-cultural-dumer-activa-la-movida-musical\\\/\"},\"author\":{\"name\":\"Cristian Falabella NOTICIASMERCEDINAS.COM\",\"@id\":\"https:\\\/\\\/noticiasmercedinas.com\\\/site\\\/#\\\/schema\\\/person\\\/d481a9696a5feaec13a60e2bbd991a6a\"},\"headline\":\"La Cultural Dumer activa la movida musical\",\"datePublished\":\"2018-09-06T02:12:31+00:00\",\"dateModified\":\"2018-09-06T02:12:43+00:00\",\"mainEntityOfPage\":{\"@id\":\"https:\\\/\\\/noticiasmercedinas.com\\\/site\\\/2018\\\/09\\\/05\\\/la-cultural-dumer-activa-la-movida-musical\\\/\"},\"wordCount\":434,\"commentCount\":0,\"publisher\":{\"@id\":\"https:\\\/\\\/noticiasmercedinas.com\\\/site\\\/#organization\"},\"image\":{\"@id\":\"https:\\\/\\\/noticiasmercedinas.com\\\/site\\\/2018\\\/09\\\/05\\\/la-cultural-dumer-activa-la-movida-musical\\\/#primaryimage\"},\"thumbnailUrl\":\"https:\\\/\\\/noticiasmercedinas.com\\\/site\\\/wp-content\\\/uploads\\\/2018\\\/09\\\/dumerraiz.jpg\",\"keywords\":[\"cultura\",\"juan martin lopez\",\"la cultural dumer\",\"la raiz\",\"mariel solari\",\"marilina eramuspe\",\"musica latinoamericana\"],\"articleSection\":[\"Cultura\"],\"inLanguage\":\"es\",\"potentialAction\":[{\"@type\":\"CommentAction\",\"name\":\"Comment\",\"target\":[\"https:\\\/\\\/noticiasmercedinas.com\\\/site\\\/2018\\\/09\\\/05\\\/la-cultural-dumer-activa-la-movida-musical\\\/#respond\"]}]},{\"@type\":\"WebPage\",\"@id\":\"https:\\\/\\\/noticiasmercedinas.com\\\/site\\\/2018\\\/09\\\/05\\\/la-cultural-dumer-activa-la-movida-musical\\\/\",\"url\":\"https:\\\/\\\/noticiasmercedinas.com\\\/site\\\/2018\\\/09\\\/05\\\/la-cultural-dumer-activa-la-movida-musical\\\/\",\"name\":\"La Cultural Dumer activa la movida musical\",\"isPartOf\":{\"@id\":\"https:\\\/\\\/noticiasmercedinas.com\\\/site\\\/#website\"},\"primaryImageOfPage\":{\"@id\":\"https:\\\/\\\/noticiasmercedinas.com\\\/site\\\/2018\\\/09\\\/05\\\/la-cultural-dumer-activa-la-movida-musical\\\/#primaryimage\"},\"image\":{\"@id\":\"https:\\\/\\\/noticiasmercedinas.com\\\/site\\\/2018\\\/09\\\/05\\\/la-cultural-dumer-activa-la-movida-musical\\\/#primaryimage\"},\"thumbnailUrl\":\"https:\\\/\\\/noticiasmercedinas.com\\\/site\\\/wp-content\\\/uploads\\\/2018\\\/09\\\/dumerraiz.jpg\",\"datePublished\":\"2018-09-06T02:12:31+00:00\",\"dateModified\":\"2018-09-06T02:12:43+00:00\",\"breadcrumb\":{\"@id\":\"https:\\\/\\\/noticiasmercedinas.com\\\/site\\\/2018\\\/09\\\/05\\\/la-cultural-dumer-activa-la-movida-musical\\\/#breadcrumb\"},\"inLanguage\":\"es\",\"potentialAction\":[{\"@type\":\"ReadAction\",\"target\":[\"https:\\\/\\\/noticiasmercedinas.com\\\/site\\\/2018\\\/09\\\/05\\\/la-cultural-dumer-activa-la-movida-musical\\\/\"]}]},{\"@type\":\"ImageObject\",\"inLanguage\":\"es\",\"@id\":\"https:\\\/\\\/noticiasmercedinas.com\\\/site\\\/2018\\\/09\\\/05\\\/la-cultural-dumer-activa-la-movida-musical\\\/#primaryimage\",\"url\":\"https:\\\/\\\/noticiasmercedinas.com\\\/site\\\/wp-content\\\/uploads\\\/2018\\\/09\\\/dumerraiz.jpg\",\"contentUrl\":\"https:\\\/\\\/noticiasmercedinas.com\\\/site\\\/wp-content\\\/uploads\\\/2018\\\/09\\\/dumerraiz.jpg\",\"width\":650,\"height\":400},{\"@type\":\"BreadcrumbList\",\"@id\":\"https:\\\/\\\/noticiasmercedinas.com\\\/site\\\/2018\\\/09\\\/05\\\/la-cultural-dumer-activa-la-movida-musical\\\/#breadcrumb\",\"itemListElement\":[{\"@type\":\"ListItem\",\"position\":1,\"name\":\"Portada\",\"item\":\"https:\\\/\\\/noticiasmercedinas.com\\\/site\\\/\"},{\"@type\":\"ListItem\",\"position\":2,\"name\":\"La Cultural Dumer activa la movida musical\"}]},{\"@type\":\"WebSite\",\"@id\":\"https:\\\/\\\/noticiasmercedinas.com\\\/site\\\/#website\",\"url\":\"https:\\\/\\\/noticiasmercedinas.com\\\/site\\\/\",\"name\":\"NOTICIASMERCEDINAS.COM\",\"description\":\"Mercedes, Buenos Aires, Argentina\",\"publisher\":{\"@id\":\"https:\\\/\\\/noticiasmercedinas.com\\\/site\\\/#organization\"},\"potentialAction\":[{\"@type\":\"SearchAction\",\"target\":{\"@type\":\"EntryPoint\",\"urlTemplate\":\"https:\\\/\\\/noticiasmercedinas.com\\\/site\\\/?s={search_term_string}\"},\"query-input\":{\"@type\":\"PropertyValueSpecification\",\"valueRequired\":true,\"valueName\":\"search_term_string\"}}],\"inLanguage\":\"es\"},{\"@type\":\"Organization\",\"@id\":\"https:\\\/\\\/noticiasmercedinas.com\\\/site\\\/#organization\",\"name\":\"NOTICIASMERCEDINAS.COM\",\"url\":\"https:\\\/\\\/noticiasmercedinas.com\\\/site\\\/\",\"logo\":{\"@type\":\"ImageObject\",\"inLanguage\":\"es\",\"@id\":\"https:\\\/\\\/noticiasmercedinas.com\\\/site\\\/#\\\/schema\\\/logo\\\/image\\\/\",\"url\":\"https:\\\/\\\/noticiasmercedinas.com\\\/site\\\/wp-content\\\/uploads\\\/2020\\\/06\\\/LOGO-512.jpg\",\"contentUrl\":\"https:\\\/\\\/noticiasmercedinas.com\\\/site\\\/wp-content\\\/uploads\\\/2020\\\/06\\\/LOGO-512.jpg\",\"width\":512,\"height\":512,\"caption\":\"NOTICIASMERCEDINAS.COM\"},\"image\":{\"@id\":\"https:\\\/\\\/noticiasmercedinas.com\\\/site\\\/#\\\/schema\\\/logo\\\/image\\\/\"},\"sameAs\":[\"https:\\\/\\\/www.facebook.com\\\/noticiasmercedinas\\\/\",\"https:\\\/\\\/x.com\\\/notmercedinas\",\"https:\\\/\\\/www.instagram.com\\\/noticiasmercedinas\\\/\"]},{\"@type\":\"Person\",\"@id\":\"https:\\\/\\\/noticiasmercedinas.com\\\/site\\\/#\\\/schema\\\/person\\\/d481a9696a5feaec13a60e2bbd991a6a\",\"name\":\"Cristian Falabella NOTICIASMERCEDINAS.COM\",\"image\":{\"@type\":\"ImageObject\",\"inLanguage\":\"es\",\"@id\":\"https:\\\/\\\/secure.gravatar.com\\\/avatar\\\/0dbbfc45970cc46bcd0e57766228574ff3511d6eed045b182f536f0f478c1f06?s=96&d=mm&r=g\",\"url\":\"https:\\\/\\\/secure.gravatar.com\\\/avatar\\\/0dbbfc45970cc46bcd0e57766228574ff3511d6eed045b182f536f0f478c1f06?s=96&d=mm&r=g\",\"contentUrl\":\"https:\\\/\\\/secure.gravatar.com\\\/avatar\\\/0dbbfc45970cc46bcd0e57766228574ff3511d6eed045b182f536f0f478c1f06?s=96&d=mm&r=g\",\"caption\":\"Cristian Falabella NOTICIASMERCEDINAS.COM\"},\"description\":\"Periodista, editor de Noticias Mercedinas. Pas\u00f3 por varias redacciones y emprendimientos de prensa, en distintos formatos y \u00e9pocas. Se especializ\u00f3 --y sigue haci\u00e9ndolo-- en comunicaci\u00f3n en la web y en junio de 2006 fund\u00f3 este diario digital.\",\"sameAs\":[\"https:\\\/\\\/noticiasmercedinas.com\",\"https:\\\/\\\/www.facebook.com\\\/cristian.falabella\",\"https:\\\/\\\/www.instagram.com\\\/noticiasmercedinas\\\/\",\"https:\\\/\\\/x.com\\\/https:\\\/\\\/twitter.com\\\/NOTMERCEDINAS\"],\"url\":\"https:\\\/\\\/noticiasmercedinas.com\\\/site\\\/author\\\/as000384\\\/\"}]}<\/script>\n<!-- \/ Yoast SEO plugin. -->","yoast_head_json":{"title":"La Cultural Dumer activa la movida musical","robots":{"index":"index","follow":"follow","max-snippet":"max-snippet:-1","max-image-preview":"max-image-preview:large","max-video-preview":"max-video-preview:-1"},"canonical":"https:\/\/noticiasmercedinas.com\/site\/2018\/09\/05\/la-cultural-dumer-activa-la-movida-musical\/","og_locale":"es_ES","og_type":"article","og_title":"La Cultural Dumer activa la movida musical","og_description":"La idea de sus impulsores es \u201cconstruir un espacio de referencia para la cultura de la ciudad\u201d. Este s\u00e1bado 8 de septiembre se presenta La Ra\u00edz, desde las 21.30 horas. Adem\u00e1s expondr\u00e1 Marina L\u00f3pez. El venidero s\u00e1bado 8 de septiembre se presentar\u00e1n con m\u00fasica latinoamericana en La Cultural Dumer, Mariel Solari, Juan Mart\u00edn L\u00f3pez y [&hellip;]","og_url":"https:\/\/noticiasmercedinas.com\/site\/2018\/09\/05\/la-cultural-dumer-activa-la-movida-musical\/","og_site_name":"NOTICIASMERCEDINAS.COM","article_publisher":"https:\/\/www.facebook.com\/noticiasmercedinas\/","article_author":"https:\/\/www.facebook.com\/cristian.falabella","article_published_time":"2018-09-06T02:12:31+00:00","article_modified_time":"2018-09-06T02:12:43+00:00","og_image":[{"width":650,"height":400,"url":"https:\/\/noticiasmercedinas.com\/site\/wp-content\/uploads\/2018\/09\/dumerraiz.jpg","type":"image\/jpeg"}],"author":"Cristian Falabella NOTICIASMERCEDINAS.COM","twitter_card":"summary_large_image","twitter_creator":"@https:\/\/twitter.com\/NOTMERCEDINAS","twitter_site":"@notmercedinas","twitter_misc":{"Escrito por":"Cristian Falabella NOTICIASMERCEDINAS.COM","Tiempo de lectura":"2 minutos"},"schema":{"@context":"https:\/\/schema.org","@graph":[{"@type":"Article","@id":"https:\/\/noticiasmercedinas.com\/site\/2018\/09\/05\/la-cultural-dumer-activa-la-movida-musical\/#article","isPartOf":{"@id":"https:\/\/noticiasmercedinas.com\/site\/2018\/09\/05\/la-cultural-dumer-activa-la-movida-musical\/"},"author":{"name":"Cristian Falabella NOTICIASMERCEDINAS.COM","@id":"https:\/\/noticiasmercedinas.com\/site\/#\/schema\/person\/d481a9696a5feaec13a60e2bbd991a6a"},"headline":"La Cultural Dumer activa la movida musical","datePublished":"2018-09-06T02:12:31+00:00","dateModified":"2018-09-06T02:12:43+00:00","mainEntityOfPage":{"@id":"https:\/\/noticiasmercedinas.com\/site\/2018\/09\/05\/la-cultural-dumer-activa-la-movida-musical\/"},"wordCount":434,"commentCount":0,"publisher":{"@id":"https:\/\/noticiasmercedinas.com\/site\/#organization"},"image":{"@id":"https:\/\/noticiasmercedinas.com\/site\/2018\/09\/05\/la-cultural-dumer-activa-la-movida-musical\/#primaryimage"},"thumbnailUrl":"https:\/\/noticiasmercedinas.com\/site\/wp-content\/uploads\/2018\/09\/dumerraiz.jpg","keywords":["cultura","juan martin lopez","la cultural dumer","la raiz","mariel solari","marilina eramuspe","musica latinoamericana"],"articleSection":["Cultura"],"inLanguage":"es","potentialAction":[{"@type":"CommentAction","name":"Comment","target":["https:\/\/noticiasmercedinas.com\/site\/2018\/09\/05\/la-cultural-dumer-activa-la-movida-musical\/#respond"]}]},{"@type":"WebPage","@id":"https:\/\/noticiasmercedinas.com\/site\/2018\/09\/05\/la-cultural-dumer-activa-la-movida-musical\/","url":"https:\/\/noticiasmercedinas.com\/site\/2018\/09\/05\/la-cultural-dumer-activa-la-movida-musical\/","name":"La Cultural Dumer activa la movida musical","isPartOf":{"@id":"https:\/\/noticiasmercedinas.com\/site\/#website"},"primaryImageOfPage":{"@id":"https:\/\/noticiasmercedinas.com\/site\/2018\/09\/05\/la-cultural-dumer-activa-la-movida-musical\/#primaryimage"},"image":{"@id":"https:\/\/noticiasmercedinas.com\/site\/2018\/09\/05\/la-cultural-dumer-activa-la-movida-musical\/#primaryimage"},"thumbnailUrl":"https:\/\/noticiasmercedinas.com\/site\/wp-content\/uploads\/2018\/09\/dumerraiz.jpg","datePublished":"2018-09-06T02:12:31+00:00","dateModified":"2018-09-06T02:12:43+00:00","breadcrumb":{"@id":"https:\/\/noticiasmercedinas.com\/site\/2018\/09\/05\/la-cultural-dumer-activa-la-movida-musical\/#breadcrumb"},"inLanguage":"es","potentialAction":[{"@type":"ReadAction","target":["https:\/\/noticiasmercedinas.com\/site\/2018\/09\/05\/la-cultural-dumer-activa-la-movida-musical\/"]}]},{"@type":"ImageObject","inLanguage":"es","@id":"https:\/\/noticiasmercedinas.com\/site\/2018\/09\/05\/la-cultural-dumer-activa-la-movida-musical\/#primaryimage","url":"https:\/\/noticiasmercedinas.com\/site\/wp-content\/uploads\/2018\/09\/dumerraiz.jpg","contentUrl":"https:\/\/noticiasmercedinas.com\/site\/wp-content\/uploads\/2018\/09\/dumerraiz.jpg","width":650,"height":400},{"@type":"BreadcrumbList","@id":"https:\/\/noticiasmercedinas.com\/site\/2018\/09\/05\/la-cultural-dumer-activa-la-movida-musical\/#breadcrumb","itemListElement":[{"@type":"ListItem","position":1,"name":"Portada","item":"https:\/\/noticiasmercedinas.com\/site\/"},{"@type":"ListItem","position":2,"name":"La Cultural Dumer activa la movida musical"}]},{"@type":"WebSite","@id":"https:\/\/noticiasmercedinas.com\/site\/#website","url":"https:\/\/noticiasmercedinas.com\/site\/","name":"NOTICIASMERCEDINAS.COM","description":"Mercedes, Buenos Aires, Argentina","publisher":{"@id":"https:\/\/noticiasmercedinas.com\/site\/#organization"},"potentialAction":[{"@type":"SearchAction","target":{"@type":"EntryPoint","urlTemplate":"https:\/\/noticiasmercedinas.com\/site\/?s={search_term_string}"},"query-input":{"@type":"PropertyValueSpecification","valueRequired":true,"valueName":"search_term_string"}}],"inLanguage":"es"},{"@type":"Organization","@id":"https:\/\/noticiasmercedinas.com\/site\/#organization","name":"NOTICIASMERCEDINAS.COM","url":"https:\/\/noticiasmercedinas.com\/site\/","logo":{"@type":"ImageObject","inLanguage":"es","@id":"https:\/\/noticiasmercedinas.com\/site\/#\/schema\/logo\/image\/","url":"https:\/\/noticiasmercedinas.com\/site\/wp-content\/uploads\/2020\/06\/LOGO-512.jpg","contentUrl":"https:\/\/noticiasmercedinas.com\/site\/wp-content\/uploads\/2020\/06\/LOGO-512.jpg","width":512,"height":512,"caption":"NOTICIASMERCEDINAS.COM"},"image":{"@id":"https:\/\/noticiasmercedinas.com\/site\/#\/schema\/logo\/image\/"},"sameAs":["https:\/\/www.facebook.com\/noticiasmercedinas\/","https:\/\/x.com\/notmercedinas","https:\/\/www.instagram.com\/noticiasmercedinas\/"]},{"@type":"Person","@id":"https:\/\/noticiasmercedinas.com\/site\/#\/schema\/person\/d481a9696a5feaec13a60e2bbd991a6a","name":"Cristian Falabella NOTICIASMERCEDINAS.COM","image":{"@type":"ImageObject","inLanguage":"es","@id":"https:\/\/secure.gravatar.com\/avatar\/0dbbfc45970cc46bcd0e57766228574ff3511d6eed045b182f536f0f478c1f06?s=96&d=mm&r=g","url":"https:\/\/secure.gravatar.com\/avatar\/0dbbfc45970cc46bcd0e57766228574ff3511d6eed045b182f536f0f478c1f06?s=96&d=mm&r=g","contentUrl":"https:\/\/secure.gravatar.com\/avatar\/0dbbfc45970cc46bcd0e57766228574ff3511d6eed045b182f536f0f478c1f06?s=96&d=mm&r=g","caption":"Cristian Falabella NOTICIASMERCEDINAS.COM"},"description":"Periodista, editor de Noticias Mercedinas. Pas\u00f3 por varias redacciones y emprendimientos de prensa, en distintos formatos y \u00e9pocas. Se especializ\u00f3 --y sigue haci\u00e9ndolo-- en comunicaci\u00f3n en la web y en junio de 2006 fund\u00f3 este diario digital.","sameAs":["https:\/\/noticiasmercedinas.com","https:\/\/www.facebook.com\/cristian.falabella","https:\/\/www.instagram.com\/noticiasmercedinas\/","https:\/\/x.com\/https:\/\/twitter.com\/NOTMERCEDINAS"],"url":"https:\/\/noticiasmercedinas.com\/site\/author\/as000384\/"}]}},"amp_enabled":true,"_links":{"self":[{"href":"https:\/\/noticiasmercedinas.com\/site\/wp-json\/wp\/v2\/posts\/1165","targetHints":{"allow":["GET"]}}],"collection":[{"href":"https:\/\/noticiasmercedinas.com\/site\/wp-json\/wp\/v2\/posts"}],"about":[{"href":"https:\/\/noticiasmercedinas.com\/site\/wp-json\/wp\/v2\/types\/post"}],"author":[{"embeddable":true,"href":"https:\/\/noticiasmercedinas.com\/site\/wp-json\/wp\/v2\/users\/2"}],"replies":[{"embeddable":true,"href":"https:\/\/noticiasmercedinas.com\/site\/wp-json\/wp\/v2\/comments?post=1165"}],"version-history":[{"count":2,"href":"https:\/\/noticiasmercedinas.com\/site\/wp-json\/wp\/v2\/posts\/1165\/revisions"}],"predecessor-version":[{"id":1168,"href":"https:\/\/noticiasmercedinas.com\/site\/wp-json\/wp\/v2\/posts\/1165\/revisions\/1168"}],"wp:featuredmedia":[{"embeddable":true,"href":"https:\/\/noticiasmercedinas.com\/site\/wp-json\/wp\/v2\/media\/1166"}],"wp:attachment":[{"href":"https:\/\/noticiasmercedinas.com\/site\/wp-json\/wp\/v2\/media?parent=1165"}],"wp:term":[{"taxonomy":"category","embeddable":true,"href":"https:\/\/noticiasmercedinas.com\/site\/wp-json\/wp\/v2\/categories?post=1165"},{"taxonomy":"post_tag","embeddable":true,"href":"https:\/\/noticiasmercedinas.com\/site\/wp-json\/wp\/v2\/tags?post=1165"}],"curies":[{"name":"wp","href":"https:\/\/api.w.org\/{rel}","templated":true}]}}